{"id":975,"date":"2019-03-14T17:40:45","date_gmt":"2019-03-14T20:40:45","guid":{"rendered":"https:\/\/162.215.13.167final\/?p=975"},"modified":"2022-12-21T11:44:02","modified_gmt":"2022-12-21T14:44:02","slug":"concurso-detran-acompanhe-a-pagina-oficial-para-se-manter-informado","status":"publish","type":"post","link":"https:\/\/portalfadesp.org.br\/?p=975","title":{"rendered":"Concurso DETRAN: acompanhe a p\u00e1gina oficial para se manter informado."},"content":{"rendered":"\t\t<div data-elementor-type=\"wp-post\" data-elementor-id=\"975\" class=\"elementor elementor-975\" data-elementor-post-type=\"post\">\n\t\t\t\t\t\t<section class=\"elementor-section elementor-top-section elementor-element elementor-element-2de76c7 elementor-section-boxed elementor-section-height-default elementor-section-height-default\" data-id=\"2de76c7\" data-element_type=\"section\" data-settings=\"{&quot;background_background&quot;:&quot;classic&quot;}\">\n\t\t\t\t\t\t<div class=\"elementor-container elementor-column-gap-default\">\n\t\t\t\t\t<div class=\"elementor-column elementor-col-100 elementor-top-column elementor-element elementor-element-7d738b15\" data-id=\"7d738b15\" data-element_type=\"column\">\n\t\t\t<div class=\"elementor-widget-wrap elementor-element-populated\">\n\t\t\t\t\t\t<div class=\"elementor-element elementor-element-1c3d0607 elementor-widget elementor-widget-heading\" data-id=\"1c3d0607\" data-element_type=\"widget\" data-widget_type=\"heading.default\">\n\t\t\t\t<div class=\"elementor-widget-container\">\n\t\t\t\t\t<h2 class=\"elementor-heading-title elementor-size-default\">Dispon\u00edvel cart\u00e3o de inscri\u00e7\u00e3o do concurso para a prefeitura de Marab\u00e1.<\/h2>\t\t\t\t<\/div>\n\t\t\t\t<\/div>\n\t\t\t\t<div class=\"elementor-element elementor-element-49740236 elementor-widget elementor-widget-text-editor\" data-id=\"49740236\" data-element_type=\"widget\" data-widget_type=\"text-editor.default\">\n\t\t\t\t<div class=\"elementor-widget-container\">\n\t\t\t\t\t\t\t\t\t<p><img fetchpriority=\"high\" decoding=\"async\" class=\"size-medium wp-image-483 alignright\" src=\"https:\/\/portalfadesp.org.br\/wp-content\/uploads\/2019\/01\/up_ag_29456_maraba-300x193.jpg\" alt=\"\" width=\"300\" height=\"193\" srcset=\"https:\/\/portalfadesp.org.br\/wp-content\/uploads\/2019\/01\/up_ag_29456_maraba-300x193.jpg 300w, https:\/\/portalfadesp.org.br\/wp-content\/uploads\/2019\/01\/up_ag_29456_maraba.jpg 600w\" sizes=\"(max-width: 300px) 100vw, 300px\" \/>O cart\u00e3o de inscri\u00e7\u00e3o do <a href=\"https:\/\/portalfadesp.org.br\/pagConcursosp.asp?id_pagina=576\" target=\"_blank\" rel=\"noopener\">concurso para a prefeitura de Marab\u00e1 (PA) est\u00e1 dispon\u00edvel na p\u00e1gina oficial de acompanhamento<\/a>. O documento informa o local, o dia e a hora da prova objetiva que ser\u00e1 realizada em mar\u00e7o deste ano, devendo ser apresentado pelo candidato na hora da aplica\u00e7\u00e3o do exame.<\/p><p>Para acessar o cart\u00e3o, o candidato deve informar o login (n\u00famero de CPF) e a senha formada pelos quatro primeiros n\u00fameros do CPF mais os quatro do ano de nascimento. O candidato deve atentar para o ano de nascimento que deve ser o mesmo que ele informou no formul\u00e1rio online de inscri\u00e7\u00e3o.<\/p><p>As provas para o concurso est\u00e3o programadas para mar\u00e7o. No dia 17, ser\u00e3o realizadas em dois turnos. Pela manh\u00e3, das 8h \u00e0s 12h, a prova ser\u00e1 aplicada para todos os candidatos do cargo de N\u00edvel Fundamental (exceto o de Agente de Portaria). \u00c0 tarde, das 14h30 \u00e0s 18h30, ser\u00e1 somente para os candidatos do cargo de Agente de Portaria (n\u00edvel Fundamental).<\/p><p>No dia 23 ser\u00e1 realizada somente \u00e0 tarde, das 14h \u00e0s 18h, para todos os candidatos dos cargos de N\u00edvel Superior. J\u00e1 no dia 24, pela manh\u00e3 (das 8h \u00e0s 12h) ser\u00e3o aplicadas provas para os candidatos dos cargos de Agente de Tr\u00e2nsito e de Auxiliar de Secretaria Escolar (ambos de n\u00edvel M\u00e9dio).<\/p><p>O \u00faltimo grupo a fazer prova ser\u00e1 o dos demais candidatos dos cargos de N\u00edvel M\u00e9dio (exceto dos cargos de Agente de Tr\u00e2nsito e de Auxiliar de Secretaria Escolar). A aplica\u00e7\u00e3o ser\u00e1 \u00e0 tarde, das 14h30 \u00e0s 18h30.<\/p><p>Todas as provas obedecer\u00e3o o hor\u00e1rio local, conforme informa\u00e7\u00e3o que consta na p\u00e1gina oficial do concurso, no site da FADESP. A organiza\u00e7\u00e3o orienta os candidatos a consultarem a p\u00e1gina regularmente para se atualizarem dos avisos e editais.<\/p><p>O concurso oferta 843 vagas, sendo 274 para cargos de n\u00edvel escolar Fundamental, 266 para o M\u00e9dio e 303 para o Superior. Os sal\u00e1rios variam de R$ 954,00 a R$ 3.565,13. Alguns cargos oferecem gratifica\u00e7\u00e3o por escolaridade.<\/p><p>A prova objetiva a ser aplicada nos dias 17, 23 e 24 de mar\u00e7o ser\u00e1 eliminat\u00f3ria e classificat\u00f3ria. Quem concorrer aos cargos de n\u00edvel Superior ainda far\u00e1 a avalia\u00e7\u00e3o de t\u00edtulos e os concorrentes ao cargo de Guarda Municipal far\u00e3o teste de aptid\u00e3o f\u00edsica.<\/p>\t\t\t\t\t\t\t\t<\/div>\n\t\t\t\t<\/div>\n\t\t\t\t\t<\/div>\n\t\t<\/div>\n\t\t\t\t\t<\/div>\n\t\t<\/section>\n\t\t\t\t<\/div>\n\t\t","protected":false},"excerpt":{"rendered":"<p>Dispon\u00edvel cart\u00e3o de inscri\u00e7\u00e3o do concurso para a prefeitura de Marab\u00e1. O cart\u00e3o de inscri\u00e7\u00e3o do concurso para a prefeitura de Marab\u00e1 (PA) est\u00e1 dispon\u00edvel na p\u00e1gina oficial de acompanhamento. O documento informa o local, o dia e a hora da prova objetiva que ser\u00e1 realizada em mar\u00e7o deste ano, devendo ser apresentado pelo candidato [&hellip;]<\/p>\n","protected":false},"author":11,"featured_media":497,"comment_status":"open","ping_status":"open","sticky":false,"template":"elementor_header_footer","format":"standard","meta":{"_monsterinsights_skip_tracking":false,"_monsterinsights_sitenote_active":false,"_monsterinsights_sitenote_note":"","_monsterinsights_sitenote_category":0,"footnotes":""},"categories":[7],"tags":[],"class_list":["post-975","post","type-post","status-publish","format-standard","has-post-thumbnail","hentry","category-concurso","entry","has-media"],"yoast_head":"<!-- This site is optimized with the Yoast SEO plugin v25.1 - https:\/\/yoast.com\/wordpress\/plugins\/seo\/ -->\n<title>Concurso DETRAN: acompanhe a p\u00e1gina oficial para se manter informado. - FADESP<\/title>\n<meta name=\"robots\" content=\"index, follow, max-snippet:-1, max-image-preview:large, max-video-preview:-1\" \/>\n<link rel=\"canonical\" href=\"https:\/\/portalfadesp.org.br\/?p=975\" \/>\n<meta property=\"og:locale\" content=\"pt_BR\" \/>\n<meta property=\"og:type\" content=\"article\" \/>\n<meta property=\"og:title\" content=\"Concurso DETRAN: acompanhe a p\u00e1gina oficial para se manter informado. - FADESP\" \/>\n<meta property=\"og:description\" content=\"Dispon\u00edvel cart\u00e3o de inscri\u00e7\u00e3o do concurso para a prefeitura de Marab\u00e1. O cart\u00e3o de inscri\u00e7\u00e3o do concurso para a prefeitura de Marab\u00e1 (PA) est\u00e1 dispon\u00edvel na p\u00e1gina oficial de acompanhamento. O documento informa o local, o dia e a hora da prova objetiva que ser\u00e1 realizada em mar\u00e7o deste ano, devendo ser apresentado pelo candidato [&hellip;]\" \/>\n<meta property=\"og:url\" content=\"https:\/\/portalfadesp.org.br\/?p=975\" \/>\n<meta property=\"og:site_name\" content=\"FADESP\" \/>\n<meta property=\"article:publisher\" content=\"https:\/\/www.facebook.com\/Fadesp-138351949524662\/\" \/>\n<meta property=\"article:published_time\" content=\"2019-03-14T20:40:45+00:00\" \/>\n<meta property=\"article:modified_time\" content=\"2022-12-21T14:44:02+00:00\" \/>\n<meta property=\"og:image\" content=\"https:\/\/portalfadesp.org.br\/wp-content\/uploads\/2019\/01\/up_ag_29452_detran.jpg\" \/>\n\t<meta property=\"og:image:width\" content=\"600\" \/>\n\t<meta property=\"og:image:height\" content=\"389\" \/>\n\t<meta property=\"og:image:type\" content=\"image\/jpeg\" \/>\n<meta name=\"author\" content=\"Lorena Filgueiras\" \/>\n<meta name=\"twitter:card\" content=\"summary_large_image\" \/>\n<meta name=\"twitter:creator\" content=\"@Fadesp\" \/>\n<meta name=\"twitter:site\" content=\"@Fadesp\" \/>\n<meta name=\"twitter:label1\" content=\"Escrito por\" \/>\n\t<meta name=\"twitter:data1\" content=\"Lorena Filgueiras\" \/>\n\t<meta name=\"twitter:label2\" content=\"Est. tempo de leitura\" \/>\n\t<meta name=\"twitter:data2\" content=\"2 minutos\" \/>\n<script type=\"application\/ld+json\" class=\"yoast-schema-graph\">{\"@context\":\"https:\/\/schema.org\",\"@graph\":[{\"@type\":\"Article\",\"@id\":\"https:\/\/portalfadesp.org.br\/?p=975#article\",\"isPartOf\":{\"@id\":\"https:\/\/portalfadesp.org.br\/?p=975\"},\"author\":{\"name\":\"Lorena Filgueiras\",\"@id\":\"https:\/\/portalfadesp.org.br\/#\/schema\/person\/c1fa9db0c87dc412d1568e0e5e27be9c\"},\"headline\":\"Concurso DETRAN: acompanhe a p\u00e1gina oficial para se manter informado.\",\"datePublished\":\"2019-03-14T20:40:45+00:00\",\"dateModified\":\"2022-12-21T14:44:02+00:00\",\"mainEntityOfPage\":{\"@id\":\"https:\/\/portalfadesp.org.br\/?p=975\"},\"wordCount\":426,\"commentCount\":0,\"publisher\":{\"@id\":\"https:\/\/portalfadesp.org.br\/#organization\"},\"image\":{\"@id\":\"https:\/\/portalfadesp.org.br\/?p=975#primaryimage\"},\"thumbnailUrl\":\"https:\/\/portalfadesp.org.br\/wp-content\/uploads\/2019\/01\/up_ag_29452_detran.jpg\",\"articleSection\":[\"Concurso\"],\"inLanguage\":\"pt-BR\"},{\"@type\":\"WebPage\",\"@id\":\"https:\/\/portalfadesp.org.br\/?p=975\",\"url\":\"https:\/\/portalfadesp.org.br\/?p=975\",\"name\":\"Concurso DETRAN: acompanhe a p\u00e1gina oficial para se manter informado. - FADESP\",\"isPartOf\":{\"@id\":\"https:\/\/portalfadesp.org.br\/#website\"},\"primaryImageOfPage\":{\"@id\":\"https:\/\/portalfadesp.org.br\/?p=975#primaryimage\"},\"image\":{\"@id\":\"https:\/\/portalfadesp.org.br\/?p=975#primaryimage\"},\"thumbnailUrl\":\"https:\/\/portalfadesp.org.br\/wp-content\/uploads\/2019\/01\/up_ag_29452_detran.jpg\",\"datePublished\":\"2019-03-14T20:40:45+00:00\",\"dateModified\":\"2022-12-21T14:44:02+00:00\",\"breadcrumb\":{\"@id\":\"https:\/\/portalfadesp.org.br\/?p=975#breadcrumb\"},\"inLanguage\":\"pt-BR\",\"potentialAction\":[{\"@type\":\"ReadAction\",\"target\":[\"https:\/\/portalfadesp.org.br\/?p=975\"]}]},{\"@type\":\"ImageObject\",\"inLanguage\":\"pt-BR\",\"@id\":\"https:\/\/portalfadesp.org.br\/?p=975#primaryimage\",\"url\":\"https:\/\/portalfadesp.org.br\/wp-content\/uploads\/2019\/01\/up_ag_29452_detran.jpg\",\"contentUrl\":\"https:\/\/portalfadesp.org.br\/wp-content\/uploads\/2019\/01\/up_ag_29452_detran.jpg\",\"width\":600,\"height\":389},{\"@type\":\"BreadcrumbList\",\"@id\":\"https:\/\/portalfadesp.org.br\/?p=975#breadcrumb\",\"itemListElement\":[{\"@type\":\"ListItem\",\"position\":1,\"name\":\"In\u00edcio\",\"item\":\"https:\/\/portalfadesp.org.br\/\"},{\"@type\":\"ListItem\",\"position\":2,\"name\":\"Concurso DETRAN: acompanhe a p\u00e1gina oficial para se manter informado.\"}]},{\"@type\":\"WebSite\",\"@id\":\"https:\/\/portalfadesp.org.br\/#website\",\"url\":\"https:\/\/portalfadesp.org.br\/\",\"name\":\"FADESP\",\"description\":\"Funda\u00e7\u00e3o de Amparo e Desenvolvimento da Pesquisa\",\"publisher\":{\"@id\":\"https:\/\/portalfadesp.org.br\/#organization\"},\"potentialAction\":[{\"@type\":\"SearchAction\",\"target\":{\"@type\":\"EntryPoint\",\"urlTemplate\":\"https:\/\/portalfadesp.org.br\/?s={search_term_string}\"},\"query-input\":{\"@type\":\"PropertyValueSpecification\",\"valueRequired\":true,\"valueName\":\"search_term_string\"}}],\"inLanguage\":\"pt-BR\"},{\"@type\":\"Organization\",\"@id\":\"https:\/\/portalfadesp.org.br\/#organization\",\"name\":\"FADESP\",\"url\":\"https:\/\/portalfadesp.org.br\/\",\"logo\":{\"@type\":\"ImageObject\",\"inLanguage\":\"pt-BR\",\"@id\":\"https:\/\/portalfadesp.org.br\/#\/schema\/logo\/image\/\",\"url\":\"https:\/\/portalfadesp.org.br\/wp-content\/uploads\/2024\/01\/NOVOLOGOFADESPlaranjaH.png\",\"contentUrl\":\"https:\/\/portalfadesp.org.br\/wp-content\/uploads\/2024\/01\/NOVOLOGOFADESPlaranjaH.png\",\"width\":2742,\"height\":839,\"caption\":\"FADESP\"},\"image\":{\"@id\":\"https:\/\/portalfadesp.org.br\/#\/schema\/logo\/image\/\"},\"sameAs\":[\"https:\/\/www.facebook.com\/Fadesp-138351949524662\/\",\"https:\/\/x.com\/Fadesp\",\"https:\/\/www.instagram.com\/fadesp_ufpa\/\",\"https:\/\/www.youtube.com\/@fundacaodeamparoedesenvolv1903\",\"https:\/\/www.threads.net\/@fadesp_ufpa\"]},{\"@type\":\"Person\",\"@id\":\"https:\/\/portalfadesp.org.br\/#\/schema\/person\/c1fa9db0c87dc412d1568e0e5e27be9c\",\"name\":\"Lorena Filgueiras\",\"image\":{\"@type\":\"ImageObject\",\"inLanguage\":\"pt-BR\",\"@id\":\"https:\/\/portalfadesp.org.br\/#\/schema\/person\/image\/\",\"url\":\"https:\/\/secure.gravatar.com\/avatar\/37390a2dfe1325c2917fc5f6df471abe8ab753cf23b2d14690f57bd61ab4b7cf?s=96&d=mm&r=g\",\"contentUrl\":\"https:\/\/secure.gravatar.com\/avatar\/37390a2dfe1325c2917fc5f6df471abe8ab753cf23b2d14690f57bd61ab4b7cf?s=96&d=mm&r=g\",\"caption\":\"Lorena Filgueiras\"},\"url\":\"https:\/\/portalfadesp.org.br\/?author=11\"}]}<\/script>\n<!-- \/ Yoast SEO plugin. -->","yoast_head_json":{"title":"Concurso DETRAN: acompanhe a p\u00e1gina oficial para se manter informado. - FADESP","robots":{"index":"index","follow":"follow","max-snippet":"max-snippet:-1","max-image-preview":"max-image-preview:large","max-video-preview":"max-video-preview:-1"},"canonical":"https:\/\/portalfadesp.org.br\/?p=975","og_locale":"pt_BR","og_type":"article","og_title":"Concurso DETRAN: acompanhe a p\u00e1gina oficial para se manter informado. - FADESP","og_description":"Dispon\u00edvel cart\u00e3o de inscri\u00e7\u00e3o do concurso para a prefeitura de Marab\u00e1. O cart\u00e3o de inscri\u00e7\u00e3o do concurso para a prefeitura de Marab\u00e1 (PA) est\u00e1 dispon\u00edvel na p\u00e1gina oficial de acompanhamento. O documento informa o local, o dia e a hora da prova objetiva que ser\u00e1 realizada em mar\u00e7o deste ano, devendo ser apresentado pelo candidato [&hellip;]","og_url":"https:\/\/portalfadesp.org.br\/?p=975","og_site_name":"FADESP","article_publisher":"https:\/\/www.facebook.com\/Fadesp-138351949524662\/","article_published_time":"2019-03-14T20:40:45+00:00","article_modified_time":"2022-12-21T14:44:02+00:00","og_image":[{"width":600,"height":389,"url":"https:\/\/portalfadesp.org.br\/wp-content\/uploads\/2019\/01\/up_ag_29452_detran.jpg","type":"image\/jpeg"}],"author":"Lorena Filgueiras","twitter_card":"summary_large_image","twitter_creator":"@Fadesp","twitter_site":"@Fadesp","twitter_misc":{"Escrito por":"Lorena Filgueiras","Est. tempo de leitura":"2 minutos"},"schema":{"@context":"https:\/\/schema.org","@graph":[{"@type":"Article","@id":"https:\/\/portalfadesp.org.br\/?p=975#article","isPartOf":{"@id":"https:\/\/portalfadesp.org.br\/?p=975"},"author":{"name":"Lorena Filgueiras","@id":"https:\/\/portalfadesp.org.br\/#\/schema\/person\/c1fa9db0c87dc412d1568e0e5e27be9c"},"headline":"Concurso DETRAN: acompanhe a p\u00e1gina oficial para se manter informado.","datePublished":"2019-03-14T20:40:45+00:00","dateModified":"2022-12-21T14:44:02+00:00","mainEntityOfPage":{"@id":"https:\/\/portalfadesp.org.br\/?p=975"},"wordCount":426,"commentCount":0,"publisher":{"@id":"https:\/\/portalfadesp.org.br\/#organization"},"image":{"@id":"https:\/\/portalfadesp.org.br\/?p=975#primaryimage"},"thumbnailUrl":"https:\/\/portalfadesp.org.br\/wp-content\/uploads\/2019\/01\/up_ag_29452_detran.jpg","articleSection":["Concurso"],"inLanguage":"pt-BR"},{"@type":"WebPage","@id":"https:\/\/portalfadesp.org.br\/?p=975","url":"https:\/\/portalfadesp.org.br\/?p=975","name":"Concurso DETRAN: acompanhe a p\u00e1gina oficial para se manter informado. - FADESP","isPartOf":{"@id":"https:\/\/portalfadesp.org.br\/#website"},"primaryImageOfPage":{"@id":"https:\/\/portalfadesp.org.br\/?p=975#primaryimage"},"image":{"@id":"https:\/\/portalfadesp.org.br\/?p=975#primaryimage"},"thumbnailUrl":"https:\/\/portalfadesp.org.br\/wp-content\/uploads\/2019\/01\/up_ag_29452_detran.jpg","datePublished":"2019-03-14T20:40:45+00:00","dateModified":"2022-12-21T14:44:02+00:00","breadcrumb":{"@id":"https:\/\/portalfadesp.org.br\/?p=975#breadcrumb"},"inLanguage":"pt-BR","potentialAction":[{"@type":"ReadAction","target":["https:\/\/portalfadesp.org.br\/?p=975"]}]},{"@type":"ImageObject","inLanguage":"pt-BR","@id":"https:\/\/portalfadesp.org.br\/?p=975#primaryimage","url":"https:\/\/portalfadesp.org.br\/wp-content\/uploads\/2019\/01\/up_ag_29452_detran.jpg","contentUrl":"https:\/\/portalfadesp.org.br\/wp-content\/uploads\/2019\/01\/up_ag_29452_detran.jpg","width":600,"height":389},{"@type":"BreadcrumbList","@id":"https:\/\/portalfadesp.org.br\/?p=975#breadcrumb","itemListElement":[{"@type":"ListItem","position":1,"name":"In\u00edcio","item":"https:\/\/portalfadesp.org.br\/"},{"@type":"ListItem","position":2,"name":"Concurso DETRAN: acompanhe a p\u00e1gina oficial para se manter informado."}]},{"@type":"WebSite","@id":"https:\/\/portalfadesp.org.br\/#website","url":"https:\/\/portalfadesp.org.br\/","name":"FADESP","description":"Funda\u00e7\u00e3o de Amparo e Desenvolvimento da Pesquisa","publisher":{"@id":"https:\/\/portalfadesp.org.br\/#organization"},"potentialAction":[{"@type":"SearchAction","target":{"@type":"EntryPoint","urlTemplate":"https:\/\/portalfadesp.org.br\/?s={search_term_string}"},"query-input":{"@type":"PropertyValueSpecification","valueRequired":true,"valueName":"search_term_string"}}],"inLanguage":"pt-BR"},{"@type":"Organization","@id":"https:\/\/portalfadesp.org.br\/#organization","name":"FADESP","url":"https:\/\/portalfadesp.org.br\/","logo":{"@type":"ImageObject","inLanguage":"pt-BR","@id":"https:\/\/portalfadesp.org.br\/#\/schema\/logo\/image\/","url":"https:\/\/portalfadesp.org.br\/wp-content\/uploads\/2024\/01\/NOVOLOGOFADESPlaranjaH.png","contentUrl":"https:\/\/portalfadesp.org.br\/wp-content\/uploads\/2024\/01\/NOVOLOGOFADESPlaranjaH.png","width":2742,"height":839,"caption":"FADESP"},"image":{"@id":"https:\/\/portalfadesp.org.br\/#\/schema\/logo\/image\/"},"sameAs":["https:\/\/www.facebook.com\/Fadesp-138351949524662\/","https:\/\/x.com\/Fadesp","https:\/\/www.instagram.com\/fadesp_ufpa\/","https:\/\/www.youtube.com\/@fundacaodeamparoedesenvolv1903","https:\/\/www.threads.net\/@fadesp_ufpa"]},{"@type":"Person","@id":"https:\/\/portalfadesp.org.br\/#\/schema\/person\/c1fa9db0c87dc412d1568e0e5e27be9c","name":"Lorena Filgueiras","image":{"@type":"ImageObject","inLanguage":"pt-BR","@id":"https:\/\/portalfadesp.org.br\/#\/schema\/person\/image\/","url":"https:\/\/secure.gravatar.com\/avatar\/37390a2dfe1325c2917fc5f6df471abe8ab753cf23b2d14690f57bd61ab4b7cf?s=96&d=mm&r=g","contentUrl":"https:\/\/secure.gravatar.com\/avatar\/37390a2dfe1325c2917fc5f6df471abe8ab753cf23b2d14690f57bd61ab4b7cf?s=96&d=mm&r=g","caption":"Lorena Filgueiras"},"url":"https:\/\/portalfadesp.org.br\/?author=11"}]}},"_links":{"self":[{"href":"https:\/\/portalfadesp.org.br\/index.php?rest_route=\/wp\/v2\/posts\/975","targetHints":{"allow":["GET"]}}],"collection":[{"href":"https:\/\/portalfadesp.org.br\/index.php?rest_route=\/wp\/v2\/posts"}],"about":[{"href":"https:\/\/portalfadesp.org.br\/index.php?rest_route=\/wp\/v2\/types\/post"}],"author":[{"embeddable":true,"href":"https:\/\/portalfadesp.org.br\/index.php?rest_route=\/wp\/v2\/users\/11"}],"replies":[{"embeddable":true,"href":"https:\/\/portalfadesp.org.br\/index.php?rest_route=%2Fwp%2Fv2%2Fcomments&post=975"}],"version-history":[{"count":6,"href":"https:\/\/portalfadesp.org.br\/index.php?rest_route=\/wp\/v2\/posts\/975\/revisions"}],"predecessor-version":[{"id":38105,"href":"https:\/\/portalfadesp.org.br\/index.php?rest_route=\/wp\/v2\/posts\/975\/revisions\/38105"}],"wp:featuredmedia":[{"embeddable":true,"href":"https:\/\/portalfadesp.org.br\/index.php?rest_route=\/wp\/v2\/media\/497"}],"wp:attachment":[{"href":"https:\/\/portalfadesp.org.br\/index.php?rest_route=%2Fwp%2Fv2%2Fmedia&parent=975"}],"wp:term":[{"taxonomy":"category","embeddable":true,"href":"https:\/\/portalfadesp.org.br\/index.php?rest_route=%2Fwp%2Fv2%2Fcategories&post=975"},{"taxonomy":"post_tag","embeddable":true,"href":"https:\/\/portalfadesp.org.br\/index.php?rest_route=%2Fwp%2Fv2%2Ftags&post=975"}],"curies":[{"name":"wp","href":"https:\/\/api.w.org\/{rel}","templated":true}]}}