{"id":6002,"date":"2020-02-04T12:52:27","date_gmt":"2020-02-04T15:52:27","guid":{"rendered":"https:\/\/162.215.13.167?p=6002"},"modified":"2020-12-30T12:20:15","modified_gmt":"2020-12-30T15:20:15","slug":"ufpa-oferta-45-vagas-para-especializacao-em-enfermagem-oncologica-inscricao-ate-o-dia-27-de-fevereiro","status":"publish","type":"post","link":"https:\/\/portalfadesp.org.br\/?p=6002","title":{"rendered":"UFPA oferta 45 vagas para especializa\u00e7\u00e3o em Enfermagem Oncol\u00f3gica. Inscri\u00e7\u00e3o at\u00e9 o dia 27 de fevereiro."},"content":{"rendered":"\n<p>A Faculdade de Enfermagem da Universidade Federal do Par\u00e1 (UFPA) abriu turma para a especializa\u00e7\u00e3o em Enfermagem Oncol\u00f3gica. S\u00e3o 45 vagas, com 30% destinadas \u00e0 demanda social. As inscri\u00e7\u00f5es ser\u00e3o realizadas no<strong><a rel=\"noreferrer noopener\" aria-label=\" site da FADESP (abre numa nova aba)\" href=\"http:\/\/cursos.fadesp.org.br\/mostraturma.asp?turma=541*0*1*1\/20\" target=\"_blank\"> site da FADESP<\/a><\/strong>, at\u00e9 o dia 27 deste m\u00eas. Todos os detalhes est\u00e3o no <strong><a href=\"http:\/\/cursos.fadesp.org.br\/ARQUIVOS\/224EDITAL.PDF\" target=\"_blank\" rel=\"noreferrer noopener\" aria-label=\"edital. (abre numa nova aba)\">edital.<\/a><\/strong><\/p>\n\n\n\n<p>O curso ter\u00e1\ncarga hor\u00e1ria de 555 horas e funcionar\u00e1 em regime presencial atrav\u00e9s de m\u00f3dulos\nte\u00f3ricos e pr\u00e1ticos. O objetivo \u00e9 qualificar enfermeiros atrav\u00e9s de\nconhecimento t\u00e9cnico-cient\u00edfico para atuarem na preven\u00e7\u00e3o e detec\u00e7\u00e3o precoce do\nc\u00e2ncer, al\u00e9m da assist\u00eancia integral que envolva aspectos cl\u00ednicos,\nepidemiol\u00f3gico, sociais, psicol\u00f3gicos, pol\u00edtico e \u00e9tico. <\/p>\n\n\n\n<p>A inscri\u00e7\u00e3o\nser\u00e1 realizada at\u00e9 o dia 27 atrav\u00e9s do site da FADESP, onde o candidato se\ncadastrar\u00e1 (caso ainda n\u00e3o possua cadastro), preencher\u00e1 o formul\u00e1rio online e\ngerar\u00e1 o boleto para pagamento da taxa de R$ 150,00. No dia 28, ele dever\u00e1\nentregar a documenta\u00e7\u00e3o exigida no edital, na secretaria de P\u00f3s-Gradua\u00e7\u00e3o do\nInstituto de Ci\u00eancias da Sa\u00fade\/UFPA, localizado na avenida&nbsp; General\u00edssimo Deodoro, n\u00famero 01, bairro\nUmarizal.<\/p>\n\n\n\n<p>Como \u00e9\nautofinanci\u00e1vel, o curso exige pagamento de quinze parcelas mensais de R$\n520,00. Os boletos s\u00e3o emitidos a partir da p\u00e1gina do candidato no site da\nFADESP e devem ser pagos at\u00e9 o dia 10 de cada m\u00eas.<\/p>\n\n\n\n<p>Servidores de n\u00edvel superior da UFPA, da Funda\u00e7\u00e3o Santa Casa de Miseric\u00f3rdia do Par\u00e1 e dos Hospitais Ophir Loyola e das Cl\u00ednicas Gaspar Viana podem se candidatar \u00e0 quota da demanda social, assim como pessoas com at\u00e9 dois anos de formados e com renda familiar de at\u00e9 dois sal\u00e1rios m\u00ednimos ou ex-bolsistas. As regras devem ser conferidas no <strong><a href=\"http:\/\/cursos.fadesp.org.br\/ARQUIVOS\/224EDITAL.PDF\" target=\"_blank\" rel=\"noreferrer noopener\" aria-label=\"edital. (abre numa nova aba)\">edital.<\/a><\/strong><\/p>\n\n\n\n<p>A sele\u00e7\u00e3o\nser\u00e1 composta de an\u00e1lise da documenta\u00e7\u00e3o, prova escrita (5 de mar\u00e7o) e\nentrevista (6 de mar\u00e7o). Ser\u00e3o aprovados os que alcan\u00e7arem, no m\u00ednimo, nota 6\nna prova escrita. A divulga\u00e7\u00e3o do resultado est\u00e1 prevista para o dia 9 de\nmar\u00e7o.<\/p>\n","protected":false},"excerpt":{"rendered":"<p>A Faculdade de Enfermagem da Universidade Federal do Par\u00e1 (UFPA) abriu turma para a especializa\u00e7\u00e3o em Enfermagem Oncol\u00f3gica. S\u00e3o 45 vagas, com 30% destinadas \u00e0 demanda social. As inscri\u00e7\u00f5es ser\u00e3o realizadas no site da FADESP, at\u00e9 o dia 27 deste m\u00eas. Todos os detalhes est\u00e3o no edital. O curso ter\u00e1 carga hor\u00e1ria de 555 horas [&hellip;]<\/p>\n","protected":false},"author":11,"featured_media":3613,"comment_status":"open","ping_status":"open","sticky":false,"template":"","format":"standard","meta":{"_monsterinsights_skip_tracking":false,"_monsterinsights_sitenote_active":false,"_monsterinsights_sitenote_note":"","_monsterinsights_sitenote_category":0,"footnotes":""},"categories":[83],"tags":[110,34,46,33],"class_list":["post-6002","post","type-post","status-publish","format-standard","has-post-thumbnail","hentry","category-ufpa","tag-enfermagem","tag-especializacao","tag-saude","tag-ufpa","entry","has-media"],"yoast_head":"<!-- This site is optimized with the Yoast SEO plugin v25.1 - https:\/\/yoast.com\/wordpress\/plugins\/seo\/ -->\n<title>UFPA oferta 45 vagas para especializa\u00e7\u00e3o em Enfermagem Oncol\u00f3gica. Inscri\u00e7\u00e3o at\u00e9 o dia 27 de fevereiro. - FADESP<\/title>\n<meta name=\"robots\" content=\"index, follow, max-snippet:-1, max-image-preview:large, max-video-preview:-1\" \/>\n<link rel=\"canonical\" href=\"https:\/\/portalfadesp.org.br\/?p=6002\" \/>\n<meta property=\"og:locale\" content=\"pt_BR\" \/>\n<meta property=\"og:type\" content=\"article\" \/>\n<meta property=\"og:title\" content=\"UFPA oferta 45 vagas para especializa\u00e7\u00e3o em Enfermagem Oncol\u00f3gica. Inscri\u00e7\u00e3o at\u00e9 o dia 27 de fevereiro. - FADESP\" \/>\n<meta property=\"og:description\" content=\"A Faculdade de Enfermagem da Universidade Federal do Par\u00e1 (UFPA) abriu turma para a especializa\u00e7\u00e3o em Enfermagem Oncol\u00f3gica. S\u00e3o 45 vagas, com 30% destinadas \u00e0 demanda social. As inscri\u00e7\u00f5es ser\u00e3o realizadas no site da FADESP, at\u00e9 o dia 27 deste m\u00eas. Todos os detalhes est\u00e3o no edital. O curso ter\u00e1 carga hor\u00e1ria de 555 horas [&hellip;]\" \/>\n<meta property=\"og:url\" content=\"https:\/\/portalfadesp.org.br\/?p=6002\" \/>\n<meta property=\"og:site_name\" content=\"FADESP\" \/>\n<meta property=\"article:publisher\" content=\"https:\/\/www.facebook.com\/Fadesp-138351949524662\/\" \/>\n<meta property=\"article:published_time\" content=\"2020-02-04T15:52:27+00:00\" \/>\n<meta property=\"article:modified_time\" content=\"2020-12-30T15:20:15+00:00\" \/>\n<meta property=\"og:image\" content=\"https:\/\/portalfadesp.org.br\/wp-content\/uploads\/2019\/08\/2018-ICS-UFPA.jpg\" \/>\n\t<meta property=\"og:image:width\" content=\"276\" \/>\n\t<meta property=\"og:image:height\" content=\"183\" \/>\n\t<meta property=\"og:image:type\" content=\"image\/jpeg\" \/>\n<meta name=\"author\" content=\"Lorena Filgueiras\" \/>\n<meta name=\"twitter:card\" content=\"summary_large_image\" \/>\n<meta name=\"twitter:creator\" content=\"@Fadesp\" \/>\n<meta name=\"twitter:site\" content=\"@Fadesp\" \/>\n<meta name=\"twitter:label1\" content=\"Escrito por\" \/>\n\t<meta name=\"twitter:data1\" content=\"Lorena Filgueiras\" \/>\n\t<meta name=\"twitter:label2\" content=\"Est. tempo de leitura\" \/>\n\t<meta name=\"twitter:data2\" content=\"2 minutos\" \/>\n<script type=\"application\/ld+json\" class=\"yoast-schema-graph\">{\"@context\":\"https:\/\/schema.org\",\"@graph\":[{\"@type\":\"Article\",\"@id\":\"https:\/\/portalfadesp.org.br\/?p=6002#article\",\"isPartOf\":{\"@id\":\"https:\/\/portalfadesp.org.br\/?p=6002\"},\"author\":{\"name\":\"Lorena Filgueiras\",\"@id\":\"https:\/\/portalfadesp.org.br\/#\/schema\/person\/c1fa9db0c87dc412d1568e0e5e27be9c\"},\"headline\":\"UFPA oferta 45 vagas para especializa\u00e7\u00e3o em Enfermagem Oncol\u00f3gica. Inscri\u00e7\u00e3o at\u00e9 o dia 27 de fevereiro.\",\"datePublished\":\"2020-02-04T15:52:27+00:00\",\"dateModified\":\"2020-12-30T15:20:15+00:00\",\"mainEntityOfPage\":{\"@id\":\"https:\/\/portalfadesp.org.br\/?p=6002\"},\"wordCount\":362,\"commentCount\":0,\"publisher\":{\"@id\":\"https:\/\/portalfadesp.org.br\/#organization\"},\"image\":{\"@id\":\"https:\/\/portalfadesp.org.br\/?p=6002#primaryimage\"},\"thumbnailUrl\":\"https:\/\/portalfadesp.org.br\/wp-content\/uploads\/2019\/08\/2018-ICS-UFPA.jpg\",\"keywords\":[\"enfermagem\",\"especializa\u00e7\u00e3o\",\"Sa\u00fade\",\"UFPA\"],\"articleSection\":[\"UFPA\"],\"inLanguage\":\"pt-BR\"},{\"@type\":\"WebPage\",\"@id\":\"https:\/\/portalfadesp.org.br\/?p=6002\",\"url\":\"https:\/\/portalfadesp.org.br\/?p=6002\",\"name\":\"UFPA oferta 45 vagas para especializa\u00e7\u00e3o em Enfermagem Oncol\u00f3gica. Inscri\u00e7\u00e3o at\u00e9 o dia 27 de fevereiro. - FADESP\",\"isPartOf\":{\"@id\":\"https:\/\/portalfadesp.org.br\/#website\"},\"primaryImageOfPage\":{\"@id\":\"https:\/\/portalfadesp.org.br\/?p=6002#primaryimage\"},\"image\":{\"@id\":\"https:\/\/portalfadesp.org.br\/?p=6002#primaryimage\"},\"thumbnailUrl\":\"https:\/\/portalfadesp.org.br\/wp-content\/uploads\/2019\/08\/2018-ICS-UFPA.jpg\",\"datePublished\":\"2020-02-04T15:52:27+00:00\",\"dateModified\":\"2020-12-30T15:20:15+00:00\",\"breadcrumb\":{\"@id\":\"https:\/\/portalfadesp.org.br\/?p=6002#breadcrumb\"},\"inLanguage\":\"pt-BR\",\"potentialAction\":[{\"@type\":\"ReadAction\",\"target\":[\"https:\/\/portalfadesp.org.br\/?p=6002\"]}]},{\"@type\":\"ImageObject\",\"inLanguage\":\"pt-BR\",\"@id\":\"https:\/\/portalfadesp.org.br\/?p=6002#primaryimage\",\"url\":\"https:\/\/portalfadesp.org.br\/wp-content\/uploads\/2019\/08\/2018-ICS-UFPA.jpg\",\"contentUrl\":\"https:\/\/portalfadesp.org.br\/wp-content\/uploads\/2019\/08\/2018-ICS-UFPA.jpg\",\"width\":276,\"height\":183},{\"@type\":\"BreadcrumbList\",\"@id\":\"https:\/\/portalfadesp.org.br\/?p=6002#breadcrumb\",\"itemListElement\":[{\"@type\":\"ListItem\",\"position\":1,\"name\":\"In\u00edcio\",\"item\":\"https:\/\/portalfadesp.org.br\/\"},{\"@type\":\"ListItem\",\"position\":2,\"name\":\"UFPA oferta 45 vagas para especializa\u00e7\u00e3o em Enfermagem Oncol\u00f3gica. Inscri\u00e7\u00e3o at\u00e9 o dia 27 de fevereiro.\"}]},{\"@type\":\"WebSite\",\"@id\":\"https:\/\/portalfadesp.org.br\/#website\",\"url\":\"https:\/\/portalfadesp.org.br\/\",\"name\":\"FADESP\",\"description\":\"Funda\u00e7\u00e3o de Amparo e Desenvolvimento da Pesquisa\",\"publisher\":{\"@id\":\"https:\/\/portalfadesp.org.br\/#organization\"},\"potentialAction\":[{\"@type\":\"SearchAction\",\"target\":{\"@type\":\"EntryPoint\",\"urlTemplate\":\"https:\/\/portalfadesp.org.br\/?s={search_term_string}\"},\"query-input\":{\"@type\":\"PropertyValueSpecification\",\"valueRequired\":true,\"valueName\":\"search_term_string\"}}],\"inLanguage\":\"pt-BR\"},{\"@type\":\"Organization\",\"@id\":\"https:\/\/portalfadesp.org.br\/#organization\",\"name\":\"FADESP\",\"url\":\"https:\/\/portalfadesp.org.br\/\",\"logo\":{\"@type\":\"ImageObject\",\"inLanguage\":\"pt-BR\",\"@id\":\"https:\/\/portalfadesp.org.br\/#\/schema\/logo\/image\/\",\"url\":\"https:\/\/portalfadesp.org.br\/wp-content\/uploads\/2024\/01\/NOVOLOGOFADESPlaranjaH.png\",\"contentUrl\":\"https:\/\/portalfadesp.org.br\/wp-content\/uploads\/2024\/01\/NOVOLOGOFADESPlaranjaH.png\",\"width\":2742,\"height\":839,\"caption\":\"FADESP\"},\"image\":{\"@id\":\"https:\/\/portalfadesp.org.br\/#\/schema\/logo\/image\/\"},\"sameAs\":[\"https:\/\/www.facebook.com\/Fadesp-138351949524662\/\",\"https:\/\/x.com\/Fadesp\",\"https:\/\/www.instagram.com\/fadesp_ufpa\/\",\"https:\/\/www.youtube.com\/@fundacaodeamparoedesenvolv1903\",\"https:\/\/www.threads.net\/@fadesp_ufpa\"]},{\"@type\":\"Person\",\"@id\":\"https:\/\/portalfadesp.org.br\/#\/schema\/person\/c1fa9db0c87dc412d1568e0e5e27be9c\",\"name\":\"Lorena Filgueiras\",\"image\":{\"@type\":\"ImageObject\",\"inLanguage\":\"pt-BR\",\"@id\":\"https:\/\/portalfadesp.org.br\/#\/schema\/person\/image\/\",\"url\":\"https:\/\/secure.gravatar.com\/avatar\/37390a2dfe1325c2917fc5f6df471abe8ab753cf23b2d14690f57bd61ab4b7cf?s=96&d=mm&r=g\",\"contentUrl\":\"https:\/\/secure.gravatar.com\/avatar\/37390a2dfe1325c2917fc5f6df471abe8ab753cf23b2d14690f57bd61ab4b7cf?s=96&d=mm&r=g\",\"caption\":\"Lorena Filgueiras\"},\"url\":\"https:\/\/portalfadesp.org.br\/?author=11\"}]}<\/script>\n<!-- \/ Yoast SEO plugin. -->","yoast_head_json":{"title":"UFPA oferta 45 vagas para especializa\u00e7\u00e3o em Enfermagem Oncol\u00f3gica. Inscri\u00e7\u00e3o at\u00e9 o dia 27 de fevereiro. - FADESP","robots":{"index":"index","follow":"follow","max-snippet":"max-snippet:-1","max-image-preview":"max-image-preview:large","max-video-preview":"max-video-preview:-1"},"canonical":"https:\/\/portalfadesp.org.br\/?p=6002","og_locale":"pt_BR","og_type":"article","og_title":"UFPA oferta 45 vagas para especializa\u00e7\u00e3o em Enfermagem Oncol\u00f3gica. Inscri\u00e7\u00e3o at\u00e9 o dia 27 de fevereiro. - FADESP","og_description":"A Faculdade de Enfermagem da Universidade Federal do Par\u00e1 (UFPA) abriu turma para a especializa\u00e7\u00e3o em Enfermagem Oncol\u00f3gica. S\u00e3o 45 vagas, com 30% destinadas \u00e0 demanda social. As inscri\u00e7\u00f5es ser\u00e3o realizadas no site da FADESP, at\u00e9 o dia 27 deste m\u00eas. Todos os detalhes est\u00e3o no edital. O curso ter\u00e1 carga hor\u00e1ria de 555 horas [&hellip;]","og_url":"https:\/\/portalfadesp.org.br\/?p=6002","og_site_name":"FADESP","article_publisher":"https:\/\/www.facebook.com\/Fadesp-138351949524662\/","article_published_time":"2020-02-04T15:52:27+00:00","article_modified_time":"2020-12-30T15:20:15+00:00","og_image":[{"width":276,"height":183,"url":"https:\/\/portalfadesp.org.br\/wp-content\/uploads\/2019\/08\/2018-ICS-UFPA.jpg","type":"image\/jpeg"}],"author":"Lorena Filgueiras","twitter_card":"summary_large_image","twitter_creator":"@Fadesp","twitter_site":"@Fadesp","twitter_misc":{"Escrito por":"Lorena Filgueiras","Est. tempo de leitura":"2 minutos"},"schema":{"@context":"https:\/\/schema.org","@graph":[{"@type":"Article","@id":"https:\/\/portalfadesp.org.br\/?p=6002#article","isPartOf":{"@id":"https:\/\/portalfadesp.org.br\/?p=6002"},"author":{"name":"Lorena Filgueiras","@id":"https:\/\/portalfadesp.org.br\/#\/schema\/person\/c1fa9db0c87dc412d1568e0e5e27be9c"},"headline":"UFPA oferta 45 vagas para especializa\u00e7\u00e3o em Enfermagem Oncol\u00f3gica. Inscri\u00e7\u00e3o at\u00e9 o dia 27 de fevereiro.","datePublished":"2020-02-04T15:52:27+00:00","dateModified":"2020-12-30T15:20:15+00:00","mainEntityOfPage":{"@id":"https:\/\/portalfadesp.org.br\/?p=6002"},"wordCount":362,"commentCount":0,"publisher":{"@id":"https:\/\/portalfadesp.org.br\/#organization"},"image":{"@id":"https:\/\/portalfadesp.org.br\/?p=6002#primaryimage"},"thumbnailUrl":"https:\/\/portalfadesp.org.br\/wp-content\/uploads\/2019\/08\/2018-ICS-UFPA.jpg","keywords":["enfermagem","especializa\u00e7\u00e3o","Sa\u00fade","UFPA"],"articleSection":["UFPA"],"inLanguage":"pt-BR"},{"@type":"WebPage","@id":"https:\/\/portalfadesp.org.br\/?p=6002","url":"https:\/\/portalfadesp.org.br\/?p=6002","name":"UFPA oferta 45 vagas para especializa\u00e7\u00e3o em Enfermagem Oncol\u00f3gica. Inscri\u00e7\u00e3o at\u00e9 o dia 27 de fevereiro. - FADESP","isPartOf":{"@id":"https:\/\/portalfadesp.org.br\/#website"},"primaryImageOfPage":{"@id":"https:\/\/portalfadesp.org.br\/?p=6002#primaryimage"},"image":{"@id":"https:\/\/portalfadesp.org.br\/?p=6002#primaryimage"},"thumbnailUrl":"https:\/\/portalfadesp.org.br\/wp-content\/uploads\/2019\/08\/2018-ICS-UFPA.jpg","datePublished":"2020-02-04T15:52:27+00:00","dateModified":"2020-12-30T15:20:15+00:00","breadcrumb":{"@id":"https:\/\/portalfadesp.org.br\/?p=6002#breadcrumb"},"inLanguage":"pt-BR","potentialAction":[{"@type":"ReadAction","target":["https:\/\/portalfadesp.org.br\/?p=6002"]}]},{"@type":"ImageObject","inLanguage":"pt-BR","@id":"https:\/\/portalfadesp.org.br\/?p=6002#primaryimage","url":"https:\/\/portalfadesp.org.br\/wp-content\/uploads\/2019\/08\/2018-ICS-UFPA.jpg","contentUrl":"https:\/\/portalfadesp.org.br\/wp-content\/uploads\/2019\/08\/2018-ICS-UFPA.jpg","width":276,"height":183},{"@type":"BreadcrumbList","@id":"https:\/\/portalfadesp.org.br\/?p=6002#breadcrumb","itemListElement":[{"@type":"ListItem","position":1,"name":"In\u00edcio","item":"https:\/\/portalfadesp.org.br\/"},{"@type":"ListItem","position":2,"name":"UFPA oferta 45 vagas para especializa\u00e7\u00e3o em Enfermagem Oncol\u00f3gica. Inscri\u00e7\u00e3o at\u00e9 o dia 27 de fevereiro."}]},{"@type":"WebSite","@id":"https:\/\/portalfadesp.org.br\/#website","url":"https:\/\/portalfadesp.org.br\/","name":"FADESP","description":"Funda\u00e7\u00e3o de Amparo e Desenvolvimento da Pesquisa","publisher":{"@id":"https:\/\/portalfadesp.org.br\/#organization"},"potentialAction":[{"@type":"SearchAction","target":{"@type":"EntryPoint","urlTemplate":"https:\/\/portalfadesp.org.br\/?s={search_term_string}"},"query-input":{"@type":"PropertyValueSpecification","valueRequired":true,"valueName":"search_term_string"}}],"inLanguage":"pt-BR"},{"@type":"Organization","@id":"https:\/\/portalfadesp.org.br\/#organization","name":"FADESP","url":"https:\/\/portalfadesp.org.br\/","logo":{"@type":"ImageObject","inLanguage":"pt-BR","@id":"https:\/\/portalfadesp.org.br\/#\/schema\/logo\/image\/","url":"https:\/\/portalfadesp.org.br\/wp-content\/uploads\/2024\/01\/NOVOLOGOFADESPlaranjaH.png","contentUrl":"https:\/\/portalfadesp.org.br\/wp-content\/uploads\/2024\/01\/NOVOLOGOFADESPlaranjaH.png","width":2742,"height":839,"caption":"FADESP"},"image":{"@id":"https:\/\/portalfadesp.org.br\/#\/schema\/logo\/image\/"},"sameAs":["https:\/\/www.facebook.com\/Fadesp-138351949524662\/","https:\/\/x.com\/Fadesp","https:\/\/www.instagram.com\/fadesp_ufpa\/","https:\/\/www.youtube.com\/@fundacaodeamparoedesenvolv1903","https:\/\/www.threads.net\/@fadesp_ufpa"]},{"@type":"Person","@id":"https:\/\/portalfadesp.org.br\/#\/schema\/person\/c1fa9db0c87dc412d1568e0e5e27be9c","name":"Lorena Filgueiras","image":{"@type":"ImageObject","inLanguage":"pt-BR","@id":"https:\/\/portalfadesp.org.br\/#\/schema\/person\/image\/","url":"https:\/\/secure.gravatar.com\/avatar\/37390a2dfe1325c2917fc5f6df471abe8ab753cf23b2d14690f57bd61ab4b7cf?s=96&d=mm&r=g","contentUrl":"https:\/\/secure.gravatar.com\/avatar\/37390a2dfe1325c2917fc5f6df471abe8ab753cf23b2d14690f57bd61ab4b7cf?s=96&d=mm&r=g","caption":"Lorena Filgueiras"},"url":"https:\/\/portalfadesp.org.br\/?author=11"}]}},"_links":{"self":[{"href":"https:\/\/portalfadesp.org.br\/index.php?rest_route=\/wp\/v2\/posts\/6002","targetHints":{"allow":["GET"]}}],"collection":[{"href":"https:\/\/portalfadesp.org.br\/index.php?rest_route=\/wp\/v2\/posts"}],"about":[{"href":"https:\/\/portalfadesp.org.br\/index.php?rest_route=\/wp\/v2\/types\/post"}],"author":[{"embeddable":true,"href":"https:\/\/portalfadesp.org.br\/index.php?rest_route=\/wp\/v2\/users\/11"}],"replies":[{"embeddable":true,"href":"https:\/\/portalfadesp.org.br\/index.php?rest_route=%2Fwp%2Fv2%2Fcomments&post=6002"}],"version-history":[{"count":2,"href":"https:\/\/portalfadesp.org.br\/index.php?rest_route=\/wp\/v2\/posts\/6002\/revisions"}],"predecessor-version":[{"id":6005,"href":"https:\/\/portalfadesp.org.br\/index.php?rest_route=\/wp\/v2\/posts\/6002\/revisions\/6005"}],"wp:featuredmedia":[{"embeddable":true,"href":"https:\/\/portalfadesp.org.br\/index.php?rest_route=\/wp\/v2\/media\/3613"}],"wp:attachment":[{"href":"https:\/\/portalfadesp.org.br\/index.php?rest_route=%2Fwp%2Fv2%2Fmedia&parent=6002"}],"wp:term":[{"taxonomy":"category","embeddable":true,"href":"https:\/\/portalfadesp.org.br\/index.php?rest_route=%2Fwp%2Fv2%2Fcategories&post=6002"},{"taxonomy":"post_tag","embeddable":true,"href":"https:\/\/portalfadesp.org.br\/index.php?rest_route=%2Fwp%2Fv2%2Ftags&post=6002"}],"curies":[{"name":"wp","href":"https:\/\/api.w.org\/{rel}","templated":true}]}}