{"id":5961,"date":"2020-02-03T09:59:07","date_gmt":"2020-02-03T12:59:07","guid":{"rendered":"https:\/\/162.215.13.167?p=5961"},"modified":"2020-12-30T12:26:41","modified_gmt":"2020-12-30T15:26:41","slug":"projeto-de-ti-seleciona-profissional-operador-de-computador-inscricoes-ate-07-de-fevereiro","status":"publish","type":"post","link":"https:\/\/portalfadesp.org.br\/?p=5961","title":{"rendered":"Projeto de TI seleciona profissional Operador de Computador. Inscri\u00e7\u00f5es at\u00e9 07 de fevereiro."},"content":{"rendered":"\n<p>A Funda\u00e7\u00e3o de Amparo e Desenvolvimento da Pesquisa (FADESP) est\u00e1 selecionando profissional para atuar em projeto de Tecnologia da Informa\u00e7\u00e3o, na fun\u00e7\u00e3o de <strong>Operador de Computadores.<\/strong> Ser\u00e3o aceitos curr\u00edculos at\u00e9 as 18h do dia 07 deste m\u00eas.<\/p>\n\n\n\n<p>A sele\u00e7\u00e3o ter\u00e1 duas etapas. A primeira ser\u00e1 a de\nan\u00e1lise dos curr\u00edculos que devem ser enviados para o e-mail <strong>selecaoti@fadesp.org.br<\/strong> com o t\u00edtulo\n&#8220;OPERADOR DE COMPUTADOR&#8221;.<\/p>\n\n\n\n<p>A segunda etapa ser\u00e1 de entrevista realizada com os candidatos que forem selecionados atrav\u00e9s da an\u00e1lise curricular. Os selecionados receber\u00e3o e-mail de notifica\u00e7\u00e3o, informando o procedimento com hora e local da entrevista. Para mais informa\u00e7\u00f5es, o candidato deve enviar email para<strong> selecaoti@fadesp.org.br.<\/strong><\/p>\n\n\n\n<p>Os pr\u00e9-requisitos para se candidatar s\u00e3o curso superior completo na \u00e1rea de tecnologia, experi\u00eancia m\u00ednima de 2 anos em monitoramento e suporte de Datacenter, com \u00eanfase em controle de rotinas, scripts e backups.<\/p>\n\n\n\n<p><strong>Confira os conhecimentos Espec\u00edficos exigidos:<\/strong><\/p>\n\n\n\n<ul class=\"wp-block-list\"><li>Ingl\u00eas T\u00e9cnico Intermedi\u00e1rio;<\/li><li>Conhecimento avan\u00e7ado de Inform\u00e1tica;<\/li><li>Conhecimento do processo de implanta\u00e7\u00e3o, administra\u00e7\u00e3o e agendamento de c\u00f3pias de seguran\u00e7a (Backup);<\/li><li>Conhecimento em administra\u00e7\u00e3o de fitas LTO, rob\u00f4 e software de backup;<\/li><li>Conhecimento b\u00e1sico em monitoramento de ativos de Datacenter;<\/li><li>Conhecimento intermedi\u00e1rio em gest\u00e3o e monitoramento de links de internet.<\/li><li>Conhecimento desej\u00e1vel em instala\u00e7\u00e3o e administra\u00e7\u00e3o de sistemas operacionais para servidores em Linux, Windows, e ESXI;<\/li><li>Conhecimento b\u00e1sico em servi\u00e7os de rede tais como:<ul><li>Autentica\u00e7\u00e3o, Certificados, Grupos de Seguran\u00e7a;<\/li><li>DFS, RDP, LDAP, SSH, FTP, IPSEC;<\/li><li>Cluster, Load-balance, DNS, VPN;<\/li><li>Active Directory; Certificate Services; <\/li><\/ul><\/li><li>Conhecimento b\u00e1sico de ITIL;<\/li><li>Conhecimento em conceitos b\u00e1sicos de TCP\/IP, Switch, Roteador, VLAN;<\/li><li>Conhecimento desej\u00e1vel de seguran\u00e7a, proxy e firewall;<\/li><li>Conhecimento desej\u00e1vel em linguagem de programa\u00e7\u00e3o web;<\/li><li>Conhecimento intermedi\u00e1rio em monitoramento e rastreio de eventos;<\/li><li> Experi\u00eancia em atendimento a clientes;<\/li><\/ul>\n","protected":false},"excerpt":{"rendered":"<p>A Funda\u00e7\u00e3o de Amparo e Desenvolvimento da Pesquisa (FADESP) est\u00e1 selecionando profissional para atuar em projeto de Tecnologia da Informa\u00e7\u00e3o, na fun\u00e7\u00e3o de Operador de Computadores. Ser\u00e3o aceitos curr\u00edculos at\u00e9 as 18h do dia 07 deste m\u00eas. A sele\u00e7\u00e3o ter\u00e1 duas etapas. A primeira ser\u00e1 a de an\u00e1lise dos curr\u00edculos que devem ser enviados para [&hellip;]<\/p>\n","protected":false},"author":11,"featured_media":3221,"comment_status":"open","ping_status":"open","sticky":false,"template":"","format":"standard","meta":{"_monsterinsights_skip_tracking":false,"_monsterinsights_sitenote_active":false,"_monsterinsights_sitenote_note":"","_monsterinsights_sitenote_category":0,"footnotes":""},"categories":[1],"tags":[],"class_list":["post-5961","post","type-post","status-publish","format-standard","has-post-thumbnail","hentry","category-geral","entry","has-media"],"yoast_head":"<!-- This site is optimized with the Yoast SEO plugin v25.1 - https:\/\/yoast.com\/wordpress\/plugins\/seo\/ -->\n<title>Projeto de TI seleciona profissional Operador de Computador. Inscri\u00e7\u00f5es at\u00e9 07 de fevereiro. - FADESP<\/title>\n<meta name=\"robots\" content=\"index, follow, max-snippet:-1, max-image-preview:large, max-video-preview:-1\" \/>\n<link rel=\"canonical\" href=\"https:\/\/portalfadesp.org.br\/?p=5961\" \/>\n<meta property=\"og:locale\" content=\"pt_BR\" \/>\n<meta property=\"og:type\" content=\"article\" \/>\n<meta property=\"og:title\" content=\"Projeto de TI seleciona profissional Operador de Computador. Inscri\u00e7\u00f5es at\u00e9 07 de fevereiro. - FADESP\" \/>\n<meta property=\"og:description\" content=\"A Funda\u00e7\u00e3o de Amparo e Desenvolvimento da Pesquisa (FADESP) est\u00e1 selecionando profissional para atuar em projeto de Tecnologia da Informa\u00e7\u00e3o, na fun\u00e7\u00e3o de Operador de Computadores. Ser\u00e3o aceitos curr\u00edculos at\u00e9 as 18h do dia 07 deste m\u00eas. A sele\u00e7\u00e3o ter\u00e1 duas etapas. A primeira ser\u00e1 a de an\u00e1lise dos curr\u00edculos que devem ser enviados para [&hellip;]\" \/>\n<meta property=\"og:url\" content=\"https:\/\/portalfadesp.org.br\/?p=5961\" \/>\n<meta property=\"og:site_name\" content=\"FADESP\" \/>\n<meta property=\"article:publisher\" content=\"https:\/\/www.facebook.com\/Fadesp-138351949524662\/\" \/>\n<meta property=\"article:published_time\" content=\"2020-02-03T12:59:07+00:00\" \/>\n<meta property=\"article:modified_time\" content=\"2020-12-30T15:26:41+00:00\" \/>\n<meta property=\"og:image\" content=\"https:\/\/portalfadesp.org.br\/wp-content\/uploads\/2019\/08\/sele\u00e7\u00e3o-pra-projeto-de-TI-1.jpg\" \/>\n\t<meta property=\"og:image:width\" content=\"250\" \/>\n\t<meta property=\"og:image:height\" content=\"181\" \/>\n\t<meta property=\"og:image:type\" content=\"image\/jpeg\" \/>\n<meta name=\"author\" content=\"Lorena Filgueiras\" \/>\n<meta name=\"twitter:card\" content=\"summary_large_image\" \/>\n<meta name=\"twitter:creator\" content=\"@Fadesp\" \/>\n<meta name=\"twitter:site\" content=\"@Fadesp\" \/>\n<meta name=\"twitter:label1\" content=\"Escrito por\" \/>\n\t<meta name=\"twitter:data1\" content=\"Lorena Filgueiras\" \/>\n\t<meta name=\"twitter:label2\" content=\"Est. tempo de leitura\" \/>\n\t<meta name=\"twitter:data2\" content=\"2 minutos\" \/>\n<script type=\"application\/ld+json\" class=\"yoast-schema-graph\">{\"@context\":\"https:\/\/schema.org\",\"@graph\":[{\"@type\":\"Article\",\"@id\":\"https:\/\/portalfadesp.org.br\/?p=5961#article\",\"isPartOf\":{\"@id\":\"https:\/\/portalfadesp.org.br\/?p=5961\"},\"author\":{\"name\":\"Lorena Filgueiras\",\"@id\":\"https:\/\/portalfadesp.org.br\/#\/schema\/person\/c1fa9db0c87dc412d1568e0e5e27be9c\"},\"headline\":\"Projeto de TI seleciona profissional Operador de Computador. Inscri\u00e7\u00f5es at\u00e9 07 de fevereiro.\",\"datePublished\":\"2020-02-03T12:59:07+00:00\",\"dateModified\":\"2020-12-30T15:26:41+00:00\",\"mainEntityOfPage\":{\"@id\":\"https:\/\/portalfadesp.org.br\/?p=5961\"},\"wordCount\":342,\"commentCount\":0,\"publisher\":{\"@id\":\"https:\/\/portalfadesp.org.br\/#organization\"},\"image\":{\"@id\":\"https:\/\/portalfadesp.org.br\/?p=5961#primaryimage\"},\"thumbnailUrl\":\"https:\/\/portalfadesp.org.br\/wp-content\/uploads\/2019\/08\/sele\u00e7\u00e3o-pra-projeto-de-TI-1.jpg\",\"articleSection\":[\"Geral\"],\"inLanguage\":\"pt-BR\"},{\"@type\":\"WebPage\",\"@id\":\"https:\/\/portalfadesp.org.br\/?p=5961\",\"url\":\"https:\/\/portalfadesp.org.br\/?p=5961\",\"name\":\"Projeto de TI seleciona profissional Operador de Computador. Inscri\u00e7\u00f5es at\u00e9 07 de fevereiro. - FADESP\",\"isPartOf\":{\"@id\":\"https:\/\/portalfadesp.org.br\/#website\"},\"primaryImageOfPage\":{\"@id\":\"https:\/\/portalfadesp.org.br\/?p=5961#primaryimage\"},\"image\":{\"@id\":\"https:\/\/portalfadesp.org.br\/?p=5961#primaryimage\"},\"thumbnailUrl\":\"https:\/\/portalfadesp.org.br\/wp-content\/uploads\/2019\/08\/sele\u00e7\u00e3o-pra-projeto-de-TI-1.jpg\",\"datePublished\":\"2020-02-03T12:59:07+00:00\",\"dateModified\":\"2020-12-30T15:26:41+00:00\",\"breadcrumb\":{\"@id\":\"https:\/\/portalfadesp.org.br\/?p=5961#breadcrumb\"},\"inLanguage\":\"pt-BR\",\"potentialAction\":[{\"@type\":\"ReadAction\",\"target\":[\"https:\/\/portalfadesp.org.br\/?p=5961\"]}]},{\"@type\":\"ImageObject\",\"inLanguage\":\"pt-BR\",\"@id\":\"https:\/\/portalfadesp.org.br\/?p=5961#primaryimage\",\"url\":\"https:\/\/portalfadesp.org.br\/wp-content\/uploads\/2019\/08\/sele\u00e7\u00e3o-pra-projeto-de-TI-1.jpg\",\"contentUrl\":\"https:\/\/portalfadesp.org.br\/wp-content\/uploads\/2019\/08\/sele\u00e7\u00e3o-pra-projeto-de-TI-1.jpg\",\"width\":250,\"height\":181},{\"@type\":\"BreadcrumbList\",\"@id\":\"https:\/\/portalfadesp.org.br\/?p=5961#breadcrumb\",\"itemListElement\":[{\"@type\":\"ListItem\",\"position\":1,\"name\":\"In\u00edcio\",\"item\":\"https:\/\/portalfadesp.org.br\/\"},{\"@type\":\"ListItem\",\"position\":2,\"name\":\"Projeto de TI seleciona profissional Operador de Computador. Inscri\u00e7\u00f5es at\u00e9 07 de fevereiro.\"}]},{\"@type\":\"WebSite\",\"@id\":\"https:\/\/portalfadesp.org.br\/#website\",\"url\":\"https:\/\/portalfadesp.org.br\/\",\"name\":\"FADESP\",\"description\":\"Funda\u00e7\u00e3o de Amparo e Desenvolvimento da Pesquisa\",\"publisher\":{\"@id\":\"https:\/\/portalfadesp.org.br\/#organization\"},\"potentialAction\":[{\"@type\":\"SearchAction\",\"target\":{\"@type\":\"EntryPoint\",\"urlTemplate\":\"https:\/\/portalfadesp.org.br\/?s={search_term_string}\"},\"query-input\":{\"@type\":\"PropertyValueSpecification\",\"valueRequired\":true,\"valueName\":\"search_term_string\"}}],\"inLanguage\":\"pt-BR\"},{\"@type\":\"Organization\",\"@id\":\"https:\/\/portalfadesp.org.br\/#organization\",\"name\":\"FADESP\",\"url\":\"https:\/\/portalfadesp.org.br\/\",\"logo\":{\"@type\":\"ImageObject\",\"inLanguage\":\"pt-BR\",\"@id\":\"https:\/\/portalfadesp.org.br\/#\/schema\/logo\/image\/\",\"url\":\"https:\/\/portalfadesp.org.br\/wp-content\/uploads\/2024\/01\/NOVOLOGOFADESPlaranjaH.png\",\"contentUrl\":\"https:\/\/portalfadesp.org.br\/wp-content\/uploads\/2024\/01\/NOVOLOGOFADESPlaranjaH.png\",\"width\":2742,\"height\":839,\"caption\":\"FADESP\"},\"image\":{\"@id\":\"https:\/\/portalfadesp.org.br\/#\/schema\/logo\/image\/\"},\"sameAs\":[\"https:\/\/www.facebook.com\/Fadesp-138351949524662\/\",\"https:\/\/x.com\/Fadesp\",\"https:\/\/www.instagram.com\/fadesp_ufpa\/\",\"https:\/\/www.youtube.com\/@fundacaodeamparoedesenvolv1903\",\"https:\/\/www.threads.net\/@fadesp_ufpa\"]},{\"@type\":\"Person\",\"@id\":\"https:\/\/portalfadesp.org.br\/#\/schema\/person\/c1fa9db0c87dc412d1568e0e5e27be9c\",\"name\":\"Lorena Filgueiras\",\"image\":{\"@type\":\"ImageObject\",\"inLanguage\":\"pt-BR\",\"@id\":\"https:\/\/portalfadesp.org.br\/#\/schema\/person\/image\/\",\"url\":\"https:\/\/secure.gravatar.com\/avatar\/37390a2dfe1325c2917fc5f6df471abe8ab753cf23b2d14690f57bd61ab4b7cf?s=96&d=mm&r=g\",\"contentUrl\":\"https:\/\/secure.gravatar.com\/avatar\/37390a2dfe1325c2917fc5f6df471abe8ab753cf23b2d14690f57bd61ab4b7cf?s=96&d=mm&r=g\",\"caption\":\"Lorena Filgueiras\"},\"url\":\"https:\/\/portalfadesp.org.br\/?author=11\"}]}<\/script>\n<!-- \/ Yoast SEO plugin. -->","yoast_head_json":{"title":"Projeto de TI seleciona profissional Operador de Computador. Inscri\u00e7\u00f5es at\u00e9 07 de fevereiro. - FADESP","robots":{"index":"index","follow":"follow","max-snippet":"max-snippet:-1","max-image-preview":"max-image-preview:large","max-video-preview":"max-video-preview:-1"},"canonical":"https:\/\/portalfadesp.org.br\/?p=5961","og_locale":"pt_BR","og_type":"article","og_title":"Projeto de TI seleciona profissional Operador de Computador. Inscri\u00e7\u00f5es at\u00e9 07 de fevereiro. - FADESP","og_description":"A Funda\u00e7\u00e3o de Amparo e Desenvolvimento da Pesquisa (FADESP) est\u00e1 selecionando profissional para atuar em projeto de Tecnologia da Informa\u00e7\u00e3o, na fun\u00e7\u00e3o de Operador de Computadores. Ser\u00e3o aceitos curr\u00edculos at\u00e9 as 18h do dia 07 deste m\u00eas. A sele\u00e7\u00e3o ter\u00e1 duas etapas. A primeira ser\u00e1 a de an\u00e1lise dos curr\u00edculos que devem ser enviados para [&hellip;]","og_url":"https:\/\/portalfadesp.org.br\/?p=5961","og_site_name":"FADESP","article_publisher":"https:\/\/www.facebook.com\/Fadesp-138351949524662\/","article_published_time":"2020-02-03T12:59:07+00:00","article_modified_time":"2020-12-30T15:26:41+00:00","og_image":[{"width":250,"height":181,"url":"https:\/\/portalfadesp.org.br\/wp-content\/uploads\/2019\/08\/sele\u00e7\u00e3o-pra-projeto-de-TI-1.jpg","type":"image\/jpeg"}],"author":"Lorena Filgueiras","twitter_card":"summary_large_image","twitter_creator":"@Fadesp","twitter_site":"@Fadesp","twitter_misc":{"Escrito por":"Lorena Filgueiras","Est. tempo de leitura":"2 minutos"},"schema":{"@context":"https:\/\/schema.org","@graph":[{"@type":"Article","@id":"https:\/\/portalfadesp.org.br\/?p=5961#article","isPartOf":{"@id":"https:\/\/portalfadesp.org.br\/?p=5961"},"author":{"name":"Lorena Filgueiras","@id":"https:\/\/portalfadesp.org.br\/#\/schema\/person\/c1fa9db0c87dc412d1568e0e5e27be9c"},"headline":"Projeto de TI seleciona profissional Operador de Computador. Inscri\u00e7\u00f5es at\u00e9 07 de fevereiro.","datePublished":"2020-02-03T12:59:07+00:00","dateModified":"2020-12-30T15:26:41+00:00","mainEntityOfPage":{"@id":"https:\/\/portalfadesp.org.br\/?p=5961"},"wordCount":342,"commentCount":0,"publisher":{"@id":"https:\/\/portalfadesp.org.br\/#organization"},"image":{"@id":"https:\/\/portalfadesp.org.br\/?p=5961#primaryimage"},"thumbnailUrl":"https:\/\/portalfadesp.org.br\/wp-content\/uploads\/2019\/08\/sele\u00e7\u00e3o-pra-projeto-de-TI-1.jpg","articleSection":["Geral"],"inLanguage":"pt-BR"},{"@type":"WebPage","@id":"https:\/\/portalfadesp.org.br\/?p=5961","url":"https:\/\/portalfadesp.org.br\/?p=5961","name":"Projeto de TI seleciona profissional Operador de Computador. Inscri\u00e7\u00f5es at\u00e9 07 de fevereiro. - FADESP","isPartOf":{"@id":"https:\/\/portalfadesp.org.br\/#website"},"primaryImageOfPage":{"@id":"https:\/\/portalfadesp.org.br\/?p=5961#primaryimage"},"image":{"@id":"https:\/\/portalfadesp.org.br\/?p=5961#primaryimage"},"thumbnailUrl":"https:\/\/portalfadesp.org.br\/wp-content\/uploads\/2019\/08\/sele\u00e7\u00e3o-pra-projeto-de-TI-1.jpg","datePublished":"2020-02-03T12:59:07+00:00","dateModified":"2020-12-30T15:26:41+00:00","breadcrumb":{"@id":"https:\/\/portalfadesp.org.br\/?p=5961#breadcrumb"},"inLanguage":"pt-BR","potentialAction":[{"@type":"ReadAction","target":["https:\/\/portalfadesp.org.br\/?p=5961"]}]},{"@type":"ImageObject","inLanguage":"pt-BR","@id":"https:\/\/portalfadesp.org.br\/?p=5961#primaryimage","url":"https:\/\/portalfadesp.org.br\/wp-content\/uploads\/2019\/08\/sele\u00e7\u00e3o-pra-projeto-de-TI-1.jpg","contentUrl":"https:\/\/portalfadesp.org.br\/wp-content\/uploads\/2019\/08\/sele\u00e7\u00e3o-pra-projeto-de-TI-1.jpg","width":250,"height":181},{"@type":"BreadcrumbList","@id":"https:\/\/portalfadesp.org.br\/?p=5961#breadcrumb","itemListElement":[{"@type":"ListItem","position":1,"name":"In\u00edcio","item":"https:\/\/portalfadesp.org.br\/"},{"@type":"ListItem","position":2,"name":"Projeto de TI seleciona profissional Operador de Computador. Inscri\u00e7\u00f5es at\u00e9 07 de fevereiro."}]},{"@type":"WebSite","@id":"https:\/\/portalfadesp.org.br\/#website","url":"https:\/\/portalfadesp.org.br\/","name":"FADESP","description":"Funda\u00e7\u00e3o de Amparo e Desenvolvimento da Pesquisa","publisher":{"@id":"https:\/\/portalfadesp.org.br\/#organization"},"potentialAction":[{"@type":"SearchAction","target":{"@type":"EntryPoint","urlTemplate":"https:\/\/portalfadesp.org.br\/?s={search_term_string}"},"query-input":{"@type":"PropertyValueSpecification","valueRequired":true,"valueName":"search_term_string"}}],"inLanguage":"pt-BR"},{"@type":"Organization","@id":"https:\/\/portalfadesp.org.br\/#organization","name":"FADESP","url":"https:\/\/portalfadesp.org.br\/","logo":{"@type":"ImageObject","inLanguage":"pt-BR","@id":"https:\/\/portalfadesp.org.br\/#\/schema\/logo\/image\/","url":"https:\/\/portalfadesp.org.br\/wp-content\/uploads\/2024\/01\/NOVOLOGOFADESPlaranjaH.png","contentUrl":"https:\/\/portalfadesp.org.br\/wp-content\/uploads\/2024\/01\/NOVOLOGOFADESPlaranjaH.png","width":2742,"height":839,"caption":"FADESP"},"image":{"@id":"https:\/\/portalfadesp.org.br\/#\/schema\/logo\/image\/"},"sameAs":["https:\/\/www.facebook.com\/Fadesp-138351949524662\/","https:\/\/x.com\/Fadesp","https:\/\/www.instagram.com\/fadesp_ufpa\/","https:\/\/www.youtube.com\/@fundacaodeamparoedesenvolv1903","https:\/\/www.threads.net\/@fadesp_ufpa"]},{"@type":"Person","@id":"https:\/\/portalfadesp.org.br\/#\/schema\/person\/c1fa9db0c87dc412d1568e0e5e27be9c","name":"Lorena Filgueiras","image":{"@type":"ImageObject","inLanguage":"pt-BR","@id":"https:\/\/portalfadesp.org.br\/#\/schema\/person\/image\/","url":"https:\/\/secure.gravatar.com\/avatar\/37390a2dfe1325c2917fc5f6df471abe8ab753cf23b2d14690f57bd61ab4b7cf?s=96&d=mm&r=g","contentUrl":"https:\/\/secure.gravatar.com\/avatar\/37390a2dfe1325c2917fc5f6df471abe8ab753cf23b2d14690f57bd61ab4b7cf?s=96&d=mm&r=g","caption":"Lorena Filgueiras"},"url":"https:\/\/portalfadesp.org.br\/?author=11"}]}},"_links":{"self":[{"href":"https:\/\/portalfadesp.org.br\/index.php?rest_route=\/wp\/v2\/posts\/5961","targetHints":{"allow":["GET"]}}],"collection":[{"href":"https:\/\/portalfadesp.org.br\/index.php?rest_route=\/wp\/v2\/posts"}],"about":[{"href":"https:\/\/portalfadesp.org.br\/index.php?rest_route=\/wp\/v2\/types\/post"}],"author":[{"embeddable":true,"href":"https:\/\/portalfadesp.org.br\/index.php?rest_route=\/wp\/v2\/users\/11"}],"replies":[{"embeddable":true,"href":"https:\/\/portalfadesp.org.br\/index.php?rest_route=%2Fwp%2Fv2%2Fcomments&post=5961"}],"version-history":[{"count":1,"href":"https:\/\/portalfadesp.org.br\/index.php?rest_route=\/wp\/v2\/posts\/5961\/revisions"}],"predecessor-version":[{"id":5962,"href":"https:\/\/portalfadesp.org.br\/index.php?rest_route=\/wp\/v2\/posts\/5961\/revisions\/5962"}],"wp:featuredmedia":[{"embeddable":true,"href":"https:\/\/portalfadesp.org.br\/index.php?rest_route=\/wp\/v2\/media\/3221"}],"wp:attachment":[{"href":"https:\/\/portalfadesp.org.br\/index.php?rest_route=%2Fwp%2Fv2%2Fmedia&parent=5961"}],"wp:term":[{"taxonomy":"category","embeddable":true,"href":"https:\/\/portalfadesp.org.br\/index.php?rest_route=%2Fwp%2Fv2%2Fcategories&post=5961"},{"taxonomy":"post_tag","embeddable":true,"href":"https:\/\/portalfadesp.org.br\/index.php?rest_route=%2Fwp%2Fv2%2Ftags&post=5961"}],"curies":[{"name":"wp","href":"https:\/\/api.w.org\/{rel}","templated":true}]}}