{"id":5939,"date":"2020-01-31T09:52:54","date_gmt":"2020-01-31T12:52:54","guid":{"rendered":"https:\/\/162.215.13.167?p=5939"},"modified":"2022-12-20T16:55:54","modified_gmt":"2022-12-20T19:55:54","slug":"forma-para-inscricao-no-processo-seletivo-ii-da-uepa-pode-ser-paga-ate-hoje-31-turmas-sao-para-bagre-e-curuca","status":"publish","type":"post","link":"https:\/\/portalfadesp.org.br\/?p=5939","title":{"rendered":"FORMA PAR\u00c1: inscri\u00e7\u00e3o no Processo Seletivo II da UEPA pode ser paga at\u00e9 hoje, 31. Turmas s\u00e3o para Bagre e Curu\u00e7\u00e1."},"content":{"rendered":"\n<p>Os candidatos inscritos no Processo Seletivo Especial II (PROSEL II) da Universidade do Estado do Par\u00e1 (UEPA) t\u00eam at\u00e9 hoje, 31, para pagar a taxa de inscri\u00e7\u00e3o, em qualquer banco ou casa lot\u00e9rica. O boleto \u00e9 gerado a partir da <strong><a href=\"https:\/\/portalfadesp.org.br\/?page_id=5651\" target=\"_blank\" rel=\"noreferrer noopener\">p\u00e1gina oficial de acompanhamento.<\/a><\/strong> Basta que seja informado o CPF e a senha formada pelos quatro primeiros n\u00fameros do CPF e os quatro do ano de nascimento. <\/p>\n\n\n\n<p>O Prosel II ofertar\u00e1 100 vagas para a segunda edi\u00e7\u00e3o do Forma Par\u00e1, programa estadual de expans\u00e3o do ensino superior. As turmas s\u00e3o de Ci\u00eancias Naturais com Habilita\u00e7\u00e3o em Qu\u00edmica e de Enfermagem. Os munic\u00edpios contemplados s\u00e3o Bagre e Curu\u00e7\u00e1. <\/p>\n\n\n\n<p>Das 100\nvagas ofertadas, 50 s\u00e3o para a turma de Ci\u00eancias Naturais com Habilita\u00e7\u00e3o em\nQu\u00edmica que funcionar\u00e1 no munic\u00edpio de Bagre, no regime intervalar intensivo. As\naulas devem ser iniciadas em junho deste ano.<\/p>\n\n\n\n<p>As outras 50\nvagas ser\u00e3o para a turma de Enfermagem que funcionar\u00e1 em Curu\u00e7\u00e1, no regime\nregular intensivo. A previs\u00e3o \u00e9 que as aulas iniciem em mar\u00e7o deste ano. Ambos\nos cursos s\u00e3o destinados a quem concluiu ou concluir\u00e1 o Ensino M\u00e9dio ou\nequivalente at\u00e9 a data da habilita\u00e7\u00e3o para matr\u00edcula.<\/p>\n\n\n\n<p>As inscri\u00e7\u00f5es s\u00e3o online foram encerradas no dia 30 de janeiro. Os inscritos devem pagar a taxa de R$ 50,00 e ter\u00e3o acesso ao cart\u00e3o de inscri\u00e7\u00e3o no dia 04 de fevereiro.  A prova ser\u00e1 realizada no dia 09, no munic\u00edpio para o qual o candidato se inscreveu. <\/p>\n\n\n\n<p>Candidatos que moram no munic\u00edpio onde a vaga \u00e9 ofertada ter\u00e3o b\u00f4nus de 10% sobre a pontua\u00e7\u00e3o. A bonifica\u00e7\u00e3o foi criada para atender um dos objetivos do Forma Par\u00e1 que \u00e9 garantir o acesso ao ensino superior para aqueles que moram em locais onde n\u00e3o h\u00e1 campi universit\u00e1rio e n\u00e3o est\u00e3o em condi\u00e7\u00f5es de se deslocarem para outros munic\u00edpios. Os beneficiados dever\u00e3o comprovar o endere\u00e7o para n\u00e3o perderem a vaga, caso passem.<\/p>\n\n\n\n<p>O Forma Par\u00e1\n\u00e9 executado pela Secretaria de Estado de Ci\u00eancia, Tecnologia, Educa\u00e7\u00e3o\nProfissional e Tecnologia (Sectet) atrav\u00e9s de parceria com as universidades, institutos\ntecnol\u00f3gicos e prefeituras. O termo de coopera\u00e7\u00e3o tamb\u00e9m envolve a FADESP como\nrespons\u00e1vel pela realiza\u00e7\u00e3o do processo de sele\u00e7\u00e3o.<\/p>\n","protected":false},"excerpt":{"rendered":"<p>Os candidatos inscritos no Processo Seletivo Especial II (PROSEL II) da Universidade do Estado do Par\u00e1 (UEPA) t\u00eam at\u00e9 hoje, 31, para pagar a taxa de inscri\u00e7\u00e3o, em qualquer banco ou casa lot\u00e9rica. O boleto \u00e9 gerado a partir da p\u00e1gina oficial de acompanhamento. Basta que seja informado o CPF e a senha formada pelos [&hellip;]<\/p>\n","protected":false},"author":11,"featured_media":4787,"comment_status":"open","ping_status":"open","sticky":false,"template":"","format":"standard","meta":{"_monsterinsights_skip_tracking":false,"_monsterinsights_sitenote_active":false,"_monsterinsights_sitenote_note":"","_monsterinsights_sitenote_category":0,"footnotes":""},"categories":[88],"tags":[],"class_list":["post-5939","post","type-post","status-publish","format-standard","has-post-thumbnail","hentry","category-uepa","entry","has-media"],"yoast_head":"<!-- This site is optimized with the Yoast SEO plugin v25.1 - https:\/\/yoast.com\/wordpress\/plugins\/seo\/ -->\n<title>FORMA PAR\u00c1: inscri\u00e7\u00e3o no Processo Seletivo II da UEPA pode ser paga at\u00e9 hoje, 31. Turmas s\u00e3o para Bagre e Curu\u00e7\u00e1. - FADESP<\/title>\n<meta name=\"robots\" content=\"index, follow, max-snippet:-1, max-image-preview:large, max-video-preview:-1\" \/>\n<link rel=\"canonical\" href=\"https:\/\/portalfadesp.org.br\/?p=5939\" \/>\n<meta property=\"og:locale\" content=\"pt_BR\" \/>\n<meta property=\"og:type\" content=\"article\" \/>\n<meta property=\"og:title\" content=\"FORMA PAR\u00c1: inscri\u00e7\u00e3o no Processo Seletivo II da UEPA pode ser paga at\u00e9 hoje, 31. Turmas s\u00e3o para Bagre e Curu\u00e7\u00e1. - FADESP\" \/>\n<meta property=\"og:description\" content=\"Os candidatos inscritos no Processo Seletivo Especial II (PROSEL II) da Universidade do Estado do Par\u00e1 (UEPA) t\u00eam at\u00e9 hoje, 31, para pagar a taxa de inscri\u00e7\u00e3o, em qualquer banco ou casa lot\u00e9rica. O boleto \u00e9 gerado a partir da p\u00e1gina oficial de acompanhamento. Basta que seja informado o CPF e a senha formada pelos [&hellip;]\" \/>\n<meta property=\"og:url\" content=\"https:\/\/portalfadesp.org.br\/?p=5939\" \/>\n<meta property=\"og:site_name\" content=\"FADESP\" \/>\n<meta property=\"article:publisher\" content=\"https:\/\/www.facebook.com\/Fadesp-138351949524662\/\" \/>\n<meta property=\"article:published_time\" content=\"2020-01-31T12:52:54+00:00\" \/>\n<meta property=\"article:modified_time\" content=\"2022-12-20T19:55:54+00:00\" \/>\n<meta property=\"og:image\" content=\"https:\/\/portalfadesp.org.br\/wp-content\/uploads\/2019\/11\/uepa-ag\u00eancia-par\u00e1.jpg\" \/>\n\t<meta property=\"og:image:width\" content=\"678\" \/>\n\t<meta property=\"og:image:height\" content=\"452\" \/>\n\t<meta property=\"og:image:type\" content=\"image\/jpeg\" \/>\n<meta name=\"author\" content=\"Lorena Filgueiras\" \/>\n<meta name=\"twitter:card\" content=\"summary_large_image\" \/>\n<meta name=\"twitter:creator\" content=\"@Fadesp\" \/>\n<meta name=\"twitter:site\" content=\"@Fadesp\" \/>\n<meta name=\"twitter:label1\" content=\"Escrito por\" \/>\n\t<meta name=\"twitter:data1\" content=\"Lorena Filgueiras\" \/>\n\t<meta name=\"twitter:label2\" content=\"Est. tempo de leitura\" \/>\n\t<meta name=\"twitter:data2\" content=\"2 minutos\" \/>\n<script type=\"application\/ld+json\" class=\"yoast-schema-graph\">{\"@context\":\"https:\/\/schema.org\",\"@graph\":[{\"@type\":\"Article\",\"@id\":\"https:\/\/portalfadesp.org.br\/?p=5939#article\",\"isPartOf\":{\"@id\":\"https:\/\/portalfadesp.org.br\/?p=5939\"},\"author\":{\"name\":\"Lorena Filgueiras\",\"@id\":\"https:\/\/portalfadesp.org.br\/#\/schema\/person\/c1fa9db0c87dc412d1568e0e5e27be9c\"},\"headline\":\"FORMA PAR\u00c1: inscri\u00e7\u00e3o no Processo Seletivo II da UEPA pode ser paga at\u00e9 hoje, 31. Turmas s\u00e3o para Bagre e Curu\u00e7\u00e1.\",\"datePublished\":\"2020-01-31T12:52:54+00:00\",\"dateModified\":\"2022-12-20T19:55:54+00:00\",\"mainEntityOfPage\":{\"@id\":\"https:\/\/portalfadesp.org.br\/?p=5939\"},\"wordCount\":417,\"commentCount\":0,\"publisher\":{\"@id\":\"https:\/\/portalfadesp.org.br\/#organization\"},\"image\":{\"@id\":\"https:\/\/portalfadesp.org.br\/?p=5939#primaryimage\"},\"thumbnailUrl\":\"https:\/\/portalfadesp.org.br\/wp-content\/uploads\/2019\/11\/uepa-ag\u00eancia-par\u00e1.jpg\",\"articleSection\":[\"UEPA\"],\"inLanguage\":\"pt-BR\"},{\"@type\":\"WebPage\",\"@id\":\"https:\/\/portalfadesp.org.br\/?p=5939\",\"url\":\"https:\/\/portalfadesp.org.br\/?p=5939\",\"name\":\"FORMA PAR\u00c1: inscri\u00e7\u00e3o no Processo Seletivo II da UEPA pode ser paga at\u00e9 hoje, 31. Turmas s\u00e3o para Bagre e Curu\u00e7\u00e1. - FADESP\",\"isPartOf\":{\"@id\":\"https:\/\/portalfadesp.org.br\/#website\"},\"primaryImageOfPage\":{\"@id\":\"https:\/\/portalfadesp.org.br\/?p=5939#primaryimage\"},\"image\":{\"@id\":\"https:\/\/portalfadesp.org.br\/?p=5939#primaryimage\"},\"thumbnailUrl\":\"https:\/\/portalfadesp.org.br\/wp-content\/uploads\/2019\/11\/uepa-ag\u00eancia-par\u00e1.jpg\",\"datePublished\":\"2020-01-31T12:52:54+00:00\",\"dateModified\":\"2022-12-20T19:55:54+00:00\",\"breadcrumb\":{\"@id\":\"https:\/\/portalfadesp.org.br\/?p=5939#breadcrumb\"},\"inLanguage\":\"pt-BR\",\"potentialAction\":[{\"@type\":\"ReadAction\",\"target\":[\"https:\/\/portalfadesp.org.br\/?p=5939\"]}]},{\"@type\":\"ImageObject\",\"inLanguage\":\"pt-BR\",\"@id\":\"https:\/\/portalfadesp.org.br\/?p=5939#primaryimage\",\"url\":\"https:\/\/portalfadesp.org.br\/wp-content\/uploads\/2019\/11\/uepa-ag\u00eancia-par\u00e1.jpg\",\"contentUrl\":\"https:\/\/portalfadesp.org.br\/wp-content\/uploads\/2019\/11\/uepa-ag\u00eancia-par\u00e1.jpg\",\"width\":678,\"height\":452},{\"@type\":\"BreadcrumbList\",\"@id\":\"https:\/\/portalfadesp.org.br\/?p=5939#breadcrumb\",\"itemListElement\":[{\"@type\":\"ListItem\",\"position\":1,\"name\":\"In\u00edcio\",\"item\":\"https:\/\/portalfadesp.org.br\/\"},{\"@type\":\"ListItem\",\"position\":2,\"name\":\"FORMA PAR\u00c1: inscri\u00e7\u00e3o no Processo Seletivo II da UEPA pode ser paga at\u00e9 hoje, 31. Turmas s\u00e3o para Bagre e Curu\u00e7\u00e1.\"}]},{\"@type\":\"WebSite\",\"@id\":\"https:\/\/portalfadesp.org.br\/#website\",\"url\":\"https:\/\/portalfadesp.org.br\/\",\"name\":\"FADESP\",\"description\":\"Funda\u00e7\u00e3o de Amparo e Desenvolvimento da Pesquisa\",\"publisher\":{\"@id\":\"https:\/\/portalfadesp.org.br\/#organization\"},\"potentialAction\":[{\"@type\":\"SearchAction\",\"target\":{\"@type\":\"EntryPoint\",\"urlTemplate\":\"https:\/\/portalfadesp.org.br\/?s={search_term_string}\"},\"query-input\":{\"@type\":\"PropertyValueSpecification\",\"valueRequired\":true,\"valueName\":\"search_term_string\"}}],\"inLanguage\":\"pt-BR\"},{\"@type\":\"Organization\",\"@id\":\"https:\/\/portalfadesp.org.br\/#organization\",\"name\":\"FADESP\",\"url\":\"https:\/\/portalfadesp.org.br\/\",\"logo\":{\"@type\":\"ImageObject\",\"inLanguage\":\"pt-BR\",\"@id\":\"https:\/\/portalfadesp.org.br\/#\/schema\/logo\/image\/\",\"url\":\"https:\/\/portalfadesp.org.br\/wp-content\/uploads\/2024\/01\/NOVOLOGOFADESPlaranjaH.png\",\"contentUrl\":\"https:\/\/portalfadesp.org.br\/wp-content\/uploads\/2024\/01\/NOVOLOGOFADESPlaranjaH.png\",\"width\":2742,\"height\":839,\"caption\":\"FADESP\"},\"image\":{\"@id\":\"https:\/\/portalfadesp.org.br\/#\/schema\/logo\/image\/\"},\"sameAs\":[\"https:\/\/www.facebook.com\/Fadesp-138351949524662\/\",\"https:\/\/x.com\/Fadesp\",\"https:\/\/www.instagram.com\/fadesp_ufpa\/\",\"https:\/\/www.youtube.com\/@fundacaodeamparoedesenvolv1903\",\"https:\/\/www.threads.net\/@fadesp_ufpa\"]},{\"@type\":\"Person\",\"@id\":\"https:\/\/portalfadesp.org.br\/#\/schema\/person\/c1fa9db0c87dc412d1568e0e5e27be9c\",\"name\":\"Lorena Filgueiras\",\"image\":{\"@type\":\"ImageObject\",\"inLanguage\":\"pt-BR\",\"@id\":\"https:\/\/portalfadesp.org.br\/#\/schema\/person\/image\/\",\"url\":\"https:\/\/secure.gravatar.com\/avatar\/37390a2dfe1325c2917fc5f6df471abe8ab753cf23b2d14690f57bd61ab4b7cf?s=96&d=mm&r=g\",\"contentUrl\":\"https:\/\/secure.gravatar.com\/avatar\/37390a2dfe1325c2917fc5f6df471abe8ab753cf23b2d14690f57bd61ab4b7cf?s=96&d=mm&r=g\",\"caption\":\"Lorena Filgueiras\"},\"url\":\"https:\/\/portalfadesp.org.br\/?author=11\"}]}<\/script>\n<!-- \/ Yoast SEO plugin. -->","yoast_head_json":{"title":"FORMA PAR\u00c1: inscri\u00e7\u00e3o no Processo Seletivo II da UEPA pode ser paga at\u00e9 hoje, 31. Turmas s\u00e3o para Bagre e Curu\u00e7\u00e1. - FADESP","robots":{"index":"index","follow":"follow","max-snippet":"max-snippet:-1","max-image-preview":"max-image-preview:large","max-video-preview":"max-video-preview:-1"},"canonical":"https:\/\/portalfadesp.org.br\/?p=5939","og_locale":"pt_BR","og_type":"article","og_title":"FORMA PAR\u00c1: inscri\u00e7\u00e3o no Processo Seletivo II da UEPA pode ser paga at\u00e9 hoje, 31. Turmas s\u00e3o para Bagre e Curu\u00e7\u00e1. - FADESP","og_description":"Os candidatos inscritos no Processo Seletivo Especial II (PROSEL II) da Universidade do Estado do Par\u00e1 (UEPA) t\u00eam at\u00e9 hoje, 31, para pagar a taxa de inscri\u00e7\u00e3o, em qualquer banco ou casa lot\u00e9rica. O boleto \u00e9 gerado a partir da p\u00e1gina oficial de acompanhamento. Basta que seja informado o CPF e a senha formada pelos [&hellip;]","og_url":"https:\/\/portalfadesp.org.br\/?p=5939","og_site_name":"FADESP","article_publisher":"https:\/\/www.facebook.com\/Fadesp-138351949524662\/","article_published_time":"2020-01-31T12:52:54+00:00","article_modified_time":"2022-12-20T19:55:54+00:00","og_image":[{"width":678,"height":452,"url":"https:\/\/portalfadesp.org.br\/wp-content\/uploads\/2019\/11\/uepa-ag\u00eancia-par\u00e1.jpg","type":"image\/jpeg"}],"author":"Lorena Filgueiras","twitter_card":"summary_large_image","twitter_creator":"@Fadesp","twitter_site":"@Fadesp","twitter_misc":{"Escrito por":"Lorena Filgueiras","Est. tempo de leitura":"2 minutos"},"schema":{"@context":"https:\/\/schema.org","@graph":[{"@type":"Article","@id":"https:\/\/portalfadesp.org.br\/?p=5939#article","isPartOf":{"@id":"https:\/\/portalfadesp.org.br\/?p=5939"},"author":{"name":"Lorena Filgueiras","@id":"https:\/\/portalfadesp.org.br\/#\/schema\/person\/c1fa9db0c87dc412d1568e0e5e27be9c"},"headline":"FORMA PAR\u00c1: inscri\u00e7\u00e3o no Processo Seletivo II da UEPA pode ser paga at\u00e9 hoje, 31. Turmas s\u00e3o para Bagre e Curu\u00e7\u00e1.","datePublished":"2020-01-31T12:52:54+00:00","dateModified":"2022-12-20T19:55:54+00:00","mainEntityOfPage":{"@id":"https:\/\/portalfadesp.org.br\/?p=5939"},"wordCount":417,"commentCount":0,"publisher":{"@id":"https:\/\/portalfadesp.org.br\/#organization"},"image":{"@id":"https:\/\/portalfadesp.org.br\/?p=5939#primaryimage"},"thumbnailUrl":"https:\/\/portalfadesp.org.br\/wp-content\/uploads\/2019\/11\/uepa-ag\u00eancia-par\u00e1.jpg","articleSection":["UEPA"],"inLanguage":"pt-BR"},{"@type":"WebPage","@id":"https:\/\/portalfadesp.org.br\/?p=5939","url":"https:\/\/portalfadesp.org.br\/?p=5939","name":"FORMA PAR\u00c1: inscri\u00e7\u00e3o no Processo Seletivo II da UEPA pode ser paga at\u00e9 hoje, 31. Turmas s\u00e3o para Bagre e Curu\u00e7\u00e1. - FADESP","isPartOf":{"@id":"https:\/\/portalfadesp.org.br\/#website"},"primaryImageOfPage":{"@id":"https:\/\/portalfadesp.org.br\/?p=5939#primaryimage"},"image":{"@id":"https:\/\/portalfadesp.org.br\/?p=5939#primaryimage"},"thumbnailUrl":"https:\/\/portalfadesp.org.br\/wp-content\/uploads\/2019\/11\/uepa-ag\u00eancia-par\u00e1.jpg","datePublished":"2020-01-31T12:52:54+00:00","dateModified":"2022-12-20T19:55:54+00:00","breadcrumb":{"@id":"https:\/\/portalfadesp.org.br\/?p=5939#breadcrumb"},"inLanguage":"pt-BR","potentialAction":[{"@type":"ReadAction","target":["https:\/\/portalfadesp.org.br\/?p=5939"]}]},{"@type":"ImageObject","inLanguage":"pt-BR","@id":"https:\/\/portalfadesp.org.br\/?p=5939#primaryimage","url":"https:\/\/portalfadesp.org.br\/wp-content\/uploads\/2019\/11\/uepa-ag\u00eancia-par\u00e1.jpg","contentUrl":"https:\/\/portalfadesp.org.br\/wp-content\/uploads\/2019\/11\/uepa-ag\u00eancia-par\u00e1.jpg","width":678,"height":452},{"@type":"BreadcrumbList","@id":"https:\/\/portalfadesp.org.br\/?p=5939#breadcrumb","itemListElement":[{"@type":"ListItem","position":1,"name":"In\u00edcio","item":"https:\/\/portalfadesp.org.br\/"},{"@type":"ListItem","position":2,"name":"FORMA PAR\u00c1: inscri\u00e7\u00e3o no Processo Seletivo II da UEPA pode ser paga at\u00e9 hoje, 31. Turmas s\u00e3o para Bagre e Curu\u00e7\u00e1."}]},{"@type":"WebSite","@id":"https:\/\/portalfadesp.org.br\/#website","url":"https:\/\/portalfadesp.org.br\/","name":"FADESP","description":"Funda\u00e7\u00e3o de Amparo e Desenvolvimento da Pesquisa","publisher":{"@id":"https:\/\/portalfadesp.org.br\/#organization"},"potentialAction":[{"@type":"SearchAction","target":{"@type":"EntryPoint","urlTemplate":"https:\/\/portalfadesp.org.br\/?s={search_term_string}"},"query-input":{"@type":"PropertyValueSpecification","valueRequired":true,"valueName":"search_term_string"}}],"inLanguage":"pt-BR"},{"@type":"Organization","@id":"https:\/\/portalfadesp.org.br\/#organization","name":"FADESP","url":"https:\/\/portalfadesp.org.br\/","logo":{"@type":"ImageObject","inLanguage":"pt-BR","@id":"https:\/\/portalfadesp.org.br\/#\/schema\/logo\/image\/","url":"https:\/\/portalfadesp.org.br\/wp-content\/uploads\/2024\/01\/NOVOLOGOFADESPlaranjaH.png","contentUrl":"https:\/\/portalfadesp.org.br\/wp-content\/uploads\/2024\/01\/NOVOLOGOFADESPlaranjaH.png","width":2742,"height":839,"caption":"FADESP"},"image":{"@id":"https:\/\/portalfadesp.org.br\/#\/schema\/logo\/image\/"},"sameAs":["https:\/\/www.facebook.com\/Fadesp-138351949524662\/","https:\/\/x.com\/Fadesp","https:\/\/www.instagram.com\/fadesp_ufpa\/","https:\/\/www.youtube.com\/@fundacaodeamparoedesenvolv1903","https:\/\/www.threads.net\/@fadesp_ufpa"]},{"@type":"Person","@id":"https:\/\/portalfadesp.org.br\/#\/schema\/person\/c1fa9db0c87dc412d1568e0e5e27be9c","name":"Lorena Filgueiras","image":{"@type":"ImageObject","inLanguage":"pt-BR","@id":"https:\/\/portalfadesp.org.br\/#\/schema\/person\/image\/","url":"https:\/\/secure.gravatar.com\/avatar\/37390a2dfe1325c2917fc5f6df471abe8ab753cf23b2d14690f57bd61ab4b7cf?s=96&d=mm&r=g","contentUrl":"https:\/\/secure.gravatar.com\/avatar\/37390a2dfe1325c2917fc5f6df471abe8ab753cf23b2d14690f57bd61ab4b7cf?s=96&d=mm&r=g","caption":"Lorena Filgueiras"},"url":"https:\/\/portalfadesp.org.br\/?author=11"}]}},"_links":{"self":[{"href":"https:\/\/portalfadesp.org.br\/index.php?rest_route=\/wp\/v2\/posts\/5939","targetHints":{"allow":["GET"]}}],"collection":[{"href":"https:\/\/portalfadesp.org.br\/index.php?rest_route=\/wp\/v2\/posts"}],"about":[{"href":"https:\/\/portalfadesp.org.br\/index.php?rest_route=\/wp\/v2\/types\/post"}],"author":[{"embeddable":true,"href":"https:\/\/portalfadesp.org.br\/index.php?rest_route=\/wp\/v2\/users\/11"}],"replies":[{"embeddable":true,"href":"https:\/\/portalfadesp.org.br\/index.php?rest_route=%2Fwp%2Fv2%2Fcomments&post=5939"}],"version-history":[{"count":2,"href":"https:\/\/portalfadesp.org.br\/index.php?rest_route=\/wp\/v2\/posts\/5939\/revisions"}],"predecessor-version":[{"id":37657,"href":"https:\/\/portalfadesp.org.br\/index.php?rest_route=\/wp\/v2\/posts\/5939\/revisions\/37657"}],"wp:featuredmedia":[{"embeddable":true,"href":"https:\/\/portalfadesp.org.br\/index.php?rest_route=\/wp\/v2\/media\/4787"}],"wp:attachment":[{"href":"https:\/\/portalfadesp.org.br\/index.php?rest_route=%2Fwp%2Fv2%2Fmedia&parent=5939"}],"wp:term":[{"taxonomy":"category","embeddable":true,"href":"https:\/\/portalfadesp.org.br\/index.php?rest_route=%2Fwp%2Fv2%2Fcategories&post=5939"},{"taxonomy":"post_tag","embeddable":true,"href":"https:\/\/portalfadesp.org.br\/index.php?rest_route=%2Fwp%2Fv2%2Ftags&post=5939"}],"curies":[{"name":"wp","href":"https:\/\/api.w.org\/{rel}","templated":true}]}}