{"id":5832,"date":"2020-01-27T09:32:07","date_gmt":"2020-01-27T12:32:07","guid":{"rendered":"https:\/\/162.215.13.167?p=5832"},"modified":"2020-12-30T12:27:24","modified_gmt":"2020-12-30T15:27:24","slug":"belem-ganhara-novo-parque-ambiental-e-populacao-podera-escolher-elementos-de-uso-do-novo-espaco-o-projeto-e-desenvolvido-pela-secult-com-o-apoio-da-fadesp","status":"publish","type":"post","link":"https:\/\/portalfadesp.org.br\/?p=5832","title":{"rendered":"Bel\u00e9m ganhar\u00e1 novo Parque Ambiental e popula\u00e7\u00e3o poder\u00e1 escolher elementos de uso do espa\u00e7o. O projeto \u00e9 desenvolvido pela Secult com o apoio da FADESP."},"content":{"rendered":"\n<p>Bel\u00e9m ganhar\u00e1 um novo parque ambiental e a popula\u00e7\u00e3o poder\u00e1 decidir quais elementos far\u00e3o parte do espa\u00e7o como anfiteatros, quadras esportivas e trilhas. A consulta p\u00fablica ser\u00e1 realizada at\u00e9 o dia 31 de janeiro atrav\u00e9s do <strong><a href=\"http:\/\/parquecidade.com\/\" target=\"_blank\" rel=\"noreferrer noopener\" aria-label=\"site parquecidade.com (abre numa nova aba)\">site parquecidade.com<\/a><\/strong> ou do aplicativo \u201cparque da cidade\u201d. O projeto realizado pelo governo do Estado, atrav\u00e9s da Secretaria de Cultura do Par\u00e1 (Secult), tem o apoio da FADESP.<\/p>\n\n\n\n<p>O Parque da\nCidade ser\u00e1 constru\u00eddo na \u00e1rea do antigo Aeroclube de Bel\u00e9m, na avenida J\u00falio\nC\u00e9zar, bairro do Souza. A extens\u00e3o vai da avenida Brigadeiro Prot\u00e1sio at\u00e9 a\nPedro \u00c1lvares Cabral, hoje ocupada por pista de pouso e uma pequena mata, onde\nainda existe uma nascente de curso d\u2019agua que come\u00e7a na travessa Piraj\u00e1 e segue\npelo canal da Visconde de Inha\u00fama.<\/p>\n\n\n\n<p>O coordenador\ndo Programa de P\u00f3s-Gradua\u00e7\u00e3o em Arquitetura e Urbanismo (PPGAU) da Universidade\nFederal do Par\u00e1 (UFPA), professor Jos\u00e9 J\u00falio Lima, observa que a \u00e1rea \u00e9\nbastante extensa e tem muito potencial para abrigar v\u00e1rios elementos para\natividades culturais, esportivas e de contato com o meio ambiente.<\/p>\n\n\n\n<p>O professor participa,\nem conjunto com o grupo t\u00e9cnico da Secutl, do projeto que ter\u00e1 tr\u00eas etapas\nrealizadas com o apoio da UFPA e da FADESP. O primeiro \u00e9 a consulta popular, em\nque qualquer pessoa ter\u00e1 at\u00e9 o dia 31 para se cadastrar no site\/aplicativo,\nescolher at\u00e9 tr\u00eas elementos por eixo (Cultura, Esporte\/Lazer e\nPaisag\u00edstico\/Ambiental) e votar.<\/p>\n\n\n\n<p>A partir do\nresultado, ser\u00e1 elaborado o Termo de Refer\u00eancia com as especifica\u00e7\u00f5es t\u00e9cnicas\ndo terreno e o que se quer. O documento servir\u00e1 de base para a elabora\u00e7\u00e3o de\npropostas arquitet\u00f4nicas numa segunda etapa do projeto.<\/p>\n\n\n\n<p>Na segunda\netapa, um concurso p\u00fablico nacional selecionar\u00e1 duas propostas de estudo\npreliminar para a elabora\u00e7\u00e3o do projeto de arquitetura, urbanismo e paisagismo\ndo Parque. Trata-se de uma modalidade de contrata\u00e7\u00e3o p\u00fablica que ter\u00e1 ampla\nconcorr\u00eancia voltada a profissionais e escrit\u00f3rios de arquitetura.<\/p>\n\n\n\n<p>Jos\u00e9 J\u00falio\nexplica que, nessa fase, os participantes dever\u00e3o seguir o Termo de Refer\u00eancia que\nidentificar\u00e1 n\u00e3o s\u00f3 os elementos escolhidos na vota\u00e7\u00e3o popular como as\nexig\u00eancias t\u00e9cnicas e legais necess\u00e1rias. Tecnicamente, as propostas ter\u00e3o, por\nexemplo, que ser adequadas \u00e0 infraestrutura urban\u00edstica pr\u00e9-existente.<\/p>\n\n\n\n<p>Um j\u00fari\nt\u00e9cnico ser\u00e1 composto para escolher as duas melhores propostas que ter\u00e3o os\nTermos de Refer\u00eancia disponibilizados no site, assim como a figura ilustrativa\ndo parque proposto. O material permitir\u00e1 que a popula\u00e7\u00e3o participe mais uma vez\npara a escolha da proposta ganhadora.<\/p>\n\n\n\n<p>A vota\u00e7\u00e3o\npopular do melhor projeto constitui a terceira etapa e dever\u00e1 ser realizada\ndurante a Feira Pan-Amaz\u00f4nica do Livro e das Multivozes 2020, em Bel\u00e9m. O\nrespons\u00e1vel pela proposta vencedora ganhar\u00e1 um pr\u00eamio em dinheiro.<\/p>\n\n\n\n<p><strong>Projeto Parque da Cidade<\/strong><\/p>\n\n\n\n<p><strong>Etapa 1 &#8211; Consulta P\u00fablica para escolha de elementos que compor\u00e3o o espa\u00e7o.<\/strong><br>&#8211; Per\u00edodo de vota\u00e7\u00e3o, de at\u00e9 31 de janeiro de 2020.<br>&#8211; <strong><a href=\"http:\/\/parquecidade.com\/\">Vota\u00e7\u00e3o no site parquecidade.com ou no aplicativo Parque da Cidade.<\/a><\/strong><br>&#8211; Cada pessoa pode escolher tr\u00eas elementos por eixo.<br>&#8211; Eixo Lazer e Esporte: Academia ao Ar Livre, Ciclovia e biciclet\u00e1rio, Pista de Copper \/ Jogging, Espa\u00e7o para Parkour, Espa\u00e7o PET, Esta\u00e7\u00e3o(\u00f5es) de Hidrata\u00e7\u00e3o (Bebedouros, Chuveiros), Mesas para Jogos de Tabuleiro, Pared\u00e3o(\u00f5es) para Escalada \/ Rapel, Parque de Skate, Parque Infantil, Pista de BicyCross, Quadra(s) Poliesportivas Cobertas e Quadra(s) Poliesportivas Descobertas.<br>&#8211; Eixo Paisag\u00edstico e Ambiental: \u00c1rea para Piquenique, Coreto(s) com \u00e1rea(s) para descanso e contempla\u00e7\u00e3o, Espa\u00e7o ecoturismo, Fonte com bal\u00e9 de \u00e1guas, Palmeiral, Lago, Quiosques, Pra\u00e7a(s), Mirante, Trilhas para Caminhada e Corrida, Jardins Tem\u00e1ticos.<br>&#8211; Eixo Cultura: Anfiteatro, Memorial da avia\u00e7\u00e3o, Espa\u00e7o gastron\u00f4mico, Espa\u00e7o ao ar livre para artes visuais, Espa\u00e7o(s) coberto(s) para apresenta\u00e7\u00f5es culturais, Espa\u00e7o coberto para empreendedorismo criativo, Espa\u00e7o ecum\u00eanico coberto, Pra\u00e7a das esculturas e Teatro.<br><strong>Etapa 2 \u2013 Concurso P\u00fablico Nacional para escolha de propostas de Estudo Preliminar para o Projeto de Arquitetura, Urbanismo e Paisagismo.<\/strong><br>&#8211; Elabora\u00e7\u00e3o de Termo de Refer\u00eancia para balizar as propostas de escrit\u00f3rios e profissionais.<br>&#8211; Composi\u00e7\u00e3o de j\u00fari externo composto por arquitetos de nome nacional.<br>&#8211; Sele\u00e7\u00e3o de duas propostas.<br>&#8211; Publicidade das selecionas no site.<br><strong>Etapa 3 \u2013 Vota\u00e7\u00e3o P\u00fablica para a escolha da proposta vencedora.<\/strong><br>&#8211; Vota\u00e7\u00e3o aberta para a popula\u00e7\u00e3o durante a Feira Pan-Amaz\u00f4nica do Livro e das Multivozes 2020, em Bel\u00e9m.<br>&#8211; Premia\u00e7\u00e3o da proposta escolhida.<\/p>\n","protected":false},"excerpt":{"rendered":"<p>Bel\u00e9m ganhar\u00e1 um novo parque ambiental e a popula\u00e7\u00e3o poder\u00e1 decidir quais elementos far\u00e3o parte do espa\u00e7o como anfiteatros, quadras esportivas e trilhas. A consulta p\u00fablica ser\u00e1 realizada at\u00e9 o dia 31 de janeiro atrav\u00e9s do site parquecidade.com ou do aplicativo \u201cparque da cidade\u201d. O projeto realizado pelo governo do Estado, atrav\u00e9s da Secretaria de [&hellip;]<\/p>\n","protected":false},"author":11,"featured_media":5836,"comment_status":"open","ping_status":"open","sticky":false,"template":"","format":"standard","meta":{"_monsterinsights_skip_tracking":false,"_monsterinsights_sitenote_active":false,"_monsterinsights_sitenote_note":"","_monsterinsights_sitenote_category":0,"footnotes":""},"categories":[83],"tags":[36,33,114],"class_list":["post-5832","post","type-post","status-publish","format-standard","has-post-thumbnail","hentry","category-ufpa","tag-tecnologia","tag-ufpa","tag-urbanismo","entry","has-media"],"yoast_head":"<!-- This site is optimized with the Yoast SEO plugin v25.1 - https:\/\/yoast.com\/wordpress\/plugins\/seo\/ -->\n<title>Bel\u00e9m ganhar\u00e1 novo Parque Ambiental e popula\u00e7\u00e3o poder\u00e1 escolher elementos de uso do espa\u00e7o. O projeto \u00e9 desenvolvido pela Secult com o apoio da FADESP. - FADESP<\/title>\n<meta name=\"robots\" content=\"index, follow, max-snippet:-1, max-image-preview:large, max-video-preview:-1\" \/>\n<link rel=\"canonical\" href=\"https:\/\/portalfadesp.org.br\/?p=5832\" \/>\n<meta property=\"og:locale\" content=\"pt_BR\" \/>\n<meta property=\"og:type\" content=\"article\" \/>\n<meta property=\"og:title\" content=\"Bel\u00e9m ganhar\u00e1 novo Parque Ambiental e popula\u00e7\u00e3o poder\u00e1 escolher elementos de uso do espa\u00e7o. O projeto \u00e9 desenvolvido pela Secult com o apoio da FADESP. - FADESP\" \/>\n<meta property=\"og:description\" content=\"Bel\u00e9m ganhar\u00e1 um novo parque ambiental e a popula\u00e7\u00e3o poder\u00e1 decidir quais elementos far\u00e3o parte do espa\u00e7o como anfiteatros, quadras esportivas e trilhas. A consulta p\u00fablica ser\u00e1 realizada at\u00e9 o dia 31 de janeiro atrav\u00e9s do site parquecidade.com ou do aplicativo \u201cparque da cidade\u201d. O projeto realizado pelo governo do Estado, atrav\u00e9s da Secretaria de [&hellip;]\" \/>\n<meta property=\"og:url\" content=\"https:\/\/portalfadesp.org.br\/?p=5832\" \/>\n<meta property=\"og:site_name\" content=\"FADESP\" \/>\n<meta property=\"article:publisher\" content=\"https:\/\/www.facebook.com\/Fadesp-138351949524662\/\" \/>\n<meta property=\"article:published_time\" content=\"2020-01-27T12:32:07+00:00\" \/>\n<meta property=\"article:modified_time\" content=\"2020-12-30T15:27:24+00:00\" \/>\n<meta property=\"og:image\" content=\"https:\/\/portalfadesp.org.br\/wp-content\/uploads\/2020\/01\/IMG_1342-1.jpg\" \/>\n\t<meta property=\"og:image:width\" content=\"800\" \/>\n\t<meta property=\"og:image:height\" content=\"533\" \/>\n\t<meta property=\"og:image:type\" content=\"image\/jpeg\" \/>\n<meta name=\"author\" content=\"Lorena Filgueiras\" \/>\n<meta name=\"twitter:card\" content=\"summary_large_image\" \/>\n<meta name=\"twitter:creator\" content=\"@Fadesp\" \/>\n<meta name=\"twitter:site\" content=\"@Fadesp\" \/>\n<meta name=\"twitter:label1\" content=\"Escrito por\" \/>\n\t<meta name=\"twitter:data1\" content=\"Lorena Filgueiras\" \/>\n\t<meta name=\"twitter:label2\" content=\"Est. tempo de leitura\" \/>\n\t<meta name=\"twitter:data2\" content=\"4 minutos\" \/>\n<script type=\"application\/ld+json\" class=\"yoast-schema-graph\">{\"@context\":\"https:\/\/schema.org\",\"@graph\":[{\"@type\":\"Article\",\"@id\":\"https:\/\/portalfadesp.org.br\/?p=5832#article\",\"isPartOf\":{\"@id\":\"https:\/\/portalfadesp.org.br\/?p=5832\"},\"author\":{\"name\":\"Lorena Filgueiras\",\"@id\":\"https:\/\/portalfadesp.org.br\/#\/schema\/person\/c1fa9db0c87dc412d1568e0e5e27be9c\"},\"headline\":\"Bel\u00e9m ganhar\u00e1 novo Parque Ambiental e popula\u00e7\u00e3o poder\u00e1 escolher elementos de uso do espa\u00e7o. O projeto \u00e9 desenvolvido pela Secult com o apoio da FADESP.\",\"datePublished\":\"2020-01-27T12:32:07+00:00\",\"dateModified\":\"2020-12-30T15:27:24+00:00\",\"mainEntityOfPage\":{\"@id\":\"https:\/\/portalfadesp.org.br\/?p=5832\"},\"wordCount\":818,\"commentCount\":0,\"publisher\":{\"@id\":\"https:\/\/portalfadesp.org.br\/#organization\"},\"image\":{\"@id\":\"https:\/\/portalfadesp.org.br\/?p=5832#primaryimage\"},\"thumbnailUrl\":\"https:\/\/portalfadesp.org.br\/wp-content\/uploads\/2020\/01\/IMG_1342-1.jpg\",\"keywords\":[\"tecnologia\",\"UFPA\",\"urbanismo\"],\"articleSection\":[\"UFPA\"],\"inLanguage\":\"pt-BR\"},{\"@type\":\"WebPage\",\"@id\":\"https:\/\/portalfadesp.org.br\/?p=5832\",\"url\":\"https:\/\/portalfadesp.org.br\/?p=5832\",\"name\":\"Bel\u00e9m ganhar\u00e1 novo Parque Ambiental e popula\u00e7\u00e3o poder\u00e1 escolher elementos de uso do espa\u00e7o. O projeto \u00e9 desenvolvido pela Secult com o apoio da FADESP. - FADESP\",\"isPartOf\":{\"@id\":\"https:\/\/portalfadesp.org.br\/#website\"},\"primaryImageOfPage\":{\"@id\":\"https:\/\/portalfadesp.org.br\/?p=5832#primaryimage\"},\"image\":{\"@id\":\"https:\/\/portalfadesp.org.br\/?p=5832#primaryimage\"},\"thumbnailUrl\":\"https:\/\/portalfadesp.org.br\/wp-content\/uploads\/2020\/01\/IMG_1342-1.jpg\",\"datePublished\":\"2020-01-27T12:32:07+00:00\",\"dateModified\":\"2020-12-30T15:27:24+00:00\",\"breadcrumb\":{\"@id\":\"https:\/\/portalfadesp.org.br\/?p=5832#breadcrumb\"},\"inLanguage\":\"pt-BR\",\"potentialAction\":[{\"@type\":\"ReadAction\",\"target\":[\"https:\/\/portalfadesp.org.br\/?p=5832\"]}]},{\"@type\":\"ImageObject\",\"inLanguage\":\"pt-BR\",\"@id\":\"https:\/\/portalfadesp.org.br\/?p=5832#primaryimage\",\"url\":\"https:\/\/portalfadesp.org.br\/wp-content\/uploads\/2020\/01\/IMG_1342-1.jpg\",\"contentUrl\":\"https:\/\/portalfadesp.org.br\/wp-content\/uploads\/2020\/01\/IMG_1342-1.jpg\",\"width\":800,\"height\":533},{\"@type\":\"BreadcrumbList\",\"@id\":\"https:\/\/portalfadesp.org.br\/?p=5832#breadcrumb\",\"itemListElement\":[{\"@type\":\"ListItem\",\"position\":1,\"name\":\"In\u00edcio\",\"item\":\"https:\/\/portalfadesp.org.br\/\"},{\"@type\":\"ListItem\",\"position\":2,\"name\":\"Bel\u00e9m ganhar\u00e1 novo Parque Ambiental e popula\u00e7\u00e3o poder\u00e1 escolher elementos de uso do espa\u00e7o. O projeto \u00e9 desenvolvido pela Secult com o apoio da FADESP.\"}]},{\"@type\":\"WebSite\",\"@id\":\"https:\/\/portalfadesp.org.br\/#website\",\"url\":\"https:\/\/portalfadesp.org.br\/\",\"name\":\"FADESP\",\"description\":\"Funda\u00e7\u00e3o de Amparo e Desenvolvimento da Pesquisa\",\"publisher\":{\"@id\":\"https:\/\/portalfadesp.org.br\/#organization\"},\"potentialAction\":[{\"@type\":\"SearchAction\",\"target\":{\"@type\":\"EntryPoint\",\"urlTemplate\":\"https:\/\/portalfadesp.org.br\/?s={search_term_string}\"},\"query-input\":{\"@type\":\"PropertyValueSpecification\",\"valueRequired\":true,\"valueName\":\"search_term_string\"}}],\"inLanguage\":\"pt-BR\"},{\"@type\":\"Organization\",\"@id\":\"https:\/\/portalfadesp.org.br\/#organization\",\"name\":\"FADESP\",\"url\":\"https:\/\/portalfadesp.org.br\/\",\"logo\":{\"@type\":\"ImageObject\",\"inLanguage\":\"pt-BR\",\"@id\":\"https:\/\/portalfadesp.org.br\/#\/schema\/logo\/image\/\",\"url\":\"https:\/\/portalfadesp.org.br\/wp-content\/uploads\/2024\/01\/NOVOLOGOFADESPlaranjaH.png\",\"contentUrl\":\"https:\/\/portalfadesp.org.br\/wp-content\/uploads\/2024\/01\/NOVOLOGOFADESPlaranjaH.png\",\"width\":2742,\"height\":839,\"caption\":\"FADESP\"},\"image\":{\"@id\":\"https:\/\/portalfadesp.org.br\/#\/schema\/logo\/image\/\"},\"sameAs\":[\"https:\/\/www.facebook.com\/Fadesp-138351949524662\/\",\"https:\/\/x.com\/Fadesp\",\"https:\/\/www.instagram.com\/fadesp_ufpa\/\",\"https:\/\/www.youtube.com\/@fundacaodeamparoedesenvolv1903\",\"https:\/\/www.threads.net\/@fadesp_ufpa\"]},{\"@type\":\"Person\",\"@id\":\"https:\/\/portalfadesp.org.br\/#\/schema\/person\/c1fa9db0c87dc412d1568e0e5e27be9c\",\"name\":\"Lorena Filgueiras\",\"image\":{\"@type\":\"ImageObject\",\"inLanguage\":\"pt-BR\",\"@id\":\"https:\/\/portalfadesp.org.br\/#\/schema\/person\/image\/\",\"url\":\"https:\/\/secure.gravatar.com\/avatar\/37390a2dfe1325c2917fc5f6df471abe8ab753cf23b2d14690f57bd61ab4b7cf?s=96&d=mm&r=g\",\"contentUrl\":\"https:\/\/secure.gravatar.com\/avatar\/37390a2dfe1325c2917fc5f6df471abe8ab753cf23b2d14690f57bd61ab4b7cf?s=96&d=mm&r=g\",\"caption\":\"Lorena Filgueiras\"},\"url\":\"https:\/\/portalfadesp.org.br\/?author=11\"}]}<\/script>\n<!-- \/ Yoast SEO plugin. -->","yoast_head_json":{"title":"Bel\u00e9m ganhar\u00e1 novo Parque Ambiental e popula\u00e7\u00e3o poder\u00e1 escolher elementos de uso do espa\u00e7o. O projeto \u00e9 desenvolvido pela Secult com o apoio da FADESP. - FADESP","robots":{"index":"index","follow":"follow","max-snippet":"max-snippet:-1","max-image-preview":"max-image-preview:large","max-video-preview":"max-video-preview:-1"},"canonical":"https:\/\/portalfadesp.org.br\/?p=5832","og_locale":"pt_BR","og_type":"article","og_title":"Bel\u00e9m ganhar\u00e1 novo Parque Ambiental e popula\u00e7\u00e3o poder\u00e1 escolher elementos de uso do espa\u00e7o. O projeto \u00e9 desenvolvido pela Secult com o apoio da FADESP. - FADESP","og_description":"Bel\u00e9m ganhar\u00e1 um novo parque ambiental e a popula\u00e7\u00e3o poder\u00e1 decidir quais elementos far\u00e3o parte do espa\u00e7o como anfiteatros, quadras esportivas e trilhas. A consulta p\u00fablica ser\u00e1 realizada at\u00e9 o dia 31 de janeiro atrav\u00e9s do site parquecidade.com ou do aplicativo \u201cparque da cidade\u201d. O projeto realizado pelo governo do Estado, atrav\u00e9s da Secretaria de [&hellip;]","og_url":"https:\/\/portalfadesp.org.br\/?p=5832","og_site_name":"FADESP","article_publisher":"https:\/\/www.facebook.com\/Fadesp-138351949524662\/","article_published_time":"2020-01-27T12:32:07+00:00","article_modified_time":"2020-12-30T15:27:24+00:00","og_image":[{"width":800,"height":533,"url":"https:\/\/portalfadesp.org.br\/wp-content\/uploads\/2020\/01\/IMG_1342-1.jpg","type":"image\/jpeg"}],"author":"Lorena Filgueiras","twitter_card":"summary_large_image","twitter_creator":"@Fadesp","twitter_site":"@Fadesp","twitter_misc":{"Escrito por":"Lorena Filgueiras","Est. tempo de leitura":"4 minutos"},"schema":{"@context":"https:\/\/schema.org","@graph":[{"@type":"Article","@id":"https:\/\/portalfadesp.org.br\/?p=5832#article","isPartOf":{"@id":"https:\/\/portalfadesp.org.br\/?p=5832"},"author":{"name":"Lorena Filgueiras","@id":"https:\/\/portalfadesp.org.br\/#\/schema\/person\/c1fa9db0c87dc412d1568e0e5e27be9c"},"headline":"Bel\u00e9m ganhar\u00e1 novo Parque Ambiental e popula\u00e7\u00e3o poder\u00e1 escolher elementos de uso do espa\u00e7o. O projeto \u00e9 desenvolvido pela Secult com o apoio da FADESP.","datePublished":"2020-01-27T12:32:07+00:00","dateModified":"2020-12-30T15:27:24+00:00","mainEntityOfPage":{"@id":"https:\/\/portalfadesp.org.br\/?p=5832"},"wordCount":818,"commentCount":0,"publisher":{"@id":"https:\/\/portalfadesp.org.br\/#organization"},"image":{"@id":"https:\/\/portalfadesp.org.br\/?p=5832#primaryimage"},"thumbnailUrl":"https:\/\/portalfadesp.org.br\/wp-content\/uploads\/2020\/01\/IMG_1342-1.jpg","keywords":["tecnologia","UFPA","urbanismo"],"articleSection":["UFPA"],"inLanguage":"pt-BR"},{"@type":"WebPage","@id":"https:\/\/portalfadesp.org.br\/?p=5832","url":"https:\/\/portalfadesp.org.br\/?p=5832","name":"Bel\u00e9m ganhar\u00e1 novo Parque Ambiental e popula\u00e7\u00e3o poder\u00e1 escolher elementos de uso do espa\u00e7o. O projeto \u00e9 desenvolvido pela Secult com o apoio da FADESP. - FADESP","isPartOf":{"@id":"https:\/\/portalfadesp.org.br\/#website"},"primaryImageOfPage":{"@id":"https:\/\/portalfadesp.org.br\/?p=5832#primaryimage"},"image":{"@id":"https:\/\/portalfadesp.org.br\/?p=5832#primaryimage"},"thumbnailUrl":"https:\/\/portalfadesp.org.br\/wp-content\/uploads\/2020\/01\/IMG_1342-1.jpg","datePublished":"2020-01-27T12:32:07+00:00","dateModified":"2020-12-30T15:27:24+00:00","breadcrumb":{"@id":"https:\/\/portalfadesp.org.br\/?p=5832#breadcrumb"},"inLanguage":"pt-BR","potentialAction":[{"@type":"ReadAction","target":["https:\/\/portalfadesp.org.br\/?p=5832"]}]},{"@type":"ImageObject","inLanguage":"pt-BR","@id":"https:\/\/portalfadesp.org.br\/?p=5832#primaryimage","url":"https:\/\/portalfadesp.org.br\/wp-content\/uploads\/2020\/01\/IMG_1342-1.jpg","contentUrl":"https:\/\/portalfadesp.org.br\/wp-content\/uploads\/2020\/01\/IMG_1342-1.jpg","width":800,"height":533},{"@type":"BreadcrumbList","@id":"https:\/\/portalfadesp.org.br\/?p=5832#breadcrumb","itemListElement":[{"@type":"ListItem","position":1,"name":"In\u00edcio","item":"https:\/\/portalfadesp.org.br\/"},{"@type":"ListItem","position":2,"name":"Bel\u00e9m ganhar\u00e1 novo Parque Ambiental e popula\u00e7\u00e3o poder\u00e1 escolher elementos de uso do espa\u00e7o. O projeto \u00e9 desenvolvido pela Secult com o apoio da FADESP."}]},{"@type":"WebSite","@id":"https:\/\/portalfadesp.org.br\/#website","url":"https:\/\/portalfadesp.org.br\/","name":"FADESP","description":"Funda\u00e7\u00e3o de Amparo e Desenvolvimento da Pesquisa","publisher":{"@id":"https:\/\/portalfadesp.org.br\/#organization"},"potentialAction":[{"@type":"SearchAction","target":{"@type":"EntryPoint","urlTemplate":"https:\/\/portalfadesp.org.br\/?s={search_term_string}"},"query-input":{"@type":"PropertyValueSpecification","valueRequired":true,"valueName":"search_term_string"}}],"inLanguage":"pt-BR"},{"@type":"Organization","@id":"https:\/\/portalfadesp.org.br\/#organization","name":"FADESP","url":"https:\/\/portalfadesp.org.br\/","logo":{"@type":"ImageObject","inLanguage":"pt-BR","@id":"https:\/\/portalfadesp.org.br\/#\/schema\/logo\/image\/","url":"https:\/\/portalfadesp.org.br\/wp-content\/uploads\/2024\/01\/NOVOLOGOFADESPlaranjaH.png","contentUrl":"https:\/\/portalfadesp.org.br\/wp-content\/uploads\/2024\/01\/NOVOLOGOFADESPlaranjaH.png","width":2742,"height":839,"caption":"FADESP"},"image":{"@id":"https:\/\/portalfadesp.org.br\/#\/schema\/logo\/image\/"},"sameAs":["https:\/\/www.facebook.com\/Fadesp-138351949524662\/","https:\/\/x.com\/Fadesp","https:\/\/www.instagram.com\/fadesp_ufpa\/","https:\/\/www.youtube.com\/@fundacaodeamparoedesenvolv1903","https:\/\/www.threads.net\/@fadesp_ufpa"]},{"@type":"Person","@id":"https:\/\/portalfadesp.org.br\/#\/schema\/person\/c1fa9db0c87dc412d1568e0e5e27be9c","name":"Lorena Filgueiras","image":{"@type":"ImageObject","inLanguage":"pt-BR","@id":"https:\/\/portalfadesp.org.br\/#\/schema\/person\/image\/","url":"https:\/\/secure.gravatar.com\/avatar\/37390a2dfe1325c2917fc5f6df471abe8ab753cf23b2d14690f57bd61ab4b7cf?s=96&d=mm&r=g","contentUrl":"https:\/\/secure.gravatar.com\/avatar\/37390a2dfe1325c2917fc5f6df471abe8ab753cf23b2d14690f57bd61ab4b7cf?s=96&d=mm&r=g","caption":"Lorena Filgueiras"},"url":"https:\/\/portalfadesp.org.br\/?author=11"}]}},"_links":{"self":[{"href":"https:\/\/portalfadesp.org.br\/index.php?rest_route=\/wp\/v2\/posts\/5832","targetHints":{"allow":["GET"]}}],"collection":[{"href":"https:\/\/portalfadesp.org.br\/index.php?rest_route=\/wp\/v2\/posts"}],"about":[{"href":"https:\/\/portalfadesp.org.br\/index.php?rest_route=\/wp\/v2\/types\/post"}],"author":[{"embeddable":true,"href":"https:\/\/portalfadesp.org.br\/index.php?rest_route=\/wp\/v2\/users\/11"}],"replies":[{"embeddable":true,"href":"https:\/\/portalfadesp.org.br\/index.php?rest_route=%2Fwp%2Fv2%2Fcomments&post=5832"}],"version-history":[{"count":3,"href":"https:\/\/portalfadesp.org.br\/index.php?rest_route=\/wp\/v2\/posts\/5832\/revisions"}],"predecessor-version":[{"id":5854,"href":"https:\/\/portalfadesp.org.br\/index.php?rest_route=\/wp\/v2\/posts\/5832\/revisions\/5854"}],"wp:featuredmedia":[{"embeddable":true,"href":"https:\/\/portalfadesp.org.br\/index.php?rest_route=\/wp\/v2\/media\/5836"}],"wp:attachment":[{"href":"https:\/\/portalfadesp.org.br\/index.php?rest_route=%2Fwp%2Fv2%2Fmedia&parent=5832"}],"wp:term":[{"taxonomy":"category","embeddable":true,"href":"https:\/\/portalfadesp.org.br\/index.php?rest_route=%2Fwp%2Fv2%2Fcategories&post=5832"},{"taxonomy":"post_tag","embeddable":true,"href":"https:\/\/portalfadesp.org.br\/index.php?rest_route=%2Fwp%2Fv2%2Ftags&post=5832"}],"curies":[{"name":"wp","href":"https:\/\/api.w.org\/{rel}","templated":true}]}}