{"id":5761,"date":"2020-01-21T09:57:47","date_gmt":"2020-01-21T12:57:47","guid":{"rendered":"https:\/\/162.215.13.167?p=5761"},"modified":"2022-12-20T17:03:28","modified_gmt":"2022-12-20T20:03:28","slug":"escola-de-aplicacao-da-ufpa-inscreve-para-turmas-de-2020-ate-hoje-21","status":"publish","type":"post","link":"https:\/\/portalfadesp.org.br\/?p=5761","title":{"rendered":"Escola de Aplica\u00e7\u00e3o da UFPA inscreve para turmas de 2020 at\u00e9 hoje, 21."},"content":{"rendered":"\n<p>A Escola de Aplica\u00e7\u00e3o da Universidade Federal do Par\u00e1 (EAP) iniciou, nesta sexta-feira, 17 de janeiro, as inscri\u00e7\u00f5es para as vagas das turmas de Educa\u00e7\u00e3o Infantil, Ensino Fundamental I e II e n\u00edvel M\u00e9dio, do ano letivo de 2020. Neste ano, as inscri\u00e7\u00f5es devem ser realizadas via\u00a0internet, <strong><a href=\"https:\/\/portalfadesp.org.br\/?page_id=5669\" target=\"_blank\" rel=\"noreferrer noopener\">no site de concursos da FADESP, <\/a><\/strong>no per\u00edodo de 17 a 21 de janeiro. O preenchimento das vagas ser\u00e1 feito por meio de sorteio p\u00fablico.<\/p>\n\n\n\n<p>Para concorrer \u00e0s vagas oferecidas pela Escola de Aplica\u00e7\u00e3o,\u00a0 \u00e9 necess\u00e1rio que os candidatos estejam seguindo todos os crit\u00e9rios de idade da s\u00e9rie escolhida, de acordo com o disposto no\u00a0<a href=\"..\/wp-content\/uploads\/2020\/01\/EDITAL-ESCOLA-DE-APLICA%C3%87%C3%83O.pdf\">Edital de inscri\u00e7\u00e3o<\/a>.<\/p>\n\n\n\n<p>Na Educa\u00e7\u00e3o Infantil,&nbsp; ser\u00e3o ofertadas 15 vagas para matriculas imediatas e 30 ficar\u00e3o em cadastro reserva. Para o Ensino Fundamental I, s\u00e3o ofertadas 10 vagas imediatas para turmas do primeiro ano e 20 para as turmas do segundo ao quinto ano. O cadastro reserva de cada uma dessas turmas contar\u00e1 com 20 candidatos.<\/p>\n\n\n\n<p>No Ensino Fundamental II, o 6\u00b0 ano tem dispon\u00edvel 20 vagas, enquanto o 7\u00ba, o 8\u00ba e o 9\u00ba anos disponibilizam duas vagas cada um. Para compor o cadastro reserva do Ensino Fundamental II, ser\u00e3o sorteados 20 candidatos para a turma do 6\u00ba ano e 10 para as turmas do 7\u00ba ao 9\u00ba anos.<\/p>\n\n\n\n<p>J\u00e1 as turmas do primeiro e do segundo ano do Ensino M\u00e9dio contam, cada uma, com 60 vagas imediatas para matr\u00edcula e mais 40 vagas para o cadastro reserva.<\/p>\n\n\n\n<p><strong>Inscri\u00e7\u00f5es &#8211;\u00a0<\/strong>As inscri\u00e7\u00f5es ser\u00e3o realizadas por meio do<strong><a href=\"https:\/\/portalfadesp.org.br\/?page_id=5669\" target=\"_blank\" rel=\"noreferrer noopener\">\u00a0site da Fadesp\u00a0<\/a><\/strong>no per\u00edodo de 17\/01\/2020 a 21\/01\/2020. O candidato dever\u00e1 imprimir o comprovante de inscri\u00e7\u00e3o e o Boleto Banc\u00e1rio no valor de R$ 20, que pode ser pago at\u00e9 o dia 22\/01\/2020. O comprovante de pagamento dever\u00e1 ser impresso para fins de comprova\u00e7\u00e3o.<\/p>\n\n\n\n<p>Se necess\u00e1rio, o candidato poder\u00e1 ainda solicitar desconto ou isen\u00e7\u00e3o do valor da taxa de inscri\u00e7\u00e3o, no per\u00edodo de inscri\u00e7\u00f5es, junto ao site respons\u00e1vel, atrav\u00e9s do Cadastro \u00danico. O atendimento desta solicita\u00e7\u00e3o \u00e9 condicionado \u00e0 an\u00e1lise do perfil socioecon\u00f4mico da fam\u00edlia.<\/p>\n\n\n\n<p><strong>Sorteio &#8211;&nbsp;<\/strong>As vagas ser\u00e3o ofertadas por meio de sorteio, que ser\u00e1 realizado no dia 30 de janeiro, nos seguintes hor\u00e1rios: 8h00 \u00e0s 10h00 Educa\u00e7\u00e3o Infantil (Pr\u00e9 I), das 10h00 \u00e0s 12h00 Ensino Fundamental I (1\u00b0 ao 5\u00b0 ano), das 13h30 \u00e0s 15h00 Ensino Fundamental II (6\u00b0 ao 9\u00ba ano) e das 15h00 \u00e0s 17h30 Ensino M\u00e9dio (1\u00ba e 2\u00ba anos).<\/p>\n\n\n\n<p>Para acompanhamento do sorteio, ser\u00e1 fixado em mural, nos quadros de aviso da Escola de Aplica\u00e7\u00e3o da UFPA, uma lista contendo n\u00famero de inscri\u00e7\u00e3o e o nome do candidato por n\u00edveis e ano de ensino. O sorteio acontecer\u00e1 no Sal\u00e3o Vermelho da Escola de Aplica\u00e7\u00e3o, da UFPA, situado nas instala\u00e7\u00f5es do Ensino Fundamental.<\/p>\n\n\n\n<p><strong>Matr\u00edcula \u2013&nbsp;<\/strong>Deve ser realizada no dia 31 de janeiro de 2020, no hor\u00e1rio de 08h:00 \u00e0s 12h:00 nas Coordena\u00e7\u00f5es de Educa\u00e7\u00e3o Infantil, Fundamental I e Ensino M\u00e9dio e das 14h00 \u00e0s 17h30 na Coordena\u00e7\u00e3o do Fundamental II.<\/p>\n\n\n\n<p>No ato da matr\u00edcula, o representante legal do sorteado dever\u00e1 levar as fichas do&nbsp;<em>kit<\/em>&nbsp;de matr\u00edcula, a c\u00f3pia e o original da carteira de vacina\u00e7\u00e3o, a c\u00f3pia do comprovante de resid\u00eancia e cinco fotos 3&#215;4 recentes. Al\u00e9m disso ser\u00e1 necess\u00e1rio apresentar o comprovante da documenta\u00e7\u00e3o escolar conforme o ano pretendido em suas respectivas coordena\u00e7\u00f5es de ensino e apresentar laudo m\u00e9dico (para as vagas destinadas \u00e0s pessoas com defici\u00eancia).<\/p>\n\n\n\n<p><strong>EAP \u2013&nbsp;<\/strong>A Escola de Aplica\u00e7\u00e3o \u00e9 uma unidade acad\u00eamica especial pertencente \u00e0 UFPA que visa operacionalizar sua pr\u00e1tica pedag\u00f3gica com base na pluralidade metodol\u00f3gica. Eixos como interdisciplinaridade, multiculturalismo e a educa\u00e7\u00e3o inclusiva norteiam o fazer pedag\u00f3gico, que se realiza com base na busca de a\u00e7\u00f5es inovadoras que contribuam para a forma\u00e7\u00e3o de sujeitos cr\u00edticos e aut\u00f4nomos.<\/p>\n\n\n\n<p><strong>Servi\u00e7o:<\/strong><br>Inscri\u00e7\u00f5es para turmas 2020 da Escola de Aplica\u00e7\u00e3o da UFPA (EAP)<br>Data: 17\/01\/2020 a 21\/01\/2020<br>Valor do investimento: 20 reais<br>Mais informa\u00e7\u00f5es no\u00a0<a href=\"..\/wp-content\/uploads\/2020\/01\/EDITAL-ESCOLA-DE-APLICA%C3%87%C3%83O.pdf\">Edital<\/a>.<br>Texto: Gilberto Moura &#8211; Assessoria de Comunica\u00e7\u00e3o da UFPA<br>Foto: Mari Chiba<\/p>\n","protected":false},"excerpt":{"rendered":"<p>A Escola de Aplica\u00e7\u00e3o da Universidade Federal do Par\u00e1 (EAP) iniciou, nesta sexta-feira, 17 de janeiro, as inscri\u00e7\u00f5es para as vagas das turmas de Educa\u00e7\u00e3o Infantil, Ensino Fundamental I e II e n\u00edvel M\u00e9dio, do ano letivo de 2020. Neste ano, as inscri\u00e7\u00f5es devem ser realizadas via\u00a0internet, no site de concursos da FADESP, no per\u00edodo [&hellip;]<\/p>\n","protected":false},"author":11,"featured_media":5736,"comment_status":"open","ping_status":"open","sticky":false,"template":"","format":"standard","meta":{"_monsterinsights_skip_tracking":false,"_monsterinsights_sitenote_active":false,"_monsterinsights_sitenote_note":"","_monsterinsights_sitenote_category":0,"footnotes":""},"categories":[83],"tags":[112,65,33],"class_list":["post-5761","post","type-post","status-publish","format-standard","has-post-thumbnail","hentry","category-ufpa","tag-ensino-basico","tag-processo-seletivo","tag-ufpa","entry","has-media"],"yoast_head":"<!-- This site is optimized with the Yoast SEO plugin v25.1 - https:\/\/yoast.com\/wordpress\/plugins\/seo\/ -->\n<title>Escola de Aplica\u00e7\u00e3o da UFPA inscreve para turmas de 2020 at\u00e9 hoje, 21. - FADESP<\/title>\n<meta name=\"robots\" content=\"index, follow, max-snippet:-1, max-image-preview:large, max-video-preview:-1\" \/>\n<link rel=\"canonical\" href=\"https:\/\/portalfadesp.org.br\/?p=5761\" \/>\n<meta property=\"og:locale\" content=\"pt_BR\" \/>\n<meta property=\"og:type\" content=\"article\" \/>\n<meta property=\"og:title\" content=\"Escola de Aplica\u00e7\u00e3o da UFPA inscreve para turmas de 2020 at\u00e9 hoje, 21. - FADESP\" \/>\n<meta property=\"og:description\" content=\"A Escola de Aplica\u00e7\u00e3o da Universidade Federal do Par\u00e1 (EAP) iniciou, nesta sexta-feira, 17 de janeiro, as inscri\u00e7\u00f5es para as vagas das turmas de Educa\u00e7\u00e3o Infantil, Ensino Fundamental I e II e n\u00edvel M\u00e9dio, do ano letivo de 2020. Neste ano, as inscri\u00e7\u00f5es devem ser realizadas via\u00a0internet, no site de concursos da FADESP, no per\u00edodo [&hellip;]\" \/>\n<meta property=\"og:url\" content=\"https:\/\/portalfadesp.org.br\/?p=5761\" \/>\n<meta property=\"og:site_name\" content=\"FADESP\" \/>\n<meta property=\"article:publisher\" content=\"https:\/\/www.facebook.com\/Fadesp-138351949524662\/\" \/>\n<meta property=\"article:published_time\" content=\"2020-01-21T12:57:47+00:00\" \/>\n<meta property=\"article:modified_time\" content=\"2022-12-20T20:03:28+00:00\" \/>\n<meta property=\"og:image\" content=\"https:\/\/portalfadesp.org.br\/wp-content\/uploads\/2020\/01\/Escola-de-Aplica\u00e7\u00e3o.jpg\" \/>\n\t<meta property=\"og:image:width\" content=\"1000\" \/>\n\t<meta property=\"og:image:height\" content=\"567\" \/>\n\t<meta property=\"og:image:type\" content=\"image\/jpeg\" \/>\n<meta name=\"author\" content=\"Lorena Filgueiras\" \/>\n<meta name=\"twitter:card\" content=\"summary_large_image\" \/>\n<meta name=\"twitter:creator\" content=\"@Fadesp\" \/>\n<meta name=\"twitter:site\" content=\"@Fadesp\" \/>\n<meta name=\"twitter:label1\" content=\"Escrito por\" \/>\n\t<meta name=\"twitter:data1\" content=\"Lorena Filgueiras\" \/>\n\t<meta name=\"twitter:label2\" content=\"Est. tempo de leitura\" \/>\n\t<meta name=\"twitter:data2\" content=\"3 minutos\" \/>\n<script type=\"application\/ld+json\" class=\"yoast-schema-graph\">{\"@context\":\"https:\/\/schema.org\",\"@graph\":[{\"@type\":\"Article\",\"@id\":\"https:\/\/portalfadesp.org.br\/?p=5761#article\",\"isPartOf\":{\"@id\":\"https:\/\/portalfadesp.org.br\/?p=5761\"},\"author\":{\"name\":\"Lorena Filgueiras\",\"@id\":\"https:\/\/portalfadesp.org.br\/#\/schema\/person\/c1fa9db0c87dc412d1568e0e5e27be9c\"},\"headline\":\"Escola de Aplica\u00e7\u00e3o da UFPA inscreve para turmas de 2020 at\u00e9 hoje, 21.\",\"datePublished\":\"2020-01-21T12:57:47+00:00\",\"dateModified\":\"2022-12-20T20:03:28+00:00\",\"mainEntityOfPage\":{\"@id\":\"https:\/\/portalfadesp.org.br\/?p=5761\"},\"wordCount\":707,\"commentCount\":0,\"publisher\":{\"@id\":\"https:\/\/portalfadesp.org.br\/#organization\"},\"image\":{\"@id\":\"https:\/\/portalfadesp.org.br\/?p=5761#primaryimage\"},\"thumbnailUrl\":\"https:\/\/portalfadesp.org.br\/wp-content\/uploads\/2020\/01\/Escola-de-Aplica\u00e7\u00e3o.jpg\",\"keywords\":[\"Ensino B\u00e1sico\",\"processo seletivo\",\"UFPA\"],\"articleSection\":[\"UFPA\"],\"inLanguage\":\"pt-BR\"},{\"@type\":\"WebPage\",\"@id\":\"https:\/\/portalfadesp.org.br\/?p=5761\",\"url\":\"https:\/\/portalfadesp.org.br\/?p=5761\",\"name\":\"Escola de Aplica\u00e7\u00e3o da UFPA inscreve para turmas de 2020 at\u00e9 hoje, 21. - FADESP\",\"isPartOf\":{\"@id\":\"https:\/\/portalfadesp.org.br\/#website\"},\"primaryImageOfPage\":{\"@id\":\"https:\/\/portalfadesp.org.br\/?p=5761#primaryimage\"},\"image\":{\"@id\":\"https:\/\/portalfadesp.org.br\/?p=5761#primaryimage\"},\"thumbnailUrl\":\"https:\/\/portalfadesp.org.br\/wp-content\/uploads\/2020\/01\/Escola-de-Aplica\u00e7\u00e3o.jpg\",\"datePublished\":\"2020-01-21T12:57:47+00:00\",\"dateModified\":\"2022-12-20T20:03:28+00:00\",\"breadcrumb\":{\"@id\":\"https:\/\/portalfadesp.org.br\/?p=5761#breadcrumb\"},\"inLanguage\":\"pt-BR\",\"potentialAction\":[{\"@type\":\"ReadAction\",\"target\":[\"https:\/\/portalfadesp.org.br\/?p=5761\"]}]},{\"@type\":\"ImageObject\",\"inLanguage\":\"pt-BR\",\"@id\":\"https:\/\/portalfadesp.org.br\/?p=5761#primaryimage\",\"url\":\"https:\/\/portalfadesp.org.br\/wp-content\/uploads\/2020\/01\/Escola-de-Aplica\u00e7\u00e3o.jpg\",\"contentUrl\":\"https:\/\/portalfadesp.org.br\/wp-content\/uploads\/2020\/01\/Escola-de-Aplica\u00e7\u00e3o.jpg\",\"width\":1000,\"height\":567},{\"@type\":\"BreadcrumbList\",\"@id\":\"https:\/\/portalfadesp.org.br\/?p=5761#breadcrumb\",\"itemListElement\":[{\"@type\":\"ListItem\",\"position\":1,\"name\":\"In\u00edcio\",\"item\":\"https:\/\/portalfadesp.org.br\/\"},{\"@type\":\"ListItem\",\"position\":2,\"name\":\"Escola de Aplica\u00e7\u00e3o da UFPA inscreve para turmas de 2020 at\u00e9 hoje, 21.\"}]},{\"@type\":\"WebSite\",\"@id\":\"https:\/\/portalfadesp.org.br\/#website\",\"url\":\"https:\/\/portalfadesp.org.br\/\",\"name\":\"FADESP\",\"description\":\"Funda\u00e7\u00e3o de Amparo e Desenvolvimento da Pesquisa\",\"publisher\":{\"@id\":\"https:\/\/portalfadesp.org.br\/#organization\"},\"potentialAction\":[{\"@type\":\"SearchAction\",\"target\":{\"@type\":\"EntryPoint\",\"urlTemplate\":\"https:\/\/portalfadesp.org.br\/?s={search_term_string}\"},\"query-input\":{\"@type\":\"PropertyValueSpecification\",\"valueRequired\":true,\"valueName\":\"search_term_string\"}}],\"inLanguage\":\"pt-BR\"},{\"@type\":\"Organization\",\"@id\":\"https:\/\/portalfadesp.org.br\/#organization\",\"name\":\"FADESP\",\"url\":\"https:\/\/portalfadesp.org.br\/\",\"logo\":{\"@type\":\"ImageObject\",\"inLanguage\":\"pt-BR\",\"@id\":\"https:\/\/portalfadesp.org.br\/#\/schema\/logo\/image\/\",\"url\":\"https:\/\/portalfadesp.org.br\/wp-content\/uploads\/2024\/01\/NOVOLOGOFADESPlaranjaH.png\",\"contentUrl\":\"https:\/\/portalfadesp.org.br\/wp-content\/uploads\/2024\/01\/NOVOLOGOFADESPlaranjaH.png\",\"width\":2742,\"height\":839,\"caption\":\"FADESP\"},\"image\":{\"@id\":\"https:\/\/portalfadesp.org.br\/#\/schema\/logo\/image\/\"},\"sameAs\":[\"https:\/\/www.facebook.com\/Fadesp-138351949524662\/\",\"https:\/\/x.com\/Fadesp\",\"https:\/\/www.instagram.com\/fadesp_ufpa\/\",\"https:\/\/www.youtube.com\/@fundacaodeamparoedesenvolv1903\",\"https:\/\/www.threads.net\/@fadesp_ufpa\"]},{\"@type\":\"Person\",\"@id\":\"https:\/\/portalfadesp.org.br\/#\/schema\/person\/c1fa9db0c87dc412d1568e0e5e27be9c\",\"name\":\"Lorena Filgueiras\",\"image\":{\"@type\":\"ImageObject\",\"inLanguage\":\"pt-BR\",\"@id\":\"https:\/\/portalfadesp.org.br\/#\/schema\/person\/image\/\",\"url\":\"https:\/\/secure.gravatar.com\/avatar\/37390a2dfe1325c2917fc5f6df471abe8ab753cf23b2d14690f57bd61ab4b7cf?s=96&d=mm&r=g\",\"contentUrl\":\"https:\/\/secure.gravatar.com\/avatar\/37390a2dfe1325c2917fc5f6df471abe8ab753cf23b2d14690f57bd61ab4b7cf?s=96&d=mm&r=g\",\"caption\":\"Lorena Filgueiras\"},\"url\":\"https:\/\/portalfadesp.org.br\/?author=11\"}]}<\/script>\n<!-- \/ Yoast SEO plugin. -->","yoast_head_json":{"title":"Escola de Aplica\u00e7\u00e3o da UFPA inscreve para turmas de 2020 at\u00e9 hoje, 21. - FADESP","robots":{"index":"index","follow":"follow","max-snippet":"max-snippet:-1","max-image-preview":"max-image-preview:large","max-video-preview":"max-video-preview:-1"},"canonical":"https:\/\/portalfadesp.org.br\/?p=5761","og_locale":"pt_BR","og_type":"article","og_title":"Escola de Aplica\u00e7\u00e3o da UFPA inscreve para turmas de 2020 at\u00e9 hoje, 21. - FADESP","og_description":"A Escola de Aplica\u00e7\u00e3o da Universidade Federal do Par\u00e1 (EAP) iniciou, nesta sexta-feira, 17 de janeiro, as inscri\u00e7\u00f5es para as vagas das turmas de Educa\u00e7\u00e3o Infantil, Ensino Fundamental I e II e n\u00edvel M\u00e9dio, do ano letivo de 2020. Neste ano, as inscri\u00e7\u00f5es devem ser realizadas via\u00a0internet, no site de concursos da FADESP, no per\u00edodo [&hellip;]","og_url":"https:\/\/portalfadesp.org.br\/?p=5761","og_site_name":"FADESP","article_publisher":"https:\/\/www.facebook.com\/Fadesp-138351949524662\/","article_published_time":"2020-01-21T12:57:47+00:00","article_modified_time":"2022-12-20T20:03:28+00:00","og_image":[{"width":1000,"height":567,"url":"https:\/\/portalfadesp.org.br\/wp-content\/uploads\/2020\/01\/Escola-de-Aplica\u00e7\u00e3o.jpg","type":"image\/jpeg"}],"author":"Lorena Filgueiras","twitter_card":"summary_large_image","twitter_creator":"@Fadesp","twitter_site":"@Fadesp","twitter_misc":{"Escrito por":"Lorena Filgueiras","Est. tempo de leitura":"3 minutos"},"schema":{"@context":"https:\/\/schema.org","@graph":[{"@type":"Article","@id":"https:\/\/portalfadesp.org.br\/?p=5761#article","isPartOf":{"@id":"https:\/\/portalfadesp.org.br\/?p=5761"},"author":{"name":"Lorena Filgueiras","@id":"https:\/\/portalfadesp.org.br\/#\/schema\/person\/c1fa9db0c87dc412d1568e0e5e27be9c"},"headline":"Escola de Aplica\u00e7\u00e3o da UFPA inscreve para turmas de 2020 at\u00e9 hoje, 21.","datePublished":"2020-01-21T12:57:47+00:00","dateModified":"2022-12-20T20:03:28+00:00","mainEntityOfPage":{"@id":"https:\/\/portalfadesp.org.br\/?p=5761"},"wordCount":707,"commentCount":0,"publisher":{"@id":"https:\/\/portalfadesp.org.br\/#organization"},"image":{"@id":"https:\/\/portalfadesp.org.br\/?p=5761#primaryimage"},"thumbnailUrl":"https:\/\/portalfadesp.org.br\/wp-content\/uploads\/2020\/01\/Escola-de-Aplica\u00e7\u00e3o.jpg","keywords":["Ensino B\u00e1sico","processo seletivo","UFPA"],"articleSection":["UFPA"],"inLanguage":"pt-BR"},{"@type":"WebPage","@id":"https:\/\/portalfadesp.org.br\/?p=5761","url":"https:\/\/portalfadesp.org.br\/?p=5761","name":"Escola de Aplica\u00e7\u00e3o da UFPA inscreve para turmas de 2020 at\u00e9 hoje, 21. - FADESP","isPartOf":{"@id":"https:\/\/portalfadesp.org.br\/#website"},"primaryImageOfPage":{"@id":"https:\/\/portalfadesp.org.br\/?p=5761#primaryimage"},"image":{"@id":"https:\/\/portalfadesp.org.br\/?p=5761#primaryimage"},"thumbnailUrl":"https:\/\/portalfadesp.org.br\/wp-content\/uploads\/2020\/01\/Escola-de-Aplica\u00e7\u00e3o.jpg","datePublished":"2020-01-21T12:57:47+00:00","dateModified":"2022-12-20T20:03:28+00:00","breadcrumb":{"@id":"https:\/\/portalfadesp.org.br\/?p=5761#breadcrumb"},"inLanguage":"pt-BR","potentialAction":[{"@type":"ReadAction","target":["https:\/\/portalfadesp.org.br\/?p=5761"]}]},{"@type":"ImageObject","inLanguage":"pt-BR","@id":"https:\/\/portalfadesp.org.br\/?p=5761#primaryimage","url":"https:\/\/portalfadesp.org.br\/wp-content\/uploads\/2020\/01\/Escola-de-Aplica\u00e7\u00e3o.jpg","contentUrl":"https:\/\/portalfadesp.org.br\/wp-content\/uploads\/2020\/01\/Escola-de-Aplica\u00e7\u00e3o.jpg","width":1000,"height":567},{"@type":"BreadcrumbList","@id":"https:\/\/portalfadesp.org.br\/?p=5761#breadcrumb","itemListElement":[{"@type":"ListItem","position":1,"name":"In\u00edcio","item":"https:\/\/portalfadesp.org.br\/"},{"@type":"ListItem","position":2,"name":"Escola de Aplica\u00e7\u00e3o da UFPA inscreve para turmas de 2020 at\u00e9 hoje, 21."}]},{"@type":"WebSite","@id":"https:\/\/portalfadesp.org.br\/#website","url":"https:\/\/portalfadesp.org.br\/","name":"FADESP","description":"Funda\u00e7\u00e3o de Amparo e Desenvolvimento da Pesquisa","publisher":{"@id":"https:\/\/portalfadesp.org.br\/#organization"},"potentialAction":[{"@type":"SearchAction","target":{"@type":"EntryPoint","urlTemplate":"https:\/\/portalfadesp.org.br\/?s={search_term_string}"},"query-input":{"@type":"PropertyValueSpecification","valueRequired":true,"valueName":"search_term_string"}}],"inLanguage":"pt-BR"},{"@type":"Organization","@id":"https:\/\/portalfadesp.org.br\/#organization","name":"FADESP","url":"https:\/\/portalfadesp.org.br\/","logo":{"@type":"ImageObject","inLanguage":"pt-BR","@id":"https:\/\/portalfadesp.org.br\/#\/schema\/logo\/image\/","url":"https:\/\/portalfadesp.org.br\/wp-content\/uploads\/2024\/01\/NOVOLOGOFADESPlaranjaH.png","contentUrl":"https:\/\/portalfadesp.org.br\/wp-content\/uploads\/2024\/01\/NOVOLOGOFADESPlaranjaH.png","width":2742,"height":839,"caption":"FADESP"},"image":{"@id":"https:\/\/portalfadesp.org.br\/#\/schema\/logo\/image\/"},"sameAs":["https:\/\/www.facebook.com\/Fadesp-138351949524662\/","https:\/\/x.com\/Fadesp","https:\/\/www.instagram.com\/fadesp_ufpa\/","https:\/\/www.youtube.com\/@fundacaodeamparoedesenvolv1903","https:\/\/www.threads.net\/@fadesp_ufpa"]},{"@type":"Person","@id":"https:\/\/portalfadesp.org.br\/#\/schema\/person\/c1fa9db0c87dc412d1568e0e5e27be9c","name":"Lorena Filgueiras","image":{"@type":"ImageObject","inLanguage":"pt-BR","@id":"https:\/\/portalfadesp.org.br\/#\/schema\/person\/image\/","url":"https:\/\/secure.gravatar.com\/avatar\/37390a2dfe1325c2917fc5f6df471abe8ab753cf23b2d14690f57bd61ab4b7cf?s=96&d=mm&r=g","contentUrl":"https:\/\/secure.gravatar.com\/avatar\/37390a2dfe1325c2917fc5f6df471abe8ab753cf23b2d14690f57bd61ab4b7cf?s=96&d=mm&r=g","caption":"Lorena Filgueiras"},"url":"https:\/\/portalfadesp.org.br\/?author=11"}]}},"_links":{"self":[{"href":"https:\/\/portalfadesp.org.br\/index.php?rest_route=\/wp\/v2\/posts\/5761","targetHints":{"allow":["GET"]}}],"collection":[{"href":"https:\/\/portalfadesp.org.br\/index.php?rest_route=\/wp\/v2\/posts"}],"about":[{"href":"https:\/\/portalfadesp.org.br\/index.php?rest_route=\/wp\/v2\/types\/post"}],"author":[{"embeddable":true,"href":"https:\/\/portalfadesp.org.br\/index.php?rest_route=\/wp\/v2\/users\/11"}],"replies":[{"embeddable":true,"href":"https:\/\/portalfadesp.org.br\/index.php?rest_route=%2Fwp%2Fv2%2Fcomments&post=5761"}],"version-history":[{"count":2,"href":"https:\/\/portalfadesp.org.br\/index.php?rest_route=\/wp\/v2\/posts\/5761\/revisions"}],"predecessor-version":[{"id":37687,"href":"https:\/\/portalfadesp.org.br\/index.php?rest_route=\/wp\/v2\/posts\/5761\/revisions\/37687"}],"wp:featuredmedia":[{"embeddable":true,"href":"https:\/\/portalfadesp.org.br\/index.php?rest_route=\/wp\/v2\/media\/5736"}],"wp:attachment":[{"href":"https:\/\/portalfadesp.org.br\/index.php?rest_route=%2Fwp%2Fv2%2Fmedia&parent=5761"}],"wp:term":[{"taxonomy":"category","embeddable":true,"href":"https:\/\/portalfadesp.org.br\/index.php?rest_route=%2Fwp%2Fv2%2Fcategories&post=5761"},{"taxonomy":"post_tag","embeddable":true,"href":"https:\/\/portalfadesp.org.br\/index.php?rest_route=%2Fwp%2Fv2%2Ftags&post=5761"}],"curies":[{"name":"wp","href":"https:\/\/api.w.org\/{rel}","templated":true}]}}