{"id":5715,"date":"2020-01-17T15:49:18","date_gmt":"2020-01-17T18:49:18","guid":{"rendered":"https:\/\/162.215.13.167?p=5715"},"modified":"2022-12-20T17:03:19","modified_gmt":"2022-12-20T20:03:19","slug":"inscricao-para-o-concurso-publico-da-prefeitura-de-curua-pa-e-prorrogada-ate-21-de-janeiro-sao-ofertadas-150-vagas-de-niveis-fundamental-medio-e-superior","status":"publish","type":"post","link":"https:\/\/portalfadesp.org.br\/?p=5715","title":{"rendered":"Inscri\u00e7\u00e3o para o concurso p\u00fablico da Prefeitura de Curu\u00e1 (PA) \u00e9 prorrogada at\u00e9 21 de janeiro. S\u00e3o ofertadas 150 vagas de n\u00edveis Fundamental, M\u00e9dio e Superior."},"content":{"rendered":"\n<p>A inscri\u00e7\u00e3o para o concurso p\u00fablico da prefeitura de Curu\u00e1 (Par\u00e1) foi prorrogada at\u00e9 a ter\u00e7a-feira, 21, com pagamento da taxa at\u00e9 a quarta-feira. Os interessados devem acessar o<strong><a href=\"https:\/\/portalfadesp.org.br\/?page_id=5038\" target=\"_blank\" rel=\"noreferrer noopener\"> site de concursos da FADESP (www.portalfadesp.org.br)<\/a><\/strong>. As provas est\u00e3o previstas para os dias 15 e 16 de fevereiro de 2020.<\/p>\n\n\n\n<p>O concurso ter\u00e1 validade de dois anos, prorrog\u00e1veis por igual per\u00edodo, e atender\u00e1 quatro \u00e1reas da administra\u00e7\u00e3o. As vagas s\u00e3o para as \u00e1reas de administra\u00e7\u00e3o geral, de Sa\u00fade P\u00fablica, de Educa\u00e7\u00e3o e isolada. <\/p>\n\n\n\n<p>Os cargos, seus vencimentos, exig\u00eancias e atribui\u00e7\u00f5es est\u00e3o detalhados no edital. Para todos, a jornada semanal de trabalho \u00e9 de 40 horas. J\u00e1 o vencimento base varia de R$ 998,00 a R$ 9 mil. <\/p>\n\n\n\n<p>As inscri\u00e7\u00f5es online ser\u00e3o realizadas at\u00e9 a ter\u00e7a-feira, com pagamento da taxa (R$70,00 para n\u00edveis Alfabetizado, Fundamental Incompleto e \u00c1rea Isolada; R$ 90,00 para Fundamental completo, M\u00e9dio e T\u00e9cnico; e R$ 100,00 para Superior) at\u00e9 o dia 16 do referido m\u00eas.<\/p>\n\n\n\n<p>A sele\u00e7\u00e3o ter\u00e1 cinco etapas. A primeira \u00e9 a prova objetiva, que est\u00e1 prevista para os dias 15 e 16 de fevereiro de 2020 e ser\u00e1 aplicada para todos os candidatos. A segunda, de t\u00edtulos, ser\u00e1 para os cargos de n\u00edvel superior.<\/p>\n\n\n\n<p>A partir da terceira etapa, a\nexecu\u00e7\u00e3o ser\u00e1 de responsabilidade da prefeitura de Curu\u00e1 e n\u00e3o mais da FADESP.\nTer\u00e3o que realizar esta etapa, os candidatos aos cargos de Tratorista, Agente\nAdministrativo, Secret\u00e1rio Escolar, Fiscal Ambiental, Agente de Pol\u00edticas\nP\u00fablicas, Agente de Controladoria, Assistente Administrativo, Agente\nComunit\u00e1rio de Sa\u00fade e Agente de Combate a Endemias, Operador de M\u00e1quina\nPesada, Operador de Lancha, Mec\u00e2nico Geral e Mec\u00e2nico de M\u00e1quinas Pesadas. <\/p>\n\n\n\n<p>Para os candidatos aos cargos de Agente Comunit\u00e1rio de Sa\u00fade e Agente de Combate a Endemias, haver\u00e1 ainda duas etapas, de habilita\u00e7\u00e3o e de qualifica\u00e7\u00e3o. Todas as regras e demais informa\u00e7\u00f5es est\u00e3o no edital que deve ser lido atentamente pelo candidato.<\/p>\n\n\n\n<p><strong>Destaques<\/strong><\/p>\n\n\n\n<p><strong>Concurso Prefeitura de Curu\u00e1<\/strong><br><strong>Vagas \u2013\u00a0<\/strong>150<br><strong>Cargos \u2013<\/strong>\u00a0Auxiliar de Servi\u00e7os Gerais, Tratorista, Vigia, Servente, Agente Administrativo, Secret\u00e1rio Escolar, Agente de Controladoria, Agente de Pol\u00edticas P\u00fablicas, Assistente Administrativo, Fiscal Ambiental, Agente Comunit\u00e1rio de Sa\u00fade, Agente de Combate \u00e0s Endemias, T\u00e9cnico em Enfermagem, Enfermeiro, Farmac\u00eautico \u2013 Generalista, M\u00e9dico Cl\u00ednico Geral, M\u00e9dico Especialista, Odont\u00f3logo, Fiscal de Tr\u00e2nsito, Agr\u00f4nomo, Assistente Social, Educador F\u00edsico, Engenheiro Civil, Jornalista, Nutricionista, Pedagogo, Psic\u00f3logo, Mec\u00e2nico de M\u00e1quinas Pesadas, Mec\u00e2nico Geral, Motorista CNH B, Motorista CNH C ou D, Operador de Lancha, Operador de M\u00e1quina Pesada, T\u00e9cnico Pedag\u00f3gico e Professor.<br><strong>Remunera\u00e7\u00e3o \u2013\u00a0<\/strong>R$ 998,00 a R$ 9.000,00.<br><strong>Inscri\u00e7\u00f5es \u2013 <a href=\"https:\/\/portalfadesp.org.br\/?page_id=5038\" target=\"_blank\" rel=\"noreferrer noopener\">www.portalfadesp.org.br<\/a><\/strong><br><strong>Per\u00edodo de inscri\u00e7\u00f5es <\/strong>&#8211;  at\u00e9 21\/01\/2020<br><strong>Pagamento da taxa de inscri\u00e7\u00e3o<\/strong>\u00a0\u2013 at\u00e9 22\/01\/2020.<br><strong>Taxa \u2013 <\/strong> <strong>N\u00edvel Alfabetizado, Fundamental Incompleto, \u00c1rea Isolada: <\/strong>R$ 70,00.<br> \u00a0 \u00a0 \u00a0 \u00a0 \u00a0 \u00a0\u00a0<strong>N\u00edveis Fundamental Completo, M\u00e9dio e T\u00e9cnico:<\/strong> \u00a0R$ 90,00.<br> \u00a0 \u00a0 \u00a0 \u00a0 \u00a0 \u00a0\u00a0<strong>N\u00edvel Superior:<\/strong>\u00a0R$ 100,00.<br><strong>Local da prova:<\/strong>\u00a0Curu\u00e1<br><strong>Impress\u00e3o do cart\u00e3o de confirma\u00e7\u00e3o<\/strong>\u00a0\u2013  24\/01 a 14\/02\/2020 .<br><strong>Data da prova objetiva<\/strong>\u00a0&#8211;<br><strong>Cargos de n\u00edveis Fundamental completo e Superior:<\/strong>\u00a0 15\/02\/2020<br><strong>Cargos de n\u00edveis M\u00e9dio, Alfabetizado, Fundamental incompleto e \u00c1rea Isolada:\u00a0<\/strong>16\/02\/2020 <\/p>\n","protected":false},"excerpt":{"rendered":"<p>A inscri\u00e7\u00e3o para o concurso p\u00fablico da prefeitura de Curu\u00e1 (Par\u00e1) foi prorrogada at\u00e9 a ter\u00e7a-feira, 21, com pagamento da taxa at\u00e9 a quarta-feira. Os interessados devem acessar o site de concursos da FADESP (www.portalfadesp.org.br). As provas est\u00e3o previstas para os dias 15 e 16 de fevereiro de 2020. O concurso ter\u00e1 validade de dois [&hellip;]<\/p>\n","protected":false},"author":11,"featured_media":5127,"comment_status":"open","ping_status":"open","sticky":false,"template":"","format":"standard","meta":{"_monsterinsights_skip_tracking":false,"_monsterinsights_sitenote_active":false,"_monsterinsights_sitenote_note":"","_monsterinsights_sitenote_category":0,"footnotes":""},"categories":[7],"tags":[62,23],"class_list":["post-5715","post","type-post","status-publish","format-standard","has-post-thumbnail","hentry","category-concurso","tag-concurso-publico","tag-oportunidade","entry","has-media"],"yoast_head":"<!-- This site is optimized with the Yoast SEO plugin v25.1 - https:\/\/yoast.com\/wordpress\/plugins\/seo\/ -->\n<title>Inscri\u00e7\u00e3o para o concurso p\u00fablico da Prefeitura de Curu\u00e1 (PA) \u00e9 prorrogada at\u00e9 21 de janeiro. S\u00e3o ofertadas 150 vagas de n\u00edveis Fundamental, M\u00e9dio e Superior. - FADESP<\/title>\n<meta name=\"robots\" content=\"index, follow, max-snippet:-1, max-image-preview:large, max-video-preview:-1\" \/>\n<link rel=\"canonical\" href=\"https:\/\/portalfadesp.org.br\/?p=5715\" \/>\n<meta property=\"og:locale\" content=\"pt_BR\" \/>\n<meta property=\"og:type\" content=\"article\" \/>\n<meta property=\"og:title\" content=\"Inscri\u00e7\u00e3o para o concurso p\u00fablico da Prefeitura de Curu\u00e1 (PA) \u00e9 prorrogada at\u00e9 21 de janeiro. S\u00e3o ofertadas 150 vagas de n\u00edveis Fundamental, M\u00e9dio e Superior. - FADESP\" \/>\n<meta property=\"og:description\" content=\"A inscri\u00e7\u00e3o para o concurso p\u00fablico da prefeitura de Curu\u00e1 (Par\u00e1) foi prorrogada at\u00e9 a ter\u00e7a-feira, 21, com pagamento da taxa at\u00e9 a quarta-feira. Os interessados devem acessar o site de concursos da FADESP (www.portalfadesp.org.br). As provas est\u00e3o previstas para os dias 15 e 16 de fevereiro de 2020. O concurso ter\u00e1 validade de dois [&hellip;]\" \/>\n<meta property=\"og:url\" content=\"https:\/\/portalfadesp.org.br\/?p=5715\" \/>\n<meta property=\"og:site_name\" content=\"FADESP\" \/>\n<meta property=\"article:publisher\" content=\"https:\/\/www.facebook.com\/Fadesp-138351949524662\/\" \/>\n<meta property=\"article:published_time\" content=\"2020-01-17T18:49:18+00:00\" \/>\n<meta property=\"article:modified_time\" content=\"2022-12-20T20:03:19+00:00\" \/>\n<meta property=\"og:image\" content=\"https:\/\/portalfadesp.org.br\/wp-content\/uploads\/2019\/11\/curu\u00e1.jpg\" \/>\n\t<meta property=\"og:image:width\" content=\"1024\" \/>\n\t<meta property=\"og:image:height\" content=\"576\" \/>\n\t<meta property=\"og:image:type\" content=\"image\/jpeg\" \/>\n<meta name=\"author\" content=\"Lorena Filgueiras\" \/>\n<meta name=\"twitter:card\" content=\"summary_large_image\" \/>\n<meta name=\"twitter:creator\" content=\"@Fadesp\" \/>\n<meta name=\"twitter:site\" content=\"@Fadesp\" \/>\n<meta name=\"twitter:label1\" content=\"Escrito por\" \/>\n\t<meta name=\"twitter:data1\" content=\"Lorena Filgueiras\" \/>\n\t<meta name=\"twitter:label2\" content=\"Est. tempo de leitura\" \/>\n\t<meta name=\"twitter:data2\" content=\"3 minutos\" \/>\n<script type=\"application\/ld+json\" class=\"yoast-schema-graph\">{\"@context\":\"https:\/\/schema.org\",\"@graph\":[{\"@type\":\"Article\",\"@id\":\"https:\/\/portalfadesp.org.br\/?p=5715#article\",\"isPartOf\":{\"@id\":\"https:\/\/portalfadesp.org.br\/?p=5715\"},\"author\":{\"name\":\"Lorena Filgueiras\",\"@id\":\"https:\/\/portalfadesp.org.br\/#\/schema\/person\/c1fa9db0c87dc412d1568e0e5e27be9c\"},\"headline\":\"Inscri\u00e7\u00e3o para o concurso p\u00fablico da Prefeitura de Curu\u00e1 (PA) \u00e9 prorrogada at\u00e9 21 de janeiro. S\u00e3o ofertadas 150 vagas de n\u00edveis Fundamental, M\u00e9dio e Superior.\",\"datePublished\":\"2020-01-17T18:49:18+00:00\",\"dateModified\":\"2022-12-20T20:03:19+00:00\",\"mainEntityOfPage\":{\"@id\":\"https:\/\/portalfadesp.org.br\/?p=5715\"},\"wordCount\":565,\"commentCount\":0,\"publisher\":{\"@id\":\"https:\/\/portalfadesp.org.br\/#organization\"},\"image\":{\"@id\":\"https:\/\/portalfadesp.org.br\/?p=5715#primaryimage\"},\"thumbnailUrl\":\"https:\/\/portalfadesp.org.br\/wp-content\/uploads\/2019\/11\/curu\u00e1.jpg\",\"keywords\":[\"concurso p\u00fablico\",\"oportunidade\"],\"articleSection\":[\"Concurso\"],\"inLanguage\":\"pt-BR\"},{\"@type\":\"WebPage\",\"@id\":\"https:\/\/portalfadesp.org.br\/?p=5715\",\"url\":\"https:\/\/portalfadesp.org.br\/?p=5715\",\"name\":\"Inscri\u00e7\u00e3o para o concurso p\u00fablico da Prefeitura de Curu\u00e1 (PA) \u00e9 prorrogada at\u00e9 21 de janeiro. S\u00e3o ofertadas 150 vagas de n\u00edveis Fundamental, M\u00e9dio e Superior. - FADESP\",\"isPartOf\":{\"@id\":\"https:\/\/portalfadesp.org.br\/#website\"},\"primaryImageOfPage\":{\"@id\":\"https:\/\/portalfadesp.org.br\/?p=5715#primaryimage\"},\"image\":{\"@id\":\"https:\/\/portalfadesp.org.br\/?p=5715#primaryimage\"},\"thumbnailUrl\":\"https:\/\/portalfadesp.org.br\/wp-content\/uploads\/2019\/11\/curu\u00e1.jpg\",\"datePublished\":\"2020-01-17T18:49:18+00:00\",\"dateModified\":\"2022-12-20T20:03:19+00:00\",\"breadcrumb\":{\"@id\":\"https:\/\/portalfadesp.org.br\/?p=5715#breadcrumb\"},\"inLanguage\":\"pt-BR\",\"potentialAction\":[{\"@type\":\"ReadAction\",\"target\":[\"https:\/\/portalfadesp.org.br\/?p=5715\"]}]},{\"@type\":\"ImageObject\",\"inLanguage\":\"pt-BR\",\"@id\":\"https:\/\/portalfadesp.org.br\/?p=5715#primaryimage\",\"url\":\"https:\/\/portalfadesp.org.br\/wp-content\/uploads\/2019\/11\/curu\u00e1.jpg\",\"contentUrl\":\"https:\/\/portalfadesp.org.br\/wp-content\/uploads\/2019\/11\/curu\u00e1.jpg\",\"width\":1024,\"height\":576},{\"@type\":\"BreadcrumbList\",\"@id\":\"https:\/\/portalfadesp.org.br\/?p=5715#breadcrumb\",\"itemListElement\":[{\"@type\":\"ListItem\",\"position\":1,\"name\":\"In\u00edcio\",\"item\":\"https:\/\/portalfadesp.org.br\/\"},{\"@type\":\"ListItem\",\"position\":2,\"name\":\"Inscri\u00e7\u00e3o para o concurso p\u00fablico da Prefeitura de Curu\u00e1 (PA) \u00e9 prorrogada at\u00e9 21 de janeiro. S\u00e3o ofertadas 150 vagas de n\u00edveis Fundamental, M\u00e9dio e Superior.\"}]},{\"@type\":\"WebSite\",\"@id\":\"https:\/\/portalfadesp.org.br\/#website\",\"url\":\"https:\/\/portalfadesp.org.br\/\",\"name\":\"FADESP\",\"description\":\"Funda\u00e7\u00e3o de Amparo e Desenvolvimento da Pesquisa\",\"publisher\":{\"@id\":\"https:\/\/portalfadesp.org.br\/#organization\"},\"potentialAction\":[{\"@type\":\"SearchAction\",\"target\":{\"@type\":\"EntryPoint\",\"urlTemplate\":\"https:\/\/portalfadesp.org.br\/?s={search_term_string}\"},\"query-input\":{\"@type\":\"PropertyValueSpecification\",\"valueRequired\":true,\"valueName\":\"search_term_string\"}}],\"inLanguage\":\"pt-BR\"},{\"@type\":\"Organization\",\"@id\":\"https:\/\/portalfadesp.org.br\/#organization\",\"name\":\"FADESP\",\"url\":\"https:\/\/portalfadesp.org.br\/\",\"logo\":{\"@type\":\"ImageObject\",\"inLanguage\":\"pt-BR\",\"@id\":\"https:\/\/portalfadesp.org.br\/#\/schema\/logo\/image\/\",\"url\":\"https:\/\/portalfadesp.org.br\/wp-content\/uploads\/2024\/01\/NOVOLOGOFADESPlaranjaH.png\",\"contentUrl\":\"https:\/\/portalfadesp.org.br\/wp-content\/uploads\/2024\/01\/NOVOLOGOFADESPlaranjaH.png\",\"width\":2742,\"height\":839,\"caption\":\"FADESP\"},\"image\":{\"@id\":\"https:\/\/portalfadesp.org.br\/#\/schema\/logo\/image\/\"},\"sameAs\":[\"https:\/\/www.facebook.com\/Fadesp-138351949524662\/\",\"https:\/\/x.com\/Fadesp\",\"https:\/\/www.instagram.com\/fadesp_ufpa\/\",\"https:\/\/www.youtube.com\/@fundacaodeamparoedesenvolv1903\",\"https:\/\/www.threads.net\/@fadesp_ufpa\"]},{\"@type\":\"Person\",\"@id\":\"https:\/\/portalfadesp.org.br\/#\/schema\/person\/c1fa9db0c87dc412d1568e0e5e27be9c\",\"name\":\"Lorena Filgueiras\",\"image\":{\"@type\":\"ImageObject\",\"inLanguage\":\"pt-BR\",\"@id\":\"https:\/\/portalfadesp.org.br\/#\/schema\/person\/image\/\",\"url\":\"https:\/\/secure.gravatar.com\/avatar\/37390a2dfe1325c2917fc5f6df471abe8ab753cf23b2d14690f57bd61ab4b7cf?s=96&d=mm&r=g\",\"contentUrl\":\"https:\/\/secure.gravatar.com\/avatar\/37390a2dfe1325c2917fc5f6df471abe8ab753cf23b2d14690f57bd61ab4b7cf?s=96&d=mm&r=g\",\"caption\":\"Lorena Filgueiras\"},\"url\":\"https:\/\/portalfadesp.org.br\/?author=11\"}]}<\/script>\n<!-- \/ Yoast SEO plugin. -->","yoast_head_json":{"title":"Inscri\u00e7\u00e3o para o concurso p\u00fablico da Prefeitura de Curu\u00e1 (PA) \u00e9 prorrogada at\u00e9 21 de janeiro. S\u00e3o ofertadas 150 vagas de n\u00edveis Fundamental, M\u00e9dio e Superior. - FADESP","robots":{"index":"index","follow":"follow","max-snippet":"max-snippet:-1","max-image-preview":"max-image-preview:large","max-video-preview":"max-video-preview:-1"},"canonical":"https:\/\/portalfadesp.org.br\/?p=5715","og_locale":"pt_BR","og_type":"article","og_title":"Inscri\u00e7\u00e3o para o concurso p\u00fablico da Prefeitura de Curu\u00e1 (PA) \u00e9 prorrogada at\u00e9 21 de janeiro. S\u00e3o ofertadas 150 vagas de n\u00edveis Fundamental, M\u00e9dio e Superior. - FADESP","og_description":"A inscri\u00e7\u00e3o para o concurso p\u00fablico da prefeitura de Curu\u00e1 (Par\u00e1) foi prorrogada at\u00e9 a ter\u00e7a-feira, 21, com pagamento da taxa at\u00e9 a quarta-feira. Os interessados devem acessar o site de concursos da FADESP (www.portalfadesp.org.br). As provas est\u00e3o previstas para os dias 15 e 16 de fevereiro de 2020. O concurso ter\u00e1 validade de dois [&hellip;]","og_url":"https:\/\/portalfadesp.org.br\/?p=5715","og_site_name":"FADESP","article_publisher":"https:\/\/www.facebook.com\/Fadesp-138351949524662\/","article_published_time":"2020-01-17T18:49:18+00:00","article_modified_time":"2022-12-20T20:03:19+00:00","og_image":[{"width":1024,"height":576,"url":"https:\/\/portalfadesp.org.br\/wp-content\/uploads\/2019\/11\/curu\u00e1.jpg","type":"image\/jpeg"}],"author":"Lorena Filgueiras","twitter_card":"summary_large_image","twitter_creator":"@Fadesp","twitter_site":"@Fadesp","twitter_misc":{"Escrito por":"Lorena Filgueiras","Est. tempo de leitura":"3 minutos"},"schema":{"@context":"https:\/\/schema.org","@graph":[{"@type":"Article","@id":"https:\/\/portalfadesp.org.br\/?p=5715#article","isPartOf":{"@id":"https:\/\/portalfadesp.org.br\/?p=5715"},"author":{"name":"Lorena Filgueiras","@id":"https:\/\/portalfadesp.org.br\/#\/schema\/person\/c1fa9db0c87dc412d1568e0e5e27be9c"},"headline":"Inscri\u00e7\u00e3o para o concurso p\u00fablico da Prefeitura de Curu\u00e1 (PA) \u00e9 prorrogada at\u00e9 21 de janeiro. S\u00e3o ofertadas 150 vagas de n\u00edveis Fundamental, M\u00e9dio e Superior.","datePublished":"2020-01-17T18:49:18+00:00","dateModified":"2022-12-20T20:03:19+00:00","mainEntityOfPage":{"@id":"https:\/\/portalfadesp.org.br\/?p=5715"},"wordCount":565,"commentCount":0,"publisher":{"@id":"https:\/\/portalfadesp.org.br\/#organization"},"image":{"@id":"https:\/\/portalfadesp.org.br\/?p=5715#primaryimage"},"thumbnailUrl":"https:\/\/portalfadesp.org.br\/wp-content\/uploads\/2019\/11\/curu\u00e1.jpg","keywords":["concurso p\u00fablico","oportunidade"],"articleSection":["Concurso"],"inLanguage":"pt-BR"},{"@type":"WebPage","@id":"https:\/\/portalfadesp.org.br\/?p=5715","url":"https:\/\/portalfadesp.org.br\/?p=5715","name":"Inscri\u00e7\u00e3o para o concurso p\u00fablico da Prefeitura de Curu\u00e1 (PA) \u00e9 prorrogada at\u00e9 21 de janeiro. S\u00e3o ofertadas 150 vagas de n\u00edveis Fundamental, M\u00e9dio e Superior. - FADESP","isPartOf":{"@id":"https:\/\/portalfadesp.org.br\/#website"},"primaryImageOfPage":{"@id":"https:\/\/portalfadesp.org.br\/?p=5715#primaryimage"},"image":{"@id":"https:\/\/portalfadesp.org.br\/?p=5715#primaryimage"},"thumbnailUrl":"https:\/\/portalfadesp.org.br\/wp-content\/uploads\/2019\/11\/curu\u00e1.jpg","datePublished":"2020-01-17T18:49:18+00:00","dateModified":"2022-12-20T20:03:19+00:00","breadcrumb":{"@id":"https:\/\/portalfadesp.org.br\/?p=5715#breadcrumb"},"inLanguage":"pt-BR","potentialAction":[{"@type":"ReadAction","target":["https:\/\/portalfadesp.org.br\/?p=5715"]}]},{"@type":"ImageObject","inLanguage":"pt-BR","@id":"https:\/\/portalfadesp.org.br\/?p=5715#primaryimage","url":"https:\/\/portalfadesp.org.br\/wp-content\/uploads\/2019\/11\/curu\u00e1.jpg","contentUrl":"https:\/\/portalfadesp.org.br\/wp-content\/uploads\/2019\/11\/curu\u00e1.jpg","width":1024,"height":576},{"@type":"BreadcrumbList","@id":"https:\/\/portalfadesp.org.br\/?p=5715#breadcrumb","itemListElement":[{"@type":"ListItem","position":1,"name":"In\u00edcio","item":"https:\/\/portalfadesp.org.br\/"},{"@type":"ListItem","position":2,"name":"Inscri\u00e7\u00e3o para o concurso p\u00fablico da Prefeitura de Curu\u00e1 (PA) \u00e9 prorrogada at\u00e9 21 de janeiro. S\u00e3o ofertadas 150 vagas de n\u00edveis Fundamental, M\u00e9dio e Superior."}]},{"@type":"WebSite","@id":"https:\/\/portalfadesp.org.br\/#website","url":"https:\/\/portalfadesp.org.br\/","name":"FADESP","description":"Funda\u00e7\u00e3o de Amparo e Desenvolvimento da Pesquisa","publisher":{"@id":"https:\/\/portalfadesp.org.br\/#organization"},"potentialAction":[{"@type":"SearchAction","target":{"@type":"EntryPoint","urlTemplate":"https:\/\/portalfadesp.org.br\/?s={search_term_string}"},"query-input":{"@type":"PropertyValueSpecification","valueRequired":true,"valueName":"search_term_string"}}],"inLanguage":"pt-BR"},{"@type":"Organization","@id":"https:\/\/portalfadesp.org.br\/#organization","name":"FADESP","url":"https:\/\/portalfadesp.org.br\/","logo":{"@type":"ImageObject","inLanguage":"pt-BR","@id":"https:\/\/portalfadesp.org.br\/#\/schema\/logo\/image\/","url":"https:\/\/portalfadesp.org.br\/wp-content\/uploads\/2024\/01\/NOVOLOGOFADESPlaranjaH.png","contentUrl":"https:\/\/portalfadesp.org.br\/wp-content\/uploads\/2024\/01\/NOVOLOGOFADESPlaranjaH.png","width":2742,"height":839,"caption":"FADESP"},"image":{"@id":"https:\/\/portalfadesp.org.br\/#\/schema\/logo\/image\/"},"sameAs":["https:\/\/www.facebook.com\/Fadesp-138351949524662\/","https:\/\/x.com\/Fadesp","https:\/\/www.instagram.com\/fadesp_ufpa\/","https:\/\/www.youtube.com\/@fundacaodeamparoedesenvolv1903","https:\/\/www.threads.net\/@fadesp_ufpa"]},{"@type":"Person","@id":"https:\/\/portalfadesp.org.br\/#\/schema\/person\/c1fa9db0c87dc412d1568e0e5e27be9c","name":"Lorena Filgueiras","image":{"@type":"ImageObject","inLanguage":"pt-BR","@id":"https:\/\/portalfadesp.org.br\/#\/schema\/person\/image\/","url":"https:\/\/secure.gravatar.com\/avatar\/37390a2dfe1325c2917fc5f6df471abe8ab753cf23b2d14690f57bd61ab4b7cf?s=96&d=mm&r=g","contentUrl":"https:\/\/secure.gravatar.com\/avatar\/37390a2dfe1325c2917fc5f6df471abe8ab753cf23b2d14690f57bd61ab4b7cf?s=96&d=mm&r=g","caption":"Lorena Filgueiras"},"url":"https:\/\/portalfadesp.org.br\/?author=11"}]}},"_links":{"self":[{"href":"https:\/\/portalfadesp.org.br\/index.php?rest_route=\/wp\/v2\/posts\/5715","targetHints":{"allow":["GET"]}}],"collection":[{"href":"https:\/\/portalfadesp.org.br\/index.php?rest_route=\/wp\/v2\/posts"}],"about":[{"href":"https:\/\/portalfadesp.org.br\/index.php?rest_route=\/wp\/v2\/types\/post"}],"author":[{"embeddable":true,"href":"https:\/\/portalfadesp.org.br\/index.php?rest_route=\/wp\/v2\/users\/11"}],"replies":[{"embeddable":true,"href":"https:\/\/portalfadesp.org.br\/index.php?rest_route=%2Fwp%2Fv2%2Fcomments&post=5715"}],"version-history":[{"count":3,"href":"https:\/\/portalfadesp.org.br\/index.php?rest_route=\/wp\/v2\/posts\/5715\/revisions"}],"predecessor-version":[{"id":37683,"href":"https:\/\/portalfadesp.org.br\/index.php?rest_route=\/wp\/v2\/posts\/5715\/revisions\/37683"}],"wp:featuredmedia":[{"embeddable":true,"href":"https:\/\/portalfadesp.org.br\/index.php?rest_route=\/wp\/v2\/media\/5127"}],"wp:attachment":[{"href":"https:\/\/portalfadesp.org.br\/index.php?rest_route=%2Fwp%2Fv2%2Fmedia&parent=5715"}],"wp:term":[{"taxonomy":"category","embeddable":true,"href":"https:\/\/portalfadesp.org.br\/index.php?rest_route=%2Fwp%2Fv2%2Fcategories&post=5715"},{"taxonomy":"post_tag","embeddable":true,"href":"https:\/\/portalfadesp.org.br\/index.php?rest_route=%2Fwp%2Fv2%2Ftags&post=5715"}],"curies":[{"name":"wp","href":"https:\/\/api.w.org\/{rel}","templated":true}]}}