{"id":5645,"date":"2020-01-17T14:47:03","date_gmt":"2020-01-17T17:47:03","guid":{"rendered":"https:\/\/162.215.13.167?p=5645"},"modified":"2022-12-20T17:03:16","modified_gmt":"2022-12-20T20:03:16","slug":"forma-para","status":"publish","type":"post","link":"https:\/\/portalfadesp.org.br\/?p=5645","title":{"rendered":"forma par\u00e1"},"content":{"rendered":"\n<p>O governo do\nEstado do Par\u00e1 lan\u00e7ou, oficialmente, a abertura de mais 350 vagas de ensino\nsuperior atrav\u00e9s do programa Forma Par\u00e1, executado pela Secretaria de Estado de\nCi\u00eancia, Tecnologia, Educa\u00e7\u00e3o Profissional e Tecnologia (Sectet). As turmas\nser\u00e3o abertas nas Universidades do Estado do Par\u00e1 (UEPA) e Federal Rural da\nAmaz\u00f4nia (UFRA). O processo de sele\u00e7\u00e3o ser\u00e1 realizado pela FADESP.<\/p>\n\n\n\n<p>A cerim\u00f4nia\nde lan\u00e7amento foi realizada no Teatro Waldemar Henrique, no dia 13 de janeiro,\ncom a presen\u00e7a de representantes do governo, da FADESP e das prefeituras\ncontempladas. Os editais para a sele\u00e7\u00e3o atrav\u00e9s de Processo Seletivo Especial\n(PSE) ainda ser\u00e3o lan\u00e7ados com as regras e calend\u00e1rio de inscri\u00e7\u00e3o.<\/p>\n\n\n\n<p>A previs\u00e3o \u00e9\nque a UEPA oferte vagas para Enfermagem, em Curu\u00e7\u00e1, Licenciatura Plena em\nCi\u00eancias Naturais, em Bagre, e Tecnologia de Alimentos, em Mosqueiro (Bel\u00e9m). A\nUFRA deve ofertar vagas para Agronomia, em Goian\u00e9sia, Mocajuba, Our\u00e9m e\nUlian\u00f3polis.<\/p>\n\n\n\n<p>Um terceiro\nedital ainda ser\u00e1 lan\u00e7ado este semestre para turmas ofertadas pela Universidade\nFederal do Par\u00e1 (UFPA). As vagas ser\u00e3o para os munic\u00edpios de Novo Repartimento,\nDireito, Engenharia Civil, Gastronomia, Geografia, M\u00fasica e Servi\u00e7o Social.<\/p>\n\n\n\n<p>Durante a\ncerim\u00f4nia, os discursos destacaram a import\u00e2ncia da parceria para o\nfuncionamento do programa, a necessidade de se investir na educa\u00e7\u00e3o superior e\nos impactos positivos gerados pela interioriza\u00e7\u00e3o da oferta para o\ndesenvolvimento dos munic\u00edpios.<\/p>\n\n\n\n<p>O governador\ndo Par\u00e1, Helder Barbalho, sustentou que a coopera\u00e7\u00e3o permite poupar recursos e\nesfor\u00e7os individuais, al\u00e9m de sobrepor dificuldades financeiras. Para ele, a\nexperi\u00eancia tamb\u00e9m deve estimular mais prefeituras a se integrarem.<\/p>\n\n\n\n<p>\u201cSozinhos,\nn\u00e3o seremos capazes. Imaginar que a UFPA abra uma estrutura pr\u00f3pria em cada um\ndesses munic\u00edpios, n\u00e3o s\u00f3 \u00e9 inexequ\u00edvel por quest\u00f5es or\u00e7ament\u00e1rias, como seria um\nequ\u00edvoco de gest\u00e3o\u201d, pontuou.<\/p>\n\n\n\n<p>O reitor da\nUFRA, professor Marcel Botelho, reconheceu essa dificuldade das institui\u00e7\u00f5es de\nensino e acrescentou que apesar delas terem avan\u00e7ado na conceitua\u00e7\u00e3o de seus\ncursos, tamb\u00e9m t\u00eam sofrido com a evas\u00e3o gerada pela dificuldade do aluno se\ndeslocar aos campi. <\/p>\n\n\n\n<p>O prefeito\nde Curu\u00e7\u00e1, Jefferson Miranda, relatou a dificuldade vivida pela sua m\u00e3e, que\nprecisava sair de casa de madrugada para se dirigir a outro munic\u00edpio, onde o\ncurso funcionava. Hoje, ele diz que as a\u00e7\u00f5es p\u00fablicas voltadas \u00e0 educa\u00e7\u00e3o n\u00e3o\nrepresentam custo e sim investimento.<\/p>\n\n\n\n<p>A\nexpectativa, na avalia\u00e7\u00e3o do titular da Sectet, professor Carlos Maneschy, \u00e9\nque a oportunidade de acesso ao ensino superior p\u00fablico e gratuito no pr\u00f3prio\nmunic\u00edpio tenha efeito sobre o desenvolvimento local.&nbsp; \u201cA vida desses munic\u00edpios n\u00e3o ser\u00e1 a mesma e\numa das tarefas da universidade \u00e9 transformar a realidade das cidades onde ela\nest\u00e1 presente\u201d, aposta.<\/p>\n\n\n\n<p>O diretor em\nexerc\u00edcio da FADESP, professor Alceb\u00edades Macedo, lembra que universidades como\na UFOPA e a UNIFESSPA trilharam caminhos similares de expans\u00e3o. \u00c9 de se\nesperar, portanto, que os munic\u00edpios onde o ensino passa a ser ofertado se\nestruturem para tamb\u00e9m alcan\u00e7arem outro patamar de desenvolvimento a partir do\nconhecimento. <\/p>\n\n\n\n<p>\u201cA FADESP\nn\u00e3o poderia ficar de fora dessa parceria. \u00c9 voca\u00e7\u00e3o da Funda\u00e7\u00e3o auxiliar nas\na\u00e7\u00f5es de desenvolvimento do Estado, de forma eficiente e transparente\u201d, disse.<\/p>\n\n\n\n<p>Do ponto de\nvista da expans\u00e3o, a meta do governo estadual \u00e9 que a parceria permita que o\nn\u00famero de vagas no ensino superior aumente 40% em quatro anos. O reitor da\nUEPA, professor Rubens Cardoso, diz que a coopera\u00e7\u00e3o que agora se amplia j\u00e1\npermitiu a amplia\u00e7\u00e3o em 10%.<\/p>\n","protected":false},"excerpt":{"rendered":"<p>O governo do Estado do Par\u00e1 lan\u00e7ou, oficialmente, a abertura de mais 350 vagas de ensino superior atrav\u00e9s do programa Forma Par\u00e1, executado pela Secretaria de Estado de Ci\u00eancia, Tecnologia, Educa\u00e7\u00e3o Profissional e Tecnologia (Sectet). As turmas ser\u00e3o abertas nas Universidades do Estado do Par\u00e1 (UEPA) e Federal Rural da Amaz\u00f4nia (UFRA). O processo de [&hellip;]<\/p>\n","protected":false},"author":11,"featured_media":0,"comment_status":"open","ping_status":"open","sticky":false,"template":"","format":"standard","meta":{"_monsterinsights_skip_tracking":false,"_monsterinsights_sitenote_active":false,"_monsterinsights_sitenote_note":"","_monsterinsights_sitenote_category":0,"footnotes":""},"categories":[1],"tags":[],"class_list":["post-5645","post","type-post","status-publish","format-standard","hentry","category-geral","entry"],"yoast_head":"<!-- This site is optimized with the Yoast SEO plugin v25.1 - https:\/\/yoast.com\/wordpress\/plugins\/seo\/ -->\n<title>forma par\u00e1 - FADESP<\/title>\n<meta name=\"robots\" content=\"index, follow, max-snippet:-1, max-image-preview:large, max-video-preview:-1\" \/>\n<link rel=\"canonical\" href=\"https:\/\/portalfadesp.org.br\/?p=5645\" \/>\n<meta property=\"og:locale\" content=\"pt_BR\" \/>\n<meta property=\"og:type\" content=\"article\" \/>\n<meta property=\"og:title\" content=\"forma par\u00e1 - FADESP\" \/>\n<meta property=\"og:description\" content=\"O governo do Estado do Par\u00e1 lan\u00e7ou, oficialmente, a abertura de mais 350 vagas de ensino superior atrav\u00e9s do programa Forma Par\u00e1, executado pela Secretaria de Estado de Ci\u00eancia, Tecnologia, Educa\u00e7\u00e3o Profissional e Tecnologia (Sectet). As turmas ser\u00e3o abertas nas Universidades do Estado do Par\u00e1 (UEPA) e Federal Rural da Amaz\u00f4nia (UFRA). O processo de [&hellip;]\" \/>\n<meta property=\"og:url\" content=\"https:\/\/portalfadesp.org.br\/?p=5645\" \/>\n<meta property=\"og:site_name\" content=\"FADESP\" \/>\n<meta property=\"article:publisher\" content=\"https:\/\/www.facebook.com\/Fadesp-138351949524662\/\" \/>\n<meta property=\"article:published_time\" content=\"2020-01-17T17:47:03+00:00\" \/>\n<meta property=\"article:modified_time\" content=\"2022-12-20T20:03:16+00:00\" \/>\n<meta name=\"author\" content=\"Lorena Filgueiras\" \/>\n<meta name=\"twitter:card\" content=\"summary_large_image\" \/>\n<meta name=\"twitter:creator\" content=\"@Fadesp\" \/>\n<meta name=\"twitter:site\" content=\"@Fadesp\" \/>\n<meta name=\"twitter:label1\" content=\"Escrito por\" \/>\n\t<meta name=\"twitter:data1\" content=\"Lorena Filgueiras\" \/>\n\t<meta name=\"twitter:label2\" content=\"Est. tempo de leitura\" \/>\n\t<meta name=\"twitter:data2\" content=\"3 minutos\" \/>\n<script type=\"application\/ld+json\" class=\"yoast-schema-graph\">{\"@context\":\"https:\/\/schema.org\",\"@graph\":[{\"@type\":\"Article\",\"@id\":\"https:\/\/portalfadesp.org.br\/?p=5645#article\",\"isPartOf\":{\"@id\":\"https:\/\/portalfadesp.org.br\/?p=5645\"},\"author\":{\"name\":\"Lorena Filgueiras\",\"@id\":\"https:\/\/portalfadesp.org.br\/#\/schema\/person\/c1fa9db0c87dc412d1568e0e5e27be9c\"},\"headline\":\"forma par\u00e1\",\"datePublished\":\"2020-01-17T17:47:03+00:00\",\"dateModified\":\"2022-12-20T20:03:16+00:00\",\"mainEntityOfPage\":{\"@id\":\"https:\/\/portalfadesp.org.br\/?p=5645\"},\"wordCount\":625,\"commentCount\":0,\"publisher\":{\"@id\":\"https:\/\/portalfadesp.org.br\/#organization\"},\"articleSection\":[\"Geral\"],\"inLanguage\":\"pt-BR\"},{\"@type\":\"WebPage\",\"@id\":\"https:\/\/portalfadesp.org.br\/?p=5645\",\"url\":\"https:\/\/portalfadesp.org.br\/?p=5645\",\"name\":\"forma par\u00e1 - FADESP\",\"isPartOf\":{\"@id\":\"https:\/\/portalfadesp.org.br\/#website\"},\"datePublished\":\"2020-01-17T17:47:03+00:00\",\"dateModified\":\"2022-12-20T20:03:16+00:00\",\"breadcrumb\":{\"@id\":\"https:\/\/portalfadesp.org.br\/?p=5645#breadcrumb\"},\"inLanguage\":\"pt-BR\",\"potentialAction\":[{\"@type\":\"ReadAction\",\"target\":[\"https:\/\/portalfadesp.org.br\/?p=5645\"]}]},{\"@type\":\"BreadcrumbList\",\"@id\":\"https:\/\/portalfadesp.org.br\/?p=5645#breadcrumb\",\"itemListElement\":[{\"@type\":\"ListItem\",\"position\":1,\"name\":\"In\u00edcio\",\"item\":\"https:\/\/portalfadesp.org.br\/\"},{\"@type\":\"ListItem\",\"position\":2,\"name\":\"forma par\u00e1\"}]},{\"@type\":\"WebSite\",\"@id\":\"https:\/\/portalfadesp.org.br\/#website\",\"url\":\"https:\/\/portalfadesp.org.br\/\",\"name\":\"FADESP\",\"description\":\"Funda\u00e7\u00e3o de Amparo e Desenvolvimento da Pesquisa\",\"publisher\":{\"@id\":\"https:\/\/portalfadesp.org.br\/#organization\"},\"potentialAction\":[{\"@type\":\"SearchAction\",\"target\":{\"@type\":\"EntryPoint\",\"urlTemplate\":\"https:\/\/portalfadesp.org.br\/?s={search_term_string}\"},\"query-input\":{\"@type\":\"PropertyValueSpecification\",\"valueRequired\":true,\"valueName\":\"search_term_string\"}}],\"inLanguage\":\"pt-BR\"},{\"@type\":\"Organization\",\"@id\":\"https:\/\/portalfadesp.org.br\/#organization\",\"name\":\"FADESP\",\"url\":\"https:\/\/portalfadesp.org.br\/\",\"logo\":{\"@type\":\"ImageObject\",\"inLanguage\":\"pt-BR\",\"@id\":\"https:\/\/portalfadesp.org.br\/#\/schema\/logo\/image\/\",\"url\":\"https:\/\/portalfadesp.org.br\/wp-content\/uploads\/2024\/01\/NOVOLOGOFADESPlaranjaH.png\",\"contentUrl\":\"https:\/\/portalfadesp.org.br\/wp-content\/uploads\/2024\/01\/NOVOLOGOFADESPlaranjaH.png\",\"width\":2742,\"height\":839,\"caption\":\"FADESP\"},\"image\":{\"@id\":\"https:\/\/portalfadesp.org.br\/#\/schema\/logo\/image\/\"},\"sameAs\":[\"https:\/\/www.facebook.com\/Fadesp-138351949524662\/\",\"https:\/\/x.com\/Fadesp\",\"https:\/\/www.instagram.com\/fadesp_ufpa\/\",\"https:\/\/www.youtube.com\/@fundacaodeamparoedesenvolv1903\",\"https:\/\/www.threads.net\/@fadesp_ufpa\"]},{\"@type\":\"Person\",\"@id\":\"https:\/\/portalfadesp.org.br\/#\/schema\/person\/c1fa9db0c87dc412d1568e0e5e27be9c\",\"name\":\"Lorena Filgueiras\",\"image\":{\"@type\":\"ImageObject\",\"inLanguage\":\"pt-BR\",\"@id\":\"https:\/\/portalfadesp.org.br\/#\/schema\/person\/image\/\",\"url\":\"https:\/\/secure.gravatar.com\/avatar\/37390a2dfe1325c2917fc5f6df471abe8ab753cf23b2d14690f57bd61ab4b7cf?s=96&d=mm&r=g\",\"contentUrl\":\"https:\/\/secure.gravatar.com\/avatar\/37390a2dfe1325c2917fc5f6df471abe8ab753cf23b2d14690f57bd61ab4b7cf?s=96&d=mm&r=g\",\"caption\":\"Lorena Filgueiras\"},\"url\":\"https:\/\/portalfadesp.org.br\/?author=11\"}]}<\/script>\n<!-- \/ Yoast SEO plugin. -->","yoast_head_json":{"title":"forma par\u00e1 - FADESP","robots":{"index":"index","follow":"follow","max-snippet":"max-snippet:-1","max-image-preview":"max-image-preview:large","max-video-preview":"max-video-preview:-1"},"canonical":"https:\/\/portalfadesp.org.br\/?p=5645","og_locale":"pt_BR","og_type":"article","og_title":"forma par\u00e1 - FADESP","og_description":"O governo do Estado do Par\u00e1 lan\u00e7ou, oficialmente, a abertura de mais 350 vagas de ensino superior atrav\u00e9s do programa Forma Par\u00e1, executado pela Secretaria de Estado de Ci\u00eancia, Tecnologia, Educa\u00e7\u00e3o Profissional e Tecnologia (Sectet). As turmas ser\u00e3o abertas nas Universidades do Estado do Par\u00e1 (UEPA) e Federal Rural da Amaz\u00f4nia (UFRA). O processo de [&hellip;]","og_url":"https:\/\/portalfadesp.org.br\/?p=5645","og_site_name":"FADESP","article_publisher":"https:\/\/www.facebook.com\/Fadesp-138351949524662\/","article_published_time":"2020-01-17T17:47:03+00:00","article_modified_time":"2022-12-20T20:03:16+00:00","author":"Lorena Filgueiras","twitter_card":"summary_large_image","twitter_creator":"@Fadesp","twitter_site":"@Fadesp","twitter_misc":{"Escrito por":"Lorena Filgueiras","Est. tempo de leitura":"3 minutos"},"schema":{"@context":"https:\/\/schema.org","@graph":[{"@type":"Article","@id":"https:\/\/portalfadesp.org.br\/?p=5645#article","isPartOf":{"@id":"https:\/\/portalfadesp.org.br\/?p=5645"},"author":{"name":"Lorena Filgueiras","@id":"https:\/\/portalfadesp.org.br\/#\/schema\/person\/c1fa9db0c87dc412d1568e0e5e27be9c"},"headline":"forma par\u00e1","datePublished":"2020-01-17T17:47:03+00:00","dateModified":"2022-12-20T20:03:16+00:00","mainEntityOfPage":{"@id":"https:\/\/portalfadesp.org.br\/?p=5645"},"wordCount":625,"commentCount":0,"publisher":{"@id":"https:\/\/portalfadesp.org.br\/#organization"},"articleSection":["Geral"],"inLanguage":"pt-BR"},{"@type":"WebPage","@id":"https:\/\/portalfadesp.org.br\/?p=5645","url":"https:\/\/portalfadesp.org.br\/?p=5645","name":"forma par\u00e1 - FADESP","isPartOf":{"@id":"https:\/\/portalfadesp.org.br\/#website"},"datePublished":"2020-01-17T17:47:03+00:00","dateModified":"2022-12-20T20:03:16+00:00","breadcrumb":{"@id":"https:\/\/portalfadesp.org.br\/?p=5645#breadcrumb"},"inLanguage":"pt-BR","potentialAction":[{"@type":"ReadAction","target":["https:\/\/portalfadesp.org.br\/?p=5645"]}]},{"@type":"BreadcrumbList","@id":"https:\/\/portalfadesp.org.br\/?p=5645#breadcrumb","itemListElement":[{"@type":"ListItem","position":1,"name":"In\u00edcio","item":"https:\/\/portalfadesp.org.br\/"},{"@type":"ListItem","position":2,"name":"forma par\u00e1"}]},{"@type":"WebSite","@id":"https:\/\/portalfadesp.org.br\/#website","url":"https:\/\/portalfadesp.org.br\/","name":"FADESP","description":"Funda\u00e7\u00e3o de Amparo e Desenvolvimento da Pesquisa","publisher":{"@id":"https:\/\/portalfadesp.org.br\/#organization"},"potentialAction":[{"@type":"SearchAction","target":{"@type":"EntryPoint","urlTemplate":"https:\/\/portalfadesp.org.br\/?s={search_term_string}"},"query-input":{"@type":"PropertyValueSpecification","valueRequired":true,"valueName":"search_term_string"}}],"inLanguage":"pt-BR"},{"@type":"Organization","@id":"https:\/\/portalfadesp.org.br\/#organization","name":"FADESP","url":"https:\/\/portalfadesp.org.br\/","logo":{"@type":"ImageObject","inLanguage":"pt-BR","@id":"https:\/\/portalfadesp.org.br\/#\/schema\/logo\/image\/","url":"https:\/\/portalfadesp.org.br\/wp-content\/uploads\/2024\/01\/NOVOLOGOFADESPlaranjaH.png","contentUrl":"https:\/\/portalfadesp.org.br\/wp-content\/uploads\/2024\/01\/NOVOLOGOFADESPlaranjaH.png","width":2742,"height":839,"caption":"FADESP"},"image":{"@id":"https:\/\/portalfadesp.org.br\/#\/schema\/logo\/image\/"},"sameAs":["https:\/\/www.facebook.com\/Fadesp-138351949524662\/","https:\/\/x.com\/Fadesp","https:\/\/www.instagram.com\/fadesp_ufpa\/","https:\/\/www.youtube.com\/@fundacaodeamparoedesenvolv1903","https:\/\/www.threads.net\/@fadesp_ufpa"]},{"@type":"Person","@id":"https:\/\/portalfadesp.org.br\/#\/schema\/person\/c1fa9db0c87dc412d1568e0e5e27be9c","name":"Lorena Filgueiras","image":{"@type":"ImageObject","inLanguage":"pt-BR","@id":"https:\/\/portalfadesp.org.br\/#\/schema\/person\/image\/","url":"https:\/\/secure.gravatar.com\/avatar\/37390a2dfe1325c2917fc5f6df471abe8ab753cf23b2d14690f57bd61ab4b7cf?s=96&d=mm&r=g","contentUrl":"https:\/\/secure.gravatar.com\/avatar\/37390a2dfe1325c2917fc5f6df471abe8ab753cf23b2d14690f57bd61ab4b7cf?s=96&d=mm&r=g","caption":"Lorena Filgueiras"},"url":"https:\/\/portalfadesp.org.br\/?author=11"}]}},"_links":{"self":[{"href":"https:\/\/portalfadesp.org.br\/index.php?rest_route=\/wp\/v2\/posts\/5645","targetHints":{"allow":["GET"]}}],"collection":[{"href":"https:\/\/portalfadesp.org.br\/index.php?rest_route=\/wp\/v2\/posts"}],"about":[{"href":"https:\/\/portalfadesp.org.br\/index.php?rest_route=\/wp\/v2\/types\/post"}],"author":[{"embeddable":true,"href":"https:\/\/portalfadesp.org.br\/index.php?rest_route=\/wp\/v2\/users\/11"}],"replies":[{"embeddable":true,"href":"https:\/\/portalfadesp.org.br\/index.php?rest_route=%2Fwp%2Fv2%2Fcomments&post=5645"}],"version-history":[{"count":1,"href":"https:\/\/portalfadesp.org.br\/index.php?rest_route=\/wp\/v2\/posts\/5645\/revisions"}],"predecessor-version":[{"id":5646,"href":"https:\/\/portalfadesp.org.br\/index.php?rest_route=\/wp\/v2\/posts\/5645\/revisions\/5646"}],"wp:attachment":[{"href":"https:\/\/portalfadesp.org.br\/index.php?rest_route=%2Fwp%2Fv2%2Fmedia&parent=5645"}],"wp:term":[{"taxonomy":"category","embeddable":true,"href":"https:\/\/portalfadesp.org.br\/index.php?rest_route=%2Fwp%2Fv2%2Fcategories&post=5645"},{"taxonomy":"post_tag","embeddable":true,"href":"https:\/\/portalfadesp.org.br\/index.php?rest_route=%2Fwp%2Fv2%2Ftags&post=5645"}],"curies":[{"name":"wp","href":"https:\/\/api.w.org\/{rel}","templated":true}]}}