{"id":5580,"date":"2020-01-10T15:10:41","date_gmt":"2020-01-10T18:10:41","guid":{"rendered":"https:\/\/162.215.13.167?p=5580"},"modified":"2022-12-20T17:16:54","modified_gmt":"2022-12-20T20:16:54","slug":"5580","status":"publish","type":"post","link":"https:\/\/portalfadesp.org.br\/?p=5580","title":{"rendered":"Inscri\u00e7\u00f5es abertas para concurso p\u00fablico da Prefeitura de Ponta de Pedras. S\u00e3o ofertadas 123 vagas para cargos de n\u00edveis Fundamental, M\u00e9dio e Superior."},"content":{"rendered":"\n<p>A Prefeitura de Ponta de Pedras (PA) lan\u00e7ou edital de concurso p\u00fablico para o preenchimento de 123 vagas e forma\u00e7\u00e3o de cadastro de reserva. Os cargos s\u00e3o de n\u00edveis Fundamental, M\u00e9dio e Superior. As inscri\u00e7\u00f5es est\u00e3o sendo realizadas no site da FADESP (<strong><a href=\"https:\/\/portalfadesp.org.br\/?page_id=5565\" target=\"_blank\" rel=\"noreferrer noopener\">www.portalfadesp.org.br)<\/a><\/strong>. Candidatos \u00e0 cota para Pessoa com Defici\u00eancia (PcD) t\u00eam at\u00e9 dia 17 para solicitar a isen\u00e7\u00e3o da taxa.<\/p>\n\n\n\n<p>A coordena\u00e7\u00e3o do concurso orienta os candidatos a lerem atentamente o <strong><a href=\"..\/wp-content\/uploads\/2020\/01\/Edital-01-abertura.pdf\" target=\"_blank\" rel=\"noreferrer noopener\">edital de abertura. <\/a><\/strong>No documento, est\u00e3o as regras para a participa\u00e7\u00e3o no certame, a forma de avalia\u00e7\u00e3o e a descri\u00e7\u00e3o dos cargos.<\/p>\n\n\n\n<p>As vagas ofertadas s\u00e3o para Servente,\nServi\u00e7os Gerais, Vigia, Secret\u00e1rio Escolar, Auxiliar Administrativo, T\u00e9cnico em\nEnfermagem, T\u00e9cnico em Radiologia, Nutricionista Educacional, Assistente Social\nEducacional, Enfermeiro, Fisioterapeuta, Odontologista, M\u00e9dico, Psic\u00f3logo e\nProfessor. S\u00e3o 43 para cargos de n\u00edvel Fundamental, 18 para M\u00e9dio\ne 62 para Superior. <\/p>\n\n\n\n<p>A jornada prevista \u00e9 de 25 horas semanais para professores e 40 horas\npara os demais cargos. Os sal\u00e1rios variam de R$ 1.093,00 a R$ 6.617,00. <\/p>\n\n\n\n<p>A inscri\u00e7\u00e3o ser\u00e1 realizada at\u00e9 13 de fevereiro e o pagamento da taxa\npoder\u00e1 ser feito at\u00e9 o dia 14. Ser\u00e3o cobrados R$ 60,00 para cargos de n\u00edvel\nFundamental, R$ 70,00 para M\u00e9dio e R$ 90 para Superior.<\/p>\n\n\n\n<p>O concurso ter\u00e1 duas etapas de avalia\u00e7\u00e3o. A primeira \u00e9 a prova objetiva que ser\u00e1 aplicada no dia 07 de mar\u00e7o para cargos de n\u00edvel Superior e no dia 08 para os demais. A segunda \u00e9 a avalia\u00e7\u00e3o de t\u00edtulos para cargos de professor.<\/p>\n\n\n\n<p>Os candidatos devem acessar a <strong><a href=\"https:\/\/portalfadesp.org.br\/?page_id=5565\" target=\"_blank\" rel=\"noreferrer noopener\">p\u00e1gina oficial do concurso<\/a><\/strong>, regularmente, para se manterem atualizados. <\/p>\n\n\n\n<p><strong>Destaques<\/strong><br><strong>Inscri\u00e7\u00f5es \u00a0\u2013<a href=\"https:\/\/portalfadesp.org.br\/?page_id=5565\" target=\"_blank\" rel=\"noreferrer noopener\"> www.portalfadesp.org.br<\/a><\/strong><br><strong>Vagas \u00a0\u2013\u00a0<\/strong>123<br><strong>Cargos \u2013\u00a0<\/strong>Servente, Servi\u00e7os Gerais, Vigia, Secret\u00e1rio Escolar, Auxiliar Administrativo, T\u00e9cnico em Enfermagem, T\u00e9cnico em Radiologia, Nutricionista Educacional, Assistente Social Educacional, Enfermeiro, Fisioterapeuta, Odontologista, M\u00e9dico, Psic\u00f3logo e Professor.<br><strong>Remunera\u00e7\u00e3o \u2013\u00a0<\/strong>de R$ 1.093,00 a R$ 6.617,00.<br><strong>Per\u00edodo de inscri\u00e7\u00f5es \u00a0\u2013 <\/strong>10\/01 a 13\/02\/2020.<br><strong>Pedido de isen\u00e7\u00e3o por PcD<\/strong>\u00a0 \u2013\u00a0 de 10 a 17\/01\/2020.<br><strong>Pagamento da taxa de inscri\u00e7\u00e3o<\/strong>\u00a0\u2013 at\u00e9 14\/02\/2020.<br><strong>Taxa \u2013\u00a0<\/strong>Fundamental: R$ 60,00.<br> \u00a0 \u00a0 \u00a0 \u00a0 \u00a0 \u00a0 \u00a0M\u00e9dio: R$ 70,00.<br> \u00a0 \u00a0 \u00a0 \u00a0 \u00a0 \u00a0 \u00a0Superior: R$ 90,00.<br><strong>Impress\u00e3o do cart\u00e3o de confirma\u00e7\u00e3o<\/strong>\u00a0 \u2013 \u00a028\/02 a 08\/03\/2020.<br><strong>Data, hora e local da prova objetiva <\/strong>\u00a0\u2013 \u00a007\/03\/2020 para N\u00edvel Superior e 08\/03\/2020 para n\u00edveis Fundamental e M\u00e9dio, em Ponta de Pedras.<br><strong>Convoca\u00e7\u00e3o para prova de t\u00edtulos para professores <\/strong>\u2013 27\/03\/2020. <\/p>\n","protected":false},"excerpt":{"rendered":"<p>A Prefeitura de Ponta de Pedras (PA) lan\u00e7ou edital de concurso p\u00fablico para o preenchimento de 123 vagas e forma\u00e7\u00e3o de cadastro de reserva. Os cargos s\u00e3o de n\u00edveis Fundamental, M\u00e9dio e Superior. As inscri\u00e7\u00f5es est\u00e3o sendo realizadas no site da FADESP (www.portalfadesp.org.br). Candidatos \u00e0 cota para Pessoa com Defici\u00eancia (PcD) t\u00eam at\u00e9 dia 17 [&hellip;]<\/p>\n","protected":false},"author":11,"featured_media":5581,"comment_status":"open","ping_status":"open","sticky":false,"template":"","format":"standard","meta":{"_monsterinsights_skip_tracking":false,"_monsterinsights_sitenote_active":false,"_monsterinsights_sitenote_note":"","_monsterinsights_sitenote_category":0,"footnotes":""},"categories":[7],"tags":[62,23],"class_list":["post-5580","post","type-post","status-publish","format-standard","has-post-thumbnail","hentry","category-concurso","tag-concurso-publico","tag-oportunidade","entry","has-media"],"yoast_head":"<!-- This site is optimized with the Yoast SEO plugin v25.1 - https:\/\/yoast.com\/wordpress\/plugins\/seo\/ -->\n<title>Inscri\u00e7\u00f5es abertas para concurso p\u00fablico da Prefeitura de Ponta de Pedras. S\u00e3o ofertadas 123 vagas para cargos de n\u00edveis Fundamental, M\u00e9dio e Superior. - FADESP<\/title>\n<meta name=\"robots\" content=\"index, follow, max-snippet:-1, max-image-preview:large, max-video-preview:-1\" \/>\n<link rel=\"canonical\" href=\"https:\/\/portalfadesp.org.br\/?p=5580\" \/>\n<meta property=\"og:locale\" content=\"pt_BR\" \/>\n<meta property=\"og:type\" content=\"article\" \/>\n<meta property=\"og:title\" content=\"Inscri\u00e7\u00f5es abertas para concurso p\u00fablico da Prefeitura de Ponta de Pedras. S\u00e3o ofertadas 123 vagas para cargos de n\u00edveis Fundamental, M\u00e9dio e Superior. - FADESP\" \/>\n<meta property=\"og:description\" content=\"A Prefeitura de Ponta de Pedras (PA) lan\u00e7ou edital de concurso p\u00fablico para o preenchimento de 123 vagas e forma\u00e7\u00e3o de cadastro de reserva. Os cargos s\u00e3o de n\u00edveis Fundamental, M\u00e9dio e Superior. As inscri\u00e7\u00f5es est\u00e3o sendo realizadas no site da FADESP (www.portalfadesp.org.br). Candidatos \u00e0 cota para Pessoa com Defici\u00eancia (PcD) t\u00eam at\u00e9 dia 17 [&hellip;]\" \/>\n<meta property=\"og:url\" content=\"https:\/\/portalfadesp.org.br\/?p=5580\" \/>\n<meta property=\"og:site_name\" content=\"FADESP\" \/>\n<meta property=\"article:publisher\" content=\"https:\/\/www.facebook.com\/Fadesp-138351949524662\/\" \/>\n<meta property=\"article:published_time\" content=\"2020-01-10T18:10:41+00:00\" \/>\n<meta property=\"article:modified_time\" content=\"2022-12-20T20:16:54+00:00\" \/>\n<meta property=\"og:image\" content=\"https:\/\/portalfadesp.org.br\/wp-content\/uploads\/2020\/01\/Ponta-de-Pedras.jpg\" \/>\n\t<meta property=\"og:image:width\" content=\"800\" \/>\n\t<meta property=\"og:image:height\" content=\"597\" \/>\n\t<meta property=\"og:image:type\" content=\"image\/jpeg\" \/>\n<meta name=\"author\" content=\"Lorena Filgueiras\" \/>\n<meta name=\"twitter:card\" content=\"summary_large_image\" \/>\n<meta name=\"twitter:creator\" content=\"@Fadesp\" \/>\n<meta name=\"twitter:site\" content=\"@Fadesp\" \/>\n<meta name=\"twitter:label1\" content=\"Escrito por\" \/>\n\t<meta name=\"twitter:data1\" content=\"Lorena Filgueiras\" \/>\n\t<meta name=\"twitter:label2\" content=\"Est. tempo de leitura\" \/>\n\t<meta name=\"twitter:data2\" content=\"2 minutos\" \/>\n<script type=\"application\/ld+json\" class=\"yoast-schema-graph\">{\"@context\":\"https:\/\/schema.org\",\"@graph\":[{\"@type\":\"Article\",\"@id\":\"https:\/\/portalfadesp.org.br\/?p=5580#article\",\"isPartOf\":{\"@id\":\"https:\/\/portalfadesp.org.br\/?p=5580\"},\"author\":{\"name\":\"Lorena Filgueiras\",\"@id\":\"https:\/\/portalfadesp.org.br\/#\/schema\/person\/c1fa9db0c87dc412d1568e0e5e27be9c\"},\"headline\":\"Inscri\u00e7\u00f5es abertas para concurso p\u00fablico da Prefeitura de Ponta de Pedras. S\u00e3o ofertadas 123 vagas para cargos de n\u00edveis Fundamental, M\u00e9dio e Superior.\",\"datePublished\":\"2020-01-10T18:10:41+00:00\",\"dateModified\":\"2022-12-20T20:16:54+00:00\",\"mainEntityOfPage\":{\"@id\":\"https:\/\/portalfadesp.org.br\/?p=5580\"},\"wordCount\":425,\"commentCount\":0,\"publisher\":{\"@id\":\"https:\/\/portalfadesp.org.br\/#organization\"},\"image\":{\"@id\":\"https:\/\/portalfadesp.org.br\/?p=5580#primaryimage\"},\"thumbnailUrl\":\"https:\/\/portalfadesp.org.br\/wp-content\/uploads\/2020\/01\/Ponta-de-Pedras.jpg\",\"keywords\":[\"concurso p\u00fablico\",\"oportunidade\"],\"articleSection\":[\"Concurso\"],\"inLanguage\":\"pt-BR\"},{\"@type\":\"WebPage\",\"@id\":\"https:\/\/portalfadesp.org.br\/?p=5580\",\"url\":\"https:\/\/portalfadesp.org.br\/?p=5580\",\"name\":\"Inscri\u00e7\u00f5es abertas para concurso p\u00fablico da Prefeitura de Ponta de Pedras. S\u00e3o ofertadas 123 vagas para cargos de n\u00edveis Fundamental, M\u00e9dio e Superior. - FADESP\",\"isPartOf\":{\"@id\":\"https:\/\/portalfadesp.org.br\/#website\"},\"primaryImageOfPage\":{\"@id\":\"https:\/\/portalfadesp.org.br\/?p=5580#primaryimage\"},\"image\":{\"@id\":\"https:\/\/portalfadesp.org.br\/?p=5580#primaryimage\"},\"thumbnailUrl\":\"https:\/\/portalfadesp.org.br\/wp-content\/uploads\/2020\/01\/Ponta-de-Pedras.jpg\",\"datePublished\":\"2020-01-10T18:10:41+00:00\",\"dateModified\":\"2022-12-20T20:16:54+00:00\",\"breadcrumb\":{\"@id\":\"https:\/\/portalfadesp.org.br\/?p=5580#breadcrumb\"},\"inLanguage\":\"pt-BR\",\"potentialAction\":[{\"@type\":\"ReadAction\",\"target\":[\"https:\/\/portalfadesp.org.br\/?p=5580\"]}]},{\"@type\":\"ImageObject\",\"inLanguage\":\"pt-BR\",\"@id\":\"https:\/\/portalfadesp.org.br\/?p=5580#primaryimage\",\"url\":\"https:\/\/portalfadesp.org.br\/wp-content\/uploads\/2020\/01\/Ponta-de-Pedras.jpg\",\"contentUrl\":\"https:\/\/portalfadesp.org.br\/wp-content\/uploads\/2020\/01\/Ponta-de-Pedras.jpg\",\"width\":800,\"height\":597},{\"@type\":\"BreadcrumbList\",\"@id\":\"https:\/\/portalfadesp.org.br\/?p=5580#breadcrumb\",\"itemListElement\":[{\"@type\":\"ListItem\",\"position\":1,\"name\":\"In\u00edcio\",\"item\":\"https:\/\/portalfadesp.org.br\/\"},{\"@type\":\"ListItem\",\"position\":2,\"name\":\"Inscri\u00e7\u00f5es abertas para concurso p\u00fablico da Prefeitura de Ponta de Pedras. S\u00e3o ofertadas 123 vagas para cargos de n\u00edveis Fundamental, M\u00e9dio e Superior.\"}]},{\"@type\":\"WebSite\",\"@id\":\"https:\/\/portalfadesp.org.br\/#website\",\"url\":\"https:\/\/portalfadesp.org.br\/\",\"name\":\"FADESP\",\"description\":\"Funda\u00e7\u00e3o de Amparo e Desenvolvimento da Pesquisa\",\"publisher\":{\"@id\":\"https:\/\/portalfadesp.org.br\/#organization\"},\"potentialAction\":[{\"@type\":\"SearchAction\",\"target\":{\"@type\":\"EntryPoint\",\"urlTemplate\":\"https:\/\/portalfadesp.org.br\/?s={search_term_string}\"},\"query-input\":{\"@type\":\"PropertyValueSpecification\",\"valueRequired\":true,\"valueName\":\"search_term_string\"}}],\"inLanguage\":\"pt-BR\"},{\"@type\":\"Organization\",\"@id\":\"https:\/\/portalfadesp.org.br\/#organization\",\"name\":\"FADESP\",\"url\":\"https:\/\/portalfadesp.org.br\/\",\"logo\":{\"@type\":\"ImageObject\",\"inLanguage\":\"pt-BR\",\"@id\":\"https:\/\/portalfadesp.org.br\/#\/schema\/logo\/image\/\",\"url\":\"https:\/\/portalfadesp.org.br\/wp-content\/uploads\/2024\/01\/NOVOLOGOFADESPlaranjaH.png\",\"contentUrl\":\"https:\/\/portalfadesp.org.br\/wp-content\/uploads\/2024\/01\/NOVOLOGOFADESPlaranjaH.png\",\"width\":2742,\"height\":839,\"caption\":\"FADESP\"},\"image\":{\"@id\":\"https:\/\/portalfadesp.org.br\/#\/schema\/logo\/image\/\"},\"sameAs\":[\"https:\/\/www.facebook.com\/Fadesp-138351949524662\/\",\"https:\/\/x.com\/Fadesp\",\"https:\/\/www.instagram.com\/fadesp_ufpa\/\",\"https:\/\/www.youtube.com\/@fundacaodeamparoedesenvolv1903\",\"https:\/\/www.threads.net\/@fadesp_ufpa\"]},{\"@type\":\"Person\",\"@id\":\"https:\/\/portalfadesp.org.br\/#\/schema\/person\/c1fa9db0c87dc412d1568e0e5e27be9c\",\"name\":\"Lorena Filgueiras\",\"image\":{\"@type\":\"ImageObject\",\"inLanguage\":\"pt-BR\",\"@id\":\"https:\/\/portalfadesp.org.br\/#\/schema\/person\/image\/\",\"url\":\"https:\/\/secure.gravatar.com\/avatar\/37390a2dfe1325c2917fc5f6df471abe8ab753cf23b2d14690f57bd61ab4b7cf?s=96&d=mm&r=g\",\"contentUrl\":\"https:\/\/secure.gravatar.com\/avatar\/37390a2dfe1325c2917fc5f6df471abe8ab753cf23b2d14690f57bd61ab4b7cf?s=96&d=mm&r=g\",\"caption\":\"Lorena Filgueiras\"},\"url\":\"https:\/\/portalfadesp.org.br\/?author=11\"}]}<\/script>\n<!-- \/ Yoast SEO plugin. -->","yoast_head_json":{"title":"Inscri\u00e7\u00f5es abertas para concurso p\u00fablico da Prefeitura de Ponta de Pedras. S\u00e3o ofertadas 123 vagas para cargos de n\u00edveis Fundamental, M\u00e9dio e Superior. - FADESP","robots":{"index":"index","follow":"follow","max-snippet":"max-snippet:-1","max-image-preview":"max-image-preview:large","max-video-preview":"max-video-preview:-1"},"canonical":"https:\/\/portalfadesp.org.br\/?p=5580","og_locale":"pt_BR","og_type":"article","og_title":"Inscri\u00e7\u00f5es abertas para concurso p\u00fablico da Prefeitura de Ponta de Pedras. S\u00e3o ofertadas 123 vagas para cargos de n\u00edveis Fundamental, M\u00e9dio e Superior. - FADESP","og_description":"A Prefeitura de Ponta de Pedras (PA) lan\u00e7ou edital de concurso p\u00fablico para o preenchimento de 123 vagas e forma\u00e7\u00e3o de cadastro de reserva. Os cargos s\u00e3o de n\u00edveis Fundamental, M\u00e9dio e Superior. As inscri\u00e7\u00f5es est\u00e3o sendo realizadas no site da FADESP (www.portalfadesp.org.br). Candidatos \u00e0 cota para Pessoa com Defici\u00eancia (PcD) t\u00eam at\u00e9 dia 17 [&hellip;]","og_url":"https:\/\/portalfadesp.org.br\/?p=5580","og_site_name":"FADESP","article_publisher":"https:\/\/www.facebook.com\/Fadesp-138351949524662\/","article_published_time":"2020-01-10T18:10:41+00:00","article_modified_time":"2022-12-20T20:16:54+00:00","og_image":[{"width":800,"height":597,"url":"https:\/\/portalfadesp.org.br\/wp-content\/uploads\/2020\/01\/Ponta-de-Pedras.jpg","type":"image\/jpeg"}],"author":"Lorena Filgueiras","twitter_card":"summary_large_image","twitter_creator":"@Fadesp","twitter_site":"@Fadesp","twitter_misc":{"Escrito por":"Lorena Filgueiras","Est. tempo de leitura":"2 minutos"},"schema":{"@context":"https:\/\/schema.org","@graph":[{"@type":"Article","@id":"https:\/\/portalfadesp.org.br\/?p=5580#article","isPartOf":{"@id":"https:\/\/portalfadesp.org.br\/?p=5580"},"author":{"name":"Lorena Filgueiras","@id":"https:\/\/portalfadesp.org.br\/#\/schema\/person\/c1fa9db0c87dc412d1568e0e5e27be9c"},"headline":"Inscri\u00e7\u00f5es abertas para concurso p\u00fablico da Prefeitura de Ponta de Pedras. S\u00e3o ofertadas 123 vagas para cargos de n\u00edveis Fundamental, M\u00e9dio e Superior.","datePublished":"2020-01-10T18:10:41+00:00","dateModified":"2022-12-20T20:16:54+00:00","mainEntityOfPage":{"@id":"https:\/\/portalfadesp.org.br\/?p=5580"},"wordCount":425,"commentCount":0,"publisher":{"@id":"https:\/\/portalfadesp.org.br\/#organization"},"image":{"@id":"https:\/\/portalfadesp.org.br\/?p=5580#primaryimage"},"thumbnailUrl":"https:\/\/portalfadesp.org.br\/wp-content\/uploads\/2020\/01\/Ponta-de-Pedras.jpg","keywords":["concurso p\u00fablico","oportunidade"],"articleSection":["Concurso"],"inLanguage":"pt-BR"},{"@type":"WebPage","@id":"https:\/\/portalfadesp.org.br\/?p=5580","url":"https:\/\/portalfadesp.org.br\/?p=5580","name":"Inscri\u00e7\u00f5es abertas para concurso p\u00fablico da Prefeitura de Ponta de Pedras. S\u00e3o ofertadas 123 vagas para cargos de n\u00edveis Fundamental, M\u00e9dio e Superior. - FADESP","isPartOf":{"@id":"https:\/\/portalfadesp.org.br\/#website"},"primaryImageOfPage":{"@id":"https:\/\/portalfadesp.org.br\/?p=5580#primaryimage"},"image":{"@id":"https:\/\/portalfadesp.org.br\/?p=5580#primaryimage"},"thumbnailUrl":"https:\/\/portalfadesp.org.br\/wp-content\/uploads\/2020\/01\/Ponta-de-Pedras.jpg","datePublished":"2020-01-10T18:10:41+00:00","dateModified":"2022-12-20T20:16:54+00:00","breadcrumb":{"@id":"https:\/\/portalfadesp.org.br\/?p=5580#breadcrumb"},"inLanguage":"pt-BR","potentialAction":[{"@type":"ReadAction","target":["https:\/\/portalfadesp.org.br\/?p=5580"]}]},{"@type":"ImageObject","inLanguage":"pt-BR","@id":"https:\/\/portalfadesp.org.br\/?p=5580#primaryimage","url":"https:\/\/portalfadesp.org.br\/wp-content\/uploads\/2020\/01\/Ponta-de-Pedras.jpg","contentUrl":"https:\/\/portalfadesp.org.br\/wp-content\/uploads\/2020\/01\/Ponta-de-Pedras.jpg","width":800,"height":597},{"@type":"BreadcrumbList","@id":"https:\/\/portalfadesp.org.br\/?p=5580#breadcrumb","itemListElement":[{"@type":"ListItem","position":1,"name":"In\u00edcio","item":"https:\/\/portalfadesp.org.br\/"},{"@type":"ListItem","position":2,"name":"Inscri\u00e7\u00f5es abertas para concurso p\u00fablico da Prefeitura de Ponta de Pedras. S\u00e3o ofertadas 123 vagas para cargos de n\u00edveis Fundamental, M\u00e9dio e Superior."}]},{"@type":"WebSite","@id":"https:\/\/portalfadesp.org.br\/#website","url":"https:\/\/portalfadesp.org.br\/","name":"FADESP","description":"Funda\u00e7\u00e3o de Amparo e Desenvolvimento da Pesquisa","publisher":{"@id":"https:\/\/portalfadesp.org.br\/#organization"},"potentialAction":[{"@type":"SearchAction","target":{"@type":"EntryPoint","urlTemplate":"https:\/\/portalfadesp.org.br\/?s={search_term_string}"},"query-input":{"@type":"PropertyValueSpecification","valueRequired":true,"valueName":"search_term_string"}}],"inLanguage":"pt-BR"},{"@type":"Organization","@id":"https:\/\/portalfadesp.org.br\/#organization","name":"FADESP","url":"https:\/\/portalfadesp.org.br\/","logo":{"@type":"ImageObject","inLanguage":"pt-BR","@id":"https:\/\/portalfadesp.org.br\/#\/schema\/logo\/image\/","url":"https:\/\/portalfadesp.org.br\/wp-content\/uploads\/2024\/01\/NOVOLOGOFADESPlaranjaH.png","contentUrl":"https:\/\/portalfadesp.org.br\/wp-content\/uploads\/2024\/01\/NOVOLOGOFADESPlaranjaH.png","width":2742,"height":839,"caption":"FADESP"},"image":{"@id":"https:\/\/portalfadesp.org.br\/#\/schema\/logo\/image\/"},"sameAs":["https:\/\/www.facebook.com\/Fadesp-138351949524662\/","https:\/\/x.com\/Fadesp","https:\/\/www.instagram.com\/fadesp_ufpa\/","https:\/\/www.youtube.com\/@fundacaodeamparoedesenvolv1903","https:\/\/www.threads.net\/@fadesp_ufpa"]},{"@type":"Person","@id":"https:\/\/portalfadesp.org.br\/#\/schema\/person\/c1fa9db0c87dc412d1568e0e5e27be9c","name":"Lorena Filgueiras","image":{"@type":"ImageObject","inLanguage":"pt-BR","@id":"https:\/\/portalfadesp.org.br\/#\/schema\/person\/image\/","url":"https:\/\/secure.gravatar.com\/avatar\/37390a2dfe1325c2917fc5f6df471abe8ab753cf23b2d14690f57bd61ab4b7cf?s=96&d=mm&r=g","contentUrl":"https:\/\/secure.gravatar.com\/avatar\/37390a2dfe1325c2917fc5f6df471abe8ab753cf23b2d14690f57bd61ab4b7cf?s=96&d=mm&r=g","caption":"Lorena Filgueiras"},"url":"https:\/\/portalfadesp.org.br\/?author=11"}]}},"_links":{"self":[{"href":"https:\/\/portalfadesp.org.br\/index.php?rest_route=\/wp\/v2\/posts\/5580","targetHints":{"allow":["GET"]}}],"collection":[{"href":"https:\/\/portalfadesp.org.br\/index.php?rest_route=\/wp\/v2\/posts"}],"about":[{"href":"https:\/\/portalfadesp.org.br\/index.php?rest_route=\/wp\/v2\/types\/post"}],"author":[{"embeddable":true,"href":"https:\/\/portalfadesp.org.br\/index.php?rest_route=\/wp\/v2\/users\/11"}],"replies":[{"embeddable":true,"href":"https:\/\/portalfadesp.org.br\/index.php?rest_route=%2Fwp%2Fv2%2Fcomments&post=5580"}],"version-history":[{"count":8,"href":"https:\/\/portalfadesp.org.br\/index.php?rest_route=\/wp\/v2\/posts\/5580\/revisions"}],"predecessor-version":[{"id":37729,"href":"https:\/\/portalfadesp.org.br\/index.php?rest_route=\/wp\/v2\/posts\/5580\/revisions\/37729"}],"wp:featuredmedia":[{"embeddable":true,"href":"https:\/\/portalfadesp.org.br\/index.php?rest_route=\/wp\/v2\/media\/5581"}],"wp:attachment":[{"href":"https:\/\/portalfadesp.org.br\/index.php?rest_route=%2Fwp%2Fv2%2Fmedia&parent=5580"}],"wp:term":[{"taxonomy":"category","embeddable":true,"href":"https:\/\/portalfadesp.org.br\/index.php?rest_route=%2Fwp%2Fv2%2Fcategories&post=5580"},{"taxonomy":"post_tag","embeddable":true,"href":"https:\/\/portalfadesp.org.br\/index.php?rest_route=%2Fwp%2Fv2%2Ftags&post=5580"}],"curies":[{"name":"wp","href":"https:\/\/api.w.org\/{rel}","templated":true}]}}