{"id":5547,"date":"2020-01-09T10:57:26","date_gmt":"2020-01-09T13:57:26","guid":{"rendered":"https:\/\/162.215.13.167?p=5547"},"modified":"2022-12-20T17:16:52","modified_gmt":"2022-12-20T20:16:52","slug":"cursos-livres-de-lingua-estrangeira-ofertados-pela-ufpa-inscricoes-comecam-na-proxima-semana-amanha-10-e-dia-de-prova-de-nivelamento","status":"publish","type":"post","link":"https:\/\/portalfadesp.org.br\/?p=5547","title":{"rendered":"Cursos Livres de L\u00edngua Estrangeira ofertados pela UFPA: inscri\u00e7\u00f5es come\u00e7am na pr\u00f3xima semana. Amanh\u00e3, 10, \u00e9 dia de prova de nivelamento."},"content":{"rendered":"\n<p>Come\u00e7am na pr\u00f3xima ter\u00e7a-feira, 14, as inscri\u00e7\u00f5es para os<strong><a href=\"..\/wp-content\/uploads\/2019\/12\/CLLE-EDITAL-DE-MATR\u00cdCULA-PARA-O-1\u00ba-SEMESTRE-DE-2020.pdf\" target=\"_blank\" rel=\"noreferrer noopener\"> Cursos Livres de L\u00edngua Estrangeira (CLLE)<\/a><\/strong>, da UFPA. Amanh\u00e3, 10, ser\u00e1 realizada a prova para quem se inscreveu no teste de nivelamento exigido de quem quer come\u00e7ar o curso a partir do n\u00edvel 2. O resultado ser\u00e1 divulgado no dia 12.<\/p>\n\n\n\n<p>Os candidatos aprovados no nivelamento dever\u00e3o se inscrever para a turma que desejam, assim como todos os demais interessados nos CLLE. Haver\u00e1 um per\u00edodo para cada n\u00edvel, com o preenchimento das as vagas por ordem de chegada. Para o primeiro, a inscri\u00e7\u00e3o ser\u00e1 nos dias 14 e 15 de janeiro.<\/p>\n\n\n\n<p>O primeiro passo para se inscrever nos cursos \u00e9 fazer o cadastro no site da FADESP (www.portalfadesp.org.br), \u00e1rea de cursos livres. Em seguida, acessar o link de inscri\u00e7\u00e3o para a turma escolhida, obedecendo o calend\u00e1rio de matr\u00edcula, preencher o formul\u00e1rio online, gerar e pagar o boleto.<\/p>\n\n\n\n<p>Conforme o <strong><a href=\"..\/wp-content\/uploads\/2019\/12\/CLLE-EDITAL-DE-MATR\u00cdCULA-PARA-O-1\u00ba-SEMESTRE-DE-2020.pdf\" target=\"_blank\" rel=\"noreferrer noopener\">edita<\/a><\/strong>l, os cursos de Ingl\u00eas, Franc\u00eas e Espanhol ter\u00e3o turmas regulares e instrumentais, todas presenciais. As turmas online ser\u00e3o de Ingl\u00eas Instrumental e \u00c1rabe. A turma de Portugu\u00eas para Estrangeiro ser\u00e1 intensiva.<\/p>\n\n\n\n<p>Como \u00e9 autofinanci\u00e1vel, o curso exige investimento de R$\n550,00 para as turmas de Portugu\u00eas para Estrangeiro e de R$ 430,00 para as\ndemais. O valor pode ser parcelado, conforme estabelece o edital.<\/p>\n\n\n\n<p>Os candidatos que se inscreverem, mas n\u00e3o pagarem o boleto de\nmatr\u00edcula dentro do prazo de vencimento ter\u00e3o as vagas reofertadas em\nfevereiro. As aulas ter\u00e3o in\u00edcio no dia 14 de fevereiro.<\/p>\n\n\n\n<p>Mais informa\u00e7\u00f5es pelo telefone (91) 3201-7524, email cursoslivres@ufpa.br e sites <a href=\"http:\/\/www.cursoslivresonline.com.br\">www.cursoslivresonline.com.br<\/a> e <a rel=\"noreferrer noopener\" aria-label=\"www.clleufpa.wix.com\/cursoslivres. (abre numa nova aba)\" href=\"https:\/\/clleufpa.wixsite.com\/cursoslivres\" target=\"_blank\">www.clleufpa.wix.com\/cursoslivres.<\/a><\/p>\n\n\n\n<p><strong>Calend\u00e1rio de matr\u00edculas<\/strong><br>1\u00ba n\u00edvel: <strong>14 a 15\/01\/2020 <\/strong><br>2\u00ba n\u00edvel: <strong>16 a 17\/01\/2020<\/strong><br>3\u00ba n\u00edvel: <strong>20 a 21\/01\/2020<\/strong> <br>4\u00ba e 5\u00ba n\u00edvel: <strong>22 a 23\/01\/2020<\/strong> <br>6\u00ba e 7\u00ba n\u00edvel: <strong>24\/01 a 25\/01\/2020 <\/strong><br>Ingl\u00eas, Franc\u00eas e Espanhol Instrumental presencial, Curso de Ingl\u00eas Instrumental Online, \u00c1rabe Online e Portugu\u00eas para Estrangeiros:<strong> 27 a 28\/01\/2020. <\/strong> <\/p>\n","protected":false},"excerpt":{"rendered":"<p>Come\u00e7am na pr\u00f3xima ter\u00e7a-feira, 14, as inscri\u00e7\u00f5es para os Cursos Livres de L\u00edngua Estrangeira (CLLE), da UFPA. Amanh\u00e3, 10, ser\u00e1 realizada a prova para quem se inscreveu no teste de nivelamento exigido de quem quer come\u00e7ar o curso a partir do n\u00edvel 2. O resultado ser\u00e1 divulgado no dia 12. Os candidatos aprovados no nivelamento [&hellip;]<\/p>\n","protected":false},"author":11,"featured_media":2165,"comment_status":"open","ping_status":"open","sticky":false,"template":"","format":"standard","meta":{"_monsterinsights_skip_tracking":false,"_monsterinsights_sitenote_active":false,"_monsterinsights_sitenote_note":"","_monsterinsights_sitenote_category":0,"footnotes":""},"categories":[11,15,83],"tags":[31,32,33],"class_list":["post-5547","post","type-post","status-publish","format-standard","has-post-thumbnail","hentry","category-cursos-livres","category-extensoes","category-ufpa","tag-cursos-livres","tag-linguas","tag-ufpa","entry","has-media"],"yoast_head":"<!-- This site is optimized with the Yoast SEO plugin v25.1 - https:\/\/yoast.com\/wordpress\/plugins\/seo\/ -->\n<title>Cursos Livres de L\u00edngua Estrangeira ofertados pela UFPA: inscri\u00e7\u00f5es come\u00e7am na pr\u00f3xima semana. Amanh\u00e3, 10, \u00e9 dia de prova de nivelamento. - FADESP<\/title>\n<meta name=\"robots\" content=\"index, follow, max-snippet:-1, max-image-preview:large, max-video-preview:-1\" \/>\n<link rel=\"canonical\" href=\"https:\/\/portalfadesp.org.br\/?p=5547\" \/>\n<meta property=\"og:locale\" content=\"pt_BR\" \/>\n<meta property=\"og:type\" content=\"article\" \/>\n<meta property=\"og:title\" content=\"Cursos Livres de L\u00edngua Estrangeira ofertados pela UFPA: inscri\u00e7\u00f5es come\u00e7am na pr\u00f3xima semana. Amanh\u00e3, 10, \u00e9 dia de prova de nivelamento. - FADESP\" \/>\n<meta property=\"og:description\" content=\"Come\u00e7am na pr\u00f3xima ter\u00e7a-feira, 14, as inscri\u00e7\u00f5es para os Cursos Livres de L\u00edngua Estrangeira (CLLE), da UFPA. Amanh\u00e3, 10, ser\u00e1 realizada a prova para quem se inscreveu no teste de nivelamento exigido de quem quer come\u00e7ar o curso a partir do n\u00edvel 2. O resultado ser\u00e1 divulgado no dia 12. Os candidatos aprovados no nivelamento [&hellip;]\" \/>\n<meta property=\"og:url\" content=\"https:\/\/portalfadesp.org.br\/?p=5547\" \/>\n<meta property=\"og:site_name\" content=\"FADESP\" \/>\n<meta property=\"article:publisher\" content=\"https:\/\/www.facebook.com\/Fadesp-138351949524662\/\" \/>\n<meta property=\"article:published_time\" content=\"2020-01-09T13:57:26+00:00\" \/>\n<meta property=\"article:modified_time\" content=\"2022-12-20T20:16:52+00:00\" \/>\n<meta property=\"og:image\" content=\"https:\/\/portalfadesp.org.br\/wp-content\/uploads\/2019\/06\/clle.jpg\" \/>\n\t<meta property=\"og:image:width\" content=\"250\" \/>\n\t<meta property=\"og:image:height\" content=\"140\" \/>\n\t<meta property=\"og:image:type\" content=\"image\/jpeg\" \/>\n<meta name=\"author\" content=\"Lorena Filgueiras\" \/>\n<meta name=\"twitter:card\" content=\"summary_large_image\" \/>\n<meta name=\"twitter:creator\" content=\"@Fadesp\" \/>\n<meta name=\"twitter:site\" content=\"@Fadesp\" \/>\n<meta name=\"twitter:label1\" content=\"Escrito por\" \/>\n\t<meta name=\"twitter:data1\" content=\"Lorena Filgueiras\" \/>\n\t<meta name=\"twitter:label2\" content=\"Est. tempo de leitura\" \/>\n\t<meta name=\"twitter:data2\" content=\"2 minutos\" \/>\n<script type=\"application\/ld+json\" class=\"yoast-schema-graph\">{\"@context\":\"https:\/\/schema.org\",\"@graph\":[{\"@type\":\"Article\",\"@id\":\"https:\/\/portalfadesp.org.br\/?p=5547#article\",\"isPartOf\":{\"@id\":\"https:\/\/portalfadesp.org.br\/?p=5547\"},\"author\":{\"name\":\"Lorena Filgueiras\",\"@id\":\"https:\/\/portalfadesp.org.br\/#\/schema\/person\/c1fa9db0c87dc412d1568e0e5e27be9c\"},\"headline\":\"Cursos Livres de L\u00edngua Estrangeira ofertados pela UFPA: inscri\u00e7\u00f5es come\u00e7am na pr\u00f3xima semana. Amanh\u00e3, 10, \u00e9 dia de prova de nivelamento.\",\"datePublished\":\"2020-01-09T13:57:26+00:00\",\"dateModified\":\"2022-12-20T20:16:52+00:00\",\"mainEntityOfPage\":{\"@id\":\"https:\/\/portalfadesp.org.br\/?p=5547\"},\"wordCount\":355,\"commentCount\":0,\"publisher\":{\"@id\":\"https:\/\/portalfadesp.org.br\/#organization\"},\"image\":{\"@id\":\"https:\/\/portalfadesp.org.br\/?p=5547#primaryimage\"},\"thumbnailUrl\":\"https:\/\/portalfadesp.org.br\/wp-content\/uploads\/2019\/06\/clle.jpg\",\"keywords\":[\"cursos livres\",\"l\u00ednguas\",\"UFPA\"],\"articleSection\":[\"Cursos Livres\",\"Extens\u00f5es\",\"UFPA\"],\"inLanguage\":\"pt-BR\"},{\"@type\":\"WebPage\",\"@id\":\"https:\/\/portalfadesp.org.br\/?p=5547\",\"url\":\"https:\/\/portalfadesp.org.br\/?p=5547\",\"name\":\"Cursos Livres de L\u00edngua Estrangeira ofertados pela UFPA: inscri\u00e7\u00f5es come\u00e7am na pr\u00f3xima semana. Amanh\u00e3, 10, \u00e9 dia de prova de nivelamento. - FADESP\",\"isPartOf\":{\"@id\":\"https:\/\/portalfadesp.org.br\/#website\"},\"primaryImageOfPage\":{\"@id\":\"https:\/\/portalfadesp.org.br\/?p=5547#primaryimage\"},\"image\":{\"@id\":\"https:\/\/portalfadesp.org.br\/?p=5547#primaryimage\"},\"thumbnailUrl\":\"https:\/\/portalfadesp.org.br\/wp-content\/uploads\/2019\/06\/clle.jpg\",\"datePublished\":\"2020-01-09T13:57:26+00:00\",\"dateModified\":\"2022-12-20T20:16:52+00:00\",\"breadcrumb\":{\"@id\":\"https:\/\/portalfadesp.org.br\/?p=5547#breadcrumb\"},\"inLanguage\":\"pt-BR\",\"potentialAction\":[{\"@type\":\"ReadAction\",\"target\":[\"https:\/\/portalfadesp.org.br\/?p=5547\"]}]},{\"@type\":\"ImageObject\",\"inLanguage\":\"pt-BR\",\"@id\":\"https:\/\/portalfadesp.org.br\/?p=5547#primaryimage\",\"url\":\"https:\/\/portalfadesp.org.br\/wp-content\/uploads\/2019\/06\/clle.jpg\",\"contentUrl\":\"https:\/\/portalfadesp.org.br\/wp-content\/uploads\/2019\/06\/clle.jpg\",\"width\":250,\"height\":140},{\"@type\":\"BreadcrumbList\",\"@id\":\"https:\/\/portalfadesp.org.br\/?p=5547#breadcrumb\",\"itemListElement\":[{\"@type\":\"ListItem\",\"position\":1,\"name\":\"In\u00edcio\",\"item\":\"https:\/\/portalfadesp.org.br\/\"},{\"@type\":\"ListItem\",\"position\":2,\"name\":\"Cursos Livres de L\u00edngua Estrangeira ofertados pela UFPA: inscri\u00e7\u00f5es come\u00e7am na pr\u00f3xima semana. Amanh\u00e3, 10, \u00e9 dia de prova de nivelamento.\"}]},{\"@type\":\"WebSite\",\"@id\":\"https:\/\/portalfadesp.org.br\/#website\",\"url\":\"https:\/\/portalfadesp.org.br\/\",\"name\":\"FADESP\",\"description\":\"Funda\u00e7\u00e3o de Amparo e Desenvolvimento da Pesquisa\",\"publisher\":{\"@id\":\"https:\/\/portalfadesp.org.br\/#organization\"},\"potentialAction\":[{\"@type\":\"SearchAction\",\"target\":{\"@type\":\"EntryPoint\",\"urlTemplate\":\"https:\/\/portalfadesp.org.br\/?s={search_term_string}\"},\"query-input\":{\"@type\":\"PropertyValueSpecification\",\"valueRequired\":true,\"valueName\":\"search_term_string\"}}],\"inLanguage\":\"pt-BR\"},{\"@type\":\"Organization\",\"@id\":\"https:\/\/portalfadesp.org.br\/#organization\",\"name\":\"FADESP\",\"url\":\"https:\/\/portalfadesp.org.br\/\",\"logo\":{\"@type\":\"ImageObject\",\"inLanguage\":\"pt-BR\",\"@id\":\"https:\/\/portalfadesp.org.br\/#\/schema\/logo\/image\/\",\"url\":\"https:\/\/portalfadesp.org.br\/wp-content\/uploads\/2024\/01\/NOVOLOGOFADESPlaranjaH.png\",\"contentUrl\":\"https:\/\/portalfadesp.org.br\/wp-content\/uploads\/2024\/01\/NOVOLOGOFADESPlaranjaH.png\",\"width\":2742,\"height\":839,\"caption\":\"FADESP\"},\"image\":{\"@id\":\"https:\/\/portalfadesp.org.br\/#\/schema\/logo\/image\/\"},\"sameAs\":[\"https:\/\/www.facebook.com\/Fadesp-138351949524662\/\",\"https:\/\/x.com\/Fadesp\",\"https:\/\/www.instagram.com\/fadesp_ufpa\/\",\"https:\/\/www.youtube.com\/@fundacaodeamparoedesenvolv1903\",\"https:\/\/www.threads.net\/@fadesp_ufpa\"]},{\"@type\":\"Person\",\"@id\":\"https:\/\/portalfadesp.org.br\/#\/schema\/person\/c1fa9db0c87dc412d1568e0e5e27be9c\",\"name\":\"Lorena Filgueiras\",\"image\":{\"@type\":\"ImageObject\",\"inLanguage\":\"pt-BR\",\"@id\":\"https:\/\/portalfadesp.org.br\/#\/schema\/person\/image\/\",\"url\":\"https:\/\/secure.gravatar.com\/avatar\/37390a2dfe1325c2917fc5f6df471abe8ab753cf23b2d14690f57bd61ab4b7cf?s=96&d=mm&r=g\",\"contentUrl\":\"https:\/\/secure.gravatar.com\/avatar\/37390a2dfe1325c2917fc5f6df471abe8ab753cf23b2d14690f57bd61ab4b7cf?s=96&d=mm&r=g\",\"caption\":\"Lorena Filgueiras\"},\"url\":\"https:\/\/portalfadesp.org.br\/?author=11\"}]}<\/script>\n<!-- \/ Yoast SEO plugin. -->","yoast_head_json":{"title":"Cursos Livres de L\u00edngua Estrangeira ofertados pela UFPA: inscri\u00e7\u00f5es come\u00e7am na pr\u00f3xima semana. Amanh\u00e3, 10, \u00e9 dia de prova de nivelamento. - FADESP","robots":{"index":"index","follow":"follow","max-snippet":"max-snippet:-1","max-image-preview":"max-image-preview:large","max-video-preview":"max-video-preview:-1"},"canonical":"https:\/\/portalfadesp.org.br\/?p=5547","og_locale":"pt_BR","og_type":"article","og_title":"Cursos Livres de L\u00edngua Estrangeira ofertados pela UFPA: inscri\u00e7\u00f5es come\u00e7am na pr\u00f3xima semana. Amanh\u00e3, 10, \u00e9 dia de prova de nivelamento. - FADESP","og_description":"Come\u00e7am na pr\u00f3xima ter\u00e7a-feira, 14, as inscri\u00e7\u00f5es para os Cursos Livres de L\u00edngua Estrangeira (CLLE), da UFPA. Amanh\u00e3, 10, ser\u00e1 realizada a prova para quem se inscreveu no teste de nivelamento exigido de quem quer come\u00e7ar o curso a partir do n\u00edvel 2. O resultado ser\u00e1 divulgado no dia 12. Os candidatos aprovados no nivelamento [&hellip;]","og_url":"https:\/\/portalfadesp.org.br\/?p=5547","og_site_name":"FADESP","article_publisher":"https:\/\/www.facebook.com\/Fadesp-138351949524662\/","article_published_time":"2020-01-09T13:57:26+00:00","article_modified_time":"2022-12-20T20:16:52+00:00","og_image":[{"width":250,"height":140,"url":"https:\/\/portalfadesp.org.br\/wp-content\/uploads\/2019\/06\/clle.jpg","type":"image\/jpeg"}],"author":"Lorena Filgueiras","twitter_card":"summary_large_image","twitter_creator":"@Fadesp","twitter_site":"@Fadesp","twitter_misc":{"Escrito por":"Lorena Filgueiras","Est. tempo de leitura":"2 minutos"},"schema":{"@context":"https:\/\/schema.org","@graph":[{"@type":"Article","@id":"https:\/\/portalfadesp.org.br\/?p=5547#article","isPartOf":{"@id":"https:\/\/portalfadesp.org.br\/?p=5547"},"author":{"name":"Lorena Filgueiras","@id":"https:\/\/portalfadesp.org.br\/#\/schema\/person\/c1fa9db0c87dc412d1568e0e5e27be9c"},"headline":"Cursos Livres de L\u00edngua Estrangeira ofertados pela UFPA: inscri\u00e7\u00f5es come\u00e7am na pr\u00f3xima semana. Amanh\u00e3, 10, \u00e9 dia de prova de nivelamento.","datePublished":"2020-01-09T13:57:26+00:00","dateModified":"2022-12-20T20:16:52+00:00","mainEntityOfPage":{"@id":"https:\/\/portalfadesp.org.br\/?p=5547"},"wordCount":355,"commentCount":0,"publisher":{"@id":"https:\/\/portalfadesp.org.br\/#organization"},"image":{"@id":"https:\/\/portalfadesp.org.br\/?p=5547#primaryimage"},"thumbnailUrl":"https:\/\/portalfadesp.org.br\/wp-content\/uploads\/2019\/06\/clle.jpg","keywords":["cursos livres","l\u00ednguas","UFPA"],"articleSection":["Cursos Livres","Extens\u00f5es","UFPA"],"inLanguage":"pt-BR"},{"@type":"WebPage","@id":"https:\/\/portalfadesp.org.br\/?p=5547","url":"https:\/\/portalfadesp.org.br\/?p=5547","name":"Cursos Livres de L\u00edngua Estrangeira ofertados pela UFPA: inscri\u00e7\u00f5es come\u00e7am na pr\u00f3xima semana. Amanh\u00e3, 10, \u00e9 dia de prova de nivelamento. - FADESP","isPartOf":{"@id":"https:\/\/portalfadesp.org.br\/#website"},"primaryImageOfPage":{"@id":"https:\/\/portalfadesp.org.br\/?p=5547#primaryimage"},"image":{"@id":"https:\/\/portalfadesp.org.br\/?p=5547#primaryimage"},"thumbnailUrl":"https:\/\/portalfadesp.org.br\/wp-content\/uploads\/2019\/06\/clle.jpg","datePublished":"2020-01-09T13:57:26+00:00","dateModified":"2022-12-20T20:16:52+00:00","breadcrumb":{"@id":"https:\/\/portalfadesp.org.br\/?p=5547#breadcrumb"},"inLanguage":"pt-BR","potentialAction":[{"@type":"ReadAction","target":["https:\/\/portalfadesp.org.br\/?p=5547"]}]},{"@type":"ImageObject","inLanguage":"pt-BR","@id":"https:\/\/portalfadesp.org.br\/?p=5547#primaryimage","url":"https:\/\/portalfadesp.org.br\/wp-content\/uploads\/2019\/06\/clle.jpg","contentUrl":"https:\/\/portalfadesp.org.br\/wp-content\/uploads\/2019\/06\/clle.jpg","width":250,"height":140},{"@type":"BreadcrumbList","@id":"https:\/\/portalfadesp.org.br\/?p=5547#breadcrumb","itemListElement":[{"@type":"ListItem","position":1,"name":"In\u00edcio","item":"https:\/\/portalfadesp.org.br\/"},{"@type":"ListItem","position":2,"name":"Cursos Livres de L\u00edngua Estrangeira ofertados pela UFPA: inscri\u00e7\u00f5es come\u00e7am na pr\u00f3xima semana. Amanh\u00e3, 10, \u00e9 dia de prova de nivelamento."}]},{"@type":"WebSite","@id":"https:\/\/portalfadesp.org.br\/#website","url":"https:\/\/portalfadesp.org.br\/","name":"FADESP","description":"Funda\u00e7\u00e3o de Amparo e Desenvolvimento da Pesquisa","publisher":{"@id":"https:\/\/portalfadesp.org.br\/#organization"},"potentialAction":[{"@type":"SearchAction","target":{"@type":"EntryPoint","urlTemplate":"https:\/\/portalfadesp.org.br\/?s={search_term_string}"},"query-input":{"@type":"PropertyValueSpecification","valueRequired":true,"valueName":"search_term_string"}}],"inLanguage":"pt-BR"},{"@type":"Organization","@id":"https:\/\/portalfadesp.org.br\/#organization","name":"FADESP","url":"https:\/\/portalfadesp.org.br\/","logo":{"@type":"ImageObject","inLanguage":"pt-BR","@id":"https:\/\/portalfadesp.org.br\/#\/schema\/logo\/image\/","url":"https:\/\/portalfadesp.org.br\/wp-content\/uploads\/2024\/01\/NOVOLOGOFADESPlaranjaH.png","contentUrl":"https:\/\/portalfadesp.org.br\/wp-content\/uploads\/2024\/01\/NOVOLOGOFADESPlaranjaH.png","width":2742,"height":839,"caption":"FADESP"},"image":{"@id":"https:\/\/portalfadesp.org.br\/#\/schema\/logo\/image\/"},"sameAs":["https:\/\/www.facebook.com\/Fadesp-138351949524662\/","https:\/\/x.com\/Fadesp","https:\/\/www.instagram.com\/fadesp_ufpa\/","https:\/\/www.youtube.com\/@fundacaodeamparoedesenvolv1903","https:\/\/www.threads.net\/@fadesp_ufpa"]},{"@type":"Person","@id":"https:\/\/portalfadesp.org.br\/#\/schema\/person\/c1fa9db0c87dc412d1568e0e5e27be9c","name":"Lorena Filgueiras","image":{"@type":"ImageObject","inLanguage":"pt-BR","@id":"https:\/\/portalfadesp.org.br\/#\/schema\/person\/image\/","url":"https:\/\/secure.gravatar.com\/avatar\/37390a2dfe1325c2917fc5f6df471abe8ab753cf23b2d14690f57bd61ab4b7cf?s=96&d=mm&r=g","contentUrl":"https:\/\/secure.gravatar.com\/avatar\/37390a2dfe1325c2917fc5f6df471abe8ab753cf23b2d14690f57bd61ab4b7cf?s=96&d=mm&r=g","caption":"Lorena Filgueiras"},"url":"https:\/\/portalfadesp.org.br\/?author=11"}]}},"_links":{"self":[{"href":"https:\/\/portalfadesp.org.br\/index.php?rest_route=\/wp\/v2\/posts\/5547","targetHints":{"allow":["GET"]}}],"collection":[{"href":"https:\/\/portalfadesp.org.br\/index.php?rest_route=\/wp\/v2\/posts"}],"about":[{"href":"https:\/\/portalfadesp.org.br\/index.php?rest_route=\/wp\/v2\/types\/post"}],"author":[{"embeddable":true,"href":"https:\/\/portalfadesp.org.br\/index.php?rest_route=\/wp\/v2\/users\/11"}],"replies":[{"embeddable":true,"href":"https:\/\/portalfadesp.org.br\/index.php?rest_route=%2Fwp%2Fv2%2Fcomments&post=5547"}],"version-history":[{"count":2,"href":"https:\/\/portalfadesp.org.br\/index.php?rest_route=\/wp\/v2\/posts\/5547\/revisions"}],"predecessor-version":[{"id":37726,"href":"https:\/\/portalfadesp.org.br\/index.php?rest_route=\/wp\/v2\/posts\/5547\/revisions\/37726"}],"wp:featuredmedia":[{"embeddable":true,"href":"https:\/\/portalfadesp.org.br\/index.php?rest_route=\/wp\/v2\/media\/2165"}],"wp:attachment":[{"href":"https:\/\/portalfadesp.org.br\/index.php?rest_route=%2Fwp%2Fv2%2Fmedia&parent=5547"}],"wp:term":[{"taxonomy":"category","embeddable":true,"href":"https:\/\/portalfadesp.org.br\/index.php?rest_route=%2Fwp%2Fv2%2Fcategories&post=5547"},{"taxonomy":"post_tag","embeddable":true,"href":"https:\/\/portalfadesp.org.br\/index.php?rest_route=%2Fwp%2Fv2%2Ftags&post=5547"}],"curies":[{"name":"wp","href":"https:\/\/api.w.org\/{rel}","templated":true}]}}