{"id":5528,"date":"2020-01-21T10:39:57","date_gmt":"2020-01-21T13:39:57","guid":{"rendered":"https:\/\/162.215.13.167?p=5528"},"modified":"2022-12-20T17:03:35","modified_gmt":"2022-12-20T20:03:35","slug":"sai-o-resultado-preliminar-do-processo-seletivo-simplificado-que-preenchera-118-vagas-temporarias-na-prefeitura-de-pacaja-pa","status":"publish","type":"post","link":"https:\/\/portalfadesp.org.br\/?p=5528","title":{"rendered":"Resultado definitivo e homologa\u00e7\u00e3o do Processo Seletivo Simplificado que preencher\u00e1 118 vagas tempor\u00e1rias na Prefeitura de Pacaj\u00e1 (PA) est\u00e3o dispon\u00edveis."},"content":{"rendered":"\n<p class=\"styled-text-vhnx\">O <strong><a href=\"https:\/\/portalfadesp.org.br\/?page_id=4951\" target=\"_blank\" rel=\"noreferrer noopener\">resultado definitivo e a homologa\u00e7\u00e3o do Processo Seletivo Simplificado da prefeitura de Pacaj\u00e1 (PA)<\/a><\/strong> est\u00e1 dispon\u00edvel na p\u00e1gina oficial de acompanhamento. No edital s\u00e3o informadas as notas individuais e a ordem de classifica\u00e7\u00e3o, por cargo.<\/p>\n\n\n\n<p>O PSS teve duas etapas. Na primeira, foram habilitados os candidatos que preencheram os requisitos para a inscri\u00e7\u00e3o. Nesta segunda etapa, foi analisada a documenta\u00e7\u00e3o exigida no edital (documentos pessoais, de forma\u00e7\u00e3o e de experi\u00eancia na atividade profissional no cargo requerido). <\/p>\n\n\n\n<p>Foram atribu\u00eddos at\u00e9 2 pontos para documentos pessoais adequados, at\u00e9 tr\u00eas para a forma\u00e7\u00e3o escolar m\u00ednima e at\u00e9 cinco para experi\u00eancia na atividade profissional do cargo. A classifica\u00e7\u00e3o final ser\u00e1 em ordem decrescente do total de pontos obtidos nessa avalia\u00e7\u00e3o. <\/p>\n\n\n\n<p>O PSS ser\u00e1 utilizado para a contrata\u00e7\u00e3o tempor\u00e1ria de 118 profissionais. As vagas s\u00e3o para 23 cargos distribu\u00eddos entre os n\u00edveis escolares Fundamental (completo ou n\u00e3o), M\u00e9dio, M\u00e9dio T\u00e9cnico e Superior. <\/p>\n\n\n\n<p>Conforme o<strong><a href=\"http:\/\/concursos.fadesp.org.br\/EDITAL%20N%C2%B0%20001_2019_PMP%20-%20PSS.pdf\" target=\"_blank\" rel=\"noreferrer noopener\"> edita<\/a><\/strong>l, o PSS ter\u00e1 validade de um ano. Os candidatos selecionados tamb\u00e9m poder\u00e3o ser contratados por um ano, havendo 5% de reserva das vagas para Pessoas com Defici\u00eancia e possibilidade de renova\u00e7\u00e3o dos contratos. \u00a0<\/p>\n\n\n\n<p><strong>Destaques<br>Vagas \u2013&nbsp;&nbsp;<\/strong>118<br><strong>Cargos \u2013<\/strong>Auxiliar de Servi\u00e7os Gerais, Assistente Administrativo, Vigia, Servente, Motorista de Ve\u00edculos Leves, Motorista de Ve\u00edculos Pesados, Agente de Vigil\u00e2ncia Epidemiol\u00f3gica, T\u00e9cnico em Enfermagem, T\u00e9cnico em Radiologia, Enfermeiro, Odont\u00f3logo, Biom\u00e9dico, Pedreiro, Servente de Pedreiro, Eletricista, Operador de Maquinas Pesadas, Pintor, Auxiliar de Mec\u00e2nico, T\u00e9cnico em Gest\u00e3o Ambiental, Jardineiro, Coveiro, T\u00e9cnico em Agropecu\u00e1ria e Gari.<\/p>\n","protected":false},"excerpt":{"rendered":"<p>O resultado definitivo e a homologa\u00e7\u00e3o do Processo Seletivo Simplificado da prefeitura de Pacaj\u00e1 (PA) est\u00e1 dispon\u00edvel na p\u00e1gina oficial de acompanhamento. No edital s\u00e3o informadas as notas individuais e a ordem de classifica\u00e7\u00e3o, por cargo. O PSS teve duas etapas. Na primeira, foram habilitados os candidatos que preencheram os requisitos para a inscri\u00e7\u00e3o. Nesta [&hellip;]<\/p>\n","protected":false},"author":11,"featured_media":4991,"comment_status":"open","ping_status":"open","sticky":false,"template":"","format":"standard","meta":{"_monsterinsights_skip_tracking":false,"_monsterinsights_sitenote_active":false,"_monsterinsights_sitenote_note":"","_monsterinsights_sitenote_category":0,"footnotes":""},"categories":[7],"tags":[62,23],"class_list":["post-5528","post","type-post","status-publish","format-standard","has-post-thumbnail","hentry","category-concurso","tag-concurso-publico","tag-oportunidade","entry","has-media"],"yoast_head":"<!-- This site is optimized with the Yoast SEO plugin v25.1 - https:\/\/yoast.com\/wordpress\/plugins\/seo\/ -->\n<title>Resultado definitivo e homologa\u00e7\u00e3o do Processo Seletivo Simplificado que preencher\u00e1 118 vagas tempor\u00e1rias na Prefeitura de Pacaj\u00e1 (PA) est\u00e3o dispon\u00edveis. - FADESP<\/title>\n<meta name=\"robots\" content=\"index, follow, max-snippet:-1, max-image-preview:large, max-video-preview:-1\" \/>\n<link rel=\"canonical\" href=\"https:\/\/portalfadesp.org.br\/?p=5528\" \/>\n<meta property=\"og:locale\" content=\"pt_BR\" \/>\n<meta property=\"og:type\" content=\"article\" \/>\n<meta property=\"og:title\" content=\"Resultado definitivo e homologa\u00e7\u00e3o do Processo Seletivo Simplificado que preencher\u00e1 118 vagas tempor\u00e1rias na Prefeitura de Pacaj\u00e1 (PA) est\u00e3o dispon\u00edveis. - FADESP\" \/>\n<meta property=\"og:description\" content=\"O resultado definitivo e a homologa\u00e7\u00e3o do Processo Seletivo Simplificado da prefeitura de Pacaj\u00e1 (PA) est\u00e1 dispon\u00edvel na p\u00e1gina oficial de acompanhamento. No edital s\u00e3o informadas as notas individuais e a ordem de classifica\u00e7\u00e3o, por cargo. O PSS teve duas etapas. Na primeira, foram habilitados os candidatos que preencheram os requisitos para a inscri\u00e7\u00e3o. Nesta [&hellip;]\" \/>\n<meta property=\"og:url\" content=\"https:\/\/portalfadesp.org.br\/?p=5528\" \/>\n<meta property=\"og:site_name\" content=\"FADESP\" \/>\n<meta property=\"article:publisher\" content=\"https:\/\/www.facebook.com\/Fadesp-138351949524662\/\" \/>\n<meta property=\"article:published_time\" content=\"2020-01-21T13:39:57+00:00\" \/>\n<meta property=\"article:modified_time\" content=\"2022-12-20T20:03:35+00:00\" \/>\n<meta property=\"og:image\" content=\"https:\/\/portalfadesp.org.br\/wp-content\/uploads\/2019\/11\/pacaj\u00e1.jpg\" \/>\n\t<meta property=\"og:image:width\" content=\"720\" \/>\n\t<meta property=\"og:image:height\" content=\"540\" \/>\n\t<meta property=\"og:image:type\" content=\"image\/jpeg\" \/>\n<meta name=\"author\" content=\"Lorena Filgueiras\" \/>\n<meta name=\"twitter:card\" content=\"summary_large_image\" \/>\n<meta name=\"twitter:creator\" content=\"@Fadesp\" \/>\n<meta name=\"twitter:site\" content=\"@Fadesp\" \/>\n<meta name=\"twitter:label1\" content=\"Escrito por\" \/>\n\t<meta name=\"twitter:data1\" content=\"Lorena Filgueiras\" \/>\n\t<meta name=\"twitter:label2\" content=\"Est. tempo de leitura\" \/>\n\t<meta name=\"twitter:data2\" content=\"1 minuto\" \/>\n<script type=\"application\/ld+json\" class=\"yoast-schema-graph\">{\"@context\":\"https:\/\/schema.org\",\"@graph\":[{\"@type\":\"Article\",\"@id\":\"https:\/\/portalfadesp.org.br\/?p=5528#article\",\"isPartOf\":{\"@id\":\"https:\/\/portalfadesp.org.br\/?p=5528\"},\"author\":{\"name\":\"Lorena Filgueiras\",\"@id\":\"https:\/\/portalfadesp.org.br\/#\/schema\/person\/c1fa9db0c87dc412d1568e0e5e27be9c\"},\"headline\":\"Resultado definitivo e homologa\u00e7\u00e3o do Processo Seletivo Simplificado que preencher\u00e1 118 vagas tempor\u00e1rias na Prefeitura de Pacaj\u00e1 (PA) est\u00e3o dispon\u00edveis.\",\"datePublished\":\"2020-01-21T13:39:57+00:00\",\"dateModified\":\"2022-12-20T20:03:35+00:00\",\"mainEntityOfPage\":{\"@id\":\"https:\/\/portalfadesp.org.br\/?p=5528\"},\"wordCount\":304,\"commentCount\":0,\"publisher\":{\"@id\":\"https:\/\/portalfadesp.org.br\/#organization\"},\"image\":{\"@id\":\"https:\/\/portalfadesp.org.br\/?p=5528#primaryimage\"},\"thumbnailUrl\":\"https:\/\/portalfadesp.org.br\/wp-content\/uploads\/2019\/11\/pacaj\u00e1.jpg\",\"keywords\":[\"concurso p\u00fablico\",\"oportunidade\"],\"articleSection\":[\"Concurso\"],\"inLanguage\":\"pt-BR\"},{\"@type\":\"WebPage\",\"@id\":\"https:\/\/portalfadesp.org.br\/?p=5528\",\"url\":\"https:\/\/portalfadesp.org.br\/?p=5528\",\"name\":\"Resultado definitivo e homologa\u00e7\u00e3o do Processo Seletivo Simplificado que preencher\u00e1 118 vagas tempor\u00e1rias na Prefeitura de Pacaj\u00e1 (PA) est\u00e3o dispon\u00edveis. - FADESP\",\"isPartOf\":{\"@id\":\"https:\/\/portalfadesp.org.br\/#website\"},\"primaryImageOfPage\":{\"@id\":\"https:\/\/portalfadesp.org.br\/?p=5528#primaryimage\"},\"image\":{\"@id\":\"https:\/\/portalfadesp.org.br\/?p=5528#primaryimage\"},\"thumbnailUrl\":\"https:\/\/portalfadesp.org.br\/wp-content\/uploads\/2019\/11\/pacaj\u00e1.jpg\",\"datePublished\":\"2020-01-21T13:39:57+00:00\",\"dateModified\":\"2022-12-20T20:03:35+00:00\",\"breadcrumb\":{\"@id\":\"https:\/\/portalfadesp.org.br\/?p=5528#breadcrumb\"},\"inLanguage\":\"pt-BR\",\"potentialAction\":[{\"@type\":\"ReadAction\",\"target\":[\"https:\/\/portalfadesp.org.br\/?p=5528\"]}]},{\"@type\":\"ImageObject\",\"inLanguage\":\"pt-BR\",\"@id\":\"https:\/\/portalfadesp.org.br\/?p=5528#primaryimage\",\"url\":\"https:\/\/portalfadesp.org.br\/wp-content\/uploads\/2019\/11\/pacaj\u00e1.jpg\",\"contentUrl\":\"https:\/\/portalfadesp.org.br\/wp-content\/uploads\/2019\/11\/pacaj\u00e1.jpg\",\"width\":720,\"height\":540},{\"@type\":\"BreadcrumbList\",\"@id\":\"https:\/\/portalfadesp.org.br\/?p=5528#breadcrumb\",\"itemListElement\":[{\"@type\":\"ListItem\",\"position\":1,\"name\":\"In\u00edcio\",\"item\":\"https:\/\/portalfadesp.org.br\/\"},{\"@type\":\"ListItem\",\"position\":2,\"name\":\"Resultado definitivo e homologa\u00e7\u00e3o do Processo Seletivo Simplificado que preencher\u00e1 118 vagas tempor\u00e1rias na Prefeitura de Pacaj\u00e1 (PA) est\u00e3o dispon\u00edveis.\"}]},{\"@type\":\"WebSite\",\"@id\":\"https:\/\/portalfadesp.org.br\/#website\",\"url\":\"https:\/\/portalfadesp.org.br\/\",\"name\":\"FADESP\",\"description\":\"Funda\u00e7\u00e3o de Amparo e Desenvolvimento da Pesquisa\",\"publisher\":{\"@id\":\"https:\/\/portalfadesp.org.br\/#organization\"},\"potentialAction\":[{\"@type\":\"SearchAction\",\"target\":{\"@type\":\"EntryPoint\",\"urlTemplate\":\"https:\/\/portalfadesp.org.br\/?s={search_term_string}\"},\"query-input\":{\"@type\":\"PropertyValueSpecification\",\"valueRequired\":true,\"valueName\":\"search_term_string\"}}],\"inLanguage\":\"pt-BR\"},{\"@type\":\"Organization\",\"@id\":\"https:\/\/portalfadesp.org.br\/#organization\",\"name\":\"FADESP\",\"url\":\"https:\/\/portalfadesp.org.br\/\",\"logo\":{\"@type\":\"ImageObject\",\"inLanguage\":\"pt-BR\",\"@id\":\"https:\/\/portalfadesp.org.br\/#\/schema\/logo\/image\/\",\"url\":\"https:\/\/portalfadesp.org.br\/wp-content\/uploads\/2024\/01\/NOVOLOGOFADESPlaranjaH.png\",\"contentUrl\":\"https:\/\/portalfadesp.org.br\/wp-content\/uploads\/2024\/01\/NOVOLOGOFADESPlaranjaH.png\",\"width\":2742,\"height\":839,\"caption\":\"FADESP\"},\"image\":{\"@id\":\"https:\/\/portalfadesp.org.br\/#\/schema\/logo\/image\/\"},\"sameAs\":[\"https:\/\/www.facebook.com\/Fadesp-138351949524662\/\",\"https:\/\/x.com\/Fadesp\",\"https:\/\/www.instagram.com\/fadesp_ufpa\/\",\"https:\/\/www.youtube.com\/@fundacaodeamparoedesenvolv1903\",\"https:\/\/www.threads.net\/@fadesp_ufpa\"]},{\"@type\":\"Person\",\"@id\":\"https:\/\/portalfadesp.org.br\/#\/schema\/person\/c1fa9db0c87dc412d1568e0e5e27be9c\",\"name\":\"Lorena Filgueiras\",\"image\":{\"@type\":\"ImageObject\",\"inLanguage\":\"pt-BR\",\"@id\":\"https:\/\/portalfadesp.org.br\/#\/schema\/person\/image\/\",\"url\":\"https:\/\/secure.gravatar.com\/avatar\/37390a2dfe1325c2917fc5f6df471abe8ab753cf23b2d14690f57bd61ab4b7cf?s=96&d=mm&r=g\",\"contentUrl\":\"https:\/\/secure.gravatar.com\/avatar\/37390a2dfe1325c2917fc5f6df471abe8ab753cf23b2d14690f57bd61ab4b7cf?s=96&d=mm&r=g\",\"caption\":\"Lorena Filgueiras\"},\"url\":\"https:\/\/portalfadesp.org.br\/?author=11\"}]}<\/script>\n<!-- \/ Yoast SEO plugin. -->","yoast_head_json":{"title":"Resultado definitivo e homologa\u00e7\u00e3o do Processo Seletivo Simplificado que preencher\u00e1 118 vagas tempor\u00e1rias na Prefeitura de Pacaj\u00e1 (PA) est\u00e3o dispon\u00edveis. - FADESP","robots":{"index":"index","follow":"follow","max-snippet":"max-snippet:-1","max-image-preview":"max-image-preview:large","max-video-preview":"max-video-preview:-1"},"canonical":"https:\/\/portalfadesp.org.br\/?p=5528","og_locale":"pt_BR","og_type":"article","og_title":"Resultado definitivo e homologa\u00e7\u00e3o do Processo Seletivo Simplificado que preencher\u00e1 118 vagas tempor\u00e1rias na Prefeitura de Pacaj\u00e1 (PA) est\u00e3o dispon\u00edveis. - FADESP","og_description":"O resultado definitivo e a homologa\u00e7\u00e3o do Processo Seletivo Simplificado da prefeitura de Pacaj\u00e1 (PA) est\u00e1 dispon\u00edvel na p\u00e1gina oficial de acompanhamento. No edital s\u00e3o informadas as notas individuais e a ordem de classifica\u00e7\u00e3o, por cargo. O PSS teve duas etapas. Na primeira, foram habilitados os candidatos que preencheram os requisitos para a inscri\u00e7\u00e3o. Nesta [&hellip;]","og_url":"https:\/\/portalfadesp.org.br\/?p=5528","og_site_name":"FADESP","article_publisher":"https:\/\/www.facebook.com\/Fadesp-138351949524662\/","article_published_time":"2020-01-21T13:39:57+00:00","article_modified_time":"2022-12-20T20:03:35+00:00","og_image":[{"width":720,"height":540,"url":"https:\/\/portalfadesp.org.br\/wp-content\/uploads\/2019\/11\/pacaj\u00e1.jpg","type":"image\/jpeg"}],"author":"Lorena Filgueiras","twitter_card":"summary_large_image","twitter_creator":"@Fadesp","twitter_site":"@Fadesp","twitter_misc":{"Escrito por":"Lorena Filgueiras","Est. tempo de leitura":"1 minuto"},"schema":{"@context":"https:\/\/schema.org","@graph":[{"@type":"Article","@id":"https:\/\/portalfadesp.org.br\/?p=5528#article","isPartOf":{"@id":"https:\/\/portalfadesp.org.br\/?p=5528"},"author":{"name":"Lorena Filgueiras","@id":"https:\/\/portalfadesp.org.br\/#\/schema\/person\/c1fa9db0c87dc412d1568e0e5e27be9c"},"headline":"Resultado definitivo e homologa\u00e7\u00e3o do Processo Seletivo Simplificado que preencher\u00e1 118 vagas tempor\u00e1rias na Prefeitura de Pacaj\u00e1 (PA) est\u00e3o dispon\u00edveis.","datePublished":"2020-01-21T13:39:57+00:00","dateModified":"2022-12-20T20:03:35+00:00","mainEntityOfPage":{"@id":"https:\/\/portalfadesp.org.br\/?p=5528"},"wordCount":304,"commentCount":0,"publisher":{"@id":"https:\/\/portalfadesp.org.br\/#organization"},"image":{"@id":"https:\/\/portalfadesp.org.br\/?p=5528#primaryimage"},"thumbnailUrl":"https:\/\/portalfadesp.org.br\/wp-content\/uploads\/2019\/11\/pacaj\u00e1.jpg","keywords":["concurso p\u00fablico","oportunidade"],"articleSection":["Concurso"],"inLanguage":"pt-BR"},{"@type":"WebPage","@id":"https:\/\/portalfadesp.org.br\/?p=5528","url":"https:\/\/portalfadesp.org.br\/?p=5528","name":"Resultado definitivo e homologa\u00e7\u00e3o do Processo Seletivo Simplificado que preencher\u00e1 118 vagas tempor\u00e1rias na Prefeitura de Pacaj\u00e1 (PA) est\u00e3o dispon\u00edveis. - FADESP","isPartOf":{"@id":"https:\/\/portalfadesp.org.br\/#website"},"primaryImageOfPage":{"@id":"https:\/\/portalfadesp.org.br\/?p=5528#primaryimage"},"image":{"@id":"https:\/\/portalfadesp.org.br\/?p=5528#primaryimage"},"thumbnailUrl":"https:\/\/portalfadesp.org.br\/wp-content\/uploads\/2019\/11\/pacaj\u00e1.jpg","datePublished":"2020-01-21T13:39:57+00:00","dateModified":"2022-12-20T20:03:35+00:00","breadcrumb":{"@id":"https:\/\/portalfadesp.org.br\/?p=5528#breadcrumb"},"inLanguage":"pt-BR","potentialAction":[{"@type":"ReadAction","target":["https:\/\/portalfadesp.org.br\/?p=5528"]}]},{"@type":"ImageObject","inLanguage":"pt-BR","@id":"https:\/\/portalfadesp.org.br\/?p=5528#primaryimage","url":"https:\/\/portalfadesp.org.br\/wp-content\/uploads\/2019\/11\/pacaj\u00e1.jpg","contentUrl":"https:\/\/portalfadesp.org.br\/wp-content\/uploads\/2019\/11\/pacaj\u00e1.jpg","width":720,"height":540},{"@type":"BreadcrumbList","@id":"https:\/\/portalfadesp.org.br\/?p=5528#breadcrumb","itemListElement":[{"@type":"ListItem","position":1,"name":"In\u00edcio","item":"https:\/\/portalfadesp.org.br\/"},{"@type":"ListItem","position":2,"name":"Resultado definitivo e homologa\u00e7\u00e3o do Processo Seletivo Simplificado que preencher\u00e1 118 vagas tempor\u00e1rias na Prefeitura de Pacaj\u00e1 (PA) est\u00e3o dispon\u00edveis."}]},{"@type":"WebSite","@id":"https:\/\/portalfadesp.org.br\/#website","url":"https:\/\/portalfadesp.org.br\/","name":"FADESP","description":"Funda\u00e7\u00e3o de Amparo e Desenvolvimento da Pesquisa","publisher":{"@id":"https:\/\/portalfadesp.org.br\/#organization"},"potentialAction":[{"@type":"SearchAction","target":{"@type":"EntryPoint","urlTemplate":"https:\/\/portalfadesp.org.br\/?s={search_term_string}"},"query-input":{"@type":"PropertyValueSpecification","valueRequired":true,"valueName":"search_term_string"}}],"inLanguage":"pt-BR"},{"@type":"Organization","@id":"https:\/\/portalfadesp.org.br\/#organization","name":"FADESP","url":"https:\/\/portalfadesp.org.br\/","logo":{"@type":"ImageObject","inLanguage":"pt-BR","@id":"https:\/\/portalfadesp.org.br\/#\/schema\/logo\/image\/","url":"https:\/\/portalfadesp.org.br\/wp-content\/uploads\/2024\/01\/NOVOLOGOFADESPlaranjaH.png","contentUrl":"https:\/\/portalfadesp.org.br\/wp-content\/uploads\/2024\/01\/NOVOLOGOFADESPlaranjaH.png","width":2742,"height":839,"caption":"FADESP"},"image":{"@id":"https:\/\/portalfadesp.org.br\/#\/schema\/logo\/image\/"},"sameAs":["https:\/\/www.facebook.com\/Fadesp-138351949524662\/","https:\/\/x.com\/Fadesp","https:\/\/www.instagram.com\/fadesp_ufpa\/","https:\/\/www.youtube.com\/@fundacaodeamparoedesenvolv1903","https:\/\/www.threads.net\/@fadesp_ufpa"]},{"@type":"Person","@id":"https:\/\/portalfadesp.org.br\/#\/schema\/person\/c1fa9db0c87dc412d1568e0e5e27be9c","name":"Lorena Filgueiras","image":{"@type":"ImageObject","inLanguage":"pt-BR","@id":"https:\/\/portalfadesp.org.br\/#\/schema\/person\/image\/","url":"https:\/\/secure.gravatar.com\/avatar\/37390a2dfe1325c2917fc5f6df471abe8ab753cf23b2d14690f57bd61ab4b7cf?s=96&d=mm&r=g","contentUrl":"https:\/\/secure.gravatar.com\/avatar\/37390a2dfe1325c2917fc5f6df471abe8ab753cf23b2d14690f57bd61ab4b7cf?s=96&d=mm&r=g","caption":"Lorena Filgueiras"},"url":"https:\/\/portalfadesp.org.br\/?author=11"}]}},"_links":{"self":[{"href":"https:\/\/portalfadesp.org.br\/index.php?rest_route=\/wp\/v2\/posts\/5528","targetHints":{"allow":["GET"]}}],"collection":[{"href":"https:\/\/portalfadesp.org.br\/index.php?rest_route=\/wp\/v2\/posts"}],"about":[{"href":"https:\/\/portalfadesp.org.br\/index.php?rest_route=\/wp\/v2\/types\/post"}],"author":[{"embeddable":true,"href":"https:\/\/portalfadesp.org.br\/index.php?rest_route=\/wp\/v2\/users\/11"}],"replies":[{"embeddable":true,"href":"https:\/\/portalfadesp.org.br\/index.php?rest_route=%2Fwp%2Fv2%2Fcomments&post=5528"}],"version-history":[{"count":8,"href":"https:\/\/portalfadesp.org.br\/index.php?rest_route=\/wp\/v2\/posts\/5528\/revisions"}],"predecessor-version":[{"id":37691,"href":"https:\/\/portalfadesp.org.br\/index.php?rest_route=\/wp\/v2\/posts\/5528\/revisions\/37691"}],"wp:featuredmedia":[{"embeddable":true,"href":"https:\/\/portalfadesp.org.br\/index.php?rest_route=\/wp\/v2\/media\/4991"}],"wp:attachment":[{"href":"https:\/\/portalfadesp.org.br\/index.php?rest_route=%2Fwp%2Fv2%2Fmedia&parent=5528"}],"wp:term":[{"taxonomy":"category","embeddable":true,"href":"https:\/\/portalfadesp.org.br\/index.php?rest_route=%2Fwp%2Fv2%2Fcategories&post=5528"},{"taxonomy":"post_tag","embeddable":true,"href":"https:\/\/portalfadesp.org.br\/index.php?rest_route=%2Fwp%2Fv2%2Ftags&post=5528"}],"curies":[{"name":"wp","href":"https:\/\/api.w.org\/{rel}","templated":true}]}}