{"id":54313,"date":"2026-04-28T19:12:54","date_gmt":"2026-04-28T22:12:54","guid":{"rendered":"https:\/\/portalfadesp.org.br\/?p=54313"},"modified":"2026-04-28T21:32:23","modified_gmt":"2026-04-29T00:32:23","slug":"fadesp-realiza-planejamento-estrategico-horizonte-e-inicia-novo-ciclo-em-seu-desenvolvimento-institucional","status":"publish","type":"post","link":"https:\/\/portalfadesp.org.br\/?p=54313","title":{"rendered":"FADESP REALIZA PLANEJAMENTO ESTRAT\u00c9GICO \u2018HORIZONTE\u2019 E INICIA NOVO CICLO EM SEU DESENVOLVIMENTO INSTITUCIONAL"},"content":{"rendered":"\n<p>A Funda\u00e7\u00e3o de Amparo e Desenvolvimento da Pesquisa (FADESP) realizou, nos dias 23 e 24 de abril, seu planejamento estrat\u00e9gico denominado HORIZONTE, marcando uma atualiza\u00e7\u00e3o na trajet\u00f3ria da institui\u00e7\u00e3o. A iniciativa congrega etapas distintas voltadas \u00e0 constru\u00e7\u00e3o coletiva, alinhamento institucional e defini\u00e7\u00e3o de diretrizes para os pr\u00f3ximos anos.<\/p>\n\n\n\n<figure class=\"wp-block-image size-full\"><img decoding=\"async\" src=\"https:\/\/portalfadesp.org.br\/wp-content\/uploads\/2026\/04\/2026.04.23-Fadesp-Planejamento-Estrategico-Oswaldo-Forte-20.jpeg\" alt=\"\" class=\"wp-image-54314\"\/><\/figure>\n\n\n\n<p>A abertura do evento, na manh\u00e3 da quinta-feira (23), contou com a presen\u00e7a do reitor da Universidade Federal do Par\u00e1 (UFPA), Gilmar Pereira da Silva; do diretor executivo da FADESP, Roberto Ferraz Barreto; de Arnaldo de Queiroz da Silva, coordenador do F\u00f3rum de Dirigentes de Bel\u00e9m; de Wassim Raja El Banna, coordenador do F\u00f3rum de Dirigentes do Interior; e de Silvestre Savino Neto, presidente do Conselho Fiscal da FADESP. Estiveram presentes na plateia a vice-reitora da UFPA, Loiane Prado Verbicaro, e Alberto Villar da Silva Pantoja, da Associa\u00e7\u00e3o Comercial do Par\u00e1 (ACP), acompanhando a programa\u00e7\u00e3o.<\/p>\n\n\n\n<div style=\"height:40px\" aria-hidden=\"true\" class=\"wp-block-spacer\"><\/div>\n\n\n\n<p>Durante sua fala, o diretor executivo da FADESP rememorou sua trajet\u00f3ria na Funda\u00e7\u00e3o e o papel institucional da entidade no apoio \u00e0s institui\u00e7\u00f5es. Ele enfatizou que iniciou sua atua\u00e7\u00e3o, em 2017, como diretor adjunto e frisou a import\u00e2ncia de pensar o futuro da organiza\u00e7\u00e3o a partir da amplia\u00e7\u00e3o de frentes de atua\u00e7\u00e3o e do fortalecimento de di\u00e1logos.<\/p>\n\n\n\n<div style=\"height:41px\" aria-hidden=\"true\" class=\"wp-block-spacer\"><\/div>\n\n\n\n<p>Barreto tamb\u00e9m ressaltou a rela\u00e7\u00e3o hist\u00f3rica com a UFPA, destacando a universidade como base da cria\u00e7\u00e3o da funda\u00e7\u00e3o, em parceria com a Associa\u00e7\u00e3o Comercial do Par\u00e1 (ACP). \u201cO que a gente est\u00e1 sempre pensando no Horizonte \u00e9 olhar para novas frentes, di\u00e1logos e nossas necessidades\u201d, afirmou, ao agradecer \u00e0 equipe da FADESP pelo trabalho desenvolvido.<\/p>\n\n\n\n<div style=\"height:40px\" aria-hidden=\"true\" class=\"wp-block-spacer\"><\/div>\n\n\n\n<p>O reitor da UFPA, Gilmar Pereira, destacou o papel essencial da Funda\u00e7\u00e3o no processo de expans\u00e3o da universidade, especialmente na interioriza\u00e7\u00e3o do ensino superior. Ele relembrou sua pr\u00f3pria trajet\u00f3ria como professor contratado por meio da funda\u00e7\u00e3o e ressaltou a import\u00e2ncia da FADESP para viabilizar a atua\u00e7\u00e3o de docentes fora da capital.<\/p>\n\n\n\n<div style=\"height:40px\" aria-hidden=\"true\" class=\"wp-block-spacer\"><\/div>\n\n\n\n<p>\u201cPara que a gente criasse os campi no interior, a Funda\u00e7\u00e3o foi essencial. Sem ela, ter\u00edamos muita dificuldade, principalmente para garantir recursos e a atua\u00e7\u00e3o dos professores\u201d, afirmou.<\/p>\n\n\n\n<div style=\"height:39px\" aria-hidden=\"true\" class=\"wp-block-spacer\"><\/div>\n\n\n\n<p>O Reitor tamb\u00e9m destacou a import\u00e2ncia da atua\u00e7\u00e3o conjunta entre as institui\u00e7\u00f5es da regi\u00e3o. Segundo ele, o fortalecimento de universidades como a UFOPA, UNIFESSPA, UFRA e outras \u00e9 fundamental para o desenvolvimento do estado e para a redu\u00e7\u00e3o das desigualdades em rela\u00e7\u00e3o a outras regi\u00f5es do pa\u00eds.<\/p>\n\n\n\n<figure class=\"wp-block-image size-full\"><img decoding=\"async\" src=\"https:\/\/portalfadesp.org.br\/wp-content\/uploads\/2026\/04\/2026.04.24-Fadesp-Planejamento-Estrategico-Oswaldo-Forte-29.jpeg\" alt=\"\" class=\"wp-image-54316\"\/><\/figure>\n\n\n\n<p>Representando a Universidade Federal do Sul e Sudeste do Par\u00e1 (UNIFESSPA), o Reitor Francisco Ribeiro da Costa enfatizou a relev\u00e2ncia da parceria com a funda\u00e7\u00e3o e parabenizou a iniciativa do planejamento estrat\u00e9gico. \u201cA FADESP tem sido uma parceira muito importante. A maioria dos nossos projetos s\u00e3o gerenciados pela funda\u00e7\u00e3o. Parabenizo por essa iniciativa, o planejamento estrat\u00e9gico \u00e9 muito relevante\u201d, destacou. Ele tamb\u00e9m relembrou sua trajet\u00f3ria profissional, mencionando que coincidentemente sua primeira carteira assinada foi pela FADESP.<\/p>\n\n\n\n<div style=\"height:44px\" aria-hidden=\"true\" class=\"wp-block-spacer\"><\/div>\n\n\n\n<p>A condu\u00e7\u00e3o metodol\u00f3gica do planejamento ficou sob responsabilidade da consultora organizacional Nylma Maneschy, que detalhou as etapas trabalhadas durante a programa\u00e7\u00e3o. Segundo ela, a proposta envolve um ciclo cont\u00ednuo de planejamento e gest\u00e3o estrat\u00e9gica. \u201cVamos planejar, executar, medir, avaliar, monitorar e ajustar, at\u00e9 chegar o momento de inovar novamente. Primeiro, realizamos uma an\u00e1lise estrat\u00e9gica utilizando a ferramenta SWOT. Depois, trabalhamos as diretrizes estrat\u00e9gicas, al\u00e9m de miss\u00e3o, vis\u00e3o, valores, \u00e1reas estrat\u00e9gicas e plano de a\u00e7\u00e3o. Por fim, tratamos da execu\u00e7\u00e3o e do monitoramento\u201d, explicou.<\/p>\n\n\n\n<div style=\"height:44px\" aria-hidden=\"true\" class=\"wp-block-spacer\"><\/div>\n\n\n\n<p>A condu\u00e7\u00e3o e execu\u00e7\u00e3o do programa contam com a atua\u00e7\u00e3o de Julia Quemel, analista de Compliance da FADESP, Nylma Maneschy, consultora organizacional, e Ana Claudia Neves, psic\u00f3loga, que contribuem diretamente para a realiza\u00e7\u00e3o das atividades, din\u00e2micas e momentos de integra\u00e7\u00e3o.<\/p>\n\n\n\n<div style=\"height:41px\" aria-hidden=\"true\" class=\"wp-block-spacer\"><\/div>\n\n\n\n<p>HORIZONTE representa, assim, um marco na trajet\u00f3ria da FADESP, fortalecendo diretrizes, conectando prop\u00f3sitos e apontando caminhos para o futuro da funda\u00e7\u00e3o e das institui\u00e7\u00f5es apoiadas.<\/p>\n\n\n\n<figure class=\"wp-block-image size-full\"><img decoding=\"async\" src=\"https:\/\/portalfadesp.org.br\/wp-content\/uploads\/2026\/04\/2026.04.24-Fadesp-Planejamento-Estrategico-Oswaldo-Forte-44.jpeg\" alt=\"\" class=\"wp-image-54315\"\/><\/figure>\n","protected":false},"excerpt":{"rendered":"<p>A Funda\u00e7\u00e3o de Amparo e Desenvolvimento da Pesquisa (FADESP) realizou, nos dias 23 e 24 de abril, seu planejamento estrat\u00e9gico denominado HORIZONTE, marcando uma atualiza\u00e7\u00e3o na trajet\u00f3ria da institui\u00e7\u00e3o. A iniciativa congrega etapas distintas voltadas \u00e0 constru\u00e7\u00e3o coletiva, alinhamento institucional e defini\u00e7\u00e3o de diretrizes para os pr\u00f3ximos anos. A abertura do evento, na manh\u00e3 da [&hellip;]<\/p>\n","protected":false},"author":12,"featured_media":54321,"comment_status":"closed","ping_status":"closed","sticky":false,"template":"","format":"standard","meta":{"_monsterinsights_skip_tracking":false,"_monsterinsights_sitenote_active":false,"_monsterinsights_sitenote_note":"","_monsterinsights_sitenote_category":0,"footnotes":""},"categories":[1],"tags":[],"class_list":["post-54313","post","type-post","status-publish","format-standard","has-post-thumbnail","hentry","category-geral","entry","has-media"],"yoast_head":"<!-- This site is optimized with the Yoast SEO plugin v25.1 - https:\/\/yoast.com\/wordpress\/plugins\/seo\/ -->\n<title>FADESP REALIZA PLANEJAMENTO ESTRAT\u00c9GICO \u2018HORIZONTE\u2019 E INICIA NOVO CICLO EM SEU DESENVOLVIMENTO INSTITUCIONAL - FADESP<\/title>\n<meta name=\"robots\" content=\"index, follow, max-snippet:-1, max-image-preview:large, max-video-preview:-1\" \/>\n<link rel=\"canonical\" href=\"https:\/\/portalfadesp.org.br\/?p=54313\" \/>\n<meta property=\"og:locale\" content=\"pt_BR\" \/>\n<meta property=\"og:type\" content=\"article\" \/>\n<meta property=\"og:title\" content=\"FADESP REALIZA PLANEJAMENTO ESTRAT\u00c9GICO \u2018HORIZONTE\u2019 E INICIA NOVO CICLO EM SEU DESENVOLVIMENTO INSTITUCIONAL - FADESP\" \/>\n<meta property=\"og:description\" content=\"A Funda\u00e7\u00e3o de Amparo e Desenvolvimento da Pesquisa (FADESP) realizou, nos dias 23 e 24 de abril, seu planejamento estrat\u00e9gico denominado HORIZONTE, marcando uma atualiza\u00e7\u00e3o na trajet\u00f3ria da institui\u00e7\u00e3o. A iniciativa congrega etapas distintas voltadas \u00e0 constru\u00e7\u00e3o coletiva, alinhamento institucional e defini\u00e7\u00e3o de diretrizes para os pr\u00f3ximos anos. A abertura do evento, na manh\u00e3 da [&hellip;]\" \/>\n<meta property=\"og:url\" content=\"https:\/\/portalfadesp.org.br\/?p=54313\" \/>\n<meta property=\"og:site_name\" content=\"FADESP\" \/>\n<meta property=\"article:publisher\" content=\"https:\/\/www.facebook.com\/Fadesp-138351949524662\/\" \/>\n<meta property=\"article:published_time\" content=\"2026-04-28T22:12:54+00:00\" \/>\n<meta property=\"article:modified_time\" content=\"2026-04-29T00:32:23+00:00\" \/>\n<meta property=\"og:image\" content=\"https:\/\/portalfadesp.org.br\/wp-content\/uploads\/2026\/04\/IMG_3797.jpeg\" \/>\n\t<meta property=\"og:image:width\" content=\"1400\" \/>\n\t<meta property=\"og:image:height\" content=\"600\" \/>\n\t<meta property=\"og:image:type\" content=\"image\/jpeg\" \/>\n<meta name=\"author\" content=\"Brena Marques\" \/>\n<meta name=\"twitter:card\" content=\"summary_large_image\" \/>\n<meta name=\"twitter:creator\" content=\"@Fadesp\" \/>\n<meta name=\"twitter:site\" content=\"@Fadesp\" \/>\n<meta name=\"twitter:label1\" content=\"Escrito por\" \/>\n\t<meta name=\"twitter:data1\" content=\"Brena Marques\" \/>\n\t<meta name=\"twitter:label2\" content=\"Est. tempo de leitura\" \/>\n\t<meta name=\"twitter:data2\" content=\"5 minutos\" \/>\n<script type=\"application\/ld+json\" class=\"yoast-schema-graph\">{\"@context\":\"https:\/\/schema.org\",\"@graph\":[{\"@type\":\"Article\",\"@id\":\"https:\/\/portalfadesp.org.br\/?p=54313#article\",\"isPartOf\":{\"@id\":\"https:\/\/portalfadesp.org.br\/?p=54313\"},\"author\":{\"name\":\"Brena Marques\",\"@id\":\"https:\/\/portalfadesp.org.br\/#\/schema\/person\/31709c4c8ec92d6bbdd2c1da60cf8d66\"},\"headline\":\"FADESP REALIZA PLANEJAMENTO ESTRAT\u00c9GICO \u2018HORIZONTE\u2019 E INICIA NOVO CICLO EM SEU DESENVOLVIMENTO INSTITUCIONAL\",\"datePublished\":\"2026-04-28T22:12:54+00:00\",\"dateModified\":\"2026-04-29T00:32:23+00:00\",\"mainEntityOfPage\":{\"@id\":\"https:\/\/portalfadesp.org.br\/?p=54313\"},\"wordCount\":694,\"publisher\":{\"@id\":\"https:\/\/portalfadesp.org.br\/#organization\"},\"image\":{\"@id\":\"https:\/\/portalfadesp.org.br\/?p=54313#primaryimage\"},\"thumbnailUrl\":\"https:\/\/portalfadesp.org.br\/wp-content\/uploads\/2026\/04\/IMG_3797.jpeg\",\"articleSection\":[\"Geral\"],\"inLanguage\":\"pt-BR\"},{\"@type\":\"WebPage\",\"@id\":\"https:\/\/portalfadesp.org.br\/?p=54313\",\"url\":\"https:\/\/portalfadesp.org.br\/?p=54313\",\"name\":\"FADESP REALIZA PLANEJAMENTO ESTRAT\u00c9GICO \u2018HORIZONTE\u2019 E INICIA NOVO CICLO EM SEU DESENVOLVIMENTO INSTITUCIONAL - FADESP\",\"isPartOf\":{\"@id\":\"https:\/\/portalfadesp.org.br\/#website\"},\"primaryImageOfPage\":{\"@id\":\"https:\/\/portalfadesp.org.br\/?p=54313#primaryimage\"},\"image\":{\"@id\":\"https:\/\/portalfadesp.org.br\/?p=54313#primaryimage\"},\"thumbnailUrl\":\"https:\/\/portalfadesp.org.br\/wp-content\/uploads\/2026\/04\/IMG_3797.jpeg\",\"datePublished\":\"2026-04-28T22:12:54+00:00\",\"dateModified\":\"2026-04-29T00:32:23+00:00\",\"breadcrumb\":{\"@id\":\"https:\/\/portalfadesp.org.br\/?p=54313#breadcrumb\"},\"inLanguage\":\"pt-BR\",\"potentialAction\":[{\"@type\":\"ReadAction\",\"target\":[\"https:\/\/portalfadesp.org.br\/?p=54313\"]}]},{\"@type\":\"ImageObject\",\"inLanguage\":\"pt-BR\",\"@id\":\"https:\/\/portalfadesp.org.br\/?p=54313#primaryimage\",\"url\":\"https:\/\/portalfadesp.org.br\/wp-content\/uploads\/2026\/04\/IMG_3797.jpeg\",\"contentUrl\":\"https:\/\/portalfadesp.org.br\/wp-content\/uploads\/2026\/04\/IMG_3797.jpeg\",\"width\":1400,\"height\":600},{\"@type\":\"BreadcrumbList\",\"@id\":\"https:\/\/portalfadesp.org.br\/?p=54313#breadcrumb\",\"itemListElement\":[{\"@type\":\"ListItem\",\"position\":1,\"name\":\"In\u00edcio\",\"item\":\"https:\/\/portalfadesp.org.br\/\"},{\"@type\":\"ListItem\",\"position\":2,\"name\":\"FADESP REALIZA PLANEJAMENTO ESTRAT\u00c9GICO \u2018HORIZONTE\u2019 E INICIA NOVO CICLO EM SEU DESENVOLVIMENTO INSTITUCIONAL\"}]},{\"@type\":\"WebSite\",\"@id\":\"https:\/\/portalfadesp.org.br\/#website\",\"url\":\"https:\/\/portalfadesp.org.br\/\",\"name\":\"FADESP\",\"description\":\"Funda\u00e7\u00e3o de Amparo e Desenvolvimento da Pesquisa\",\"publisher\":{\"@id\":\"https:\/\/portalfadesp.org.br\/#organization\"},\"potentialAction\":[{\"@type\":\"SearchAction\",\"target\":{\"@type\":\"EntryPoint\",\"urlTemplate\":\"https:\/\/portalfadesp.org.br\/?s={search_term_string}\"},\"query-input\":{\"@type\":\"PropertyValueSpecification\",\"valueRequired\":true,\"valueName\":\"search_term_string\"}}],\"inLanguage\":\"pt-BR\"},{\"@type\":\"Organization\",\"@id\":\"https:\/\/portalfadesp.org.br\/#organization\",\"name\":\"FADESP\",\"url\":\"https:\/\/portalfadesp.org.br\/\",\"logo\":{\"@type\":\"ImageObject\",\"inLanguage\":\"pt-BR\",\"@id\":\"https:\/\/portalfadesp.org.br\/#\/schema\/logo\/image\/\",\"url\":\"https:\/\/portalfadesp.org.br\/wp-content\/uploads\/2024\/01\/NOVOLOGOFADESPlaranjaH.png\",\"contentUrl\":\"https:\/\/portalfadesp.org.br\/wp-content\/uploads\/2024\/01\/NOVOLOGOFADESPlaranjaH.png\",\"width\":2742,\"height\":839,\"caption\":\"FADESP\"},\"image\":{\"@id\":\"https:\/\/portalfadesp.org.br\/#\/schema\/logo\/image\/\"},\"sameAs\":[\"https:\/\/www.facebook.com\/Fadesp-138351949524662\/\",\"https:\/\/x.com\/Fadesp\",\"https:\/\/www.instagram.com\/fadesp_ufpa\/\",\"https:\/\/www.youtube.com\/@fundacaodeamparoedesenvolv1903\",\"https:\/\/www.threads.net\/@fadesp_ufpa\"]},{\"@type\":\"Person\",\"@id\":\"https:\/\/portalfadesp.org.br\/#\/schema\/person\/31709c4c8ec92d6bbdd2c1da60cf8d66\",\"name\":\"Brena Marques\",\"image\":{\"@type\":\"ImageObject\",\"inLanguage\":\"pt-BR\",\"@id\":\"https:\/\/portalfadesp.org.br\/#\/schema\/person\/image\/\",\"url\":\"https:\/\/secure.gravatar.com\/avatar\/d8709cd0de324fbec018b6878350216726d26c3436f44ebee8f3db75e29728f3?s=96&d=mm&r=g\",\"contentUrl\":\"https:\/\/secure.gravatar.com\/avatar\/d8709cd0de324fbec018b6878350216726d26c3436f44ebee8f3db75e29728f3?s=96&d=mm&r=g\",\"caption\":\"Brena Marques\"},\"url\":\"https:\/\/portalfadesp.org.br\/?author=12\"}]}<\/script>\n<!-- \/ Yoast SEO plugin. -->","yoast_head_json":{"title":"FADESP REALIZA PLANEJAMENTO ESTRAT\u00c9GICO \u2018HORIZONTE\u2019 E INICIA NOVO CICLO EM SEU DESENVOLVIMENTO INSTITUCIONAL - FADESP","robots":{"index":"index","follow":"follow","max-snippet":"max-snippet:-1","max-image-preview":"max-image-preview:large","max-video-preview":"max-video-preview:-1"},"canonical":"https:\/\/portalfadesp.org.br\/?p=54313","og_locale":"pt_BR","og_type":"article","og_title":"FADESP REALIZA PLANEJAMENTO ESTRAT\u00c9GICO \u2018HORIZONTE\u2019 E INICIA NOVO CICLO EM SEU DESENVOLVIMENTO INSTITUCIONAL - FADESP","og_description":"A Funda\u00e7\u00e3o de Amparo e Desenvolvimento da Pesquisa (FADESP) realizou, nos dias 23 e 24 de abril, seu planejamento estrat\u00e9gico denominado HORIZONTE, marcando uma atualiza\u00e7\u00e3o na trajet\u00f3ria da institui\u00e7\u00e3o. A iniciativa congrega etapas distintas voltadas \u00e0 constru\u00e7\u00e3o coletiva, alinhamento institucional e defini\u00e7\u00e3o de diretrizes para os pr\u00f3ximos anos. A abertura do evento, na manh\u00e3 da [&hellip;]","og_url":"https:\/\/portalfadesp.org.br\/?p=54313","og_site_name":"FADESP","article_publisher":"https:\/\/www.facebook.com\/Fadesp-138351949524662\/","article_published_time":"2026-04-28T22:12:54+00:00","article_modified_time":"2026-04-29T00:32:23+00:00","og_image":[{"width":1400,"height":600,"url":"https:\/\/portalfadesp.org.br\/wp-content\/uploads\/2026\/04\/IMG_3797.jpeg","type":"image\/jpeg"}],"author":"Brena Marques","twitter_card":"summary_large_image","twitter_creator":"@Fadesp","twitter_site":"@Fadesp","twitter_misc":{"Escrito por":"Brena Marques","Est. tempo de leitura":"5 minutos"},"schema":{"@context":"https:\/\/schema.org","@graph":[{"@type":"Article","@id":"https:\/\/portalfadesp.org.br\/?p=54313#article","isPartOf":{"@id":"https:\/\/portalfadesp.org.br\/?p=54313"},"author":{"name":"Brena Marques","@id":"https:\/\/portalfadesp.org.br\/#\/schema\/person\/31709c4c8ec92d6bbdd2c1da60cf8d66"},"headline":"FADESP REALIZA PLANEJAMENTO ESTRAT\u00c9GICO \u2018HORIZONTE\u2019 E INICIA NOVO CICLO EM SEU DESENVOLVIMENTO INSTITUCIONAL","datePublished":"2026-04-28T22:12:54+00:00","dateModified":"2026-04-29T00:32:23+00:00","mainEntityOfPage":{"@id":"https:\/\/portalfadesp.org.br\/?p=54313"},"wordCount":694,"publisher":{"@id":"https:\/\/portalfadesp.org.br\/#organization"},"image":{"@id":"https:\/\/portalfadesp.org.br\/?p=54313#primaryimage"},"thumbnailUrl":"https:\/\/portalfadesp.org.br\/wp-content\/uploads\/2026\/04\/IMG_3797.jpeg","articleSection":["Geral"],"inLanguage":"pt-BR"},{"@type":"WebPage","@id":"https:\/\/portalfadesp.org.br\/?p=54313","url":"https:\/\/portalfadesp.org.br\/?p=54313","name":"FADESP REALIZA PLANEJAMENTO ESTRAT\u00c9GICO \u2018HORIZONTE\u2019 E INICIA NOVO CICLO EM SEU DESENVOLVIMENTO INSTITUCIONAL - FADESP","isPartOf":{"@id":"https:\/\/portalfadesp.org.br\/#website"},"primaryImageOfPage":{"@id":"https:\/\/portalfadesp.org.br\/?p=54313#primaryimage"},"image":{"@id":"https:\/\/portalfadesp.org.br\/?p=54313#primaryimage"},"thumbnailUrl":"https:\/\/portalfadesp.org.br\/wp-content\/uploads\/2026\/04\/IMG_3797.jpeg","datePublished":"2026-04-28T22:12:54+00:00","dateModified":"2026-04-29T00:32:23+00:00","breadcrumb":{"@id":"https:\/\/portalfadesp.org.br\/?p=54313#breadcrumb"},"inLanguage":"pt-BR","potentialAction":[{"@type":"ReadAction","target":["https:\/\/portalfadesp.org.br\/?p=54313"]}]},{"@type":"ImageObject","inLanguage":"pt-BR","@id":"https:\/\/portalfadesp.org.br\/?p=54313#primaryimage","url":"https:\/\/portalfadesp.org.br\/wp-content\/uploads\/2026\/04\/IMG_3797.jpeg","contentUrl":"https:\/\/portalfadesp.org.br\/wp-content\/uploads\/2026\/04\/IMG_3797.jpeg","width":1400,"height":600},{"@type":"BreadcrumbList","@id":"https:\/\/portalfadesp.org.br\/?p=54313#breadcrumb","itemListElement":[{"@type":"ListItem","position":1,"name":"In\u00edcio","item":"https:\/\/portalfadesp.org.br\/"},{"@type":"ListItem","position":2,"name":"FADESP REALIZA PLANEJAMENTO ESTRAT\u00c9GICO \u2018HORIZONTE\u2019 E INICIA NOVO CICLO EM SEU DESENVOLVIMENTO INSTITUCIONAL"}]},{"@type":"WebSite","@id":"https:\/\/portalfadesp.org.br\/#website","url":"https:\/\/portalfadesp.org.br\/","name":"FADESP","description":"Funda\u00e7\u00e3o de Amparo e Desenvolvimento da Pesquisa","publisher":{"@id":"https:\/\/portalfadesp.org.br\/#organization"},"potentialAction":[{"@type":"SearchAction","target":{"@type":"EntryPoint","urlTemplate":"https:\/\/portalfadesp.org.br\/?s={search_term_string}"},"query-input":{"@type":"PropertyValueSpecification","valueRequired":true,"valueName":"search_term_string"}}],"inLanguage":"pt-BR"},{"@type":"Organization","@id":"https:\/\/portalfadesp.org.br\/#organization","name":"FADESP","url":"https:\/\/portalfadesp.org.br\/","logo":{"@type":"ImageObject","inLanguage":"pt-BR","@id":"https:\/\/portalfadesp.org.br\/#\/schema\/logo\/image\/","url":"https:\/\/portalfadesp.org.br\/wp-content\/uploads\/2024\/01\/NOVOLOGOFADESPlaranjaH.png","contentUrl":"https:\/\/portalfadesp.org.br\/wp-content\/uploads\/2024\/01\/NOVOLOGOFADESPlaranjaH.png","width":2742,"height":839,"caption":"FADESP"},"image":{"@id":"https:\/\/portalfadesp.org.br\/#\/schema\/logo\/image\/"},"sameAs":["https:\/\/www.facebook.com\/Fadesp-138351949524662\/","https:\/\/x.com\/Fadesp","https:\/\/www.instagram.com\/fadesp_ufpa\/","https:\/\/www.youtube.com\/@fundacaodeamparoedesenvolv1903","https:\/\/www.threads.net\/@fadesp_ufpa"]},{"@type":"Person","@id":"https:\/\/portalfadesp.org.br\/#\/schema\/person\/31709c4c8ec92d6bbdd2c1da60cf8d66","name":"Brena Marques","image":{"@type":"ImageObject","inLanguage":"pt-BR","@id":"https:\/\/portalfadesp.org.br\/#\/schema\/person\/image\/","url":"https:\/\/secure.gravatar.com\/avatar\/d8709cd0de324fbec018b6878350216726d26c3436f44ebee8f3db75e29728f3?s=96&d=mm&r=g","contentUrl":"https:\/\/secure.gravatar.com\/avatar\/d8709cd0de324fbec018b6878350216726d26c3436f44ebee8f3db75e29728f3?s=96&d=mm&r=g","caption":"Brena Marques"},"url":"https:\/\/portalfadesp.org.br\/?author=12"}]}},"_links":{"self":[{"href":"https:\/\/portalfadesp.org.br\/index.php?rest_route=\/wp\/v2\/posts\/54313","targetHints":{"allow":["GET"]}}],"collection":[{"href":"https:\/\/portalfadesp.org.br\/index.php?rest_route=\/wp\/v2\/posts"}],"about":[{"href":"https:\/\/portalfadesp.org.br\/index.php?rest_route=\/wp\/v2\/types\/post"}],"author":[{"embeddable":true,"href":"https:\/\/portalfadesp.org.br\/index.php?rest_route=\/wp\/v2\/users\/12"}],"replies":[{"embeddable":true,"href":"https:\/\/portalfadesp.org.br\/index.php?rest_route=%2Fwp%2Fv2%2Fcomments&post=54313"}],"version-history":[{"count":3,"href":"https:\/\/portalfadesp.org.br\/index.php?rest_route=\/wp\/v2\/posts\/54313\/revisions"}],"predecessor-version":[{"id":54325,"href":"https:\/\/portalfadesp.org.br\/index.php?rest_route=\/wp\/v2\/posts\/54313\/revisions\/54325"}],"wp:featuredmedia":[{"embeddable":true,"href":"https:\/\/portalfadesp.org.br\/index.php?rest_route=\/wp\/v2\/media\/54321"}],"wp:attachment":[{"href":"https:\/\/portalfadesp.org.br\/index.php?rest_route=%2Fwp%2Fv2%2Fmedia&parent=54313"}],"wp:term":[{"taxonomy":"category","embeddable":true,"href":"https:\/\/portalfadesp.org.br\/index.php?rest_route=%2Fwp%2Fv2%2Fcategories&post=54313"},{"taxonomy":"post_tag","embeddable":true,"href":"https:\/\/portalfadesp.org.br\/index.php?rest_route=%2Fwp%2Fv2%2Ftags&post=54313"}],"curies":[{"name":"wp","href":"https:\/\/api.w.org\/{rel}","templated":true}]}}