{"id":53842,"date":"2026-03-07T10:40:58","date_gmt":"2026-03-07T13:40:58","guid":{"rendered":"https:\/\/portalfadesp.org.br\/?p=53842"},"modified":"2026-03-07T10:45:56","modified_gmt":"2026-03-07T13:45:56","slug":"53842","status":"publish","type":"post","link":"https:\/\/portalfadesp.org.br\/?p=53842","title":{"rendered":""},"content":{"rendered":"\n<p>No dia 06 de mar\u00e7o, a FADESP promoveu o encontro \u201cSororidade como estrat\u00e9gia de enfrentamento \u00e0 viol\u00eancia de g\u00eanero\u201d, conduzido pela advogada e ativista Natasha Vasconcellos, do @politicaparamulheres.<\/p>\n\n\n\n<figure class=\"wp-block-image size-large\"><img fetchpriority=\"high\" decoding=\"async\" width=\"1024\" height=\"768\" src=\"https:\/\/portalfadesp.org.br\/wp-content\/uploads\/2026\/03\/WhatsApp-Image-2026-03-07-at-10.44.30-1024x768.jpeg\" alt=\"\" class=\"wp-image-53845\" srcset=\"https:\/\/portalfadesp.org.br\/wp-content\/uploads\/2026\/03\/WhatsApp-Image-2026-03-07-at-10.44.30-1024x768.jpeg 1024w, https:\/\/portalfadesp.org.br\/wp-content\/uploads\/2026\/03\/WhatsApp-Image-2026-03-07-at-10.44.30-300x225.jpeg 300w, https:\/\/portalfadesp.org.br\/wp-content\/uploads\/2026\/03\/WhatsApp-Image-2026-03-07-at-10.44.30-768x576.jpeg 768w, https:\/\/portalfadesp.org.br\/wp-content\/uploads\/2026\/03\/WhatsApp-Image-2026-03-07-at-10.44.30-1536x1152.jpeg 1536w, https:\/\/portalfadesp.org.br\/wp-content\/uploads\/2026\/03\/WhatsApp-Image-2026-03-07-at-10.44.30.jpeg 1600w\" sizes=\"(max-width: 1024px) 100vw, 1024px\" \/><\/figure>\n\n\n\n<div style=\"height:35px\" aria-hidden=\"true\" class=\"wp-block-spacer\"><\/div>\n\n\n\n<p>O momento foi dedicado \u00e0 reflex\u00e3o sobre a import\u00e2ncia da sororidade como ferramenta de apoio, fortalecimento coletivo e enfrentamento \u00e0s diversas formas de viol\u00eancia contra as mulheres, um tema urgente diante do aumento dos \u00edndices de feminic\u00eddio e dos in\u00fameros casos de viol\u00eancia registrados no Brasil.<\/p>\n\n\n\n<div style=\"height:29px\" aria-hidden=\"true\" class=\"wp-block-spacer\"><\/div>\n\n\n\n<p>A iniciativa marcou a retomada do projeto Motir\u00f5 \u2013 Ano II e integrou as a\u00e7\u00f5es em alus\u00e3o ao Dia Internacional da Mulher (8 de mar\u00e7o), refor\u00e7ando a import\u00e2ncia de ampliar o debate e fortalecer redes de apoio na constru\u00e7\u00e3o de uma sociedade mais justa e segura para todas.<\/p>\n\n\n\n<figure class=\"wp-block-image size-large\"><img decoding=\"async\" width=\"768\" height=\"1024\" src=\"https:\/\/portalfadesp.org.br\/wp-content\/uploads\/2026\/03\/WhatsApp-Image-2026-03-07-at-10.44.31-768x1024.jpeg\" alt=\"\" class=\"wp-image-53847\" srcset=\"https:\/\/portalfadesp.org.br\/wp-content\/uploads\/2026\/03\/WhatsApp-Image-2026-03-07-at-10.44.31-768x1024.jpeg 768w, https:\/\/portalfadesp.org.br\/wp-content\/uploads\/2026\/03\/WhatsApp-Image-2026-03-07-at-10.44.31-225x300.jpeg 225w, https:\/\/portalfadesp.org.br\/wp-content\/uploads\/2026\/03\/WhatsApp-Image-2026-03-07-at-10.44.31-1152x1536.jpeg 1152w, https:\/\/portalfadesp.org.br\/wp-content\/uploads\/2026\/03\/WhatsApp-Image-2026-03-07-at-10.44.31.jpeg 1200w\" sizes=\"(max-width: 768px) 100vw, 768px\" \/><\/figure>\n","protected":false},"excerpt":{"rendered":"<p>No dia 06 de mar\u00e7o, a FADESP promoveu o encontro \u201cSororidade como estrat\u00e9gia de enfrentamento \u00e0 viol\u00eancia de g\u00eanero\u201d, conduzido pela advogada e ativista Natasha Vasconcellos, do @politicaparamulheres. O momento foi dedicado \u00e0 reflex\u00e3o sobre a import\u00e2ncia da sororidade como ferramenta de apoio, fortalecimento coletivo e enfrentamento \u00e0s diversas formas de viol\u00eancia contra as mulheres, [&hellip;]<\/p>\n","protected":false},"author":12,"featured_media":53843,"comment_status":"closed","ping_status":"closed","sticky":false,"template":"","format":"standard","meta":{"_monsterinsights_skip_tracking":false,"_monsterinsights_sitenote_active":false,"_monsterinsights_sitenote_note":"","_monsterinsights_sitenote_category":0,"footnotes":""},"categories":[1],"tags":[],"class_list":["post-53842","post","type-post","status-publish","format-standard","has-post-thumbnail","hentry","category-geral","entry","has-media"],"yoast_head":"<!-- This site is optimized with the Yoast SEO plugin v25.1 - https:\/\/yoast.com\/wordpress\/plugins\/seo\/ -->\n<title>- FADESP<\/title>\n<meta name=\"robots\" content=\"index, follow, max-snippet:-1, max-image-preview:large, max-video-preview:-1\" \/>\n<link rel=\"canonical\" href=\"https:\/\/portalfadesp.org.br\/?p=53842\" \/>\n<meta property=\"og:locale\" content=\"pt_BR\" \/>\n<meta property=\"og:type\" content=\"article\" \/>\n<meta property=\"og:title\" content=\"- FADESP\" \/>\n<meta property=\"og:description\" content=\"No dia 06 de mar\u00e7o, a FADESP promoveu o encontro \u201cSororidade como estrat\u00e9gia de enfrentamento \u00e0 viol\u00eancia de g\u00eanero\u201d, conduzido pela advogada e ativista Natasha Vasconcellos, do @politicaparamulheres. O momento foi dedicado \u00e0 reflex\u00e3o sobre a import\u00e2ncia da sororidade como ferramenta de apoio, fortalecimento coletivo e enfrentamento \u00e0s diversas formas de viol\u00eancia contra as mulheres, [&hellip;]\" \/>\n<meta property=\"og:url\" content=\"https:\/\/portalfadesp.org.br\/?p=53842\" \/>\n<meta property=\"og:site_name\" content=\"FADESP\" \/>\n<meta property=\"article:publisher\" content=\"https:\/\/www.facebook.com\/Fadesp-138351949524662\/\" \/>\n<meta property=\"article:published_time\" content=\"2026-03-07T13:40:58+00:00\" \/>\n<meta property=\"article:modified_time\" content=\"2026-03-07T13:45:56+00:00\" \/>\n<meta property=\"og:image\" content=\"https:\/\/portalfadesp.org.br\/wp-content\/uploads\/2026\/03\/rotativo_FADESP_motiro-marco.jpg.jpeg\" \/>\n\t<meta property=\"og:image:width\" content=\"1400\" \/>\n\t<meta property=\"og:image:height\" content=\"600\" \/>\n\t<meta property=\"og:image:type\" content=\"image\/jpeg\" \/>\n<meta name=\"author\" content=\"Brena Marques\" \/>\n<meta name=\"twitter:card\" content=\"summary_large_image\" \/>\n<meta name=\"twitter:creator\" content=\"@Fadesp\" \/>\n<meta name=\"twitter:site\" content=\"@Fadesp\" \/>\n<meta name=\"twitter:label1\" content=\"Escrito por\" \/>\n\t<meta name=\"twitter:data1\" content=\"Brena Marques\" \/>\n\t<meta name=\"twitter:label2\" content=\"Est. tempo de leitura\" \/>\n\t<meta name=\"twitter:data2\" content=\"2 minutos\" \/>\n<script type=\"application\/ld+json\" class=\"yoast-schema-graph\">{\"@context\":\"https:\/\/schema.org\",\"@graph\":[{\"@type\":\"Article\",\"@id\":\"https:\/\/portalfadesp.org.br\/?p=53842#article\",\"isPartOf\":{\"@id\":\"https:\/\/portalfadesp.org.br\/?p=53842\"},\"author\":{\"name\":\"Brena Marques\",\"@id\":\"https:\/\/portalfadesp.org.br\/#\/schema\/person\/31709c4c8ec92d6bbdd2c1da60cf8d66\"},\"headline\":\"Sem t\u00edtulo\",\"datePublished\":\"2026-03-07T13:40:58+00:00\",\"dateModified\":\"2026-03-07T13:45:56+00:00\",\"mainEntityOfPage\":{\"@id\":\"https:\/\/portalfadesp.org.br\/?p=53842\"},\"wordCount\":133,\"publisher\":{\"@id\":\"https:\/\/portalfadesp.org.br\/#organization\"},\"image\":{\"@id\":\"https:\/\/portalfadesp.org.br\/?p=53842#primaryimage\"},\"thumbnailUrl\":\"https:\/\/portalfadesp.org.br\/wp-content\/uploads\/2026\/03\/rotativo_FADESP_motiro-marco.jpg.jpeg\",\"articleSection\":[\"Geral\"],\"inLanguage\":\"pt-BR\"},{\"@type\":\"WebPage\",\"@id\":\"https:\/\/portalfadesp.org.br\/?p=53842\",\"url\":\"https:\/\/portalfadesp.org.br\/?p=53842\",\"name\":\"- FADESP\",\"isPartOf\":{\"@id\":\"https:\/\/portalfadesp.org.br\/#website\"},\"primaryImageOfPage\":{\"@id\":\"https:\/\/portalfadesp.org.br\/?p=53842#primaryimage\"},\"image\":{\"@id\":\"https:\/\/portalfadesp.org.br\/?p=53842#primaryimage\"},\"thumbnailUrl\":\"https:\/\/portalfadesp.org.br\/wp-content\/uploads\/2026\/03\/rotativo_FADESP_motiro-marco.jpg.jpeg\",\"datePublished\":\"2026-03-07T13:40:58+00:00\",\"dateModified\":\"2026-03-07T13:45:56+00:00\",\"inLanguage\":\"pt-BR\",\"potentialAction\":[{\"@type\":\"ReadAction\",\"target\":[\"https:\/\/portalfadesp.org.br\/?p=53842\"]}]},{\"@type\":\"ImageObject\",\"inLanguage\":\"pt-BR\",\"@id\":\"https:\/\/portalfadesp.org.br\/?p=53842#primaryimage\",\"url\":\"https:\/\/portalfadesp.org.br\/wp-content\/uploads\/2026\/03\/rotativo_FADESP_motiro-marco.jpg.jpeg\",\"contentUrl\":\"https:\/\/portalfadesp.org.br\/wp-content\/uploads\/2026\/03\/rotativo_FADESP_motiro-marco.jpg.jpeg\",\"width\":1400,\"height\":600},{\"@type\":\"WebSite\",\"@id\":\"https:\/\/portalfadesp.org.br\/#website\",\"url\":\"https:\/\/portalfadesp.org.br\/\",\"name\":\"FADESP\",\"description\":\"Funda\u00e7\u00e3o de Amparo e Desenvolvimento da Pesquisa\",\"publisher\":{\"@id\":\"https:\/\/portalfadesp.org.br\/#organization\"},\"potentialAction\":[{\"@type\":\"SearchAction\",\"target\":{\"@type\":\"EntryPoint\",\"urlTemplate\":\"https:\/\/portalfadesp.org.br\/?s={search_term_string}\"},\"query-input\":{\"@type\":\"PropertyValueSpecification\",\"valueRequired\":true,\"valueName\":\"search_term_string\"}}],\"inLanguage\":\"pt-BR\"},{\"@type\":\"Organization\",\"@id\":\"https:\/\/portalfadesp.org.br\/#organization\",\"name\":\"FADESP\",\"url\":\"https:\/\/portalfadesp.org.br\/\",\"logo\":{\"@type\":\"ImageObject\",\"inLanguage\":\"pt-BR\",\"@id\":\"https:\/\/portalfadesp.org.br\/#\/schema\/logo\/image\/\",\"url\":\"https:\/\/portalfadesp.org.br\/wp-content\/uploads\/2024\/01\/NOVOLOGOFADESPlaranjaH.png\",\"contentUrl\":\"https:\/\/portalfadesp.org.br\/wp-content\/uploads\/2024\/01\/NOVOLOGOFADESPlaranjaH.png\",\"width\":2742,\"height\":839,\"caption\":\"FADESP\"},\"image\":{\"@id\":\"https:\/\/portalfadesp.org.br\/#\/schema\/logo\/image\/\"},\"sameAs\":[\"https:\/\/www.facebook.com\/Fadesp-138351949524662\/\",\"https:\/\/x.com\/Fadesp\",\"https:\/\/www.instagram.com\/fadesp_ufpa\/\",\"https:\/\/www.youtube.com\/@fundacaodeamparoedesenvolv1903\",\"https:\/\/www.threads.net\/@fadesp_ufpa\"]},{\"@type\":\"Person\",\"@id\":\"https:\/\/portalfadesp.org.br\/#\/schema\/person\/31709c4c8ec92d6bbdd2c1da60cf8d66\",\"name\":\"Brena Marques\",\"image\":{\"@type\":\"ImageObject\",\"inLanguage\":\"pt-BR\",\"@id\":\"https:\/\/portalfadesp.org.br\/#\/schema\/person\/image\/\",\"url\":\"https:\/\/secure.gravatar.com\/avatar\/d8709cd0de324fbec018b6878350216726d26c3436f44ebee8f3db75e29728f3?s=96&d=mm&r=g\",\"contentUrl\":\"https:\/\/secure.gravatar.com\/avatar\/d8709cd0de324fbec018b6878350216726d26c3436f44ebee8f3db75e29728f3?s=96&d=mm&r=g\",\"caption\":\"Brena Marques\"},\"url\":\"https:\/\/portalfadesp.org.br\/?author=12\"}]}<\/script>\n<!-- \/ Yoast SEO plugin. -->","yoast_head_json":{"title":"- FADESP","robots":{"index":"index","follow":"follow","max-snippet":"max-snippet:-1","max-image-preview":"max-image-preview:large","max-video-preview":"max-video-preview:-1"},"canonical":"https:\/\/portalfadesp.org.br\/?p=53842","og_locale":"pt_BR","og_type":"article","og_title":"- FADESP","og_description":"No dia 06 de mar\u00e7o, a FADESP promoveu o encontro \u201cSororidade como estrat\u00e9gia de enfrentamento \u00e0 viol\u00eancia de g\u00eanero\u201d, conduzido pela advogada e ativista Natasha Vasconcellos, do @politicaparamulheres. O momento foi dedicado \u00e0 reflex\u00e3o sobre a import\u00e2ncia da sororidade como ferramenta de apoio, fortalecimento coletivo e enfrentamento \u00e0s diversas formas de viol\u00eancia contra as mulheres, [&hellip;]","og_url":"https:\/\/portalfadesp.org.br\/?p=53842","og_site_name":"FADESP","article_publisher":"https:\/\/www.facebook.com\/Fadesp-138351949524662\/","article_published_time":"2026-03-07T13:40:58+00:00","article_modified_time":"2026-03-07T13:45:56+00:00","og_image":[{"width":1400,"height":600,"url":"https:\/\/portalfadesp.org.br\/wp-content\/uploads\/2026\/03\/rotativo_FADESP_motiro-marco.jpg.jpeg","type":"image\/jpeg"}],"author":"Brena Marques","twitter_card":"summary_large_image","twitter_creator":"@Fadesp","twitter_site":"@Fadesp","twitter_misc":{"Escrito por":"Brena Marques","Est. tempo de leitura":"2 minutos"},"schema":{"@context":"https:\/\/schema.org","@graph":[{"@type":"Article","@id":"https:\/\/portalfadesp.org.br\/?p=53842#article","isPartOf":{"@id":"https:\/\/portalfadesp.org.br\/?p=53842"},"author":{"name":"Brena Marques","@id":"https:\/\/portalfadesp.org.br\/#\/schema\/person\/31709c4c8ec92d6bbdd2c1da60cf8d66"},"headline":"Sem t\u00edtulo","datePublished":"2026-03-07T13:40:58+00:00","dateModified":"2026-03-07T13:45:56+00:00","mainEntityOfPage":{"@id":"https:\/\/portalfadesp.org.br\/?p=53842"},"wordCount":133,"publisher":{"@id":"https:\/\/portalfadesp.org.br\/#organization"},"image":{"@id":"https:\/\/portalfadesp.org.br\/?p=53842#primaryimage"},"thumbnailUrl":"https:\/\/portalfadesp.org.br\/wp-content\/uploads\/2026\/03\/rotativo_FADESP_motiro-marco.jpg.jpeg","articleSection":["Geral"],"inLanguage":"pt-BR"},{"@type":"WebPage","@id":"https:\/\/portalfadesp.org.br\/?p=53842","url":"https:\/\/portalfadesp.org.br\/?p=53842","name":"- FADESP","isPartOf":{"@id":"https:\/\/portalfadesp.org.br\/#website"},"primaryImageOfPage":{"@id":"https:\/\/portalfadesp.org.br\/?p=53842#primaryimage"},"image":{"@id":"https:\/\/portalfadesp.org.br\/?p=53842#primaryimage"},"thumbnailUrl":"https:\/\/portalfadesp.org.br\/wp-content\/uploads\/2026\/03\/rotativo_FADESP_motiro-marco.jpg.jpeg","datePublished":"2026-03-07T13:40:58+00:00","dateModified":"2026-03-07T13:45:56+00:00","inLanguage":"pt-BR","potentialAction":[{"@type":"ReadAction","target":["https:\/\/portalfadesp.org.br\/?p=53842"]}]},{"@type":"ImageObject","inLanguage":"pt-BR","@id":"https:\/\/portalfadesp.org.br\/?p=53842#primaryimage","url":"https:\/\/portalfadesp.org.br\/wp-content\/uploads\/2026\/03\/rotativo_FADESP_motiro-marco.jpg.jpeg","contentUrl":"https:\/\/portalfadesp.org.br\/wp-content\/uploads\/2026\/03\/rotativo_FADESP_motiro-marco.jpg.jpeg","width":1400,"height":600},{"@type":"WebSite","@id":"https:\/\/portalfadesp.org.br\/#website","url":"https:\/\/portalfadesp.org.br\/","name":"FADESP","description":"Funda\u00e7\u00e3o de Amparo e Desenvolvimento da Pesquisa","publisher":{"@id":"https:\/\/portalfadesp.org.br\/#organization"},"potentialAction":[{"@type":"SearchAction","target":{"@type":"EntryPoint","urlTemplate":"https:\/\/portalfadesp.org.br\/?s={search_term_string}"},"query-input":{"@type":"PropertyValueSpecification","valueRequired":true,"valueName":"search_term_string"}}],"inLanguage":"pt-BR"},{"@type":"Organization","@id":"https:\/\/portalfadesp.org.br\/#organization","name":"FADESP","url":"https:\/\/portalfadesp.org.br\/","logo":{"@type":"ImageObject","inLanguage":"pt-BR","@id":"https:\/\/portalfadesp.org.br\/#\/schema\/logo\/image\/","url":"https:\/\/portalfadesp.org.br\/wp-content\/uploads\/2024\/01\/NOVOLOGOFADESPlaranjaH.png","contentUrl":"https:\/\/portalfadesp.org.br\/wp-content\/uploads\/2024\/01\/NOVOLOGOFADESPlaranjaH.png","width":2742,"height":839,"caption":"FADESP"},"image":{"@id":"https:\/\/portalfadesp.org.br\/#\/schema\/logo\/image\/"},"sameAs":["https:\/\/www.facebook.com\/Fadesp-138351949524662\/","https:\/\/x.com\/Fadesp","https:\/\/www.instagram.com\/fadesp_ufpa\/","https:\/\/www.youtube.com\/@fundacaodeamparoedesenvolv1903","https:\/\/www.threads.net\/@fadesp_ufpa"]},{"@type":"Person","@id":"https:\/\/portalfadesp.org.br\/#\/schema\/person\/31709c4c8ec92d6bbdd2c1da60cf8d66","name":"Brena Marques","image":{"@type":"ImageObject","inLanguage":"pt-BR","@id":"https:\/\/portalfadesp.org.br\/#\/schema\/person\/image\/","url":"https:\/\/secure.gravatar.com\/avatar\/d8709cd0de324fbec018b6878350216726d26c3436f44ebee8f3db75e29728f3?s=96&d=mm&r=g","contentUrl":"https:\/\/secure.gravatar.com\/avatar\/d8709cd0de324fbec018b6878350216726d26c3436f44ebee8f3db75e29728f3?s=96&d=mm&r=g","caption":"Brena Marques"},"url":"https:\/\/portalfadesp.org.br\/?author=12"}]}},"_links":{"self":[{"href":"https:\/\/portalfadesp.org.br\/index.php?rest_route=\/wp\/v2\/posts\/53842","targetHints":{"allow":["GET"]}}],"collection":[{"href":"https:\/\/portalfadesp.org.br\/index.php?rest_route=\/wp\/v2\/posts"}],"about":[{"href":"https:\/\/portalfadesp.org.br\/index.php?rest_route=\/wp\/v2\/types\/post"}],"author":[{"embeddable":true,"href":"https:\/\/portalfadesp.org.br\/index.php?rest_route=\/wp\/v2\/users\/12"}],"replies":[{"embeddable":true,"href":"https:\/\/portalfadesp.org.br\/index.php?rest_route=%2Fwp%2Fv2%2Fcomments&post=53842"}],"version-history":[{"count":2,"href":"https:\/\/portalfadesp.org.br\/index.php?rest_route=\/wp\/v2\/posts\/53842\/revisions"}],"predecessor-version":[{"id":53848,"href":"https:\/\/portalfadesp.org.br\/index.php?rest_route=\/wp\/v2\/posts\/53842\/revisions\/53848"}],"wp:featuredmedia":[{"embeddable":true,"href":"https:\/\/portalfadesp.org.br\/index.php?rest_route=\/wp\/v2\/media\/53843"}],"wp:attachment":[{"href":"https:\/\/portalfadesp.org.br\/index.php?rest_route=%2Fwp%2Fv2%2Fmedia&parent=53842"}],"wp:term":[{"taxonomy":"category","embeddable":true,"href":"https:\/\/portalfadesp.org.br\/index.php?rest_route=%2Fwp%2Fv2%2Fcategories&post=53842"},{"taxonomy":"post_tag","embeddable":true,"href":"https:\/\/portalfadesp.org.br\/index.php?rest_route=%2Fwp%2Fv2%2Ftags&post=53842"}],"curies":[{"name":"wp","href":"https:\/\/api.w.org\/{rel}","templated":true}]}}