{"id":52832,"date":"2025-12-09T20:54:45","date_gmt":"2025-12-09T23:54:45","guid":{"rendered":"https:\/\/portalfadesp.org.br\/?p=52832"},"modified":"2025-12-09T20:54:51","modified_gmt":"2025-12-09T23:54:51","slug":"fadesp-se-credencia-como-fundacao-de-apoio-da-empresa-brasileira-de-servicos-hospitalares-ebserh","status":"publish","type":"post","link":"https:\/\/portalfadesp.org.br\/?p=52832","title":{"rendered":"FADESP se credencia como Funda\u00e7\u00e3o de Apoio da Empresa Brasileira de Servi\u00e7os Hospitalares &#8211; EBSERH."},"content":{"rendered":"\n<p>A Funda\u00e7\u00e3o de Amparo e Desenvolvimento da Pesquisa (FADESP) se credencia como Funda\u00e7\u00e3o de Apoio da Empresa Brasileira de Servi\u00e7os Hospitalares (EBSERH) para atua\u00e7\u00e3o junto aos hospitais universit\u00e1rios da Universidade Federal do Par\u00e1 (UFPA). Com isso, a Funda\u00e7\u00e3o amplia sua atua\u00e7\u00e3o na gest\u00e3o de projetos voltados \u00e0 pesquisa, ensino, extens\u00e3o, inova\u00e7\u00e3o.<\/p>\n\n\n\n<div style=\"height:30px\" aria-hidden=\"true\" class=\"wp-block-spacer\"><\/div>\n\n\n\n<p>Vinculada ao Minist\u00e9rio da Educa\u00e7\u00e3o, a EBSERH administra a maior rede de hospitais universit\u00e1rios do pa\u00eds, integrando assist\u00eancia em sa\u00fade, forma\u00e7\u00e3o profissional e produ\u00e7\u00e3o cient\u00edfica. Sua atua\u00e7\u00e3o \u00e9 essencial para ampliar a capacidade de atendimento do Sistema \u00danico de Sa\u00fade (SUS) e qualificar a gest\u00e3o dos Hospitais Universit\u00e1rios Federais (HUFs).<\/p>\n\n\n\n<div style=\"height:30px\" aria-hidden=\"true\" class=\"wp-block-spacer\"><\/div>\n\n\n\n<p>Na UFPA, a EBSERH \u00e9 respons\u00e1vel pela administra\u00e7\u00e3o do Complexo Hospitalar Universit\u00e1rio (CHU-UFPA), composto por dois hospitais de refer\u00eancia: o Hospital Universit\u00e1rio Jo\u00e3o de Barros Barreto (HUJBB), especializado em doen\u00e7as infectocontagiosas, pneumologia e outras \u00e1reas, e o Hospital Universit\u00e1rio Bettina Ferro de Souza (HUBFS), reconhecido pelo atendimento em doen\u00e7as raras, reabilita\u00e7\u00e3o e assist\u00eancia pedi\u00e1trica. O credenciamento da FADESP permitir\u00e1 apoiar projetos estrat\u00e9gicos relacionados ao ensino, pesquisa, inova\u00e7\u00e3o e aprimoramento da gest\u00e3o nesses hospitais.<\/p>\n\n\n\n<div style=\"height:30px\" aria-hidden=\"true\" class=\"wp-block-spacer\"><\/div>\n\n\n\n<p>Com a incorpora\u00e7\u00e3o da EBSERH \u00e0s institui\u00e7\u00f5es apoiadas, a FADESP passa a atuar junto a 12 \u00f3rg\u00e3os e institui\u00e7\u00f5es. Al\u00e9m da empresa, a Funda\u00e7\u00e3o apoia projetos do Centro Gestor e Operacional do Sistema de Prote\u00e7\u00e3o da Amaz\u00f4nia (CENSIPAM), da Empresa Brasileira de Pesquisa Agropecu\u00e1ria (EMBRAPA), do Instituto Chico Mendes de Conserva\u00e7\u00e3o da Biodiversidade (ICMBio), do Instituto Evandro Chagas (IEC), do Instituto Federal do Par\u00e1 (IFPA), do Instituto Nacional de Pesquisas da Amaz\u00f4nia (INPA), do Museu Paraense Em\u00edlio Goeldi (MPEG), da Universidade Federal do Oeste do Par\u00e1 (UFOPA), da Universidade Federal do Par\u00e1 (UFPA), da Universidade Federal do Sul e Sudeste do Par\u00e1 (UNIFESSPA) e da Universidade Federal Rural da Amaz\u00f4nia (UFRA).<\/p>\n","protected":false},"excerpt":{"rendered":"<p>A Funda\u00e7\u00e3o de Amparo e Desenvolvimento da Pesquisa (FADESP) se credencia como Funda\u00e7\u00e3o de Apoio da Empresa Brasileira de Servi\u00e7os Hospitalares (EBSERH) para atua\u00e7\u00e3o junto aos hospitais universit\u00e1rios da Universidade Federal do Par\u00e1 (UFPA). Com isso, a Funda\u00e7\u00e3o amplia sua atua\u00e7\u00e3o na gest\u00e3o de projetos voltados \u00e0 pesquisa, ensino, extens\u00e3o, inova\u00e7\u00e3o. Vinculada ao Minist\u00e9rio da [&hellip;]<\/p>\n","protected":false},"author":12,"featured_media":52834,"comment_status":"closed","ping_status":"closed","sticky":false,"template":"","format":"standard","meta":{"_monsterinsights_skip_tracking":false,"_monsterinsights_sitenote_active":false,"_monsterinsights_sitenote_note":"","_monsterinsights_sitenote_category":0,"footnotes":""},"categories":[1],"tags":[],"class_list":["post-52832","post","type-post","status-publish","format-standard","has-post-thumbnail","hentry","category-geral","entry","has-media"],"yoast_head":"<!-- This site is optimized with the Yoast SEO plugin v25.1 - https:\/\/yoast.com\/wordpress\/plugins\/seo\/ -->\n<title>FADESP se credencia como Funda\u00e7\u00e3o de Apoio da Empresa Brasileira de Servi\u00e7os Hospitalares - EBSERH. - FADESP<\/title>\n<meta name=\"robots\" content=\"index, follow, max-snippet:-1, max-image-preview:large, max-video-preview:-1\" \/>\n<link rel=\"canonical\" href=\"https:\/\/portalfadesp.org.br\/?p=52832\" \/>\n<meta property=\"og:locale\" content=\"pt_BR\" \/>\n<meta property=\"og:type\" content=\"article\" \/>\n<meta property=\"og:title\" content=\"FADESP se credencia como Funda\u00e7\u00e3o de Apoio da Empresa Brasileira de Servi\u00e7os Hospitalares - EBSERH. - FADESP\" \/>\n<meta property=\"og:description\" content=\"A Funda\u00e7\u00e3o de Amparo e Desenvolvimento da Pesquisa (FADESP) se credencia como Funda\u00e7\u00e3o de Apoio da Empresa Brasileira de Servi\u00e7os Hospitalares (EBSERH) para atua\u00e7\u00e3o junto aos hospitais universit\u00e1rios da Universidade Federal do Par\u00e1 (UFPA). Com isso, a Funda\u00e7\u00e3o amplia sua atua\u00e7\u00e3o na gest\u00e3o de projetos voltados \u00e0 pesquisa, ensino, extens\u00e3o, inova\u00e7\u00e3o. Vinculada ao Minist\u00e9rio da [&hellip;]\" \/>\n<meta property=\"og:url\" content=\"https:\/\/portalfadesp.org.br\/?p=52832\" \/>\n<meta property=\"og:site_name\" content=\"FADESP\" \/>\n<meta property=\"article:publisher\" content=\"https:\/\/www.facebook.com\/Fadesp-138351949524662\/\" \/>\n<meta property=\"article:published_time\" content=\"2025-12-09T23:54:45+00:00\" \/>\n<meta property=\"article:modified_time\" content=\"2025-12-09T23:54:51+00:00\" \/>\n<meta property=\"og:image\" content=\"https:\/\/portalfadesp.org.br\/wp-content\/uploads\/2025\/12\/Fadesp_EBSERH_feed-1.jpg\" \/>\n\t<meta property=\"og:image:width\" content=\"1080\" \/>\n\t<meta property=\"og:image:height\" content=\"1350\" \/>\n\t<meta property=\"og:image:type\" content=\"image\/jpeg\" \/>\n<meta name=\"author\" content=\"Brena Marques\" \/>\n<meta name=\"twitter:card\" content=\"summary_large_image\" \/>\n<meta name=\"twitter:creator\" content=\"@Fadesp\" \/>\n<meta name=\"twitter:site\" content=\"@Fadesp\" \/>\n<meta name=\"twitter:label1\" content=\"Escrito por\" \/>\n\t<meta name=\"twitter:data1\" content=\"Brena Marques\" \/>\n\t<meta name=\"twitter:label2\" content=\"Est. tempo de leitura\" \/>\n\t<meta name=\"twitter:data2\" content=\"2 minutos\" \/>\n<script type=\"application\/ld+json\" class=\"yoast-schema-graph\">{\"@context\":\"https:\/\/schema.org\",\"@graph\":[{\"@type\":\"Article\",\"@id\":\"https:\/\/portalfadesp.org.br\/?p=52832#article\",\"isPartOf\":{\"@id\":\"https:\/\/portalfadesp.org.br\/?p=52832\"},\"author\":{\"name\":\"Brena Marques\",\"@id\":\"https:\/\/portalfadesp.org.br\/#\/schema\/person\/31709c4c8ec92d6bbdd2c1da60cf8d66\"},\"headline\":\"FADESP se credencia como Funda\u00e7\u00e3o de Apoio da Empresa Brasileira de Servi\u00e7os Hospitalares &#8211; EBSERH.\",\"datePublished\":\"2025-12-09T23:54:45+00:00\",\"dateModified\":\"2025-12-09T23:54:51+00:00\",\"mainEntityOfPage\":{\"@id\":\"https:\/\/portalfadesp.org.br\/?p=52832\"},\"wordCount\":349,\"publisher\":{\"@id\":\"https:\/\/portalfadesp.org.br\/#organization\"},\"image\":{\"@id\":\"https:\/\/portalfadesp.org.br\/?p=52832#primaryimage\"},\"thumbnailUrl\":\"https:\/\/portalfadesp.org.br\/wp-content\/uploads\/2025\/12\/Fadesp_EBSERH_feed-1.jpg\",\"articleSection\":[\"Geral\"],\"inLanguage\":\"pt-BR\"},{\"@type\":\"WebPage\",\"@id\":\"https:\/\/portalfadesp.org.br\/?p=52832\",\"url\":\"https:\/\/portalfadesp.org.br\/?p=52832\",\"name\":\"FADESP se credencia como Funda\u00e7\u00e3o de Apoio da Empresa Brasileira de Servi\u00e7os Hospitalares - EBSERH. - FADESP\",\"isPartOf\":{\"@id\":\"https:\/\/portalfadesp.org.br\/#website\"},\"primaryImageOfPage\":{\"@id\":\"https:\/\/portalfadesp.org.br\/?p=52832#primaryimage\"},\"image\":{\"@id\":\"https:\/\/portalfadesp.org.br\/?p=52832#primaryimage\"},\"thumbnailUrl\":\"https:\/\/portalfadesp.org.br\/wp-content\/uploads\/2025\/12\/Fadesp_EBSERH_feed-1.jpg\",\"datePublished\":\"2025-12-09T23:54:45+00:00\",\"dateModified\":\"2025-12-09T23:54:51+00:00\",\"breadcrumb\":{\"@id\":\"https:\/\/portalfadesp.org.br\/?p=52832#breadcrumb\"},\"inLanguage\":\"pt-BR\",\"potentialAction\":[{\"@type\":\"ReadAction\",\"target\":[\"https:\/\/portalfadesp.org.br\/?p=52832\"]}]},{\"@type\":\"ImageObject\",\"inLanguage\":\"pt-BR\",\"@id\":\"https:\/\/portalfadesp.org.br\/?p=52832#primaryimage\",\"url\":\"https:\/\/portalfadesp.org.br\/wp-content\/uploads\/2025\/12\/Fadesp_EBSERH_feed-1.jpg\",\"contentUrl\":\"https:\/\/portalfadesp.org.br\/wp-content\/uploads\/2025\/12\/Fadesp_EBSERH_feed-1.jpg\",\"width\":1080,\"height\":1350},{\"@type\":\"BreadcrumbList\",\"@id\":\"https:\/\/portalfadesp.org.br\/?p=52832#breadcrumb\",\"itemListElement\":[{\"@type\":\"ListItem\",\"position\":1,\"name\":\"In\u00edcio\",\"item\":\"https:\/\/portalfadesp.org.br\/\"},{\"@type\":\"ListItem\",\"position\":2,\"name\":\"FADESP se credencia como Funda\u00e7\u00e3o de Apoio da Empresa Brasileira de Servi\u00e7os Hospitalares &#8211; EBSERH.\"}]},{\"@type\":\"WebSite\",\"@id\":\"https:\/\/portalfadesp.org.br\/#website\",\"url\":\"https:\/\/portalfadesp.org.br\/\",\"name\":\"FADESP\",\"description\":\"Funda\u00e7\u00e3o de Amparo e Desenvolvimento da Pesquisa\",\"publisher\":{\"@id\":\"https:\/\/portalfadesp.org.br\/#organization\"},\"potentialAction\":[{\"@type\":\"SearchAction\",\"target\":{\"@type\":\"EntryPoint\",\"urlTemplate\":\"https:\/\/portalfadesp.org.br\/?s={search_term_string}\"},\"query-input\":{\"@type\":\"PropertyValueSpecification\",\"valueRequired\":true,\"valueName\":\"search_term_string\"}}],\"inLanguage\":\"pt-BR\"},{\"@type\":\"Organization\",\"@id\":\"https:\/\/portalfadesp.org.br\/#organization\",\"name\":\"FADESP\",\"url\":\"https:\/\/portalfadesp.org.br\/\",\"logo\":{\"@type\":\"ImageObject\",\"inLanguage\":\"pt-BR\",\"@id\":\"https:\/\/portalfadesp.org.br\/#\/schema\/logo\/image\/\",\"url\":\"https:\/\/portalfadesp.org.br\/wp-content\/uploads\/2024\/01\/NOVOLOGOFADESPlaranjaH.png\",\"contentUrl\":\"https:\/\/portalfadesp.org.br\/wp-content\/uploads\/2024\/01\/NOVOLOGOFADESPlaranjaH.png\",\"width\":2742,\"height\":839,\"caption\":\"FADESP\"},\"image\":{\"@id\":\"https:\/\/portalfadesp.org.br\/#\/schema\/logo\/image\/\"},\"sameAs\":[\"https:\/\/www.facebook.com\/Fadesp-138351949524662\/\",\"https:\/\/x.com\/Fadesp\",\"https:\/\/www.instagram.com\/fadesp_ufpa\/\",\"https:\/\/www.youtube.com\/@fundacaodeamparoedesenvolv1903\",\"https:\/\/www.threads.net\/@fadesp_ufpa\"]},{\"@type\":\"Person\",\"@id\":\"https:\/\/portalfadesp.org.br\/#\/schema\/person\/31709c4c8ec92d6bbdd2c1da60cf8d66\",\"name\":\"Brena Marques\",\"image\":{\"@type\":\"ImageObject\",\"inLanguage\":\"pt-BR\",\"@id\":\"https:\/\/portalfadesp.org.br\/#\/schema\/person\/image\/\",\"url\":\"https:\/\/secure.gravatar.com\/avatar\/d8709cd0de324fbec018b6878350216726d26c3436f44ebee8f3db75e29728f3?s=96&d=mm&r=g\",\"contentUrl\":\"https:\/\/secure.gravatar.com\/avatar\/d8709cd0de324fbec018b6878350216726d26c3436f44ebee8f3db75e29728f3?s=96&d=mm&r=g\",\"caption\":\"Brena Marques\"},\"url\":\"https:\/\/portalfadesp.org.br\/?author=12\"}]}<\/script>\n<!-- \/ Yoast SEO plugin. -->","yoast_head_json":{"title":"FADESP se credencia como Funda\u00e7\u00e3o de Apoio da Empresa Brasileira de Servi\u00e7os Hospitalares - EBSERH. - FADESP","robots":{"index":"index","follow":"follow","max-snippet":"max-snippet:-1","max-image-preview":"max-image-preview:large","max-video-preview":"max-video-preview:-1"},"canonical":"https:\/\/portalfadesp.org.br\/?p=52832","og_locale":"pt_BR","og_type":"article","og_title":"FADESP se credencia como Funda\u00e7\u00e3o de Apoio da Empresa Brasileira de Servi\u00e7os Hospitalares - EBSERH. - FADESP","og_description":"A Funda\u00e7\u00e3o de Amparo e Desenvolvimento da Pesquisa (FADESP) se credencia como Funda\u00e7\u00e3o de Apoio da Empresa Brasileira de Servi\u00e7os Hospitalares (EBSERH) para atua\u00e7\u00e3o junto aos hospitais universit\u00e1rios da Universidade Federal do Par\u00e1 (UFPA). Com isso, a Funda\u00e7\u00e3o amplia sua atua\u00e7\u00e3o na gest\u00e3o de projetos voltados \u00e0 pesquisa, ensino, extens\u00e3o, inova\u00e7\u00e3o. Vinculada ao Minist\u00e9rio da [&hellip;]","og_url":"https:\/\/portalfadesp.org.br\/?p=52832","og_site_name":"FADESP","article_publisher":"https:\/\/www.facebook.com\/Fadesp-138351949524662\/","article_published_time":"2025-12-09T23:54:45+00:00","article_modified_time":"2025-12-09T23:54:51+00:00","og_image":[{"width":1080,"height":1350,"url":"https:\/\/portalfadesp.org.br\/wp-content\/uploads\/2025\/12\/Fadesp_EBSERH_feed-1.jpg","type":"image\/jpeg"}],"author":"Brena Marques","twitter_card":"summary_large_image","twitter_creator":"@Fadesp","twitter_site":"@Fadesp","twitter_misc":{"Escrito por":"Brena Marques","Est. tempo de leitura":"2 minutos"},"schema":{"@context":"https:\/\/schema.org","@graph":[{"@type":"Article","@id":"https:\/\/portalfadesp.org.br\/?p=52832#article","isPartOf":{"@id":"https:\/\/portalfadesp.org.br\/?p=52832"},"author":{"name":"Brena Marques","@id":"https:\/\/portalfadesp.org.br\/#\/schema\/person\/31709c4c8ec92d6bbdd2c1da60cf8d66"},"headline":"FADESP se credencia como Funda\u00e7\u00e3o de Apoio da Empresa Brasileira de Servi\u00e7os Hospitalares &#8211; EBSERH.","datePublished":"2025-12-09T23:54:45+00:00","dateModified":"2025-12-09T23:54:51+00:00","mainEntityOfPage":{"@id":"https:\/\/portalfadesp.org.br\/?p=52832"},"wordCount":349,"publisher":{"@id":"https:\/\/portalfadesp.org.br\/#organization"},"image":{"@id":"https:\/\/portalfadesp.org.br\/?p=52832#primaryimage"},"thumbnailUrl":"https:\/\/portalfadesp.org.br\/wp-content\/uploads\/2025\/12\/Fadesp_EBSERH_feed-1.jpg","articleSection":["Geral"],"inLanguage":"pt-BR"},{"@type":"WebPage","@id":"https:\/\/portalfadesp.org.br\/?p=52832","url":"https:\/\/portalfadesp.org.br\/?p=52832","name":"FADESP se credencia como Funda\u00e7\u00e3o de Apoio da Empresa Brasileira de Servi\u00e7os Hospitalares - EBSERH. - FADESP","isPartOf":{"@id":"https:\/\/portalfadesp.org.br\/#website"},"primaryImageOfPage":{"@id":"https:\/\/portalfadesp.org.br\/?p=52832#primaryimage"},"image":{"@id":"https:\/\/portalfadesp.org.br\/?p=52832#primaryimage"},"thumbnailUrl":"https:\/\/portalfadesp.org.br\/wp-content\/uploads\/2025\/12\/Fadesp_EBSERH_feed-1.jpg","datePublished":"2025-12-09T23:54:45+00:00","dateModified":"2025-12-09T23:54:51+00:00","breadcrumb":{"@id":"https:\/\/portalfadesp.org.br\/?p=52832#breadcrumb"},"inLanguage":"pt-BR","potentialAction":[{"@type":"ReadAction","target":["https:\/\/portalfadesp.org.br\/?p=52832"]}]},{"@type":"ImageObject","inLanguage":"pt-BR","@id":"https:\/\/portalfadesp.org.br\/?p=52832#primaryimage","url":"https:\/\/portalfadesp.org.br\/wp-content\/uploads\/2025\/12\/Fadesp_EBSERH_feed-1.jpg","contentUrl":"https:\/\/portalfadesp.org.br\/wp-content\/uploads\/2025\/12\/Fadesp_EBSERH_feed-1.jpg","width":1080,"height":1350},{"@type":"BreadcrumbList","@id":"https:\/\/portalfadesp.org.br\/?p=52832#breadcrumb","itemListElement":[{"@type":"ListItem","position":1,"name":"In\u00edcio","item":"https:\/\/portalfadesp.org.br\/"},{"@type":"ListItem","position":2,"name":"FADESP se credencia como Funda\u00e7\u00e3o de Apoio da Empresa Brasileira de Servi\u00e7os Hospitalares &#8211; EBSERH."}]},{"@type":"WebSite","@id":"https:\/\/portalfadesp.org.br\/#website","url":"https:\/\/portalfadesp.org.br\/","name":"FADESP","description":"Funda\u00e7\u00e3o de Amparo e Desenvolvimento da Pesquisa","publisher":{"@id":"https:\/\/portalfadesp.org.br\/#organization"},"potentialAction":[{"@type":"SearchAction","target":{"@type":"EntryPoint","urlTemplate":"https:\/\/portalfadesp.org.br\/?s={search_term_string}"},"query-input":{"@type":"PropertyValueSpecification","valueRequired":true,"valueName":"search_term_string"}}],"inLanguage":"pt-BR"},{"@type":"Organization","@id":"https:\/\/portalfadesp.org.br\/#organization","name":"FADESP","url":"https:\/\/portalfadesp.org.br\/","logo":{"@type":"ImageObject","inLanguage":"pt-BR","@id":"https:\/\/portalfadesp.org.br\/#\/schema\/logo\/image\/","url":"https:\/\/portalfadesp.org.br\/wp-content\/uploads\/2024\/01\/NOVOLOGOFADESPlaranjaH.png","contentUrl":"https:\/\/portalfadesp.org.br\/wp-content\/uploads\/2024\/01\/NOVOLOGOFADESPlaranjaH.png","width":2742,"height":839,"caption":"FADESP"},"image":{"@id":"https:\/\/portalfadesp.org.br\/#\/schema\/logo\/image\/"},"sameAs":["https:\/\/www.facebook.com\/Fadesp-138351949524662\/","https:\/\/x.com\/Fadesp","https:\/\/www.instagram.com\/fadesp_ufpa\/","https:\/\/www.youtube.com\/@fundacaodeamparoedesenvolv1903","https:\/\/www.threads.net\/@fadesp_ufpa"]},{"@type":"Person","@id":"https:\/\/portalfadesp.org.br\/#\/schema\/person\/31709c4c8ec92d6bbdd2c1da60cf8d66","name":"Brena Marques","image":{"@type":"ImageObject","inLanguage":"pt-BR","@id":"https:\/\/portalfadesp.org.br\/#\/schema\/person\/image\/","url":"https:\/\/secure.gravatar.com\/avatar\/d8709cd0de324fbec018b6878350216726d26c3436f44ebee8f3db75e29728f3?s=96&d=mm&r=g","contentUrl":"https:\/\/secure.gravatar.com\/avatar\/d8709cd0de324fbec018b6878350216726d26c3436f44ebee8f3db75e29728f3?s=96&d=mm&r=g","caption":"Brena Marques"},"url":"https:\/\/portalfadesp.org.br\/?author=12"}]}},"_links":{"self":[{"href":"https:\/\/portalfadesp.org.br\/index.php?rest_route=\/wp\/v2\/posts\/52832","targetHints":{"allow":["GET"]}}],"collection":[{"href":"https:\/\/portalfadesp.org.br\/index.php?rest_route=\/wp\/v2\/posts"}],"about":[{"href":"https:\/\/portalfadesp.org.br\/index.php?rest_route=\/wp\/v2\/types\/post"}],"author":[{"embeddable":true,"href":"https:\/\/portalfadesp.org.br\/index.php?rest_route=\/wp\/v2\/users\/12"}],"replies":[{"embeddable":true,"href":"https:\/\/portalfadesp.org.br\/index.php?rest_route=%2Fwp%2Fv2%2Fcomments&post=52832"}],"version-history":[{"count":1,"href":"https:\/\/portalfadesp.org.br\/index.php?rest_route=\/wp\/v2\/posts\/52832\/revisions"}],"predecessor-version":[{"id":52836,"href":"https:\/\/portalfadesp.org.br\/index.php?rest_route=\/wp\/v2\/posts\/52832\/revisions\/52836"}],"wp:featuredmedia":[{"embeddable":true,"href":"https:\/\/portalfadesp.org.br\/index.php?rest_route=\/wp\/v2\/media\/52834"}],"wp:attachment":[{"href":"https:\/\/portalfadesp.org.br\/index.php?rest_route=%2Fwp%2Fv2%2Fmedia&parent=52832"}],"wp:term":[{"taxonomy":"category","embeddable":true,"href":"https:\/\/portalfadesp.org.br\/index.php?rest_route=%2Fwp%2Fv2%2Fcategories&post=52832"},{"taxonomy":"post_tag","embeddable":true,"href":"https:\/\/portalfadesp.org.br\/index.php?rest_route=%2Fwp%2Fv2%2Ftags&post=52832"}],"curies":[{"name":"wp","href":"https:\/\/api.w.org\/{rel}","templated":true}]}}