{"id":52638,"date":"2025-11-19T18:43:31","date_gmt":"2025-11-19T21:43:31","guid":{"rendered":"https:\/\/portalfadesp.org.br\/?p=52638"},"modified":"2025-11-19T18:43:37","modified_gmt":"2025-11-19T21:43:37","slug":"fadesp-celebra-48-anos-com-evento-no-barco-obra-da-bienal-das-amazonias-e-destaca-expansao-e-papel-estrategico-na-ciencia-da-regiao","status":"publish","type":"post","link":"https:\/\/portalfadesp.org.br\/?p=52638","title":{"rendered":"FADESP celebra 48 anos com evento no barco-obra da Bienal das Amaz\u00f4nias e destaca expans\u00e3o e papel estrat\u00e9gico na ci\u00eancia da regi\u00e3o"},"content":{"rendered":"\n<p>A Funda\u00e7\u00e3o de Amparo e Desenvolvimento da Pesquisa (FADESP) celebrou, na noite desta ter\u00e7a-feira, 18 de novembro, seus 48 anos de atua\u00e7\u00e3o em um evento marcado por reconhecimento, hist\u00f3ria e compromisso com o futuro da ci\u00eancia na Amaz\u00f4nia. A celebra\u00e7\u00e3o ocorreu no barco-obra da Bienal das Amaz\u00f4nias Sobre as \u00c1guas, ancorado na orla da UFPA, reunindo professores, reitores, gestores p\u00fablicos, artistas e colaboradores da institui\u00e7\u00e3o.<\/p>\n\n\n\n<figure class=\"wp-block-image size-large\"><img fetchpriority=\"high\" decoding=\"async\" width=\"1024\" height=\"683\" src=\"https:\/\/portalfadesp.org.br\/wp-content\/uploads\/2025\/11\/ARY0123-1024x683.jpg\" alt=\"\" class=\"wp-image-52640\" srcset=\"https:\/\/portalfadesp.org.br\/wp-content\/uploads\/2025\/11\/ARY0123-1024x683.jpg 1024w, https:\/\/portalfadesp.org.br\/wp-content\/uploads\/2025\/11\/ARY0123-300x200.jpg 300w, https:\/\/portalfadesp.org.br\/wp-content\/uploads\/2025\/11\/ARY0123-768x512.jpg 768w, https:\/\/portalfadesp.org.br\/wp-content\/uploads\/2025\/11\/ARY0123-1536x1024.jpg 1536w, https:\/\/portalfadesp.org.br\/wp-content\/uploads\/2025\/11\/ARY0123.jpg 2048w\" sizes=\"(max-width: 1024px) 100vw, 1024px\" \/><figcaption class=\"wp-element-caption\">Palco Motir\u00f5 FADESP \/ Foto: Aryanne Almeida<\/figcaption><\/figure>\n\n\n\n<p>Na abertura da cerim\u00f4nia, o diretor executivo da FADESP, Roberto Ferraz Barreto, ressaltou a import\u00e2ncia da data e o caminho percorrido pela Funda\u00e7\u00e3o desde sua cria\u00e7\u00e3o, em 1977:<\/p>\n\n\n\n<p><strong>\u201cA FADESP \u00e9 uma Funda\u00e7\u00e3o que tem como foco principal valorizar o que desenvolvemos aqui na Amaz\u00f4nia, para n\u00f3s mesmos e para o mundo. Sempre apoiamos os grandes projetos e as parcerias que est\u00e3o ao nosso alcance. Somos uma institui\u00e7\u00e3o que cresceu muito nos \u00faltimos anos e que se consolida, cada vez mais, como refer\u00eancia. Hoje, n\u00e3o existe institui\u00e7\u00e3o de ensino superior que sobreviva sem uma funda\u00e7\u00e3o de apoio.\u201d<\/strong><\/p>\n\n\n\n<p>Barreto tamb\u00e9m enfatizou a resili\u00eancia institucional ao longo de d\u00e9cadas:<\/p>\n\n\n\n<p><strong>\u201c\u00c9 muito importante, nos 48 anos da FADESP, celebrar a capacidade de atravessar turbul\u00eancias, mudan\u00e7as de conjunturas e planos de governo. Chegamos at\u00e9 aqui de forma saud\u00e1vel e respeitada pela comunidade cient\u00edfica, cumprindo nossa miss\u00e3o de apoiar as institui\u00e7\u00f5es p\u00fablicas e federais do estado.\u201d<\/strong><\/p>\n\n\n\n<figure class=\"wp-block-image size-large\"><img decoding=\"async\" width=\"1024\" height=\"683\" src=\"https:\/\/portalfadesp.org.br\/wp-content\/uploads\/2025\/11\/ARY9464-1-1024x683.jpg\" alt=\"\" class=\"wp-image-52641\" srcset=\"https:\/\/portalfadesp.org.br\/wp-content\/uploads\/2025\/11\/ARY9464-1-1024x683.jpg 1024w, https:\/\/portalfadesp.org.br\/wp-content\/uploads\/2025\/11\/ARY9464-1-300x200.jpg 300w, https:\/\/portalfadesp.org.br\/wp-content\/uploads\/2025\/11\/ARY9464-1-768x512.jpg 768w, https:\/\/portalfadesp.org.br\/wp-content\/uploads\/2025\/11\/ARY9464-1-1536x1024.jpg 1536w, https:\/\/portalfadesp.org.br\/wp-content\/uploads\/2025\/11\/ARY9464-1.jpg 2048w\" sizes=\"(max-width: 1024px) 100vw, 1024px\" \/><figcaption class=\"wp-element-caption\">Diretor Executivo da FADESP, Roberto Ferraz Barreto e o Reitor da UFPA, Gilmar Pereira. \/  Foto: Aryanne Almeida<\/figcaption><\/figure>\n\n\n\n<p>Atualmente, A FADESP atua na gest\u00e3o de projetos de pesquisa, ensino, extens\u00e3o e inova\u00e7\u00e3o do Centro Gestor e Operacional do Sistema de Prote\u00e7\u00e3o da Amaz\u00f4nia (CENSIPAM), Empresa Brasileira de Pesquisa Agropecu\u00e1ria (EMBRAPA), Instituto Chico Mendes de Conserva\u00e7\u00e3o da Biodiversidade (ICMBio), Instituto Evandro Chagas (IEC), Instituto Federal do Par\u00e1 (IFPA), Instituto Nacional de Pesquisas da Amaz\u00f4nia (INPA), Museu Paraense Em\u00edlio Goeldi (MPEG), Universidade Federal do Oeste do Par\u00e1 (UFOPA), Universidade Federal do Par\u00e1 (UFPA), Universidade Federal do Sul e Sudeste do Par\u00e1 (UNIFESSPA), e a Universidade Federal Rural da Amaz\u00f4nia (UFRA). , ampliando sua capilaridade e fortalecendo o sistema de ci\u00eancia, tecnologia e inova\u00e7\u00e3o da regi\u00e3o.<br>O diretor finalizou destacando o papel essencial da equipe: <strong>\u201cN\u00e3o existe FADESP sem os colaboradores. Este anivers\u00e1rio \u00e9 de todos n\u00f3s.\u201d<\/strong><\/p>\n\n\n\n<p>O evento tamb\u00e9m contou com a participa\u00e7\u00e3o do reitor da UFPA,<strong>Gilmar Pereira da Silva<\/strong><strong>;<\/strong> do reitor da Universidade Federal de Roraima e presidente da Associa\u00e7\u00e3o Nacional dos Dirigentes das Institui\u00e7\u00f5es Federais de Ensino Superior (Andifes), <strong>Jos\u00e9 Geraldo Ticianeli<\/strong><strong>; <\/strong>da presidente do Centro Cultural Bienal das Amaz\u00f4nias, <strong>L\u00edvia Condur\u00fa<\/strong><strong>; <\/strong>e da secret\u00e1ria de Cultura do Estado do Par\u00e1, <strong>\u00darsula Vidal<\/strong><strong>.<\/strong> As autoridades destacaram a import\u00e2ncia da Funda\u00e7\u00e3o para o desenvolvimento acad\u00eamico, cultural e cient\u00edfico da regi\u00e3o.<\/p>\n\n\n\n<p>O reitor da UFPA, Gilmar Pereira da Silva, celebrou a trajet\u00f3ria da institui\u00e7\u00e3o:<br><strong>\u201cQue alegria poder falar da FADESP, a nossa funda\u00e7\u00e3o de apoio \u00e0s pesquisas na universidade. Uma institui\u00e7\u00e3o fazendo 48 anos que tem papel importante no fazer pesquisa na UFPA, porque trabalha no gerenciamento dos financiamentos captados pelos pesquisadores e atua nos projetos de extens\u00e3o. \u00c9 uma funda\u00e7\u00e3o extraordin\u00e1ria, \u00e0 qual desejo muitos anos com muita subst\u00e2ncia na defesa da pesquisa e da Amaz\u00f4nia. \u00c9 uma alegria festejar esses 48 anos no barco da Bienal das Amaz\u00f4nias, num momento t\u00e3o importante.\u201d<\/strong><\/p>\n\n\n\n<p>A presidente da Bienal das Amaz\u00f4nias, <strong>L\u00edvia Condur\u00fa<\/strong>, refor\u00e7ou a import\u00e2ncia de uma Funda\u00e7\u00e3o de fomento em um territ\u00f3rio t\u00e3o singular:<br><strong>\u201cTemos muito a comemorar com a FADESP, porque \u00e9 para poucos ter, num territ\u00f3rio t\u00e3o vasto como a Amaz\u00f4nia, uma funda\u00e7\u00e3o de amparo e pesquisa, sobretudo agora, na COP, quando tanto se fala sobre a Amaz\u00f4nia, mas t\u00e3o poucos amaz\u00f4nidas falam sobre amaz\u00f4nidas. Quantas pessoas falam de n\u00f3s sem nos consultar? Sa\u00fado a FADESP porque ela possibilita que pesquisadores e pessoas que pensam cultura e ci\u00eancia possam desenvolver seus projetos.\u201d<\/strong><\/p>\n\n\n\n<p><strong><mark style=\"background-color:rgba(0, 0, 0, 0)\" class=\"has-inline-color has-luminous-vivid-orange-color\">Tradi\u00e7\u00e3o: lan\u00e7amento da Agenda e Calend\u00e1rio FADESP 2026<\/mark><\/strong><\/p>\n\n\n\n<figure class=\"wp-block-image size-large\"><img decoding=\"async\" width=\"683\" height=\"1024\" src=\"https:\/\/portalfadesp.org.br\/wp-content\/uploads\/2025\/11\/ARY9198-683x1024.jpg\" alt=\"\" class=\"wp-image-52642\" srcset=\"https:\/\/portalfadesp.org.br\/wp-content\/uploads\/2025\/11\/ARY9198-683x1024.jpg 683w, https:\/\/portalfadesp.org.br\/wp-content\/uploads\/2025\/11\/ARY9198-200x300.jpg 200w, https:\/\/portalfadesp.org.br\/wp-content\/uploads\/2025\/11\/ARY9198-768x1152.jpg 768w, https:\/\/portalfadesp.org.br\/wp-content\/uploads\/2025\/11\/ARY9198-1024x1536.jpg 1024w, https:\/\/portalfadesp.org.br\/wp-content\/uploads\/2025\/11\/ARY9198.jpg 1365w\" sizes=\"(max-width: 683px) 100vw, 683px\" \/><figcaption class=\"wp-element-caption\">Artista visual, Yan Bentes, criador da agenda e calend\u00e1rio FADESP 2026 \/  Foto: Aryanne Almeida<\/figcaption><\/figure>\n\n\n\n<p>Como parte da programa\u00e7\u00e3o do anivers\u00e1rio, foi lan\u00e7ada a nova Agenda e Calend\u00e1rio FADESP, uma tradi\u00e7\u00e3o anual que reafirma o compromisso da Funda\u00e7\u00e3o com a valoriza\u00e7\u00e3o da arte e da produ\u00e7\u00e3o cultural amaz\u00f4nica. A cada edi\u00e7\u00e3o, um artista da regi\u00e3o \u00e9 convidado para criar uma obra original que represente a identidade, a sensibilidade e o territ\u00f3rio amaz\u00f4nico.<\/p>\n\n\n\n<p>Para 2026, a cria\u00e7\u00e3o ficou a cargo do artista visual Yan Bentes, natural de Juruti, no oeste do Par\u00e1. Yan apresentou uma obra inspirada nas constela\u00e7\u00f5es Tupi-Guarani, s\u00edmbolos ancestrais que orientam o tempo e revelam, no c\u00e9u, hist\u00f3rias, rituais e ciclos da natureza.<\/p>\n\n\n\n<p>A ilustra\u00e7\u00e3o traz Nhandecy, a M\u00e3e Divina Guarani, como regente do universo, tecendo os fios da vida e da cultura. Ao seu redor brilham constela\u00e7\u00f5es como a Anta do Norte, a Ema, o Homem Velho e o Veado, que, segundo as tradi\u00e7\u00f5es ind\u00edgenas, marcam o ritmo das esta\u00e7\u00f5es, da colheita, das \u00e1guas e do clima.<\/p>\n\n\n\n<p>Yan descreve o sentimento que guiou sua cria\u00e7\u00e3o:<br><strong>\u201cConstru\u00ed essa arte com muito amor e com muito respeito, porque, como aprendi na minha cidade, a gente tem que respeitar os povos que estiveram ali antes da gente. \u00c9 importante que a gente possa ouvir quem sempre esteve aqui e cuida da natureza da melhor forma.\u201d<\/strong><\/p>\n\n\n\n<p>Ele tamb\u00e9m refor\u00e7a o simbolismo do c\u00e9u na mem\u00f3ria amaz\u00f4nica:<br><strong>\u201cO c\u00e9u \u00e9 um grande museu de todos n\u00f3s. Ele nos conta hist\u00f3rias e \u00e9 uma testemunha ancestral de nossas mem\u00f3rias.\u201d<\/strong><\/p>\n\n\n\n<p>A FADESP mant\u00e9m, assim, sua tradi\u00e7\u00e3o de integrar arte, ci\u00eancia e Amaz\u00f4nia em uma publica\u00e7\u00e3o anual que j\u00e1 se tornou refer\u00eancia entre pesquisadores, parceiros e colaboradores.<\/p>\n\n\n\n<figure class=\"wp-block-image size-large\"><img loading=\"lazy\" decoding=\"async\" width=\"683\" height=\"1024\" src=\"https:\/\/portalfadesp.org.br\/wp-content\/uploads\/2025\/11\/ARY9201-683x1024.jpg\" alt=\"\" class=\"wp-image-52643\" srcset=\"https:\/\/portalfadesp.org.br\/wp-content\/uploads\/2025\/11\/ARY9201-683x1024.jpg 683w, https:\/\/portalfadesp.org.br\/wp-content\/uploads\/2025\/11\/ARY9201-200x300.jpg 200w, https:\/\/portalfadesp.org.br\/wp-content\/uploads\/2025\/11\/ARY9201-768x1152.jpg 768w, https:\/\/portalfadesp.org.br\/wp-content\/uploads\/2025\/11\/ARY9201-1024x1536.jpg 1024w, https:\/\/portalfadesp.org.br\/wp-content\/uploads\/2025\/11\/ARY9201.jpg 1365w\" sizes=\"(max-width: 683px) 100vw, 683px\" \/><\/figure>\n\n\n\n<p><strong><mark style=\"background-color:rgba(0, 0, 0, 0)\" class=\"has-inline-color has-luminous-vivid-orange-color\">48 anos de compromisso com a ci\u00eancia na Amaz\u00f4nia<\/mark><\/strong><\/p>\n\n\n\n<p>Criada oficialmente em 18 de novembro de 1977, a FADESP nasceu da iniciativa da Universidade Federal do Par\u00e1 para fortalecer a pesquisa cient\u00edfica e ampliar o alcance das a\u00e7\u00f5es acad\u00eamicas. Desde ent\u00e3o, tornou-se uma das institui\u00e7\u00f5es mais estrat\u00e9gicas para o desenvolvimento cient\u00edfico, tecnol\u00f3gico e cultural da regi\u00e3o.<\/p>\n\n\n\n<p>Quase meio s\u00e9culo depois, a Funda\u00e7\u00e3o celebra sua trajet\u00f3ria reafirmando o compromisso que a guia desde o in\u00edcio: apoiar, incentivar e fortalecer a produ\u00e7\u00e3o de conhecimento que transforma a Amaz\u00f4nia.<\/p>\n\n\n\n<p><\/p>\n\n\n\n<figure class=\"wp-block-gallery has-nested-images columns-default is-cropped wp-block-gallery-1 is-layout-flex wp-block-gallery-is-layout-flex\">\n<figure class=\"wp-block-image size-large\"><img loading=\"lazy\" decoding=\"async\" width=\"1024\" height=\"683\" data-id=\"52648\" src=\"https:\/\/portalfadesp.org.br\/wp-content\/uploads\/2025\/11\/ARY9160-1024x683.jpg\" alt=\"\" class=\"wp-image-52648\" srcset=\"https:\/\/portalfadesp.org.br\/wp-content\/uploads\/2025\/11\/ARY9160-1024x683.jpg 1024w, https:\/\/portalfadesp.org.br\/wp-content\/uploads\/2025\/11\/ARY9160-300x200.jpg 300w, https:\/\/portalfadesp.org.br\/wp-content\/uploads\/2025\/11\/ARY9160-768x512.jpg 768w, https:\/\/portalfadesp.org.br\/wp-content\/uploads\/2025\/11\/ARY9160-1536x1024.jpg 1536w, https:\/\/portalfadesp.org.br\/wp-content\/uploads\/2025\/11\/ARY9160.jpg 2048w\" sizes=\"(max-width: 1024px) 100vw, 1024px\" \/><\/figure>\n\n\n\n<figure class=\"wp-block-image size-large\"><img loading=\"lazy\" decoding=\"async\" width=\"1024\" height=\"683\" data-id=\"52644\" src=\"https:\/\/portalfadesp.org.br\/wp-content\/uploads\/2025\/11\/ARY9481-1024x683.jpg\" alt=\"\" class=\"wp-image-52644\" srcset=\"https:\/\/portalfadesp.org.br\/wp-content\/uploads\/2025\/11\/ARY9481-1024x683.jpg 1024w, https:\/\/portalfadesp.org.br\/wp-content\/uploads\/2025\/11\/ARY9481-300x200.jpg 300w, https:\/\/portalfadesp.org.br\/wp-content\/uploads\/2025\/11\/ARY9481-768x512.jpg 768w, https:\/\/portalfadesp.org.br\/wp-content\/uploads\/2025\/11\/ARY9481-1536x1024.jpg 1536w, https:\/\/portalfadesp.org.br\/wp-content\/uploads\/2025\/11\/ARY9481.jpg 2048w\" sizes=\"(max-width: 1024px) 100vw, 1024px\" \/><\/figure>\n\n\n\n<figure class=\"wp-block-image size-large\"><img loading=\"lazy\" decoding=\"async\" width=\"1024\" height=\"683\" data-id=\"52658\" src=\"https:\/\/portalfadesp.org.br\/wp-content\/uploads\/2025\/11\/ARY9414-1-1024x683.jpg\" alt=\"\" class=\"wp-image-52658\" srcset=\"https:\/\/portalfadesp.org.br\/wp-content\/uploads\/2025\/11\/ARY9414-1-1024x683.jpg 1024w, https:\/\/portalfadesp.org.br\/wp-content\/uploads\/2025\/11\/ARY9414-1-300x200.jpg 300w, https:\/\/portalfadesp.org.br\/wp-content\/uploads\/2025\/11\/ARY9414-1-768x512.jpg 768w, https:\/\/portalfadesp.org.br\/wp-content\/uploads\/2025\/11\/ARY9414-1-1536x1024.jpg 1536w, https:\/\/portalfadesp.org.br\/wp-content\/uploads\/2025\/11\/ARY9414-1.jpg 2048w\" sizes=\"(max-width: 1024px) 100vw, 1024px\" \/><\/figure>\n\n\n\n<figure class=\"wp-block-image size-large\"><img loading=\"lazy\" decoding=\"async\" width=\"1024\" height=\"683\" data-id=\"52646\" src=\"https:\/\/portalfadesp.org.br\/wp-content\/uploads\/2025\/11\/ARY9462-1024x683.jpg\" alt=\"\" class=\"wp-image-52646\" srcset=\"https:\/\/portalfadesp.org.br\/wp-content\/uploads\/2025\/11\/ARY9462-1024x683.jpg 1024w, https:\/\/portalfadesp.org.br\/wp-content\/uploads\/2025\/11\/ARY9462-300x200.jpg 300w, https:\/\/portalfadesp.org.br\/wp-content\/uploads\/2025\/11\/ARY9462-768x512.jpg 768w, https:\/\/portalfadesp.org.br\/wp-content\/uploads\/2025\/11\/ARY9462-1536x1024.jpg 1536w, https:\/\/portalfadesp.org.br\/wp-content\/uploads\/2025\/11\/ARY9462.jpg 2048w\" sizes=\"(max-width: 1024px) 100vw, 1024px\" \/><\/figure>\n\n\n\n<figure class=\"wp-block-image size-large\"><img loading=\"lazy\" decoding=\"async\" width=\"1024\" height=\"683\" data-id=\"52656\" src=\"https:\/\/portalfadesp.org.br\/wp-content\/uploads\/2025\/11\/ARY0220-1024x683.jpg\" alt=\"\" class=\"wp-image-52656\" srcset=\"https:\/\/portalfadesp.org.br\/wp-content\/uploads\/2025\/11\/ARY0220-1024x683.jpg 1024w, https:\/\/portalfadesp.org.br\/wp-content\/uploads\/2025\/11\/ARY0220-300x200.jpg 300w, https:\/\/portalfadesp.org.br\/wp-content\/uploads\/2025\/11\/ARY0220-768x512.jpg 768w, https:\/\/portalfadesp.org.br\/wp-content\/uploads\/2025\/11\/ARY0220-1536x1024.jpg 1536w, https:\/\/portalfadesp.org.br\/wp-content\/uploads\/2025\/11\/ARY0220.jpg 2048w\" sizes=\"(max-width: 1024px) 100vw, 1024px\" \/><\/figure>\n\n\n\n<figure class=\"wp-block-image size-large\"><img loading=\"lazy\" decoding=\"async\" width=\"1024\" height=\"683\" data-id=\"52647\" src=\"https:\/\/portalfadesp.org.br\/wp-content\/uploads\/2025\/11\/ARY9562-1024x683.jpg\" alt=\"\" class=\"wp-image-52647\" srcset=\"https:\/\/portalfadesp.org.br\/wp-content\/uploads\/2025\/11\/ARY9562-1024x683.jpg 1024w, https:\/\/portalfadesp.org.br\/wp-content\/uploads\/2025\/11\/ARY9562-300x200.jpg 300w, https:\/\/portalfadesp.org.br\/wp-content\/uploads\/2025\/11\/ARY9562-768x512.jpg 768w, https:\/\/portalfadesp.org.br\/wp-content\/uploads\/2025\/11\/ARY9562-1536x1024.jpg 1536w, https:\/\/portalfadesp.org.br\/wp-content\/uploads\/2025\/11\/ARY9562.jpg 2048w\" sizes=\"(max-width: 1024px) 100vw, 1024px\" \/><\/figure>\n\n\n\n<figure class=\"wp-block-image size-large\"><img loading=\"lazy\" decoding=\"async\" width=\"1024\" height=\"683\" data-id=\"52645\" src=\"https:\/\/portalfadesp.org.br\/wp-content\/uploads\/2025\/11\/ARY9464-1-1-1024x683.jpg\" alt=\"\" class=\"wp-image-52645\" srcset=\"https:\/\/portalfadesp.org.br\/wp-content\/uploads\/2025\/11\/ARY9464-1-1-1024x683.jpg 1024w, https:\/\/portalfadesp.org.br\/wp-content\/uploads\/2025\/11\/ARY9464-1-1-300x200.jpg 300w, https:\/\/portalfadesp.org.br\/wp-content\/uploads\/2025\/11\/ARY9464-1-1-768x512.jpg 768w, https:\/\/portalfadesp.org.br\/wp-content\/uploads\/2025\/11\/ARY9464-1-1-1536x1024.jpg 1536w, https:\/\/portalfadesp.org.br\/wp-content\/uploads\/2025\/11\/ARY9464-1-1.jpg 2048w\" sizes=\"(max-width: 1024px) 100vw, 1024px\" \/><\/figure>\n\n\n\n<figure class=\"wp-block-image size-large\"><img loading=\"lazy\" decoding=\"async\" width=\"1024\" height=\"683\" data-id=\"52649\" src=\"https:\/\/portalfadesp.org.br\/wp-content\/uploads\/2025\/11\/ARY0123-1-1024x683.jpg\" alt=\"\" class=\"wp-image-52649\" srcset=\"https:\/\/portalfadesp.org.br\/wp-content\/uploads\/2025\/11\/ARY0123-1-1024x683.jpg 1024w, https:\/\/portalfadesp.org.br\/wp-content\/uploads\/2025\/11\/ARY0123-1-300x200.jpg 300w, https:\/\/portalfadesp.org.br\/wp-content\/uploads\/2025\/11\/ARY0123-1-768x512.jpg 768w, https:\/\/portalfadesp.org.br\/wp-content\/uploads\/2025\/11\/ARY0123-1-1536x1024.jpg 1536w, https:\/\/portalfadesp.org.br\/wp-content\/uploads\/2025\/11\/ARY0123-1.jpg 2048w\" sizes=\"(max-width: 1024px) 100vw, 1024px\" \/><\/figure>\n\n\n\n<figure class=\"wp-block-image size-large\"><img loading=\"lazy\" decoding=\"async\" width=\"1024\" height=\"683\" data-id=\"52650\" src=\"https:\/\/portalfadesp.org.br\/wp-content\/uploads\/2025\/11\/ARY0368-1-1024x683.jpg\" alt=\"\" class=\"wp-image-52650\" srcset=\"https:\/\/portalfadesp.org.br\/wp-content\/uploads\/2025\/11\/ARY0368-1-1024x683.jpg 1024w, https:\/\/portalfadesp.org.br\/wp-content\/uploads\/2025\/11\/ARY0368-1-300x200.jpg 300w, https:\/\/portalfadesp.org.br\/wp-content\/uploads\/2025\/11\/ARY0368-1-768x512.jpg 768w, https:\/\/portalfadesp.org.br\/wp-content\/uploads\/2025\/11\/ARY0368-1-1536x1024.jpg 1536w, https:\/\/portalfadesp.org.br\/wp-content\/uploads\/2025\/11\/ARY0368-1.jpg 2048w\" sizes=\"(max-width: 1024px) 100vw, 1024px\" \/><\/figure>\n\n\n\n<figure class=\"wp-block-image size-large\"><img loading=\"lazy\" decoding=\"async\" width=\"1024\" height=\"683\" data-id=\"52657\" src=\"https:\/\/portalfadesp.org.br\/wp-content\/uploads\/2025\/11\/ARY9820-1024x683.jpg\" alt=\"\" class=\"wp-image-52657\" srcset=\"https:\/\/portalfadesp.org.br\/wp-content\/uploads\/2025\/11\/ARY9820-1024x683.jpg 1024w, https:\/\/portalfadesp.org.br\/wp-content\/uploads\/2025\/11\/ARY9820-300x200.jpg 300w, https:\/\/portalfadesp.org.br\/wp-content\/uploads\/2025\/11\/ARY9820-768x512.jpg 768w, https:\/\/portalfadesp.org.br\/wp-content\/uploads\/2025\/11\/ARY9820-1536x1024.jpg 1536w, https:\/\/portalfadesp.org.br\/wp-content\/uploads\/2025\/11\/ARY9820.jpg 2048w\" sizes=\"(max-width: 1024px) 100vw, 1024px\" \/><\/figure>\n\n\n\n<figure class=\"wp-block-image size-large\"><img loading=\"lazy\" decoding=\"async\" width=\"1024\" height=\"683\" data-id=\"52651\" src=\"https:\/\/portalfadesp.org.br\/wp-content\/uploads\/2025\/11\/ARY9732-1024x683.jpg\" alt=\"\" class=\"wp-image-52651\" srcset=\"https:\/\/portalfadesp.org.br\/wp-content\/uploads\/2025\/11\/ARY9732-1024x683.jpg 1024w, https:\/\/portalfadesp.org.br\/wp-content\/uploads\/2025\/11\/ARY9732-300x200.jpg 300w, https:\/\/portalfadesp.org.br\/wp-content\/uploads\/2025\/11\/ARY9732-768x512.jpg 768w, https:\/\/portalfadesp.org.br\/wp-content\/uploads\/2025\/11\/ARY9732-1536x1024.jpg 1536w, https:\/\/portalfadesp.org.br\/wp-content\/uploads\/2025\/11\/ARY9732.jpg 2048w\" sizes=\"(max-width: 1024px) 100vw, 1024px\" \/><\/figure>\n\n\n\n<figure class=\"wp-block-image size-large\"><img loading=\"lazy\" decoding=\"async\" width=\"1024\" height=\"683\" data-id=\"52659\" src=\"https:\/\/portalfadesp.org.br\/wp-content\/uploads\/2025\/11\/ARY0204-1024x683.jpg\" alt=\"\" class=\"wp-image-52659\" srcset=\"https:\/\/portalfadesp.org.br\/wp-content\/uploads\/2025\/11\/ARY0204-1024x683.jpg 1024w, https:\/\/portalfadesp.org.br\/wp-content\/uploads\/2025\/11\/ARY0204-300x200.jpg 300w, https:\/\/portalfadesp.org.br\/wp-content\/uploads\/2025\/11\/ARY0204-768x512.jpg 768w, https:\/\/portalfadesp.org.br\/wp-content\/uploads\/2025\/11\/ARY0204-1536x1024.jpg 1536w, https:\/\/portalfadesp.org.br\/wp-content\/uploads\/2025\/11\/ARY0204.jpg 2048w\" sizes=\"(max-width: 1024px) 100vw, 1024px\" \/><\/figure>\n\n\n\n<figure class=\"wp-block-image size-large\"><img loading=\"lazy\" decoding=\"async\" width=\"1024\" height=\"683\" data-id=\"52654\" src=\"https:\/\/portalfadesp.org.br\/wp-content\/uploads\/2025\/11\/ARY9763-1024x683.jpg\" alt=\"\" class=\"wp-image-52654\" srcset=\"https:\/\/portalfadesp.org.br\/wp-content\/uploads\/2025\/11\/ARY9763-1024x683.jpg 1024w, https:\/\/portalfadesp.org.br\/wp-content\/uploads\/2025\/11\/ARY9763-300x200.jpg 300w, https:\/\/portalfadesp.org.br\/wp-content\/uploads\/2025\/11\/ARY9763-768x512.jpg 768w, https:\/\/portalfadesp.org.br\/wp-content\/uploads\/2025\/11\/ARY9763-1536x1024.jpg 1536w, https:\/\/portalfadesp.org.br\/wp-content\/uploads\/2025\/11\/ARY9763.jpg 2048w\" sizes=\"(max-width: 1024px) 100vw, 1024px\" \/><\/figure>\n\n\n\n<figure class=\"wp-block-image size-large\"><img loading=\"lazy\" decoding=\"async\" width=\"1024\" height=\"683\" data-id=\"52655\" src=\"https:\/\/portalfadesp.org.br\/wp-content\/uploads\/2025\/11\/ARY9302-1024x683.jpg\" alt=\"\" class=\"wp-image-52655\" srcset=\"https:\/\/portalfadesp.org.br\/wp-content\/uploads\/2025\/11\/ARY9302-1024x683.jpg 1024w, https:\/\/portalfadesp.org.br\/wp-content\/uploads\/2025\/11\/ARY9302-300x200.jpg 300w, https:\/\/portalfadesp.org.br\/wp-content\/uploads\/2025\/11\/ARY9302-768x512.jpg 768w, https:\/\/portalfadesp.org.br\/wp-content\/uploads\/2025\/11\/ARY9302-1536x1024.jpg 1536w, https:\/\/portalfadesp.org.br\/wp-content\/uploads\/2025\/11\/ARY9302.jpg 2048w\" sizes=\"(max-width: 1024px) 100vw, 1024px\" \/><\/figure>\n\n\n\n<figure class=\"wp-block-image size-large\"><img loading=\"lazy\" decoding=\"async\" width=\"1024\" height=\"683\" data-id=\"52652\" src=\"https:\/\/portalfadesp.org.br\/wp-content\/uploads\/2025\/11\/ARY0065-1024x683.jpg\" alt=\"\" class=\"wp-image-52652\" srcset=\"https:\/\/portalfadesp.org.br\/wp-content\/uploads\/2025\/11\/ARY0065-1024x683.jpg 1024w, https:\/\/portalfadesp.org.br\/wp-content\/uploads\/2025\/11\/ARY0065-300x200.jpg 300w, https:\/\/portalfadesp.org.br\/wp-content\/uploads\/2025\/11\/ARY0065-768x512.jpg 768w, https:\/\/portalfadesp.org.br\/wp-content\/uploads\/2025\/11\/ARY0065-1536x1024.jpg 1536w, https:\/\/portalfadesp.org.br\/wp-content\/uploads\/2025\/11\/ARY0065.jpg 2048w\" sizes=\"(max-width: 1024px) 100vw, 1024px\" \/><\/figure>\n\n\n\n<figure class=\"wp-block-image size-large\"><img loading=\"lazy\" decoding=\"async\" width=\"683\" height=\"1024\" data-id=\"52653\" src=\"https:\/\/portalfadesp.org.br\/wp-content\/uploads\/2025\/11\/ARY9204-683x1024.jpg\" alt=\"\" class=\"wp-image-52653\" srcset=\"https:\/\/portalfadesp.org.br\/wp-content\/uploads\/2025\/11\/ARY9204-683x1024.jpg 683w, https:\/\/portalfadesp.org.br\/wp-content\/uploads\/2025\/11\/ARY9204-200x300.jpg 200w, https:\/\/portalfadesp.org.br\/wp-content\/uploads\/2025\/11\/ARY9204-768x1152.jpg 768w, https:\/\/portalfadesp.org.br\/wp-content\/uploads\/2025\/11\/ARY9204-1024x1536.jpg 1024w, https:\/\/portalfadesp.org.br\/wp-content\/uploads\/2025\/11\/ARY9204.jpg 1365w\" sizes=\"(max-width: 683px) 100vw, 683px\" \/><\/figure>\n\n\n\n<figure class=\"wp-block-image size-large\"><img loading=\"lazy\" decoding=\"async\" width=\"683\" height=\"1024\" data-id=\"52660\" src=\"https:\/\/portalfadesp.org.br\/wp-content\/uploads\/2025\/11\/ARY9201-1-683x1024.jpg\" alt=\"\" class=\"wp-image-52660\" srcset=\"https:\/\/portalfadesp.org.br\/wp-content\/uploads\/2025\/11\/ARY9201-1-683x1024.jpg 683w, https:\/\/portalfadesp.org.br\/wp-content\/uploads\/2025\/11\/ARY9201-1-200x300.jpg 200w, https:\/\/portalfadesp.org.br\/wp-content\/uploads\/2025\/11\/ARY9201-1-768x1152.jpg 768w, https:\/\/portalfadesp.org.br\/wp-content\/uploads\/2025\/11\/ARY9201-1-1024x1536.jpg 1024w, https:\/\/portalfadesp.org.br\/wp-content\/uploads\/2025\/11\/ARY9201-1.jpg 1365w\" sizes=\"(max-width: 683px) 100vw, 683px\" \/><\/figure>\n<\/figure>\n\n\n\n<p><\/p>\n","protected":false},"excerpt":{"rendered":"<p>A Funda\u00e7\u00e3o de Amparo e Desenvolvimento da Pesquisa (FADESP) celebrou, na noite desta ter\u00e7a-feira, 18 de novembro, seus 48 anos de atua\u00e7\u00e3o em um evento marcado por reconhecimento, hist\u00f3ria e compromisso com o futuro da ci\u00eancia na Amaz\u00f4nia. A celebra\u00e7\u00e3o ocorreu no barco-obra da Bienal das Amaz\u00f4nias Sobre as \u00c1guas, ancorado na orla da UFPA, [&hellip;]<\/p>\n","protected":false},"author":12,"featured_media":52651,"comment_status":"closed","ping_status":"closed","sticky":false,"template":"","format":"standard","meta":{"_monsterinsights_skip_tracking":false,"_monsterinsights_sitenote_active":false,"_monsterinsights_sitenote_note":"","_monsterinsights_sitenote_category":0,"footnotes":""},"categories":[1],"tags":[],"class_list":["post-52638","post","type-post","status-publish","format-standard","has-post-thumbnail","hentry","category-geral","entry","has-media"],"yoast_head":"<!-- This site is optimized with the Yoast SEO plugin v25.1 - https:\/\/yoast.com\/wordpress\/plugins\/seo\/ -->\n<title>FADESP celebra 48 anos com evento no barco-obra da Bienal das Amaz\u00f4nias e destaca expans\u00e3o e papel estrat\u00e9gico na ci\u00eancia da regi\u00e3o - FADESP<\/title>\n<meta name=\"robots\" content=\"index, follow, max-snippet:-1, max-image-preview:large, max-video-preview:-1\" \/>\n<link rel=\"canonical\" href=\"https:\/\/portalfadesp.org.br\/?p=52638\" \/>\n<meta property=\"og:locale\" content=\"pt_BR\" \/>\n<meta property=\"og:type\" content=\"article\" \/>\n<meta property=\"og:title\" content=\"FADESP celebra 48 anos com evento no barco-obra da Bienal das Amaz\u00f4nias e destaca expans\u00e3o e papel estrat\u00e9gico na ci\u00eancia da regi\u00e3o - FADESP\" \/>\n<meta property=\"og:description\" content=\"A Funda\u00e7\u00e3o de Amparo e Desenvolvimento da Pesquisa (FADESP) celebrou, na noite desta ter\u00e7a-feira, 18 de novembro, seus 48 anos de atua\u00e7\u00e3o em um evento marcado por reconhecimento, hist\u00f3ria e compromisso com o futuro da ci\u00eancia na Amaz\u00f4nia. A celebra\u00e7\u00e3o ocorreu no barco-obra da Bienal das Amaz\u00f4nias Sobre as \u00c1guas, ancorado na orla da UFPA, [&hellip;]\" \/>\n<meta property=\"og:url\" content=\"https:\/\/portalfadesp.org.br\/?p=52638\" \/>\n<meta property=\"og:site_name\" content=\"FADESP\" \/>\n<meta property=\"article:publisher\" content=\"https:\/\/www.facebook.com\/Fadesp-138351949524662\/\" \/>\n<meta property=\"article:published_time\" content=\"2025-11-19T21:43:31+00:00\" \/>\n<meta property=\"article:modified_time\" content=\"2025-11-19T21:43:37+00:00\" \/>\n<meta property=\"og:image\" content=\"https:\/\/portalfadesp.org.br\/wp-content\/uploads\/2025\/11\/ARY9732.jpg\" \/>\n\t<meta property=\"og:image:width\" content=\"2048\" \/>\n\t<meta property=\"og:image:height\" content=\"1365\" \/>\n\t<meta property=\"og:image:type\" content=\"image\/jpeg\" \/>\n<meta name=\"author\" content=\"Brena Marques\" \/>\n<meta name=\"twitter:card\" content=\"summary_large_image\" \/>\n<meta name=\"twitter:creator\" content=\"@Fadesp\" \/>\n<meta name=\"twitter:site\" content=\"@Fadesp\" \/>\n<meta name=\"twitter:label1\" content=\"Escrito por\" \/>\n\t<meta name=\"twitter:data1\" content=\"Brena Marques\" \/>\n\t<meta name=\"twitter:label2\" content=\"Est. tempo de leitura\" \/>\n\t<meta name=\"twitter:data2\" content=\"10 minutos\" \/>\n<script type=\"application\/ld+json\" class=\"yoast-schema-graph\">{\"@context\":\"https:\/\/schema.org\",\"@graph\":[{\"@type\":\"Article\",\"@id\":\"https:\/\/portalfadesp.org.br\/?p=52638#article\",\"isPartOf\":{\"@id\":\"https:\/\/portalfadesp.org.br\/?p=52638\"},\"author\":{\"name\":\"Brena Marques\",\"@id\":\"https:\/\/portalfadesp.org.br\/#\/schema\/person\/31709c4c8ec92d6bbdd2c1da60cf8d66\"},\"headline\":\"FADESP celebra 48 anos com evento no barco-obra da Bienal das Amaz\u00f4nias e destaca expans\u00e3o e papel estrat\u00e9gico na ci\u00eancia da regi\u00e3o\",\"datePublished\":\"2025-11-19T21:43:31+00:00\",\"dateModified\":\"2025-11-19T21:43:37+00:00\",\"mainEntityOfPage\":{\"@id\":\"https:\/\/portalfadesp.org.br\/?p=52638\"},\"wordCount\":1153,\"publisher\":{\"@id\":\"https:\/\/portalfadesp.org.br\/#organization\"},\"image\":{\"@id\":\"https:\/\/portalfadesp.org.br\/?p=52638#primaryimage\"},\"thumbnailUrl\":\"https:\/\/portalfadesp.org.br\/wp-content\/uploads\/2025\/11\/ARY9732.jpg\",\"articleSection\":[\"Geral\"],\"inLanguage\":\"pt-BR\"},{\"@type\":\"WebPage\",\"@id\":\"https:\/\/portalfadesp.org.br\/?p=52638\",\"url\":\"https:\/\/portalfadesp.org.br\/?p=52638\",\"name\":\"FADESP celebra 48 anos com evento no barco-obra da Bienal das Amaz\u00f4nias e destaca expans\u00e3o e papel estrat\u00e9gico na ci\u00eancia da regi\u00e3o - FADESP\",\"isPartOf\":{\"@id\":\"https:\/\/portalfadesp.org.br\/#website\"},\"primaryImageOfPage\":{\"@id\":\"https:\/\/portalfadesp.org.br\/?p=52638#primaryimage\"},\"image\":{\"@id\":\"https:\/\/portalfadesp.org.br\/?p=52638#primaryimage\"},\"thumbnailUrl\":\"https:\/\/portalfadesp.org.br\/wp-content\/uploads\/2025\/11\/ARY9732.jpg\",\"datePublished\":\"2025-11-19T21:43:31+00:00\",\"dateModified\":\"2025-11-19T21:43:37+00:00\",\"breadcrumb\":{\"@id\":\"https:\/\/portalfadesp.org.br\/?p=52638#breadcrumb\"},\"inLanguage\":\"pt-BR\",\"potentialAction\":[{\"@type\":\"ReadAction\",\"target\":[\"https:\/\/portalfadesp.org.br\/?p=52638\"]}]},{\"@type\":\"ImageObject\",\"inLanguage\":\"pt-BR\",\"@id\":\"https:\/\/portalfadesp.org.br\/?p=52638#primaryimage\",\"url\":\"https:\/\/portalfadesp.org.br\/wp-content\/uploads\/2025\/11\/ARY9732.jpg\",\"contentUrl\":\"https:\/\/portalfadesp.org.br\/wp-content\/uploads\/2025\/11\/ARY9732.jpg\",\"width\":2048,\"height\":1365},{\"@type\":\"BreadcrumbList\",\"@id\":\"https:\/\/portalfadesp.org.br\/?p=52638#breadcrumb\",\"itemListElement\":[{\"@type\":\"ListItem\",\"position\":1,\"name\":\"In\u00edcio\",\"item\":\"https:\/\/portalfadesp.org.br\/\"},{\"@type\":\"ListItem\",\"position\":2,\"name\":\"FADESP celebra 48 anos com evento no barco-obra da Bienal das Amaz\u00f4nias e destaca expans\u00e3o e papel estrat\u00e9gico na ci\u00eancia da regi\u00e3o\"}]},{\"@type\":\"WebSite\",\"@id\":\"https:\/\/portalfadesp.org.br\/#website\",\"url\":\"https:\/\/portalfadesp.org.br\/\",\"name\":\"FADESP\",\"description\":\"Funda\u00e7\u00e3o de Amparo e Desenvolvimento da Pesquisa\",\"publisher\":{\"@id\":\"https:\/\/portalfadesp.org.br\/#organization\"},\"potentialAction\":[{\"@type\":\"SearchAction\",\"target\":{\"@type\":\"EntryPoint\",\"urlTemplate\":\"https:\/\/portalfadesp.org.br\/?s={search_term_string}\"},\"query-input\":{\"@type\":\"PropertyValueSpecification\",\"valueRequired\":true,\"valueName\":\"search_term_string\"}}],\"inLanguage\":\"pt-BR\"},{\"@type\":\"Organization\",\"@id\":\"https:\/\/portalfadesp.org.br\/#organization\",\"name\":\"FADESP\",\"url\":\"https:\/\/portalfadesp.org.br\/\",\"logo\":{\"@type\":\"ImageObject\",\"inLanguage\":\"pt-BR\",\"@id\":\"https:\/\/portalfadesp.org.br\/#\/schema\/logo\/image\/\",\"url\":\"https:\/\/portalfadesp.org.br\/wp-content\/uploads\/2024\/01\/NOVOLOGOFADESPlaranjaH.png\",\"contentUrl\":\"https:\/\/portalfadesp.org.br\/wp-content\/uploads\/2024\/01\/NOVOLOGOFADESPlaranjaH.png\",\"width\":2742,\"height\":839,\"caption\":\"FADESP\"},\"image\":{\"@id\":\"https:\/\/portalfadesp.org.br\/#\/schema\/logo\/image\/\"},\"sameAs\":[\"https:\/\/www.facebook.com\/Fadesp-138351949524662\/\",\"https:\/\/x.com\/Fadesp\",\"https:\/\/www.instagram.com\/fadesp_ufpa\/\",\"https:\/\/www.youtube.com\/@fundacaodeamparoedesenvolv1903\",\"https:\/\/www.threads.net\/@fadesp_ufpa\"]},{\"@type\":\"Person\",\"@id\":\"https:\/\/portalfadesp.org.br\/#\/schema\/person\/31709c4c8ec92d6bbdd2c1da60cf8d66\",\"name\":\"Brena Marques\",\"image\":{\"@type\":\"ImageObject\",\"inLanguage\":\"pt-BR\",\"@id\":\"https:\/\/portalfadesp.org.br\/#\/schema\/person\/image\/\",\"url\":\"https:\/\/secure.gravatar.com\/avatar\/d8709cd0de324fbec018b6878350216726d26c3436f44ebee8f3db75e29728f3?s=96&d=mm&r=g\",\"contentUrl\":\"https:\/\/secure.gravatar.com\/avatar\/d8709cd0de324fbec018b6878350216726d26c3436f44ebee8f3db75e29728f3?s=96&d=mm&r=g\",\"caption\":\"Brena Marques\"},\"url\":\"https:\/\/portalfadesp.org.br\/?author=12\"}]}<\/script>\n<!-- \/ Yoast SEO plugin. -->","yoast_head_json":{"title":"FADESP celebra 48 anos com evento no barco-obra da Bienal das Amaz\u00f4nias e destaca expans\u00e3o e papel estrat\u00e9gico na ci\u00eancia da regi\u00e3o - FADESP","robots":{"index":"index","follow":"follow","max-snippet":"max-snippet:-1","max-image-preview":"max-image-preview:large","max-video-preview":"max-video-preview:-1"},"canonical":"https:\/\/portalfadesp.org.br\/?p=52638","og_locale":"pt_BR","og_type":"article","og_title":"FADESP celebra 48 anos com evento no barco-obra da Bienal das Amaz\u00f4nias e destaca expans\u00e3o e papel estrat\u00e9gico na ci\u00eancia da regi\u00e3o - FADESP","og_description":"A Funda\u00e7\u00e3o de Amparo e Desenvolvimento da Pesquisa (FADESP) celebrou, na noite desta ter\u00e7a-feira, 18 de novembro, seus 48 anos de atua\u00e7\u00e3o em um evento marcado por reconhecimento, hist\u00f3ria e compromisso com o futuro da ci\u00eancia na Amaz\u00f4nia. A celebra\u00e7\u00e3o ocorreu no barco-obra da Bienal das Amaz\u00f4nias Sobre as \u00c1guas, ancorado na orla da UFPA, [&hellip;]","og_url":"https:\/\/portalfadesp.org.br\/?p=52638","og_site_name":"FADESP","article_publisher":"https:\/\/www.facebook.com\/Fadesp-138351949524662\/","article_published_time":"2025-11-19T21:43:31+00:00","article_modified_time":"2025-11-19T21:43:37+00:00","og_image":[{"width":2048,"height":1365,"url":"https:\/\/portalfadesp.org.br\/wp-content\/uploads\/2025\/11\/ARY9732.jpg","type":"image\/jpeg"}],"author":"Brena Marques","twitter_card":"summary_large_image","twitter_creator":"@Fadesp","twitter_site":"@Fadesp","twitter_misc":{"Escrito por":"Brena Marques","Est. tempo de leitura":"10 minutos"},"schema":{"@context":"https:\/\/schema.org","@graph":[{"@type":"Article","@id":"https:\/\/portalfadesp.org.br\/?p=52638#article","isPartOf":{"@id":"https:\/\/portalfadesp.org.br\/?p=52638"},"author":{"name":"Brena Marques","@id":"https:\/\/portalfadesp.org.br\/#\/schema\/person\/31709c4c8ec92d6bbdd2c1da60cf8d66"},"headline":"FADESP celebra 48 anos com evento no barco-obra da Bienal das Amaz\u00f4nias e destaca expans\u00e3o e papel estrat\u00e9gico na ci\u00eancia da regi\u00e3o","datePublished":"2025-11-19T21:43:31+00:00","dateModified":"2025-11-19T21:43:37+00:00","mainEntityOfPage":{"@id":"https:\/\/portalfadesp.org.br\/?p=52638"},"wordCount":1153,"publisher":{"@id":"https:\/\/portalfadesp.org.br\/#organization"},"image":{"@id":"https:\/\/portalfadesp.org.br\/?p=52638#primaryimage"},"thumbnailUrl":"https:\/\/portalfadesp.org.br\/wp-content\/uploads\/2025\/11\/ARY9732.jpg","articleSection":["Geral"],"inLanguage":"pt-BR"},{"@type":"WebPage","@id":"https:\/\/portalfadesp.org.br\/?p=52638","url":"https:\/\/portalfadesp.org.br\/?p=52638","name":"FADESP celebra 48 anos com evento no barco-obra da Bienal das Amaz\u00f4nias e destaca expans\u00e3o e papel estrat\u00e9gico na ci\u00eancia da regi\u00e3o - FADESP","isPartOf":{"@id":"https:\/\/portalfadesp.org.br\/#website"},"primaryImageOfPage":{"@id":"https:\/\/portalfadesp.org.br\/?p=52638#primaryimage"},"image":{"@id":"https:\/\/portalfadesp.org.br\/?p=52638#primaryimage"},"thumbnailUrl":"https:\/\/portalfadesp.org.br\/wp-content\/uploads\/2025\/11\/ARY9732.jpg","datePublished":"2025-11-19T21:43:31+00:00","dateModified":"2025-11-19T21:43:37+00:00","breadcrumb":{"@id":"https:\/\/portalfadesp.org.br\/?p=52638#breadcrumb"},"inLanguage":"pt-BR","potentialAction":[{"@type":"ReadAction","target":["https:\/\/portalfadesp.org.br\/?p=52638"]}]},{"@type":"ImageObject","inLanguage":"pt-BR","@id":"https:\/\/portalfadesp.org.br\/?p=52638#primaryimage","url":"https:\/\/portalfadesp.org.br\/wp-content\/uploads\/2025\/11\/ARY9732.jpg","contentUrl":"https:\/\/portalfadesp.org.br\/wp-content\/uploads\/2025\/11\/ARY9732.jpg","width":2048,"height":1365},{"@type":"BreadcrumbList","@id":"https:\/\/portalfadesp.org.br\/?p=52638#breadcrumb","itemListElement":[{"@type":"ListItem","position":1,"name":"In\u00edcio","item":"https:\/\/portalfadesp.org.br\/"},{"@type":"ListItem","position":2,"name":"FADESP celebra 48 anos com evento no barco-obra da Bienal das Amaz\u00f4nias e destaca expans\u00e3o e papel estrat\u00e9gico na ci\u00eancia da regi\u00e3o"}]},{"@type":"WebSite","@id":"https:\/\/portalfadesp.org.br\/#website","url":"https:\/\/portalfadesp.org.br\/","name":"FADESP","description":"Funda\u00e7\u00e3o de Amparo e Desenvolvimento da Pesquisa","publisher":{"@id":"https:\/\/portalfadesp.org.br\/#organization"},"potentialAction":[{"@type":"SearchAction","target":{"@type":"EntryPoint","urlTemplate":"https:\/\/portalfadesp.org.br\/?s={search_term_string}"},"query-input":{"@type":"PropertyValueSpecification","valueRequired":true,"valueName":"search_term_string"}}],"inLanguage":"pt-BR"},{"@type":"Organization","@id":"https:\/\/portalfadesp.org.br\/#organization","name":"FADESP","url":"https:\/\/portalfadesp.org.br\/","logo":{"@type":"ImageObject","inLanguage":"pt-BR","@id":"https:\/\/portalfadesp.org.br\/#\/schema\/logo\/image\/","url":"https:\/\/portalfadesp.org.br\/wp-content\/uploads\/2024\/01\/NOVOLOGOFADESPlaranjaH.png","contentUrl":"https:\/\/portalfadesp.org.br\/wp-content\/uploads\/2024\/01\/NOVOLOGOFADESPlaranjaH.png","width":2742,"height":839,"caption":"FADESP"},"image":{"@id":"https:\/\/portalfadesp.org.br\/#\/schema\/logo\/image\/"},"sameAs":["https:\/\/www.facebook.com\/Fadesp-138351949524662\/","https:\/\/x.com\/Fadesp","https:\/\/www.instagram.com\/fadesp_ufpa\/","https:\/\/www.youtube.com\/@fundacaodeamparoedesenvolv1903","https:\/\/www.threads.net\/@fadesp_ufpa"]},{"@type":"Person","@id":"https:\/\/portalfadesp.org.br\/#\/schema\/person\/31709c4c8ec92d6bbdd2c1da60cf8d66","name":"Brena Marques","image":{"@type":"ImageObject","inLanguage":"pt-BR","@id":"https:\/\/portalfadesp.org.br\/#\/schema\/person\/image\/","url":"https:\/\/secure.gravatar.com\/avatar\/d8709cd0de324fbec018b6878350216726d26c3436f44ebee8f3db75e29728f3?s=96&d=mm&r=g","contentUrl":"https:\/\/secure.gravatar.com\/avatar\/d8709cd0de324fbec018b6878350216726d26c3436f44ebee8f3db75e29728f3?s=96&d=mm&r=g","caption":"Brena Marques"},"url":"https:\/\/portalfadesp.org.br\/?author=12"}]}},"_links":{"self":[{"href":"https:\/\/portalfadesp.org.br\/index.php?rest_route=\/wp\/v2\/posts\/52638","targetHints":{"allow":["GET"]}}],"collection":[{"href":"https:\/\/portalfadesp.org.br\/index.php?rest_route=\/wp\/v2\/posts"}],"about":[{"href":"https:\/\/portalfadesp.org.br\/index.php?rest_route=\/wp\/v2\/types\/post"}],"author":[{"embeddable":true,"href":"https:\/\/portalfadesp.org.br\/index.php?rest_route=\/wp\/v2\/users\/12"}],"replies":[{"embeddable":true,"href":"https:\/\/portalfadesp.org.br\/index.php?rest_route=%2Fwp%2Fv2%2Fcomments&post=52638"}],"version-history":[{"count":1,"href":"https:\/\/portalfadesp.org.br\/index.php?rest_route=\/wp\/v2\/posts\/52638\/revisions"}],"predecessor-version":[{"id":52661,"href":"https:\/\/portalfadesp.org.br\/index.php?rest_route=\/wp\/v2\/posts\/52638\/revisions\/52661"}],"wp:featuredmedia":[{"embeddable":true,"href":"https:\/\/portalfadesp.org.br\/index.php?rest_route=\/wp\/v2\/media\/52651"}],"wp:attachment":[{"href":"https:\/\/portalfadesp.org.br\/index.php?rest_route=%2Fwp%2Fv2%2Fmedia&parent=52638"}],"wp:term":[{"taxonomy":"category","embeddable":true,"href":"https:\/\/portalfadesp.org.br\/index.php?rest_route=%2Fwp%2Fv2%2Fcategories&post=52638"},{"taxonomy":"post_tag","embeddable":true,"href":"https:\/\/portalfadesp.org.br\/index.php?rest_route=%2Fwp%2Fv2%2Ftags&post=52638"}],"curies":[{"name":"wp","href":"https:\/\/api.w.org\/{rel}","templated":true}]}}