{"id":52600,"date":"2025-11-16T17:54:17","date_gmt":"2025-11-16T20:54:17","guid":{"rendered":"https:\/\/portalfadesp.org.br\/?p=52600"},"modified":"2025-11-16T17:59:28","modified_gmt":"2025-11-16T20:59:28","slug":"fadesp-comemora-sucesso-da-bienal-das-amazonias-sobre-as-aguas-na-orla-da-ufpa","status":"publish","type":"post","link":"https:\/\/portalfadesp.org.br\/?p=52600","title":{"rendered":"FADESP comemora sucesso da Bienal das Amaz\u00f4nias Sobre as \u00c1guas na orla da UFPA"},"content":{"rendered":"\n<p>A Bienal das Amaz\u00f4nias Sobre as \u00c1guas encerrou sua participa\u00e7\u00e3o na C\u00fapula dos Povos, ap\u00f3s seis dias intensos de programa\u00e7\u00e3o que transformaram a orla da Universidade Federal do Par\u00e1 (UFPA) em um palco flutuante para a arte, a cultura e debates sobre a regi\u00e3o. O \u00faltimo dia celebrou o protagonismo feminino, reafirmando o papel central das mulheres na guarda e reinven\u00e7\u00e3o dos saberes do territ\u00f3rio.<\/p>\n\n\n\n<figure class=\"wp-block-image size-large\"><img fetchpriority=\"high\" decoding=\"async\" width=\"1024\" height=\"768\" src=\"https:\/\/portalfadesp.org.br\/wp-content\/uploads\/2025\/11\/IMG_6126-1024x768.jpg\" alt=\"\" class=\"wp-image-52607\" srcset=\"https:\/\/portalfadesp.org.br\/wp-content\/uploads\/2025\/11\/IMG_6126-1024x768.jpg 1024w, https:\/\/portalfadesp.org.br\/wp-content\/uploads\/2025\/11\/IMG_6126-300x225.jpg 300w, https:\/\/portalfadesp.org.br\/wp-content\/uploads\/2025\/11\/IMG_6126-768x576.jpg 768w, https:\/\/portalfadesp.org.br\/wp-content\/uploads\/2025\/11\/IMG_6126-1536x1152.jpg 1536w, https:\/\/portalfadesp.org.br\/wp-content\/uploads\/2025\/11\/IMG_6126-2048x1536.jpg 2048w\" sizes=\"(max-width: 1024px) 100vw, 1024px\" \/><\/figure>\n\n\n\n<div style=\"height:20px\" aria-hidden=\"true\" class=\"wp-block-spacer\"><\/div>\n\n\n\n<p>O encerramento foi marcado pelo lan\u00e7amento da s\u00e9rie \u201cMatriarcas&#8221;, dirigida por Joyce Cursino, e pela aguardada exibi\u00e7\u00e3o do document\u00e1rio \u201cMestras&#8221;, uma obra-prima de A\u00edla e Roberta Carvalho.<\/p>\n\n\n\n<div style=\"height:20px\" aria-hidden=\"true\" class=\"wp-block-spacer\"><\/div>\n\n\n\n<p>A proje\u00e7\u00e3o no tel\u00e3o trouxe a for\u00e7a inquestion\u00e1vel das guardi\u00e3s de saberes, cantos e of\u00edcios da Amaz\u00f4nia. As diretoras do document\u00e1rio Mestras compartilharam com o p\u00fablico a emo\u00e7\u00e3o de trazer a obra para o barco emblem\u00e1tico da Bienal.<\/p>\n\n\n\n<div style=\"height:20px\" aria-hidden=\"true\" class=\"wp-block-spacer\"><\/div>\n\n\n\n<p>&#8220;\u00c9 uma alegria trazer esse filme para dentro desse barco emblem\u00e1tico aqui da Bienal das Amaz\u00f4nias Sobre as \u00c1guas. Falar desse protagonismo das mulheres, desse protagonismo da cultura no debate tamb\u00e9m das mudan\u00e7as clim\u00e1ticas. Isso tudo precisa ser debatido aqui na COP. Ent\u00e3o \u00e9 muito simb\u00f3lico, \u00e9 muito importante. Eu acho que n\u00e3o h\u00e1 revolu\u00e7\u00e3o sem as mulheres na frente dessas revolu\u00e7\u00f5es, dessas mudan\u00e7as, sem essa equidade, sem esse respeito&#8221;, destacou a diretora Roberta Carvalho.<\/p>\n\n\n\n<div style=\"height:20px\" aria-hidden=\"true\" class=\"wp-block-spacer\"><\/div>\n\n\n\n<p>J\u00e1 a cantora e diretora A\u00edla expressou o orgulho pela produ\u00e7\u00e3o local. &#8220;A gente est\u00e1 muito feliz, porque \u00e9 um filme 100% paraense: desde a trilha sonora, dire\u00e7\u00e3o de fotografia, roteiro\u2026 \u00c9 um muito orgulho! \u00c9 o primeiro longa document\u00e1rio do Par\u00e1 a entrar no maior festival de cinema do Brasil, que \u00e9 o Festival de Gramado,&#8221; celebrou.<\/p>\n\n\n\n<div style=\"height:20px\" aria-hidden=\"true\" class=\"wp-block-spacer\"><\/div>\n\n\n\n<p>Ao longo da \u00faltima semana, cerca de seis mil pessoas passaram pela Bienal estabelecendo uma ponte entre a arte e o p\u00fablico ribeirinho e morador do entorno da UFPA, reconfigurando a rela\u00e7\u00e3o da cidade com o seu rio. A idealizadora do projeto e presidente da Bienal, L\u00edvia Conduru, fez um balan\u00e7o sobre a ocupa\u00e7\u00e3o do espa\u00e7o e a rea\u00e7\u00e3o da comunidade. &#8220;Eu acho super positivo poder mostrar isso para o m\u00e1ximo poss\u00edvel de pessoas, mas sobretudo no universo de pessoas moradoras do entorno daqui. Um seguran\u00e7a da UFPA estava de folga e trouxe o filho para aproveitar o barco. \u00d3timo que a gente possa fazer essa liga\u00e7\u00e3o com o territ\u00f3rio do entorno, que \u00e9 super populoso e carece de a\u00e7\u00e3o, espa\u00e7os de lazer. Ent\u00e3o, eu estou bem feliz!&#8221;, disse.<\/p>\n\n\n\n<div style=\"height:20px\" aria-hidden=\"true\" class=\"wp-block-spacer\"><\/div>\n\n\n\n<p>O evento tamb\u00e9m refor\u00e7ou a import\u00e2ncia do apoio institucional \u00e0 cultura como ferramenta de inclus\u00e3o social. O diretor executivo da FADESP, Roberto Ferraz Barreto, destacou a a\u00e7\u00e3o como um compromisso com a sociedade. &#8220;A Bienal das Amaz\u00f4nias Sobre as \u00c1guas, com sua for\u00e7a cultural e seu apelo popular, cumpre uma fun\u00e7\u00e3o social indispens\u00e1vel, que \u00e9 a de aproximar a universidade da popula\u00e7\u00e3o que a cerca. A FADESP tem em sua miss\u00e3o o apoio a projetos de extens\u00e3o que levam a arte, o saber e o debate para al\u00e9m dos muros acad\u00eamicos. Este evento \u00e9 a prova de que a cultura \u00e9 o motor mais eficaz para essa inclus\u00e3o e um compromisso com o desenvolvimento sustent\u00e1vel da nossa Amaz\u00f4nia.&#8221; concluiu Roberto.<\/p>\n\n\n\n<div style=\"height:20px\" aria-hidden=\"true\" class=\"wp-block-spacer\"><\/div>\n\n\n\n<p>A Bienal das Amaz\u00f4nias sobre as \u00e1guas na UFPA se despede deixando a certeza de que a cultura amaz\u00f4nica, ao navegar e ocupar seus rios, tem o poder de narrar e transformar a pr\u00f3pria hist\u00f3ria do Par\u00e1.<\/p>\n","protected":false},"excerpt":{"rendered":"<p>A Bienal das Amaz\u00f4nias Sobre as \u00c1guas encerrou sua participa\u00e7\u00e3o na C\u00fapula dos Povos, ap\u00f3s seis dias intensos de programa\u00e7\u00e3o que transformaram a orla da Universidade Federal do Par\u00e1 (UFPA) em um palco flutuante para a arte, a cultura e debates sobre a regi\u00e3o. O \u00faltimo dia celebrou o protagonismo feminino, reafirmando o papel central [&hellip;]<\/p>\n","protected":false},"author":12,"featured_media":52606,"comment_status":"closed","ping_status":"closed","sticky":false,"template":"","format":"standard","meta":{"_monsterinsights_skip_tracking":false,"_monsterinsights_sitenote_active":false,"_monsterinsights_sitenote_note":"","_monsterinsights_sitenote_category":0,"footnotes":""},"categories":[1],"tags":[],"class_list":["post-52600","post","type-post","status-publish","format-standard","has-post-thumbnail","hentry","category-geral","entry","has-media"],"yoast_head":"<!-- This site is optimized with the Yoast SEO plugin v25.1 - https:\/\/yoast.com\/wordpress\/plugins\/seo\/ -->\n<title>FADESP comemora sucesso da Bienal das Amaz\u00f4nias Sobre as \u00c1guas na orla da UFPA - FADESP<\/title>\n<meta name=\"robots\" content=\"index, follow, max-snippet:-1, max-image-preview:large, max-video-preview:-1\" \/>\n<link rel=\"canonical\" href=\"https:\/\/portalfadesp.org.br\/?p=52600\" \/>\n<meta property=\"og:locale\" content=\"pt_BR\" \/>\n<meta property=\"og:type\" content=\"article\" \/>\n<meta property=\"og:title\" content=\"FADESP comemora sucesso da Bienal das Amaz\u00f4nias Sobre as \u00c1guas na orla da UFPA - FADESP\" \/>\n<meta property=\"og:description\" content=\"A Bienal das Amaz\u00f4nias Sobre as \u00c1guas encerrou sua participa\u00e7\u00e3o na C\u00fapula dos Povos, ap\u00f3s seis dias intensos de programa\u00e7\u00e3o que transformaram a orla da Universidade Federal do Par\u00e1 (UFPA) em um palco flutuante para a arte, a cultura e debates sobre a regi\u00e3o. O \u00faltimo dia celebrou o protagonismo feminino, reafirmando o papel central [&hellip;]\" \/>\n<meta property=\"og:url\" content=\"https:\/\/portalfadesp.org.br\/?p=52600\" \/>\n<meta property=\"og:site_name\" content=\"FADESP\" \/>\n<meta property=\"article:publisher\" content=\"https:\/\/www.facebook.com\/Fadesp-138351949524662\/\" \/>\n<meta property=\"article:published_time\" content=\"2025-11-16T20:54:17+00:00\" \/>\n<meta property=\"article:modified_time\" content=\"2025-11-16T20:59:28+00:00\" \/>\n<meta property=\"og:image\" content=\"https:\/\/portalfadesp.org.br\/wp-content\/uploads\/2025\/11\/IMG_6121-scaled.jpg\" \/>\n\t<meta property=\"og:image:width\" content=\"2560\" \/>\n\t<meta property=\"og:image:height\" content=\"1920\" \/>\n\t<meta property=\"og:image:type\" content=\"image\/jpeg\" \/>\n<meta name=\"author\" content=\"Brena Marques\" \/>\n<meta name=\"twitter:card\" content=\"summary_large_image\" \/>\n<meta name=\"twitter:creator\" content=\"@Fadesp\" \/>\n<meta name=\"twitter:site\" content=\"@Fadesp\" \/>\n<meta name=\"twitter:label1\" content=\"Escrito por\" \/>\n\t<meta name=\"twitter:data1\" content=\"Brena Marques\" \/>\n\t<meta name=\"twitter:label2\" content=\"Est. tempo de leitura\" \/>\n\t<meta name=\"twitter:data2\" content=\"4 minutos\" \/>\n<script type=\"application\/ld+json\" class=\"yoast-schema-graph\">{\"@context\":\"https:\/\/schema.org\",\"@graph\":[{\"@type\":\"Article\",\"@id\":\"https:\/\/portalfadesp.org.br\/?p=52600#article\",\"isPartOf\":{\"@id\":\"https:\/\/portalfadesp.org.br\/?p=52600\"},\"author\":{\"name\":\"Brena Marques\",\"@id\":\"https:\/\/portalfadesp.org.br\/#\/schema\/person\/31709c4c8ec92d6bbdd2c1da60cf8d66\"},\"headline\":\"FADESP comemora sucesso da Bienal das Amaz\u00f4nias Sobre as \u00c1guas na orla da UFPA\",\"datePublished\":\"2025-11-16T20:54:17+00:00\",\"dateModified\":\"2025-11-16T20:59:28+00:00\",\"mainEntityOfPage\":{\"@id\":\"https:\/\/portalfadesp.org.br\/?p=52600\"},\"wordCount\":626,\"publisher\":{\"@id\":\"https:\/\/portalfadesp.org.br\/#organization\"},\"image\":{\"@id\":\"https:\/\/portalfadesp.org.br\/?p=52600#primaryimage\"},\"thumbnailUrl\":\"https:\/\/portalfadesp.org.br\/wp-content\/uploads\/2025\/11\/IMG_6121-scaled.jpg\",\"articleSection\":[\"Geral\"],\"inLanguage\":\"pt-BR\"},{\"@type\":\"WebPage\",\"@id\":\"https:\/\/portalfadesp.org.br\/?p=52600\",\"url\":\"https:\/\/portalfadesp.org.br\/?p=52600\",\"name\":\"FADESP comemora sucesso da Bienal das Amaz\u00f4nias Sobre as \u00c1guas na orla da UFPA - FADESP\",\"isPartOf\":{\"@id\":\"https:\/\/portalfadesp.org.br\/#website\"},\"primaryImageOfPage\":{\"@id\":\"https:\/\/portalfadesp.org.br\/?p=52600#primaryimage\"},\"image\":{\"@id\":\"https:\/\/portalfadesp.org.br\/?p=52600#primaryimage\"},\"thumbnailUrl\":\"https:\/\/portalfadesp.org.br\/wp-content\/uploads\/2025\/11\/IMG_6121-scaled.jpg\",\"datePublished\":\"2025-11-16T20:54:17+00:00\",\"dateModified\":\"2025-11-16T20:59:28+00:00\",\"breadcrumb\":{\"@id\":\"https:\/\/portalfadesp.org.br\/?p=52600#breadcrumb\"},\"inLanguage\":\"pt-BR\",\"potentialAction\":[{\"@type\":\"ReadAction\",\"target\":[\"https:\/\/portalfadesp.org.br\/?p=52600\"]}]},{\"@type\":\"ImageObject\",\"inLanguage\":\"pt-BR\",\"@id\":\"https:\/\/portalfadesp.org.br\/?p=52600#primaryimage\",\"url\":\"https:\/\/portalfadesp.org.br\/wp-content\/uploads\/2025\/11\/IMG_6121-scaled.jpg\",\"contentUrl\":\"https:\/\/portalfadesp.org.br\/wp-content\/uploads\/2025\/11\/IMG_6121-scaled.jpg\",\"width\":2560,\"height\":1920},{\"@type\":\"BreadcrumbList\",\"@id\":\"https:\/\/portalfadesp.org.br\/?p=52600#breadcrumb\",\"itemListElement\":[{\"@type\":\"ListItem\",\"position\":1,\"name\":\"In\u00edcio\",\"item\":\"https:\/\/portalfadesp.org.br\/\"},{\"@type\":\"ListItem\",\"position\":2,\"name\":\"FADESP comemora sucesso da Bienal das Amaz\u00f4nias Sobre as \u00c1guas na orla da UFPA\"}]},{\"@type\":\"WebSite\",\"@id\":\"https:\/\/portalfadesp.org.br\/#website\",\"url\":\"https:\/\/portalfadesp.org.br\/\",\"name\":\"FADESP\",\"description\":\"Funda\u00e7\u00e3o de Amparo e Desenvolvimento da Pesquisa\",\"publisher\":{\"@id\":\"https:\/\/portalfadesp.org.br\/#organization\"},\"potentialAction\":[{\"@type\":\"SearchAction\",\"target\":{\"@type\":\"EntryPoint\",\"urlTemplate\":\"https:\/\/portalfadesp.org.br\/?s={search_term_string}\"},\"query-input\":{\"@type\":\"PropertyValueSpecification\",\"valueRequired\":true,\"valueName\":\"search_term_string\"}}],\"inLanguage\":\"pt-BR\"},{\"@type\":\"Organization\",\"@id\":\"https:\/\/portalfadesp.org.br\/#organization\",\"name\":\"FADESP\",\"url\":\"https:\/\/portalfadesp.org.br\/\",\"logo\":{\"@type\":\"ImageObject\",\"inLanguage\":\"pt-BR\",\"@id\":\"https:\/\/portalfadesp.org.br\/#\/schema\/logo\/image\/\",\"url\":\"https:\/\/portalfadesp.org.br\/wp-content\/uploads\/2024\/01\/NOVOLOGOFADESPlaranjaH.png\",\"contentUrl\":\"https:\/\/portalfadesp.org.br\/wp-content\/uploads\/2024\/01\/NOVOLOGOFADESPlaranjaH.png\",\"width\":2742,\"height\":839,\"caption\":\"FADESP\"},\"image\":{\"@id\":\"https:\/\/portalfadesp.org.br\/#\/schema\/logo\/image\/\"},\"sameAs\":[\"https:\/\/www.facebook.com\/Fadesp-138351949524662\/\",\"https:\/\/x.com\/Fadesp\",\"https:\/\/www.instagram.com\/fadesp_ufpa\/\",\"https:\/\/www.youtube.com\/@fundacaodeamparoedesenvolv1903\",\"https:\/\/www.threads.net\/@fadesp_ufpa\"]},{\"@type\":\"Person\",\"@id\":\"https:\/\/portalfadesp.org.br\/#\/schema\/person\/31709c4c8ec92d6bbdd2c1da60cf8d66\",\"name\":\"Brena Marques\",\"image\":{\"@type\":\"ImageObject\",\"inLanguage\":\"pt-BR\",\"@id\":\"https:\/\/portalfadesp.org.br\/#\/schema\/person\/image\/\",\"url\":\"https:\/\/secure.gravatar.com\/avatar\/d8709cd0de324fbec018b6878350216726d26c3436f44ebee8f3db75e29728f3?s=96&d=mm&r=g\",\"contentUrl\":\"https:\/\/secure.gravatar.com\/avatar\/d8709cd0de324fbec018b6878350216726d26c3436f44ebee8f3db75e29728f3?s=96&d=mm&r=g\",\"caption\":\"Brena Marques\"},\"url\":\"https:\/\/portalfadesp.org.br\/?author=12\"}]}<\/script>\n<!-- \/ Yoast SEO plugin. -->","yoast_head_json":{"title":"FADESP comemora sucesso da Bienal das Amaz\u00f4nias Sobre as \u00c1guas na orla da UFPA - FADESP","robots":{"index":"index","follow":"follow","max-snippet":"max-snippet:-1","max-image-preview":"max-image-preview:large","max-video-preview":"max-video-preview:-1"},"canonical":"https:\/\/portalfadesp.org.br\/?p=52600","og_locale":"pt_BR","og_type":"article","og_title":"FADESP comemora sucesso da Bienal das Amaz\u00f4nias Sobre as \u00c1guas na orla da UFPA - FADESP","og_description":"A Bienal das Amaz\u00f4nias Sobre as \u00c1guas encerrou sua participa\u00e7\u00e3o na C\u00fapula dos Povos, ap\u00f3s seis dias intensos de programa\u00e7\u00e3o que transformaram a orla da Universidade Federal do Par\u00e1 (UFPA) em um palco flutuante para a arte, a cultura e debates sobre a regi\u00e3o. O \u00faltimo dia celebrou o protagonismo feminino, reafirmando o papel central [&hellip;]","og_url":"https:\/\/portalfadesp.org.br\/?p=52600","og_site_name":"FADESP","article_publisher":"https:\/\/www.facebook.com\/Fadesp-138351949524662\/","article_published_time":"2025-11-16T20:54:17+00:00","article_modified_time":"2025-11-16T20:59:28+00:00","og_image":[{"width":2560,"height":1920,"url":"https:\/\/portalfadesp.org.br\/wp-content\/uploads\/2025\/11\/IMG_6121-scaled.jpg","type":"image\/jpeg"}],"author":"Brena Marques","twitter_card":"summary_large_image","twitter_creator":"@Fadesp","twitter_site":"@Fadesp","twitter_misc":{"Escrito por":"Brena Marques","Est. tempo de leitura":"4 minutos"},"schema":{"@context":"https:\/\/schema.org","@graph":[{"@type":"Article","@id":"https:\/\/portalfadesp.org.br\/?p=52600#article","isPartOf":{"@id":"https:\/\/portalfadesp.org.br\/?p=52600"},"author":{"name":"Brena Marques","@id":"https:\/\/portalfadesp.org.br\/#\/schema\/person\/31709c4c8ec92d6bbdd2c1da60cf8d66"},"headline":"FADESP comemora sucesso da Bienal das Amaz\u00f4nias Sobre as \u00c1guas na orla da UFPA","datePublished":"2025-11-16T20:54:17+00:00","dateModified":"2025-11-16T20:59:28+00:00","mainEntityOfPage":{"@id":"https:\/\/portalfadesp.org.br\/?p=52600"},"wordCount":626,"publisher":{"@id":"https:\/\/portalfadesp.org.br\/#organization"},"image":{"@id":"https:\/\/portalfadesp.org.br\/?p=52600#primaryimage"},"thumbnailUrl":"https:\/\/portalfadesp.org.br\/wp-content\/uploads\/2025\/11\/IMG_6121-scaled.jpg","articleSection":["Geral"],"inLanguage":"pt-BR"},{"@type":"WebPage","@id":"https:\/\/portalfadesp.org.br\/?p=52600","url":"https:\/\/portalfadesp.org.br\/?p=52600","name":"FADESP comemora sucesso da Bienal das Amaz\u00f4nias Sobre as \u00c1guas na orla da UFPA - FADESP","isPartOf":{"@id":"https:\/\/portalfadesp.org.br\/#website"},"primaryImageOfPage":{"@id":"https:\/\/portalfadesp.org.br\/?p=52600#primaryimage"},"image":{"@id":"https:\/\/portalfadesp.org.br\/?p=52600#primaryimage"},"thumbnailUrl":"https:\/\/portalfadesp.org.br\/wp-content\/uploads\/2025\/11\/IMG_6121-scaled.jpg","datePublished":"2025-11-16T20:54:17+00:00","dateModified":"2025-11-16T20:59:28+00:00","breadcrumb":{"@id":"https:\/\/portalfadesp.org.br\/?p=52600#breadcrumb"},"inLanguage":"pt-BR","potentialAction":[{"@type":"ReadAction","target":["https:\/\/portalfadesp.org.br\/?p=52600"]}]},{"@type":"ImageObject","inLanguage":"pt-BR","@id":"https:\/\/portalfadesp.org.br\/?p=52600#primaryimage","url":"https:\/\/portalfadesp.org.br\/wp-content\/uploads\/2025\/11\/IMG_6121-scaled.jpg","contentUrl":"https:\/\/portalfadesp.org.br\/wp-content\/uploads\/2025\/11\/IMG_6121-scaled.jpg","width":2560,"height":1920},{"@type":"BreadcrumbList","@id":"https:\/\/portalfadesp.org.br\/?p=52600#breadcrumb","itemListElement":[{"@type":"ListItem","position":1,"name":"In\u00edcio","item":"https:\/\/portalfadesp.org.br\/"},{"@type":"ListItem","position":2,"name":"FADESP comemora sucesso da Bienal das Amaz\u00f4nias Sobre as \u00c1guas na orla da UFPA"}]},{"@type":"WebSite","@id":"https:\/\/portalfadesp.org.br\/#website","url":"https:\/\/portalfadesp.org.br\/","name":"FADESP","description":"Funda\u00e7\u00e3o de Amparo e Desenvolvimento da Pesquisa","publisher":{"@id":"https:\/\/portalfadesp.org.br\/#organization"},"potentialAction":[{"@type":"SearchAction","target":{"@type":"EntryPoint","urlTemplate":"https:\/\/portalfadesp.org.br\/?s={search_term_string}"},"query-input":{"@type":"PropertyValueSpecification","valueRequired":true,"valueName":"search_term_string"}}],"inLanguage":"pt-BR"},{"@type":"Organization","@id":"https:\/\/portalfadesp.org.br\/#organization","name":"FADESP","url":"https:\/\/portalfadesp.org.br\/","logo":{"@type":"ImageObject","inLanguage":"pt-BR","@id":"https:\/\/portalfadesp.org.br\/#\/schema\/logo\/image\/","url":"https:\/\/portalfadesp.org.br\/wp-content\/uploads\/2024\/01\/NOVOLOGOFADESPlaranjaH.png","contentUrl":"https:\/\/portalfadesp.org.br\/wp-content\/uploads\/2024\/01\/NOVOLOGOFADESPlaranjaH.png","width":2742,"height":839,"caption":"FADESP"},"image":{"@id":"https:\/\/portalfadesp.org.br\/#\/schema\/logo\/image\/"},"sameAs":["https:\/\/www.facebook.com\/Fadesp-138351949524662\/","https:\/\/x.com\/Fadesp","https:\/\/www.instagram.com\/fadesp_ufpa\/","https:\/\/www.youtube.com\/@fundacaodeamparoedesenvolv1903","https:\/\/www.threads.net\/@fadesp_ufpa"]},{"@type":"Person","@id":"https:\/\/portalfadesp.org.br\/#\/schema\/person\/31709c4c8ec92d6bbdd2c1da60cf8d66","name":"Brena Marques","image":{"@type":"ImageObject","inLanguage":"pt-BR","@id":"https:\/\/portalfadesp.org.br\/#\/schema\/person\/image\/","url":"https:\/\/secure.gravatar.com\/avatar\/d8709cd0de324fbec018b6878350216726d26c3436f44ebee8f3db75e29728f3?s=96&d=mm&r=g","contentUrl":"https:\/\/secure.gravatar.com\/avatar\/d8709cd0de324fbec018b6878350216726d26c3436f44ebee8f3db75e29728f3?s=96&d=mm&r=g","caption":"Brena Marques"},"url":"https:\/\/portalfadesp.org.br\/?author=12"}]}},"_links":{"self":[{"href":"https:\/\/portalfadesp.org.br\/index.php?rest_route=\/wp\/v2\/posts\/52600","targetHints":{"allow":["GET"]}}],"collection":[{"href":"https:\/\/portalfadesp.org.br\/index.php?rest_route=\/wp\/v2\/posts"}],"about":[{"href":"https:\/\/portalfadesp.org.br\/index.php?rest_route=\/wp\/v2\/types\/post"}],"author":[{"embeddable":true,"href":"https:\/\/portalfadesp.org.br\/index.php?rest_route=\/wp\/v2\/users\/12"}],"replies":[{"embeddable":true,"href":"https:\/\/portalfadesp.org.br\/index.php?rest_route=%2Fwp%2Fv2%2Fcomments&post=52600"}],"version-history":[{"count":2,"href":"https:\/\/portalfadesp.org.br\/index.php?rest_route=\/wp\/v2\/posts\/52600\/revisions"}],"predecessor-version":[{"id":52608,"href":"https:\/\/portalfadesp.org.br\/index.php?rest_route=\/wp\/v2\/posts\/52600\/revisions\/52608"}],"wp:featuredmedia":[{"embeddable":true,"href":"https:\/\/portalfadesp.org.br\/index.php?rest_route=\/wp\/v2\/media\/52606"}],"wp:attachment":[{"href":"https:\/\/portalfadesp.org.br\/index.php?rest_route=%2Fwp%2Fv2%2Fmedia&parent=52600"}],"wp:term":[{"taxonomy":"category","embeddable":true,"href":"https:\/\/portalfadesp.org.br\/index.php?rest_route=%2Fwp%2Fv2%2Fcategories&post=52600"},{"taxonomy":"post_tag","embeddable":true,"href":"https:\/\/portalfadesp.org.br\/index.php?rest_route=%2Fwp%2Fv2%2Ftags&post=52600"}],"curies":[{"name":"wp","href":"https:\/\/api.w.org\/{rel}","templated":true}]}}