{"id":5260,"date":"2019-12-09T09:30:30","date_gmt":"2019-12-09T12:30:30","guid":{"rendered":"https:\/\/162.215.13.167?p=5260"},"modified":"2022-12-20T17:31:17","modified_gmt":"2022-12-20T20:31:17","slug":"ufpa-lanca-edital-de-matriculas-para-cursos-livres-de-lingua-estrangeira-ofertados-em-belem-as-inscricoes-comecam-com-o-nivelamento-dia-6-de-janeiro","status":"publish","type":"post","link":"https:\/\/portalfadesp.org.br\/?p=5260","title":{"rendered":"UFPA lan\u00e7a edital de matr\u00edculas para Cursos Livres de L\u00edngua Estrangeira ofertados em Bel\u00e9m. As inscri\u00e7\u00f5es come\u00e7am com o nivelamento, dia 6 de janeiro."},"content":{"rendered":"\n<p>A Universidade Federal do Par\u00e1 (UFPA) lan\u00e7ou o <strong><a href=\"..\/wp-content\/uploads\/2019\/12\/CLLE-EDITAL-DE-MATR\u00cdCULA-PARA-O-1\u00ba-SEMESTRE-DE-2020.pdf\" target=\"_blank\" rel=\"noreferrer noopener\">edital de matr\u00edculas para as turmas do primeiro semestre dos Cursos Livres de L\u00edngua Estrangeira (CLLE)<\/a><\/strong>. Ser\u00e3o ofertadas vagas para Ingl\u00eas, Franc\u00eas, Espanhol, \u00c1rabe Online e Portugu\u00eas para Estrangeiros. As inscri\u00e7\u00f5es ser\u00e3o realizadas no site da FADESP (<strong><a rel=\"noreferrer noopener\" aria-label=\"162.215.13.167). (abre numa nova aba)\" href=\"http:\/\/200.129.138.117:8082\/#\/turma-busca\" target=\"_blank\">www.portalfadesp.org.br).<\/a><\/strong> A partir do dia 6 de janeiro  ser\u00e1 para a prova de nivelamento e do dia 14 do mesmo m\u00eas para todas as turmas.<\/p>\n\n\n\n<p>Conforme o <strong><a href=\"https:\/\/162.215.13.167wp-content\/uploads\/2019\/12\/CLLE-EDITAL-DE-MATR\u00cdCULA-PARA-O-1\u00ba-SEMESTRE-DE-2020.pdf\" target=\"_blank\" rel=\"noreferrer noopener\" aria-label=\"edita (abre numa nova aba)\">edita<\/a><\/strong>l, os cursos de Ingl\u00eas, Franc\u00eas e Espanhol ter\u00e3o turmas regulares e instrumentais, todas presenciais. As turmas online ser\u00e3o de Ingl\u00eas Instrumental e \u00c1rabe. A turma de Portugu\u00eas para Estrangeiro ser\u00e1 intensiva.<\/p>\n\n\n\n<p>As inscri\u00e7\u00f5es obedecer\u00e3o a um calend\u00e1rio por n\u00edveis e\ntipo de curso. Para o primeiro n\u00edvel, a inscri\u00e7\u00e3o ser\u00e1 nos dias 14 e 15 de\njaneiro, mas aqueles que quiserem come\u00e7ar a partir dos pr\u00f3ximos n\u00edveis dever\u00e3o\nfazer a prova de nivelamento prevista para 10 de janeiro. <\/p>\n\n\n\n<p>A inscri\u00e7\u00e3o para nivelamento ser\u00e1 presencial, de 6 a 8 de\njaneiro, na secretaria dos CLLE. Ser\u00e1 cobrada taxa de R$ 10,00 e exigida a\napresenta\u00e7\u00e3o de documento de identidade com foto e certificado de conclus\u00e3o do\nEnsino M\u00e9dio. O resultado ser\u00e1 divulgado no dia 13 do mesmo m\u00eas.<\/p>\n\n\n\n<p>Como \u00e9 autofinanci\u00e1vel, o curso exige investimento de R$\n550,00 para as turmas de Portugu\u00eas para Estrangeiro e de R$ 430,00 para as\ndemais. O valor pode ser parcelado, conforme estabelece o edital.<\/p>\n\n\n\n<p>Os candidatos que se inscreverem, mas n\u00e3o pagarem o boleto de\nmatr\u00edcula dentro do prazo de vencimento ter\u00e3o as vagas reofertadas em\nfevereiro. As aulas ter\u00e3o in\u00edcio no dia 14 de fevereiro.<\/p>\n\n\n\n<p>Mais informa\u00e7\u00f5es pelo telefone (91) 3201-7524, email cursoslivres@ufpa.br e sites <a href=\"http:\/\/www.cursoslivresonline.com.br\">www.cursoslivresonline.com.br<\/a> e <a href=\"https:\/\/clleufpa.wixsite.com\/cursoslivres\" target=\"_blank\" rel=\"noreferrer noopener\" aria-label=\"www.clleufpa.wix.com\/cursoslivres. (abre numa nova aba)\">www.clleufpa.wix.com\/cursoslivres.<\/a><\/p>\n","protected":false},"excerpt":{"rendered":"<p>A Universidade Federal do Par\u00e1 (UFPA) lan\u00e7ou o edital de matr\u00edculas para as turmas do primeiro semestre dos Cursos Livres de L\u00edngua Estrangeira (CLLE). Ser\u00e3o ofertadas vagas para Ingl\u00eas, Franc\u00eas, Espanhol, \u00c1rabe Online e Portugu\u00eas para Estrangeiros. As inscri\u00e7\u00f5es ser\u00e3o realizadas no site da FADESP (www.portalfadesp.org.br). A partir do dia 6 de janeiro ser\u00e1 para [&hellip;]<\/p>\n","protected":false},"author":11,"featured_media":2165,"comment_status":"open","ping_status":"open","sticky":false,"template":"","format":"standard","meta":{"_monsterinsights_skip_tracking":false,"_monsterinsights_sitenote_active":false,"_monsterinsights_sitenote_note":"","_monsterinsights_sitenote_category":0,"footnotes":""},"categories":[11,15,83],"tags":[31,32,33],"class_list":["post-5260","post","type-post","status-publish","format-standard","has-post-thumbnail","hentry","category-cursos-livres","category-extensoes","category-ufpa","tag-cursos-livres","tag-linguas","tag-ufpa","entry","has-media"],"yoast_head":"<!-- This site is optimized with the Yoast SEO plugin v25.1 - https:\/\/yoast.com\/wordpress\/plugins\/seo\/ -->\n<title>UFPA lan\u00e7a edital de matr\u00edculas para Cursos Livres de L\u00edngua Estrangeira ofertados em Bel\u00e9m. As inscri\u00e7\u00f5es come\u00e7am com o nivelamento, dia 6 de janeiro. - FADESP<\/title>\n<meta name=\"robots\" content=\"index, follow, max-snippet:-1, max-image-preview:large, max-video-preview:-1\" \/>\n<link rel=\"canonical\" href=\"https:\/\/portalfadesp.org.br\/?p=5260\" \/>\n<meta property=\"og:locale\" content=\"pt_BR\" \/>\n<meta property=\"og:type\" content=\"article\" \/>\n<meta property=\"og:title\" content=\"UFPA lan\u00e7a edital de matr\u00edculas para Cursos Livres de L\u00edngua Estrangeira ofertados em Bel\u00e9m. As inscri\u00e7\u00f5es come\u00e7am com o nivelamento, dia 6 de janeiro. - FADESP\" \/>\n<meta property=\"og:description\" content=\"A Universidade Federal do Par\u00e1 (UFPA) lan\u00e7ou o edital de matr\u00edculas para as turmas do primeiro semestre dos Cursos Livres de L\u00edngua Estrangeira (CLLE). Ser\u00e3o ofertadas vagas para Ingl\u00eas, Franc\u00eas, Espanhol, \u00c1rabe Online e Portugu\u00eas para Estrangeiros. As inscri\u00e7\u00f5es ser\u00e3o realizadas no site da FADESP (www.portalfadesp.org.br). A partir do dia 6 de janeiro ser\u00e1 para [&hellip;]\" \/>\n<meta property=\"og:url\" content=\"https:\/\/portalfadesp.org.br\/?p=5260\" \/>\n<meta property=\"og:site_name\" content=\"FADESP\" \/>\n<meta property=\"article:publisher\" content=\"https:\/\/www.facebook.com\/Fadesp-138351949524662\/\" \/>\n<meta property=\"article:published_time\" content=\"2019-12-09T12:30:30+00:00\" \/>\n<meta property=\"article:modified_time\" content=\"2022-12-20T20:31:17+00:00\" \/>\n<meta property=\"og:image\" content=\"https:\/\/portalfadesp.org.br\/wp-content\/uploads\/2019\/06\/clle.jpg\" \/>\n\t<meta property=\"og:image:width\" content=\"250\" \/>\n\t<meta property=\"og:image:height\" content=\"140\" \/>\n\t<meta property=\"og:image:type\" content=\"image\/jpeg\" \/>\n<meta name=\"author\" content=\"Lorena Filgueiras\" \/>\n<meta name=\"twitter:card\" content=\"summary_large_image\" \/>\n<meta name=\"twitter:creator\" content=\"@Fadesp\" \/>\n<meta name=\"twitter:site\" content=\"@Fadesp\" \/>\n<meta name=\"twitter:label1\" content=\"Escrito por\" \/>\n\t<meta name=\"twitter:data1\" content=\"Lorena Filgueiras\" \/>\n\t<meta name=\"twitter:label2\" content=\"Est. tempo de leitura\" \/>\n\t<meta name=\"twitter:data2\" content=\"2 minutos\" \/>\n<script type=\"application\/ld+json\" class=\"yoast-schema-graph\">{\"@context\":\"https:\/\/schema.org\",\"@graph\":[{\"@type\":\"Article\",\"@id\":\"https:\/\/portalfadesp.org.br\/?p=5260#article\",\"isPartOf\":{\"@id\":\"https:\/\/portalfadesp.org.br\/?p=5260\"},\"author\":{\"name\":\"Lorena Filgueiras\",\"@id\":\"https:\/\/portalfadesp.org.br\/#\/schema\/person\/c1fa9db0c87dc412d1568e0e5e27be9c\"},\"headline\":\"UFPA lan\u00e7a edital de matr\u00edculas para Cursos Livres de L\u00edngua Estrangeira ofertados em Bel\u00e9m. As inscri\u00e7\u00f5es come\u00e7am com o nivelamento, dia 6 de janeiro.\",\"datePublished\":\"2019-12-09T12:30:30+00:00\",\"dateModified\":\"2022-12-20T20:31:17+00:00\",\"mainEntityOfPage\":{\"@id\":\"https:\/\/portalfadesp.org.br\/?p=5260\"},\"wordCount\":345,\"commentCount\":0,\"publisher\":{\"@id\":\"https:\/\/portalfadesp.org.br\/#organization\"},\"image\":{\"@id\":\"https:\/\/portalfadesp.org.br\/?p=5260#primaryimage\"},\"thumbnailUrl\":\"https:\/\/portalfadesp.org.br\/wp-content\/uploads\/2019\/06\/clle.jpg\",\"keywords\":[\"cursos livres\",\"l\u00ednguas\",\"UFPA\"],\"articleSection\":[\"Cursos Livres\",\"Extens\u00f5es\",\"UFPA\"],\"inLanguage\":\"pt-BR\"},{\"@type\":\"WebPage\",\"@id\":\"https:\/\/portalfadesp.org.br\/?p=5260\",\"url\":\"https:\/\/portalfadesp.org.br\/?p=5260\",\"name\":\"UFPA lan\u00e7a edital de matr\u00edculas para Cursos Livres de L\u00edngua Estrangeira ofertados em Bel\u00e9m. As inscri\u00e7\u00f5es come\u00e7am com o nivelamento, dia 6 de janeiro. - FADESP\",\"isPartOf\":{\"@id\":\"https:\/\/portalfadesp.org.br\/#website\"},\"primaryImageOfPage\":{\"@id\":\"https:\/\/portalfadesp.org.br\/?p=5260#primaryimage\"},\"image\":{\"@id\":\"https:\/\/portalfadesp.org.br\/?p=5260#primaryimage\"},\"thumbnailUrl\":\"https:\/\/portalfadesp.org.br\/wp-content\/uploads\/2019\/06\/clle.jpg\",\"datePublished\":\"2019-12-09T12:30:30+00:00\",\"dateModified\":\"2022-12-20T20:31:17+00:00\",\"breadcrumb\":{\"@id\":\"https:\/\/portalfadesp.org.br\/?p=5260#breadcrumb\"},\"inLanguage\":\"pt-BR\",\"potentialAction\":[{\"@type\":\"ReadAction\",\"target\":[\"https:\/\/portalfadesp.org.br\/?p=5260\"]}]},{\"@type\":\"ImageObject\",\"inLanguage\":\"pt-BR\",\"@id\":\"https:\/\/portalfadesp.org.br\/?p=5260#primaryimage\",\"url\":\"https:\/\/portalfadesp.org.br\/wp-content\/uploads\/2019\/06\/clle.jpg\",\"contentUrl\":\"https:\/\/portalfadesp.org.br\/wp-content\/uploads\/2019\/06\/clle.jpg\",\"width\":250,\"height\":140},{\"@type\":\"BreadcrumbList\",\"@id\":\"https:\/\/portalfadesp.org.br\/?p=5260#breadcrumb\",\"itemListElement\":[{\"@type\":\"ListItem\",\"position\":1,\"name\":\"In\u00edcio\",\"item\":\"https:\/\/portalfadesp.org.br\/\"},{\"@type\":\"ListItem\",\"position\":2,\"name\":\"UFPA lan\u00e7a edital de matr\u00edculas para Cursos Livres de L\u00edngua Estrangeira ofertados em Bel\u00e9m. As inscri\u00e7\u00f5es come\u00e7am com o nivelamento, dia 6 de janeiro.\"}]},{\"@type\":\"WebSite\",\"@id\":\"https:\/\/portalfadesp.org.br\/#website\",\"url\":\"https:\/\/portalfadesp.org.br\/\",\"name\":\"FADESP\",\"description\":\"Funda\u00e7\u00e3o de Amparo e Desenvolvimento da Pesquisa\",\"publisher\":{\"@id\":\"https:\/\/portalfadesp.org.br\/#organization\"},\"potentialAction\":[{\"@type\":\"SearchAction\",\"target\":{\"@type\":\"EntryPoint\",\"urlTemplate\":\"https:\/\/portalfadesp.org.br\/?s={search_term_string}\"},\"query-input\":{\"@type\":\"PropertyValueSpecification\",\"valueRequired\":true,\"valueName\":\"search_term_string\"}}],\"inLanguage\":\"pt-BR\"},{\"@type\":\"Organization\",\"@id\":\"https:\/\/portalfadesp.org.br\/#organization\",\"name\":\"FADESP\",\"url\":\"https:\/\/portalfadesp.org.br\/\",\"logo\":{\"@type\":\"ImageObject\",\"inLanguage\":\"pt-BR\",\"@id\":\"https:\/\/portalfadesp.org.br\/#\/schema\/logo\/image\/\",\"url\":\"https:\/\/portalfadesp.org.br\/wp-content\/uploads\/2024\/01\/NOVOLOGOFADESPlaranjaH.png\",\"contentUrl\":\"https:\/\/portalfadesp.org.br\/wp-content\/uploads\/2024\/01\/NOVOLOGOFADESPlaranjaH.png\",\"width\":2742,\"height\":839,\"caption\":\"FADESP\"},\"image\":{\"@id\":\"https:\/\/portalfadesp.org.br\/#\/schema\/logo\/image\/\"},\"sameAs\":[\"https:\/\/www.facebook.com\/Fadesp-138351949524662\/\",\"https:\/\/x.com\/Fadesp\",\"https:\/\/www.instagram.com\/fadesp_ufpa\/\",\"https:\/\/www.youtube.com\/@fundacaodeamparoedesenvolv1903\",\"https:\/\/www.threads.net\/@fadesp_ufpa\"]},{\"@type\":\"Person\",\"@id\":\"https:\/\/portalfadesp.org.br\/#\/schema\/person\/c1fa9db0c87dc412d1568e0e5e27be9c\",\"name\":\"Lorena Filgueiras\",\"image\":{\"@type\":\"ImageObject\",\"inLanguage\":\"pt-BR\",\"@id\":\"https:\/\/portalfadesp.org.br\/#\/schema\/person\/image\/\",\"url\":\"https:\/\/secure.gravatar.com\/avatar\/37390a2dfe1325c2917fc5f6df471abe8ab753cf23b2d14690f57bd61ab4b7cf?s=96&d=mm&r=g\",\"contentUrl\":\"https:\/\/secure.gravatar.com\/avatar\/37390a2dfe1325c2917fc5f6df471abe8ab753cf23b2d14690f57bd61ab4b7cf?s=96&d=mm&r=g\",\"caption\":\"Lorena Filgueiras\"},\"url\":\"https:\/\/portalfadesp.org.br\/?author=11\"}]}<\/script>\n<!-- \/ Yoast SEO plugin. -->","yoast_head_json":{"title":"UFPA lan\u00e7a edital de matr\u00edculas para Cursos Livres de L\u00edngua Estrangeira ofertados em Bel\u00e9m. As inscri\u00e7\u00f5es come\u00e7am com o nivelamento, dia 6 de janeiro. - FADESP","robots":{"index":"index","follow":"follow","max-snippet":"max-snippet:-1","max-image-preview":"max-image-preview:large","max-video-preview":"max-video-preview:-1"},"canonical":"https:\/\/portalfadesp.org.br\/?p=5260","og_locale":"pt_BR","og_type":"article","og_title":"UFPA lan\u00e7a edital de matr\u00edculas para Cursos Livres de L\u00edngua Estrangeira ofertados em Bel\u00e9m. As inscri\u00e7\u00f5es come\u00e7am com o nivelamento, dia 6 de janeiro. - FADESP","og_description":"A Universidade Federal do Par\u00e1 (UFPA) lan\u00e7ou o edital de matr\u00edculas para as turmas do primeiro semestre dos Cursos Livres de L\u00edngua Estrangeira (CLLE). Ser\u00e3o ofertadas vagas para Ingl\u00eas, Franc\u00eas, Espanhol, \u00c1rabe Online e Portugu\u00eas para Estrangeiros. As inscri\u00e7\u00f5es ser\u00e3o realizadas no site da FADESP (www.portalfadesp.org.br). A partir do dia 6 de janeiro ser\u00e1 para [&hellip;]","og_url":"https:\/\/portalfadesp.org.br\/?p=5260","og_site_name":"FADESP","article_publisher":"https:\/\/www.facebook.com\/Fadesp-138351949524662\/","article_published_time":"2019-12-09T12:30:30+00:00","article_modified_time":"2022-12-20T20:31:17+00:00","og_image":[{"width":250,"height":140,"url":"https:\/\/portalfadesp.org.br\/wp-content\/uploads\/2019\/06\/clle.jpg","type":"image\/jpeg"}],"author":"Lorena Filgueiras","twitter_card":"summary_large_image","twitter_creator":"@Fadesp","twitter_site":"@Fadesp","twitter_misc":{"Escrito por":"Lorena Filgueiras","Est. tempo de leitura":"2 minutos"},"schema":{"@context":"https:\/\/schema.org","@graph":[{"@type":"Article","@id":"https:\/\/portalfadesp.org.br\/?p=5260#article","isPartOf":{"@id":"https:\/\/portalfadesp.org.br\/?p=5260"},"author":{"name":"Lorena Filgueiras","@id":"https:\/\/portalfadesp.org.br\/#\/schema\/person\/c1fa9db0c87dc412d1568e0e5e27be9c"},"headline":"UFPA lan\u00e7a edital de matr\u00edculas para Cursos Livres de L\u00edngua Estrangeira ofertados em Bel\u00e9m. As inscri\u00e7\u00f5es come\u00e7am com o nivelamento, dia 6 de janeiro.","datePublished":"2019-12-09T12:30:30+00:00","dateModified":"2022-12-20T20:31:17+00:00","mainEntityOfPage":{"@id":"https:\/\/portalfadesp.org.br\/?p=5260"},"wordCount":345,"commentCount":0,"publisher":{"@id":"https:\/\/portalfadesp.org.br\/#organization"},"image":{"@id":"https:\/\/portalfadesp.org.br\/?p=5260#primaryimage"},"thumbnailUrl":"https:\/\/portalfadesp.org.br\/wp-content\/uploads\/2019\/06\/clle.jpg","keywords":["cursos livres","l\u00ednguas","UFPA"],"articleSection":["Cursos Livres","Extens\u00f5es","UFPA"],"inLanguage":"pt-BR"},{"@type":"WebPage","@id":"https:\/\/portalfadesp.org.br\/?p=5260","url":"https:\/\/portalfadesp.org.br\/?p=5260","name":"UFPA lan\u00e7a edital de matr\u00edculas para Cursos Livres de L\u00edngua Estrangeira ofertados em Bel\u00e9m. As inscri\u00e7\u00f5es come\u00e7am com o nivelamento, dia 6 de janeiro. - FADESP","isPartOf":{"@id":"https:\/\/portalfadesp.org.br\/#website"},"primaryImageOfPage":{"@id":"https:\/\/portalfadesp.org.br\/?p=5260#primaryimage"},"image":{"@id":"https:\/\/portalfadesp.org.br\/?p=5260#primaryimage"},"thumbnailUrl":"https:\/\/portalfadesp.org.br\/wp-content\/uploads\/2019\/06\/clle.jpg","datePublished":"2019-12-09T12:30:30+00:00","dateModified":"2022-12-20T20:31:17+00:00","breadcrumb":{"@id":"https:\/\/portalfadesp.org.br\/?p=5260#breadcrumb"},"inLanguage":"pt-BR","potentialAction":[{"@type":"ReadAction","target":["https:\/\/portalfadesp.org.br\/?p=5260"]}]},{"@type":"ImageObject","inLanguage":"pt-BR","@id":"https:\/\/portalfadesp.org.br\/?p=5260#primaryimage","url":"https:\/\/portalfadesp.org.br\/wp-content\/uploads\/2019\/06\/clle.jpg","contentUrl":"https:\/\/portalfadesp.org.br\/wp-content\/uploads\/2019\/06\/clle.jpg","width":250,"height":140},{"@type":"BreadcrumbList","@id":"https:\/\/portalfadesp.org.br\/?p=5260#breadcrumb","itemListElement":[{"@type":"ListItem","position":1,"name":"In\u00edcio","item":"https:\/\/portalfadesp.org.br\/"},{"@type":"ListItem","position":2,"name":"UFPA lan\u00e7a edital de matr\u00edculas para Cursos Livres de L\u00edngua Estrangeira ofertados em Bel\u00e9m. As inscri\u00e7\u00f5es come\u00e7am com o nivelamento, dia 6 de janeiro."}]},{"@type":"WebSite","@id":"https:\/\/portalfadesp.org.br\/#website","url":"https:\/\/portalfadesp.org.br\/","name":"FADESP","description":"Funda\u00e7\u00e3o de Amparo e Desenvolvimento da Pesquisa","publisher":{"@id":"https:\/\/portalfadesp.org.br\/#organization"},"potentialAction":[{"@type":"SearchAction","target":{"@type":"EntryPoint","urlTemplate":"https:\/\/portalfadesp.org.br\/?s={search_term_string}"},"query-input":{"@type":"PropertyValueSpecification","valueRequired":true,"valueName":"search_term_string"}}],"inLanguage":"pt-BR"},{"@type":"Organization","@id":"https:\/\/portalfadesp.org.br\/#organization","name":"FADESP","url":"https:\/\/portalfadesp.org.br\/","logo":{"@type":"ImageObject","inLanguage":"pt-BR","@id":"https:\/\/portalfadesp.org.br\/#\/schema\/logo\/image\/","url":"https:\/\/portalfadesp.org.br\/wp-content\/uploads\/2024\/01\/NOVOLOGOFADESPlaranjaH.png","contentUrl":"https:\/\/portalfadesp.org.br\/wp-content\/uploads\/2024\/01\/NOVOLOGOFADESPlaranjaH.png","width":2742,"height":839,"caption":"FADESP"},"image":{"@id":"https:\/\/portalfadesp.org.br\/#\/schema\/logo\/image\/"},"sameAs":["https:\/\/www.facebook.com\/Fadesp-138351949524662\/","https:\/\/x.com\/Fadesp","https:\/\/www.instagram.com\/fadesp_ufpa\/","https:\/\/www.youtube.com\/@fundacaodeamparoedesenvolv1903","https:\/\/www.threads.net\/@fadesp_ufpa"]},{"@type":"Person","@id":"https:\/\/portalfadesp.org.br\/#\/schema\/person\/c1fa9db0c87dc412d1568e0e5e27be9c","name":"Lorena Filgueiras","image":{"@type":"ImageObject","inLanguage":"pt-BR","@id":"https:\/\/portalfadesp.org.br\/#\/schema\/person\/image\/","url":"https:\/\/secure.gravatar.com\/avatar\/37390a2dfe1325c2917fc5f6df471abe8ab753cf23b2d14690f57bd61ab4b7cf?s=96&d=mm&r=g","contentUrl":"https:\/\/secure.gravatar.com\/avatar\/37390a2dfe1325c2917fc5f6df471abe8ab753cf23b2d14690f57bd61ab4b7cf?s=96&d=mm&r=g","caption":"Lorena Filgueiras"},"url":"https:\/\/portalfadesp.org.br\/?author=11"}]}},"_links":{"self":[{"href":"https:\/\/portalfadesp.org.br\/index.php?rest_route=\/wp\/v2\/posts\/5260","targetHints":{"allow":["GET"]}}],"collection":[{"href":"https:\/\/portalfadesp.org.br\/index.php?rest_route=\/wp\/v2\/posts"}],"about":[{"href":"https:\/\/portalfadesp.org.br\/index.php?rest_route=\/wp\/v2\/types\/post"}],"author":[{"embeddable":true,"href":"https:\/\/portalfadesp.org.br\/index.php?rest_route=\/wp\/v2\/users\/11"}],"replies":[{"embeddable":true,"href":"https:\/\/portalfadesp.org.br\/index.php?rest_route=%2Fwp%2Fv2%2Fcomments&post=5260"}],"version-history":[{"count":3,"href":"https:\/\/portalfadesp.org.br\/index.php?rest_route=\/wp\/v2\/posts\/5260\/revisions"}],"predecessor-version":[{"id":37762,"href":"https:\/\/portalfadesp.org.br\/index.php?rest_route=\/wp\/v2\/posts\/5260\/revisions\/37762"}],"wp:featuredmedia":[{"embeddable":true,"href":"https:\/\/portalfadesp.org.br\/index.php?rest_route=\/wp\/v2\/media\/2165"}],"wp:attachment":[{"href":"https:\/\/portalfadesp.org.br\/index.php?rest_route=%2Fwp%2Fv2%2Fmedia&parent=5260"}],"wp:term":[{"taxonomy":"category","embeddable":true,"href":"https:\/\/portalfadesp.org.br\/index.php?rest_route=%2Fwp%2Fv2%2Fcategories&post=5260"},{"taxonomy":"post_tag","embeddable":true,"href":"https:\/\/portalfadesp.org.br\/index.php?rest_route=%2Fwp%2Fv2%2Ftags&post=5260"}],"curies":[{"name":"wp","href":"https:\/\/api.w.org\/{rel}","templated":true}]}}