{"id":52590,"date":"2025-11-15T15:12:29","date_gmt":"2025-11-15T18:12:29","guid":{"rendered":"https:\/\/portalfadesp.org.br\/?p=52590"},"modified":"2025-11-15T15:13:25","modified_gmt":"2025-11-15T18:13:25","slug":"sonoridades-e-espiritualidades-afro-amazonicas-sao-celebradas-na-orla-da-ufpa","status":"publish","type":"post","link":"https:\/\/portalfadesp.org.br\/?p=52590","title":{"rendered":"Sonoridades e espiritualidades afro-amaz\u00f4nicas s\u00e3o celebradas na orla da UFPA"},"content":{"rendered":"\n<p>A noite de sexta-feira (14) na Bienal das Amaz\u00f4nias Sobre as \u00c1guas foi um encontro de afeto, tradi\u00e7\u00e3o e for\u00e7a cultural, embalado pelo ritmo ancestral da percuss\u00e3o.<\/p>\n\n\n\n<figure class=\"wp-block-image size-large\"><img fetchpriority=\"high\" decoding=\"async\" width=\"1024\" height=\"924\" src=\"https:\/\/portalfadesp.org.br\/wp-content\/uploads\/2025\/11\/IMG_6072-1024x924.jpg\" alt=\"\" class=\"wp-image-52591\" srcset=\"https:\/\/portalfadesp.org.br\/wp-content\/uploads\/2025\/11\/IMG_6072-1024x924.jpg 1024w, https:\/\/portalfadesp.org.br\/wp-content\/uploads\/2025\/11\/IMG_6072-300x271.jpg 300w, https:\/\/portalfadesp.org.br\/wp-content\/uploads\/2025\/11\/IMG_6072-768x693.jpg 768w, https:\/\/portalfadesp.org.br\/wp-content\/uploads\/2025\/11\/IMG_6072.jpg 1170w\" sizes=\"(max-width: 1024px) 100vw, 1024px\" \/><\/figure>\n\n\n\n<div style=\"height:20px\" aria-hidden=\"true\" class=\"wp-block-spacer\"><\/div>\n\n\n\n<p>Ancorado na orla da Universidade Federal do Par\u00e1, o barco-obra da Bienal das Amaz\u00f4nias Sobre as \u00c1guas se transformou em um templo flutuante, quando recebeu as apresenta\u00e7\u00f5es dos grupos musicais Pandeiro Livre e Coletivo Amazonizando.<br>Trajando branco e vermelho, os m\u00fasicos do Pandeiro Livre fizeram o p\u00fablico vibrar com sua energia. O projeto foi criado em 2018 pelo percussionista Douglas Dias.<\/p>\n\n\n\n<div style=\"height:20px\" aria-hidden=\"true\" class=\"wp-block-spacer\"><\/div>\n\n\n\n<p><br>J\u00e1 o Coletivo Amazonizando, trouxe ao barco-obra a sabedoria do Mestre Ivamar e o talento de Suane Braz\u00e3o. O encontro celebrou as percuss\u00f5es brasileiras e, em especial, as espiritualidades afro-amaz\u00f4nicas.<br>A Bienal das Amaz\u00f4nias Sobre as \u00c1guas na UFPA tem o patroc\u00ednio da Funda\u00e7\u00e3o de Amparo e Desenvolvimento da Pesquisa (FADESP), reafirmando o compromisso da FADESP em fomentar iniciativas que promovem o desenvolvimento cient\u00edfico, social e tecnol\u00f3gico da regi\u00e3o, reconhecendo a arte e a cultura como pilares de transforma\u00e7\u00e3o.<br>A Bienal das Amaz\u00f4nias Sobre as \u00c1guas na orla da UFPA chega ao fim neste s\u00e1bado, 15 de novembro, com uma programa\u00e7\u00e3o dedicada a exaltar o protagonismo feminino na Amaz\u00f4nia.<\/p>\n\n\n\n<figure class=\"wp-block-image size-large\"><img decoding=\"async\" width=\"1024\" height=\"890\" src=\"https:\/\/portalfadesp.org.br\/wp-content\/uploads\/2025\/11\/IMG_6073-1024x890.jpg\" alt=\"\" class=\"wp-image-52592\" srcset=\"https:\/\/portalfadesp.org.br\/wp-content\/uploads\/2025\/11\/IMG_6073-1024x890.jpg 1024w, https:\/\/portalfadesp.org.br\/wp-content\/uploads\/2025\/11\/IMG_6073-300x261.jpg 300w, https:\/\/portalfadesp.org.br\/wp-content\/uploads\/2025\/11\/IMG_6073-768x668.jpg 768w, https:\/\/portalfadesp.org.br\/wp-content\/uploads\/2025\/11\/IMG_6073.jpg 1170w\" sizes=\"(max-width: 1024px) 100vw, 1024px\" \/><\/figure>\n\n\n\n<div style=\"height:20px\" aria-hidden=\"true\" class=\"wp-block-spacer\"><\/div>\n\n\n\n<p><br>O dia do encerramento celebra as mulheres que guardam, transmitem e reinventam os saberes do territ\u00f3rio. A programa\u00e7\u00e3o trar\u00e1 o Lan\u00e7amento da S\u00e9rie \u201cMatriarcas\u201d, dirigida por Joyce Cursino e a exibi\u00e7\u00e3o do document\u00e1rio &#8220;Mestras\u201d, dirigido por Roberta Carvalho e A\u00edla.<\/p>\n\n\n\n<p><\/p>\n","protected":false},"excerpt":{"rendered":"<p>A noite de sexta-feira (14) na Bienal das Amaz\u00f4nias Sobre as \u00c1guas foi um encontro de afeto, tradi\u00e7\u00e3o e for\u00e7a cultural, embalado pelo ritmo ancestral da percuss\u00e3o. Ancorado na orla da Universidade Federal do Par\u00e1, o barco-obra da Bienal das Amaz\u00f4nias Sobre as \u00c1guas se transformou em um templo flutuante, quando recebeu as apresenta\u00e7\u00f5es dos [&hellip;]<\/p>\n","protected":false},"author":12,"featured_media":52593,"comment_status":"closed","ping_status":"closed","sticky":false,"template":"","format":"standard","meta":{"_monsterinsights_skip_tracking":false,"_monsterinsights_sitenote_active":false,"_monsterinsights_sitenote_note":"","_monsterinsights_sitenote_category":0,"footnotes":""},"categories":[1],"tags":[],"class_list":["post-52590","post","type-post","status-publish","format-standard","has-post-thumbnail","hentry","category-geral","entry","has-media"],"yoast_head":"<!-- This site is optimized with the Yoast SEO plugin v25.1 - https:\/\/yoast.com\/wordpress\/plugins\/seo\/ -->\n<title>Sonoridades e espiritualidades afro-amaz\u00f4nicas s\u00e3o celebradas na orla da UFPA - FADESP<\/title>\n<meta name=\"robots\" content=\"index, follow, max-snippet:-1, max-image-preview:large, max-video-preview:-1\" \/>\n<link rel=\"canonical\" href=\"https:\/\/portalfadesp.org.br\/?p=52590\" \/>\n<meta property=\"og:locale\" content=\"pt_BR\" \/>\n<meta property=\"og:type\" content=\"article\" \/>\n<meta property=\"og:title\" content=\"Sonoridades e espiritualidades afro-amaz\u00f4nicas s\u00e3o celebradas na orla da UFPA - FADESP\" \/>\n<meta property=\"og:description\" content=\"A noite de sexta-feira (14) na Bienal das Amaz\u00f4nias Sobre as \u00c1guas foi um encontro de afeto, tradi\u00e7\u00e3o e for\u00e7a cultural, embalado pelo ritmo ancestral da percuss\u00e3o. Ancorado na orla da Universidade Federal do Par\u00e1, o barco-obra da Bienal das Amaz\u00f4nias Sobre as \u00c1guas se transformou em um templo flutuante, quando recebeu as apresenta\u00e7\u00f5es dos [&hellip;]\" \/>\n<meta property=\"og:url\" content=\"https:\/\/portalfadesp.org.br\/?p=52590\" \/>\n<meta property=\"og:site_name\" content=\"FADESP\" \/>\n<meta property=\"article:publisher\" content=\"https:\/\/www.facebook.com\/Fadesp-138351949524662\/\" \/>\n<meta property=\"article:published_time\" content=\"2025-11-15T18:12:29+00:00\" \/>\n<meta property=\"article:modified_time\" content=\"2025-11-15T18:13:25+00:00\" \/>\n<meta property=\"og:image\" content=\"https:\/\/portalfadesp.org.br\/wp-content\/uploads\/2025\/11\/post_FADESP_orla_story.jpg\" \/>\n\t<meta property=\"og:image:width\" content=\"1080\" \/>\n\t<meta property=\"og:image:height\" content=\"1920\" \/>\n\t<meta property=\"og:image:type\" content=\"image\/jpeg\" \/>\n<meta name=\"author\" content=\"Brena Marques\" \/>\n<meta name=\"twitter:card\" content=\"summary_large_image\" \/>\n<meta name=\"twitter:creator\" content=\"@Fadesp\" \/>\n<meta name=\"twitter:site\" content=\"@Fadesp\" \/>\n<meta name=\"twitter:label1\" content=\"Escrito por\" \/>\n\t<meta name=\"twitter:data1\" content=\"Brena Marques\" \/>\n\t<meta name=\"twitter:label2\" content=\"Est. tempo de leitura\" \/>\n\t<meta name=\"twitter:data2\" content=\"2 minutos\" \/>\n<script type=\"application\/ld+json\" class=\"yoast-schema-graph\">{\"@context\":\"https:\/\/schema.org\",\"@graph\":[{\"@type\":\"Article\",\"@id\":\"https:\/\/portalfadesp.org.br\/?p=52590#article\",\"isPartOf\":{\"@id\":\"https:\/\/portalfadesp.org.br\/?p=52590\"},\"author\":{\"name\":\"Brena Marques\",\"@id\":\"https:\/\/portalfadesp.org.br\/#\/schema\/person\/31709c4c8ec92d6bbdd2c1da60cf8d66\"},\"headline\":\"Sonoridades e espiritualidades afro-amaz\u00f4nicas s\u00e3o celebradas na orla da UFPA\",\"datePublished\":\"2025-11-15T18:12:29+00:00\",\"dateModified\":\"2025-11-15T18:13:25+00:00\",\"mainEntityOfPage\":{\"@id\":\"https:\/\/portalfadesp.org.br\/?p=52590\"},\"wordCount\":275,\"publisher\":{\"@id\":\"https:\/\/portalfadesp.org.br\/#organization\"},\"image\":{\"@id\":\"https:\/\/portalfadesp.org.br\/?p=52590#primaryimage\"},\"thumbnailUrl\":\"https:\/\/portalfadesp.org.br\/wp-content\/uploads\/2025\/11\/post_FADESP_orla_story.jpg\",\"articleSection\":[\"Geral\"],\"inLanguage\":\"pt-BR\"},{\"@type\":\"WebPage\",\"@id\":\"https:\/\/portalfadesp.org.br\/?p=52590\",\"url\":\"https:\/\/portalfadesp.org.br\/?p=52590\",\"name\":\"Sonoridades e espiritualidades afro-amaz\u00f4nicas s\u00e3o celebradas na orla da UFPA - FADESP\",\"isPartOf\":{\"@id\":\"https:\/\/portalfadesp.org.br\/#website\"},\"primaryImageOfPage\":{\"@id\":\"https:\/\/portalfadesp.org.br\/?p=52590#primaryimage\"},\"image\":{\"@id\":\"https:\/\/portalfadesp.org.br\/?p=52590#primaryimage\"},\"thumbnailUrl\":\"https:\/\/portalfadesp.org.br\/wp-content\/uploads\/2025\/11\/post_FADESP_orla_story.jpg\",\"datePublished\":\"2025-11-15T18:12:29+00:00\",\"dateModified\":\"2025-11-15T18:13:25+00:00\",\"breadcrumb\":{\"@id\":\"https:\/\/portalfadesp.org.br\/?p=52590#breadcrumb\"},\"inLanguage\":\"pt-BR\",\"potentialAction\":[{\"@type\":\"ReadAction\",\"target\":[\"https:\/\/portalfadesp.org.br\/?p=52590\"]}]},{\"@type\":\"ImageObject\",\"inLanguage\":\"pt-BR\",\"@id\":\"https:\/\/portalfadesp.org.br\/?p=52590#primaryimage\",\"url\":\"https:\/\/portalfadesp.org.br\/wp-content\/uploads\/2025\/11\/post_FADESP_orla_story.jpg\",\"contentUrl\":\"https:\/\/portalfadesp.org.br\/wp-content\/uploads\/2025\/11\/post_FADESP_orla_story.jpg\",\"width\":1080,\"height\":1920},{\"@type\":\"BreadcrumbList\",\"@id\":\"https:\/\/portalfadesp.org.br\/?p=52590#breadcrumb\",\"itemListElement\":[{\"@type\":\"ListItem\",\"position\":1,\"name\":\"In\u00edcio\",\"item\":\"https:\/\/portalfadesp.org.br\/\"},{\"@type\":\"ListItem\",\"position\":2,\"name\":\"Sonoridades e espiritualidades afro-amaz\u00f4nicas s\u00e3o celebradas na orla da UFPA\"}]},{\"@type\":\"WebSite\",\"@id\":\"https:\/\/portalfadesp.org.br\/#website\",\"url\":\"https:\/\/portalfadesp.org.br\/\",\"name\":\"FADESP\",\"description\":\"Funda\u00e7\u00e3o de Amparo e Desenvolvimento da Pesquisa\",\"publisher\":{\"@id\":\"https:\/\/portalfadesp.org.br\/#organization\"},\"potentialAction\":[{\"@type\":\"SearchAction\",\"target\":{\"@type\":\"EntryPoint\",\"urlTemplate\":\"https:\/\/portalfadesp.org.br\/?s={search_term_string}\"},\"query-input\":{\"@type\":\"PropertyValueSpecification\",\"valueRequired\":true,\"valueName\":\"search_term_string\"}}],\"inLanguage\":\"pt-BR\"},{\"@type\":\"Organization\",\"@id\":\"https:\/\/portalfadesp.org.br\/#organization\",\"name\":\"FADESP\",\"url\":\"https:\/\/portalfadesp.org.br\/\",\"logo\":{\"@type\":\"ImageObject\",\"inLanguage\":\"pt-BR\",\"@id\":\"https:\/\/portalfadesp.org.br\/#\/schema\/logo\/image\/\",\"url\":\"https:\/\/portalfadesp.org.br\/wp-content\/uploads\/2024\/01\/NOVOLOGOFADESPlaranjaH.png\",\"contentUrl\":\"https:\/\/portalfadesp.org.br\/wp-content\/uploads\/2024\/01\/NOVOLOGOFADESPlaranjaH.png\",\"width\":2742,\"height\":839,\"caption\":\"FADESP\"},\"image\":{\"@id\":\"https:\/\/portalfadesp.org.br\/#\/schema\/logo\/image\/\"},\"sameAs\":[\"https:\/\/www.facebook.com\/Fadesp-138351949524662\/\",\"https:\/\/x.com\/Fadesp\",\"https:\/\/www.instagram.com\/fadesp_ufpa\/\",\"https:\/\/www.youtube.com\/@fundacaodeamparoedesenvolv1903\",\"https:\/\/www.threads.net\/@fadesp_ufpa\"]},{\"@type\":\"Person\",\"@id\":\"https:\/\/portalfadesp.org.br\/#\/schema\/person\/31709c4c8ec92d6bbdd2c1da60cf8d66\",\"name\":\"Brena Marques\",\"image\":{\"@type\":\"ImageObject\",\"inLanguage\":\"pt-BR\",\"@id\":\"https:\/\/portalfadesp.org.br\/#\/schema\/person\/image\/\",\"url\":\"https:\/\/secure.gravatar.com\/avatar\/d8709cd0de324fbec018b6878350216726d26c3436f44ebee8f3db75e29728f3?s=96&d=mm&r=g\",\"contentUrl\":\"https:\/\/secure.gravatar.com\/avatar\/d8709cd0de324fbec018b6878350216726d26c3436f44ebee8f3db75e29728f3?s=96&d=mm&r=g\",\"caption\":\"Brena Marques\"},\"url\":\"https:\/\/portalfadesp.org.br\/?author=12\"}]}<\/script>\n<!-- \/ Yoast SEO plugin. -->","yoast_head_json":{"title":"Sonoridades e espiritualidades afro-amaz\u00f4nicas s\u00e3o celebradas na orla da UFPA - FADESP","robots":{"index":"index","follow":"follow","max-snippet":"max-snippet:-1","max-image-preview":"max-image-preview:large","max-video-preview":"max-video-preview:-1"},"canonical":"https:\/\/portalfadesp.org.br\/?p=52590","og_locale":"pt_BR","og_type":"article","og_title":"Sonoridades e espiritualidades afro-amaz\u00f4nicas s\u00e3o celebradas na orla da UFPA - FADESP","og_description":"A noite de sexta-feira (14) na Bienal das Amaz\u00f4nias Sobre as \u00c1guas foi um encontro de afeto, tradi\u00e7\u00e3o e for\u00e7a cultural, embalado pelo ritmo ancestral da percuss\u00e3o. Ancorado na orla da Universidade Federal do Par\u00e1, o barco-obra da Bienal das Amaz\u00f4nias Sobre as \u00c1guas se transformou em um templo flutuante, quando recebeu as apresenta\u00e7\u00f5es dos [&hellip;]","og_url":"https:\/\/portalfadesp.org.br\/?p=52590","og_site_name":"FADESP","article_publisher":"https:\/\/www.facebook.com\/Fadesp-138351949524662\/","article_published_time":"2025-11-15T18:12:29+00:00","article_modified_time":"2025-11-15T18:13:25+00:00","og_image":[{"width":1080,"height":1920,"url":"https:\/\/portalfadesp.org.br\/wp-content\/uploads\/2025\/11\/post_FADESP_orla_story.jpg","type":"image\/jpeg"}],"author":"Brena Marques","twitter_card":"summary_large_image","twitter_creator":"@Fadesp","twitter_site":"@Fadesp","twitter_misc":{"Escrito por":"Brena Marques","Est. tempo de leitura":"2 minutos"},"schema":{"@context":"https:\/\/schema.org","@graph":[{"@type":"Article","@id":"https:\/\/portalfadesp.org.br\/?p=52590#article","isPartOf":{"@id":"https:\/\/portalfadesp.org.br\/?p=52590"},"author":{"name":"Brena Marques","@id":"https:\/\/portalfadesp.org.br\/#\/schema\/person\/31709c4c8ec92d6bbdd2c1da60cf8d66"},"headline":"Sonoridades e espiritualidades afro-amaz\u00f4nicas s\u00e3o celebradas na orla da UFPA","datePublished":"2025-11-15T18:12:29+00:00","dateModified":"2025-11-15T18:13:25+00:00","mainEntityOfPage":{"@id":"https:\/\/portalfadesp.org.br\/?p=52590"},"wordCount":275,"publisher":{"@id":"https:\/\/portalfadesp.org.br\/#organization"},"image":{"@id":"https:\/\/portalfadesp.org.br\/?p=52590#primaryimage"},"thumbnailUrl":"https:\/\/portalfadesp.org.br\/wp-content\/uploads\/2025\/11\/post_FADESP_orla_story.jpg","articleSection":["Geral"],"inLanguage":"pt-BR"},{"@type":"WebPage","@id":"https:\/\/portalfadesp.org.br\/?p=52590","url":"https:\/\/portalfadesp.org.br\/?p=52590","name":"Sonoridades e espiritualidades afro-amaz\u00f4nicas s\u00e3o celebradas na orla da UFPA - FADESP","isPartOf":{"@id":"https:\/\/portalfadesp.org.br\/#website"},"primaryImageOfPage":{"@id":"https:\/\/portalfadesp.org.br\/?p=52590#primaryimage"},"image":{"@id":"https:\/\/portalfadesp.org.br\/?p=52590#primaryimage"},"thumbnailUrl":"https:\/\/portalfadesp.org.br\/wp-content\/uploads\/2025\/11\/post_FADESP_orla_story.jpg","datePublished":"2025-11-15T18:12:29+00:00","dateModified":"2025-11-15T18:13:25+00:00","breadcrumb":{"@id":"https:\/\/portalfadesp.org.br\/?p=52590#breadcrumb"},"inLanguage":"pt-BR","potentialAction":[{"@type":"ReadAction","target":["https:\/\/portalfadesp.org.br\/?p=52590"]}]},{"@type":"ImageObject","inLanguage":"pt-BR","@id":"https:\/\/portalfadesp.org.br\/?p=52590#primaryimage","url":"https:\/\/portalfadesp.org.br\/wp-content\/uploads\/2025\/11\/post_FADESP_orla_story.jpg","contentUrl":"https:\/\/portalfadesp.org.br\/wp-content\/uploads\/2025\/11\/post_FADESP_orla_story.jpg","width":1080,"height":1920},{"@type":"BreadcrumbList","@id":"https:\/\/portalfadesp.org.br\/?p=52590#breadcrumb","itemListElement":[{"@type":"ListItem","position":1,"name":"In\u00edcio","item":"https:\/\/portalfadesp.org.br\/"},{"@type":"ListItem","position":2,"name":"Sonoridades e espiritualidades afro-amaz\u00f4nicas s\u00e3o celebradas na orla da UFPA"}]},{"@type":"WebSite","@id":"https:\/\/portalfadesp.org.br\/#website","url":"https:\/\/portalfadesp.org.br\/","name":"FADESP","description":"Funda\u00e7\u00e3o de Amparo e Desenvolvimento da Pesquisa","publisher":{"@id":"https:\/\/portalfadesp.org.br\/#organization"},"potentialAction":[{"@type":"SearchAction","target":{"@type":"EntryPoint","urlTemplate":"https:\/\/portalfadesp.org.br\/?s={search_term_string}"},"query-input":{"@type":"PropertyValueSpecification","valueRequired":true,"valueName":"search_term_string"}}],"inLanguage":"pt-BR"},{"@type":"Organization","@id":"https:\/\/portalfadesp.org.br\/#organization","name":"FADESP","url":"https:\/\/portalfadesp.org.br\/","logo":{"@type":"ImageObject","inLanguage":"pt-BR","@id":"https:\/\/portalfadesp.org.br\/#\/schema\/logo\/image\/","url":"https:\/\/portalfadesp.org.br\/wp-content\/uploads\/2024\/01\/NOVOLOGOFADESPlaranjaH.png","contentUrl":"https:\/\/portalfadesp.org.br\/wp-content\/uploads\/2024\/01\/NOVOLOGOFADESPlaranjaH.png","width":2742,"height":839,"caption":"FADESP"},"image":{"@id":"https:\/\/portalfadesp.org.br\/#\/schema\/logo\/image\/"},"sameAs":["https:\/\/www.facebook.com\/Fadesp-138351949524662\/","https:\/\/x.com\/Fadesp","https:\/\/www.instagram.com\/fadesp_ufpa\/","https:\/\/www.youtube.com\/@fundacaodeamparoedesenvolv1903","https:\/\/www.threads.net\/@fadesp_ufpa"]},{"@type":"Person","@id":"https:\/\/portalfadesp.org.br\/#\/schema\/person\/31709c4c8ec92d6bbdd2c1da60cf8d66","name":"Brena Marques","image":{"@type":"ImageObject","inLanguage":"pt-BR","@id":"https:\/\/portalfadesp.org.br\/#\/schema\/person\/image\/","url":"https:\/\/secure.gravatar.com\/avatar\/d8709cd0de324fbec018b6878350216726d26c3436f44ebee8f3db75e29728f3?s=96&d=mm&r=g","contentUrl":"https:\/\/secure.gravatar.com\/avatar\/d8709cd0de324fbec018b6878350216726d26c3436f44ebee8f3db75e29728f3?s=96&d=mm&r=g","caption":"Brena Marques"},"url":"https:\/\/portalfadesp.org.br\/?author=12"}]}},"_links":{"self":[{"href":"https:\/\/portalfadesp.org.br\/index.php?rest_route=\/wp\/v2\/posts\/52590","targetHints":{"allow":["GET"]}}],"collection":[{"href":"https:\/\/portalfadesp.org.br\/index.php?rest_route=\/wp\/v2\/posts"}],"about":[{"href":"https:\/\/portalfadesp.org.br\/index.php?rest_route=\/wp\/v2\/types\/post"}],"author":[{"embeddable":true,"href":"https:\/\/portalfadesp.org.br\/index.php?rest_route=\/wp\/v2\/users\/12"}],"replies":[{"embeddable":true,"href":"https:\/\/portalfadesp.org.br\/index.php?rest_route=%2Fwp%2Fv2%2Fcomments&post=52590"}],"version-history":[{"count":2,"href":"https:\/\/portalfadesp.org.br\/index.php?rest_route=\/wp\/v2\/posts\/52590\/revisions"}],"predecessor-version":[{"id":52595,"href":"https:\/\/portalfadesp.org.br\/index.php?rest_route=\/wp\/v2\/posts\/52590\/revisions\/52595"}],"wp:featuredmedia":[{"embeddable":true,"href":"https:\/\/portalfadesp.org.br\/index.php?rest_route=\/wp\/v2\/media\/52593"}],"wp:attachment":[{"href":"https:\/\/portalfadesp.org.br\/index.php?rest_route=%2Fwp%2Fv2%2Fmedia&parent=52590"}],"wp:term":[{"taxonomy":"category","embeddable":true,"href":"https:\/\/portalfadesp.org.br\/index.php?rest_route=%2Fwp%2Fv2%2Fcategories&post=52590"},{"taxonomy":"post_tag","embeddable":true,"href":"https:\/\/portalfadesp.org.br\/index.php?rest_route=%2Fwp%2Fv2%2Ftags&post=52590"}],"curies":[{"name":"wp","href":"https:\/\/api.w.org\/{rel}","templated":true}]}}