{"id":52580,"date":"2025-11-14T18:33:54","date_gmt":"2025-11-14T21:33:54","guid":{"rendered":"https:\/\/portalfadesp.org.br\/?p=52580"},"modified":"2025-11-14T18:34:55","modified_gmt":"2025-11-14T21:34:55","slug":"fadesp-doa-tablets-para-escola-de-musica-da-ufpa","status":"publish","type":"post","link":"https:\/\/portalfadesp.org.br\/?p=52580","title":{"rendered":"FADESP doa tablets para Escola de M\u00fasica da UFPA"},"content":{"rendered":"\n<p>A FADESP doou para a Escola de M\u00fasica da Universidade Federal do Par\u00e1 (MUFPA) 13 tablets. O diretor executivo da FADESP, Roberto Ferraz Barreto, realizou a entrega dos equipamentos ao diretor da MUFPA Celson Henrique Sousa Gomes. \u201cNossa orquestra lia as partituras impressas em papel. Com a doa\u00e7\u00e3o da FADESP, agora ser\u00e1 poss\u00edvel digitalizar e disponibilizar as partituras para os tablets\u201d, afirmou Sousa Gomes.<\/p>\n\n\n\n<div style=\"height:20px\" aria-hidden=\"true\" class=\"wp-block-spacer\"><\/div>\n\n\n\n<p><br>\u201cEstamos muito felizes em possibilitar isso \u00e0 MUFPA. Esperamos que os meninos e meninas que estudam m\u00fasica possam tirar o melhor proveito desta doa\u00e7\u00e3o\u201d, finalizou Barreto.<\/p>\n","protected":false},"excerpt":{"rendered":"<p>A FADESP doou para a Escola de M\u00fasica da Universidade Federal do Par\u00e1 (MUFPA) 13 tablets. O diretor executivo da FADESP, Roberto Ferraz Barreto, realizou a entrega dos equipamentos ao diretor da MUFPA Celson Henrique Sousa Gomes. \u201cNossa orquestra lia as partituras impressas em papel. Com a doa\u00e7\u00e3o da FADESP, agora ser\u00e1 poss\u00edvel digitalizar e [&hellip;]<\/p>\n","protected":false},"author":12,"featured_media":52583,"comment_status":"closed","ping_status":"closed","sticky":false,"template":"","format":"standard","meta":{"_monsterinsights_skip_tracking":false,"_monsterinsights_sitenote_active":false,"_monsterinsights_sitenote_note":"","_monsterinsights_sitenote_category":0,"footnotes":""},"categories":[1],"tags":[],"class_list":["post-52580","post","type-post","status-publish","format-standard","has-post-thumbnail","hentry","category-geral","entry","has-media"],"yoast_head":"<!-- This site is optimized with the Yoast SEO plugin v25.1 - https:\/\/yoast.com\/wordpress\/plugins\/seo\/ -->\n<title>FADESP doa tablets para Escola de M\u00fasica da UFPA - FADESP<\/title>\n<meta name=\"robots\" content=\"index, follow, max-snippet:-1, max-image-preview:large, max-video-preview:-1\" \/>\n<link rel=\"canonical\" href=\"https:\/\/portalfadesp.org.br\/?p=52580\" \/>\n<meta property=\"og:locale\" content=\"pt_BR\" \/>\n<meta property=\"og:type\" content=\"article\" \/>\n<meta property=\"og:title\" content=\"FADESP doa tablets para Escola de M\u00fasica da UFPA - FADESP\" \/>\n<meta property=\"og:description\" content=\"A FADESP doou para a Escola de M\u00fasica da Universidade Federal do Par\u00e1 (MUFPA) 13 tablets. O diretor executivo da FADESP, Roberto Ferraz Barreto, realizou a entrega dos equipamentos ao diretor da MUFPA Celson Henrique Sousa Gomes. \u201cNossa orquestra lia as partituras impressas em papel. Com a doa\u00e7\u00e3o da FADESP, agora ser\u00e1 poss\u00edvel digitalizar e [&hellip;]\" \/>\n<meta property=\"og:url\" content=\"https:\/\/portalfadesp.org.br\/?p=52580\" \/>\n<meta property=\"og:site_name\" content=\"FADESP\" \/>\n<meta property=\"article:publisher\" content=\"https:\/\/www.facebook.com\/Fadesp-138351949524662\/\" \/>\n<meta property=\"article:published_time\" content=\"2025-11-14T21:33:54+00:00\" \/>\n<meta property=\"article:modified_time\" content=\"2025-11-14T21:34:55+00:00\" \/>\n<meta property=\"og:image\" content=\"https:\/\/portalfadesp.org.br\/wp-content\/uploads\/2025\/11\/WhatsApp-Image-2025-11-14-at-17.45.24.jpeg\" \/>\n\t<meta property=\"og:image:width\" content=\"1600\" \/>\n\t<meta property=\"og:image:height\" content=\"1200\" \/>\n\t<meta property=\"og:image:type\" content=\"image\/jpeg\" \/>\n<meta name=\"author\" content=\"Brena Marques\" \/>\n<meta name=\"twitter:card\" content=\"summary_large_image\" \/>\n<meta name=\"twitter:creator\" content=\"@Fadesp\" \/>\n<meta name=\"twitter:site\" content=\"@Fadesp\" \/>\n<meta name=\"twitter:label1\" content=\"Escrito por\" \/>\n\t<meta name=\"twitter:data1\" content=\"Brena Marques\" \/>\n\t<meta name=\"twitter:label2\" content=\"Est. tempo de leitura\" \/>\n\t<meta name=\"twitter:data2\" content=\"1 minuto\" \/>\n<script type=\"application\/ld+json\" class=\"yoast-schema-graph\">{\"@context\":\"https:\/\/schema.org\",\"@graph\":[{\"@type\":\"Article\",\"@id\":\"https:\/\/portalfadesp.org.br\/?p=52580#article\",\"isPartOf\":{\"@id\":\"https:\/\/portalfadesp.org.br\/?p=52580\"},\"author\":{\"name\":\"Brena Marques\",\"@id\":\"https:\/\/portalfadesp.org.br\/#\/schema\/person\/31709c4c8ec92d6bbdd2c1da60cf8d66\"},\"headline\":\"FADESP doa tablets para Escola de M\u00fasica da UFPA\",\"datePublished\":\"2025-11-14T21:33:54+00:00\",\"dateModified\":\"2025-11-14T21:34:55+00:00\",\"mainEntityOfPage\":{\"@id\":\"https:\/\/portalfadesp.org.br\/?p=52580\"},\"wordCount\":103,\"publisher\":{\"@id\":\"https:\/\/portalfadesp.org.br\/#organization\"},\"image\":{\"@id\":\"https:\/\/portalfadesp.org.br\/?p=52580#primaryimage\"},\"thumbnailUrl\":\"https:\/\/portalfadesp.org.br\/wp-content\/uploads\/2025\/11\/WhatsApp-Image-2025-11-14-at-17.45.24.jpeg\",\"articleSection\":[\"Geral\"],\"inLanguage\":\"pt-BR\"},{\"@type\":\"WebPage\",\"@id\":\"https:\/\/portalfadesp.org.br\/?p=52580\",\"url\":\"https:\/\/portalfadesp.org.br\/?p=52580\",\"name\":\"FADESP doa tablets para Escola de M\u00fasica da UFPA - FADESP\",\"isPartOf\":{\"@id\":\"https:\/\/portalfadesp.org.br\/#website\"},\"primaryImageOfPage\":{\"@id\":\"https:\/\/portalfadesp.org.br\/?p=52580#primaryimage\"},\"image\":{\"@id\":\"https:\/\/portalfadesp.org.br\/?p=52580#primaryimage\"},\"thumbnailUrl\":\"https:\/\/portalfadesp.org.br\/wp-content\/uploads\/2025\/11\/WhatsApp-Image-2025-11-14-at-17.45.24.jpeg\",\"datePublished\":\"2025-11-14T21:33:54+00:00\",\"dateModified\":\"2025-11-14T21:34:55+00:00\",\"breadcrumb\":{\"@id\":\"https:\/\/portalfadesp.org.br\/?p=52580#breadcrumb\"},\"inLanguage\":\"pt-BR\",\"potentialAction\":[{\"@type\":\"ReadAction\",\"target\":[\"https:\/\/portalfadesp.org.br\/?p=52580\"]}]},{\"@type\":\"ImageObject\",\"inLanguage\":\"pt-BR\",\"@id\":\"https:\/\/portalfadesp.org.br\/?p=52580#primaryimage\",\"url\":\"https:\/\/portalfadesp.org.br\/wp-content\/uploads\/2025\/11\/WhatsApp-Image-2025-11-14-at-17.45.24.jpeg\",\"contentUrl\":\"https:\/\/portalfadesp.org.br\/wp-content\/uploads\/2025\/11\/WhatsApp-Image-2025-11-14-at-17.45.24.jpeg\",\"width\":1600,\"height\":1200},{\"@type\":\"BreadcrumbList\",\"@id\":\"https:\/\/portalfadesp.org.br\/?p=52580#breadcrumb\",\"itemListElement\":[{\"@type\":\"ListItem\",\"position\":1,\"name\":\"In\u00edcio\",\"item\":\"https:\/\/portalfadesp.org.br\/\"},{\"@type\":\"ListItem\",\"position\":2,\"name\":\"FADESP doa tablets para Escola de M\u00fasica da UFPA\"}]},{\"@type\":\"WebSite\",\"@id\":\"https:\/\/portalfadesp.org.br\/#website\",\"url\":\"https:\/\/portalfadesp.org.br\/\",\"name\":\"FADESP\",\"description\":\"Funda\u00e7\u00e3o de Amparo e Desenvolvimento da Pesquisa\",\"publisher\":{\"@id\":\"https:\/\/portalfadesp.org.br\/#organization\"},\"potentialAction\":[{\"@type\":\"SearchAction\",\"target\":{\"@type\":\"EntryPoint\",\"urlTemplate\":\"https:\/\/portalfadesp.org.br\/?s={search_term_string}\"},\"query-input\":{\"@type\":\"PropertyValueSpecification\",\"valueRequired\":true,\"valueName\":\"search_term_string\"}}],\"inLanguage\":\"pt-BR\"},{\"@type\":\"Organization\",\"@id\":\"https:\/\/portalfadesp.org.br\/#organization\",\"name\":\"FADESP\",\"url\":\"https:\/\/portalfadesp.org.br\/\",\"logo\":{\"@type\":\"ImageObject\",\"inLanguage\":\"pt-BR\",\"@id\":\"https:\/\/portalfadesp.org.br\/#\/schema\/logo\/image\/\",\"url\":\"https:\/\/portalfadesp.org.br\/wp-content\/uploads\/2024\/01\/NOVOLOGOFADESPlaranjaH.png\",\"contentUrl\":\"https:\/\/portalfadesp.org.br\/wp-content\/uploads\/2024\/01\/NOVOLOGOFADESPlaranjaH.png\",\"width\":2742,\"height\":839,\"caption\":\"FADESP\"},\"image\":{\"@id\":\"https:\/\/portalfadesp.org.br\/#\/schema\/logo\/image\/\"},\"sameAs\":[\"https:\/\/www.facebook.com\/Fadesp-138351949524662\/\",\"https:\/\/x.com\/Fadesp\",\"https:\/\/www.instagram.com\/fadesp_ufpa\/\",\"https:\/\/www.youtube.com\/@fundacaodeamparoedesenvolv1903\",\"https:\/\/www.threads.net\/@fadesp_ufpa\"]},{\"@type\":\"Person\",\"@id\":\"https:\/\/portalfadesp.org.br\/#\/schema\/person\/31709c4c8ec92d6bbdd2c1da60cf8d66\",\"name\":\"Brena Marques\",\"image\":{\"@type\":\"ImageObject\",\"inLanguage\":\"pt-BR\",\"@id\":\"https:\/\/portalfadesp.org.br\/#\/schema\/person\/image\/\",\"url\":\"https:\/\/secure.gravatar.com\/avatar\/d8709cd0de324fbec018b6878350216726d26c3436f44ebee8f3db75e29728f3?s=96&d=mm&r=g\",\"contentUrl\":\"https:\/\/secure.gravatar.com\/avatar\/d8709cd0de324fbec018b6878350216726d26c3436f44ebee8f3db75e29728f3?s=96&d=mm&r=g\",\"caption\":\"Brena Marques\"},\"url\":\"https:\/\/portalfadesp.org.br\/?author=12\"}]}<\/script>\n<!-- \/ Yoast SEO plugin. -->","yoast_head_json":{"title":"FADESP doa tablets para Escola de M\u00fasica da UFPA - FADESP","robots":{"index":"index","follow":"follow","max-snippet":"max-snippet:-1","max-image-preview":"max-image-preview:large","max-video-preview":"max-video-preview:-1"},"canonical":"https:\/\/portalfadesp.org.br\/?p=52580","og_locale":"pt_BR","og_type":"article","og_title":"FADESP doa tablets para Escola de M\u00fasica da UFPA - FADESP","og_description":"A FADESP doou para a Escola de M\u00fasica da Universidade Federal do Par\u00e1 (MUFPA) 13 tablets. O diretor executivo da FADESP, Roberto Ferraz Barreto, realizou a entrega dos equipamentos ao diretor da MUFPA Celson Henrique Sousa Gomes. \u201cNossa orquestra lia as partituras impressas em papel. Com a doa\u00e7\u00e3o da FADESP, agora ser\u00e1 poss\u00edvel digitalizar e [&hellip;]","og_url":"https:\/\/portalfadesp.org.br\/?p=52580","og_site_name":"FADESP","article_publisher":"https:\/\/www.facebook.com\/Fadesp-138351949524662\/","article_published_time":"2025-11-14T21:33:54+00:00","article_modified_time":"2025-11-14T21:34:55+00:00","og_image":[{"width":1600,"height":1200,"url":"https:\/\/portalfadesp.org.br\/wp-content\/uploads\/2025\/11\/WhatsApp-Image-2025-11-14-at-17.45.24.jpeg","type":"image\/jpeg"}],"author":"Brena Marques","twitter_card":"summary_large_image","twitter_creator":"@Fadesp","twitter_site":"@Fadesp","twitter_misc":{"Escrito por":"Brena Marques","Est. tempo de leitura":"1 minuto"},"schema":{"@context":"https:\/\/schema.org","@graph":[{"@type":"Article","@id":"https:\/\/portalfadesp.org.br\/?p=52580#article","isPartOf":{"@id":"https:\/\/portalfadesp.org.br\/?p=52580"},"author":{"name":"Brena Marques","@id":"https:\/\/portalfadesp.org.br\/#\/schema\/person\/31709c4c8ec92d6bbdd2c1da60cf8d66"},"headline":"FADESP doa tablets para Escola de M\u00fasica da UFPA","datePublished":"2025-11-14T21:33:54+00:00","dateModified":"2025-11-14T21:34:55+00:00","mainEntityOfPage":{"@id":"https:\/\/portalfadesp.org.br\/?p=52580"},"wordCount":103,"publisher":{"@id":"https:\/\/portalfadesp.org.br\/#organization"},"image":{"@id":"https:\/\/portalfadesp.org.br\/?p=52580#primaryimage"},"thumbnailUrl":"https:\/\/portalfadesp.org.br\/wp-content\/uploads\/2025\/11\/WhatsApp-Image-2025-11-14-at-17.45.24.jpeg","articleSection":["Geral"],"inLanguage":"pt-BR"},{"@type":"WebPage","@id":"https:\/\/portalfadesp.org.br\/?p=52580","url":"https:\/\/portalfadesp.org.br\/?p=52580","name":"FADESP doa tablets para Escola de M\u00fasica da UFPA - FADESP","isPartOf":{"@id":"https:\/\/portalfadesp.org.br\/#website"},"primaryImageOfPage":{"@id":"https:\/\/portalfadesp.org.br\/?p=52580#primaryimage"},"image":{"@id":"https:\/\/portalfadesp.org.br\/?p=52580#primaryimage"},"thumbnailUrl":"https:\/\/portalfadesp.org.br\/wp-content\/uploads\/2025\/11\/WhatsApp-Image-2025-11-14-at-17.45.24.jpeg","datePublished":"2025-11-14T21:33:54+00:00","dateModified":"2025-11-14T21:34:55+00:00","breadcrumb":{"@id":"https:\/\/portalfadesp.org.br\/?p=52580#breadcrumb"},"inLanguage":"pt-BR","potentialAction":[{"@type":"ReadAction","target":["https:\/\/portalfadesp.org.br\/?p=52580"]}]},{"@type":"ImageObject","inLanguage":"pt-BR","@id":"https:\/\/portalfadesp.org.br\/?p=52580#primaryimage","url":"https:\/\/portalfadesp.org.br\/wp-content\/uploads\/2025\/11\/WhatsApp-Image-2025-11-14-at-17.45.24.jpeg","contentUrl":"https:\/\/portalfadesp.org.br\/wp-content\/uploads\/2025\/11\/WhatsApp-Image-2025-11-14-at-17.45.24.jpeg","width":1600,"height":1200},{"@type":"BreadcrumbList","@id":"https:\/\/portalfadesp.org.br\/?p=52580#breadcrumb","itemListElement":[{"@type":"ListItem","position":1,"name":"In\u00edcio","item":"https:\/\/portalfadesp.org.br\/"},{"@type":"ListItem","position":2,"name":"FADESP doa tablets para Escola de M\u00fasica da UFPA"}]},{"@type":"WebSite","@id":"https:\/\/portalfadesp.org.br\/#website","url":"https:\/\/portalfadesp.org.br\/","name":"FADESP","description":"Funda\u00e7\u00e3o de Amparo e Desenvolvimento da Pesquisa","publisher":{"@id":"https:\/\/portalfadesp.org.br\/#organization"},"potentialAction":[{"@type":"SearchAction","target":{"@type":"EntryPoint","urlTemplate":"https:\/\/portalfadesp.org.br\/?s={search_term_string}"},"query-input":{"@type":"PropertyValueSpecification","valueRequired":true,"valueName":"search_term_string"}}],"inLanguage":"pt-BR"},{"@type":"Organization","@id":"https:\/\/portalfadesp.org.br\/#organization","name":"FADESP","url":"https:\/\/portalfadesp.org.br\/","logo":{"@type":"ImageObject","inLanguage":"pt-BR","@id":"https:\/\/portalfadesp.org.br\/#\/schema\/logo\/image\/","url":"https:\/\/portalfadesp.org.br\/wp-content\/uploads\/2024\/01\/NOVOLOGOFADESPlaranjaH.png","contentUrl":"https:\/\/portalfadesp.org.br\/wp-content\/uploads\/2024\/01\/NOVOLOGOFADESPlaranjaH.png","width":2742,"height":839,"caption":"FADESP"},"image":{"@id":"https:\/\/portalfadesp.org.br\/#\/schema\/logo\/image\/"},"sameAs":["https:\/\/www.facebook.com\/Fadesp-138351949524662\/","https:\/\/x.com\/Fadesp","https:\/\/www.instagram.com\/fadesp_ufpa\/","https:\/\/www.youtube.com\/@fundacaodeamparoedesenvolv1903","https:\/\/www.threads.net\/@fadesp_ufpa"]},{"@type":"Person","@id":"https:\/\/portalfadesp.org.br\/#\/schema\/person\/31709c4c8ec92d6bbdd2c1da60cf8d66","name":"Brena Marques","image":{"@type":"ImageObject","inLanguage":"pt-BR","@id":"https:\/\/portalfadesp.org.br\/#\/schema\/person\/image\/","url":"https:\/\/secure.gravatar.com\/avatar\/d8709cd0de324fbec018b6878350216726d26c3436f44ebee8f3db75e29728f3?s=96&d=mm&r=g","contentUrl":"https:\/\/secure.gravatar.com\/avatar\/d8709cd0de324fbec018b6878350216726d26c3436f44ebee8f3db75e29728f3?s=96&d=mm&r=g","caption":"Brena Marques"},"url":"https:\/\/portalfadesp.org.br\/?author=12"}]}},"_links":{"self":[{"href":"https:\/\/portalfadesp.org.br\/index.php?rest_route=\/wp\/v2\/posts\/52580","targetHints":{"allow":["GET"]}}],"collection":[{"href":"https:\/\/portalfadesp.org.br\/index.php?rest_route=\/wp\/v2\/posts"}],"about":[{"href":"https:\/\/portalfadesp.org.br\/index.php?rest_route=\/wp\/v2\/types\/post"}],"author":[{"embeddable":true,"href":"https:\/\/portalfadesp.org.br\/index.php?rest_route=\/wp\/v2\/users\/12"}],"replies":[{"embeddable":true,"href":"https:\/\/portalfadesp.org.br\/index.php?rest_route=%2Fwp%2Fv2%2Fcomments&post=52580"}],"version-history":[{"count":1,"href":"https:\/\/portalfadesp.org.br\/index.php?rest_route=\/wp\/v2\/posts\/52580\/revisions"}],"predecessor-version":[{"id":52582,"href":"https:\/\/portalfadesp.org.br\/index.php?rest_route=\/wp\/v2\/posts\/52580\/revisions\/52582"}],"wp:featuredmedia":[{"embeddable":true,"href":"https:\/\/portalfadesp.org.br\/index.php?rest_route=\/wp\/v2\/media\/52583"}],"wp:attachment":[{"href":"https:\/\/portalfadesp.org.br\/index.php?rest_route=%2Fwp%2Fv2%2Fmedia&parent=52580"}],"wp:term":[{"taxonomy":"category","embeddable":true,"href":"https:\/\/portalfadesp.org.br\/index.php?rest_route=%2Fwp%2Fv2%2Fcategories&post=52580"},{"taxonomy":"post_tag","embeddable":true,"href":"https:\/\/portalfadesp.org.br\/index.php?rest_route=%2Fwp%2Fv2%2Ftags&post=52580"}],"curies":[{"name":"wp","href":"https:\/\/api.w.org\/{rel}","templated":true}]}}