{"id":52569,"date":"2025-11-12T11:57:55","date_gmt":"2025-11-12T14:57:55","guid":{"rendered":"https:\/\/portalfadesp.org.br\/?p=52569"},"modified":"2025-11-12T11:59:20","modified_gmt":"2025-11-12T14:59:20","slug":"bienal-das-amazonias-sobre-as-aguas-exibe-filme-manas","status":"publish","type":"post","link":"https:\/\/portalfadesp.org.br\/?p=52569","title":{"rendered":"Bienal das Amaz\u00f4nias Sobre as \u00c1guas exibe filme \u201cManas\u201d"},"content":{"rendered":"\n<p><em>O longa aborda viol\u00eancia estrutural que atinge meninas e mulheres da Ilha do Maraj\u00f3 (PA) e reafirma o cinema como espa\u00e7o de escuta, den\u00fancia e transforma\u00e7\u00e3o social.\u00a0<\/em><\/p>\n\n\n\n<div style=\"height:20px\" aria-hidden=\"true\" class=\"wp-block-spacer\"><\/div>\n\n\n\n<p>A Bienal das Amaz\u00f4nias Sobre as \u00c1guas segue iluminando a orla da Universidade Federal do Par\u00e1 (UFPA), unindo arte e reflex\u00e3o na segunda noite de programa\u00e7\u00e3o, nesta ter\u00e7a-feira (11). O barco-obra recebeu o p\u00fablico para uma sess\u00e3o especial de cinema com a exibi\u00e7\u00e3o do longa-metragem \u201cManas\u201d (2024), da diretora Marianna Brennand.&nbsp;<\/p>\n\n\n\n<figure class=\"wp-block-image size-large\"><img fetchpriority=\"high\" decoding=\"async\" width=\"1024\" height=\"768\" src=\"https:\/\/portalfadesp.org.br\/wp-content\/uploads\/2025\/11\/IMG_1053-1-1024x768.jpg\" alt=\"\" class=\"wp-image-52572\" srcset=\"https:\/\/portalfadesp.org.br\/wp-content\/uploads\/2025\/11\/IMG_1053-1-1024x768.jpg 1024w, https:\/\/portalfadesp.org.br\/wp-content\/uploads\/2025\/11\/IMG_1053-1-300x225.jpg 300w, https:\/\/portalfadesp.org.br\/wp-content\/uploads\/2025\/11\/IMG_1053-1-768x576.jpg 768w, https:\/\/portalfadesp.org.br\/wp-content\/uploads\/2025\/11\/IMG_1053-1-1536x1152.jpg 1536w, https:\/\/portalfadesp.org.br\/wp-content\/uploads\/2025\/11\/IMG_1053-1-2048x1536.jpg 2048w\" sizes=\"(max-width: 1024px) 100vw, 1024px\" \/><figcaption class=\"wp-element-caption\">Foto: Gabriel Marques<\/figcaption><\/figure>\n\n\n\n<div style=\"height:20px\" aria-hidden=\"true\" class=\"wp-block-spacer\"><\/div>\n\n\n\n<p>O filme, fruto de uma pesquisa de dez anos e constru\u00eddo a partir de hist\u00f3rias reais da Ilha do Maraj\u00f3 (PA), oferece um retrato sens\u00edvel e necess\u00e1rio sobre inf\u00e2ncia, g\u00eanero, territ\u00f3rio e resist\u00eancia na Amaz\u00f4nia. A narrativa acompanha Marcielle, uma jovem de 13 anos que decide lutar para romper o ciclo de viol\u00eancia estrutural que atinge as mulheres de sua comunidade.<\/p>\n\n\n\n<div style=\"height:20px\" aria-hidden=\"true\" class=\"wp-block-spacer\"><\/div>\n\n\n\n<p>Em um cen\u00e1rio especial, o p\u00fablico lotou as cadeiras de praia para o cinema a c\u00e9u aberto. A noite teve a participa\u00e7\u00e3o da atriz Jamilli Correa, int\u00e9rprete de Marcielle no filme. A exibi\u00e7\u00e3o a bordo do barco-obra tem um significado especial por Carolina Benevides, produtora executiva do longa-metragem &#8220;Manas&#8221;.<\/p>\n\n\n\n<div style=\"height:20px\" aria-hidden=\"true\" class=\"wp-block-spacer\"><\/div>\n\n\n\n<p>\u201cEsse \u00e9 um filme feito com muita \u00e9tica, muita verdade, muita escuta, e ele nasce numa balsa. Ent\u00e3o ele estar aqui, sendo exibido em um barco, \u00e9 como se a gente tivesse fechado um ciclo e agora a gente est\u00e1 no momento de celebrar. Eu espero que \u2018Manas\u2019 toque, emocione, atravesse, incomode e ponha voc\u00eas em movimento, que esse \u00e9 o prop\u00f3sito do filme: gerar transforma\u00e7\u00e3o.\u201d<\/p>\n\n\n\n<div style=\"height:20px\" aria-hidden=\"true\" class=\"wp-block-spacer\"><\/div>\n\n\n\n<p>O patroc\u00ednio da FADESP viabiliza o centro cultural flutuante e garante um espa\u00e7o de conviv\u00eancia, arte e cultura no ambiente acad\u00eamico.<\/p>\n\n\n\n<div style=\"height:20px\" aria-hidden=\"true\" class=\"wp-block-spacer\"><\/div>\n\n\n\n<p>\u201cA FADESP gosta de gente que sabe sonhar e que sonha em prol do coletivo. Nada mais natural do que trazer a Bienal das Amaz\u00f4nias, um sonho de algu\u00e9m que j\u00e1 foi sozinha e hoje \u00e9 um sonho de tantas, para celebrar e somar conosco. Uma universidade ribeirinha merecia ter sua orla ocupada por cultura\u201d, destacou Lorena Filgueiras, coordenadora de comunica\u00e7\u00e3o da Funda\u00e7\u00e3o.&nbsp;<\/p>\n\n\n\n<div style=\"height:20px\" aria-hidden=\"true\" class=\"wp-block-spacer\"><\/div>\n\n\n\n<p>A programa\u00e7\u00e3o gratuita da Bienal das Amaz\u00f4nias Sobre as \u00c1guas, na orla da UFPA, segue at\u00e9 o dia 15 de novembro. Na quarta-feira, 12 de novembro, haver\u00e1 uma sess\u00e3o dupla de cinema com as exibi\u00e7\u00f5es do curta-metragem Jeguat\u00e1 Xir\u00ea e do document\u00e1rio Panela Hist\u00f3rica.&nbsp;<\/p>\n","protected":false},"excerpt":{"rendered":"<p>O longa aborda viol\u00eancia estrutural que atinge meninas e mulheres da Ilha do Maraj\u00f3 (PA) e reafirma o cinema como espa\u00e7o de escuta, den\u00fancia e transforma\u00e7\u00e3o social.\u00a0 A Bienal das Amaz\u00f4nias Sobre as \u00c1guas segue iluminando a orla da Universidade Federal do Par\u00e1 (UFPA), unindo arte e reflex\u00e3o na segunda noite de programa\u00e7\u00e3o, nesta ter\u00e7a-feira [&hellip;]<\/p>\n","protected":false},"author":12,"featured_media":52570,"comment_status":"closed","ping_status":"closed","sticky":false,"template":"","format":"standard","meta":{"_monsterinsights_skip_tracking":false,"_monsterinsights_sitenote_active":false,"_monsterinsights_sitenote_note":"","_monsterinsights_sitenote_category":0,"footnotes":""},"categories":[1],"tags":[],"class_list":["post-52569","post","type-post","status-publish","format-standard","has-post-thumbnail","hentry","category-geral","entry","has-media"],"yoast_head":"<!-- This site is optimized with the Yoast SEO plugin v25.1 - https:\/\/yoast.com\/wordpress\/plugins\/seo\/ -->\n<title>Bienal das Amaz\u00f4nias Sobre as \u00c1guas exibe filme \u201cManas\u201d - FADESP<\/title>\n<meta name=\"robots\" content=\"index, follow, max-snippet:-1, max-image-preview:large, max-video-preview:-1\" \/>\n<link rel=\"canonical\" href=\"https:\/\/portalfadesp.org.br\/?p=52569\" \/>\n<meta property=\"og:locale\" content=\"pt_BR\" \/>\n<meta property=\"og:type\" content=\"article\" \/>\n<meta property=\"og:title\" content=\"Bienal das Amaz\u00f4nias Sobre as \u00c1guas exibe filme \u201cManas\u201d - FADESP\" \/>\n<meta property=\"og:description\" content=\"O longa aborda viol\u00eancia estrutural que atinge meninas e mulheres da Ilha do Maraj\u00f3 (PA) e reafirma o cinema como espa\u00e7o de escuta, den\u00fancia e transforma\u00e7\u00e3o social.\u00a0 A Bienal das Amaz\u00f4nias Sobre as \u00c1guas segue iluminando a orla da Universidade Federal do Par\u00e1 (UFPA), unindo arte e reflex\u00e3o na segunda noite de programa\u00e7\u00e3o, nesta ter\u00e7a-feira [&hellip;]\" \/>\n<meta property=\"og:url\" content=\"https:\/\/portalfadesp.org.br\/?p=52569\" \/>\n<meta property=\"og:site_name\" content=\"FADESP\" \/>\n<meta property=\"article:publisher\" content=\"https:\/\/www.facebook.com\/Fadesp-138351949524662\/\" \/>\n<meta property=\"article:published_time\" content=\"2025-11-12T14:57:55+00:00\" \/>\n<meta property=\"article:modified_time\" content=\"2025-11-12T14:59:20+00:00\" \/>\n<meta property=\"og:image\" content=\"https:\/\/portalfadesp.org.br\/wp-content\/uploads\/2025\/11\/IMG_1053-scaled.jpg\" \/>\n\t<meta property=\"og:image:width\" content=\"2560\" \/>\n\t<meta property=\"og:image:height\" content=\"1920\" \/>\n\t<meta property=\"og:image:type\" content=\"image\/jpeg\" \/>\n<meta name=\"author\" content=\"Brena Marques\" \/>\n<meta name=\"twitter:card\" content=\"summary_large_image\" \/>\n<meta name=\"twitter:creator\" content=\"@Fadesp\" \/>\n<meta name=\"twitter:site\" content=\"@Fadesp\" \/>\n<meta name=\"twitter:label1\" content=\"Escrito por\" \/>\n\t<meta name=\"twitter:data1\" content=\"Brena Marques\" \/>\n\t<meta name=\"twitter:label2\" content=\"Est. tempo de leitura\" \/>\n\t<meta name=\"twitter:data2\" content=\"3 minutos\" \/>\n<script type=\"application\/ld+json\" class=\"yoast-schema-graph\">{\"@context\":\"https:\/\/schema.org\",\"@graph\":[{\"@type\":\"Article\",\"@id\":\"https:\/\/portalfadesp.org.br\/?p=52569#article\",\"isPartOf\":{\"@id\":\"https:\/\/portalfadesp.org.br\/?p=52569\"},\"author\":{\"name\":\"Brena Marques\",\"@id\":\"https:\/\/portalfadesp.org.br\/#\/schema\/person\/31709c4c8ec92d6bbdd2c1da60cf8d66\"},\"headline\":\"Bienal das Amaz\u00f4nias Sobre as \u00c1guas exibe filme \u201cManas\u201d\",\"datePublished\":\"2025-11-12T14:57:55+00:00\",\"dateModified\":\"2025-11-12T14:59:20+00:00\",\"mainEntityOfPage\":{\"@id\":\"https:\/\/portalfadesp.org.br\/?p=52569\"},\"wordCount\":434,\"publisher\":{\"@id\":\"https:\/\/portalfadesp.org.br\/#organization\"},\"image\":{\"@id\":\"https:\/\/portalfadesp.org.br\/?p=52569#primaryimage\"},\"thumbnailUrl\":\"https:\/\/portalfadesp.org.br\/wp-content\/uploads\/2025\/11\/IMG_1053-scaled.jpg\",\"articleSection\":[\"Geral\"],\"inLanguage\":\"pt-BR\"},{\"@type\":\"WebPage\",\"@id\":\"https:\/\/portalfadesp.org.br\/?p=52569\",\"url\":\"https:\/\/portalfadesp.org.br\/?p=52569\",\"name\":\"Bienal das Amaz\u00f4nias Sobre as \u00c1guas exibe filme \u201cManas\u201d - FADESP\",\"isPartOf\":{\"@id\":\"https:\/\/portalfadesp.org.br\/#website\"},\"primaryImageOfPage\":{\"@id\":\"https:\/\/portalfadesp.org.br\/?p=52569#primaryimage\"},\"image\":{\"@id\":\"https:\/\/portalfadesp.org.br\/?p=52569#primaryimage\"},\"thumbnailUrl\":\"https:\/\/portalfadesp.org.br\/wp-content\/uploads\/2025\/11\/IMG_1053-scaled.jpg\",\"datePublished\":\"2025-11-12T14:57:55+00:00\",\"dateModified\":\"2025-11-12T14:59:20+00:00\",\"breadcrumb\":{\"@id\":\"https:\/\/portalfadesp.org.br\/?p=52569#breadcrumb\"},\"inLanguage\":\"pt-BR\",\"potentialAction\":[{\"@type\":\"ReadAction\",\"target\":[\"https:\/\/portalfadesp.org.br\/?p=52569\"]}]},{\"@type\":\"ImageObject\",\"inLanguage\":\"pt-BR\",\"@id\":\"https:\/\/portalfadesp.org.br\/?p=52569#primaryimage\",\"url\":\"https:\/\/portalfadesp.org.br\/wp-content\/uploads\/2025\/11\/IMG_1053-scaled.jpg\",\"contentUrl\":\"https:\/\/portalfadesp.org.br\/wp-content\/uploads\/2025\/11\/IMG_1053-scaled.jpg\",\"width\":2560,\"height\":1920},{\"@type\":\"BreadcrumbList\",\"@id\":\"https:\/\/portalfadesp.org.br\/?p=52569#breadcrumb\",\"itemListElement\":[{\"@type\":\"ListItem\",\"position\":1,\"name\":\"In\u00edcio\",\"item\":\"https:\/\/portalfadesp.org.br\/\"},{\"@type\":\"ListItem\",\"position\":2,\"name\":\"Bienal das Amaz\u00f4nias Sobre as \u00c1guas exibe filme \u201cManas\u201d\"}]},{\"@type\":\"WebSite\",\"@id\":\"https:\/\/portalfadesp.org.br\/#website\",\"url\":\"https:\/\/portalfadesp.org.br\/\",\"name\":\"FADESP\",\"description\":\"Funda\u00e7\u00e3o de Amparo e Desenvolvimento da Pesquisa\",\"publisher\":{\"@id\":\"https:\/\/portalfadesp.org.br\/#organization\"},\"potentialAction\":[{\"@type\":\"SearchAction\",\"target\":{\"@type\":\"EntryPoint\",\"urlTemplate\":\"https:\/\/portalfadesp.org.br\/?s={search_term_string}\"},\"query-input\":{\"@type\":\"PropertyValueSpecification\",\"valueRequired\":true,\"valueName\":\"search_term_string\"}}],\"inLanguage\":\"pt-BR\"},{\"@type\":\"Organization\",\"@id\":\"https:\/\/portalfadesp.org.br\/#organization\",\"name\":\"FADESP\",\"url\":\"https:\/\/portalfadesp.org.br\/\",\"logo\":{\"@type\":\"ImageObject\",\"inLanguage\":\"pt-BR\",\"@id\":\"https:\/\/portalfadesp.org.br\/#\/schema\/logo\/image\/\",\"url\":\"https:\/\/portalfadesp.org.br\/wp-content\/uploads\/2024\/01\/NOVOLOGOFADESPlaranjaH.png\",\"contentUrl\":\"https:\/\/portalfadesp.org.br\/wp-content\/uploads\/2024\/01\/NOVOLOGOFADESPlaranjaH.png\",\"width\":2742,\"height\":839,\"caption\":\"FADESP\"},\"image\":{\"@id\":\"https:\/\/portalfadesp.org.br\/#\/schema\/logo\/image\/\"},\"sameAs\":[\"https:\/\/www.facebook.com\/Fadesp-138351949524662\/\",\"https:\/\/x.com\/Fadesp\",\"https:\/\/www.instagram.com\/fadesp_ufpa\/\",\"https:\/\/www.youtube.com\/@fundacaodeamparoedesenvolv1903\",\"https:\/\/www.threads.net\/@fadesp_ufpa\"]},{\"@type\":\"Person\",\"@id\":\"https:\/\/portalfadesp.org.br\/#\/schema\/person\/31709c4c8ec92d6bbdd2c1da60cf8d66\",\"name\":\"Brena Marques\",\"image\":{\"@type\":\"ImageObject\",\"inLanguage\":\"pt-BR\",\"@id\":\"https:\/\/portalfadesp.org.br\/#\/schema\/person\/image\/\",\"url\":\"https:\/\/secure.gravatar.com\/avatar\/d8709cd0de324fbec018b6878350216726d26c3436f44ebee8f3db75e29728f3?s=96&d=mm&r=g\",\"contentUrl\":\"https:\/\/secure.gravatar.com\/avatar\/d8709cd0de324fbec018b6878350216726d26c3436f44ebee8f3db75e29728f3?s=96&d=mm&r=g\",\"caption\":\"Brena Marques\"},\"url\":\"https:\/\/portalfadesp.org.br\/?author=12\"}]}<\/script>\n<!-- \/ Yoast SEO plugin. -->","yoast_head_json":{"title":"Bienal das Amaz\u00f4nias Sobre as \u00c1guas exibe filme \u201cManas\u201d - FADESP","robots":{"index":"index","follow":"follow","max-snippet":"max-snippet:-1","max-image-preview":"max-image-preview:large","max-video-preview":"max-video-preview:-1"},"canonical":"https:\/\/portalfadesp.org.br\/?p=52569","og_locale":"pt_BR","og_type":"article","og_title":"Bienal das Amaz\u00f4nias Sobre as \u00c1guas exibe filme \u201cManas\u201d - FADESP","og_description":"O longa aborda viol\u00eancia estrutural que atinge meninas e mulheres da Ilha do Maraj\u00f3 (PA) e reafirma o cinema como espa\u00e7o de escuta, den\u00fancia e transforma\u00e7\u00e3o social.\u00a0 A Bienal das Amaz\u00f4nias Sobre as \u00c1guas segue iluminando a orla da Universidade Federal do Par\u00e1 (UFPA), unindo arte e reflex\u00e3o na segunda noite de programa\u00e7\u00e3o, nesta ter\u00e7a-feira [&hellip;]","og_url":"https:\/\/portalfadesp.org.br\/?p=52569","og_site_name":"FADESP","article_publisher":"https:\/\/www.facebook.com\/Fadesp-138351949524662\/","article_published_time":"2025-11-12T14:57:55+00:00","article_modified_time":"2025-11-12T14:59:20+00:00","og_image":[{"width":2560,"height":1920,"url":"https:\/\/portalfadesp.org.br\/wp-content\/uploads\/2025\/11\/IMG_1053-scaled.jpg","type":"image\/jpeg"}],"author":"Brena Marques","twitter_card":"summary_large_image","twitter_creator":"@Fadesp","twitter_site":"@Fadesp","twitter_misc":{"Escrito por":"Brena Marques","Est. tempo de leitura":"3 minutos"},"schema":{"@context":"https:\/\/schema.org","@graph":[{"@type":"Article","@id":"https:\/\/portalfadesp.org.br\/?p=52569#article","isPartOf":{"@id":"https:\/\/portalfadesp.org.br\/?p=52569"},"author":{"name":"Brena Marques","@id":"https:\/\/portalfadesp.org.br\/#\/schema\/person\/31709c4c8ec92d6bbdd2c1da60cf8d66"},"headline":"Bienal das Amaz\u00f4nias Sobre as \u00c1guas exibe filme \u201cManas\u201d","datePublished":"2025-11-12T14:57:55+00:00","dateModified":"2025-11-12T14:59:20+00:00","mainEntityOfPage":{"@id":"https:\/\/portalfadesp.org.br\/?p=52569"},"wordCount":434,"publisher":{"@id":"https:\/\/portalfadesp.org.br\/#organization"},"image":{"@id":"https:\/\/portalfadesp.org.br\/?p=52569#primaryimage"},"thumbnailUrl":"https:\/\/portalfadesp.org.br\/wp-content\/uploads\/2025\/11\/IMG_1053-scaled.jpg","articleSection":["Geral"],"inLanguage":"pt-BR"},{"@type":"WebPage","@id":"https:\/\/portalfadesp.org.br\/?p=52569","url":"https:\/\/portalfadesp.org.br\/?p=52569","name":"Bienal das Amaz\u00f4nias Sobre as \u00c1guas exibe filme \u201cManas\u201d - FADESP","isPartOf":{"@id":"https:\/\/portalfadesp.org.br\/#website"},"primaryImageOfPage":{"@id":"https:\/\/portalfadesp.org.br\/?p=52569#primaryimage"},"image":{"@id":"https:\/\/portalfadesp.org.br\/?p=52569#primaryimage"},"thumbnailUrl":"https:\/\/portalfadesp.org.br\/wp-content\/uploads\/2025\/11\/IMG_1053-scaled.jpg","datePublished":"2025-11-12T14:57:55+00:00","dateModified":"2025-11-12T14:59:20+00:00","breadcrumb":{"@id":"https:\/\/portalfadesp.org.br\/?p=52569#breadcrumb"},"inLanguage":"pt-BR","potentialAction":[{"@type":"ReadAction","target":["https:\/\/portalfadesp.org.br\/?p=52569"]}]},{"@type":"ImageObject","inLanguage":"pt-BR","@id":"https:\/\/portalfadesp.org.br\/?p=52569#primaryimage","url":"https:\/\/portalfadesp.org.br\/wp-content\/uploads\/2025\/11\/IMG_1053-scaled.jpg","contentUrl":"https:\/\/portalfadesp.org.br\/wp-content\/uploads\/2025\/11\/IMG_1053-scaled.jpg","width":2560,"height":1920},{"@type":"BreadcrumbList","@id":"https:\/\/portalfadesp.org.br\/?p=52569#breadcrumb","itemListElement":[{"@type":"ListItem","position":1,"name":"In\u00edcio","item":"https:\/\/portalfadesp.org.br\/"},{"@type":"ListItem","position":2,"name":"Bienal das Amaz\u00f4nias Sobre as \u00c1guas exibe filme \u201cManas\u201d"}]},{"@type":"WebSite","@id":"https:\/\/portalfadesp.org.br\/#website","url":"https:\/\/portalfadesp.org.br\/","name":"FADESP","description":"Funda\u00e7\u00e3o de Amparo e Desenvolvimento da Pesquisa","publisher":{"@id":"https:\/\/portalfadesp.org.br\/#organization"},"potentialAction":[{"@type":"SearchAction","target":{"@type":"EntryPoint","urlTemplate":"https:\/\/portalfadesp.org.br\/?s={search_term_string}"},"query-input":{"@type":"PropertyValueSpecification","valueRequired":true,"valueName":"search_term_string"}}],"inLanguage":"pt-BR"},{"@type":"Organization","@id":"https:\/\/portalfadesp.org.br\/#organization","name":"FADESP","url":"https:\/\/portalfadesp.org.br\/","logo":{"@type":"ImageObject","inLanguage":"pt-BR","@id":"https:\/\/portalfadesp.org.br\/#\/schema\/logo\/image\/","url":"https:\/\/portalfadesp.org.br\/wp-content\/uploads\/2024\/01\/NOVOLOGOFADESPlaranjaH.png","contentUrl":"https:\/\/portalfadesp.org.br\/wp-content\/uploads\/2024\/01\/NOVOLOGOFADESPlaranjaH.png","width":2742,"height":839,"caption":"FADESP"},"image":{"@id":"https:\/\/portalfadesp.org.br\/#\/schema\/logo\/image\/"},"sameAs":["https:\/\/www.facebook.com\/Fadesp-138351949524662\/","https:\/\/x.com\/Fadesp","https:\/\/www.instagram.com\/fadesp_ufpa\/","https:\/\/www.youtube.com\/@fundacaodeamparoedesenvolv1903","https:\/\/www.threads.net\/@fadesp_ufpa"]},{"@type":"Person","@id":"https:\/\/portalfadesp.org.br\/#\/schema\/person\/31709c4c8ec92d6bbdd2c1da60cf8d66","name":"Brena Marques","image":{"@type":"ImageObject","inLanguage":"pt-BR","@id":"https:\/\/portalfadesp.org.br\/#\/schema\/person\/image\/","url":"https:\/\/secure.gravatar.com\/avatar\/d8709cd0de324fbec018b6878350216726d26c3436f44ebee8f3db75e29728f3?s=96&d=mm&r=g","contentUrl":"https:\/\/secure.gravatar.com\/avatar\/d8709cd0de324fbec018b6878350216726d26c3436f44ebee8f3db75e29728f3?s=96&d=mm&r=g","caption":"Brena Marques"},"url":"https:\/\/portalfadesp.org.br\/?author=12"}]}},"_links":{"self":[{"href":"https:\/\/portalfadesp.org.br\/index.php?rest_route=\/wp\/v2\/posts\/52569","targetHints":{"allow":["GET"]}}],"collection":[{"href":"https:\/\/portalfadesp.org.br\/index.php?rest_route=\/wp\/v2\/posts"}],"about":[{"href":"https:\/\/portalfadesp.org.br\/index.php?rest_route=\/wp\/v2\/types\/post"}],"author":[{"embeddable":true,"href":"https:\/\/portalfadesp.org.br\/index.php?rest_route=\/wp\/v2\/users\/12"}],"replies":[{"embeddable":true,"href":"https:\/\/portalfadesp.org.br\/index.php?rest_route=%2Fwp%2Fv2%2Fcomments&post=52569"}],"version-history":[{"count":2,"href":"https:\/\/portalfadesp.org.br\/index.php?rest_route=\/wp\/v2\/posts\/52569\/revisions"}],"predecessor-version":[{"id":52573,"href":"https:\/\/portalfadesp.org.br\/index.php?rest_route=\/wp\/v2\/posts\/52569\/revisions\/52573"}],"wp:featuredmedia":[{"embeddable":true,"href":"https:\/\/portalfadesp.org.br\/index.php?rest_route=\/wp\/v2\/media\/52570"}],"wp:attachment":[{"href":"https:\/\/portalfadesp.org.br\/index.php?rest_route=%2Fwp%2Fv2%2Fmedia&parent=52569"}],"wp:term":[{"taxonomy":"category","embeddable":true,"href":"https:\/\/portalfadesp.org.br\/index.php?rest_route=%2Fwp%2Fv2%2Fcategories&post=52569"},{"taxonomy":"post_tag","embeddable":true,"href":"https:\/\/portalfadesp.org.br\/index.php?rest_route=%2Fwp%2Fv2%2Ftags&post=52569"}],"curies":[{"name":"wp","href":"https:\/\/api.w.org\/{rel}","templated":true}]}}