{"id":52559,"date":"2025-11-11T16:58:16","date_gmt":"2025-11-11T19:58:16","guid":{"rendered":"https:\/\/portalfadesp.org.br\/?p=52559"},"modified":"2025-11-11T16:58:22","modified_gmt":"2025-11-11T19:58:22","slug":"fadesp-apresenta-bienal-sobre-as-aguas-na-ufpa","status":"publish","type":"post","link":"https:\/\/portalfadesp.org.br\/?p=52559","title":{"rendered":"FADESP apresenta Bienal sobre as \u00c1guas na UFPA"},"content":{"rendered":"\n<p><\/p>\n\n\n\n<p><em>Barco-obra e centro cultural flutuante da Bienal das Amaz\u00f4nias ilumina o rio Guam\u00e1 com arte e reflex\u00e3o durante a C\u00fapula dos Povos.<\/em><\/p>\n\n\n\n<div style=\"height:20px\" aria-hidden=\"true\" class=\"wp-block-spacer\"><\/div>\n\n\n\n<p>O sol se p\u00f5e e as luzes da&nbsp;<strong>Bienal das Amaz\u00f4nias Sobre as \u00c1guas<\/strong>&nbsp;se acendem. Com o rio Guam\u00e1 iluminado, a arte flui, une-se \u00e0 C\u00fapula dos Povos e atrai quem passa pela Universidade Federal do Par\u00e1 (UFPA).<\/p>\n\n\n\n<figure class=\"wp-block-image size-large\"><img fetchpriority=\"high\" decoding=\"async\" width=\"1024\" height=\"768\" src=\"https:\/\/portalfadesp.org.br\/wp-content\/uploads\/2025\/11\/IMG_5466-1-1-1024x768.jpg\" alt=\"\" class=\"wp-image-52562\" srcset=\"https:\/\/portalfadesp.org.br\/wp-content\/uploads\/2025\/11\/IMG_5466-1-1-1024x768.jpg 1024w, https:\/\/portalfadesp.org.br\/wp-content\/uploads\/2025\/11\/IMG_5466-1-1-300x225.jpg 300w, https:\/\/portalfadesp.org.br\/wp-content\/uploads\/2025\/11\/IMG_5466-1-1-768x576.jpg 768w, https:\/\/portalfadesp.org.br\/wp-content\/uploads\/2025\/11\/IMG_5466-1-1-1536x1152.jpg 1536w, https:\/\/portalfadesp.org.br\/wp-content\/uploads\/2025\/11\/IMG_5466-1-1-2048x1536.jpg 2048w\" sizes=\"(max-width: 1024px) 100vw, 1024px\" \/><\/figure>\n\n\n\n<div style=\"height:20px\" aria-hidden=\"true\" class=\"wp-block-spacer\"><\/div>\n\n\n\n<p>Em noite de estreia, na segunda-feira, 10, o grupo In Bust Teatro com Bonecos usou o conv\u00e9s do barco para apresentar o espet\u00e1culo \u201cAguar o Tempo\u201d, uma travessia po\u00e9tica pelas ancestralidades amaz\u00f4nicas, que prop\u00f5e uma reflex\u00e3o sens\u00edvel sobre a import\u00e2ncia das \u00e1guas como fonte de vida e mem\u00f3ria coletiva.<\/p>\n\n\n\n<div style=\"height:20px\" aria-hidden=\"true\" class=\"wp-block-spacer\"><\/div>\n\n\n\n<p>\u201cNeste espet\u00e1culo, conseguimos trazer os temas latentes discutidos na COP de forma po\u00e9tica e marcante, fazendo com que o p\u00fablico fa\u00e7a as suas pr\u00f3prias rela\u00e7\u00f5es com as \u00e1guas\u201d, destacou a produtora do espet\u00e1culo, Cristina Costa.<\/p>\n\n\n\n<figure class=\"wp-block-image size-large\"><img decoding=\"async\" width=\"1024\" height=\"576\" src=\"https:\/\/portalfadesp.org.br\/wp-content\/uploads\/2025\/11\/WhatsApp-Image-2025-11-11-at-16.54.57-1024x576.jpeg\" alt=\"\" class=\"wp-image-52561\" srcset=\"https:\/\/portalfadesp.org.br\/wp-content\/uploads\/2025\/11\/WhatsApp-Image-2025-11-11-at-16.54.57-1024x576.jpeg 1024w, https:\/\/portalfadesp.org.br\/wp-content\/uploads\/2025\/11\/WhatsApp-Image-2025-11-11-at-16.54.57-300x169.jpeg 300w, https:\/\/portalfadesp.org.br\/wp-content\/uploads\/2025\/11\/WhatsApp-Image-2025-11-11-at-16.54.57-768x432.jpeg 768w, https:\/\/portalfadesp.org.br\/wp-content\/uploads\/2025\/11\/WhatsApp-Image-2025-11-11-at-16.54.57-1536x864.jpeg 1536w, https:\/\/portalfadesp.org.br\/wp-content\/uploads\/2025\/11\/WhatsApp-Image-2025-11-11-at-16.54.57-800x450.jpeg 800w, https:\/\/portalfadesp.org.br\/wp-content\/uploads\/2025\/11\/WhatsApp-Image-2025-11-11-at-16.54.57.jpeg 1599w\" sizes=\"(max-width: 1024px) 100vw, 1024px\" \/><\/figure>\n\n\n\n<div style=\"height:20px\" aria-hidden=\"true\" class=\"wp-block-spacer\"><\/div>\n\n\n\n<p>O p\u00fablico foi convidado a consagrar as \u00e1guas do mundo por meio de esferas transl\u00facidas, um simbolismo po\u00e9tico para que todos se lembrem da import\u00e2ncia das \u00e1guas em nossas vidas.<\/p>\n\n\n\n<div style=\"height:20px\" aria-hidden=\"true\" class=\"wp-block-spacer\"><\/div>\n\n\n\n<p>A Bienal das Amaz\u00f4nias Sobre as \u00c1guas tem o patroc\u00ednio da Funda\u00e7\u00e3o Amparo e Desenvolvimento da Pesquisa (FADESP) e integra a programa\u00e7\u00e3o da orla universit\u00e1ria como espa\u00e7o de conviv\u00eancia e cria\u00e7\u00e3o. A programa\u00e7\u00e3o ocorrer\u00e1 at\u00e9 o dia 15 de novembro, com entrada gratuita (sujeita \u00e0 lota\u00e7\u00e3o).<\/p>\n\n\n\n<div style=\"height:20px\" aria-hidden=\"true\" class=\"wp-block-spacer\"><\/div>\n\n\n\n<p>O Diretor Executivo da FADESP, professor Roberto Ferraz Barreto prestigiou o primeiro dia de eventos do barco-obra Bienal das Amaz\u00f4nias sobre as \u00c1guas e destacou a import\u00e2ncia da movimenta\u00e7\u00e3o cultural no ambiente acad\u00eamico. \u201cEssa orla est\u00e1 linda e deve ser usada para esse tipo de movimento mais vezes. Nada mais simb\u00f3lico do que trazer uma bienal flutuante para dentro da universidade, uma proposta corajosa de mostrar a produ\u00e7\u00e3o cultural da Pan-Amaz\u00f4nia\u201d, disse.<\/p>\n\n\n\n<div style=\"height:20px\" aria-hidden=\"true\" class=\"wp-block-spacer\"><\/div>\n\n\n\n<p>Ainda que n\u00e3o integre a programa\u00e7\u00e3o oficial da C\u00fapula dos Povos, a Bienal das Amaz\u00f4nias Sobre as \u00c1guas chega para mostrar o poder unificador da arte. \u201cA cultura \u00e9 um elemento que agrega a todos n\u00f3s. N\u00e3o precisamos concordar sobre os mesmos aspectos pol\u00edticos, mas nos sentamos para ouvir uma m\u00fasica ou dan\u00e7ar juntos\u201d, enfatizou L\u00edvia Conduru, idealizadora e presidente da Bienal das Amaz\u00f4nias.<\/p>\n\n\n\n<div style=\"height:20px\" aria-hidden=\"true\" class=\"wp-block-spacer\"><\/div>\n\n\n\n<p>Nesta ter\u00e7a-feira (11), ser\u00e1 exibido o filme \u201cManas\u201d, com a presen\u00e7a da diretora Marianna Brennand. Filmado na Ilha do Maraj\u00f3 (PA), o longa mostra a hist\u00f3ria de uma jovem de 13 anos que decide romper o ciclo de viol\u00eancia que atravessa as mulheres de sua comunidade. A classifica\u00e7\u00e3o et\u00e1ria do filme \u00e9 de 16 anos.&nbsp;At\u00e9 o dia 15 de novembro, a FADESP convida a todos a embarcar gratuitamente nesta travessia po\u00e9tica, provando que a arte, de fato, \u00e9 o elemento mais poderoso para unir os povos.<\/p>\n","protected":false},"excerpt":{"rendered":"<p>Barco-obra e centro cultural flutuante da Bienal das Amaz\u00f4nias ilumina o rio Guam\u00e1 com arte e reflex\u00e3o durante a C\u00fapula dos Povos. O sol se p\u00f5e e as luzes da&nbsp;Bienal das Amaz\u00f4nias Sobre as \u00c1guas&nbsp;se acendem. Com o rio Guam\u00e1 iluminado, a arte flui, une-se \u00e0 C\u00fapula dos Povos e atrai quem passa pela Universidade [&hellip;]<\/p>\n","protected":false},"author":12,"featured_media":52563,"comment_status":"closed","ping_status":"closed","sticky":false,"template":"","format":"standard","meta":{"_monsterinsights_skip_tracking":false,"_monsterinsights_sitenote_active":false,"_monsterinsights_sitenote_note":"","_monsterinsights_sitenote_category":0,"footnotes":""},"categories":[1],"tags":[],"class_list":["post-52559","post","type-post","status-publish","format-standard","has-post-thumbnail","hentry","category-geral","entry","has-media"],"yoast_head":"<!-- This site is optimized with the Yoast SEO plugin v25.1 - https:\/\/yoast.com\/wordpress\/plugins\/seo\/ -->\n<title>FADESP apresenta Bienal sobre as \u00c1guas na UFPA - FADESP<\/title>\n<meta name=\"robots\" content=\"index, follow, max-snippet:-1, max-image-preview:large, max-video-preview:-1\" \/>\n<link rel=\"canonical\" href=\"https:\/\/portalfadesp.org.br\/?p=52559\" \/>\n<meta property=\"og:locale\" content=\"pt_BR\" \/>\n<meta property=\"og:type\" content=\"article\" \/>\n<meta property=\"og:title\" content=\"FADESP apresenta Bienal sobre as \u00c1guas na UFPA - FADESP\" \/>\n<meta property=\"og:description\" content=\"Barco-obra e centro cultural flutuante da Bienal das Amaz\u00f4nias ilumina o rio Guam\u00e1 com arte e reflex\u00e3o durante a C\u00fapula dos Povos. O sol se p\u00f5e e as luzes da&nbsp;Bienal das Amaz\u00f4nias Sobre as \u00c1guas&nbsp;se acendem. Com o rio Guam\u00e1 iluminado, a arte flui, une-se \u00e0 C\u00fapula dos Povos e atrai quem passa pela Universidade [&hellip;]\" \/>\n<meta property=\"og:url\" content=\"https:\/\/portalfadesp.org.br\/?p=52559\" \/>\n<meta property=\"og:site_name\" content=\"FADESP\" \/>\n<meta property=\"article:publisher\" content=\"https:\/\/www.facebook.com\/Fadesp-138351949524662\/\" \/>\n<meta property=\"article:published_time\" content=\"2025-11-11T19:58:16+00:00\" \/>\n<meta property=\"article:modified_time\" content=\"2025-11-11T19:58:22+00:00\" \/>\n<meta property=\"og:image\" content=\"https:\/\/portalfadesp.org.br\/wp-content\/uploads\/2025\/11\/posts_FADESP_bienal-na-aguas_story-scaled.jpg\" \/>\n\t<meta property=\"og:image:width\" content=\"1440\" \/>\n\t<meta property=\"og:image:height\" content=\"2560\" \/>\n\t<meta property=\"og:image:type\" content=\"image\/jpeg\" \/>\n<meta name=\"author\" content=\"Brena Marques\" \/>\n<meta name=\"twitter:card\" content=\"summary_large_image\" \/>\n<meta name=\"twitter:creator\" content=\"@Fadesp\" \/>\n<meta name=\"twitter:site\" content=\"@Fadesp\" \/>\n<meta name=\"twitter:label1\" content=\"Escrito por\" \/>\n\t<meta name=\"twitter:data1\" content=\"Brena Marques\" \/>\n\t<meta name=\"twitter:label2\" content=\"Est. tempo de leitura\" \/>\n\t<meta name=\"twitter:data2\" content=\"4 minutos\" \/>\n<script type=\"application\/ld+json\" class=\"yoast-schema-graph\">{\"@context\":\"https:\/\/schema.org\",\"@graph\":[{\"@type\":\"Article\",\"@id\":\"https:\/\/portalfadesp.org.br\/?p=52559#article\",\"isPartOf\":{\"@id\":\"https:\/\/portalfadesp.org.br\/?p=52559\"},\"author\":{\"name\":\"Brena Marques\",\"@id\":\"https:\/\/portalfadesp.org.br\/#\/schema\/person\/31709c4c8ec92d6bbdd2c1da60cf8d66\"},\"headline\":\"FADESP apresenta Bienal sobre as \u00c1guas na UFPA\",\"datePublished\":\"2025-11-11T19:58:16+00:00\",\"dateModified\":\"2025-11-11T19:58:22+00:00\",\"mainEntityOfPage\":{\"@id\":\"https:\/\/portalfadesp.org.br\/?p=52559\"},\"wordCount\":505,\"publisher\":{\"@id\":\"https:\/\/portalfadesp.org.br\/#organization\"},\"image\":{\"@id\":\"https:\/\/portalfadesp.org.br\/?p=52559#primaryimage\"},\"thumbnailUrl\":\"https:\/\/portalfadesp.org.br\/wp-content\/uploads\/2025\/11\/posts_FADESP_bienal-na-aguas_story-scaled.jpg\",\"articleSection\":[\"Geral\"],\"inLanguage\":\"pt-BR\"},{\"@type\":\"WebPage\",\"@id\":\"https:\/\/portalfadesp.org.br\/?p=52559\",\"url\":\"https:\/\/portalfadesp.org.br\/?p=52559\",\"name\":\"FADESP apresenta Bienal sobre as \u00c1guas na UFPA - FADESP\",\"isPartOf\":{\"@id\":\"https:\/\/portalfadesp.org.br\/#website\"},\"primaryImageOfPage\":{\"@id\":\"https:\/\/portalfadesp.org.br\/?p=52559#primaryimage\"},\"image\":{\"@id\":\"https:\/\/portalfadesp.org.br\/?p=52559#primaryimage\"},\"thumbnailUrl\":\"https:\/\/portalfadesp.org.br\/wp-content\/uploads\/2025\/11\/posts_FADESP_bienal-na-aguas_story-scaled.jpg\",\"datePublished\":\"2025-11-11T19:58:16+00:00\",\"dateModified\":\"2025-11-11T19:58:22+00:00\",\"breadcrumb\":{\"@id\":\"https:\/\/portalfadesp.org.br\/?p=52559#breadcrumb\"},\"inLanguage\":\"pt-BR\",\"potentialAction\":[{\"@type\":\"ReadAction\",\"target\":[\"https:\/\/portalfadesp.org.br\/?p=52559\"]}]},{\"@type\":\"ImageObject\",\"inLanguage\":\"pt-BR\",\"@id\":\"https:\/\/portalfadesp.org.br\/?p=52559#primaryimage\",\"url\":\"https:\/\/portalfadesp.org.br\/wp-content\/uploads\/2025\/11\/posts_FADESP_bienal-na-aguas_story-scaled.jpg\",\"contentUrl\":\"https:\/\/portalfadesp.org.br\/wp-content\/uploads\/2025\/11\/posts_FADESP_bienal-na-aguas_story-scaled.jpg\",\"width\":1440,\"height\":2560},{\"@type\":\"BreadcrumbList\",\"@id\":\"https:\/\/portalfadesp.org.br\/?p=52559#breadcrumb\",\"itemListElement\":[{\"@type\":\"ListItem\",\"position\":1,\"name\":\"In\u00edcio\",\"item\":\"https:\/\/portalfadesp.org.br\/\"},{\"@type\":\"ListItem\",\"position\":2,\"name\":\"FADESP apresenta Bienal sobre as \u00c1guas na UFPA\"}]},{\"@type\":\"WebSite\",\"@id\":\"https:\/\/portalfadesp.org.br\/#website\",\"url\":\"https:\/\/portalfadesp.org.br\/\",\"name\":\"FADESP\",\"description\":\"Funda\u00e7\u00e3o de Amparo e Desenvolvimento da Pesquisa\",\"publisher\":{\"@id\":\"https:\/\/portalfadesp.org.br\/#organization\"},\"potentialAction\":[{\"@type\":\"SearchAction\",\"target\":{\"@type\":\"EntryPoint\",\"urlTemplate\":\"https:\/\/portalfadesp.org.br\/?s={search_term_string}\"},\"query-input\":{\"@type\":\"PropertyValueSpecification\",\"valueRequired\":true,\"valueName\":\"search_term_string\"}}],\"inLanguage\":\"pt-BR\"},{\"@type\":\"Organization\",\"@id\":\"https:\/\/portalfadesp.org.br\/#organization\",\"name\":\"FADESP\",\"url\":\"https:\/\/portalfadesp.org.br\/\",\"logo\":{\"@type\":\"ImageObject\",\"inLanguage\":\"pt-BR\",\"@id\":\"https:\/\/portalfadesp.org.br\/#\/schema\/logo\/image\/\",\"url\":\"https:\/\/portalfadesp.org.br\/wp-content\/uploads\/2024\/01\/NOVOLOGOFADESPlaranjaH.png\",\"contentUrl\":\"https:\/\/portalfadesp.org.br\/wp-content\/uploads\/2024\/01\/NOVOLOGOFADESPlaranjaH.png\",\"width\":2742,\"height\":839,\"caption\":\"FADESP\"},\"image\":{\"@id\":\"https:\/\/portalfadesp.org.br\/#\/schema\/logo\/image\/\"},\"sameAs\":[\"https:\/\/www.facebook.com\/Fadesp-138351949524662\/\",\"https:\/\/x.com\/Fadesp\",\"https:\/\/www.instagram.com\/fadesp_ufpa\/\",\"https:\/\/www.youtube.com\/@fundacaodeamparoedesenvolv1903\",\"https:\/\/www.threads.net\/@fadesp_ufpa\"]},{\"@type\":\"Person\",\"@id\":\"https:\/\/portalfadesp.org.br\/#\/schema\/person\/31709c4c8ec92d6bbdd2c1da60cf8d66\",\"name\":\"Brena Marques\",\"image\":{\"@type\":\"ImageObject\",\"inLanguage\":\"pt-BR\",\"@id\":\"https:\/\/portalfadesp.org.br\/#\/schema\/person\/image\/\",\"url\":\"https:\/\/secure.gravatar.com\/avatar\/d8709cd0de324fbec018b6878350216726d26c3436f44ebee8f3db75e29728f3?s=96&d=mm&r=g\",\"contentUrl\":\"https:\/\/secure.gravatar.com\/avatar\/d8709cd0de324fbec018b6878350216726d26c3436f44ebee8f3db75e29728f3?s=96&d=mm&r=g\",\"caption\":\"Brena Marques\"},\"url\":\"https:\/\/portalfadesp.org.br\/?author=12\"}]}<\/script>\n<!-- \/ Yoast SEO plugin. -->","yoast_head_json":{"title":"FADESP apresenta Bienal sobre as \u00c1guas na UFPA - FADESP","robots":{"index":"index","follow":"follow","max-snippet":"max-snippet:-1","max-image-preview":"max-image-preview:large","max-video-preview":"max-video-preview:-1"},"canonical":"https:\/\/portalfadesp.org.br\/?p=52559","og_locale":"pt_BR","og_type":"article","og_title":"FADESP apresenta Bienal sobre as \u00c1guas na UFPA - FADESP","og_description":"Barco-obra e centro cultural flutuante da Bienal das Amaz\u00f4nias ilumina o rio Guam\u00e1 com arte e reflex\u00e3o durante a C\u00fapula dos Povos. O sol se p\u00f5e e as luzes da&nbsp;Bienal das Amaz\u00f4nias Sobre as \u00c1guas&nbsp;se acendem. Com o rio Guam\u00e1 iluminado, a arte flui, une-se \u00e0 C\u00fapula dos Povos e atrai quem passa pela Universidade [&hellip;]","og_url":"https:\/\/portalfadesp.org.br\/?p=52559","og_site_name":"FADESP","article_publisher":"https:\/\/www.facebook.com\/Fadesp-138351949524662\/","article_published_time":"2025-11-11T19:58:16+00:00","article_modified_time":"2025-11-11T19:58:22+00:00","og_image":[{"width":1440,"height":2560,"url":"https:\/\/portalfadesp.org.br\/wp-content\/uploads\/2025\/11\/posts_FADESP_bienal-na-aguas_story-scaled.jpg","type":"image\/jpeg"}],"author":"Brena Marques","twitter_card":"summary_large_image","twitter_creator":"@Fadesp","twitter_site":"@Fadesp","twitter_misc":{"Escrito por":"Brena Marques","Est. tempo de leitura":"4 minutos"},"schema":{"@context":"https:\/\/schema.org","@graph":[{"@type":"Article","@id":"https:\/\/portalfadesp.org.br\/?p=52559#article","isPartOf":{"@id":"https:\/\/portalfadesp.org.br\/?p=52559"},"author":{"name":"Brena Marques","@id":"https:\/\/portalfadesp.org.br\/#\/schema\/person\/31709c4c8ec92d6bbdd2c1da60cf8d66"},"headline":"FADESP apresenta Bienal sobre as \u00c1guas na UFPA","datePublished":"2025-11-11T19:58:16+00:00","dateModified":"2025-11-11T19:58:22+00:00","mainEntityOfPage":{"@id":"https:\/\/portalfadesp.org.br\/?p=52559"},"wordCount":505,"publisher":{"@id":"https:\/\/portalfadesp.org.br\/#organization"},"image":{"@id":"https:\/\/portalfadesp.org.br\/?p=52559#primaryimage"},"thumbnailUrl":"https:\/\/portalfadesp.org.br\/wp-content\/uploads\/2025\/11\/posts_FADESP_bienal-na-aguas_story-scaled.jpg","articleSection":["Geral"],"inLanguage":"pt-BR"},{"@type":"WebPage","@id":"https:\/\/portalfadesp.org.br\/?p=52559","url":"https:\/\/portalfadesp.org.br\/?p=52559","name":"FADESP apresenta Bienal sobre as \u00c1guas na UFPA - FADESP","isPartOf":{"@id":"https:\/\/portalfadesp.org.br\/#website"},"primaryImageOfPage":{"@id":"https:\/\/portalfadesp.org.br\/?p=52559#primaryimage"},"image":{"@id":"https:\/\/portalfadesp.org.br\/?p=52559#primaryimage"},"thumbnailUrl":"https:\/\/portalfadesp.org.br\/wp-content\/uploads\/2025\/11\/posts_FADESP_bienal-na-aguas_story-scaled.jpg","datePublished":"2025-11-11T19:58:16+00:00","dateModified":"2025-11-11T19:58:22+00:00","breadcrumb":{"@id":"https:\/\/portalfadesp.org.br\/?p=52559#breadcrumb"},"inLanguage":"pt-BR","potentialAction":[{"@type":"ReadAction","target":["https:\/\/portalfadesp.org.br\/?p=52559"]}]},{"@type":"ImageObject","inLanguage":"pt-BR","@id":"https:\/\/portalfadesp.org.br\/?p=52559#primaryimage","url":"https:\/\/portalfadesp.org.br\/wp-content\/uploads\/2025\/11\/posts_FADESP_bienal-na-aguas_story-scaled.jpg","contentUrl":"https:\/\/portalfadesp.org.br\/wp-content\/uploads\/2025\/11\/posts_FADESP_bienal-na-aguas_story-scaled.jpg","width":1440,"height":2560},{"@type":"BreadcrumbList","@id":"https:\/\/portalfadesp.org.br\/?p=52559#breadcrumb","itemListElement":[{"@type":"ListItem","position":1,"name":"In\u00edcio","item":"https:\/\/portalfadesp.org.br\/"},{"@type":"ListItem","position":2,"name":"FADESP apresenta Bienal sobre as \u00c1guas na UFPA"}]},{"@type":"WebSite","@id":"https:\/\/portalfadesp.org.br\/#website","url":"https:\/\/portalfadesp.org.br\/","name":"FADESP","description":"Funda\u00e7\u00e3o de Amparo e Desenvolvimento da Pesquisa","publisher":{"@id":"https:\/\/portalfadesp.org.br\/#organization"},"potentialAction":[{"@type":"SearchAction","target":{"@type":"EntryPoint","urlTemplate":"https:\/\/portalfadesp.org.br\/?s={search_term_string}"},"query-input":{"@type":"PropertyValueSpecification","valueRequired":true,"valueName":"search_term_string"}}],"inLanguage":"pt-BR"},{"@type":"Organization","@id":"https:\/\/portalfadesp.org.br\/#organization","name":"FADESP","url":"https:\/\/portalfadesp.org.br\/","logo":{"@type":"ImageObject","inLanguage":"pt-BR","@id":"https:\/\/portalfadesp.org.br\/#\/schema\/logo\/image\/","url":"https:\/\/portalfadesp.org.br\/wp-content\/uploads\/2024\/01\/NOVOLOGOFADESPlaranjaH.png","contentUrl":"https:\/\/portalfadesp.org.br\/wp-content\/uploads\/2024\/01\/NOVOLOGOFADESPlaranjaH.png","width":2742,"height":839,"caption":"FADESP"},"image":{"@id":"https:\/\/portalfadesp.org.br\/#\/schema\/logo\/image\/"},"sameAs":["https:\/\/www.facebook.com\/Fadesp-138351949524662\/","https:\/\/x.com\/Fadesp","https:\/\/www.instagram.com\/fadesp_ufpa\/","https:\/\/www.youtube.com\/@fundacaodeamparoedesenvolv1903","https:\/\/www.threads.net\/@fadesp_ufpa"]},{"@type":"Person","@id":"https:\/\/portalfadesp.org.br\/#\/schema\/person\/31709c4c8ec92d6bbdd2c1da60cf8d66","name":"Brena Marques","image":{"@type":"ImageObject","inLanguage":"pt-BR","@id":"https:\/\/portalfadesp.org.br\/#\/schema\/person\/image\/","url":"https:\/\/secure.gravatar.com\/avatar\/d8709cd0de324fbec018b6878350216726d26c3436f44ebee8f3db75e29728f3?s=96&d=mm&r=g","contentUrl":"https:\/\/secure.gravatar.com\/avatar\/d8709cd0de324fbec018b6878350216726d26c3436f44ebee8f3db75e29728f3?s=96&d=mm&r=g","caption":"Brena Marques"},"url":"https:\/\/portalfadesp.org.br\/?author=12"}]}},"_links":{"self":[{"href":"https:\/\/portalfadesp.org.br\/index.php?rest_route=\/wp\/v2\/posts\/52559","targetHints":{"allow":["GET"]}}],"collection":[{"href":"https:\/\/portalfadesp.org.br\/index.php?rest_route=\/wp\/v2\/posts"}],"about":[{"href":"https:\/\/portalfadesp.org.br\/index.php?rest_route=\/wp\/v2\/types\/post"}],"author":[{"embeddable":true,"href":"https:\/\/portalfadesp.org.br\/index.php?rest_route=\/wp\/v2\/users\/12"}],"replies":[{"embeddable":true,"href":"https:\/\/portalfadesp.org.br\/index.php?rest_route=%2Fwp%2Fv2%2Fcomments&post=52559"}],"version-history":[{"count":1,"href":"https:\/\/portalfadesp.org.br\/index.php?rest_route=\/wp\/v2\/posts\/52559\/revisions"}],"predecessor-version":[{"id":52564,"href":"https:\/\/portalfadesp.org.br\/index.php?rest_route=\/wp\/v2\/posts\/52559\/revisions\/52564"}],"wp:featuredmedia":[{"embeddable":true,"href":"https:\/\/portalfadesp.org.br\/index.php?rest_route=\/wp\/v2\/media\/52563"}],"wp:attachment":[{"href":"https:\/\/portalfadesp.org.br\/index.php?rest_route=%2Fwp%2Fv2%2Fmedia&parent=52559"}],"wp:term":[{"taxonomy":"category","embeddable":true,"href":"https:\/\/portalfadesp.org.br\/index.php?rest_route=%2Fwp%2Fv2%2Fcategories&post=52559"},{"taxonomy":"post_tag","embeddable":true,"href":"https:\/\/portalfadesp.org.br\/index.php?rest_route=%2Fwp%2Fv2%2Ftags&post=52559"}],"curies":[{"name":"wp","href":"https:\/\/api.w.org\/{rel}","templated":true}]}}