{"id":5254,"date":"2019-12-09T09:38:37","date_gmt":"2019-12-09T12:38:37","guid":{"rendered":"https:\/\/162.215.13.167?p=5254"},"modified":"2022-12-20T17:31:21","modified_gmt":"2022-12-20T20:31:21","slug":"ufpa-campus-altamira-oferta-curso-livre-de-lingua-inglesa-e-libras-a-inscricao-para-nivelamento-vai-ate-a-quinta-feira-12","status":"publish","type":"post","link":"https:\/\/portalfadesp.org.br\/?p=5254","title":{"rendered":"UFPA, campus Altamira, oferta Curso Livre de L\u00edngua Inglesa e LIBRAS. A inscri\u00e7\u00e3o para nivelamento vai at\u00e9 a quinta-feira, 12."},"content":{"rendered":"\n<p>A Universidade Federal do Par\u00e1 (UFPA) lan\u00e7ou edital de oferta do Curso Livre de Ingl\u00eas e L\u00edngua Brasileira de Sinais (CLLIL) para turmas no campus de Altamira (PA). As inscri\u00e7\u00f5es ser\u00e3o realizadas <a rel=\"noreferrer noopener\" aria-label=\"no site da FADESP (www.portalfadesp.org.br) (abre numa nova aba)\" href=\"http:\/\/cursos.fadesp.org.br\/mostracurso.asp?curso=614\" target=\"_blank\"><strong>no site da FADESP (www.portalfadesp.org.br)<\/strong><\/a>, a partir de amanh\u00e3, 10. Os interessados em come\u00e7ar a partir do n\u00edvel 2 t\u00eam at\u00e9 a quinta-feira, 12, para se inscrever, presencialmente, na prova de nivelamento.<\/p>\n\n\n\n<p>Conforme o edital, ambos os cursos s\u00e3o presenciais. O de l\u00edngua inglesa \u00e9 composto por sete semestres que permitem aos alunos desenvolverem as quatro habilidades b\u00e1sicas&nbsp;(ouvir, compreender, falar e escrever)&nbsp;atrav\u00e9s do M\u00e9todo Comunicativo. Neste, \u00e9 enfatizada a intera\u00e7\u00e3o.<\/p>\n\n\n\n<p>O curso de LIBRAS \u00e9 destinado a ouvintes. Composto\npor quatro semestres, ele baseia-se na perspectiva da abordagem comunicativa e\nutiliza m\u00e9todo de instru\u00e7\u00e3o, pr\u00e1tica e produ\u00e7\u00e3o em sinais pelos alunos\n(metodologia pr\u00f3pria). Al\u00e9m dos livros \u201cAprendendo L\u00edngua Brasileira de Sinais\ncomo segunda l\u00edngua\u201d e \u201cEnsino de Libras: aspectos hist\u00f3ricos e sociais para a\nforma\u00e7\u00e3o did\u00e1tica de professores\u201d, ser\u00e3o usados v\u00eddeos produzidos pelos\npr\u00f3prios professores.<\/p>\n\n\n\n<p>A inscri\u00e7\u00e3o para o nivelamento ser\u00e1 realizada at\u00e9 o dia\n12 deste m\u00eas, na coordena\u00e7\u00e3o do CLLIL, das 14h \u00e0s 18h. O interessado deve pagar\na taxa de R$ 20,00 e escolher o dia da prova (09 ou 12 de dezembro) que ser\u00e1\nrealizada \u00e0s 18h30. O resultado ser\u00e1 divulgado dia 14,\na partir de 16h, na p\u00e1gina do Curso Livre (<a href=\"https:\/\/www.facebook.com\/cursolivreingleselibrasatm\/?ref=bookmarks\">https:\/\/www.facebook.com\/cursolivreingleselibrasatm\/?ref=bookmarks<\/a>)\nou na coordena\u00e7\u00e3o do curso.<\/p>\n\n\n\n<p>A matr\u00edcula para todos os candidatos, inclusive os que\nfizerem a prova de nivelamento, ser\u00e1 realizada at\u00e9 10 de janeiro de 2020, no\nsite da FADESP. &nbsp;Estudantes beneficiados\ncom bolsas dos CLLIL devem se matricular na coordena\u00e7\u00e3o do curso e caso n\u00e3o\nfa\u00e7am o recadastramento, perder\u00e3o a bolsa.<\/p>\n\n\n\n<p>O edital estabelece, ainda, que a matr\u00edcula que n\u00e3o for\npaga at\u00e9 o dia do vencimento ser\u00e1 cancelada e a vaga reofertada em janeiro de\n2020. Turmas com menos de 20 alunos ser\u00e3o canceladas e a taxa de matr\u00edcula\ndevolvida integralmente.<\/p>\n\n\n\n<p>Como \u00e9 autofinanci\u00e1vel, os cursos exigem investimento de R$430,00\npor semestre. O valor pode ser pago \u00e0 vista, com desconto de 5%, ou dividido em\numa parcela de R$150,00 (matr\u00edcula) mais quatro parcelas de R$70,00.<\/p>\n\n\n\n<p>O curso come\u00e7ar\u00e1 em fevereiro. No dia 7 do referido m\u00eas\nser\u00e1 realizada aula inaugural para todas as turmas, \u00e0s 19h, no audit\u00f3rio do\ncampus 1 da UFPA, em Altamira.<\/p>\n\n\n\n<p>Para mais informa\u00e7\u00f5es, ligar para (93) 2122-0532, enviar\nemail para <a href=\"mailto:cursolivrealtamira@gmail.com\">cursolivrealtamira@gmail.com<\/a>\nou acessar o site <a href=\"http:\/\/cllil.ufpa.br\/\">http:\/\/cllil.ufpa.br\/<\/a> e a\np\u00e1gina<\/p>\n\n\n\n<figure class=\"wp-block-embed is-provider-facebook wp-block-embed-facebook\"><div class=\"wp-block-embed__wrapper\">\nhttps:\/\/www.facebook.com\/cursolivreingleselibrasatm\/\n<\/div><\/figure>\n","protected":false},"excerpt":{"rendered":"<p>A Universidade Federal do Par\u00e1 (UFPA) lan\u00e7ou edital de oferta do Curso Livre de Ingl\u00eas e L\u00edngua Brasileira de Sinais (CLLIL) para turmas no campus de Altamira (PA). As inscri\u00e7\u00f5es ser\u00e3o realizadas no site da FADESP (www.portalfadesp.org.br), a partir de amanh\u00e3, 10. Os interessados em come\u00e7ar a partir do n\u00edvel 2 t\u00eam at\u00e9 a quinta-feira, [&hellip;]<\/p>\n","protected":false},"author":11,"featured_media":2174,"comment_status":"open","ping_status":"open","sticky":false,"template":"","format":"standard","meta":{"_monsterinsights_skip_tracking":false,"_monsterinsights_sitenote_active":false,"_monsterinsights_sitenote_note":"","_monsterinsights_sitenote_category":0,"footnotes":""},"categories":[11,83],"tags":[31,32,33],"class_list":["post-5254","post","type-post","status-publish","format-standard","has-post-thumbnail","hentry","category-cursos-livres","category-ufpa","tag-cursos-livres","tag-linguas","tag-ufpa","entry","has-media"],"yoast_head":"<!-- This site is optimized with the Yoast SEO plugin v25.1 - https:\/\/yoast.com\/wordpress\/plugins\/seo\/ -->\n<title>UFPA, campus Altamira, oferta Curso Livre de L\u00edngua Inglesa e LIBRAS. A inscri\u00e7\u00e3o para nivelamento vai at\u00e9 a quinta-feira, 12. - FADESP<\/title>\n<meta name=\"robots\" content=\"index, follow, max-snippet:-1, max-image-preview:large, max-video-preview:-1\" \/>\n<link rel=\"canonical\" href=\"https:\/\/portalfadesp.org.br\/?p=5254\" \/>\n<meta property=\"og:locale\" content=\"pt_BR\" \/>\n<meta property=\"og:type\" content=\"article\" \/>\n<meta property=\"og:title\" content=\"UFPA, campus Altamira, oferta Curso Livre de L\u00edngua Inglesa e LIBRAS. A inscri\u00e7\u00e3o para nivelamento vai at\u00e9 a quinta-feira, 12. - FADESP\" \/>\n<meta property=\"og:description\" content=\"A Universidade Federal do Par\u00e1 (UFPA) lan\u00e7ou edital de oferta do Curso Livre de Ingl\u00eas e L\u00edngua Brasileira de Sinais (CLLIL) para turmas no campus de Altamira (PA). As inscri\u00e7\u00f5es ser\u00e3o realizadas no site da FADESP (www.portalfadesp.org.br), a partir de amanh\u00e3, 10. Os interessados em come\u00e7ar a partir do n\u00edvel 2 t\u00eam at\u00e9 a quinta-feira, [&hellip;]\" \/>\n<meta property=\"og:url\" content=\"https:\/\/portalfadesp.org.br\/?p=5254\" \/>\n<meta property=\"og:site_name\" content=\"FADESP\" \/>\n<meta property=\"article:publisher\" content=\"https:\/\/www.facebook.com\/Fadesp-138351949524662\/\" \/>\n<meta property=\"article:published_time\" content=\"2019-12-09T12:38:37+00:00\" \/>\n<meta property=\"article:modified_time\" content=\"2022-12-20T20:31:21+00:00\" \/>\n<meta property=\"og:image\" content=\"https:\/\/portalfadesp.org.br\/wp-content\/uploads\/2019\/06\/2018-agosto-rotativo-clle-altamira.png\" \/>\n\t<meta property=\"og:image:width\" content=\"900\" \/>\n\t<meta property=\"og:image:height\" content=\"700\" \/>\n\t<meta property=\"og:image:type\" content=\"image\/png\" \/>\n<meta name=\"author\" content=\"Lorena Filgueiras\" \/>\n<meta name=\"twitter:card\" content=\"summary_large_image\" \/>\n<meta name=\"twitter:creator\" content=\"@Fadesp\" \/>\n<meta name=\"twitter:site\" content=\"@Fadesp\" \/>\n<meta name=\"twitter:label1\" content=\"Escrito por\" \/>\n\t<meta name=\"twitter:data1\" content=\"Lorena Filgueiras\" \/>\n\t<meta name=\"twitter:label2\" content=\"Est. tempo de leitura\" \/>\n\t<meta name=\"twitter:data2\" content=\"2 minutos\" \/>\n<script type=\"application\/ld+json\" class=\"yoast-schema-graph\">{\"@context\":\"https:\/\/schema.org\",\"@graph\":[{\"@type\":\"Article\",\"@id\":\"https:\/\/portalfadesp.org.br\/?p=5254#article\",\"isPartOf\":{\"@id\":\"https:\/\/portalfadesp.org.br\/?p=5254\"},\"author\":{\"name\":\"Lorena Filgueiras\",\"@id\":\"https:\/\/portalfadesp.org.br\/#\/schema\/person\/c1fa9db0c87dc412d1568e0e5e27be9c\"},\"headline\":\"UFPA, campus Altamira, oferta Curso Livre de L\u00edngua Inglesa e LIBRAS. A inscri\u00e7\u00e3o para nivelamento vai at\u00e9 a quinta-feira, 12.\",\"datePublished\":\"2019-12-09T12:38:37+00:00\",\"dateModified\":\"2022-12-20T20:31:21+00:00\",\"mainEntityOfPage\":{\"@id\":\"https:\/\/portalfadesp.org.br\/?p=5254\"},\"wordCount\":480,\"commentCount\":0,\"publisher\":{\"@id\":\"https:\/\/portalfadesp.org.br\/#organization\"},\"image\":{\"@id\":\"https:\/\/portalfadesp.org.br\/?p=5254#primaryimage\"},\"thumbnailUrl\":\"https:\/\/portalfadesp.org.br\/wp-content\/uploads\/2019\/06\/2018-agosto-rotativo-clle-altamira.png\",\"keywords\":[\"cursos livres\",\"l\u00ednguas\",\"UFPA\"],\"articleSection\":[\"Cursos Livres\",\"UFPA\"],\"inLanguage\":\"pt-BR\"},{\"@type\":\"WebPage\",\"@id\":\"https:\/\/portalfadesp.org.br\/?p=5254\",\"url\":\"https:\/\/portalfadesp.org.br\/?p=5254\",\"name\":\"UFPA, campus Altamira, oferta Curso Livre de L\u00edngua Inglesa e LIBRAS. A inscri\u00e7\u00e3o para nivelamento vai at\u00e9 a quinta-feira, 12. - FADESP\",\"isPartOf\":{\"@id\":\"https:\/\/portalfadesp.org.br\/#website\"},\"primaryImageOfPage\":{\"@id\":\"https:\/\/portalfadesp.org.br\/?p=5254#primaryimage\"},\"image\":{\"@id\":\"https:\/\/portalfadesp.org.br\/?p=5254#primaryimage\"},\"thumbnailUrl\":\"https:\/\/portalfadesp.org.br\/wp-content\/uploads\/2019\/06\/2018-agosto-rotativo-clle-altamira.png\",\"datePublished\":\"2019-12-09T12:38:37+00:00\",\"dateModified\":\"2022-12-20T20:31:21+00:00\",\"breadcrumb\":{\"@id\":\"https:\/\/portalfadesp.org.br\/?p=5254#breadcrumb\"},\"inLanguage\":\"pt-BR\",\"potentialAction\":[{\"@type\":\"ReadAction\",\"target\":[\"https:\/\/portalfadesp.org.br\/?p=5254\"]}]},{\"@type\":\"ImageObject\",\"inLanguage\":\"pt-BR\",\"@id\":\"https:\/\/portalfadesp.org.br\/?p=5254#primaryimage\",\"url\":\"https:\/\/portalfadesp.org.br\/wp-content\/uploads\/2019\/06\/2018-agosto-rotativo-clle-altamira.png\",\"contentUrl\":\"https:\/\/portalfadesp.org.br\/wp-content\/uploads\/2019\/06\/2018-agosto-rotativo-clle-altamira.png\",\"width\":900,\"height\":700},{\"@type\":\"BreadcrumbList\",\"@id\":\"https:\/\/portalfadesp.org.br\/?p=5254#breadcrumb\",\"itemListElement\":[{\"@type\":\"ListItem\",\"position\":1,\"name\":\"In\u00edcio\",\"item\":\"https:\/\/portalfadesp.org.br\/\"},{\"@type\":\"ListItem\",\"position\":2,\"name\":\"UFPA, campus Altamira, oferta Curso Livre de L\u00edngua Inglesa e LIBRAS. A inscri\u00e7\u00e3o para nivelamento vai at\u00e9 a quinta-feira, 12.\"}]},{\"@type\":\"WebSite\",\"@id\":\"https:\/\/portalfadesp.org.br\/#website\",\"url\":\"https:\/\/portalfadesp.org.br\/\",\"name\":\"FADESP\",\"description\":\"Funda\u00e7\u00e3o de Amparo e Desenvolvimento da Pesquisa\",\"publisher\":{\"@id\":\"https:\/\/portalfadesp.org.br\/#organization\"},\"potentialAction\":[{\"@type\":\"SearchAction\",\"target\":{\"@type\":\"EntryPoint\",\"urlTemplate\":\"https:\/\/portalfadesp.org.br\/?s={search_term_string}\"},\"query-input\":{\"@type\":\"PropertyValueSpecification\",\"valueRequired\":true,\"valueName\":\"search_term_string\"}}],\"inLanguage\":\"pt-BR\"},{\"@type\":\"Organization\",\"@id\":\"https:\/\/portalfadesp.org.br\/#organization\",\"name\":\"FADESP\",\"url\":\"https:\/\/portalfadesp.org.br\/\",\"logo\":{\"@type\":\"ImageObject\",\"inLanguage\":\"pt-BR\",\"@id\":\"https:\/\/portalfadesp.org.br\/#\/schema\/logo\/image\/\",\"url\":\"https:\/\/portalfadesp.org.br\/wp-content\/uploads\/2024\/01\/NOVOLOGOFADESPlaranjaH.png\",\"contentUrl\":\"https:\/\/portalfadesp.org.br\/wp-content\/uploads\/2024\/01\/NOVOLOGOFADESPlaranjaH.png\",\"width\":2742,\"height\":839,\"caption\":\"FADESP\"},\"image\":{\"@id\":\"https:\/\/portalfadesp.org.br\/#\/schema\/logo\/image\/\"},\"sameAs\":[\"https:\/\/www.facebook.com\/Fadesp-138351949524662\/\",\"https:\/\/x.com\/Fadesp\",\"https:\/\/www.instagram.com\/fadesp_ufpa\/\",\"https:\/\/www.youtube.com\/@fundacaodeamparoedesenvolv1903\",\"https:\/\/www.threads.net\/@fadesp_ufpa\"]},{\"@type\":\"Person\",\"@id\":\"https:\/\/portalfadesp.org.br\/#\/schema\/person\/c1fa9db0c87dc412d1568e0e5e27be9c\",\"name\":\"Lorena Filgueiras\",\"image\":{\"@type\":\"ImageObject\",\"inLanguage\":\"pt-BR\",\"@id\":\"https:\/\/portalfadesp.org.br\/#\/schema\/person\/image\/\",\"url\":\"https:\/\/secure.gravatar.com\/avatar\/37390a2dfe1325c2917fc5f6df471abe8ab753cf23b2d14690f57bd61ab4b7cf?s=96&d=mm&r=g\",\"contentUrl\":\"https:\/\/secure.gravatar.com\/avatar\/37390a2dfe1325c2917fc5f6df471abe8ab753cf23b2d14690f57bd61ab4b7cf?s=96&d=mm&r=g\",\"caption\":\"Lorena Filgueiras\"},\"url\":\"https:\/\/portalfadesp.org.br\/?author=11\"}]}<\/script>\n<!-- \/ Yoast SEO plugin. -->","yoast_head_json":{"title":"UFPA, campus Altamira, oferta Curso Livre de L\u00edngua Inglesa e LIBRAS. A inscri\u00e7\u00e3o para nivelamento vai at\u00e9 a quinta-feira, 12. - FADESP","robots":{"index":"index","follow":"follow","max-snippet":"max-snippet:-1","max-image-preview":"max-image-preview:large","max-video-preview":"max-video-preview:-1"},"canonical":"https:\/\/portalfadesp.org.br\/?p=5254","og_locale":"pt_BR","og_type":"article","og_title":"UFPA, campus Altamira, oferta Curso Livre de L\u00edngua Inglesa e LIBRAS. A inscri\u00e7\u00e3o para nivelamento vai at\u00e9 a quinta-feira, 12. - FADESP","og_description":"A Universidade Federal do Par\u00e1 (UFPA) lan\u00e7ou edital de oferta do Curso Livre de Ingl\u00eas e L\u00edngua Brasileira de Sinais (CLLIL) para turmas no campus de Altamira (PA). As inscri\u00e7\u00f5es ser\u00e3o realizadas no site da FADESP (www.portalfadesp.org.br), a partir de amanh\u00e3, 10. Os interessados em come\u00e7ar a partir do n\u00edvel 2 t\u00eam at\u00e9 a quinta-feira, [&hellip;]","og_url":"https:\/\/portalfadesp.org.br\/?p=5254","og_site_name":"FADESP","article_publisher":"https:\/\/www.facebook.com\/Fadesp-138351949524662\/","article_published_time":"2019-12-09T12:38:37+00:00","article_modified_time":"2022-12-20T20:31:21+00:00","og_image":[{"width":900,"height":700,"url":"https:\/\/portalfadesp.org.br\/wp-content\/uploads\/2019\/06\/2018-agosto-rotativo-clle-altamira.png","type":"image\/png"}],"author":"Lorena Filgueiras","twitter_card":"summary_large_image","twitter_creator":"@Fadesp","twitter_site":"@Fadesp","twitter_misc":{"Escrito por":"Lorena Filgueiras","Est. tempo de leitura":"2 minutos"},"schema":{"@context":"https:\/\/schema.org","@graph":[{"@type":"Article","@id":"https:\/\/portalfadesp.org.br\/?p=5254#article","isPartOf":{"@id":"https:\/\/portalfadesp.org.br\/?p=5254"},"author":{"name":"Lorena Filgueiras","@id":"https:\/\/portalfadesp.org.br\/#\/schema\/person\/c1fa9db0c87dc412d1568e0e5e27be9c"},"headline":"UFPA, campus Altamira, oferta Curso Livre de L\u00edngua Inglesa e LIBRAS. A inscri\u00e7\u00e3o para nivelamento vai at\u00e9 a quinta-feira, 12.","datePublished":"2019-12-09T12:38:37+00:00","dateModified":"2022-12-20T20:31:21+00:00","mainEntityOfPage":{"@id":"https:\/\/portalfadesp.org.br\/?p=5254"},"wordCount":480,"commentCount":0,"publisher":{"@id":"https:\/\/portalfadesp.org.br\/#organization"},"image":{"@id":"https:\/\/portalfadesp.org.br\/?p=5254#primaryimage"},"thumbnailUrl":"https:\/\/portalfadesp.org.br\/wp-content\/uploads\/2019\/06\/2018-agosto-rotativo-clle-altamira.png","keywords":["cursos livres","l\u00ednguas","UFPA"],"articleSection":["Cursos Livres","UFPA"],"inLanguage":"pt-BR"},{"@type":"WebPage","@id":"https:\/\/portalfadesp.org.br\/?p=5254","url":"https:\/\/portalfadesp.org.br\/?p=5254","name":"UFPA, campus Altamira, oferta Curso Livre de L\u00edngua Inglesa e LIBRAS. A inscri\u00e7\u00e3o para nivelamento vai at\u00e9 a quinta-feira, 12. - FADESP","isPartOf":{"@id":"https:\/\/portalfadesp.org.br\/#website"},"primaryImageOfPage":{"@id":"https:\/\/portalfadesp.org.br\/?p=5254#primaryimage"},"image":{"@id":"https:\/\/portalfadesp.org.br\/?p=5254#primaryimage"},"thumbnailUrl":"https:\/\/portalfadesp.org.br\/wp-content\/uploads\/2019\/06\/2018-agosto-rotativo-clle-altamira.png","datePublished":"2019-12-09T12:38:37+00:00","dateModified":"2022-12-20T20:31:21+00:00","breadcrumb":{"@id":"https:\/\/portalfadesp.org.br\/?p=5254#breadcrumb"},"inLanguage":"pt-BR","potentialAction":[{"@type":"ReadAction","target":["https:\/\/portalfadesp.org.br\/?p=5254"]}]},{"@type":"ImageObject","inLanguage":"pt-BR","@id":"https:\/\/portalfadesp.org.br\/?p=5254#primaryimage","url":"https:\/\/portalfadesp.org.br\/wp-content\/uploads\/2019\/06\/2018-agosto-rotativo-clle-altamira.png","contentUrl":"https:\/\/portalfadesp.org.br\/wp-content\/uploads\/2019\/06\/2018-agosto-rotativo-clle-altamira.png","width":900,"height":700},{"@type":"BreadcrumbList","@id":"https:\/\/portalfadesp.org.br\/?p=5254#breadcrumb","itemListElement":[{"@type":"ListItem","position":1,"name":"In\u00edcio","item":"https:\/\/portalfadesp.org.br\/"},{"@type":"ListItem","position":2,"name":"UFPA, campus Altamira, oferta Curso Livre de L\u00edngua Inglesa e LIBRAS. A inscri\u00e7\u00e3o para nivelamento vai at\u00e9 a quinta-feira, 12."}]},{"@type":"WebSite","@id":"https:\/\/portalfadesp.org.br\/#website","url":"https:\/\/portalfadesp.org.br\/","name":"FADESP","description":"Funda\u00e7\u00e3o de Amparo e Desenvolvimento da Pesquisa","publisher":{"@id":"https:\/\/portalfadesp.org.br\/#organization"},"potentialAction":[{"@type":"SearchAction","target":{"@type":"EntryPoint","urlTemplate":"https:\/\/portalfadesp.org.br\/?s={search_term_string}"},"query-input":{"@type":"PropertyValueSpecification","valueRequired":true,"valueName":"search_term_string"}}],"inLanguage":"pt-BR"},{"@type":"Organization","@id":"https:\/\/portalfadesp.org.br\/#organization","name":"FADESP","url":"https:\/\/portalfadesp.org.br\/","logo":{"@type":"ImageObject","inLanguage":"pt-BR","@id":"https:\/\/portalfadesp.org.br\/#\/schema\/logo\/image\/","url":"https:\/\/portalfadesp.org.br\/wp-content\/uploads\/2024\/01\/NOVOLOGOFADESPlaranjaH.png","contentUrl":"https:\/\/portalfadesp.org.br\/wp-content\/uploads\/2024\/01\/NOVOLOGOFADESPlaranjaH.png","width":2742,"height":839,"caption":"FADESP"},"image":{"@id":"https:\/\/portalfadesp.org.br\/#\/schema\/logo\/image\/"},"sameAs":["https:\/\/www.facebook.com\/Fadesp-138351949524662\/","https:\/\/x.com\/Fadesp","https:\/\/www.instagram.com\/fadesp_ufpa\/","https:\/\/www.youtube.com\/@fundacaodeamparoedesenvolv1903","https:\/\/www.threads.net\/@fadesp_ufpa"]},{"@type":"Person","@id":"https:\/\/portalfadesp.org.br\/#\/schema\/person\/c1fa9db0c87dc412d1568e0e5e27be9c","name":"Lorena Filgueiras","image":{"@type":"ImageObject","inLanguage":"pt-BR","@id":"https:\/\/portalfadesp.org.br\/#\/schema\/person\/image\/","url":"https:\/\/secure.gravatar.com\/avatar\/37390a2dfe1325c2917fc5f6df471abe8ab753cf23b2d14690f57bd61ab4b7cf?s=96&d=mm&r=g","contentUrl":"https:\/\/secure.gravatar.com\/avatar\/37390a2dfe1325c2917fc5f6df471abe8ab753cf23b2d14690f57bd61ab4b7cf?s=96&d=mm&r=g","caption":"Lorena Filgueiras"},"url":"https:\/\/portalfadesp.org.br\/?author=11"}]}},"_links":{"self":[{"href":"https:\/\/portalfadesp.org.br\/index.php?rest_route=\/wp\/v2\/posts\/5254","targetHints":{"allow":["GET"]}}],"collection":[{"href":"https:\/\/portalfadesp.org.br\/index.php?rest_route=\/wp\/v2\/posts"}],"about":[{"href":"https:\/\/portalfadesp.org.br\/index.php?rest_route=\/wp\/v2\/types\/post"}],"author":[{"embeddable":true,"href":"https:\/\/portalfadesp.org.br\/index.php?rest_route=\/wp\/v2\/users\/11"}],"replies":[{"embeddable":true,"href":"https:\/\/portalfadesp.org.br\/index.php?rest_route=%2Fwp%2Fv2%2Fcomments&post=5254"}],"version-history":[{"count":5,"href":"https:\/\/portalfadesp.org.br\/index.php?rest_route=\/wp\/v2\/posts\/5254\/revisions"}],"predecessor-version":[{"id":37763,"href":"https:\/\/portalfadesp.org.br\/index.php?rest_route=\/wp\/v2\/posts\/5254\/revisions\/37763"}],"wp:featuredmedia":[{"embeddable":true,"href":"https:\/\/portalfadesp.org.br\/index.php?rest_route=\/wp\/v2\/media\/2174"}],"wp:attachment":[{"href":"https:\/\/portalfadesp.org.br\/index.php?rest_route=%2Fwp%2Fv2%2Fmedia&parent=5254"}],"wp:term":[{"taxonomy":"category","embeddable":true,"href":"https:\/\/portalfadesp.org.br\/index.php?rest_route=%2Fwp%2Fv2%2Fcategories&post=5254"},{"taxonomy":"post_tag","embeddable":true,"href":"https:\/\/portalfadesp.org.br\/index.php?rest_route=%2Fwp%2Fv2%2Ftags&post=5254"}],"curies":[{"name":"wp","href":"https:\/\/api.w.org\/{rel}","templated":true}]}}