{"id":52520,"date":"2025-11-05T18:12:58","date_gmt":"2025-11-05T21:12:58","guid":{"rendered":"https:\/\/portalfadesp.org.br\/?p=52520"},"modified":"2025-11-05T18:13:05","modified_gmt":"2025-11-05T21:13:05","slug":"parceria-entre-ufpa-fadesp-e-greenpeace-inaugura-o-trapiche-ribeirinho-na-orla-da-universidade","status":"publish","type":"post","link":"https:\/\/portalfadesp.org.br\/?p=52520","title":{"rendered":"Parceria entre UFPA, FADESP e Greenpeace inaugura o Trapiche Ribeirinho na orla da universidade"},"content":{"rendered":"\n<p>A orla da Universidade Federal do Par\u00e1 (UFPA) ganhou, nesta quarta-feira (5), um novo espa\u00e7o voltado \u00e0 integra\u00e7\u00e3o entre ci\u00eancia, meio ambiente e comunidade amaz\u00f4nica. O Trapiche Ribeirinho<strong> <\/strong>foi inaugurado em uma parceria entre a FADESP, a UFPA<strong> <\/strong>e o Greenpeace, e representa um marco n\u00e1utico que ser\u00e1 refer\u00eancia para atividades durante a COP 30, em 2025.<\/p>\n\n\n\n<figure class=\"wp-block-image size-large\"><img fetchpriority=\"high\" decoding=\"async\" width=\"1024\" height=\"683\" src=\"https:\/\/portalfadesp.org.br\/wp-content\/uploads\/2025\/11\/ARY2511-1024x683.jpg\" alt=\"\" class=\"wp-image-52521\" srcset=\"https:\/\/portalfadesp.org.br\/wp-content\/uploads\/2025\/11\/ARY2511-1024x683.jpg 1024w, https:\/\/portalfadesp.org.br\/wp-content\/uploads\/2025\/11\/ARY2511-300x200.jpg 300w, https:\/\/portalfadesp.org.br\/wp-content\/uploads\/2025\/11\/ARY2511-768x512.jpg 768w, https:\/\/portalfadesp.org.br\/wp-content\/uploads\/2025\/11\/ARY2511-1536x1024.jpg 1536w, https:\/\/portalfadesp.org.br\/wp-content\/uploads\/2025\/11\/ARY2511-2048x1365.jpg 2048w\" sizes=\"(max-width: 1024px) 100vw, 1024px\" \/><\/figure>\n\n\n\n<div style=\"height:20px\" aria-hidden=\"true\" class=\"wp-block-spacer\"><\/div>\n\n\n\n<p>O evento tamb\u00e9m foi marcado pela chegada do<strong> <\/strong>Rainbow Warrior, navio s\u00edmbolo das a\u00e7\u00f5es ambientais do Greenpeace, que ficar\u00e1 atracado na orla da UFPA. A embarca\u00e7\u00e3o estar\u00e1 aberta \u00e0 visita\u00e7\u00e3o p\u00fablica nos dias 8 e 9 de novembro, das 9h \u00e0s 16h, com entrada gratuita.<\/p>\n\n\n\n<div style=\"height:20px\" aria-hidden=\"true\" class=\"wp-block-spacer\"><\/div>\n\n\n\n<p>Para o diretor executivo da FADESP, Roberto Ferraz Barreto, o Trapiche Ribeirinho deixa um legado importante para a universidade e para a cidade.\u201c\u00c9 um avan\u00e7o muito grande e uma conquista significativa para a UFPA. Esse espa\u00e7o, que poder\u00e1 ser utilizado por estudantes e pela comunidade, representa um legado que permanece al\u00e9m da COP. A FADESP se orgulha em fazer parte desse processo como institui\u00e7\u00e3o de apoio, especialmente por cumprir sua miss\u00e3o de promover o desenvolvimento sustent\u00e1vel da Amaz\u00f4nia\u201d, destacou.<\/p>\n\n\n\n<figure class=\"wp-block-image size-large\"><img decoding=\"async\" width=\"1024\" height=\"683\" src=\"https:\/\/portalfadesp.org.br\/wp-content\/uploads\/2025\/11\/ARY2152-1024x683.jpg\" alt=\"\" class=\"wp-image-52522\" srcset=\"https:\/\/portalfadesp.org.br\/wp-content\/uploads\/2025\/11\/ARY2152-1024x683.jpg 1024w, https:\/\/portalfadesp.org.br\/wp-content\/uploads\/2025\/11\/ARY2152-300x200.jpg 300w, https:\/\/portalfadesp.org.br\/wp-content\/uploads\/2025\/11\/ARY2152-768x512.jpg 768w, https:\/\/portalfadesp.org.br\/wp-content\/uploads\/2025\/11\/ARY2152-1536x1024.jpg 1536w, https:\/\/portalfadesp.org.br\/wp-content\/uploads\/2025\/11\/ARY2152-2048x1365.jpg 2048w\" sizes=\"(max-width: 1024px) 100vw, 1024px\" \/><figcaption class=\"wp-element-caption\">Diretor executivo da FADESP, Roberto Ferraz Barreto.<\/figcaption><\/figure>\n\n\n\n<div style=\"height:20px\" aria-hidden=\"true\" class=\"wp-block-spacer\"><\/div>\n\n\n\n<p>O reitor da UFPA, Gilmar Pereira da Silva, destacou o papel da universidade como espa\u00e7o de di\u00e1logo e constru\u00e7\u00e3o coletiva de solu\u00e7\u00f5es para o planeta.\u201cA COP 30 n\u00e3o resolver\u00e1 todos os problemas da humanidade, mas pode lan\u00e7ar luz sobre eles e sobre a Amaz\u00f4nia. Precisamos de uma compreens\u00e3o mais pr\u00f3xima, constru\u00edda a partir do territ\u00f3rio, com a escuta dos povos ind\u00edgenas, quilombolas e ribeirinhos. N\u00e3o existe justi\u00e7a clim\u00e1tica sem direitos humanos, sem educa\u00e7\u00e3o de qualidade e sem respeito aos saberes tradicionais\u201d, enfatizou.<\/p>\n\n\n\n<figure class=\"wp-block-image size-large\"><img decoding=\"async\" width=\"1024\" height=\"683\" src=\"https:\/\/portalfadesp.org.br\/wp-content\/uploads\/2025\/11\/ARY1785-1024x683.jpg\" alt=\"\" class=\"wp-image-52523\" srcset=\"https:\/\/portalfadesp.org.br\/wp-content\/uploads\/2025\/11\/ARY1785-1024x683.jpg 1024w, https:\/\/portalfadesp.org.br\/wp-content\/uploads\/2025\/11\/ARY1785-300x200.jpg 300w, https:\/\/portalfadesp.org.br\/wp-content\/uploads\/2025\/11\/ARY1785-768x512.jpg 768w, https:\/\/portalfadesp.org.br\/wp-content\/uploads\/2025\/11\/ARY1785-1536x1024.jpg 1536w, https:\/\/portalfadesp.org.br\/wp-content\/uploads\/2025\/11\/ARY1785-2048x1365.jpg 2048w\" sizes=\"(max-width: 1024px) 100vw, 1024px\" \/><figcaption class=\"wp-element-caption\">Reitor da UFPA, Gilmar Pereira.<\/figcaption><\/figure>\n\n\n\n<div style=\"height:20px\" aria-hidden=\"true\" class=\"wp-block-spacer\"><\/div>\n\n\n\n<p>A diretora executiva do Greenpeace Brasil, Carolina Pasquali, ressaltou o car\u00e1ter simb\u00f3lico do momento e a import\u00e2ncia da uni\u00e3o entre conhecimento cient\u00edfico e a\u00e7\u00e3o ambiental.\u201c\u00c9 uma cena muito sonhada e resultado do esfor\u00e7o de muitas pessoas. N\u00e3o poderia fazer mais sentido o navio do Greenpeace chegar a uma universidade p\u00fablica, que produz conhecimento e busca solu\u00e7\u00f5es reais para os desafios clim\u00e1ticos. Assim como o primeiro Rainbow Warrior esteve no Brasil durante a Eco-92, \u00e9 simb\u00f3lico que o navio retorne agora \u00e0 Amaz\u00f4nia, para a COP 30, trazendo vozes de quem sente os impactos das mudan\u00e7as clim\u00e1ticas em todo o mundo\u201d, afirmou.<\/p>\n\n\n\n<figure class=\"wp-block-image size-large\"><img loading=\"lazy\" decoding=\"async\" width=\"1024\" height=\"683\" src=\"https:\/\/portalfadesp.org.br\/wp-content\/uploads\/2025\/11\/ARY2273-1024x683.jpg\" alt=\"\" class=\"wp-image-52524\" srcset=\"https:\/\/portalfadesp.org.br\/wp-content\/uploads\/2025\/11\/ARY2273-1024x683.jpg 1024w, https:\/\/portalfadesp.org.br\/wp-content\/uploads\/2025\/11\/ARY2273-300x200.jpg 300w, https:\/\/portalfadesp.org.br\/wp-content\/uploads\/2025\/11\/ARY2273-768x512.jpg 768w, https:\/\/portalfadesp.org.br\/wp-content\/uploads\/2025\/11\/ARY2273-1536x1024.jpg 1536w, https:\/\/portalfadesp.org.br\/wp-content\/uploads\/2025\/11\/ARY2273-2048x1365.jpg 2048w\" sizes=\"(max-width: 1024px) 100vw, 1024px\" \/><figcaption class=\"wp-element-caption\">Diretora executiva do Greenpeace Brasil, Carolina Pasquali.<\/figcaption><\/figure>\n\n\n\n<div style=\"height:20px\" aria-hidden=\"true\" class=\"wp-block-spacer\"><\/div>\n\n\n\n<p>A inaugura\u00e7\u00e3o do Trapiche Ribeirinho simboliza a coopera\u00e7\u00e3o entre institui\u00e7\u00f5es comprometidas com o futuro sustent\u00e1vel da Amaz\u00f4nia e marca o in\u00edcio de uma s\u00e9rie de a\u00e7\u00f5es que ocorrer\u00e3o em Bel\u00e9m nos preparativos para a COP 30.<\/p>\n\n\n\n<figure class=\"wp-block-image size-large\"><img loading=\"lazy\" decoding=\"async\" width=\"1024\" height=\"683\" src=\"https:\/\/portalfadesp.org.br\/wp-content\/uploads\/2025\/11\/ARY2414-1-1024x683.jpg\" alt=\"\" class=\"wp-image-52525\" srcset=\"https:\/\/portalfadesp.org.br\/wp-content\/uploads\/2025\/11\/ARY2414-1-1024x683.jpg 1024w, https:\/\/portalfadesp.org.br\/wp-content\/uploads\/2025\/11\/ARY2414-1-300x200.jpg 300w, https:\/\/portalfadesp.org.br\/wp-content\/uploads\/2025\/11\/ARY2414-1-768x512.jpg 768w, https:\/\/portalfadesp.org.br\/wp-content\/uploads\/2025\/11\/ARY2414-1-1536x1024.jpg 1536w, https:\/\/portalfadesp.org.br\/wp-content\/uploads\/2025\/11\/ARY2414-1-2048x1365.jpg 2048w\" sizes=\"(max-width: 1024px) 100vw, 1024px\" \/><figcaption class=\"wp-element-caption\">Descerramento da placa do Trapiche Ribeirinho.<\/figcaption><\/figure>\n","protected":false},"excerpt":{"rendered":"<p>A orla da Universidade Federal do Par\u00e1 (UFPA) ganhou, nesta quarta-feira (5), um novo espa\u00e7o voltado \u00e0 integra\u00e7\u00e3o entre ci\u00eancia, meio ambiente e comunidade amaz\u00f4nica. O Trapiche Ribeirinho foi inaugurado em uma parceria entre a FADESP, a UFPA e o Greenpeace, e representa um marco n\u00e1utico que ser\u00e1 refer\u00eancia para atividades durante a COP 30, [&hellip;]<\/p>\n","protected":false},"author":12,"featured_media":52526,"comment_status":"closed","ping_status":"closed","sticky":false,"template":"","format":"standard","meta":{"_monsterinsights_skip_tracking":false,"_monsterinsights_sitenote_active":false,"_monsterinsights_sitenote_note":"","_monsterinsights_sitenote_category":0,"footnotes":""},"categories":[1],"tags":[],"class_list":["post-52520","post","type-post","status-publish","format-standard","has-post-thumbnail","hentry","category-geral","entry","has-media"],"yoast_head":"<!-- This site is optimized with the Yoast SEO plugin v25.1 - https:\/\/yoast.com\/wordpress\/plugins\/seo\/ -->\n<title>Parceria entre UFPA, FADESP e Greenpeace inaugura o Trapiche Ribeirinho na orla da universidade - FADESP<\/title>\n<meta name=\"robots\" content=\"index, follow, max-snippet:-1, max-image-preview:large, max-video-preview:-1\" \/>\n<link rel=\"canonical\" href=\"https:\/\/portalfadesp.org.br\/?p=52520\" \/>\n<meta property=\"og:locale\" content=\"pt_BR\" \/>\n<meta property=\"og:type\" content=\"article\" \/>\n<meta property=\"og:title\" content=\"Parceria entre UFPA, FADESP e Greenpeace inaugura o Trapiche Ribeirinho na orla da universidade - FADESP\" \/>\n<meta property=\"og:description\" content=\"A orla da Universidade Federal do Par\u00e1 (UFPA) ganhou, nesta quarta-feira (5), um novo espa\u00e7o voltado \u00e0 integra\u00e7\u00e3o entre ci\u00eancia, meio ambiente e comunidade amaz\u00f4nica. O Trapiche Ribeirinho foi inaugurado em uma parceria entre a FADESP, a UFPA e o Greenpeace, e representa um marco n\u00e1utico que ser\u00e1 refer\u00eancia para atividades durante a COP 30, [&hellip;]\" \/>\n<meta property=\"og:url\" content=\"https:\/\/portalfadesp.org.br\/?p=52520\" \/>\n<meta property=\"og:site_name\" content=\"FADESP\" \/>\n<meta property=\"article:publisher\" content=\"https:\/\/www.facebook.com\/Fadesp-138351949524662\/\" \/>\n<meta property=\"article:published_time\" content=\"2025-11-05T21:12:58+00:00\" \/>\n<meta property=\"article:modified_time\" content=\"2025-11-05T21:13:05+00:00\" \/>\n<meta property=\"og:image\" content=\"https:\/\/portalfadesp.org.br\/wp-content\/uploads\/2025\/11\/ARY2414-1-1-scaled.jpg\" \/>\n\t<meta property=\"og:image:width\" content=\"2560\" \/>\n\t<meta property=\"og:image:height\" content=\"1707\" \/>\n\t<meta property=\"og:image:type\" content=\"image\/jpeg\" \/>\n<meta name=\"author\" content=\"Brena Marques\" \/>\n<meta name=\"twitter:card\" content=\"summary_large_image\" \/>\n<meta name=\"twitter:creator\" content=\"@Fadesp\" \/>\n<meta name=\"twitter:site\" content=\"@Fadesp\" \/>\n<meta name=\"twitter:label1\" content=\"Escrito por\" \/>\n\t<meta name=\"twitter:data1\" content=\"Brena Marques\" \/>\n\t<meta name=\"twitter:label2\" content=\"Est. tempo de leitura\" \/>\n\t<meta name=\"twitter:data2\" content=\"4 minutos\" \/>\n<script type=\"application\/ld+json\" class=\"yoast-schema-graph\">{\"@context\":\"https:\/\/schema.org\",\"@graph\":[{\"@type\":\"Article\",\"@id\":\"https:\/\/portalfadesp.org.br\/?p=52520#article\",\"isPartOf\":{\"@id\":\"https:\/\/portalfadesp.org.br\/?p=52520\"},\"author\":{\"name\":\"Brena Marques\",\"@id\":\"https:\/\/portalfadesp.org.br\/#\/schema\/person\/31709c4c8ec92d6bbdd2c1da60cf8d66\"},\"headline\":\"Parceria entre UFPA, FADESP e Greenpeace inaugura o Trapiche Ribeirinho na orla da universidade\",\"datePublished\":\"2025-11-05T21:12:58+00:00\",\"dateModified\":\"2025-11-05T21:13:05+00:00\",\"mainEntityOfPage\":{\"@id\":\"https:\/\/portalfadesp.org.br\/?p=52520\"},\"wordCount\":488,\"publisher\":{\"@id\":\"https:\/\/portalfadesp.org.br\/#organization\"},\"image\":{\"@id\":\"https:\/\/portalfadesp.org.br\/?p=52520#primaryimage\"},\"thumbnailUrl\":\"https:\/\/portalfadesp.org.br\/wp-content\/uploads\/2025\/11\/ARY2414-1-1-scaled.jpg\",\"articleSection\":[\"Geral\"],\"inLanguage\":\"pt-BR\"},{\"@type\":\"WebPage\",\"@id\":\"https:\/\/portalfadesp.org.br\/?p=52520\",\"url\":\"https:\/\/portalfadesp.org.br\/?p=52520\",\"name\":\"Parceria entre UFPA, FADESP e Greenpeace inaugura o Trapiche Ribeirinho na orla da universidade - FADESP\",\"isPartOf\":{\"@id\":\"https:\/\/portalfadesp.org.br\/#website\"},\"primaryImageOfPage\":{\"@id\":\"https:\/\/portalfadesp.org.br\/?p=52520#primaryimage\"},\"image\":{\"@id\":\"https:\/\/portalfadesp.org.br\/?p=52520#primaryimage\"},\"thumbnailUrl\":\"https:\/\/portalfadesp.org.br\/wp-content\/uploads\/2025\/11\/ARY2414-1-1-scaled.jpg\",\"datePublished\":\"2025-11-05T21:12:58+00:00\",\"dateModified\":\"2025-11-05T21:13:05+00:00\",\"breadcrumb\":{\"@id\":\"https:\/\/portalfadesp.org.br\/?p=52520#breadcrumb\"},\"inLanguage\":\"pt-BR\",\"potentialAction\":[{\"@type\":\"ReadAction\",\"target\":[\"https:\/\/portalfadesp.org.br\/?p=52520\"]}]},{\"@type\":\"ImageObject\",\"inLanguage\":\"pt-BR\",\"@id\":\"https:\/\/portalfadesp.org.br\/?p=52520#primaryimage\",\"url\":\"https:\/\/portalfadesp.org.br\/wp-content\/uploads\/2025\/11\/ARY2414-1-1-scaled.jpg\",\"contentUrl\":\"https:\/\/portalfadesp.org.br\/wp-content\/uploads\/2025\/11\/ARY2414-1-1-scaled.jpg\",\"width\":2560,\"height\":1707},{\"@type\":\"BreadcrumbList\",\"@id\":\"https:\/\/portalfadesp.org.br\/?p=52520#breadcrumb\",\"itemListElement\":[{\"@type\":\"ListItem\",\"position\":1,\"name\":\"In\u00edcio\",\"item\":\"https:\/\/portalfadesp.org.br\/\"},{\"@type\":\"ListItem\",\"position\":2,\"name\":\"Parceria entre UFPA, FADESP e Greenpeace inaugura o Trapiche Ribeirinho na orla da universidade\"}]},{\"@type\":\"WebSite\",\"@id\":\"https:\/\/portalfadesp.org.br\/#website\",\"url\":\"https:\/\/portalfadesp.org.br\/\",\"name\":\"FADESP\",\"description\":\"Funda\u00e7\u00e3o de Amparo e Desenvolvimento da Pesquisa\",\"publisher\":{\"@id\":\"https:\/\/portalfadesp.org.br\/#organization\"},\"potentialAction\":[{\"@type\":\"SearchAction\",\"target\":{\"@type\":\"EntryPoint\",\"urlTemplate\":\"https:\/\/portalfadesp.org.br\/?s={search_term_string}\"},\"query-input\":{\"@type\":\"PropertyValueSpecification\",\"valueRequired\":true,\"valueName\":\"search_term_string\"}}],\"inLanguage\":\"pt-BR\"},{\"@type\":\"Organization\",\"@id\":\"https:\/\/portalfadesp.org.br\/#organization\",\"name\":\"FADESP\",\"url\":\"https:\/\/portalfadesp.org.br\/\",\"logo\":{\"@type\":\"ImageObject\",\"inLanguage\":\"pt-BR\",\"@id\":\"https:\/\/portalfadesp.org.br\/#\/schema\/logo\/image\/\",\"url\":\"https:\/\/portalfadesp.org.br\/wp-content\/uploads\/2024\/01\/NOVOLOGOFADESPlaranjaH.png\",\"contentUrl\":\"https:\/\/portalfadesp.org.br\/wp-content\/uploads\/2024\/01\/NOVOLOGOFADESPlaranjaH.png\",\"width\":2742,\"height\":839,\"caption\":\"FADESP\"},\"image\":{\"@id\":\"https:\/\/portalfadesp.org.br\/#\/schema\/logo\/image\/\"},\"sameAs\":[\"https:\/\/www.facebook.com\/Fadesp-138351949524662\/\",\"https:\/\/x.com\/Fadesp\",\"https:\/\/www.instagram.com\/fadesp_ufpa\/\",\"https:\/\/www.youtube.com\/@fundacaodeamparoedesenvolv1903\",\"https:\/\/www.threads.net\/@fadesp_ufpa\"]},{\"@type\":\"Person\",\"@id\":\"https:\/\/portalfadesp.org.br\/#\/schema\/person\/31709c4c8ec92d6bbdd2c1da60cf8d66\",\"name\":\"Brena Marques\",\"image\":{\"@type\":\"ImageObject\",\"inLanguage\":\"pt-BR\",\"@id\":\"https:\/\/portalfadesp.org.br\/#\/schema\/person\/image\/\",\"url\":\"https:\/\/secure.gravatar.com\/avatar\/d8709cd0de324fbec018b6878350216726d26c3436f44ebee8f3db75e29728f3?s=96&d=mm&r=g\",\"contentUrl\":\"https:\/\/secure.gravatar.com\/avatar\/d8709cd0de324fbec018b6878350216726d26c3436f44ebee8f3db75e29728f3?s=96&d=mm&r=g\",\"caption\":\"Brena Marques\"},\"url\":\"https:\/\/portalfadesp.org.br\/?author=12\"}]}<\/script>\n<!-- \/ Yoast SEO plugin. -->","yoast_head_json":{"title":"Parceria entre UFPA, FADESP e Greenpeace inaugura o Trapiche Ribeirinho na orla da universidade - FADESP","robots":{"index":"index","follow":"follow","max-snippet":"max-snippet:-1","max-image-preview":"max-image-preview:large","max-video-preview":"max-video-preview:-1"},"canonical":"https:\/\/portalfadesp.org.br\/?p=52520","og_locale":"pt_BR","og_type":"article","og_title":"Parceria entre UFPA, FADESP e Greenpeace inaugura o Trapiche Ribeirinho na orla da universidade - FADESP","og_description":"A orla da Universidade Federal do Par\u00e1 (UFPA) ganhou, nesta quarta-feira (5), um novo espa\u00e7o voltado \u00e0 integra\u00e7\u00e3o entre ci\u00eancia, meio ambiente e comunidade amaz\u00f4nica. O Trapiche Ribeirinho foi inaugurado em uma parceria entre a FADESP, a UFPA e o Greenpeace, e representa um marco n\u00e1utico que ser\u00e1 refer\u00eancia para atividades durante a COP 30, [&hellip;]","og_url":"https:\/\/portalfadesp.org.br\/?p=52520","og_site_name":"FADESP","article_publisher":"https:\/\/www.facebook.com\/Fadesp-138351949524662\/","article_published_time":"2025-11-05T21:12:58+00:00","article_modified_time":"2025-11-05T21:13:05+00:00","og_image":[{"width":2560,"height":1707,"url":"https:\/\/portalfadesp.org.br\/wp-content\/uploads\/2025\/11\/ARY2414-1-1-scaled.jpg","type":"image\/jpeg"}],"author":"Brena Marques","twitter_card":"summary_large_image","twitter_creator":"@Fadesp","twitter_site":"@Fadesp","twitter_misc":{"Escrito por":"Brena Marques","Est. tempo de leitura":"4 minutos"},"schema":{"@context":"https:\/\/schema.org","@graph":[{"@type":"Article","@id":"https:\/\/portalfadesp.org.br\/?p=52520#article","isPartOf":{"@id":"https:\/\/portalfadesp.org.br\/?p=52520"},"author":{"name":"Brena Marques","@id":"https:\/\/portalfadesp.org.br\/#\/schema\/person\/31709c4c8ec92d6bbdd2c1da60cf8d66"},"headline":"Parceria entre UFPA, FADESP e Greenpeace inaugura o Trapiche Ribeirinho na orla da universidade","datePublished":"2025-11-05T21:12:58+00:00","dateModified":"2025-11-05T21:13:05+00:00","mainEntityOfPage":{"@id":"https:\/\/portalfadesp.org.br\/?p=52520"},"wordCount":488,"publisher":{"@id":"https:\/\/portalfadesp.org.br\/#organization"},"image":{"@id":"https:\/\/portalfadesp.org.br\/?p=52520#primaryimage"},"thumbnailUrl":"https:\/\/portalfadesp.org.br\/wp-content\/uploads\/2025\/11\/ARY2414-1-1-scaled.jpg","articleSection":["Geral"],"inLanguage":"pt-BR"},{"@type":"WebPage","@id":"https:\/\/portalfadesp.org.br\/?p=52520","url":"https:\/\/portalfadesp.org.br\/?p=52520","name":"Parceria entre UFPA, FADESP e Greenpeace inaugura o Trapiche Ribeirinho na orla da universidade - FADESP","isPartOf":{"@id":"https:\/\/portalfadesp.org.br\/#website"},"primaryImageOfPage":{"@id":"https:\/\/portalfadesp.org.br\/?p=52520#primaryimage"},"image":{"@id":"https:\/\/portalfadesp.org.br\/?p=52520#primaryimage"},"thumbnailUrl":"https:\/\/portalfadesp.org.br\/wp-content\/uploads\/2025\/11\/ARY2414-1-1-scaled.jpg","datePublished":"2025-11-05T21:12:58+00:00","dateModified":"2025-11-05T21:13:05+00:00","breadcrumb":{"@id":"https:\/\/portalfadesp.org.br\/?p=52520#breadcrumb"},"inLanguage":"pt-BR","potentialAction":[{"@type":"ReadAction","target":["https:\/\/portalfadesp.org.br\/?p=52520"]}]},{"@type":"ImageObject","inLanguage":"pt-BR","@id":"https:\/\/portalfadesp.org.br\/?p=52520#primaryimage","url":"https:\/\/portalfadesp.org.br\/wp-content\/uploads\/2025\/11\/ARY2414-1-1-scaled.jpg","contentUrl":"https:\/\/portalfadesp.org.br\/wp-content\/uploads\/2025\/11\/ARY2414-1-1-scaled.jpg","width":2560,"height":1707},{"@type":"BreadcrumbList","@id":"https:\/\/portalfadesp.org.br\/?p=52520#breadcrumb","itemListElement":[{"@type":"ListItem","position":1,"name":"In\u00edcio","item":"https:\/\/portalfadesp.org.br\/"},{"@type":"ListItem","position":2,"name":"Parceria entre UFPA, FADESP e Greenpeace inaugura o Trapiche Ribeirinho na orla da universidade"}]},{"@type":"WebSite","@id":"https:\/\/portalfadesp.org.br\/#website","url":"https:\/\/portalfadesp.org.br\/","name":"FADESP","description":"Funda\u00e7\u00e3o de Amparo e Desenvolvimento da Pesquisa","publisher":{"@id":"https:\/\/portalfadesp.org.br\/#organization"},"potentialAction":[{"@type":"SearchAction","target":{"@type":"EntryPoint","urlTemplate":"https:\/\/portalfadesp.org.br\/?s={search_term_string}"},"query-input":{"@type":"PropertyValueSpecification","valueRequired":true,"valueName":"search_term_string"}}],"inLanguage":"pt-BR"},{"@type":"Organization","@id":"https:\/\/portalfadesp.org.br\/#organization","name":"FADESP","url":"https:\/\/portalfadesp.org.br\/","logo":{"@type":"ImageObject","inLanguage":"pt-BR","@id":"https:\/\/portalfadesp.org.br\/#\/schema\/logo\/image\/","url":"https:\/\/portalfadesp.org.br\/wp-content\/uploads\/2024\/01\/NOVOLOGOFADESPlaranjaH.png","contentUrl":"https:\/\/portalfadesp.org.br\/wp-content\/uploads\/2024\/01\/NOVOLOGOFADESPlaranjaH.png","width":2742,"height":839,"caption":"FADESP"},"image":{"@id":"https:\/\/portalfadesp.org.br\/#\/schema\/logo\/image\/"},"sameAs":["https:\/\/www.facebook.com\/Fadesp-138351949524662\/","https:\/\/x.com\/Fadesp","https:\/\/www.instagram.com\/fadesp_ufpa\/","https:\/\/www.youtube.com\/@fundacaodeamparoedesenvolv1903","https:\/\/www.threads.net\/@fadesp_ufpa"]},{"@type":"Person","@id":"https:\/\/portalfadesp.org.br\/#\/schema\/person\/31709c4c8ec92d6bbdd2c1da60cf8d66","name":"Brena Marques","image":{"@type":"ImageObject","inLanguage":"pt-BR","@id":"https:\/\/portalfadesp.org.br\/#\/schema\/person\/image\/","url":"https:\/\/secure.gravatar.com\/avatar\/d8709cd0de324fbec018b6878350216726d26c3436f44ebee8f3db75e29728f3?s=96&d=mm&r=g","contentUrl":"https:\/\/secure.gravatar.com\/avatar\/d8709cd0de324fbec018b6878350216726d26c3436f44ebee8f3db75e29728f3?s=96&d=mm&r=g","caption":"Brena Marques"},"url":"https:\/\/portalfadesp.org.br\/?author=12"}]}},"_links":{"self":[{"href":"https:\/\/portalfadesp.org.br\/index.php?rest_route=\/wp\/v2\/posts\/52520","targetHints":{"allow":["GET"]}}],"collection":[{"href":"https:\/\/portalfadesp.org.br\/index.php?rest_route=\/wp\/v2\/posts"}],"about":[{"href":"https:\/\/portalfadesp.org.br\/index.php?rest_route=\/wp\/v2\/types\/post"}],"author":[{"embeddable":true,"href":"https:\/\/portalfadesp.org.br\/index.php?rest_route=\/wp\/v2\/users\/12"}],"replies":[{"embeddable":true,"href":"https:\/\/portalfadesp.org.br\/index.php?rest_route=%2Fwp%2Fv2%2Fcomments&post=52520"}],"version-history":[{"count":1,"href":"https:\/\/portalfadesp.org.br\/index.php?rest_route=\/wp\/v2\/posts\/52520\/revisions"}],"predecessor-version":[{"id":52527,"href":"https:\/\/portalfadesp.org.br\/index.php?rest_route=\/wp\/v2\/posts\/52520\/revisions\/52527"}],"wp:featuredmedia":[{"embeddable":true,"href":"https:\/\/portalfadesp.org.br\/index.php?rest_route=\/wp\/v2\/media\/52526"}],"wp:attachment":[{"href":"https:\/\/portalfadesp.org.br\/index.php?rest_route=%2Fwp%2Fv2%2Fmedia&parent=52520"}],"wp:term":[{"taxonomy":"category","embeddable":true,"href":"https:\/\/portalfadesp.org.br\/index.php?rest_route=%2Fwp%2Fv2%2Fcategories&post=52520"},{"taxonomy":"post_tag","embeddable":true,"href":"https:\/\/portalfadesp.org.br\/index.php?rest_route=%2Fwp%2Fv2%2Ftags&post=52520"}],"curies":[{"name":"wp","href":"https:\/\/api.w.org\/{rel}","templated":true}]}}