{"id":52468,"date":"2025-10-30T16:13:31","date_gmt":"2025-10-30T19:13:31","guid":{"rendered":"https:\/\/portalfadesp.org.br\/?p=52468"},"modified":"2025-10-30T16:29:47","modified_gmt":"2025-10-30T19:29:47","slug":"fadesp-desenvolve-plataforma-ecult-que-moderniza-gestao-e-acesso-aos-espacos-culturais-do-para","status":"publish","type":"post","link":"https:\/\/portalfadesp.org.br\/?p=52468","title":{"rendered":"FADESP desenvolve plataforma eCult+ que moderniza gest\u00e3o e acesso aos espa\u00e7os culturais do Par\u00e1"},"content":{"rendered":"\n<p><em>Texto com informa\u00e7\u00f5es da Ag. Par\u00e1<br>Foto: Bruno Cecim \/ Ag.Par\u00e1<\/em><\/p>\n\n\n\n<div style=\"height:30px\" aria-hidden=\"true\" class=\"wp-block-spacer\"><\/div>\n\n\n\n<p><em>Ferramenta digital tril\u00edngue re\u00fane mais de 70 equipamentos culturais e facilita agendamento, consulta de programa\u00e7\u00f5es e cadastro de profissionais da cultura<\/em><\/p>\n\n\n\n<div style=\"height:30px\" aria-hidden=\"true\" class=\"wp-block-spacer\"><\/div>\n\n\n\n<p>O Governo do Par\u00e1 lan\u00e7ou, na \u00faltima quarta-feira (29), a plataforma digital eCult+, que promete transformar o acesso e a gest\u00e3o dos espa\u00e7os culturais do Estado. A ferramenta, desenvolvida pela Funda\u00e7\u00e3o de Amparo e Desenvolvimento da Pesquisa (FADESP), em parceria com a Secretaria de Estado de Cultura (Secult) e apoio da Funda\u00e7\u00e3o Cultural do Par\u00e1 (FCP), da Prefeitura de Bel\u00e9m (por meio da Semcult), da Open Society e do Instituto Cultura, Comunica\u00e7\u00e3o e Incid\u00eancia (ICCI), j\u00e1 re\u00fane mais de 70 equipamentos p\u00fablicos cadastrados e permite a consulta, reserva e visualiza\u00e7\u00e3o de programa\u00e7\u00f5es culturais de forma digital, segura e transparente.<\/p>\n\n\n\n<figure class=\"wp-block-image size-large\"><img fetchpriority=\"high\" decoding=\"async\" width=\"1024\" height=\"682\" src=\"https:\/\/portalfadesp.org.br\/wp-content\/uploads\/2025\/10\/WhatsApp-Image-2025-10-30-at-16.10.12-1-1024x682.jpeg\" alt=\"\" class=\"wp-image-52469\" srcset=\"https:\/\/portalfadesp.org.br\/wp-content\/uploads\/2025\/10\/WhatsApp-Image-2025-10-30-at-16.10.12-1-1024x682.jpeg 1024w, https:\/\/portalfadesp.org.br\/wp-content\/uploads\/2025\/10\/WhatsApp-Image-2025-10-30-at-16.10.12-1-300x200.jpeg 300w, https:\/\/portalfadesp.org.br\/wp-content\/uploads\/2025\/10\/WhatsApp-Image-2025-10-30-at-16.10.12-1-768x512.jpeg 768w, https:\/\/portalfadesp.org.br\/wp-content\/uploads\/2025\/10\/WhatsApp-Image-2025-10-30-at-16.10.12-1-1536x1023.jpeg 1536w, https:\/\/portalfadesp.org.br\/wp-content\/uploads\/2025\/10\/WhatsApp-Image-2025-10-30-at-16.10.12-1.jpeg 1600w\" sizes=\"(max-width: 1024px) 100vw, 1024px\" \/><\/figure>\n\n\n\n<div style=\"height:30px\" aria-hidden=\"true\" class=\"wp-block-spacer\"><\/div>\n\n\n\n<p>O evento de lan\u00e7amento ocorreu no Teatro Margarida Schivasappa, em Bel\u00e9m, com a presen\u00e7a de gestores p\u00fablicos, artistas e produtores culturais.<\/p>\n\n\n\n<div style=\"height:30px\" aria-hidden=\"true\" class=\"wp-block-spacer\"><\/div>\n\n\n\n<p>\u201cPor tr\u00e1s dessa parceria existem v\u00e1rias pessoas envolvidas, desde a decis\u00e3o pol\u00edtica da secretaria at\u00e9 a equipe t\u00e9cnica que tornou tudo isso poss\u00edvel\u201d, destacou Roberto Ferraz, diretor da FADESP. Ele ressaltou que a constru\u00e7\u00e3o da ferramenta representa um passo importante para fortalecer a cultura e ampliar o acesso da sociedade \u00e0 produ\u00e7\u00e3o art\u00edstica local. \u201cA ferramenta abre novas possibilidades para a cadeia produtiva da cultura\u201d, completou.<\/p>\n\n\n\n<figure class=\"wp-block-image size-large\"><img decoding=\"async\" width=\"1024\" height=\"682\" src=\"https:\/\/portalfadesp.org.br\/wp-content\/uploads\/2025\/10\/WhatsApp-Image-2025-10-30-at-16.10.12-1024x682.jpeg\" alt=\"\" class=\"wp-image-52470\" srcset=\"https:\/\/portalfadesp.org.br\/wp-content\/uploads\/2025\/10\/WhatsApp-Image-2025-10-30-at-16.10.12-1024x682.jpeg 1024w, https:\/\/portalfadesp.org.br\/wp-content\/uploads\/2025\/10\/WhatsApp-Image-2025-10-30-at-16.10.12-300x200.jpeg 300w, https:\/\/portalfadesp.org.br\/wp-content\/uploads\/2025\/10\/WhatsApp-Image-2025-10-30-at-16.10.12-768x512.jpeg 768w, https:\/\/portalfadesp.org.br\/wp-content\/uploads\/2025\/10\/WhatsApp-Image-2025-10-30-at-16.10.12-1536x1023.jpeg 1536w, https:\/\/portalfadesp.org.br\/wp-content\/uploads\/2025\/10\/WhatsApp-Image-2025-10-30-at-16.10.12.jpeg 1600w\" sizes=\"(max-width: 1024px) 100vw, 1024px\" \/><figcaption class=\"wp-element-caption\"> Roberto Ferraz, diretor da FADESP.<\/figcaption><\/figure>\n\n\n\n<div style=\"height:30px\" aria-hidden=\"true\" class=\"wp-block-spacer\"><\/div>\n\n\n\n<p><\/p>\n\n\n\n<p><strong>Centraliza\u00e7\u00e3o e efici\u00eancia na gest\u00e3o cultural<\/strong><\/p>\n\n\n\n<p>A principal inova\u00e7\u00e3o do eCult+ est\u00e1 na centraliza\u00e7\u00e3o de informa\u00e7\u00f5es sobre os espa\u00e7os culturais, permitindo a consulta por filtros como localiza\u00e7\u00e3o, capacidade e infraestrutura. Com isso, produtores e artistas podem identificar o local mais adequado para seus eventos com agilidade e seguran\u00e7a.<\/p>\n\n\n\n<p><br>Al\u00e9m da consulta, o sistema permite agendamentos online com verifica\u00e7\u00e3o em tempo real da disponibilidade dos espa\u00e7os. Outro diferencial \u00e9 a agenda cultural integrada, que organiza a programa\u00e7\u00e3o dos principais equipamentos culturais, com busca por data, tipo de evento ou local.<\/p>\n\n\n\n<div style=\"height:30px\" aria-hidden=\"true\" class=\"wp-block-spacer\"><\/div>\n\n\n\n<p>\u201cEla responde a uma demanda desse grande setor de economia criativa que est\u00e1 fortemente ligado ao turismo\u201d, destacou a titular da Secult, \u00darsula Vidal. \u201cA plataforma \u00e9 muito simples de navegar e permite a busca por data, tipo de equipamento ou capacidade. \u00c9 uma ferramenta essencial para informar tanto moradores quanto visitantes.\u201d<\/p>\n\n\n\n<figure class=\"wp-block-gallery has-nested-images columns-default is-cropped wp-block-gallery-1 is-layout-flex wp-block-gallery-is-layout-flex\">\n<figure class=\"wp-block-image size-large\"><img decoding=\"async\" width=\"1024\" height=\"682\" data-id=\"52471\" src=\"https:\/\/portalfadesp.org.br\/wp-content\/uploads\/2025\/10\/WhatsApp-Image-2025-10-30-at-16.10.11-1024x682.jpeg\" alt=\"\" class=\"wp-image-52471\" srcset=\"https:\/\/portalfadesp.org.br\/wp-content\/uploads\/2025\/10\/WhatsApp-Image-2025-10-30-at-16.10.11-1024x682.jpeg 1024w, https:\/\/portalfadesp.org.br\/wp-content\/uploads\/2025\/10\/WhatsApp-Image-2025-10-30-at-16.10.11-300x200.jpeg 300w, https:\/\/portalfadesp.org.br\/wp-content\/uploads\/2025\/10\/WhatsApp-Image-2025-10-30-at-16.10.11-768x512.jpeg 768w, https:\/\/portalfadesp.org.br\/wp-content\/uploads\/2025\/10\/WhatsApp-Image-2025-10-30-at-16.10.11-1536x1023.jpeg 1536w, https:\/\/portalfadesp.org.br\/wp-content\/uploads\/2025\/10\/WhatsApp-Image-2025-10-30-at-16.10.11.jpeg 1600w\" sizes=\"(max-width: 1024px) 100vw, 1024px\" \/><figcaption class=\"wp-element-caption\"> Titular da Secult, \u00darsula Vidal.<\/figcaption><\/figure>\n<\/figure>\n\n\n\n<div style=\"height:30px\" aria-hidden=\"true\" class=\"wp-block-spacer\"><\/div>\n\n\n\n<p>A eCult+ tamb\u00e9m funcionar\u00e1 como base de dados de profissionais e servi\u00e7os da economia criativa, incluindo t\u00e9cnicos, cenot\u00e9cnicos, iluminadores, empresas de catering, transporte e tradu\u00e7\u00e3o, ampliando o acesso a oportunidades de trabalho e fortalecendo o setor cultural.<\/p>\n\n\n\n<div style=\"height:30px\" aria-hidden=\"true\" class=\"wp-block-spacer\"><\/div>\n\n\n\n<p><strong>Rumo \u00e0 COP 30 com infraestrutura digital fortalecida<\/strong><\/p>\n\n\n\n<p>Com a aproxima\u00e7\u00e3o da 30\u00aa Confer\u00eancia das Na\u00e7\u00f5es Unidas sobre Mudan\u00e7as Clim\u00e1ticas (COP 30), que ser\u00e1 realizada em Bel\u00e9m em novembro de 2025, a plataforma eCult+ tamb\u00e9m servir\u00e1 como refer\u00eancia para a divulga\u00e7\u00e3o de programa\u00e7\u00f5es culturais voltadas ao p\u00fablico internacional.<\/p>\n\n\n\n<div style=\"height:30px\" aria-hidden=\"true\" class=\"wp-block-spacer\"><\/div>\n\n\n\n<p>A ferramenta est\u00e1 dispon\u00edvel ao p\u00fablico em: <a href=\"https:\/\/www.ecultespacos.com.br\/\">https:\/\/www.ecultespacos.com.br\/<\/a><\/p>\n\n\n\n<figure class=\"wp-block-image size-large\"><img loading=\"lazy\" decoding=\"async\" width=\"1024\" height=\"683\" src=\"https:\/\/portalfadesp.org.br\/wp-content\/uploads\/2025\/10\/053A1227-1024x683.jpg\" alt=\"\" class=\"wp-image-52472\" srcset=\"https:\/\/portalfadesp.org.br\/wp-content\/uploads\/2025\/10\/053A1227-1024x683.jpg 1024w, https:\/\/portalfadesp.org.br\/wp-content\/uploads\/2025\/10\/053A1227-300x200.jpg 300w, https:\/\/portalfadesp.org.br\/wp-content\/uploads\/2025\/10\/053A1227-768x512.jpg 768w, https:\/\/portalfadesp.org.br\/wp-content\/uploads\/2025\/10\/053A1227-1536x1024.jpg 1536w, https:\/\/portalfadesp.org.br\/wp-content\/uploads\/2025\/10\/053A1227-2048x1365.jpg 2048w\" sizes=\"(max-width: 1024px) 100vw, 1024px\" \/><\/figure>\n","protected":false},"excerpt":{"rendered":"<p>Texto com informa\u00e7\u00f5es da Ag. Par\u00e1Foto: Bruno Cecim \/ Ag.Par\u00e1 Ferramenta digital tril\u00edngue re\u00fane mais de 70 equipamentos culturais e facilita agendamento, consulta de programa\u00e7\u00f5es e cadastro de profissionais da cultura O Governo do Par\u00e1 lan\u00e7ou, na \u00faltima quarta-feira (29), a plataforma digital eCult+, que promete transformar o acesso e a gest\u00e3o dos espa\u00e7os culturais [&hellip;]<\/p>\n","protected":false},"author":12,"featured_media":52472,"comment_status":"closed","ping_status":"closed","sticky":false,"template":"","format":"standard","meta":{"_monsterinsights_skip_tracking":false,"_monsterinsights_sitenote_active":false,"_monsterinsights_sitenote_note":"","_monsterinsights_sitenote_category":0,"footnotes":""},"categories":[1],"tags":[],"class_list":["post-52468","post","type-post","status-publish","format-standard","has-post-thumbnail","hentry","category-geral","entry","has-media"],"yoast_head":"<!-- This site is optimized with the Yoast SEO plugin v25.1 - https:\/\/yoast.com\/wordpress\/plugins\/seo\/ -->\n<title>FADESP desenvolve plataforma eCult+ que moderniza gest\u00e3o e acesso aos espa\u00e7os culturais do Par\u00e1 - FADESP<\/title>\n<meta name=\"robots\" content=\"index, follow, max-snippet:-1, max-image-preview:large, max-video-preview:-1\" \/>\n<link rel=\"canonical\" href=\"https:\/\/portalfadesp.org.br\/?p=52468\" \/>\n<meta property=\"og:locale\" content=\"pt_BR\" \/>\n<meta property=\"og:type\" content=\"article\" \/>\n<meta property=\"og:title\" content=\"FADESP desenvolve plataforma eCult+ que moderniza gest\u00e3o e acesso aos espa\u00e7os culturais do Par\u00e1 - FADESP\" \/>\n<meta property=\"og:description\" content=\"Texto com informa\u00e7\u00f5es da Ag. Par\u00e1Foto: Bruno Cecim \/ Ag.Par\u00e1 Ferramenta digital tril\u00edngue re\u00fane mais de 70 equipamentos culturais e facilita agendamento, consulta de programa\u00e7\u00f5es e cadastro de profissionais da cultura O Governo do Par\u00e1 lan\u00e7ou, na \u00faltima quarta-feira (29), a plataforma digital eCult+, que promete transformar o acesso e a gest\u00e3o dos espa\u00e7os culturais [&hellip;]\" \/>\n<meta property=\"og:url\" content=\"https:\/\/portalfadesp.org.br\/?p=52468\" \/>\n<meta property=\"og:site_name\" content=\"FADESP\" \/>\n<meta property=\"article:publisher\" content=\"https:\/\/www.facebook.com\/Fadesp-138351949524662\/\" \/>\n<meta property=\"article:published_time\" content=\"2025-10-30T19:13:31+00:00\" \/>\n<meta property=\"article:modified_time\" content=\"2025-10-30T19:29:47+00:00\" \/>\n<meta property=\"og:image\" content=\"https:\/\/portalfadesp.org.br\/wp-content\/uploads\/2025\/10\/053A1227-scaled.jpg\" \/>\n\t<meta property=\"og:image:width\" content=\"2560\" \/>\n\t<meta property=\"og:image:height\" content=\"1707\" \/>\n\t<meta property=\"og:image:type\" content=\"image\/jpeg\" \/>\n<meta name=\"author\" content=\"Brena Marques\" \/>\n<meta name=\"twitter:card\" content=\"summary_large_image\" \/>\n<meta name=\"twitter:creator\" content=\"@Fadesp\" \/>\n<meta name=\"twitter:site\" content=\"@Fadesp\" \/>\n<meta name=\"twitter:label1\" content=\"Escrito por\" \/>\n\t<meta name=\"twitter:data1\" content=\"Brena Marques\" \/>\n\t<meta name=\"twitter:label2\" content=\"Est. tempo de leitura\" \/>\n\t<meta name=\"twitter:data2\" content=\"4 minutos\" \/>\n<script type=\"application\/ld+json\" class=\"yoast-schema-graph\">{\"@context\":\"https:\/\/schema.org\",\"@graph\":[{\"@type\":\"Article\",\"@id\":\"https:\/\/portalfadesp.org.br\/?p=52468#article\",\"isPartOf\":{\"@id\":\"https:\/\/portalfadesp.org.br\/?p=52468\"},\"author\":{\"name\":\"Brena Marques\",\"@id\":\"https:\/\/portalfadesp.org.br\/#\/schema\/person\/31709c4c8ec92d6bbdd2c1da60cf8d66\"},\"headline\":\"FADESP desenvolve plataforma eCult+ que moderniza gest\u00e3o e acesso aos espa\u00e7os culturais do Par\u00e1\",\"datePublished\":\"2025-10-30T19:13:31+00:00\",\"dateModified\":\"2025-10-30T19:29:47+00:00\",\"mainEntityOfPage\":{\"@id\":\"https:\/\/portalfadesp.org.br\/?p=52468\"},\"wordCount\":530,\"publisher\":{\"@id\":\"https:\/\/portalfadesp.org.br\/#organization\"},\"image\":{\"@id\":\"https:\/\/portalfadesp.org.br\/?p=52468#primaryimage\"},\"thumbnailUrl\":\"https:\/\/portalfadesp.org.br\/wp-content\/uploads\/2025\/10\/053A1227-scaled.jpg\",\"articleSection\":[\"Geral\"],\"inLanguage\":\"pt-BR\"},{\"@type\":\"WebPage\",\"@id\":\"https:\/\/portalfadesp.org.br\/?p=52468\",\"url\":\"https:\/\/portalfadesp.org.br\/?p=52468\",\"name\":\"FADESP desenvolve plataforma eCult+ que moderniza gest\u00e3o e acesso aos espa\u00e7os culturais do Par\u00e1 - FADESP\",\"isPartOf\":{\"@id\":\"https:\/\/portalfadesp.org.br\/#website\"},\"primaryImageOfPage\":{\"@id\":\"https:\/\/portalfadesp.org.br\/?p=52468#primaryimage\"},\"image\":{\"@id\":\"https:\/\/portalfadesp.org.br\/?p=52468#primaryimage\"},\"thumbnailUrl\":\"https:\/\/portalfadesp.org.br\/wp-content\/uploads\/2025\/10\/053A1227-scaled.jpg\",\"datePublished\":\"2025-10-30T19:13:31+00:00\",\"dateModified\":\"2025-10-30T19:29:47+00:00\",\"breadcrumb\":{\"@id\":\"https:\/\/portalfadesp.org.br\/?p=52468#breadcrumb\"},\"inLanguage\":\"pt-BR\",\"potentialAction\":[{\"@type\":\"ReadAction\",\"target\":[\"https:\/\/portalfadesp.org.br\/?p=52468\"]}]},{\"@type\":\"ImageObject\",\"inLanguage\":\"pt-BR\",\"@id\":\"https:\/\/portalfadesp.org.br\/?p=52468#primaryimage\",\"url\":\"https:\/\/portalfadesp.org.br\/wp-content\/uploads\/2025\/10\/053A1227-scaled.jpg\",\"contentUrl\":\"https:\/\/portalfadesp.org.br\/wp-content\/uploads\/2025\/10\/053A1227-scaled.jpg\",\"width\":2560,\"height\":1707},{\"@type\":\"BreadcrumbList\",\"@id\":\"https:\/\/portalfadesp.org.br\/?p=52468#breadcrumb\",\"itemListElement\":[{\"@type\":\"ListItem\",\"position\":1,\"name\":\"In\u00edcio\",\"item\":\"https:\/\/portalfadesp.org.br\/\"},{\"@type\":\"ListItem\",\"position\":2,\"name\":\"FADESP desenvolve plataforma eCult+ que moderniza gest\u00e3o e acesso aos espa\u00e7os culturais do Par\u00e1\"}]},{\"@type\":\"WebSite\",\"@id\":\"https:\/\/portalfadesp.org.br\/#website\",\"url\":\"https:\/\/portalfadesp.org.br\/\",\"name\":\"FADESP\",\"description\":\"Funda\u00e7\u00e3o de Amparo e Desenvolvimento da Pesquisa\",\"publisher\":{\"@id\":\"https:\/\/portalfadesp.org.br\/#organization\"},\"potentialAction\":[{\"@type\":\"SearchAction\",\"target\":{\"@type\":\"EntryPoint\",\"urlTemplate\":\"https:\/\/portalfadesp.org.br\/?s={search_term_string}\"},\"query-input\":{\"@type\":\"PropertyValueSpecification\",\"valueRequired\":true,\"valueName\":\"search_term_string\"}}],\"inLanguage\":\"pt-BR\"},{\"@type\":\"Organization\",\"@id\":\"https:\/\/portalfadesp.org.br\/#organization\",\"name\":\"FADESP\",\"url\":\"https:\/\/portalfadesp.org.br\/\",\"logo\":{\"@type\":\"ImageObject\",\"inLanguage\":\"pt-BR\",\"@id\":\"https:\/\/portalfadesp.org.br\/#\/schema\/logo\/image\/\",\"url\":\"https:\/\/portalfadesp.org.br\/wp-content\/uploads\/2024\/01\/NOVOLOGOFADESPlaranjaH.png\",\"contentUrl\":\"https:\/\/portalfadesp.org.br\/wp-content\/uploads\/2024\/01\/NOVOLOGOFADESPlaranjaH.png\",\"width\":2742,\"height\":839,\"caption\":\"FADESP\"},\"image\":{\"@id\":\"https:\/\/portalfadesp.org.br\/#\/schema\/logo\/image\/\"},\"sameAs\":[\"https:\/\/www.facebook.com\/Fadesp-138351949524662\/\",\"https:\/\/x.com\/Fadesp\",\"https:\/\/www.instagram.com\/fadesp_ufpa\/\",\"https:\/\/www.youtube.com\/@fundacaodeamparoedesenvolv1903\",\"https:\/\/www.threads.net\/@fadesp_ufpa\"]},{\"@type\":\"Person\",\"@id\":\"https:\/\/portalfadesp.org.br\/#\/schema\/person\/31709c4c8ec92d6bbdd2c1da60cf8d66\",\"name\":\"Brena Marques\",\"image\":{\"@type\":\"ImageObject\",\"inLanguage\":\"pt-BR\",\"@id\":\"https:\/\/portalfadesp.org.br\/#\/schema\/person\/image\/\",\"url\":\"https:\/\/secure.gravatar.com\/avatar\/d8709cd0de324fbec018b6878350216726d26c3436f44ebee8f3db75e29728f3?s=96&d=mm&r=g\",\"contentUrl\":\"https:\/\/secure.gravatar.com\/avatar\/d8709cd0de324fbec018b6878350216726d26c3436f44ebee8f3db75e29728f3?s=96&d=mm&r=g\",\"caption\":\"Brena Marques\"},\"url\":\"https:\/\/portalfadesp.org.br\/?author=12\"}]}<\/script>\n<!-- \/ Yoast SEO plugin. -->","yoast_head_json":{"title":"FADESP desenvolve plataforma eCult+ que moderniza gest\u00e3o e acesso aos espa\u00e7os culturais do Par\u00e1 - FADESP","robots":{"index":"index","follow":"follow","max-snippet":"max-snippet:-1","max-image-preview":"max-image-preview:large","max-video-preview":"max-video-preview:-1"},"canonical":"https:\/\/portalfadesp.org.br\/?p=52468","og_locale":"pt_BR","og_type":"article","og_title":"FADESP desenvolve plataforma eCult+ que moderniza gest\u00e3o e acesso aos espa\u00e7os culturais do Par\u00e1 - FADESP","og_description":"Texto com informa\u00e7\u00f5es da Ag. Par\u00e1Foto: Bruno Cecim \/ Ag.Par\u00e1 Ferramenta digital tril\u00edngue re\u00fane mais de 70 equipamentos culturais e facilita agendamento, consulta de programa\u00e7\u00f5es e cadastro de profissionais da cultura O Governo do Par\u00e1 lan\u00e7ou, na \u00faltima quarta-feira (29), a plataforma digital eCult+, que promete transformar o acesso e a gest\u00e3o dos espa\u00e7os culturais [&hellip;]","og_url":"https:\/\/portalfadesp.org.br\/?p=52468","og_site_name":"FADESP","article_publisher":"https:\/\/www.facebook.com\/Fadesp-138351949524662\/","article_published_time":"2025-10-30T19:13:31+00:00","article_modified_time":"2025-10-30T19:29:47+00:00","og_image":[{"width":2560,"height":1707,"url":"https:\/\/portalfadesp.org.br\/wp-content\/uploads\/2025\/10\/053A1227-scaled.jpg","type":"image\/jpeg"}],"author":"Brena Marques","twitter_card":"summary_large_image","twitter_creator":"@Fadesp","twitter_site":"@Fadesp","twitter_misc":{"Escrito por":"Brena Marques","Est. tempo de leitura":"4 minutos"},"schema":{"@context":"https:\/\/schema.org","@graph":[{"@type":"Article","@id":"https:\/\/portalfadesp.org.br\/?p=52468#article","isPartOf":{"@id":"https:\/\/portalfadesp.org.br\/?p=52468"},"author":{"name":"Brena Marques","@id":"https:\/\/portalfadesp.org.br\/#\/schema\/person\/31709c4c8ec92d6bbdd2c1da60cf8d66"},"headline":"FADESP desenvolve plataforma eCult+ que moderniza gest\u00e3o e acesso aos espa\u00e7os culturais do Par\u00e1","datePublished":"2025-10-30T19:13:31+00:00","dateModified":"2025-10-30T19:29:47+00:00","mainEntityOfPage":{"@id":"https:\/\/portalfadesp.org.br\/?p=52468"},"wordCount":530,"publisher":{"@id":"https:\/\/portalfadesp.org.br\/#organization"},"image":{"@id":"https:\/\/portalfadesp.org.br\/?p=52468#primaryimage"},"thumbnailUrl":"https:\/\/portalfadesp.org.br\/wp-content\/uploads\/2025\/10\/053A1227-scaled.jpg","articleSection":["Geral"],"inLanguage":"pt-BR"},{"@type":"WebPage","@id":"https:\/\/portalfadesp.org.br\/?p=52468","url":"https:\/\/portalfadesp.org.br\/?p=52468","name":"FADESP desenvolve plataforma eCult+ que moderniza gest\u00e3o e acesso aos espa\u00e7os culturais do Par\u00e1 - FADESP","isPartOf":{"@id":"https:\/\/portalfadesp.org.br\/#website"},"primaryImageOfPage":{"@id":"https:\/\/portalfadesp.org.br\/?p=52468#primaryimage"},"image":{"@id":"https:\/\/portalfadesp.org.br\/?p=52468#primaryimage"},"thumbnailUrl":"https:\/\/portalfadesp.org.br\/wp-content\/uploads\/2025\/10\/053A1227-scaled.jpg","datePublished":"2025-10-30T19:13:31+00:00","dateModified":"2025-10-30T19:29:47+00:00","breadcrumb":{"@id":"https:\/\/portalfadesp.org.br\/?p=52468#breadcrumb"},"inLanguage":"pt-BR","potentialAction":[{"@type":"ReadAction","target":["https:\/\/portalfadesp.org.br\/?p=52468"]}]},{"@type":"ImageObject","inLanguage":"pt-BR","@id":"https:\/\/portalfadesp.org.br\/?p=52468#primaryimage","url":"https:\/\/portalfadesp.org.br\/wp-content\/uploads\/2025\/10\/053A1227-scaled.jpg","contentUrl":"https:\/\/portalfadesp.org.br\/wp-content\/uploads\/2025\/10\/053A1227-scaled.jpg","width":2560,"height":1707},{"@type":"BreadcrumbList","@id":"https:\/\/portalfadesp.org.br\/?p=52468#breadcrumb","itemListElement":[{"@type":"ListItem","position":1,"name":"In\u00edcio","item":"https:\/\/portalfadesp.org.br\/"},{"@type":"ListItem","position":2,"name":"FADESP desenvolve plataforma eCult+ que moderniza gest\u00e3o e acesso aos espa\u00e7os culturais do Par\u00e1"}]},{"@type":"WebSite","@id":"https:\/\/portalfadesp.org.br\/#website","url":"https:\/\/portalfadesp.org.br\/","name":"FADESP","description":"Funda\u00e7\u00e3o de Amparo e Desenvolvimento da Pesquisa","publisher":{"@id":"https:\/\/portalfadesp.org.br\/#organization"},"potentialAction":[{"@type":"SearchAction","target":{"@type":"EntryPoint","urlTemplate":"https:\/\/portalfadesp.org.br\/?s={search_term_string}"},"query-input":{"@type":"PropertyValueSpecification","valueRequired":true,"valueName":"search_term_string"}}],"inLanguage":"pt-BR"},{"@type":"Organization","@id":"https:\/\/portalfadesp.org.br\/#organization","name":"FADESP","url":"https:\/\/portalfadesp.org.br\/","logo":{"@type":"ImageObject","inLanguage":"pt-BR","@id":"https:\/\/portalfadesp.org.br\/#\/schema\/logo\/image\/","url":"https:\/\/portalfadesp.org.br\/wp-content\/uploads\/2024\/01\/NOVOLOGOFADESPlaranjaH.png","contentUrl":"https:\/\/portalfadesp.org.br\/wp-content\/uploads\/2024\/01\/NOVOLOGOFADESPlaranjaH.png","width":2742,"height":839,"caption":"FADESP"},"image":{"@id":"https:\/\/portalfadesp.org.br\/#\/schema\/logo\/image\/"},"sameAs":["https:\/\/www.facebook.com\/Fadesp-138351949524662\/","https:\/\/x.com\/Fadesp","https:\/\/www.instagram.com\/fadesp_ufpa\/","https:\/\/www.youtube.com\/@fundacaodeamparoedesenvolv1903","https:\/\/www.threads.net\/@fadesp_ufpa"]},{"@type":"Person","@id":"https:\/\/portalfadesp.org.br\/#\/schema\/person\/31709c4c8ec92d6bbdd2c1da60cf8d66","name":"Brena Marques","image":{"@type":"ImageObject","inLanguage":"pt-BR","@id":"https:\/\/portalfadesp.org.br\/#\/schema\/person\/image\/","url":"https:\/\/secure.gravatar.com\/avatar\/d8709cd0de324fbec018b6878350216726d26c3436f44ebee8f3db75e29728f3?s=96&d=mm&r=g","contentUrl":"https:\/\/secure.gravatar.com\/avatar\/d8709cd0de324fbec018b6878350216726d26c3436f44ebee8f3db75e29728f3?s=96&d=mm&r=g","caption":"Brena Marques"},"url":"https:\/\/portalfadesp.org.br\/?author=12"}]}},"_links":{"self":[{"href":"https:\/\/portalfadesp.org.br\/index.php?rest_route=\/wp\/v2\/posts\/52468","targetHints":{"allow":["GET"]}}],"collection":[{"href":"https:\/\/portalfadesp.org.br\/index.php?rest_route=\/wp\/v2\/posts"}],"about":[{"href":"https:\/\/portalfadesp.org.br\/index.php?rest_route=\/wp\/v2\/types\/post"}],"author":[{"embeddable":true,"href":"https:\/\/portalfadesp.org.br\/index.php?rest_route=\/wp\/v2\/users\/12"}],"replies":[{"embeddable":true,"href":"https:\/\/portalfadesp.org.br\/index.php?rest_route=%2Fwp%2Fv2%2Fcomments&post=52468"}],"version-history":[{"count":2,"href":"https:\/\/portalfadesp.org.br\/index.php?rest_route=\/wp\/v2\/posts\/52468\/revisions"}],"predecessor-version":[{"id":52479,"href":"https:\/\/portalfadesp.org.br\/index.php?rest_route=\/wp\/v2\/posts\/52468\/revisions\/52479"}],"wp:featuredmedia":[{"embeddable":true,"href":"https:\/\/portalfadesp.org.br\/index.php?rest_route=\/wp\/v2\/media\/52472"}],"wp:attachment":[{"href":"https:\/\/portalfadesp.org.br\/index.php?rest_route=%2Fwp%2Fv2%2Fmedia&parent=52468"}],"wp:term":[{"taxonomy":"category","embeddable":true,"href":"https:\/\/portalfadesp.org.br\/index.php?rest_route=%2Fwp%2Fv2%2Fcategories&post=52468"},{"taxonomy":"post_tag","embeddable":true,"href":"https:\/\/portalfadesp.org.br\/index.php?rest_route=%2Fwp%2Fv2%2Ftags&post=52468"}],"curies":[{"name":"wp","href":"https:\/\/api.w.org\/{rel}","templated":true}]}}