{"id":5246,"date":"2019-12-06T14:54:35","date_gmt":"2019-12-06T17:54:35","guid":{"rendered":"https:\/\/162.215.13.167?p=5246"},"modified":"2022-12-20T17:31:15","modified_gmt":"2022-12-20T20:31:15","slug":"resultado-preliminar-da-prova-objetiva-do-concurso-da-prefeitura-de-maraba-pa-para-procurador-municipal-esta-disponivel-recursos-dias-06-e-09","status":"publish","type":"post","link":"https:\/\/portalfadesp.org.br\/?p=5246","title":{"rendered":"Resultado preliminar da prova objetiva do concurso da Prefeitura de Marab\u00e1 (PA) para Procurador Municipal est\u00e1 dispon\u00edvel. Recursos dias 06 e 09."},"content":{"rendered":"\n<p>O resultado preliminar da prova objetiva do concurso p\u00fablico da Prefeitura de Marab\u00e1 para o cargo de Procurador Municipal est\u00e1 dispon\u00edvel na <strong><a href=\"https:\/\/portalfadesp.org.br\/?page_id=4525\" target=\"_blank\" rel=\"noreferrer noopener\">p\u00e1gina oficial de acompanhamento<\/a><\/strong>. Ser\u00e3o aceitos recursos online dias 06 e 09.<\/p>\n\n\n\n<p>A sele\u00e7\u00e3o tem tr\u00eas etapas, todas na cidade de Marab\u00e1, obedecendo o hor\u00e1rio local. No dia 24 foram realizadas a prova objetiva e a prova pr\u00e1tica-profissional, ambas eliminat\u00f3rias e classificat\u00f3rias. Os classificados far\u00e3o, ainda, a prova de t\u00edtulos, de car\u00e1ter classificat\u00f3rio, em data a ser informada.<\/p>\n\n\n\n<p>A prova objetiva foi composta de quarenta quest\u00f5es e a prova pr\u00e1tica-profissional exigiu a resposta a quest\u00f5es anal\u00edtico-discursivas e a elabora\u00e7\u00e3o de uma pe\u00e7a processual. Cada uma das provas vale 100 pontos, mas somente quem est\u00e1 entre as trinta melhores pontua\u00e7\u00f5es na objetiva teve a prova pr\u00e1tica corrigida.<\/p>\n\n\n\n<p>Foram eliminados na prova objetiva os candidatos faltosos e os que n\u00e3o obtiveram pontua\u00e7\u00e3o igual ou superior a 70 pontos, do total de 100. Foram corrigidas as provas Pr\u00e1ticas-Profissionais somente de quem obteve as 30 maiores notas na prova objetiva (entre os candidatos da ampla concorr\u00eancia) e as duas maiores notas na prova objetiva das Pessoas com Defici\u00eancia.<\/p>\n\n\n\n<p>Conforme o <a href=\"..\/wp-content\/uploads\/2019\/10\/Edital-n-01_2019_PMM-Procurador-Municipal-de-Marab%C3%A1.pdf\" target=\"_blank\" rel=\"noreferrer noopener\"><strong>edita<\/strong>l<\/a>, est\u00e3o sendo oferecidas duas vagas para Procurador Municipal, cargo de n\u00edvel superior exercido por bacharel em Direito. A jornada \u00e9 de 20 horas semanais e o servidor ter\u00e1, entre outras atribui\u00e7\u00f5es, que \u201cdefender, em ju\u00edzo ou fora dele, na forma da lei, os interesses do munic\u00edpio; emitir pareceres em processos administrativos e responder consultas sobre mat\u00e9rias de sua compet\u00eancia\u201d.<\/p>\n","protected":false},"excerpt":{"rendered":"<p>O resultado preliminar da prova objetiva do concurso p\u00fablico da Prefeitura de Marab\u00e1 para o cargo de Procurador Municipal est\u00e1 dispon\u00edvel na p\u00e1gina oficial de acompanhamento. Ser\u00e3o aceitos recursos online dias 06 e 09. A sele\u00e7\u00e3o tem tr\u00eas etapas, todas na cidade de Marab\u00e1, obedecendo o hor\u00e1rio local. No dia 24 foram realizadas a prova [&hellip;]<\/p>\n","protected":false},"author":11,"featured_media":1843,"comment_status":"open","ping_status":"open","sticky":false,"template":"","format":"standard","meta":{"_monsterinsights_skip_tracking":false,"_monsterinsights_sitenote_active":false,"_monsterinsights_sitenote_note":"","_monsterinsights_sitenote_category":0,"footnotes":""},"categories":[7],"tags":[62,23,25],"class_list":["post-5246","post","type-post","status-publish","format-standard","has-post-thumbnail","hentry","category-concurso","tag-concurso-publico","tag-oportunidade","tag-para","entry","has-media"],"yoast_head":"<!-- This site is optimized with the Yoast SEO plugin v25.1 - https:\/\/yoast.com\/wordpress\/plugins\/seo\/ -->\n<title>Resultado preliminar da prova objetiva do concurso da Prefeitura de Marab\u00e1 (PA) para Procurador Municipal est\u00e1 dispon\u00edvel. Recursos dias 06 e 09. - FADESP<\/title>\n<meta name=\"robots\" content=\"index, follow, max-snippet:-1, max-image-preview:large, max-video-preview:-1\" \/>\n<link rel=\"canonical\" href=\"https:\/\/portalfadesp.org.br\/?p=5246\" \/>\n<meta property=\"og:locale\" content=\"pt_BR\" \/>\n<meta property=\"og:type\" content=\"article\" \/>\n<meta property=\"og:title\" content=\"Resultado preliminar da prova objetiva do concurso da Prefeitura de Marab\u00e1 (PA) para Procurador Municipal est\u00e1 dispon\u00edvel. Recursos dias 06 e 09. - FADESP\" \/>\n<meta property=\"og:description\" content=\"O resultado preliminar da prova objetiva do concurso p\u00fablico da Prefeitura de Marab\u00e1 para o cargo de Procurador Municipal est\u00e1 dispon\u00edvel na p\u00e1gina oficial de acompanhamento. Ser\u00e3o aceitos recursos online dias 06 e 09. A sele\u00e7\u00e3o tem tr\u00eas etapas, todas na cidade de Marab\u00e1, obedecendo o hor\u00e1rio local. No dia 24 foram realizadas a prova [&hellip;]\" \/>\n<meta property=\"og:url\" content=\"https:\/\/portalfadesp.org.br\/?p=5246\" \/>\n<meta property=\"og:site_name\" content=\"FADESP\" \/>\n<meta property=\"article:publisher\" content=\"https:\/\/www.facebook.com\/Fadesp-138351949524662\/\" \/>\n<meta property=\"article:published_time\" content=\"2019-12-06T17:54:35+00:00\" \/>\n<meta property=\"article:modified_time\" content=\"2022-12-20T20:31:15+00:00\" \/>\n<meta property=\"og:image\" content=\"https:\/\/portalfadesp.org.br\/wp-content\/uploads\/2019\/06\/up_ag_29540_maraba.jpg\" \/>\n\t<meta property=\"og:image:width\" content=\"250\" \/>\n\t<meta property=\"og:image:height\" content=\"161\" \/>\n\t<meta property=\"og:image:type\" content=\"image\/jpeg\" \/>\n<meta name=\"author\" content=\"Lorena Filgueiras\" \/>\n<meta name=\"twitter:card\" content=\"summary_large_image\" \/>\n<meta name=\"twitter:creator\" content=\"@Fadesp\" \/>\n<meta name=\"twitter:site\" content=\"@Fadesp\" \/>\n<meta name=\"twitter:label1\" content=\"Escrito por\" \/>\n\t<meta name=\"twitter:data1\" content=\"Lorena Filgueiras\" \/>\n\t<meta name=\"twitter:label2\" content=\"Est. tempo de leitura\" \/>\n\t<meta name=\"twitter:data2\" content=\"1 minuto\" \/>\n<script type=\"application\/ld+json\" class=\"yoast-schema-graph\">{\"@context\":\"https:\/\/schema.org\",\"@graph\":[{\"@type\":\"Article\",\"@id\":\"https:\/\/portalfadesp.org.br\/?p=5246#article\",\"isPartOf\":{\"@id\":\"https:\/\/portalfadesp.org.br\/?p=5246\"},\"author\":{\"name\":\"Lorena Filgueiras\",\"@id\":\"https:\/\/portalfadesp.org.br\/#\/schema\/person\/c1fa9db0c87dc412d1568e0e5e27be9c\"},\"headline\":\"Resultado preliminar da prova objetiva do concurso da Prefeitura de Marab\u00e1 (PA) para Procurador Municipal est\u00e1 dispon\u00edvel. Recursos dias 06 e 09.\",\"datePublished\":\"2019-12-06T17:54:35+00:00\",\"dateModified\":\"2022-12-20T20:31:15+00:00\",\"mainEntityOfPage\":{\"@id\":\"https:\/\/portalfadesp.org.br\/?p=5246\"},\"wordCount\":294,\"commentCount\":0,\"publisher\":{\"@id\":\"https:\/\/portalfadesp.org.br\/#organization\"},\"image\":{\"@id\":\"https:\/\/portalfadesp.org.br\/?p=5246#primaryimage\"},\"thumbnailUrl\":\"https:\/\/portalfadesp.org.br\/wp-content\/uploads\/2019\/06\/up_ag_29540_maraba.jpg\",\"keywords\":[\"concurso p\u00fablico\",\"oportunidade\",\"Par\u00e1\"],\"articleSection\":[\"Concurso\"],\"inLanguage\":\"pt-BR\"},{\"@type\":\"WebPage\",\"@id\":\"https:\/\/portalfadesp.org.br\/?p=5246\",\"url\":\"https:\/\/portalfadesp.org.br\/?p=5246\",\"name\":\"Resultado preliminar da prova objetiva do concurso da Prefeitura de Marab\u00e1 (PA) para Procurador Municipal est\u00e1 dispon\u00edvel. Recursos dias 06 e 09. - FADESP\",\"isPartOf\":{\"@id\":\"https:\/\/portalfadesp.org.br\/#website\"},\"primaryImageOfPage\":{\"@id\":\"https:\/\/portalfadesp.org.br\/?p=5246#primaryimage\"},\"image\":{\"@id\":\"https:\/\/portalfadesp.org.br\/?p=5246#primaryimage\"},\"thumbnailUrl\":\"https:\/\/portalfadesp.org.br\/wp-content\/uploads\/2019\/06\/up_ag_29540_maraba.jpg\",\"datePublished\":\"2019-12-06T17:54:35+00:00\",\"dateModified\":\"2022-12-20T20:31:15+00:00\",\"breadcrumb\":{\"@id\":\"https:\/\/portalfadesp.org.br\/?p=5246#breadcrumb\"},\"inLanguage\":\"pt-BR\",\"potentialAction\":[{\"@type\":\"ReadAction\",\"target\":[\"https:\/\/portalfadesp.org.br\/?p=5246\"]}]},{\"@type\":\"ImageObject\",\"inLanguage\":\"pt-BR\",\"@id\":\"https:\/\/portalfadesp.org.br\/?p=5246#primaryimage\",\"url\":\"https:\/\/portalfadesp.org.br\/wp-content\/uploads\/2019\/06\/up_ag_29540_maraba.jpg\",\"contentUrl\":\"https:\/\/portalfadesp.org.br\/wp-content\/uploads\/2019\/06\/up_ag_29540_maraba.jpg\",\"width\":250,\"height\":161,\"caption\":\"A cidade de Marab\u00e1, localizada entre dois grandes rios, Itacai\u00fanas e Tocantins, no sudeste paraense, comemora nesta sexta-feira, dia 5 de abril, 100 anos de emancipa\u00e7\u00e3o pol\u00edtica e administrativa. Na foto: orla da cidade FOTO: ANTONIO SILVA\/AG. PAR\u00c1 DATA: 02.04.2013 BEL\u00c9M - PAR\u00c1\"},{\"@type\":\"BreadcrumbList\",\"@id\":\"https:\/\/portalfadesp.org.br\/?p=5246#breadcrumb\",\"itemListElement\":[{\"@type\":\"ListItem\",\"position\":1,\"name\":\"In\u00edcio\",\"item\":\"https:\/\/portalfadesp.org.br\/\"},{\"@type\":\"ListItem\",\"position\":2,\"name\":\"Resultado preliminar da prova objetiva do concurso da Prefeitura de Marab\u00e1 (PA) para Procurador Municipal est\u00e1 dispon\u00edvel. Recursos dias 06 e 09.\"}]},{\"@type\":\"WebSite\",\"@id\":\"https:\/\/portalfadesp.org.br\/#website\",\"url\":\"https:\/\/portalfadesp.org.br\/\",\"name\":\"FADESP\",\"description\":\"Funda\u00e7\u00e3o de Amparo e Desenvolvimento da Pesquisa\",\"publisher\":{\"@id\":\"https:\/\/portalfadesp.org.br\/#organization\"},\"potentialAction\":[{\"@type\":\"SearchAction\",\"target\":{\"@type\":\"EntryPoint\",\"urlTemplate\":\"https:\/\/portalfadesp.org.br\/?s={search_term_string}\"},\"query-input\":{\"@type\":\"PropertyValueSpecification\",\"valueRequired\":true,\"valueName\":\"search_term_string\"}}],\"inLanguage\":\"pt-BR\"},{\"@type\":\"Organization\",\"@id\":\"https:\/\/portalfadesp.org.br\/#organization\",\"name\":\"FADESP\",\"url\":\"https:\/\/portalfadesp.org.br\/\",\"logo\":{\"@type\":\"ImageObject\",\"inLanguage\":\"pt-BR\",\"@id\":\"https:\/\/portalfadesp.org.br\/#\/schema\/logo\/image\/\",\"url\":\"https:\/\/portalfadesp.org.br\/wp-content\/uploads\/2024\/01\/NOVOLOGOFADESPlaranjaH.png\",\"contentUrl\":\"https:\/\/portalfadesp.org.br\/wp-content\/uploads\/2024\/01\/NOVOLOGOFADESPlaranjaH.png\",\"width\":2742,\"height\":839,\"caption\":\"FADESP\"},\"image\":{\"@id\":\"https:\/\/portalfadesp.org.br\/#\/schema\/logo\/image\/\"},\"sameAs\":[\"https:\/\/www.facebook.com\/Fadesp-138351949524662\/\",\"https:\/\/x.com\/Fadesp\",\"https:\/\/www.instagram.com\/fadesp_ufpa\/\",\"https:\/\/www.youtube.com\/@fundacaodeamparoedesenvolv1903\",\"https:\/\/www.threads.net\/@fadesp_ufpa\"]},{\"@type\":\"Person\",\"@id\":\"https:\/\/portalfadesp.org.br\/#\/schema\/person\/c1fa9db0c87dc412d1568e0e5e27be9c\",\"name\":\"Lorena Filgueiras\",\"image\":{\"@type\":\"ImageObject\",\"inLanguage\":\"pt-BR\",\"@id\":\"https:\/\/portalfadesp.org.br\/#\/schema\/person\/image\/\",\"url\":\"https:\/\/secure.gravatar.com\/avatar\/37390a2dfe1325c2917fc5f6df471abe8ab753cf23b2d14690f57bd61ab4b7cf?s=96&d=mm&r=g\",\"contentUrl\":\"https:\/\/secure.gravatar.com\/avatar\/37390a2dfe1325c2917fc5f6df471abe8ab753cf23b2d14690f57bd61ab4b7cf?s=96&d=mm&r=g\",\"caption\":\"Lorena Filgueiras\"},\"url\":\"https:\/\/portalfadesp.org.br\/?author=11\"}]}<\/script>\n<!-- \/ Yoast SEO plugin. -->","yoast_head_json":{"title":"Resultado preliminar da prova objetiva do concurso da Prefeitura de Marab\u00e1 (PA) para Procurador Municipal est\u00e1 dispon\u00edvel. Recursos dias 06 e 09. - FADESP","robots":{"index":"index","follow":"follow","max-snippet":"max-snippet:-1","max-image-preview":"max-image-preview:large","max-video-preview":"max-video-preview:-1"},"canonical":"https:\/\/portalfadesp.org.br\/?p=5246","og_locale":"pt_BR","og_type":"article","og_title":"Resultado preliminar da prova objetiva do concurso da Prefeitura de Marab\u00e1 (PA) para Procurador Municipal est\u00e1 dispon\u00edvel. Recursos dias 06 e 09. - FADESP","og_description":"O resultado preliminar da prova objetiva do concurso p\u00fablico da Prefeitura de Marab\u00e1 para o cargo de Procurador Municipal est\u00e1 dispon\u00edvel na p\u00e1gina oficial de acompanhamento. Ser\u00e3o aceitos recursos online dias 06 e 09. A sele\u00e7\u00e3o tem tr\u00eas etapas, todas na cidade de Marab\u00e1, obedecendo o hor\u00e1rio local. No dia 24 foram realizadas a prova [&hellip;]","og_url":"https:\/\/portalfadesp.org.br\/?p=5246","og_site_name":"FADESP","article_publisher":"https:\/\/www.facebook.com\/Fadesp-138351949524662\/","article_published_time":"2019-12-06T17:54:35+00:00","article_modified_time":"2022-12-20T20:31:15+00:00","og_image":[{"width":250,"height":161,"url":"https:\/\/portalfadesp.org.br\/wp-content\/uploads\/2019\/06\/up_ag_29540_maraba.jpg","type":"image\/jpeg"}],"author":"Lorena Filgueiras","twitter_card":"summary_large_image","twitter_creator":"@Fadesp","twitter_site":"@Fadesp","twitter_misc":{"Escrito por":"Lorena Filgueiras","Est. tempo de leitura":"1 minuto"},"schema":{"@context":"https:\/\/schema.org","@graph":[{"@type":"Article","@id":"https:\/\/portalfadesp.org.br\/?p=5246#article","isPartOf":{"@id":"https:\/\/portalfadesp.org.br\/?p=5246"},"author":{"name":"Lorena Filgueiras","@id":"https:\/\/portalfadesp.org.br\/#\/schema\/person\/c1fa9db0c87dc412d1568e0e5e27be9c"},"headline":"Resultado preliminar da prova objetiva do concurso da Prefeitura de Marab\u00e1 (PA) para Procurador Municipal est\u00e1 dispon\u00edvel. Recursos dias 06 e 09.","datePublished":"2019-12-06T17:54:35+00:00","dateModified":"2022-12-20T20:31:15+00:00","mainEntityOfPage":{"@id":"https:\/\/portalfadesp.org.br\/?p=5246"},"wordCount":294,"commentCount":0,"publisher":{"@id":"https:\/\/portalfadesp.org.br\/#organization"},"image":{"@id":"https:\/\/portalfadesp.org.br\/?p=5246#primaryimage"},"thumbnailUrl":"https:\/\/portalfadesp.org.br\/wp-content\/uploads\/2019\/06\/up_ag_29540_maraba.jpg","keywords":["concurso p\u00fablico","oportunidade","Par\u00e1"],"articleSection":["Concurso"],"inLanguage":"pt-BR"},{"@type":"WebPage","@id":"https:\/\/portalfadesp.org.br\/?p=5246","url":"https:\/\/portalfadesp.org.br\/?p=5246","name":"Resultado preliminar da prova objetiva do concurso da Prefeitura de Marab\u00e1 (PA) para Procurador Municipal est\u00e1 dispon\u00edvel. Recursos dias 06 e 09. - FADESP","isPartOf":{"@id":"https:\/\/portalfadesp.org.br\/#website"},"primaryImageOfPage":{"@id":"https:\/\/portalfadesp.org.br\/?p=5246#primaryimage"},"image":{"@id":"https:\/\/portalfadesp.org.br\/?p=5246#primaryimage"},"thumbnailUrl":"https:\/\/portalfadesp.org.br\/wp-content\/uploads\/2019\/06\/up_ag_29540_maraba.jpg","datePublished":"2019-12-06T17:54:35+00:00","dateModified":"2022-12-20T20:31:15+00:00","breadcrumb":{"@id":"https:\/\/portalfadesp.org.br\/?p=5246#breadcrumb"},"inLanguage":"pt-BR","potentialAction":[{"@type":"ReadAction","target":["https:\/\/portalfadesp.org.br\/?p=5246"]}]},{"@type":"ImageObject","inLanguage":"pt-BR","@id":"https:\/\/portalfadesp.org.br\/?p=5246#primaryimage","url":"https:\/\/portalfadesp.org.br\/wp-content\/uploads\/2019\/06\/up_ag_29540_maraba.jpg","contentUrl":"https:\/\/portalfadesp.org.br\/wp-content\/uploads\/2019\/06\/up_ag_29540_maraba.jpg","width":250,"height":161,"caption":"A cidade de Marab\u00e1, localizada entre dois grandes rios, Itacai\u00fanas e Tocantins, no sudeste paraense, comemora nesta sexta-feira, dia 5 de abril, 100 anos de emancipa\u00e7\u00e3o pol\u00edtica e administrativa. Na foto: orla da cidade FOTO: ANTONIO SILVA\/AG. PAR\u00c1 DATA: 02.04.2013 BEL\u00c9M - PAR\u00c1"},{"@type":"BreadcrumbList","@id":"https:\/\/portalfadesp.org.br\/?p=5246#breadcrumb","itemListElement":[{"@type":"ListItem","position":1,"name":"In\u00edcio","item":"https:\/\/portalfadesp.org.br\/"},{"@type":"ListItem","position":2,"name":"Resultado preliminar da prova objetiva do concurso da Prefeitura de Marab\u00e1 (PA) para Procurador Municipal est\u00e1 dispon\u00edvel. Recursos dias 06 e 09."}]},{"@type":"WebSite","@id":"https:\/\/portalfadesp.org.br\/#website","url":"https:\/\/portalfadesp.org.br\/","name":"FADESP","description":"Funda\u00e7\u00e3o de Amparo e Desenvolvimento da Pesquisa","publisher":{"@id":"https:\/\/portalfadesp.org.br\/#organization"},"potentialAction":[{"@type":"SearchAction","target":{"@type":"EntryPoint","urlTemplate":"https:\/\/portalfadesp.org.br\/?s={search_term_string}"},"query-input":{"@type":"PropertyValueSpecification","valueRequired":true,"valueName":"search_term_string"}}],"inLanguage":"pt-BR"},{"@type":"Organization","@id":"https:\/\/portalfadesp.org.br\/#organization","name":"FADESP","url":"https:\/\/portalfadesp.org.br\/","logo":{"@type":"ImageObject","inLanguage":"pt-BR","@id":"https:\/\/portalfadesp.org.br\/#\/schema\/logo\/image\/","url":"https:\/\/portalfadesp.org.br\/wp-content\/uploads\/2024\/01\/NOVOLOGOFADESPlaranjaH.png","contentUrl":"https:\/\/portalfadesp.org.br\/wp-content\/uploads\/2024\/01\/NOVOLOGOFADESPlaranjaH.png","width":2742,"height":839,"caption":"FADESP"},"image":{"@id":"https:\/\/portalfadesp.org.br\/#\/schema\/logo\/image\/"},"sameAs":["https:\/\/www.facebook.com\/Fadesp-138351949524662\/","https:\/\/x.com\/Fadesp","https:\/\/www.instagram.com\/fadesp_ufpa\/","https:\/\/www.youtube.com\/@fundacaodeamparoedesenvolv1903","https:\/\/www.threads.net\/@fadesp_ufpa"]},{"@type":"Person","@id":"https:\/\/portalfadesp.org.br\/#\/schema\/person\/c1fa9db0c87dc412d1568e0e5e27be9c","name":"Lorena Filgueiras","image":{"@type":"ImageObject","inLanguage":"pt-BR","@id":"https:\/\/portalfadesp.org.br\/#\/schema\/person\/image\/","url":"https:\/\/secure.gravatar.com\/avatar\/37390a2dfe1325c2917fc5f6df471abe8ab753cf23b2d14690f57bd61ab4b7cf?s=96&d=mm&r=g","contentUrl":"https:\/\/secure.gravatar.com\/avatar\/37390a2dfe1325c2917fc5f6df471abe8ab753cf23b2d14690f57bd61ab4b7cf?s=96&d=mm&r=g","caption":"Lorena Filgueiras"},"url":"https:\/\/portalfadesp.org.br\/?author=11"}]}},"_links":{"self":[{"href":"https:\/\/portalfadesp.org.br\/index.php?rest_route=\/wp\/v2\/posts\/5246","targetHints":{"allow":["GET"]}}],"collection":[{"href":"https:\/\/portalfadesp.org.br\/index.php?rest_route=\/wp\/v2\/posts"}],"about":[{"href":"https:\/\/portalfadesp.org.br\/index.php?rest_route=\/wp\/v2\/types\/post"}],"author":[{"embeddable":true,"href":"https:\/\/portalfadesp.org.br\/index.php?rest_route=\/wp\/v2\/users\/11"}],"replies":[{"embeddable":true,"href":"https:\/\/portalfadesp.org.br\/index.php?rest_route=%2Fwp%2Fv2%2Fcomments&post=5246"}],"version-history":[{"count":2,"href":"https:\/\/portalfadesp.org.br\/index.php?rest_route=\/wp\/v2\/posts\/5246\/revisions"}],"predecessor-version":[{"id":37760,"href":"https:\/\/portalfadesp.org.br\/index.php?rest_route=\/wp\/v2\/posts\/5246\/revisions\/37760"}],"wp:featuredmedia":[{"embeddable":true,"href":"https:\/\/portalfadesp.org.br\/index.php?rest_route=\/wp\/v2\/media\/1843"}],"wp:attachment":[{"href":"https:\/\/portalfadesp.org.br\/index.php?rest_route=%2Fwp%2Fv2%2Fmedia&parent=5246"}],"wp:term":[{"taxonomy":"category","embeddable":true,"href":"https:\/\/portalfadesp.org.br\/index.php?rest_route=%2Fwp%2Fv2%2Fcategories&post=5246"},{"taxonomy":"post_tag","embeddable":true,"href":"https:\/\/portalfadesp.org.br\/index.php?rest_route=%2Fwp%2Fv2%2Ftags&post=5246"}],"curies":[{"name":"wp","href":"https:\/\/api.w.org\/{rel}","templated":true}]}}