{"id":52365,"date":"2025-10-09T17:02:04","date_gmt":"2025-10-09T20:02:04","guid":{"rendered":"https:\/\/portalfadesp.org.br\/?p=52365"},"modified":"2025-10-30T16:16:58","modified_gmt":"2025-10-30T19:16:58","slug":"cartaz-do-cirio-2025-da-fadesp-celebra-tradicao-fe-e-territorios","status":"publish","type":"post","link":"https:\/\/portalfadesp.org.br\/?p=52365","title":{"rendered":"Cartaz do C\u00edrio 2025 da FADESP celebra tradi\u00e7\u00e3o, f\u00e9 e territ\u00f3rios"},"content":{"rendered":"\n<p>\u00cdcone tradicional e aguardando com ansiedade por devotos de Nossa Senhora de Nazar\u00e9 \u2013 na f\u00e9 ou no afeto, o cartaz do C\u00edrio, pelo terceiro ano consecutivo, ganhou uma vers\u00e3o exclusiva da Funda\u00e7\u00e3o de Amparo e Desenvolvimento da Pesquisa. Apresentado com caracter\u00edsticas e elementos amaz\u00f4nidas, a obra foi assinada pelo artista <strong>Yan Bentes<\/strong><strong>.<\/strong><\/p>\n\n\n\n<figure class=\"wp-block-image size-large\"><img fetchpriority=\"high\" decoding=\"async\" width=\"683\" height=\"1024\" src=\"https:\/\/portalfadesp.org.br\/wp-content\/uploads\/2025\/10\/Yan_chita-4-1-683x1024.png\" alt=\"\" class=\"wp-image-52366\" srcset=\"https:\/\/portalfadesp.org.br\/wp-content\/uploads\/2025\/10\/Yan_chita-4-1-683x1024.png 683w, https:\/\/portalfadesp.org.br\/wp-content\/uploads\/2025\/10\/Yan_chita-4-1-200x300.png 200w, https:\/\/portalfadesp.org.br\/wp-content\/uploads\/2025\/10\/Yan_chita-4-1-768x1152.png 768w, https:\/\/portalfadesp.org.br\/wp-content\/uploads\/2025\/10\/Yan_chita-4-1-1024x1536.png 1024w, https:\/\/portalfadesp.org.br\/wp-content\/uploads\/2025\/10\/Yan_chita-4-1-1365x2048.png 1365w, https:\/\/portalfadesp.org.br\/wp-content\/uploads\/2025\/10\/Yan_chita-4-1-scaled.png 1707w\" sizes=\"(max-width: 683px) 100vw, 683px\" \/><figcaption class=\"wp-element-caption\">Ilustrador, <strong>Yan Bentes.<\/strong><\/figcaption><\/figure>\n\n\n\n<div style=\"height:20px\" aria-hidden=\"true\" class=\"wp-block-spacer\"><\/div>\n\n\n\n<p>Mantendo a tradi\u00e7\u00e3o de convidar um artista paraense para expressar, por meio da arte, o sentimento de f\u00e9 e pertencimento que envolve a festividade, a FADESP incentiva e apoia a valoriza\u00e7\u00e3o da produ\u00e7\u00e3o cultural amaz\u00f4nica e o talento de seus artistas.<\/p>\n\n\n\n<div style=\"height:20px\" aria-hidden=\"true\" class=\"wp-block-spacer\"><\/div>\n\n\n\n<p>Natural de Juruti, no oeste do Par\u00e1, Yan descreve o convite como uma honra afetiva. <em>\u201cMinha fam\u00edlia \u00e9 devota a Nazinha l\u00e1 em Juruti e sempre amigos de Bel\u00e9m conseguem os cartazes para compor a casinha dos meus av\u00f3s e fitinhas para fazer os pedidos. Ent\u00e3o eu sempre estava pr\u00f3ximo dela de alguma forma, visualmente, e na f\u00e9 das pessoas que amo\u201d<\/em>, conta o artista.<\/p>\n\n\n\n<div style=\"height:20px\" aria-hidden=\"true\" class=\"wp-block-spacer\"><\/div>\n\n\n\n<p>A obra de Bentes prop\u00f5e um olhar amaz\u00f4nico sobre o sagrado, aproximando Nossa Senhora de Nazar\u00e9 da identidade e da est\u00e9tica das mulheres do Norte. \u201c<em>Esta ilustra\u00e7\u00e3o nasce como um gesto de afeto e resist\u00eancia cultural<\/em>\u201d, explica. \u201c<em>Ao retratar Nossa Senhora com tra\u00e7os das mulheres do Norte, acompanhada de Jesus que tamb\u00e9m reflete essa identidade, a obra questiona a padroniza\u00e7\u00e3o est\u00e9tica que, por s\u00e9culos, estabeleceu como ideal de santidade a figura eurocentrada\u201d<\/em>.<\/p>\n\n\n\n<div style=\"height:20px\" aria-hidden=\"true\" class=\"wp-block-spacer\"><\/div>\n\n\n\n<p>Um dos elementos centrais da composi\u00e7\u00e3o \u00e9 a <strong>coroa<\/strong>de Nossa Senhora, aqui desenvolvida sem ouro, mas em <strong>palha tecida como na cestaria amaz\u00f4nica<\/strong>, assim como seu <strong>manto<\/strong><em>. \u201cEsta escolha carrega uma profunda den\u00fancia e, ao mesmo tempo, uma afirma\u00e7\u00e3o: a f\u00e9 n\u00e3o precisa se revestir de metais que hoje est\u00e3o associados ao garimpo ilegal, \u00e0 devasta\u00e7\u00e3o ambiental e \u00e0 viol\u00eancia que atinge povos e territ\u00f3rios. A palha, ao contr\u00e1rio, representa o fazer manual, o artesanato comunit\u00e1rio, a for\u00e7a das mulheres e homens que moldam fibras com paci\u00eancia e delicadeza. \u00c9 s\u00edmbolo de resist\u00eancia, de sustentabilidade e de vida em harmonia com a floresta. Assim, a coroa deixa de ser ostenta\u00e7\u00e3o e passa a ser afirma\u00e7\u00e3o de um modo de existir que respeita a Amaz\u00f4nia\u201d,<\/em> explica o ilustrador.<\/p>\n\n\n\n<div style=\"height:20px\" aria-hidden=\"true\" class=\"wp-block-spacer\"><\/div>\n\n\n\n<p>Outros elementos da composi\u00e7\u00e3o refor\u00e7am essa liga\u00e7\u00e3o entre f\u00e9 e territ\u00f3rio, \u00e0 frente da Santa, uma mulher carrega uma casa sobre a cabe\u00e7a, representa\u00e7\u00e3o dos devotos que depositam promessas e gratid\u00e3o em gestos simples e profundos; no alto, dois anjinhos com asas de arara azul evocam a pureza e a f\u00e9 das crian\u00e7as nortistas; na base, uma m\u00e3o com fitas de promessas traduz a entrega dos fi\u00e9is; e, nas laterais, vasos de cer\u00e2mica marajoara com l\u00edrios unem a ancestralidade amaz\u00f4nica \u00e0 simbologia lit\u00fargica do C\u00edrio.<\/p>\n\n\n\n<div style=\"height:20px\" aria-hidden=\"true\" class=\"wp-block-spacer\"><\/div>\n\n\n\n<p><strong>\u201c<em>A arte n\u00e3o nega a tradi\u00e7\u00e3o, mas a amplia\u201d,<\/em><\/strong><em> afirma o ilustrador. <strong>\u201c<\/strong>\u00c9 uma homenagem \u00e0 beleza real, cotidiana e afetiva das mulheres nortistas, mulheres que, assim como Maria, carregam a vida, sustentam os lares, alimentam com cuidado e protegem com firmeza\u201d<\/em>, diz Yan.<\/p>\n\n\n\n<div style=\"height:20px\" aria-hidden=\"true\" class=\"wp-block-spacer\"><\/div>\n\n\n\n<p>Segundo o diretor executivo da FADESP, Roberto Ferraz Barreto, o convite a artistas locais representa uma forma de traduzir, em imagem, o sentimento que move o povo paraense. <em>\u201cA FADESP acredita que o conhecimento se manifesta de muitas formas, na ci\u00eancia, na educa\u00e7\u00e3o, na pesquisa e tamb\u00e9m na arte. Ao apoiar o trabalho de artistas paraenses, promovemos o desenvolvimento da Amaz\u00f4nia com sensibilidade, respeito e valoriza\u00e7\u00e3o das nossas ra\u00edzes. Somos amaz\u00f4nidas e nascemos, h\u00e1 48 anos, com o objetivo de trabalhar pelo desenvolvimento da regi\u00e3o \u2013 em todos os seus aspectos\u201d.<\/em><\/p>\n\n\n\n<figure class=\"wp-block-image size-large\"><img decoding=\"async\" width=\"736\" height=\"1024\" src=\"https:\/\/portalfadesp.org.br\/wp-content\/uploads\/2025\/10\/WhatsApp-Image-2025-10-09-at-16.56.31-736x1024.jpeg\" alt=\"\" class=\"wp-image-52368\" srcset=\"https:\/\/portalfadesp.org.br\/wp-content\/uploads\/2025\/10\/WhatsApp-Image-2025-10-09-at-16.56.31-736x1024.jpeg 736w, https:\/\/portalfadesp.org.br\/wp-content\/uploads\/2025\/10\/WhatsApp-Image-2025-10-09-at-16.56.31-216x300.jpeg 216w, https:\/\/portalfadesp.org.br\/wp-content\/uploads\/2025\/10\/WhatsApp-Image-2025-10-09-at-16.56.31-768x1069.jpeg 768w, https:\/\/portalfadesp.org.br\/wp-content\/uploads\/2025\/10\/WhatsApp-Image-2025-10-09-at-16.56.31-1104x1536.jpeg 1104w, https:\/\/portalfadesp.org.br\/wp-content\/uploads\/2025\/10\/WhatsApp-Image-2025-10-09-at-16.56.31.jpeg 1150w\" sizes=\"(max-width: 736px) 100vw, 736px\" \/><figcaption class=\"wp-element-caption\">Cartaz da FADESP do C\u00edrio de Nazar\u00e9 2025<\/figcaption><\/figure>\n","protected":false},"excerpt":{"rendered":"<p>\u00cdcone tradicional e aguardando com ansiedade por devotos de Nossa Senhora de Nazar\u00e9 \u2013 na f\u00e9 ou no afeto, o cartaz do C\u00edrio, pelo terceiro ano consecutivo, ganhou uma vers\u00e3o exclusiva da Funda\u00e7\u00e3o de Amparo e Desenvolvimento da Pesquisa. Apresentado com caracter\u00edsticas e elementos amaz\u00f4nidas, a obra foi assinada pelo artista Yan Bentes. Mantendo a [&hellip;]<\/p>\n","protected":false},"author":12,"featured_media":52368,"comment_status":"closed","ping_status":"closed","sticky":false,"template":"","format":"standard","meta":{"_monsterinsights_skip_tracking":false,"_monsterinsights_sitenote_active":false,"_monsterinsights_sitenote_note":"","_monsterinsights_sitenote_category":0,"footnotes":""},"categories":[1],"tags":[],"class_list":["post-52365","post","type-post","status-publish","format-standard","has-post-thumbnail","hentry","category-geral","entry","has-media"],"yoast_head":"<!-- This site is optimized with the Yoast SEO plugin v25.1 - https:\/\/yoast.com\/wordpress\/plugins\/seo\/ -->\n<title>Cartaz do C\u00edrio 2025 da FADESP celebra tradi\u00e7\u00e3o, f\u00e9 e territ\u00f3rios - FADESP<\/title>\n<meta name=\"robots\" content=\"index, follow, max-snippet:-1, max-image-preview:large, max-video-preview:-1\" \/>\n<link rel=\"canonical\" href=\"https:\/\/portalfadesp.org.br\/?p=52365\" \/>\n<meta property=\"og:locale\" content=\"pt_BR\" \/>\n<meta property=\"og:type\" content=\"article\" \/>\n<meta property=\"og:title\" content=\"Cartaz do C\u00edrio 2025 da FADESP celebra tradi\u00e7\u00e3o, f\u00e9 e territ\u00f3rios - FADESP\" \/>\n<meta property=\"og:description\" content=\"\u00cdcone tradicional e aguardando com ansiedade por devotos de Nossa Senhora de Nazar\u00e9 \u2013 na f\u00e9 ou no afeto, o cartaz do C\u00edrio, pelo terceiro ano consecutivo, ganhou uma vers\u00e3o exclusiva da Funda\u00e7\u00e3o de Amparo e Desenvolvimento da Pesquisa. Apresentado com caracter\u00edsticas e elementos amaz\u00f4nidas, a obra foi assinada pelo artista Yan Bentes. Mantendo a [&hellip;]\" \/>\n<meta property=\"og:url\" content=\"https:\/\/portalfadesp.org.br\/?p=52365\" \/>\n<meta property=\"og:site_name\" content=\"FADESP\" \/>\n<meta property=\"article:publisher\" content=\"https:\/\/www.facebook.com\/Fadesp-138351949524662\/\" \/>\n<meta property=\"article:published_time\" content=\"2025-10-09T20:02:04+00:00\" \/>\n<meta property=\"article:modified_time\" content=\"2025-10-30T19:16:58+00:00\" \/>\n<meta property=\"og:image\" content=\"https:\/\/portalfadesp.org.br\/wp-content\/uploads\/2025\/10\/WhatsApp-Image-2025-10-09-at-16.56.31.jpeg\" \/>\n\t<meta property=\"og:image:width\" content=\"1150\" \/>\n\t<meta property=\"og:image:height\" content=\"1600\" \/>\n\t<meta property=\"og:image:type\" content=\"image\/jpeg\" \/>\n<meta name=\"author\" content=\"Brena Marques\" \/>\n<meta name=\"twitter:card\" content=\"summary_large_image\" \/>\n<meta name=\"twitter:creator\" content=\"@Fadesp\" \/>\n<meta name=\"twitter:site\" content=\"@Fadesp\" \/>\n<meta name=\"twitter:label1\" content=\"Escrito por\" \/>\n\t<meta name=\"twitter:data1\" content=\"Brena Marques\" \/>\n\t<meta name=\"twitter:label2\" content=\"Est. tempo de leitura\" \/>\n\t<meta name=\"twitter:data2\" content=\"4 minutos\" \/>\n<script type=\"application\/ld+json\" class=\"yoast-schema-graph\">{\"@context\":\"https:\/\/schema.org\",\"@graph\":[{\"@type\":\"Article\",\"@id\":\"https:\/\/portalfadesp.org.br\/?p=52365#article\",\"isPartOf\":{\"@id\":\"https:\/\/portalfadesp.org.br\/?p=52365\"},\"author\":{\"name\":\"Brena Marques\",\"@id\":\"https:\/\/portalfadesp.org.br\/#\/schema\/person\/31709c4c8ec92d6bbdd2c1da60cf8d66\"},\"headline\":\"Cartaz do C\u00edrio 2025 da FADESP celebra tradi\u00e7\u00e3o, f\u00e9 e territ\u00f3rios\",\"datePublished\":\"2025-10-09T20:02:04+00:00\",\"dateModified\":\"2025-10-30T19:16:58+00:00\",\"mainEntityOfPage\":{\"@id\":\"https:\/\/portalfadesp.org.br\/?p=52365\"},\"wordCount\":657,\"publisher\":{\"@id\":\"https:\/\/portalfadesp.org.br\/#organization\"},\"image\":{\"@id\":\"https:\/\/portalfadesp.org.br\/?p=52365#primaryimage\"},\"thumbnailUrl\":\"https:\/\/portalfadesp.org.br\/wp-content\/uploads\/2025\/10\/WhatsApp-Image-2025-10-09-at-16.56.31.jpeg\",\"articleSection\":[\"Geral\"],\"inLanguage\":\"pt-BR\"},{\"@type\":\"WebPage\",\"@id\":\"https:\/\/portalfadesp.org.br\/?p=52365\",\"url\":\"https:\/\/portalfadesp.org.br\/?p=52365\",\"name\":\"Cartaz do C\u00edrio 2025 da FADESP celebra tradi\u00e7\u00e3o, f\u00e9 e territ\u00f3rios - FADESP\",\"isPartOf\":{\"@id\":\"https:\/\/portalfadesp.org.br\/#website\"},\"primaryImageOfPage\":{\"@id\":\"https:\/\/portalfadesp.org.br\/?p=52365#primaryimage\"},\"image\":{\"@id\":\"https:\/\/portalfadesp.org.br\/?p=52365#primaryimage\"},\"thumbnailUrl\":\"https:\/\/portalfadesp.org.br\/wp-content\/uploads\/2025\/10\/WhatsApp-Image-2025-10-09-at-16.56.31.jpeg\",\"datePublished\":\"2025-10-09T20:02:04+00:00\",\"dateModified\":\"2025-10-30T19:16:58+00:00\",\"breadcrumb\":{\"@id\":\"https:\/\/portalfadesp.org.br\/?p=52365#breadcrumb\"},\"inLanguage\":\"pt-BR\",\"potentialAction\":[{\"@type\":\"ReadAction\",\"target\":[\"https:\/\/portalfadesp.org.br\/?p=52365\"]}]},{\"@type\":\"ImageObject\",\"inLanguage\":\"pt-BR\",\"@id\":\"https:\/\/portalfadesp.org.br\/?p=52365#primaryimage\",\"url\":\"https:\/\/portalfadesp.org.br\/wp-content\/uploads\/2025\/10\/WhatsApp-Image-2025-10-09-at-16.56.31.jpeg\",\"contentUrl\":\"https:\/\/portalfadesp.org.br\/wp-content\/uploads\/2025\/10\/WhatsApp-Image-2025-10-09-at-16.56.31.jpeg\",\"width\":1150,\"height\":1600},{\"@type\":\"BreadcrumbList\",\"@id\":\"https:\/\/portalfadesp.org.br\/?p=52365#breadcrumb\",\"itemListElement\":[{\"@type\":\"ListItem\",\"position\":1,\"name\":\"In\u00edcio\",\"item\":\"https:\/\/portalfadesp.org.br\/\"},{\"@type\":\"ListItem\",\"position\":2,\"name\":\"Cartaz do C\u00edrio 2025 da FADESP celebra tradi\u00e7\u00e3o, f\u00e9 e territ\u00f3rios\"}]},{\"@type\":\"WebSite\",\"@id\":\"https:\/\/portalfadesp.org.br\/#website\",\"url\":\"https:\/\/portalfadesp.org.br\/\",\"name\":\"FADESP\",\"description\":\"Funda\u00e7\u00e3o de Amparo e Desenvolvimento da Pesquisa\",\"publisher\":{\"@id\":\"https:\/\/portalfadesp.org.br\/#organization\"},\"potentialAction\":[{\"@type\":\"SearchAction\",\"target\":{\"@type\":\"EntryPoint\",\"urlTemplate\":\"https:\/\/portalfadesp.org.br\/?s={search_term_string}\"},\"query-input\":{\"@type\":\"PropertyValueSpecification\",\"valueRequired\":true,\"valueName\":\"search_term_string\"}}],\"inLanguage\":\"pt-BR\"},{\"@type\":\"Organization\",\"@id\":\"https:\/\/portalfadesp.org.br\/#organization\",\"name\":\"FADESP\",\"url\":\"https:\/\/portalfadesp.org.br\/\",\"logo\":{\"@type\":\"ImageObject\",\"inLanguage\":\"pt-BR\",\"@id\":\"https:\/\/portalfadesp.org.br\/#\/schema\/logo\/image\/\",\"url\":\"https:\/\/portalfadesp.org.br\/wp-content\/uploads\/2024\/01\/NOVOLOGOFADESPlaranjaH.png\",\"contentUrl\":\"https:\/\/portalfadesp.org.br\/wp-content\/uploads\/2024\/01\/NOVOLOGOFADESPlaranjaH.png\",\"width\":2742,\"height\":839,\"caption\":\"FADESP\"},\"image\":{\"@id\":\"https:\/\/portalfadesp.org.br\/#\/schema\/logo\/image\/\"},\"sameAs\":[\"https:\/\/www.facebook.com\/Fadesp-138351949524662\/\",\"https:\/\/x.com\/Fadesp\",\"https:\/\/www.instagram.com\/fadesp_ufpa\/\",\"https:\/\/www.youtube.com\/@fundacaodeamparoedesenvolv1903\",\"https:\/\/www.threads.net\/@fadesp_ufpa\"]},{\"@type\":\"Person\",\"@id\":\"https:\/\/portalfadesp.org.br\/#\/schema\/person\/31709c4c8ec92d6bbdd2c1da60cf8d66\",\"name\":\"Brena Marques\",\"image\":{\"@type\":\"ImageObject\",\"inLanguage\":\"pt-BR\",\"@id\":\"https:\/\/portalfadesp.org.br\/#\/schema\/person\/image\/\",\"url\":\"https:\/\/secure.gravatar.com\/avatar\/d8709cd0de324fbec018b6878350216726d26c3436f44ebee8f3db75e29728f3?s=96&d=mm&r=g\",\"contentUrl\":\"https:\/\/secure.gravatar.com\/avatar\/d8709cd0de324fbec018b6878350216726d26c3436f44ebee8f3db75e29728f3?s=96&d=mm&r=g\",\"caption\":\"Brena Marques\"},\"url\":\"https:\/\/portalfadesp.org.br\/?author=12\"}]}<\/script>\n<!-- \/ Yoast SEO plugin. -->","yoast_head_json":{"title":"Cartaz do C\u00edrio 2025 da FADESP celebra tradi\u00e7\u00e3o, f\u00e9 e territ\u00f3rios - FADESP","robots":{"index":"index","follow":"follow","max-snippet":"max-snippet:-1","max-image-preview":"max-image-preview:large","max-video-preview":"max-video-preview:-1"},"canonical":"https:\/\/portalfadesp.org.br\/?p=52365","og_locale":"pt_BR","og_type":"article","og_title":"Cartaz do C\u00edrio 2025 da FADESP celebra tradi\u00e7\u00e3o, f\u00e9 e territ\u00f3rios - FADESP","og_description":"\u00cdcone tradicional e aguardando com ansiedade por devotos de Nossa Senhora de Nazar\u00e9 \u2013 na f\u00e9 ou no afeto, o cartaz do C\u00edrio, pelo terceiro ano consecutivo, ganhou uma vers\u00e3o exclusiva da Funda\u00e7\u00e3o de Amparo e Desenvolvimento da Pesquisa. Apresentado com caracter\u00edsticas e elementos amaz\u00f4nidas, a obra foi assinada pelo artista Yan Bentes. Mantendo a [&hellip;]","og_url":"https:\/\/portalfadesp.org.br\/?p=52365","og_site_name":"FADESP","article_publisher":"https:\/\/www.facebook.com\/Fadesp-138351949524662\/","article_published_time":"2025-10-09T20:02:04+00:00","article_modified_time":"2025-10-30T19:16:58+00:00","og_image":[{"width":1150,"height":1600,"url":"https:\/\/portalfadesp.org.br\/wp-content\/uploads\/2025\/10\/WhatsApp-Image-2025-10-09-at-16.56.31.jpeg","type":"image\/jpeg"}],"author":"Brena Marques","twitter_card":"summary_large_image","twitter_creator":"@Fadesp","twitter_site":"@Fadesp","twitter_misc":{"Escrito por":"Brena Marques","Est. tempo de leitura":"4 minutos"},"schema":{"@context":"https:\/\/schema.org","@graph":[{"@type":"Article","@id":"https:\/\/portalfadesp.org.br\/?p=52365#article","isPartOf":{"@id":"https:\/\/portalfadesp.org.br\/?p=52365"},"author":{"name":"Brena Marques","@id":"https:\/\/portalfadesp.org.br\/#\/schema\/person\/31709c4c8ec92d6bbdd2c1da60cf8d66"},"headline":"Cartaz do C\u00edrio 2025 da FADESP celebra tradi\u00e7\u00e3o, f\u00e9 e territ\u00f3rios","datePublished":"2025-10-09T20:02:04+00:00","dateModified":"2025-10-30T19:16:58+00:00","mainEntityOfPage":{"@id":"https:\/\/portalfadesp.org.br\/?p=52365"},"wordCount":657,"publisher":{"@id":"https:\/\/portalfadesp.org.br\/#organization"},"image":{"@id":"https:\/\/portalfadesp.org.br\/?p=52365#primaryimage"},"thumbnailUrl":"https:\/\/portalfadesp.org.br\/wp-content\/uploads\/2025\/10\/WhatsApp-Image-2025-10-09-at-16.56.31.jpeg","articleSection":["Geral"],"inLanguage":"pt-BR"},{"@type":"WebPage","@id":"https:\/\/portalfadesp.org.br\/?p=52365","url":"https:\/\/portalfadesp.org.br\/?p=52365","name":"Cartaz do C\u00edrio 2025 da FADESP celebra tradi\u00e7\u00e3o, f\u00e9 e territ\u00f3rios - FADESP","isPartOf":{"@id":"https:\/\/portalfadesp.org.br\/#website"},"primaryImageOfPage":{"@id":"https:\/\/portalfadesp.org.br\/?p=52365#primaryimage"},"image":{"@id":"https:\/\/portalfadesp.org.br\/?p=52365#primaryimage"},"thumbnailUrl":"https:\/\/portalfadesp.org.br\/wp-content\/uploads\/2025\/10\/WhatsApp-Image-2025-10-09-at-16.56.31.jpeg","datePublished":"2025-10-09T20:02:04+00:00","dateModified":"2025-10-30T19:16:58+00:00","breadcrumb":{"@id":"https:\/\/portalfadesp.org.br\/?p=52365#breadcrumb"},"inLanguage":"pt-BR","potentialAction":[{"@type":"ReadAction","target":["https:\/\/portalfadesp.org.br\/?p=52365"]}]},{"@type":"ImageObject","inLanguage":"pt-BR","@id":"https:\/\/portalfadesp.org.br\/?p=52365#primaryimage","url":"https:\/\/portalfadesp.org.br\/wp-content\/uploads\/2025\/10\/WhatsApp-Image-2025-10-09-at-16.56.31.jpeg","contentUrl":"https:\/\/portalfadesp.org.br\/wp-content\/uploads\/2025\/10\/WhatsApp-Image-2025-10-09-at-16.56.31.jpeg","width":1150,"height":1600},{"@type":"BreadcrumbList","@id":"https:\/\/portalfadesp.org.br\/?p=52365#breadcrumb","itemListElement":[{"@type":"ListItem","position":1,"name":"In\u00edcio","item":"https:\/\/portalfadesp.org.br\/"},{"@type":"ListItem","position":2,"name":"Cartaz do C\u00edrio 2025 da FADESP celebra tradi\u00e7\u00e3o, f\u00e9 e territ\u00f3rios"}]},{"@type":"WebSite","@id":"https:\/\/portalfadesp.org.br\/#website","url":"https:\/\/portalfadesp.org.br\/","name":"FADESP","description":"Funda\u00e7\u00e3o de Amparo e Desenvolvimento da Pesquisa","publisher":{"@id":"https:\/\/portalfadesp.org.br\/#organization"},"potentialAction":[{"@type":"SearchAction","target":{"@type":"EntryPoint","urlTemplate":"https:\/\/portalfadesp.org.br\/?s={search_term_string}"},"query-input":{"@type":"PropertyValueSpecification","valueRequired":true,"valueName":"search_term_string"}}],"inLanguage":"pt-BR"},{"@type":"Organization","@id":"https:\/\/portalfadesp.org.br\/#organization","name":"FADESP","url":"https:\/\/portalfadesp.org.br\/","logo":{"@type":"ImageObject","inLanguage":"pt-BR","@id":"https:\/\/portalfadesp.org.br\/#\/schema\/logo\/image\/","url":"https:\/\/portalfadesp.org.br\/wp-content\/uploads\/2024\/01\/NOVOLOGOFADESPlaranjaH.png","contentUrl":"https:\/\/portalfadesp.org.br\/wp-content\/uploads\/2024\/01\/NOVOLOGOFADESPlaranjaH.png","width":2742,"height":839,"caption":"FADESP"},"image":{"@id":"https:\/\/portalfadesp.org.br\/#\/schema\/logo\/image\/"},"sameAs":["https:\/\/www.facebook.com\/Fadesp-138351949524662\/","https:\/\/x.com\/Fadesp","https:\/\/www.instagram.com\/fadesp_ufpa\/","https:\/\/www.youtube.com\/@fundacaodeamparoedesenvolv1903","https:\/\/www.threads.net\/@fadesp_ufpa"]},{"@type":"Person","@id":"https:\/\/portalfadesp.org.br\/#\/schema\/person\/31709c4c8ec92d6bbdd2c1da60cf8d66","name":"Brena Marques","image":{"@type":"ImageObject","inLanguage":"pt-BR","@id":"https:\/\/portalfadesp.org.br\/#\/schema\/person\/image\/","url":"https:\/\/secure.gravatar.com\/avatar\/d8709cd0de324fbec018b6878350216726d26c3436f44ebee8f3db75e29728f3?s=96&d=mm&r=g","contentUrl":"https:\/\/secure.gravatar.com\/avatar\/d8709cd0de324fbec018b6878350216726d26c3436f44ebee8f3db75e29728f3?s=96&d=mm&r=g","caption":"Brena Marques"},"url":"https:\/\/portalfadesp.org.br\/?author=12"}]}},"_links":{"self":[{"href":"https:\/\/portalfadesp.org.br\/index.php?rest_route=\/wp\/v2\/posts\/52365","targetHints":{"allow":["GET"]}}],"collection":[{"href":"https:\/\/portalfadesp.org.br\/index.php?rest_route=\/wp\/v2\/posts"}],"about":[{"href":"https:\/\/portalfadesp.org.br\/index.php?rest_route=\/wp\/v2\/types\/post"}],"author":[{"embeddable":true,"href":"https:\/\/portalfadesp.org.br\/index.php?rest_route=\/wp\/v2\/users\/12"}],"replies":[{"embeddable":true,"href":"https:\/\/portalfadesp.org.br\/index.php?rest_route=%2Fwp%2Fv2%2Fcomments&post=52365"}],"version-history":[{"count":3,"href":"https:\/\/portalfadesp.org.br\/index.php?rest_route=\/wp\/v2\/posts\/52365\/revisions"}],"predecessor-version":[{"id":52370,"href":"https:\/\/portalfadesp.org.br\/index.php?rest_route=\/wp\/v2\/posts\/52365\/revisions\/52370"}],"wp:featuredmedia":[{"embeddable":true,"href":"https:\/\/portalfadesp.org.br\/index.php?rest_route=\/wp\/v2\/media\/52368"}],"wp:attachment":[{"href":"https:\/\/portalfadesp.org.br\/index.php?rest_route=%2Fwp%2Fv2%2Fmedia&parent=52365"}],"wp:term":[{"taxonomy":"category","embeddable":true,"href":"https:\/\/portalfadesp.org.br\/index.php?rest_route=%2Fwp%2Fv2%2Fcategories&post=52365"},{"taxonomy":"post_tag","embeddable":true,"href":"https:\/\/portalfadesp.org.br\/index.php?rest_route=%2Fwp%2Fv2%2Ftags&post=52365"}],"curies":[{"name":"wp","href":"https:\/\/api.w.org\/{rel}","templated":true}]}}