{"id":52321,"date":"2025-10-03T15:51:24","date_gmt":"2025-10-03T18:51:24","guid":{"rendered":"https:\/\/portalfadesp.org.br\/?p=52321"},"modified":"2025-10-30T16:22:21","modified_gmt":"2025-10-30T19:22:21","slug":"primeira-etapa-do-restauro-do-conjunto-dos-mercedarios-e-entregue-em-belem","status":"publish","type":"post","link":"https:\/\/portalfadesp.org.br\/?p=52321","title":{"rendered":"PRIMEIRA ETAPA DO RESTAURO DO CONJUNTO DOS MERCED\u00c1RIOS \u00c9 ENTREGUE EM BEL\u00c9M"},"content":{"rendered":"\n<p class=\"has-text-align-center\"><em>Com apoio do BNDES, Vale e FADESP, o polo da UFPA se transforma em espa\u00e7o acad\u00eamico e cultural voltado \u00e0 preserva\u00e7\u00e3o do patrim\u00f4nio arquitet\u00f4nico e hist\u00f3rico de Bel\u00e9m.<\/em><\/p>\n\n\n\n<div style=\"height:20px\" aria-hidden=\"true\" class=\"wp-block-spacer\"><\/div>\n\n\n\n<figure class=\"wp-block-gallery has-nested-images columns-default is-cropped wp-block-gallery-1 is-layout-flex wp-block-gallery-is-layout-flex\">\n<figure class=\"wp-block-image size-large\"><img fetchpriority=\"high\" decoding=\"async\" width=\"1024\" height=\"768\" data-id=\"52322\" src=\"https:\/\/portalfadesp.org.br\/wp-content\/uploads\/2025\/10\/WhatsApp-Image-2025-10-03-at-13.52.12-1-1024x768.jpeg\" alt=\"\" class=\"wp-image-52322\" srcset=\"https:\/\/portalfadesp.org.br\/wp-content\/uploads\/2025\/10\/WhatsApp-Image-2025-10-03-at-13.52.12-1-1024x768.jpeg 1024w, https:\/\/portalfadesp.org.br\/wp-content\/uploads\/2025\/10\/WhatsApp-Image-2025-10-03-at-13.52.12-1-300x225.jpeg 300w, https:\/\/portalfadesp.org.br\/wp-content\/uploads\/2025\/10\/WhatsApp-Image-2025-10-03-at-13.52.12-1-768x576.jpeg 768w, https:\/\/portalfadesp.org.br\/wp-content\/uploads\/2025\/10\/WhatsApp-Image-2025-10-03-at-13.52.12-1-1536x1152.jpeg 1536w, https:\/\/portalfadesp.org.br\/wp-content\/uploads\/2025\/10\/WhatsApp-Image-2025-10-03-at-13.52.12-1.jpeg 1600w\" sizes=\"(max-width: 1024px) 100vw, 1024px\" \/><\/figure>\n<\/figure>\n\n\n\n<p>Na \u00faltima quinta-feira, 02 de outubro, foi realizada a entrega da primeira etapa das obras de restauro do Conjunto dos Merced\u00e1rios, em Bel\u00e9m. A iniciativa \u00e9 fruto de uma articula\u00e7\u00e3o entre a Universidade Federal do Par\u00e1 (UFPA), o Banco Nacional do Desenvolvimento Econ\u00f4mico e Social (BNDES), o Instituto Cultural Vale e a Funda\u00e7\u00e3o de Amparo e Desenvolvimento da Pesquisa (FADESP). O momento marca um avan\u00e7o significativo na revitaliza\u00e7\u00e3o de um dos mais importantes conjuntos arquitet\u00f4nicos do per\u00edodo colonial da capital paraense e refor\u00e7a a prepara\u00e7\u00e3o da cidade para receber atividades ligadas \u00e0 COP 30.<\/p>\n\n\n\n<div style=\"height:30px\" aria-hidden=\"true\" class=\"wp-block-spacer\"><\/div>\n\n\n\n<p>Com a conclus\u00e3o da primeira fase, o pr\u00e9dio, que j\u00e1 abriga um complexo acad\u00eamico e cultural que se integra ao centro hist\u00f3rico da cidade. Est\u00e3o sediados no local a Faculdade de Conserva\u00e7\u00e3o e Restauro (Facore), o Programa de P\u00f3s-Gradua\u00e7\u00e3o em Ci\u00eancias do Patrim\u00f4nio Cultural (PPGPatri) e o Laborat\u00f3rio de Conserva\u00e7\u00e3o, Restauro e Reabilita\u00e7\u00e3o (Lacore), fortalecendo a rela\u00e7\u00e3o entre ensino, pesquisa, extens\u00e3o e inova\u00e7\u00e3o.<\/p>\n\n\n\n<div style=\"height:30px\" aria-hidden=\"true\" class=\"wp-block-spacer\"><\/div>\n\n\n\n<p>A cria\u00e7\u00e3o da Facore representou um marco pioneiro, sendo o primeiro curso de gradua\u00e7\u00e3o em Conserva\u00e7\u00e3o e Restauro da Amaz\u00f4nia Legal. A iniciativa consolida a posi\u00e7\u00e3o da UFPA como refer\u00eancia nacional na forma\u00e7\u00e3o de especialistas para uma regi\u00e3o de grande riqueza cultural e patrimonial. Para viabilizar o restauro, a Universidade destinou recursos pr\u00f3prios que foram ampliados com financiamento do BNDES e patroc\u00ednio da Vale, resultando em investimentos que ultrapassam R$ 49 milh\u00f5es.<\/p>\n\n\n\n<div style=\"height:20px\" aria-hidden=\"true\" class=\"wp-block-spacer\"><\/div>\n\n\n\n<p>Al\u00e9m da instala\u00e7\u00e3o das unidades acad\u00eamicas, est\u00e3o previstos nesta fase novos espa\u00e7os voltados \u00e0 sociedade, como a futura Galeria de Arte da UFPA (GAU), uma livraria da Editora da UFPA (ed.ufpa) com foco em patrim\u00f4nio, artes e cultura; atividades da Escola de M\u00fasica da UFPA (Emufpa); um audit\u00f3rio com capacidade para 175 pessoas e o Museu de Ci\u00eancias do Patrim\u00f4nio Cultural, que reunir\u00e1 descobertas arqueol\u00f3gicas feitas durante as interven\u00e7\u00f5es no edif\u00edcio.<\/p>\n\n\n\n<div style=\"height:20px\" aria-hidden=\"true\" class=\"wp-block-spacer\"><\/div>\n\n\n\n<figure class=\"wp-block-image size-large\"><img decoding=\"async\" width=\"1024\" height=\"473\" src=\"https:\/\/portalfadesp.org.br\/wp-content\/uploads\/2025\/10\/WhatsApp-Image-2025-10-03-at-13.48.09-1024x473.jpeg\" alt=\"\" class=\"wp-image-52323\" srcset=\"https:\/\/portalfadesp.org.br\/wp-content\/uploads\/2025\/10\/WhatsApp-Image-2025-10-03-at-13.48.09-1024x473.jpeg 1024w, https:\/\/portalfadesp.org.br\/wp-content\/uploads\/2025\/10\/WhatsApp-Image-2025-10-03-at-13.48.09-300x139.jpeg 300w, https:\/\/portalfadesp.org.br\/wp-content\/uploads\/2025\/10\/WhatsApp-Image-2025-10-03-at-13.48.09-768x355.jpeg 768w, https:\/\/portalfadesp.org.br\/wp-content\/uploads\/2025\/10\/WhatsApp-Image-2025-10-03-at-13.48.09-1536x709.jpeg 1536w, https:\/\/portalfadesp.org.br\/wp-content\/uploads\/2025\/10\/WhatsApp-Image-2025-10-03-at-13.48.09.jpeg 1600w\" sizes=\"(max-width: 1024px) 100vw, 1024px\" \/><figcaption class=\"wp-element-caption\">Da esquerda para direita, Diretor executivo da FADESP, Roberto Ferraz Barreto, o Diretor-presidente do Instituto Cultural Vale, Hugo Barreto e Reitor da UFPA, Gilmar Pereira.<\/figcaption><\/figure>\n\n\n\n<p>Para o Reitor da UFPA, Gilmar Pereira da Silva, o trabalho realizado nos Merced\u00e1rios representa uma das maiores interven\u00e7\u00f5es restaurativas j\u00e1 feitas pela Universidade nos \u00faltimos anos. &#8220;<em>A entrega da primeira etapa do restauro do Conjunto dos Merced\u00e1rios \u00e9 um marco para a UFPA e para a sociedade. Este espa\u00e7o, carregado de significados para a cultura, a hist\u00f3ria e a ci\u00eancia amaz\u00f4nica, come\u00e7a a ganhar nova vida gra\u00e7as ao compromisso de tantas m\u00e3os e institui\u00e7\u00f5es. Expresso minha gratid\u00e3o ao BNDES, ao Instituto Cultural Vale e \u00e0 Fadesp, parceiros fundamentais neste processo. Este n\u00e3o \u00e9 um espa\u00e7o apenas da Universidade, mas de toda a sociedade, porque acreditamos que a beleza e a mem\u00f3ria da Amaz\u00f4nia s\u00e3o direitos que devem ser compartilhados por todos.<\/em>&#8220;.<\/p>\n\n\n\n<p><\/p>\n\n\n\n<div style=\"height:30px\" aria-hidden=\"true\" class=\"wp-block-spacer\"><\/div>\n\n\n\n<p>Durante a cerim\u00f4nia, o diretor executivo da FADESP, professor Roberto Ferraz Barreto, destacou o esfor\u00e7o coletivo que possibilitou o avan\u00e7o da obra. \u201c<em>Visibilizar esses homens e mulheres \u00e9 um dever nosso, de quem acredita no poder reparador do acesso, da acessibilidade, da justi\u00e7a, da equidade de g\u00eaneros. E, desta forma, abrindo este espa\u00e7o \u00e0 sociedade, conseguimos tamb\u00e9m mant\u00ea-lo conservado. Digo mais ainda: revitalizar centros e pontos hist\u00f3ricos \u00e9 possibilitar que as pessoas se apropriem de suas cidades<\/em>\u201d.<\/p>\n\n\n\n<figure class=\"wp-block-gallery has-nested-images columns-default is-cropped wp-block-gallery-2 is-layout-flex wp-block-gallery-is-layout-flex\">\n<figure class=\"wp-block-image size-large\"><img decoding=\"async\" width=\"768\" height=\"1024\" data-id=\"52326\" src=\"https:\/\/portalfadesp.org.br\/wp-content\/uploads\/2025\/10\/WhatsApp-Image-2025-10-03-at-13.46.33-768x1024.jpeg\" alt=\"\" class=\"wp-image-52326\" srcset=\"https:\/\/portalfadesp.org.br\/wp-content\/uploads\/2025\/10\/WhatsApp-Image-2025-10-03-at-13.46.33-768x1024.jpeg 768w, https:\/\/portalfadesp.org.br\/wp-content\/uploads\/2025\/10\/WhatsApp-Image-2025-10-03-at-13.46.33-225x300.jpeg 225w, https:\/\/portalfadesp.org.br\/wp-content\/uploads\/2025\/10\/WhatsApp-Image-2025-10-03-at-13.46.33-1152x1536.jpeg 1152w, https:\/\/portalfadesp.org.br\/wp-content\/uploads\/2025\/10\/WhatsApp-Image-2025-10-03-at-13.46.33.jpeg 1200w\" sizes=\"(max-width: 768px) 100vw, 768px\" \/><figcaption class=\"wp-element-caption\">Diretor Executivo da FADESP, Roberto Ferraz Barreto com o presidente do BNDES, Aloisio Mercadante.<\/figcaption><\/figure>\n\n\n\n<figure class=\"wp-block-image size-large\"><img loading=\"lazy\" decoding=\"async\" width=\"576\" height=\"1024\" data-id=\"52324\" src=\"https:\/\/portalfadesp.org.br\/wp-content\/uploads\/2025\/10\/WhatsApp-Image-2025-10-03-at-13.46.31-576x1024.jpeg\" alt=\"\" class=\"wp-image-52324\" srcset=\"https:\/\/portalfadesp.org.br\/wp-content\/uploads\/2025\/10\/WhatsApp-Image-2025-10-03-at-13.46.31-576x1024.jpeg 576w, https:\/\/portalfadesp.org.br\/wp-content\/uploads\/2025\/10\/WhatsApp-Image-2025-10-03-at-13.46.31-169x300.jpeg 169w, https:\/\/portalfadesp.org.br\/wp-content\/uploads\/2025\/10\/WhatsApp-Image-2025-10-03-at-13.46.31-768x1365.jpeg 768w, https:\/\/portalfadesp.org.br\/wp-content\/uploads\/2025\/10\/WhatsApp-Image-2025-10-03-at-13.46.31-864x1536.jpeg 864w, https:\/\/portalfadesp.org.br\/wp-content\/uploads\/2025\/10\/WhatsApp-Image-2025-10-03-at-13.46.31.jpeg 900w\" sizes=\"(max-width: 576px) 100vw, 576px\" \/><figcaption class=\"wp-element-caption\">Diretor da Fadesp com a diretora socioambiental do BNDES, Tereza Campello.<\/figcaption><\/figure>\n<\/figure>\n\n\n\n<div style=\"height:20px\" aria-hidden=\"true\" class=\"wp-block-spacer\"><\/div>\n\n\n\n<p>A previs\u00e3o \u00e9 que o restauro completo seja conclu\u00eddo em 2027. At\u00e9 l\u00e1, cada nova etapa entregue \u00e0 sociedade ampliar\u00e1 as possibilidades de uso acad\u00eamico, cultural e social do Conjunto dos Merced\u00e1rios, consolidando-o como um espa\u00e7o de refer\u00eancia para Bel\u00e9m e para toda a Amaz\u00f4nia.<\/p>\n\n\n\n<div style=\"height:20px\" aria-hidden=\"true\" class=\"wp-block-spacer\"><\/div>\n\n\n\n<p><em><strong>Texto:<\/strong> Ascom FADESP, com informa\u00e7\u00f5es da Ascom UFPA.<\/em><\/p>\n\n\n\n<p><strong>Fotos:<\/strong> <em>Ascom FADESP.<\/em><\/p>\n\n\n\n<p><\/p>\n","protected":false},"excerpt":{"rendered":"<p>Com apoio do BNDES, Vale e FADESP, o polo da UFPA se transforma em espa\u00e7o acad\u00eamico e cultural voltado \u00e0 preserva\u00e7\u00e3o do patrim\u00f4nio arquitet\u00f4nico e hist\u00f3rico de Bel\u00e9m. Na \u00faltima quinta-feira, 02 de outubro, foi realizada a entrega da primeira etapa das obras de restauro do Conjunto dos Merced\u00e1rios, em Bel\u00e9m. A iniciativa \u00e9 fruto [&hellip;]<\/p>\n","protected":false},"author":12,"featured_media":52326,"comment_status":"closed","ping_status":"closed","sticky":false,"template":"","format":"standard","meta":{"_monsterinsights_skip_tracking":false,"_monsterinsights_sitenote_active":false,"_monsterinsights_sitenote_note":"","_monsterinsights_sitenote_category":0,"footnotes":""},"categories":[1],"tags":[],"class_list":["post-52321","post","type-post","status-publish","format-standard","has-post-thumbnail","hentry","category-geral","entry","has-media"],"yoast_head":"<!-- This site is optimized with the Yoast SEO plugin v25.1 - https:\/\/yoast.com\/wordpress\/plugins\/seo\/ -->\n<title>PRIMEIRA ETAPA DO RESTAURO DO CONJUNTO DOS MERCED\u00c1RIOS \u00c9 ENTREGUE EM BEL\u00c9M - FADESP<\/title>\n<meta name=\"robots\" content=\"index, follow, max-snippet:-1, max-image-preview:large, max-video-preview:-1\" \/>\n<link rel=\"canonical\" href=\"https:\/\/portalfadesp.org.br\/?p=52321\" \/>\n<meta property=\"og:locale\" content=\"pt_BR\" \/>\n<meta property=\"og:type\" content=\"article\" \/>\n<meta property=\"og:title\" content=\"PRIMEIRA ETAPA DO RESTAURO DO CONJUNTO DOS MERCED\u00c1RIOS \u00c9 ENTREGUE EM BEL\u00c9M - FADESP\" \/>\n<meta property=\"og:description\" content=\"Com apoio do BNDES, Vale e FADESP, o polo da UFPA se transforma em espa\u00e7o acad\u00eamico e cultural voltado \u00e0 preserva\u00e7\u00e3o do patrim\u00f4nio arquitet\u00f4nico e hist\u00f3rico de Bel\u00e9m. Na \u00faltima quinta-feira, 02 de outubro, foi realizada a entrega da primeira etapa das obras de restauro do Conjunto dos Merced\u00e1rios, em Bel\u00e9m. A iniciativa \u00e9 fruto [&hellip;]\" \/>\n<meta property=\"og:url\" content=\"https:\/\/portalfadesp.org.br\/?p=52321\" \/>\n<meta property=\"og:site_name\" content=\"FADESP\" \/>\n<meta property=\"article:publisher\" content=\"https:\/\/www.facebook.com\/Fadesp-138351949524662\/\" \/>\n<meta property=\"article:published_time\" content=\"2025-10-03T18:51:24+00:00\" \/>\n<meta property=\"article:modified_time\" content=\"2025-10-30T19:22:21+00:00\" \/>\n<meta property=\"og:image\" content=\"https:\/\/portalfadesp.org.br\/wp-content\/uploads\/2025\/10\/WhatsApp-Image-2025-10-03-at-13.46.33.jpeg\" \/>\n\t<meta property=\"og:image:width\" content=\"1200\" \/>\n\t<meta property=\"og:image:height\" content=\"1600\" \/>\n\t<meta property=\"og:image:type\" content=\"image\/jpeg\" \/>\n<meta name=\"author\" content=\"Brena Marques\" \/>\n<meta name=\"twitter:card\" content=\"summary_large_image\" \/>\n<meta name=\"twitter:creator\" content=\"@Fadesp\" \/>\n<meta name=\"twitter:site\" content=\"@Fadesp\" \/>\n<meta name=\"twitter:label1\" content=\"Escrito por\" \/>\n\t<meta name=\"twitter:data1\" content=\"Brena Marques\" \/>\n\t<meta name=\"twitter:label2\" content=\"Est. tempo de leitura\" \/>\n\t<meta name=\"twitter:data2\" content=\"5 minutos\" \/>\n<script type=\"application\/ld+json\" class=\"yoast-schema-graph\">{\"@context\":\"https:\/\/schema.org\",\"@graph\":[{\"@type\":\"Article\",\"@id\":\"https:\/\/portalfadesp.org.br\/?p=52321#article\",\"isPartOf\":{\"@id\":\"https:\/\/portalfadesp.org.br\/?p=52321\"},\"author\":{\"name\":\"Brena Marques\",\"@id\":\"https:\/\/portalfadesp.org.br\/#\/schema\/person\/31709c4c8ec92d6bbdd2c1da60cf8d66\"},\"headline\":\"PRIMEIRA ETAPA DO RESTAURO DO CONJUNTO DOS MERCED\u00c1RIOS \u00c9 ENTREGUE EM BEL\u00c9M\",\"datePublished\":\"2025-10-03T18:51:24+00:00\",\"dateModified\":\"2025-10-30T19:22:21+00:00\",\"mainEntityOfPage\":{\"@id\":\"https:\/\/portalfadesp.org.br\/?p=52321\"},\"wordCount\":723,\"publisher\":{\"@id\":\"https:\/\/portalfadesp.org.br\/#organization\"},\"image\":{\"@id\":\"https:\/\/portalfadesp.org.br\/?p=52321#primaryimage\"},\"thumbnailUrl\":\"https:\/\/portalfadesp.org.br\/wp-content\/uploads\/2025\/10\/WhatsApp-Image-2025-10-03-at-13.46.33.jpeg\",\"articleSection\":[\"Geral\"],\"inLanguage\":\"pt-BR\"},{\"@type\":\"WebPage\",\"@id\":\"https:\/\/portalfadesp.org.br\/?p=52321\",\"url\":\"https:\/\/portalfadesp.org.br\/?p=52321\",\"name\":\"PRIMEIRA ETAPA DO RESTAURO DO CONJUNTO DOS MERCED\u00c1RIOS \u00c9 ENTREGUE EM BEL\u00c9M - FADESP\",\"isPartOf\":{\"@id\":\"https:\/\/portalfadesp.org.br\/#website\"},\"primaryImageOfPage\":{\"@id\":\"https:\/\/portalfadesp.org.br\/?p=52321#primaryimage\"},\"image\":{\"@id\":\"https:\/\/portalfadesp.org.br\/?p=52321#primaryimage\"},\"thumbnailUrl\":\"https:\/\/portalfadesp.org.br\/wp-content\/uploads\/2025\/10\/WhatsApp-Image-2025-10-03-at-13.46.33.jpeg\",\"datePublished\":\"2025-10-03T18:51:24+00:00\",\"dateModified\":\"2025-10-30T19:22:21+00:00\",\"breadcrumb\":{\"@id\":\"https:\/\/portalfadesp.org.br\/?p=52321#breadcrumb\"},\"inLanguage\":\"pt-BR\",\"potentialAction\":[{\"@type\":\"ReadAction\",\"target\":[\"https:\/\/portalfadesp.org.br\/?p=52321\"]}]},{\"@type\":\"ImageObject\",\"inLanguage\":\"pt-BR\",\"@id\":\"https:\/\/portalfadesp.org.br\/?p=52321#primaryimage\",\"url\":\"https:\/\/portalfadesp.org.br\/wp-content\/uploads\/2025\/10\/WhatsApp-Image-2025-10-03-at-13.46.33.jpeg\",\"contentUrl\":\"https:\/\/portalfadesp.org.br\/wp-content\/uploads\/2025\/10\/WhatsApp-Image-2025-10-03-at-13.46.33.jpeg\",\"width\":1200,\"height\":1600},{\"@type\":\"BreadcrumbList\",\"@id\":\"https:\/\/portalfadesp.org.br\/?p=52321#breadcrumb\",\"itemListElement\":[{\"@type\":\"ListItem\",\"position\":1,\"name\":\"In\u00edcio\",\"item\":\"https:\/\/portalfadesp.org.br\/\"},{\"@type\":\"ListItem\",\"position\":2,\"name\":\"PRIMEIRA ETAPA DO RESTAURO DO CONJUNTO DOS MERCED\u00c1RIOS \u00c9 ENTREGUE EM BEL\u00c9M\"}]},{\"@type\":\"WebSite\",\"@id\":\"https:\/\/portalfadesp.org.br\/#website\",\"url\":\"https:\/\/portalfadesp.org.br\/\",\"name\":\"FADESP\",\"description\":\"Funda\u00e7\u00e3o de Amparo e Desenvolvimento da Pesquisa\",\"publisher\":{\"@id\":\"https:\/\/portalfadesp.org.br\/#organization\"},\"potentialAction\":[{\"@type\":\"SearchAction\",\"target\":{\"@type\":\"EntryPoint\",\"urlTemplate\":\"https:\/\/portalfadesp.org.br\/?s={search_term_string}\"},\"query-input\":{\"@type\":\"PropertyValueSpecification\",\"valueRequired\":true,\"valueName\":\"search_term_string\"}}],\"inLanguage\":\"pt-BR\"},{\"@type\":\"Organization\",\"@id\":\"https:\/\/portalfadesp.org.br\/#organization\",\"name\":\"FADESP\",\"url\":\"https:\/\/portalfadesp.org.br\/\",\"logo\":{\"@type\":\"ImageObject\",\"inLanguage\":\"pt-BR\",\"@id\":\"https:\/\/portalfadesp.org.br\/#\/schema\/logo\/image\/\",\"url\":\"https:\/\/portalfadesp.org.br\/wp-content\/uploads\/2024\/01\/NOVOLOGOFADESPlaranjaH.png\",\"contentUrl\":\"https:\/\/portalfadesp.org.br\/wp-content\/uploads\/2024\/01\/NOVOLOGOFADESPlaranjaH.png\",\"width\":2742,\"height\":839,\"caption\":\"FADESP\"},\"image\":{\"@id\":\"https:\/\/portalfadesp.org.br\/#\/schema\/logo\/image\/\"},\"sameAs\":[\"https:\/\/www.facebook.com\/Fadesp-138351949524662\/\",\"https:\/\/x.com\/Fadesp\",\"https:\/\/www.instagram.com\/fadesp_ufpa\/\",\"https:\/\/www.youtube.com\/@fundacaodeamparoedesenvolv1903\",\"https:\/\/www.threads.net\/@fadesp_ufpa\"]},{\"@type\":\"Person\",\"@id\":\"https:\/\/portalfadesp.org.br\/#\/schema\/person\/31709c4c8ec92d6bbdd2c1da60cf8d66\",\"name\":\"Brena Marques\",\"image\":{\"@type\":\"ImageObject\",\"inLanguage\":\"pt-BR\",\"@id\":\"https:\/\/portalfadesp.org.br\/#\/schema\/person\/image\/\",\"url\":\"https:\/\/secure.gravatar.com\/avatar\/d8709cd0de324fbec018b6878350216726d26c3436f44ebee8f3db75e29728f3?s=96&d=mm&r=g\",\"contentUrl\":\"https:\/\/secure.gravatar.com\/avatar\/d8709cd0de324fbec018b6878350216726d26c3436f44ebee8f3db75e29728f3?s=96&d=mm&r=g\",\"caption\":\"Brena Marques\"},\"url\":\"https:\/\/portalfadesp.org.br\/?author=12\"}]}<\/script>\n<!-- \/ Yoast SEO plugin. -->","yoast_head_json":{"title":"PRIMEIRA ETAPA DO RESTAURO DO CONJUNTO DOS MERCED\u00c1RIOS \u00c9 ENTREGUE EM BEL\u00c9M - FADESP","robots":{"index":"index","follow":"follow","max-snippet":"max-snippet:-1","max-image-preview":"max-image-preview:large","max-video-preview":"max-video-preview:-1"},"canonical":"https:\/\/portalfadesp.org.br\/?p=52321","og_locale":"pt_BR","og_type":"article","og_title":"PRIMEIRA ETAPA DO RESTAURO DO CONJUNTO DOS MERCED\u00c1RIOS \u00c9 ENTREGUE EM BEL\u00c9M - FADESP","og_description":"Com apoio do BNDES, Vale e FADESP, o polo da UFPA se transforma em espa\u00e7o acad\u00eamico e cultural voltado \u00e0 preserva\u00e7\u00e3o do patrim\u00f4nio arquitet\u00f4nico e hist\u00f3rico de Bel\u00e9m. Na \u00faltima quinta-feira, 02 de outubro, foi realizada a entrega da primeira etapa das obras de restauro do Conjunto dos Merced\u00e1rios, em Bel\u00e9m. A iniciativa \u00e9 fruto [&hellip;]","og_url":"https:\/\/portalfadesp.org.br\/?p=52321","og_site_name":"FADESP","article_publisher":"https:\/\/www.facebook.com\/Fadesp-138351949524662\/","article_published_time":"2025-10-03T18:51:24+00:00","article_modified_time":"2025-10-30T19:22:21+00:00","og_image":[{"width":1200,"height":1600,"url":"https:\/\/portalfadesp.org.br\/wp-content\/uploads\/2025\/10\/WhatsApp-Image-2025-10-03-at-13.46.33.jpeg","type":"image\/jpeg"}],"author":"Brena Marques","twitter_card":"summary_large_image","twitter_creator":"@Fadesp","twitter_site":"@Fadesp","twitter_misc":{"Escrito por":"Brena Marques","Est. tempo de leitura":"5 minutos"},"schema":{"@context":"https:\/\/schema.org","@graph":[{"@type":"Article","@id":"https:\/\/portalfadesp.org.br\/?p=52321#article","isPartOf":{"@id":"https:\/\/portalfadesp.org.br\/?p=52321"},"author":{"name":"Brena Marques","@id":"https:\/\/portalfadesp.org.br\/#\/schema\/person\/31709c4c8ec92d6bbdd2c1da60cf8d66"},"headline":"PRIMEIRA ETAPA DO RESTAURO DO CONJUNTO DOS MERCED\u00c1RIOS \u00c9 ENTREGUE EM BEL\u00c9M","datePublished":"2025-10-03T18:51:24+00:00","dateModified":"2025-10-30T19:22:21+00:00","mainEntityOfPage":{"@id":"https:\/\/portalfadesp.org.br\/?p=52321"},"wordCount":723,"publisher":{"@id":"https:\/\/portalfadesp.org.br\/#organization"},"image":{"@id":"https:\/\/portalfadesp.org.br\/?p=52321#primaryimage"},"thumbnailUrl":"https:\/\/portalfadesp.org.br\/wp-content\/uploads\/2025\/10\/WhatsApp-Image-2025-10-03-at-13.46.33.jpeg","articleSection":["Geral"],"inLanguage":"pt-BR"},{"@type":"WebPage","@id":"https:\/\/portalfadesp.org.br\/?p=52321","url":"https:\/\/portalfadesp.org.br\/?p=52321","name":"PRIMEIRA ETAPA DO RESTAURO DO CONJUNTO DOS MERCED\u00c1RIOS \u00c9 ENTREGUE EM BEL\u00c9M - FADESP","isPartOf":{"@id":"https:\/\/portalfadesp.org.br\/#website"},"primaryImageOfPage":{"@id":"https:\/\/portalfadesp.org.br\/?p=52321#primaryimage"},"image":{"@id":"https:\/\/portalfadesp.org.br\/?p=52321#primaryimage"},"thumbnailUrl":"https:\/\/portalfadesp.org.br\/wp-content\/uploads\/2025\/10\/WhatsApp-Image-2025-10-03-at-13.46.33.jpeg","datePublished":"2025-10-03T18:51:24+00:00","dateModified":"2025-10-30T19:22:21+00:00","breadcrumb":{"@id":"https:\/\/portalfadesp.org.br\/?p=52321#breadcrumb"},"inLanguage":"pt-BR","potentialAction":[{"@type":"ReadAction","target":["https:\/\/portalfadesp.org.br\/?p=52321"]}]},{"@type":"ImageObject","inLanguage":"pt-BR","@id":"https:\/\/portalfadesp.org.br\/?p=52321#primaryimage","url":"https:\/\/portalfadesp.org.br\/wp-content\/uploads\/2025\/10\/WhatsApp-Image-2025-10-03-at-13.46.33.jpeg","contentUrl":"https:\/\/portalfadesp.org.br\/wp-content\/uploads\/2025\/10\/WhatsApp-Image-2025-10-03-at-13.46.33.jpeg","width":1200,"height":1600},{"@type":"BreadcrumbList","@id":"https:\/\/portalfadesp.org.br\/?p=52321#breadcrumb","itemListElement":[{"@type":"ListItem","position":1,"name":"In\u00edcio","item":"https:\/\/portalfadesp.org.br\/"},{"@type":"ListItem","position":2,"name":"PRIMEIRA ETAPA DO RESTAURO DO CONJUNTO DOS MERCED\u00c1RIOS \u00c9 ENTREGUE EM BEL\u00c9M"}]},{"@type":"WebSite","@id":"https:\/\/portalfadesp.org.br\/#website","url":"https:\/\/portalfadesp.org.br\/","name":"FADESP","description":"Funda\u00e7\u00e3o de Amparo e Desenvolvimento da Pesquisa","publisher":{"@id":"https:\/\/portalfadesp.org.br\/#organization"},"potentialAction":[{"@type":"SearchAction","target":{"@type":"EntryPoint","urlTemplate":"https:\/\/portalfadesp.org.br\/?s={search_term_string}"},"query-input":{"@type":"PropertyValueSpecification","valueRequired":true,"valueName":"search_term_string"}}],"inLanguage":"pt-BR"},{"@type":"Organization","@id":"https:\/\/portalfadesp.org.br\/#organization","name":"FADESP","url":"https:\/\/portalfadesp.org.br\/","logo":{"@type":"ImageObject","inLanguage":"pt-BR","@id":"https:\/\/portalfadesp.org.br\/#\/schema\/logo\/image\/","url":"https:\/\/portalfadesp.org.br\/wp-content\/uploads\/2024\/01\/NOVOLOGOFADESPlaranjaH.png","contentUrl":"https:\/\/portalfadesp.org.br\/wp-content\/uploads\/2024\/01\/NOVOLOGOFADESPlaranjaH.png","width":2742,"height":839,"caption":"FADESP"},"image":{"@id":"https:\/\/portalfadesp.org.br\/#\/schema\/logo\/image\/"},"sameAs":["https:\/\/www.facebook.com\/Fadesp-138351949524662\/","https:\/\/x.com\/Fadesp","https:\/\/www.instagram.com\/fadesp_ufpa\/","https:\/\/www.youtube.com\/@fundacaodeamparoedesenvolv1903","https:\/\/www.threads.net\/@fadesp_ufpa"]},{"@type":"Person","@id":"https:\/\/portalfadesp.org.br\/#\/schema\/person\/31709c4c8ec92d6bbdd2c1da60cf8d66","name":"Brena Marques","image":{"@type":"ImageObject","inLanguage":"pt-BR","@id":"https:\/\/portalfadesp.org.br\/#\/schema\/person\/image\/","url":"https:\/\/secure.gravatar.com\/avatar\/d8709cd0de324fbec018b6878350216726d26c3436f44ebee8f3db75e29728f3?s=96&d=mm&r=g","contentUrl":"https:\/\/secure.gravatar.com\/avatar\/d8709cd0de324fbec018b6878350216726d26c3436f44ebee8f3db75e29728f3?s=96&d=mm&r=g","caption":"Brena Marques"},"url":"https:\/\/portalfadesp.org.br\/?author=12"}]}},"_links":{"self":[{"href":"https:\/\/portalfadesp.org.br\/index.php?rest_route=\/wp\/v2\/posts\/52321","targetHints":{"allow":["GET"]}}],"collection":[{"href":"https:\/\/portalfadesp.org.br\/index.php?rest_route=\/wp\/v2\/posts"}],"about":[{"href":"https:\/\/portalfadesp.org.br\/index.php?rest_route=\/wp\/v2\/types\/post"}],"author":[{"embeddable":true,"href":"https:\/\/portalfadesp.org.br\/index.php?rest_route=\/wp\/v2\/users\/12"}],"replies":[{"embeddable":true,"href":"https:\/\/portalfadesp.org.br\/index.php?rest_route=%2Fwp%2Fv2%2Fcomments&post=52321"}],"version-history":[{"count":3,"href":"https:\/\/portalfadesp.org.br\/index.php?rest_route=\/wp\/v2\/posts\/52321\/revisions"}],"predecessor-version":[{"id":52329,"href":"https:\/\/portalfadesp.org.br\/index.php?rest_route=\/wp\/v2\/posts\/52321\/revisions\/52329"}],"wp:featuredmedia":[{"embeddable":true,"href":"https:\/\/portalfadesp.org.br\/index.php?rest_route=\/wp\/v2\/media\/52326"}],"wp:attachment":[{"href":"https:\/\/portalfadesp.org.br\/index.php?rest_route=%2Fwp%2Fv2%2Fmedia&parent=52321"}],"wp:term":[{"taxonomy":"category","embeddable":true,"href":"https:\/\/portalfadesp.org.br\/index.php?rest_route=%2Fwp%2Fv2%2Fcategories&post=52321"},{"taxonomy":"post_tag","embeddable":true,"href":"https:\/\/portalfadesp.org.br\/index.php?rest_route=%2Fwp%2Fv2%2Ftags&post=52321"}],"curies":[{"name":"wp","href":"https:\/\/api.w.org\/{rel}","templated":true}]}}