{"id":5158,"date":"2020-01-17T15:27:01","date_gmt":"2020-01-17T18:27:01","guid":{"rendered":"https:\/\/162.215.13.167?p=5158"},"modified":"2022-12-20T17:03:15","modified_gmt":"2022-12-20T20:03:15","slug":"ufpa-oferta-especializacao-em-gestao-da-tecnologia-da-informacao-4-0-para-transformacao-digital-inscricoes-abertas","status":"publish","type":"post","link":"https:\/\/portalfadesp.org.br\/?p=5158","title":{"rendered":"UFPA inscreve at\u00e9 o dia 19 de fevereiro para especializa\u00e7\u00e3o em Gest\u00e3o da Tecnologia da Informa\u00e7\u00e3o 4.0 para Transforma\u00e7\u00e3o Digital."},"content":{"rendered":"\n<p>A Faculdade de Administra\u00e7\u00e3o, da Universidade Federal do Par\u00e1 (UFPA) inscrever\u00e1 at\u00e9 o dia 19 de fevereiro para a especializa\u00e7\u00e3o em Gest\u00e3o da Tecnologia da Informa\u00e7\u00e3o 4.0 para Transforma\u00e7\u00e3o Digital (Vers\u00e3o 3.0). S\u00e3o ofertadas 50 vagas, sendo 30% destinadas \u00e0 demanda social. Os interessados devem acessar a <strong><a rel=\"noreferrer noopener\" aria-label=\"\u00e1rea de cursos do site da FADESP, www.portalfadesp.org.br. (abre numa nova aba)\" href=\"http:\/\/cursos.fadesp.org.br\/mostraturma.asp?turma=621*0*1*2\/19\" target=\"_blank\">\u00e1rea de cursos do site da FADESP, www.portalfadesp.org.br.<\/a><\/strong><\/p>\n\n\n\n<p>Conforme o <strong><a href=\"..\/wp-content\/uploads\/2020\/01\/UFPA-GTI-prorroga\u00e7\u00e3o.pdf\" target=\"_blank\" rel=\"noreferrer noopener\">edital de prorroga\u00e7\u00e3o,<\/a><\/strong> o curso \u00e9 voltado, preferencialmente, a profissionais que atuam em fun\u00e7\u00f5es executivas que envolvam a gest\u00e3o e decis\u00f5es sobre a implementa\u00e7\u00e3o e uso de recursos avan\u00e7ados de TI. A coordena\u00e7\u00e3o \u00e9 do professor Helder da Silva Aranha, mestre em Administra\u00e7\u00e3o. As disciplinas com os respectivos professores podem ser consultadas clicando <strong><a rel=\"noreferrer noopener\" aria-label=\"AQUI. (abre numa nova aba)\" href=\"https:\/\/162.215.13.167wp-content\/uploads\/2019\/10\/2019-outubro-especializa\u00e7\u00e3o-em-TI-4.0-professores.jpeg\" target=\"_blank\">AQUI.<\/a><\/strong><\/p>\n\n\n\n<p>Para se inscrever, o candidato deve se cadastrar no site da FADESP ou acessar o seu cadastro existente, preencher o formul\u00e1rio online e gerar o boleto para pagamento da taxa de R$ 100,00. O comprovante de pagamento e a documenta\u00e7\u00e3o exigida no edital devem ser enviados para o email <a href=\"mailto:gtiufpa@gmail.com\">gtiufpa@gmail.com<\/a>.<\/p>\n\n\n\n<p>Os candidatos inscritos ser\u00e3o submetidos a processo de sele\u00e7\u00e3o composto de an\u00e1lise do Curr\u00edculo Vitae e entrevista, de 27 a 28 de fevereiro. Os candidatos \u00e0 demanda social tamb\u00e9m ter\u00e3o que apresentar pr\u00e9-projeto sobre o tema Gest\u00e3o da Tecnologia da Informa\u00e7\u00e3o e comprovante de renda familiar de at\u00e9 tr\u00eas sal\u00e1rios m\u00ednimos.<\/p>\n\n\n\n<p>A divulga\u00e7\u00e3o do resultado est\u00e1 prevista para o dia 02 de mar\u00e7o. Como \u00e9 autofinanci\u00e1vel, o curso exige pagamento de 18 parcelas mensais de R$ 550,00. As aulas ser\u00e3o realizadas de mar\u00e7o de 2020 a setembro de 2021.<\/p>\n","protected":false},"excerpt":{"rendered":"<p>A Faculdade de Administra\u00e7\u00e3o, da Universidade Federal do Par\u00e1 (UFPA) inscrever\u00e1 at\u00e9 o dia 19 de fevereiro para a especializa\u00e7\u00e3o em Gest\u00e3o da Tecnologia da Informa\u00e7\u00e3o 4.0 para Transforma\u00e7\u00e3o Digital (Vers\u00e3o 3.0). S\u00e3o ofertadas 50 vagas, sendo 30% destinadas \u00e0 demanda social. Os interessados devem acessar a \u00e1rea de cursos do site da FADESP, www.portalfadesp.org.br. [&hellip;]<\/p>\n","protected":false},"author":11,"featured_media":5707,"comment_status":"open","ping_status":"open","sticky":false,"template":"","format":"standard","meta":{"_monsterinsights_skip_tracking":false,"_monsterinsights_sitenote_active":false,"_monsterinsights_sitenote_note":"","_monsterinsights_sitenote_category":0,"footnotes":""},"categories":[83],"tags":[34,99,98,33],"class_list":["post-5158","post","type-post","status-publish","format-standard","has-post-thumbnail","hentry","category-ufpa","tag-especializacao","tag-gestao","tag-tecnologia-da-informacao","tag-ufpa","entry","has-media"],"yoast_head":"<!-- This site is optimized with the Yoast SEO plugin v25.1 - https:\/\/yoast.com\/wordpress\/plugins\/seo\/ -->\n<title>UFPA inscreve at\u00e9 o dia 19 de fevereiro para especializa\u00e7\u00e3o em Gest\u00e3o da Tecnologia da Informa\u00e7\u00e3o 4.0 para Transforma\u00e7\u00e3o Digital. - FADESP<\/title>\n<meta name=\"robots\" content=\"index, follow, max-snippet:-1, max-image-preview:large, max-video-preview:-1\" \/>\n<link rel=\"canonical\" href=\"https:\/\/portalfadesp.org.br\/?p=5158\" \/>\n<meta property=\"og:locale\" content=\"pt_BR\" \/>\n<meta property=\"og:type\" content=\"article\" \/>\n<meta property=\"og:title\" content=\"UFPA inscreve at\u00e9 o dia 19 de fevereiro para especializa\u00e7\u00e3o em Gest\u00e3o da Tecnologia da Informa\u00e7\u00e3o 4.0 para Transforma\u00e7\u00e3o Digital. - FADESP\" \/>\n<meta property=\"og:description\" content=\"A Faculdade de Administra\u00e7\u00e3o, da Universidade Federal do Par\u00e1 (UFPA) inscrever\u00e1 at\u00e9 o dia 19 de fevereiro para a especializa\u00e7\u00e3o em Gest\u00e3o da Tecnologia da Informa\u00e7\u00e3o 4.0 para Transforma\u00e7\u00e3o Digital (Vers\u00e3o 3.0). S\u00e3o ofertadas 50 vagas, sendo 30% destinadas \u00e0 demanda social. Os interessados devem acessar a \u00e1rea de cursos do site da FADESP, www.portalfadesp.org.br. [&hellip;]\" \/>\n<meta property=\"og:url\" content=\"https:\/\/portalfadesp.org.br\/?p=5158\" \/>\n<meta property=\"og:site_name\" content=\"FADESP\" \/>\n<meta property=\"article:publisher\" content=\"https:\/\/www.facebook.com\/Fadesp-138351949524662\/\" \/>\n<meta property=\"article:published_time\" content=\"2020-01-17T18:27:01+00:00\" \/>\n<meta property=\"article:modified_time\" content=\"2022-12-20T20:03:15+00:00\" \/>\n<meta property=\"og:image\" content=\"https:\/\/portalfadesp.org.br\/wp-content\/uploads\/2020\/01\/rotativo-gti.jpg\" \/>\n\t<meta property=\"og:image:width\" content=\"700\" \/>\n\t<meta property=\"og:image:height\" content=\"500\" \/>\n\t<meta property=\"og:image:type\" content=\"image\/jpeg\" \/>\n<meta name=\"author\" content=\"Lorena Filgueiras\" \/>\n<meta name=\"twitter:card\" content=\"summary_large_image\" \/>\n<meta name=\"twitter:creator\" content=\"@Fadesp\" \/>\n<meta name=\"twitter:site\" content=\"@Fadesp\" \/>\n<meta name=\"twitter:label1\" content=\"Escrito por\" \/>\n\t<meta name=\"twitter:data1\" content=\"Lorena Filgueiras\" \/>\n\t<meta name=\"twitter:label2\" content=\"Est. tempo de leitura\" \/>\n\t<meta name=\"twitter:data2\" content=\"1 minuto\" \/>\n<script type=\"application\/ld+json\" class=\"yoast-schema-graph\">{\"@context\":\"https:\/\/schema.org\",\"@graph\":[{\"@type\":\"Article\",\"@id\":\"https:\/\/portalfadesp.org.br\/?p=5158#article\",\"isPartOf\":{\"@id\":\"https:\/\/portalfadesp.org.br\/?p=5158\"},\"author\":{\"name\":\"Lorena Filgueiras\",\"@id\":\"https:\/\/portalfadesp.org.br\/#\/schema\/person\/c1fa9db0c87dc412d1568e0e5e27be9c\"},\"headline\":\"UFPA inscreve at\u00e9 o dia 19 de fevereiro para especializa\u00e7\u00e3o em Gest\u00e3o da Tecnologia da Informa\u00e7\u00e3o 4.0 para Transforma\u00e7\u00e3o Digital.\",\"datePublished\":\"2020-01-17T18:27:01+00:00\",\"dateModified\":\"2022-12-20T20:03:15+00:00\",\"mainEntityOfPage\":{\"@id\":\"https:\/\/portalfadesp.org.br\/?p=5158\"},\"wordCount\":293,\"commentCount\":0,\"publisher\":{\"@id\":\"https:\/\/portalfadesp.org.br\/#organization\"},\"image\":{\"@id\":\"https:\/\/portalfadesp.org.br\/?p=5158#primaryimage\"},\"thumbnailUrl\":\"https:\/\/portalfadesp.org.br\/wp-content\/uploads\/2020\/01\/rotativo-gti.jpg\",\"keywords\":[\"especializa\u00e7\u00e3o\",\"gest\u00e3o\",\"tecnologia da informa\u00e7\u00e3o\",\"UFPA\"],\"articleSection\":[\"UFPA\"],\"inLanguage\":\"pt-BR\"},{\"@type\":\"WebPage\",\"@id\":\"https:\/\/portalfadesp.org.br\/?p=5158\",\"url\":\"https:\/\/portalfadesp.org.br\/?p=5158\",\"name\":\"UFPA inscreve at\u00e9 o dia 19 de fevereiro para especializa\u00e7\u00e3o em Gest\u00e3o da Tecnologia da Informa\u00e7\u00e3o 4.0 para Transforma\u00e7\u00e3o Digital. - FADESP\",\"isPartOf\":{\"@id\":\"https:\/\/portalfadesp.org.br\/#website\"},\"primaryImageOfPage\":{\"@id\":\"https:\/\/portalfadesp.org.br\/?p=5158#primaryimage\"},\"image\":{\"@id\":\"https:\/\/portalfadesp.org.br\/?p=5158#primaryimage\"},\"thumbnailUrl\":\"https:\/\/portalfadesp.org.br\/wp-content\/uploads\/2020\/01\/rotativo-gti.jpg\",\"datePublished\":\"2020-01-17T18:27:01+00:00\",\"dateModified\":\"2022-12-20T20:03:15+00:00\",\"breadcrumb\":{\"@id\":\"https:\/\/portalfadesp.org.br\/?p=5158#breadcrumb\"},\"inLanguage\":\"pt-BR\",\"potentialAction\":[{\"@type\":\"ReadAction\",\"target\":[\"https:\/\/portalfadesp.org.br\/?p=5158\"]}]},{\"@type\":\"ImageObject\",\"inLanguage\":\"pt-BR\",\"@id\":\"https:\/\/portalfadesp.org.br\/?p=5158#primaryimage\",\"url\":\"https:\/\/portalfadesp.org.br\/wp-content\/uploads\/2020\/01\/rotativo-gti.jpg\",\"contentUrl\":\"https:\/\/portalfadesp.org.br\/wp-content\/uploads\/2020\/01\/rotativo-gti.jpg\",\"width\":700,\"height\":500},{\"@type\":\"BreadcrumbList\",\"@id\":\"https:\/\/portalfadesp.org.br\/?p=5158#breadcrumb\",\"itemListElement\":[{\"@type\":\"ListItem\",\"position\":1,\"name\":\"In\u00edcio\",\"item\":\"https:\/\/portalfadesp.org.br\/\"},{\"@type\":\"ListItem\",\"position\":2,\"name\":\"UFPA inscreve at\u00e9 o dia 19 de fevereiro para especializa\u00e7\u00e3o em Gest\u00e3o da Tecnologia da Informa\u00e7\u00e3o 4.0 para Transforma\u00e7\u00e3o Digital.\"}]},{\"@type\":\"WebSite\",\"@id\":\"https:\/\/portalfadesp.org.br\/#website\",\"url\":\"https:\/\/portalfadesp.org.br\/\",\"name\":\"FADESP\",\"description\":\"Funda\u00e7\u00e3o de Amparo e Desenvolvimento da Pesquisa\",\"publisher\":{\"@id\":\"https:\/\/portalfadesp.org.br\/#organization\"},\"potentialAction\":[{\"@type\":\"SearchAction\",\"target\":{\"@type\":\"EntryPoint\",\"urlTemplate\":\"https:\/\/portalfadesp.org.br\/?s={search_term_string}\"},\"query-input\":{\"@type\":\"PropertyValueSpecification\",\"valueRequired\":true,\"valueName\":\"search_term_string\"}}],\"inLanguage\":\"pt-BR\"},{\"@type\":\"Organization\",\"@id\":\"https:\/\/portalfadesp.org.br\/#organization\",\"name\":\"FADESP\",\"url\":\"https:\/\/portalfadesp.org.br\/\",\"logo\":{\"@type\":\"ImageObject\",\"inLanguage\":\"pt-BR\",\"@id\":\"https:\/\/portalfadesp.org.br\/#\/schema\/logo\/image\/\",\"url\":\"https:\/\/portalfadesp.org.br\/wp-content\/uploads\/2024\/01\/NOVOLOGOFADESPlaranjaH.png\",\"contentUrl\":\"https:\/\/portalfadesp.org.br\/wp-content\/uploads\/2024\/01\/NOVOLOGOFADESPlaranjaH.png\",\"width\":2742,\"height\":839,\"caption\":\"FADESP\"},\"image\":{\"@id\":\"https:\/\/portalfadesp.org.br\/#\/schema\/logo\/image\/\"},\"sameAs\":[\"https:\/\/www.facebook.com\/Fadesp-138351949524662\/\",\"https:\/\/x.com\/Fadesp\",\"https:\/\/www.instagram.com\/fadesp_ufpa\/\",\"https:\/\/www.youtube.com\/@fundacaodeamparoedesenvolv1903\",\"https:\/\/www.threads.net\/@fadesp_ufpa\"]},{\"@type\":\"Person\",\"@id\":\"https:\/\/portalfadesp.org.br\/#\/schema\/person\/c1fa9db0c87dc412d1568e0e5e27be9c\",\"name\":\"Lorena Filgueiras\",\"image\":{\"@type\":\"ImageObject\",\"inLanguage\":\"pt-BR\",\"@id\":\"https:\/\/portalfadesp.org.br\/#\/schema\/person\/image\/\",\"url\":\"https:\/\/secure.gravatar.com\/avatar\/37390a2dfe1325c2917fc5f6df471abe8ab753cf23b2d14690f57bd61ab4b7cf?s=96&d=mm&r=g\",\"contentUrl\":\"https:\/\/secure.gravatar.com\/avatar\/37390a2dfe1325c2917fc5f6df471abe8ab753cf23b2d14690f57bd61ab4b7cf?s=96&d=mm&r=g\",\"caption\":\"Lorena Filgueiras\"},\"url\":\"https:\/\/portalfadesp.org.br\/?author=11\"}]}<\/script>\n<!-- \/ Yoast SEO plugin. -->","yoast_head_json":{"title":"UFPA inscreve at\u00e9 o dia 19 de fevereiro para especializa\u00e7\u00e3o em Gest\u00e3o da Tecnologia da Informa\u00e7\u00e3o 4.0 para Transforma\u00e7\u00e3o Digital. - FADESP","robots":{"index":"index","follow":"follow","max-snippet":"max-snippet:-1","max-image-preview":"max-image-preview:large","max-video-preview":"max-video-preview:-1"},"canonical":"https:\/\/portalfadesp.org.br\/?p=5158","og_locale":"pt_BR","og_type":"article","og_title":"UFPA inscreve at\u00e9 o dia 19 de fevereiro para especializa\u00e7\u00e3o em Gest\u00e3o da Tecnologia da Informa\u00e7\u00e3o 4.0 para Transforma\u00e7\u00e3o Digital. - FADESP","og_description":"A Faculdade de Administra\u00e7\u00e3o, da Universidade Federal do Par\u00e1 (UFPA) inscrever\u00e1 at\u00e9 o dia 19 de fevereiro para a especializa\u00e7\u00e3o em Gest\u00e3o da Tecnologia da Informa\u00e7\u00e3o 4.0 para Transforma\u00e7\u00e3o Digital (Vers\u00e3o 3.0). S\u00e3o ofertadas 50 vagas, sendo 30% destinadas \u00e0 demanda social. Os interessados devem acessar a \u00e1rea de cursos do site da FADESP, www.portalfadesp.org.br. [&hellip;]","og_url":"https:\/\/portalfadesp.org.br\/?p=5158","og_site_name":"FADESP","article_publisher":"https:\/\/www.facebook.com\/Fadesp-138351949524662\/","article_published_time":"2020-01-17T18:27:01+00:00","article_modified_time":"2022-12-20T20:03:15+00:00","og_image":[{"width":700,"height":500,"url":"https:\/\/portalfadesp.org.br\/wp-content\/uploads\/2020\/01\/rotativo-gti.jpg","type":"image\/jpeg"}],"author":"Lorena Filgueiras","twitter_card":"summary_large_image","twitter_creator":"@Fadesp","twitter_site":"@Fadesp","twitter_misc":{"Escrito por":"Lorena Filgueiras","Est. tempo de leitura":"1 minuto"},"schema":{"@context":"https:\/\/schema.org","@graph":[{"@type":"Article","@id":"https:\/\/portalfadesp.org.br\/?p=5158#article","isPartOf":{"@id":"https:\/\/portalfadesp.org.br\/?p=5158"},"author":{"name":"Lorena Filgueiras","@id":"https:\/\/portalfadesp.org.br\/#\/schema\/person\/c1fa9db0c87dc412d1568e0e5e27be9c"},"headline":"UFPA inscreve at\u00e9 o dia 19 de fevereiro para especializa\u00e7\u00e3o em Gest\u00e3o da Tecnologia da Informa\u00e7\u00e3o 4.0 para Transforma\u00e7\u00e3o Digital.","datePublished":"2020-01-17T18:27:01+00:00","dateModified":"2022-12-20T20:03:15+00:00","mainEntityOfPage":{"@id":"https:\/\/portalfadesp.org.br\/?p=5158"},"wordCount":293,"commentCount":0,"publisher":{"@id":"https:\/\/portalfadesp.org.br\/#organization"},"image":{"@id":"https:\/\/portalfadesp.org.br\/?p=5158#primaryimage"},"thumbnailUrl":"https:\/\/portalfadesp.org.br\/wp-content\/uploads\/2020\/01\/rotativo-gti.jpg","keywords":["especializa\u00e7\u00e3o","gest\u00e3o","tecnologia da informa\u00e7\u00e3o","UFPA"],"articleSection":["UFPA"],"inLanguage":"pt-BR"},{"@type":"WebPage","@id":"https:\/\/portalfadesp.org.br\/?p=5158","url":"https:\/\/portalfadesp.org.br\/?p=5158","name":"UFPA inscreve at\u00e9 o dia 19 de fevereiro para especializa\u00e7\u00e3o em Gest\u00e3o da Tecnologia da Informa\u00e7\u00e3o 4.0 para Transforma\u00e7\u00e3o Digital. - FADESP","isPartOf":{"@id":"https:\/\/portalfadesp.org.br\/#website"},"primaryImageOfPage":{"@id":"https:\/\/portalfadesp.org.br\/?p=5158#primaryimage"},"image":{"@id":"https:\/\/portalfadesp.org.br\/?p=5158#primaryimage"},"thumbnailUrl":"https:\/\/portalfadesp.org.br\/wp-content\/uploads\/2020\/01\/rotativo-gti.jpg","datePublished":"2020-01-17T18:27:01+00:00","dateModified":"2022-12-20T20:03:15+00:00","breadcrumb":{"@id":"https:\/\/portalfadesp.org.br\/?p=5158#breadcrumb"},"inLanguage":"pt-BR","potentialAction":[{"@type":"ReadAction","target":["https:\/\/portalfadesp.org.br\/?p=5158"]}]},{"@type":"ImageObject","inLanguage":"pt-BR","@id":"https:\/\/portalfadesp.org.br\/?p=5158#primaryimage","url":"https:\/\/portalfadesp.org.br\/wp-content\/uploads\/2020\/01\/rotativo-gti.jpg","contentUrl":"https:\/\/portalfadesp.org.br\/wp-content\/uploads\/2020\/01\/rotativo-gti.jpg","width":700,"height":500},{"@type":"BreadcrumbList","@id":"https:\/\/portalfadesp.org.br\/?p=5158#breadcrumb","itemListElement":[{"@type":"ListItem","position":1,"name":"In\u00edcio","item":"https:\/\/portalfadesp.org.br\/"},{"@type":"ListItem","position":2,"name":"UFPA inscreve at\u00e9 o dia 19 de fevereiro para especializa\u00e7\u00e3o em Gest\u00e3o da Tecnologia da Informa\u00e7\u00e3o 4.0 para Transforma\u00e7\u00e3o Digital."}]},{"@type":"WebSite","@id":"https:\/\/portalfadesp.org.br\/#website","url":"https:\/\/portalfadesp.org.br\/","name":"FADESP","description":"Funda\u00e7\u00e3o de Amparo e Desenvolvimento da Pesquisa","publisher":{"@id":"https:\/\/portalfadesp.org.br\/#organization"},"potentialAction":[{"@type":"SearchAction","target":{"@type":"EntryPoint","urlTemplate":"https:\/\/portalfadesp.org.br\/?s={search_term_string}"},"query-input":{"@type":"PropertyValueSpecification","valueRequired":true,"valueName":"search_term_string"}}],"inLanguage":"pt-BR"},{"@type":"Organization","@id":"https:\/\/portalfadesp.org.br\/#organization","name":"FADESP","url":"https:\/\/portalfadesp.org.br\/","logo":{"@type":"ImageObject","inLanguage":"pt-BR","@id":"https:\/\/portalfadesp.org.br\/#\/schema\/logo\/image\/","url":"https:\/\/portalfadesp.org.br\/wp-content\/uploads\/2024\/01\/NOVOLOGOFADESPlaranjaH.png","contentUrl":"https:\/\/portalfadesp.org.br\/wp-content\/uploads\/2024\/01\/NOVOLOGOFADESPlaranjaH.png","width":2742,"height":839,"caption":"FADESP"},"image":{"@id":"https:\/\/portalfadesp.org.br\/#\/schema\/logo\/image\/"},"sameAs":["https:\/\/www.facebook.com\/Fadesp-138351949524662\/","https:\/\/x.com\/Fadesp","https:\/\/www.instagram.com\/fadesp_ufpa\/","https:\/\/www.youtube.com\/@fundacaodeamparoedesenvolv1903","https:\/\/www.threads.net\/@fadesp_ufpa"]},{"@type":"Person","@id":"https:\/\/portalfadesp.org.br\/#\/schema\/person\/c1fa9db0c87dc412d1568e0e5e27be9c","name":"Lorena Filgueiras","image":{"@type":"ImageObject","inLanguage":"pt-BR","@id":"https:\/\/portalfadesp.org.br\/#\/schema\/person\/image\/","url":"https:\/\/secure.gravatar.com\/avatar\/37390a2dfe1325c2917fc5f6df471abe8ab753cf23b2d14690f57bd61ab4b7cf?s=96&d=mm&r=g","contentUrl":"https:\/\/secure.gravatar.com\/avatar\/37390a2dfe1325c2917fc5f6df471abe8ab753cf23b2d14690f57bd61ab4b7cf?s=96&d=mm&r=g","caption":"Lorena Filgueiras"},"url":"https:\/\/portalfadesp.org.br\/?author=11"}]}},"_links":{"self":[{"href":"https:\/\/portalfadesp.org.br\/index.php?rest_route=\/wp\/v2\/posts\/5158","targetHints":{"allow":["GET"]}}],"collection":[{"href":"https:\/\/portalfadesp.org.br\/index.php?rest_route=\/wp\/v2\/posts"}],"about":[{"href":"https:\/\/portalfadesp.org.br\/index.php?rest_route=\/wp\/v2\/types\/post"}],"author":[{"embeddable":true,"href":"https:\/\/portalfadesp.org.br\/index.php?rest_route=\/wp\/v2\/users\/11"}],"replies":[{"embeddable":true,"href":"https:\/\/portalfadesp.org.br\/index.php?rest_route=%2Fwp%2Fv2%2Fcomments&post=5158"}],"version-history":[{"count":7,"href":"https:\/\/portalfadesp.org.br\/index.php?rest_route=\/wp\/v2\/posts\/5158\/revisions"}],"predecessor-version":[{"id":37682,"href":"https:\/\/portalfadesp.org.br\/index.php?rest_route=\/wp\/v2\/posts\/5158\/revisions\/37682"}],"wp:featuredmedia":[{"embeddable":true,"href":"https:\/\/portalfadesp.org.br\/index.php?rest_route=\/wp\/v2\/media\/5707"}],"wp:attachment":[{"href":"https:\/\/portalfadesp.org.br\/index.php?rest_route=%2Fwp%2Fv2%2Fmedia&parent=5158"}],"wp:term":[{"taxonomy":"category","embeddable":true,"href":"https:\/\/portalfadesp.org.br\/index.php?rest_route=%2Fwp%2Fv2%2Fcategories&post=5158"},{"taxonomy":"post_tag","embeddable":true,"href":"https:\/\/portalfadesp.org.br\/index.php?rest_route=%2Fwp%2Fv2%2Ftags&post=5158"}],"curies":[{"name":"wp","href":"https:\/\/api.w.org\/{rel}","templated":true}]}}