{"id":51508,"date":"2025-07-21T14:07:47","date_gmt":"2025-07-21T17:07:47","guid":{"rendered":"https:\/\/portalfadesp.org.br\/?p=51508"},"modified":"2025-07-21T14:55:57","modified_gmt":"2025-07-21T17:55:57","slug":"motiro-cultura-ancestral-e-popular","status":"publish","type":"post","link":"https:\/\/portalfadesp.org.br\/?p=51508","title":{"rendered":"Luiz Simas, Paj\u00e9 Zeneida e Milton Cunha lideram debate sobre cultura ancestral e preserva\u00e7\u00e3o da floresta em Bel\u00e9m"},"content":{"rendered":"\n<p>A Funda\u00e7\u00e3o de Amparo e Desenvolvimento da Pesquisa (FADESP) realizar\u00e1, no dia 14 de agosto de 2025, o quarto encontro do programa Motir\u00f5, no Centro de Eventos Benedito Nunes, na Universidade Federal do Par\u00e1 (UFPA). Com o tema \u201cCultura ancestral e popular: floresta em p\u00e9 e a sobreviv\u00eancia dos mitos\u201d, o evento \u00e9 gratuito e ter\u00e1 credenciamento a partir das 8h e in\u00edcio \u00e0s 9h. Para participar, \u00e9 necess\u00e1rio retirar o ingresso online pelo <em><a href=\"https:\/\/www.sympla.com.br\/evento\/motiro-cultura-popular-e-ancestral\/3038855\">link.<\/a><\/em> As inscri\u00e7\u00f5es estar\u00e3o dispon\u00edveis a partir do dia 16 de julho, \u00e0s 12h, e seguem at\u00e9 o dia 11 de agosto ou enquanto houver vagas.<\/p>\n\n\n\n<div style=\"height:20px\" aria-hidden=\"true\" class=\"wp-block-spacer\"><\/div>\n\n\n\n<p>A programa\u00e7\u00e3o contar\u00e1 com a presen\u00e7a de tr\u00eas nomes de destaque da cultura e da resist\u00eancia popular no Brasil:<\/p>\n\n\n\n<p><strong>Luiz Antonio Simas<\/strong>, historiador, professor, escritor e compositor, \u00e9 refer\u00eancia nacional nos estudos sobre cultura afro-brasileira, religiosidade e samba. Criador do projeto \u00c1goras Cariocas, \u00e9 reconhecido por articular saberes acad\u00eamicos com territ\u00f3rios populares.<\/p>\n\n\n\n<div style=\"height:20px\" aria-hidden=\"true\" class=\"wp-block-spacer\"><\/div>\n\n\n\n<p><strong>Zeneida Lima<\/strong>, paj\u00e9, escritora e educadora, \u00e9 fundadora da Institui\u00e7\u00e3o Caruanas do Maraj\u00f3. Natural de Soure (PA), \u00e9 considerada uma das maiores vozes da espiritualidade amaz\u00f4nica, com forte atua\u00e7\u00e3o na valoriza\u00e7\u00e3o dos saberes tradicionais e dos encantamentos da floresta.<\/p>\n\n\n\n<div style=\"height:20px\" aria-hidden=\"true\" class=\"wp-block-spacer\"><\/div>\n\n\n\n<p><strong>Milton Cunha<\/strong>, acad\u00eamico e carnavalesco, \u00e9 doutor em Letras, formado em Psicologia e figura presente na m\u00eddia nacional. Desenvolve pesquisas sobre est\u00e9tica carnavalesca e cultura popular brasileira. Sua trajet\u00f3ria une arte, cr\u00edtica e espet\u00e1culo, destacando o valor simb\u00f3lico das manifesta\u00e7\u00f5es culturais.<\/p>\n\n\n\n<div style=\"height:20px\" aria-hidden=\"true\" class=\"wp-block-spacer\"><\/div>\n\n\n\n<p><\/p>\n\n\n\n<p>O evento integra o programa Motir\u00f5, uma iniciativa da FADESP voltada ao letramento socioambiental e \u00e0 educa\u00e7\u00e3o ecol\u00f3gica para a comunidade de Ci\u00eancia, Tecnologia e Inova\u00e7\u00e3o (CT&amp;I). O programa est\u00e1 alinhado \u00e0s a\u00e7\u00f5es preparat\u00f3rias para a 30\u00aa Confer\u00eancia das Na\u00e7\u00f5es Unidas sobre Mudan\u00e7a do Clima (COP30), que ser\u00e1 realizada em Bel\u00e9m, em novembro deste ano.<\/p>\n\n\n\n<div style=\"height:20px\" aria-hidden=\"true\" class=\"wp-block-spacer\"><\/div>\n\n\n\n<p>A palavra \u201cmotir\u00f5\u201d, de origem tupi-guarani, designa um grupo que se re\u00fane para construir ou colher algo coletivamente. Essa ideia inspira o formato do encontro. A cada edi\u00e7\u00e3o, o programa re\u00fane especialistas e lideran\u00e7as para discutir os desafios ambientais e sociais da atualidade, com foco na Amaz\u00f4nia, seus povos, saberes e modos de vida.<\/p>\n\n\n\n<div style=\"height:20px\" aria-hidden=\"true\" class=\"wp-block-spacer\"><\/div>\n\n\n\n<p>O tema deste encontro prop\u00f5e uma reflex\u00e3o sobre o papel da cultura ancestral e popular na preserva\u00e7\u00e3o da floresta e das identidades coletivas. Mitos, ritos e narrativas orais atuam como for\u00e7as de resist\u00eancia e de transmiss\u00e3o de conhecimento. O evento convida o p\u00fablico a reconhecer a floresta como lugar de mem\u00f3ria, imagina\u00e7\u00e3o e pertencimento, e a pensar sua preserva\u00e7\u00e3o para al\u00e9m da biodiversidade, como tamb\u00e9m um compromisso com a diversidade cultural.<\/p>\n\n\n\n<div style=\"height:20px\" aria-hidden=\"true\" class=\"wp-block-spacer\"><\/div>\n\n\n\n<p><strong>SERVI\u00c7O<\/strong><br><strong>Cultura ancestral e popular: floresta em p\u00e9 e a sobreviv\u00eancia dos mitos<\/strong><br><strong>Data:<\/strong> 14 de agosto de 2025<br><strong>Hor\u00e1rio:<\/strong> Credenciamento \u00e0s 8h | In\u00edcio \u00e0s 9h<br><strong>Local:<\/strong> Centro de Eventos Benedito Nunes (UFPA)<br><strong>Entrada gratuita<\/strong><br><strong>Inscri\u00e7\u00f5es online:<\/strong> de 16\/07 at\u00e9 11\/08 ou enquanto houver vagas<br><strong>Retirada de ingresso pelo link:<\/strong> <a href=\"https:\/\/www.sympla.com.br\/evento\/motiro-cultura-popular-e-ancestral\/3038855\">https:\/\/www.sympla.com.br\/evento\/motiro-cultura-popular-e-ancestral\/3038855<\/a><\/p>\n\n\n\n<p><strong>Realiza\u00e7\u00e3o<\/strong><br>Funda\u00e7\u00e3o de Amparo e Desenvolvimento da Pesquisa (FADESP) e Universidade Federal do Par\u00e1 (UFPA)<\/p>\n\n\n\n<p><strong>Apoio<\/strong><br>Ci\u00eancia e Vozes da Amaz\u00f4nia na COP30<\/p>\n\n\n\n<figure class=\"wp-block-image size-large\"><img fetchpriority=\"high\" decoding=\"async\" width=\"1024\" height=\"536\" src=\"https:\/\/portalfadesp.org.br\/wp-content\/uploads\/2025\/07\/banner_Sympla_Motiro_agosto-1-1-1024x536.jpg\" alt=\"\" class=\"wp-image-51509\" srcset=\"https:\/\/portalfadesp.org.br\/wp-content\/uploads\/2025\/07\/banner_Sympla_Motiro_agosto-1-1-1024x536.jpg 1024w, https:\/\/portalfadesp.org.br\/wp-content\/uploads\/2025\/07\/banner_Sympla_Motiro_agosto-1-1-300x157.jpg 300w, https:\/\/portalfadesp.org.br\/wp-content\/uploads\/2025\/07\/banner_Sympla_Motiro_agosto-1-1-768x402.jpg 768w, https:\/\/portalfadesp.org.br\/wp-content\/uploads\/2025\/07\/banner_Sympla_Motiro_agosto-1-1-1536x804.jpg 1536w, https:\/\/portalfadesp.org.br\/wp-content\/uploads\/2025\/07\/banner_Sympla_Motiro_agosto-1-1.jpg 1600w\" sizes=\"(max-width: 1024px) 100vw, 1024px\" \/><\/figure>\n\n\n\n<p><\/p>\n","protected":false},"excerpt":{"rendered":"<p>A Funda\u00e7\u00e3o de Amparo e Desenvolvimento da Pesquisa (FADESP) realizar\u00e1, no dia 14 de agosto de 2025, o quarto encontro do programa Motir\u00f5, no Centro de Eventos Benedito Nunes, na Universidade Federal do Par\u00e1 (UFPA). Com o tema \u201cCultura ancestral e popular: floresta em p\u00e9 e a sobreviv\u00eancia dos mitos\u201d, o evento \u00e9 gratuito e [&hellip;]<\/p>\n","protected":false},"author":12,"featured_media":0,"comment_status":"closed","ping_status":"closed","sticky":false,"template":"","format":"standard","meta":{"_monsterinsights_skip_tracking":false,"_monsterinsights_sitenote_active":false,"_monsterinsights_sitenote_note":"","_monsterinsights_sitenote_category":0,"footnotes":""},"categories":[240],"tags":[],"class_list":["post-51508","post","type-post","status-publish","format-standard","hentry","category-no-home","entry"],"yoast_head":"<!-- This site is optimized with the Yoast SEO plugin v25.1 - https:\/\/yoast.com\/wordpress\/plugins\/seo\/ -->\n<title>Luiz Simas, Paj\u00e9 Zeneida e Milton Cunha lideram debate sobre cultura ancestral e preserva\u00e7\u00e3o da floresta em Bel\u00e9m - FADESP<\/title>\n<meta name=\"robots\" content=\"index, follow, max-snippet:-1, max-image-preview:large, max-video-preview:-1\" \/>\n<link rel=\"canonical\" href=\"https:\/\/portalfadesp.org.br\/?p=51508\" \/>\n<meta property=\"og:locale\" content=\"pt_BR\" \/>\n<meta property=\"og:type\" content=\"article\" \/>\n<meta property=\"og:title\" content=\"Luiz Simas, Paj\u00e9 Zeneida e Milton Cunha lideram debate sobre cultura ancestral e preserva\u00e7\u00e3o da floresta em Bel\u00e9m - FADESP\" \/>\n<meta property=\"og:description\" content=\"A Funda\u00e7\u00e3o de Amparo e Desenvolvimento da Pesquisa (FADESP) realizar\u00e1, no dia 14 de agosto de 2025, o quarto encontro do programa Motir\u00f5, no Centro de Eventos Benedito Nunes, na Universidade Federal do Par\u00e1 (UFPA). Com o tema \u201cCultura ancestral e popular: floresta em p\u00e9 e a sobreviv\u00eancia dos mitos\u201d, o evento \u00e9 gratuito e [&hellip;]\" \/>\n<meta property=\"og:url\" content=\"https:\/\/portalfadesp.org.br\/?p=51508\" \/>\n<meta property=\"og:site_name\" content=\"FADESP\" \/>\n<meta property=\"article:publisher\" content=\"https:\/\/www.facebook.com\/Fadesp-138351949524662\/\" \/>\n<meta property=\"article:published_time\" content=\"2025-07-21T17:07:47+00:00\" \/>\n<meta property=\"article:modified_time\" content=\"2025-07-21T17:55:57+00:00\" \/>\n<meta property=\"og:image\" content=\"https:\/\/portalfadesp.org.br\/wp-content\/uploads\/2025\/07\/banner_Sympla_Motiro_agosto-1-1.jpg\" \/>\n\t<meta property=\"og:image:width\" content=\"1600\" \/>\n\t<meta property=\"og:image:height\" content=\"838\" \/>\n\t<meta property=\"og:image:type\" content=\"image\/jpeg\" \/>\n<meta name=\"author\" content=\"Brena Marques\" \/>\n<meta name=\"twitter:card\" content=\"summary_large_image\" \/>\n<meta name=\"twitter:creator\" content=\"@Fadesp\" \/>\n<meta name=\"twitter:site\" content=\"@Fadesp\" \/>\n<meta name=\"twitter:label1\" content=\"Escrito por\" \/>\n\t<meta name=\"twitter:data1\" content=\"Brena Marques\" \/>\n\t<meta name=\"twitter:label2\" content=\"Est. tempo de leitura\" \/>\n\t<meta name=\"twitter:data2\" content=\"3 minutos\" \/>\n<script type=\"application\/ld+json\" class=\"yoast-schema-graph\">{\"@context\":\"https:\/\/schema.org\",\"@graph\":[{\"@type\":\"Article\",\"@id\":\"https:\/\/portalfadesp.org.br\/?p=51508#article\",\"isPartOf\":{\"@id\":\"https:\/\/portalfadesp.org.br\/?p=51508\"},\"author\":{\"name\":\"Brena Marques\",\"@id\":\"https:\/\/portalfadesp.org.br\/#\/schema\/person\/31709c4c8ec92d6bbdd2c1da60cf8d66\"},\"headline\":\"Luiz Simas, Paj\u00e9 Zeneida e Milton Cunha lideram debate sobre cultura ancestral e preserva\u00e7\u00e3o da floresta em Bel\u00e9m\",\"datePublished\":\"2025-07-21T17:07:47+00:00\",\"dateModified\":\"2025-07-21T17:55:57+00:00\",\"mainEntityOfPage\":{\"@id\":\"https:\/\/portalfadesp.org.br\/?p=51508\"},\"wordCount\":559,\"publisher\":{\"@id\":\"https:\/\/portalfadesp.org.br\/#organization\"},\"image\":{\"@id\":\"https:\/\/portalfadesp.org.br\/?p=51508#primaryimage\"},\"thumbnailUrl\":\"https:\/\/portalfadesp.org.br\/wp-content\/uploads\/2025\/07\/banner_Sympla_Motiro_agosto-1-1-1024x536.jpg\",\"articleSection\":[\"No Home\"],\"inLanguage\":\"pt-BR\"},{\"@type\":\"WebPage\",\"@id\":\"https:\/\/portalfadesp.org.br\/?p=51508\",\"url\":\"https:\/\/portalfadesp.org.br\/?p=51508\",\"name\":\"Luiz Simas, Paj\u00e9 Zeneida e Milton Cunha lideram debate sobre cultura ancestral e preserva\u00e7\u00e3o da floresta em Bel\u00e9m - FADESP\",\"isPartOf\":{\"@id\":\"https:\/\/portalfadesp.org.br\/#website\"},\"primaryImageOfPage\":{\"@id\":\"https:\/\/portalfadesp.org.br\/?p=51508#primaryimage\"},\"image\":{\"@id\":\"https:\/\/portalfadesp.org.br\/?p=51508#primaryimage\"},\"thumbnailUrl\":\"https:\/\/portalfadesp.org.br\/wp-content\/uploads\/2025\/07\/banner_Sympla_Motiro_agosto-1-1-1024x536.jpg\",\"datePublished\":\"2025-07-21T17:07:47+00:00\",\"dateModified\":\"2025-07-21T17:55:57+00:00\",\"breadcrumb\":{\"@id\":\"https:\/\/portalfadesp.org.br\/?p=51508#breadcrumb\"},\"inLanguage\":\"pt-BR\",\"potentialAction\":[{\"@type\":\"ReadAction\",\"target\":[\"https:\/\/portalfadesp.org.br\/?p=51508\"]}]},{\"@type\":\"ImageObject\",\"inLanguage\":\"pt-BR\",\"@id\":\"https:\/\/portalfadesp.org.br\/?p=51508#primaryimage\",\"url\":\"https:\/\/portalfadesp.org.br\/wp-content\/uploads\/2025\/07\/banner_Sympla_Motiro_agosto-1-1.jpg\",\"contentUrl\":\"https:\/\/portalfadesp.org.br\/wp-content\/uploads\/2025\/07\/banner_Sympla_Motiro_agosto-1-1.jpg\",\"width\":1600,\"height\":838},{\"@type\":\"BreadcrumbList\",\"@id\":\"https:\/\/portalfadesp.org.br\/?p=51508#breadcrumb\",\"itemListElement\":[{\"@type\":\"ListItem\",\"position\":1,\"name\":\"In\u00edcio\",\"item\":\"https:\/\/portalfadesp.org.br\/\"},{\"@type\":\"ListItem\",\"position\":2,\"name\":\"Luiz Simas, Paj\u00e9 Zeneida e Milton Cunha lideram debate sobre cultura ancestral e preserva\u00e7\u00e3o da floresta em Bel\u00e9m\"}]},{\"@type\":\"WebSite\",\"@id\":\"https:\/\/portalfadesp.org.br\/#website\",\"url\":\"https:\/\/portalfadesp.org.br\/\",\"name\":\"FADESP\",\"description\":\"Funda\u00e7\u00e3o de Amparo e Desenvolvimento da Pesquisa\",\"publisher\":{\"@id\":\"https:\/\/portalfadesp.org.br\/#organization\"},\"potentialAction\":[{\"@type\":\"SearchAction\",\"target\":{\"@type\":\"EntryPoint\",\"urlTemplate\":\"https:\/\/portalfadesp.org.br\/?s={search_term_string}\"},\"query-input\":{\"@type\":\"PropertyValueSpecification\",\"valueRequired\":true,\"valueName\":\"search_term_string\"}}],\"inLanguage\":\"pt-BR\"},{\"@type\":\"Organization\",\"@id\":\"https:\/\/portalfadesp.org.br\/#organization\",\"name\":\"FADESP\",\"url\":\"https:\/\/portalfadesp.org.br\/\",\"logo\":{\"@type\":\"ImageObject\",\"inLanguage\":\"pt-BR\",\"@id\":\"https:\/\/portalfadesp.org.br\/#\/schema\/logo\/image\/\",\"url\":\"https:\/\/portalfadesp.org.br\/wp-content\/uploads\/2024\/01\/NOVOLOGOFADESPlaranjaH.png\",\"contentUrl\":\"https:\/\/portalfadesp.org.br\/wp-content\/uploads\/2024\/01\/NOVOLOGOFADESPlaranjaH.png\",\"width\":2742,\"height\":839,\"caption\":\"FADESP\"},\"image\":{\"@id\":\"https:\/\/portalfadesp.org.br\/#\/schema\/logo\/image\/\"},\"sameAs\":[\"https:\/\/www.facebook.com\/Fadesp-138351949524662\/\",\"https:\/\/x.com\/Fadesp\",\"https:\/\/www.instagram.com\/fadesp_ufpa\/\",\"https:\/\/www.youtube.com\/@fundacaodeamparoedesenvolv1903\",\"https:\/\/www.threads.net\/@fadesp_ufpa\"]},{\"@type\":\"Person\",\"@id\":\"https:\/\/portalfadesp.org.br\/#\/schema\/person\/31709c4c8ec92d6bbdd2c1da60cf8d66\",\"name\":\"Brena Marques\",\"image\":{\"@type\":\"ImageObject\",\"inLanguage\":\"pt-BR\",\"@id\":\"https:\/\/portalfadesp.org.br\/#\/schema\/person\/image\/\",\"url\":\"https:\/\/secure.gravatar.com\/avatar\/d8709cd0de324fbec018b6878350216726d26c3436f44ebee8f3db75e29728f3?s=96&d=mm&r=g\",\"contentUrl\":\"https:\/\/secure.gravatar.com\/avatar\/d8709cd0de324fbec018b6878350216726d26c3436f44ebee8f3db75e29728f3?s=96&d=mm&r=g\",\"caption\":\"Brena Marques\"},\"url\":\"https:\/\/portalfadesp.org.br\/?author=12\"}]}<\/script>\n<!-- \/ Yoast SEO plugin. -->","yoast_head_json":{"title":"Luiz Simas, Paj\u00e9 Zeneida e Milton Cunha lideram debate sobre cultura ancestral e preserva\u00e7\u00e3o da floresta em Bel\u00e9m - FADESP","robots":{"index":"index","follow":"follow","max-snippet":"max-snippet:-1","max-image-preview":"max-image-preview:large","max-video-preview":"max-video-preview:-1"},"canonical":"https:\/\/portalfadesp.org.br\/?p=51508","og_locale":"pt_BR","og_type":"article","og_title":"Luiz Simas, Paj\u00e9 Zeneida e Milton Cunha lideram debate sobre cultura ancestral e preserva\u00e7\u00e3o da floresta em Bel\u00e9m - FADESP","og_description":"A Funda\u00e7\u00e3o de Amparo e Desenvolvimento da Pesquisa (FADESP) realizar\u00e1, no dia 14 de agosto de 2025, o quarto encontro do programa Motir\u00f5, no Centro de Eventos Benedito Nunes, na Universidade Federal do Par\u00e1 (UFPA). Com o tema \u201cCultura ancestral e popular: floresta em p\u00e9 e a sobreviv\u00eancia dos mitos\u201d, o evento \u00e9 gratuito e [&hellip;]","og_url":"https:\/\/portalfadesp.org.br\/?p=51508","og_site_name":"FADESP","article_publisher":"https:\/\/www.facebook.com\/Fadesp-138351949524662\/","article_published_time":"2025-07-21T17:07:47+00:00","article_modified_time":"2025-07-21T17:55:57+00:00","og_image":[{"width":1600,"height":838,"url":"https:\/\/portalfadesp.org.br\/wp-content\/uploads\/2025\/07\/banner_Sympla_Motiro_agosto-1-1.jpg","type":"image\/jpeg"}],"author":"Brena Marques","twitter_card":"summary_large_image","twitter_creator":"@Fadesp","twitter_site":"@Fadesp","twitter_misc":{"Escrito por":"Brena Marques","Est. tempo de leitura":"3 minutos"},"schema":{"@context":"https:\/\/schema.org","@graph":[{"@type":"Article","@id":"https:\/\/portalfadesp.org.br\/?p=51508#article","isPartOf":{"@id":"https:\/\/portalfadesp.org.br\/?p=51508"},"author":{"name":"Brena Marques","@id":"https:\/\/portalfadesp.org.br\/#\/schema\/person\/31709c4c8ec92d6bbdd2c1da60cf8d66"},"headline":"Luiz Simas, Paj\u00e9 Zeneida e Milton Cunha lideram debate sobre cultura ancestral e preserva\u00e7\u00e3o da floresta em Bel\u00e9m","datePublished":"2025-07-21T17:07:47+00:00","dateModified":"2025-07-21T17:55:57+00:00","mainEntityOfPage":{"@id":"https:\/\/portalfadesp.org.br\/?p=51508"},"wordCount":559,"publisher":{"@id":"https:\/\/portalfadesp.org.br\/#organization"},"image":{"@id":"https:\/\/portalfadesp.org.br\/?p=51508#primaryimage"},"thumbnailUrl":"https:\/\/portalfadesp.org.br\/wp-content\/uploads\/2025\/07\/banner_Sympla_Motiro_agosto-1-1-1024x536.jpg","articleSection":["No Home"],"inLanguage":"pt-BR"},{"@type":"WebPage","@id":"https:\/\/portalfadesp.org.br\/?p=51508","url":"https:\/\/portalfadesp.org.br\/?p=51508","name":"Luiz Simas, Paj\u00e9 Zeneida e Milton Cunha lideram debate sobre cultura ancestral e preserva\u00e7\u00e3o da floresta em Bel\u00e9m - FADESP","isPartOf":{"@id":"https:\/\/portalfadesp.org.br\/#website"},"primaryImageOfPage":{"@id":"https:\/\/portalfadesp.org.br\/?p=51508#primaryimage"},"image":{"@id":"https:\/\/portalfadesp.org.br\/?p=51508#primaryimage"},"thumbnailUrl":"https:\/\/portalfadesp.org.br\/wp-content\/uploads\/2025\/07\/banner_Sympla_Motiro_agosto-1-1-1024x536.jpg","datePublished":"2025-07-21T17:07:47+00:00","dateModified":"2025-07-21T17:55:57+00:00","breadcrumb":{"@id":"https:\/\/portalfadesp.org.br\/?p=51508#breadcrumb"},"inLanguage":"pt-BR","potentialAction":[{"@type":"ReadAction","target":["https:\/\/portalfadesp.org.br\/?p=51508"]}]},{"@type":"ImageObject","inLanguage":"pt-BR","@id":"https:\/\/portalfadesp.org.br\/?p=51508#primaryimage","url":"https:\/\/portalfadesp.org.br\/wp-content\/uploads\/2025\/07\/banner_Sympla_Motiro_agosto-1-1.jpg","contentUrl":"https:\/\/portalfadesp.org.br\/wp-content\/uploads\/2025\/07\/banner_Sympla_Motiro_agosto-1-1.jpg","width":1600,"height":838},{"@type":"BreadcrumbList","@id":"https:\/\/portalfadesp.org.br\/?p=51508#breadcrumb","itemListElement":[{"@type":"ListItem","position":1,"name":"In\u00edcio","item":"https:\/\/portalfadesp.org.br\/"},{"@type":"ListItem","position":2,"name":"Luiz Simas, Paj\u00e9 Zeneida e Milton Cunha lideram debate sobre cultura ancestral e preserva\u00e7\u00e3o da floresta em Bel\u00e9m"}]},{"@type":"WebSite","@id":"https:\/\/portalfadesp.org.br\/#website","url":"https:\/\/portalfadesp.org.br\/","name":"FADESP","description":"Funda\u00e7\u00e3o de Amparo e Desenvolvimento da Pesquisa","publisher":{"@id":"https:\/\/portalfadesp.org.br\/#organization"},"potentialAction":[{"@type":"SearchAction","target":{"@type":"EntryPoint","urlTemplate":"https:\/\/portalfadesp.org.br\/?s={search_term_string}"},"query-input":{"@type":"PropertyValueSpecification","valueRequired":true,"valueName":"search_term_string"}}],"inLanguage":"pt-BR"},{"@type":"Organization","@id":"https:\/\/portalfadesp.org.br\/#organization","name":"FADESP","url":"https:\/\/portalfadesp.org.br\/","logo":{"@type":"ImageObject","inLanguage":"pt-BR","@id":"https:\/\/portalfadesp.org.br\/#\/schema\/logo\/image\/","url":"https:\/\/portalfadesp.org.br\/wp-content\/uploads\/2024\/01\/NOVOLOGOFADESPlaranjaH.png","contentUrl":"https:\/\/portalfadesp.org.br\/wp-content\/uploads\/2024\/01\/NOVOLOGOFADESPlaranjaH.png","width":2742,"height":839,"caption":"FADESP"},"image":{"@id":"https:\/\/portalfadesp.org.br\/#\/schema\/logo\/image\/"},"sameAs":["https:\/\/www.facebook.com\/Fadesp-138351949524662\/","https:\/\/x.com\/Fadesp","https:\/\/www.instagram.com\/fadesp_ufpa\/","https:\/\/www.youtube.com\/@fundacaodeamparoedesenvolv1903","https:\/\/www.threads.net\/@fadesp_ufpa"]},{"@type":"Person","@id":"https:\/\/portalfadesp.org.br\/#\/schema\/person\/31709c4c8ec92d6bbdd2c1da60cf8d66","name":"Brena Marques","image":{"@type":"ImageObject","inLanguage":"pt-BR","@id":"https:\/\/portalfadesp.org.br\/#\/schema\/person\/image\/","url":"https:\/\/secure.gravatar.com\/avatar\/d8709cd0de324fbec018b6878350216726d26c3436f44ebee8f3db75e29728f3?s=96&d=mm&r=g","contentUrl":"https:\/\/secure.gravatar.com\/avatar\/d8709cd0de324fbec018b6878350216726d26c3436f44ebee8f3db75e29728f3?s=96&d=mm&r=g","caption":"Brena Marques"},"url":"https:\/\/portalfadesp.org.br\/?author=12"}]}},"_links":{"self":[{"href":"https:\/\/portalfadesp.org.br\/index.php?rest_route=\/wp\/v2\/posts\/51508","targetHints":{"allow":["GET"]}}],"collection":[{"href":"https:\/\/portalfadesp.org.br\/index.php?rest_route=\/wp\/v2\/posts"}],"about":[{"href":"https:\/\/portalfadesp.org.br\/index.php?rest_route=\/wp\/v2\/types\/post"}],"author":[{"embeddable":true,"href":"https:\/\/portalfadesp.org.br\/index.php?rest_route=\/wp\/v2\/users\/12"}],"replies":[{"embeddable":true,"href":"https:\/\/portalfadesp.org.br\/index.php?rest_route=%2Fwp%2Fv2%2Fcomments&post=51508"}],"version-history":[{"count":3,"href":"https:\/\/portalfadesp.org.br\/index.php?rest_route=\/wp\/v2\/posts\/51508\/revisions"}],"predecessor-version":[{"id":51521,"href":"https:\/\/portalfadesp.org.br\/index.php?rest_route=\/wp\/v2\/posts\/51508\/revisions\/51521"}],"wp:attachment":[{"href":"https:\/\/portalfadesp.org.br\/index.php?rest_route=%2Fwp%2Fv2%2Fmedia&parent=51508"}],"wp:term":[{"taxonomy":"category","embeddable":true,"href":"https:\/\/portalfadesp.org.br\/index.php?rest_route=%2Fwp%2Fv2%2Fcategories&post=51508"},{"taxonomy":"post_tag","embeddable":true,"href":"https:\/\/portalfadesp.org.br\/index.php?rest_route=%2Fwp%2Fv2%2Ftags&post=51508"}],"curies":[{"name":"wp","href":"https:\/\/api.w.org\/{rel}","templated":true}]}}