{"id":51357,"date":"2025-07-15T11:28:57","date_gmt":"2025-07-15T14:28:57","guid":{"rendered":"https:\/\/portalfadesp.org.br\/?p=51357"},"modified":"2025-07-21T15:29:11","modified_gmt":"2025-07-21T18:29:11","slug":"programa-motiro-realiza-palestra-racismo-climatico-e-colonialidade-na-ufpa","status":"publish","type":"post","link":"https:\/\/portalfadesp.org.br\/?p=51357","title":{"rendered":"Programa MOTIR\u00d5 realiza Palestra \u201cRacismo Clim\u00e1tico e Colonialidade\u201d na UFPA"},"content":{"rendered":"\n<p>A jornalista, pesquisadora e ativista <strong>Fl\u00e1via Ribeiro<\/strong>, realizou&nbsp; na Universidade Federal do Par\u00e1, nesta quinta-feira (10 de julho), a palestra \u201cRacismo Clim\u00e1tico e Colonialidade\u201d, evento que integra a programa\u00e7\u00e3o do Programa Motir\u00f5, idealizado e desenvolvido pela Funda\u00e7\u00e3o de Amparo e Desenvolvimento da Pesquisa (FADESP), em prepara\u00e7\u00e3o para a COP-30.<\/p>\n\n\n\n<figure class=\"wp-block-image size-large\"><img fetchpriority=\"high\" decoding=\"async\" width=\"1024\" height=\"683\" src=\"https:\/\/portalfadesp.org.br\/wp-content\/uploads\/2025\/07\/ARY0373-1-1024x683.jpg\" alt=\"\" class=\"wp-image-51358\" srcset=\"https:\/\/portalfadesp.org.br\/wp-content\/uploads\/2025\/07\/ARY0373-1-1024x683.jpg 1024w, https:\/\/portalfadesp.org.br\/wp-content\/uploads\/2025\/07\/ARY0373-1-300x200.jpg 300w, https:\/\/portalfadesp.org.br\/wp-content\/uploads\/2025\/07\/ARY0373-1-768x512.jpg 768w, https:\/\/portalfadesp.org.br\/wp-content\/uploads\/2025\/07\/ARY0373-1-1536x1025.jpg 1536w, https:\/\/portalfadesp.org.br\/wp-content\/uploads\/2025\/07\/ARY0373-1-2048x1366.jpg 2048w\" sizes=\"(max-width: 1024px) 100vw, 1024px\" \/><\/figure>\n\n\n\n<div style=\"height:20px\" aria-hidden=\"true\" class=\"wp-block-spacer\"><\/div>\n\n\n\n<p>Diante de um audit\u00f3rio lotado, na Coordenadoria de Capacita\u00e7\u00e3o e Desenvolvimento (CAPACIT-UFPA), Fl\u00e1via compartilhou conhecimentos acad\u00eamicos, viv\u00eancias e informa\u00e7\u00f5es cotidianas que denunciam os entrela\u00e7amentos entre racismo clim\u00e1tico e colonialidade nas estruturas sociais e ambientais. Neste contexto, a pesquisadora destacou como as popula\u00e7\u00f5es negras, ind\u00edgenas e perif\u00e9ricas s\u00e3o as mais impactadas pelas mudan\u00e7as clim\u00e1ticas, ainda que historicamente tenham contribu\u00eddo menos para sua intensifica\u00e7\u00e3o.<\/p>\n\n\n\n<div style=\"height:20px\" aria-hidden=\"true\" class=\"wp-block-spacer\"><\/div>\n\n\n\n<p>Segundo ela, as tem\u00e1ticas evidenciam como o racismo estrutural e a l\u00f3gica colonial ainda orientam decis\u00f5es pol\u00edticas, econ\u00f4micas e ambientais, levando \u00e0 invisibiliza\u00e7\u00e3o de saberes tradicionais, ao deslocamento for\u00e7ado de comunidades e \u00e0 concentra\u00e7\u00e3o de recursos em regi\u00f5es privilegiadas.<\/p>\n\n\n\n<div style=\"height:20px\" aria-hidden=\"true\" class=\"wp-block-spacer\"><\/div>\n\n\n\n<p>Por todas essas quest\u00f5es, Fl\u00e1via provocou reflex\u00f5es sobre a necessidade de descolonizar a agenda ambiental, colocando os povos do Sul Global, especialmente da Amaz\u00f4nia, como protagonistas nas solu\u00e7\u00f5es clim\u00e1ticas. Ela entregou um chamado urgente \u00e0 consci\u00eancia coletiva. Em uma fala intensa, atravessada por dados, exemplos reais e reflex\u00f5es profundas, Fl\u00e1via exp\u00f4s as m\u00faltiplas camadas de opress\u00e3o que estruturam a sociedade brasileira e alertou: \u201cn\u00e3o, n\u00e3o somos todos humanos, n\u00e3o enquanto houver silenciamento e normaliza\u00e7\u00e3o da viol\u00eancia.\u201d Para ela, a explora\u00e7\u00e3o da natureza caminha junto com a explora\u00e7\u00e3o dos corpos racializados, ou seja, a colonialidade se atualiza constantemente nas formas de organiza\u00e7\u00e3o social, pol\u00edtica e econ\u00f4mica do pa\u00eds. \u201cO privil\u00e9gio de uns se constr\u00f3i em cima da aus\u00eancia de direitos de muitos\u201d, assegura.<\/p>\n\n\n\n<figure class=\"wp-block-image size-large\"><img decoding=\"async\" width=\"1024\" height=\"683\" src=\"https:\/\/portalfadesp.org.br\/wp-content\/uploads\/2025\/07\/ARY0465-1024x683.jpg\" alt=\"\" class=\"wp-image-51359\" srcset=\"https:\/\/portalfadesp.org.br\/wp-content\/uploads\/2025\/07\/ARY0465-1024x683.jpg 1024w, https:\/\/portalfadesp.org.br\/wp-content\/uploads\/2025\/07\/ARY0465-300x200.jpg 300w, https:\/\/portalfadesp.org.br\/wp-content\/uploads\/2025\/07\/ARY0465-768x512.jpg 768w, https:\/\/portalfadesp.org.br\/wp-content\/uploads\/2025\/07\/ARY0465-1536x1025.jpg 1536w, https:\/\/portalfadesp.org.br\/wp-content\/uploads\/2025\/07\/ARY0465-2048x1366.jpg 2048w\" sizes=\"(max-width: 1024px) 100vw, 1024px\" \/><\/figure>\n\n\n\n<div style=\"height:20px\" aria-hidden=\"true\" class=\"wp-block-spacer\"><\/div>\n\n\n\n<p>Ao responder a uma pergunta encaminhada pelo p\u00fablico, Fl\u00e1via Ribeiro se emocionou ao lembrar de fatos que marcaram sua inf\u00e2ncia e a de sua fam\u00edlia,&nbsp; experi\u00eancias \u00edntimas que revelam o quanto o racismo estrutura at\u00e9 mesmo os espa\u00e7os mais l\u00fadicos das crian\u00e7as. Em um dos momentos mais marcantes de sua fala, ela relembrou o desejo de ser paquita nos anos 1980, um sonho aparentemente inocente, mas que, para uma menina negra da periferia de Bel\u00e9m, era imposs\u00edvel. \u201cEu sabia dan\u00e7ar, mas eu n\u00e3o tinha bota, n\u00e3o tinha dinheiro, n\u00e3o tinha cabelo liso, nem olho claro. Nem na inf\u00e2ncia, quando tudo que a gente quer \u00e9 brincar, eu podia ser paquita\u201d, relatou. Essa impossibilidade, segundo Fl\u00e1via, vai al\u00e9m da est\u00e9tica: \u00e9 o reflexo de um pa\u00eds onde a inf\u00e2ncia negra ainda \u00e9 marcada pela exclus\u00e3o e pelo silenciamento.<\/p>\n\n\n\n<div style=\"height:20px\" aria-hidden=\"true\" class=\"wp-block-spacer\"><\/div>\n\n\n\n<p>Fl\u00e1via tamb\u00e9m denuncia o apagamento da negritude e o racismo estrutural contra a Amaz\u00f4nia. Ela relembrou epis\u00f3dios como o apag\u00e3o no Amap\u00e1 durante a pandemia, quando muitos brasileiros sequer sabiam localizar o estado no mapa. \u201cAs pessoas achavam que era no Nordeste. E isso n\u00e3o \u00e9 piada\u201d, afirmou. Ela tamb\u00e9m compartilhou experi\u00eancias que mostram como o racismo institucional impede a centralidade da negritude nas decis\u00f5es e eventos pol\u00edticos, mesmo em regi\u00f5es onde negros s\u00e3o a maioria da popula\u00e7\u00e3o. Um exemplo foi a organiza\u00e7\u00e3o da Marcha das Mulheres Negras em Bel\u00e9m, realizada desde 2016. Em uma das edi\u00e7\u00f5es, um dan\u00e7arino colombiano a abordou, surpreso com sua presen\u00e7a: \u201cL\u00e1 onde eu moro, as pessoas n\u00e3o sabem que tem negros aqui\u201d. A fala resume a dimens\u00e3o global do apagamento dos povos negros amaz\u00f4nicos.<\/p>\n\n\n\n<div style=\"height:20px\" aria-hidden=\"true\" class=\"wp-block-spacer\"><\/div>\n\n\n\n<p>A pesquisadora e ativista concluiu a palestra interagindo com os participantes e estimulando \u00e0 busca por informa\u00e7\u00f5es e novas percep\u00e7\u00f5es acerca das tem\u00e1ticas debatidas no encontro. \u201cEssas ideias precisam ser plantadas. E outras, que est\u00e3o aqui dentro da nossa cabe\u00e7a, precisam ser desenraizadas\u201d, afirmou. A fala \u00e9 um chamado para romper com o senso comum, com a naturaliza\u00e7\u00e3o da desigualdade e com o conformismo diante da injusti\u00e7a. \u201cA periferia sempre foi assim, sempre alagou na Terra Firme, na Crema\u00e7\u00e3o. Mas n\u00e3o tem que ser assim. N\u00e3o precisa ser assim. Algu\u00e9m est\u00e1 sendo privilegiado enquanto outros est\u00e3o sendo prejudicados\u201d, destacou.&nbsp;<\/p>\n\n\n\n<div style=\"height:20px\" aria-hidden=\"true\" class=\"wp-block-spacer\"><\/div>\n\n\n\n<p>Fl\u00e1via evocou ainda o pensador ind\u00edgena Ailton Krenak, citando trechos do livro<strong> <\/strong>Ideias para adiar o fim do mundo. \u201cSe a Terra adoecer, n\u00f3s adoecemos juntos. N\u00e3o tem jeito de sermos pessoas saud\u00e1veis com o planeta todo quebrado\u201d, lembrou ela, refor\u00e7ando a import\u00e2ncia da sabedoria ancestral que insiste na interdepend\u00eancia entre seres humanos e natureza.&nbsp;<\/p>\n\n\n\n<div style=\"height:20px\" aria-hidden=\"true\" class=\"wp-block-spacer\"><\/div>\n\n\n\n<p>Ela finalizou a apresenta\u00e7\u00e3o com uma das frases mais simb\u00f3licas de Nego Bispo \u201cA gente \u00e9 come\u00e7o, meio e come\u00e7o\u201d , refor\u00e7ando que n\u00e3o h\u00e1 fim inevit\u00e1vel, mas sim possibilidades constantes de recome\u00e7o<strong>.<\/strong> O cuidado com a Terra, a justi\u00e7a social e a supera\u00e7\u00e3o do racismo estrutural n\u00e3o podem mais esperar.<\/p>\n\n\n\n<div style=\"height:20px\" aria-hidden=\"true\" class=\"wp-block-spacer\"><\/div>\n\n\n\n<p><strong>Texto:<\/strong> Ana Teresa Brasil &#8211; Movimento Ci\u00eancia e Vozes da Amaz\u00f4nia, com a contribui\u00e7\u00e3o de Camilla Queiroz Gaspar<\/p>\n\n\n\n<figure class=\"wp-block-gallery has-nested-images columns-default is-cropped wp-block-gallery-1 is-layout-flex wp-block-gallery-is-layout-flex\">\n<figure class=\"wp-block-image size-large\"><img decoding=\"async\" width=\"1024\" height=\"683\" data-id=\"51365\" src=\"https:\/\/portalfadesp.org.br\/wp-content\/uploads\/2025\/07\/ARY0617-1024x683.jpg\" alt=\"\" class=\"wp-image-51365\" srcset=\"https:\/\/portalfadesp.org.br\/wp-content\/uploads\/2025\/07\/ARY0617-1024x683.jpg 1024w, https:\/\/portalfadesp.org.br\/wp-content\/uploads\/2025\/07\/ARY0617-300x200.jpg 300w, https:\/\/portalfadesp.org.br\/wp-content\/uploads\/2025\/07\/ARY0617-768x512.jpg 768w, https:\/\/portalfadesp.org.br\/wp-content\/uploads\/2025\/07\/ARY0617-1536x1025.jpg 1536w, https:\/\/portalfadesp.org.br\/wp-content\/uploads\/2025\/07\/ARY0617-2048x1366.jpg 2048w\" sizes=\"(max-width: 1024px) 100vw, 1024px\" \/><\/figure>\n\n\n\n<figure class=\"wp-block-image size-large\"><img loading=\"lazy\" decoding=\"async\" width=\"1024\" height=\"683\" data-id=\"51368\" src=\"https:\/\/portalfadesp.org.br\/wp-content\/uploads\/2025\/07\/ARY0605-1024x683.jpg\" alt=\"\" class=\"wp-image-51368\" srcset=\"https:\/\/portalfadesp.org.br\/wp-content\/uploads\/2025\/07\/ARY0605-1024x683.jpg 1024w, https:\/\/portalfadesp.org.br\/wp-content\/uploads\/2025\/07\/ARY0605-300x200.jpg 300w, https:\/\/portalfadesp.org.br\/wp-content\/uploads\/2025\/07\/ARY0605-768x512.jpg 768w, https:\/\/portalfadesp.org.br\/wp-content\/uploads\/2025\/07\/ARY0605-1536x1025.jpg 1536w, https:\/\/portalfadesp.org.br\/wp-content\/uploads\/2025\/07\/ARY0605-2048x1366.jpg 2048w\" sizes=\"(max-width: 1024px) 100vw, 1024px\" \/><\/figure>\n\n\n\n<figure class=\"wp-block-image size-large\"><img loading=\"lazy\" decoding=\"async\" width=\"1024\" height=\"683\" data-id=\"51373\" src=\"https:\/\/portalfadesp.org.br\/wp-content\/uploads\/2025\/07\/ARY0602-1024x683.jpg\" alt=\"\" class=\"wp-image-51373\" srcset=\"https:\/\/portalfadesp.org.br\/wp-content\/uploads\/2025\/07\/ARY0602-1024x683.jpg 1024w, https:\/\/portalfadesp.org.br\/wp-content\/uploads\/2025\/07\/ARY0602-300x200.jpg 300w, https:\/\/portalfadesp.org.br\/wp-content\/uploads\/2025\/07\/ARY0602-768x512.jpg 768w, https:\/\/portalfadesp.org.br\/wp-content\/uploads\/2025\/07\/ARY0602-1536x1025.jpg 1536w, https:\/\/portalfadesp.org.br\/wp-content\/uploads\/2025\/07\/ARY0602-2048x1366.jpg 2048w\" sizes=\"(max-width: 1024px) 100vw, 1024px\" \/><\/figure>\n\n\n\n<figure class=\"wp-block-image size-large\"><img loading=\"lazy\" decoding=\"async\" width=\"1024\" height=\"683\" data-id=\"51372\" src=\"https:\/\/portalfadesp.org.br\/wp-content\/uploads\/2025\/07\/ARY0598-2-1024x683.jpg\" alt=\"\" class=\"wp-image-51372\" srcset=\"https:\/\/portalfadesp.org.br\/wp-content\/uploads\/2025\/07\/ARY0598-2-1024x683.jpg 1024w, https:\/\/portalfadesp.org.br\/wp-content\/uploads\/2025\/07\/ARY0598-2-300x200.jpg 300w, https:\/\/portalfadesp.org.br\/wp-content\/uploads\/2025\/07\/ARY0598-2-768x512.jpg 768w, https:\/\/portalfadesp.org.br\/wp-content\/uploads\/2025\/07\/ARY0598-2-1536x1025.jpg 1536w, https:\/\/portalfadesp.org.br\/wp-content\/uploads\/2025\/07\/ARY0598-2-2048x1366.jpg 2048w\" sizes=\"(max-width: 1024px) 100vw, 1024px\" \/><\/figure>\n\n\n\n<figure class=\"wp-block-image size-large\"><img loading=\"lazy\" decoding=\"async\" width=\"1024\" height=\"683\" data-id=\"51366\" src=\"https:\/\/portalfadesp.org.br\/wp-content\/uploads\/2025\/07\/ARY0595-1024x683.jpg\" alt=\"\" class=\"wp-image-51366\" srcset=\"https:\/\/portalfadesp.org.br\/wp-content\/uploads\/2025\/07\/ARY0595-1024x683.jpg 1024w, https:\/\/portalfadesp.org.br\/wp-content\/uploads\/2025\/07\/ARY0595-300x200.jpg 300w, https:\/\/portalfadesp.org.br\/wp-content\/uploads\/2025\/07\/ARY0595-768x512.jpg 768w, https:\/\/portalfadesp.org.br\/wp-content\/uploads\/2025\/07\/ARY0595-1536x1024.jpg 1536w, https:\/\/portalfadesp.org.br\/wp-content\/uploads\/2025\/07\/ARY0595-2048x1366.jpg 2048w\" sizes=\"(max-width: 1024px) 100vw, 1024px\" \/><\/figure>\n\n\n\n<figure class=\"wp-block-image size-large\"><img loading=\"lazy\" decoding=\"async\" width=\"1024\" height=\"683\" data-id=\"51377\" src=\"https:\/\/portalfadesp.org.br\/wp-content\/uploads\/2025\/07\/ARY0593-2-1024x683.jpg\" alt=\"\" class=\"wp-image-51377\" srcset=\"https:\/\/portalfadesp.org.br\/wp-content\/uploads\/2025\/07\/ARY0593-2-1024x683.jpg 1024w, https:\/\/portalfadesp.org.br\/wp-content\/uploads\/2025\/07\/ARY0593-2-300x200.jpg 300w, https:\/\/portalfadesp.org.br\/wp-content\/uploads\/2025\/07\/ARY0593-2-768x512.jpg 768w, https:\/\/portalfadesp.org.br\/wp-content\/uploads\/2025\/07\/ARY0593-2-1536x1025.jpg 1536w, https:\/\/portalfadesp.org.br\/wp-content\/uploads\/2025\/07\/ARY0593-2-2048x1366.jpg 2048w\" sizes=\"(max-width: 1024px) 100vw, 1024px\" \/><\/figure>\n\n\n\n<figure class=\"wp-block-image size-large\"><img loading=\"lazy\" decoding=\"async\" width=\"1024\" height=\"683\" data-id=\"51361\" src=\"https:\/\/portalfadesp.org.br\/wp-content\/uploads\/2025\/07\/ARY0553-1024x683.jpg\" alt=\"\" class=\"wp-image-51361\" srcset=\"https:\/\/portalfadesp.org.br\/wp-content\/uploads\/2025\/07\/ARY0553-1024x683.jpg 1024w, https:\/\/portalfadesp.org.br\/wp-content\/uploads\/2025\/07\/ARY0553-300x200.jpg 300w, https:\/\/portalfadesp.org.br\/wp-content\/uploads\/2025\/07\/ARY0553-768x512.jpg 768w, https:\/\/portalfadesp.org.br\/wp-content\/uploads\/2025\/07\/ARY0553-1536x1024.jpg 1536w, https:\/\/portalfadesp.org.br\/wp-content\/uploads\/2025\/07\/ARY0553-2048x1366.jpg 2048w\" sizes=\"(max-width: 1024px) 100vw, 1024px\" \/><\/figure>\n\n\n\n<figure class=\"wp-block-image size-large\"><img loading=\"lazy\" decoding=\"async\" width=\"1024\" height=\"683\" data-id=\"51370\" src=\"https:\/\/portalfadesp.org.br\/wp-content\/uploads\/2025\/07\/ARY0530-1024x683.jpg\" alt=\"\" class=\"wp-image-51370\" srcset=\"https:\/\/portalfadesp.org.br\/wp-content\/uploads\/2025\/07\/ARY0530-1024x683.jpg 1024w, https:\/\/portalfadesp.org.br\/wp-content\/uploads\/2025\/07\/ARY0530-300x200.jpg 300w, https:\/\/portalfadesp.org.br\/wp-content\/uploads\/2025\/07\/ARY0530-768x512.jpg 768w, https:\/\/portalfadesp.org.br\/wp-content\/uploads\/2025\/07\/ARY0530-1536x1025.jpg 1536w, https:\/\/portalfadesp.org.br\/wp-content\/uploads\/2025\/07\/ARY0530-2048x1366.jpg 2048w\" sizes=\"(max-width: 1024px) 100vw, 1024px\" \/><\/figure>\n\n\n\n<figure class=\"wp-block-image size-large\"><img loading=\"lazy\" decoding=\"async\" width=\"1024\" height=\"683\" data-id=\"51379\" src=\"https:\/\/portalfadesp.org.br\/wp-content\/uploads\/2025\/07\/ARY0418-1024x683.jpg\" alt=\"\" class=\"wp-image-51379\" srcset=\"https:\/\/portalfadesp.org.br\/wp-content\/uploads\/2025\/07\/ARY0418-1024x683.jpg 1024w, https:\/\/portalfadesp.org.br\/wp-content\/uploads\/2025\/07\/ARY0418-300x200.jpg 300w, https:\/\/portalfadesp.org.br\/wp-content\/uploads\/2025\/07\/ARY0418-768x512.jpg 768w, https:\/\/portalfadesp.org.br\/wp-content\/uploads\/2025\/07\/ARY0418-1536x1025.jpg 1536w, https:\/\/portalfadesp.org.br\/wp-content\/uploads\/2025\/07\/ARY0418-2048x1366.jpg 2048w\" sizes=\"(max-width: 1024px) 100vw, 1024px\" \/><\/figure>\n\n\n\n<figure class=\"wp-block-image size-large\"><img loading=\"lazy\" decoding=\"async\" width=\"1024\" height=\"683\" data-id=\"51360\" src=\"https:\/\/portalfadesp.org.br\/wp-content\/uploads\/2025\/07\/ARY0406-1024x683.jpg\" alt=\"\" class=\"wp-image-51360\" srcset=\"https:\/\/portalfadesp.org.br\/wp-content\/uploads\/2025\/07\/ARY0406-1024x683.jpg 1024w, https:\/\/portalfadesp.org.br\/wp-content\/uploads\/2025\/07\/ARY0406-300x200.jpg 300w, https:\/\/portalfadesp.org.br\/wp-content\/uploads\/2025\/07\/ARY0406-768x512.jpg 768w, https:\/\/portalfadesp.org.br\/wp-content\/uploads\/2025\/07\/ARY0406-1536x1025.jpg 1536w, https:\/\/portalfadesp.org.br\/wp-content\/uploads\/2025\/07\/ARY0406-2048x1366.jpg 2048w\" sizes=\"(max-width: 1024px) 100vw, 1024px\" \/><\/figure>\n\n\n\n<figure class=\"wp-block-image size-large\"><img loading=\"lazy\" decoding=\"async\" width=\"1024\" height=\"683\" data-id=\"51364\" src=\"https:\/\/portalfadesp.org.br\/wp-content\/uploads\/2025\/07\/ARY0396-1024x683.jpg\" alt=\"\" class=\"wp-image-51364\" srcset=\"https:\/\/portalfadesp.org.br\/wp-content\/uploads\/2025\/07\/ARY0396-1024x683.jpg 1024w, https:\/\/portalfadesp.org.br\/wp-content\/uploads\/2025\/07\/ARY0396-300x200.jpg 300w, https:\/\/portalfadesp.org.br\/wp-content\/uploads\/2025\/07\/ARY0396-768x512.jpg 768w, https:\/\/portalfadesp.org.br\/wp-content\/uploads\/2025\/07\/ARY0396-1536x1025.jpg 1536w, https:\/\/portalfadesp.org.br\/wp-content\/uploads\/2025\/07\/ARY0396-2048x1366.jpg 2048w\" sizes=\"(max-width: 1024px) 100vw, 1024px\" \/><\/figure>\n\n\n\n<figure class=\"wp-block-image size-large\"><img loading=\"lazy\" decoding=\"async\" width=\"683\" height=\"1024\" data-id=\"51363\" src=\"https:\/\/portalfadesp.org.br\/wp-content\/uploads\/2025\/07\/ARY0356-683x1024.jpg\" alt=\"\" class=\"wp-image-51363\" srcset=\"https:\/\/portalfadesp.org.br\/wp-content\/uploads\/2025\/07\/ARY0356-683x1024.jpg 683w, https:\/\/portalfadesp.org.br\/wp-content\/uploads\/2025\/07\/ARY0356-200x300.jpg 200w, https:\/\/portalfadesp.org.br\/wp-content\/uploads\/2025\/07\/ARY0356-768x1151.jpg 768w, https:\/\/portalfadesp.org.br\/wp-content\/uploads\/2025\/07\/ARY0356-1025x1536.jpg 1025w, https:\/\/portalfadesp.org.br\/wp-content\/uploads\/2025\/07\/ARY0356-1366x2048.jpg 1366w, https:\/\/portalfadesp.org.br\/wp-content\/uploads\/2025\/07\/ARY0356-scaled.jpg 1708w\" sizes=\"(max-width: 683px) 100vw, 683px\" \/><\/figure>\n\n\n\n<figure class=\"wp-block-image size-large\"><img loading=\"lazy\" decoding=\"async\" width=\"1024\" height=\"683\" data-id=\"51374\" src=\"https:\/\/portalfadesp.org.br\/wp-content\/uploads\/2025\/07\/ARY0352-1024x683.jpg\" alt=\"\" class=\"wp-image-51374\" srcset=\"https:\/\/portalfadesp.org.br\/wp-content\/uploads\/2025\/07\/ARY0352-1024x683.jpg 1024w, https:\/\/portalfadesp.org.br\/wp-content\/uploads\/2025\/07\/ARY0352-300x200.jpg 300w, https:\/\/portalfadesp.org.br\/wp-content\/uploads\/2025\/07\/ARY0352-768x512.jpg 768w, https:\/\/portalfadesp.org.br\/wp-content\/uploads\/2025\/07\/ARY0352-1536x1025.jpg 1536w, https:\/\/portalfadesp.org.br\/wp-content\/uploads\/2025\/07\/ARY0352-2048x1366.jpg 2048w\" sizes=\"(max-width: 1024px) 100vw, 1024px\" \/><\/figure>\n\n\n\n<figure class=\"wp-block-image size-large\"><img loading=\"lazy\" decoding=\"async\" width=\"1024\" height=\"683\" data-id=\"51378\" src=\"https:\/\/portalfadesp.org.br\/wp-content\/uploads\/2025\/07\/ARY0334-1024x683.jpg\" alt=\"\" class=\"wp-image-51378\" srcset=\"https:\/\/portalfadesp.org.br\/wp-content\/uploads\/2025\/07\/ARY0334-1024x683.jpg 1024w, https:\/\/portalfadesp.org.br\/wp-content\/uploads\/2025\/07\/ARY0334-300x200.jpg 300w, https:\/\/portalfadesp.org.br\/wp-content\/uploads\/2025\/07\/ARY0334-768x512.jpg 768w, https:\/\/portalfadesp.org.br\/wp-content\/uploads\/2025\/07\/ARY0334-1536x1025.jpg 1536w, https:\/\/portalfadesp.org.br\/wp-content\/uploads\/2025\/07\/ARY0334-2048x1366.jpg 2048w\" sizes=\"(max-width: 1024px) 100vw, 1024px\" \/><\/figure>\n\n\n\n<figure class=\"wp-block-image size-large\"><img loading=\"lazy\" decoding=\"async\" width=\"1024\" height=\"683\" data-id=\"51362\" src=\"https:\/\/portalfadesp.org.br\/wp-content\/uploads\/2025\/07\/ARY0322-1024x683.jpg\" alt=\"\" class=\"wp-image-51362\" srcset=\"https:\/\/portalfadesp.org.br\/wp-content\/uploads\/2025\/07\/ARY0322-1024x683.jpg 1024w, https:\/\/portalfadesp.org.br\/wp-content\/uploads\/2025\/07\/ARY0322-300x200.jpg 300w, https:\/\/portalfadesp.org.br\/wp-content\/uploads\/2025\/07\/ARY0322-768x512.jpg 768w, https:\/\/portalfadesp.org.br\/wp-content\/uploads\/2025\/07\/ARY0322-1536x1024.jpg 1536w, https:\/\/portalfadesp.org.br\/wp-content\/uploads\/2025\/07\/ARY0322-2048x1366.jpg 2048w\" sizes=\"(max-width: 1024px) 100vw, 1024px\" \/><\/figure>\n\n\n\n<figure class=\"wp-block-image size-large\"><img loading=\"lazy\" decoding=\"async\" width=\"1024\" height=\"683\" data-id=\"51371\" src=\"https:\/\/portalfadesp.org.br\/wp-content\/uploads\/2025\/07\/ARY0305-1024x683.jpg\" alt=\"\" class=\"wp-image-51371\" srcset=\"https:\/\/portalfadesp.org.br\/wp-content\/uploads\/2025\/07\/ARY0305-1024x683.jpg 1024w, https:\/\/portalfadesp.org.br\/wp-content\/uploads\/2025\/07\/ARY0305-300x200.jpg 300w, https:\/\/portalfadesp.org.br\/wp-content\/uploads\/2025\/07\/ARY0305-768x512.jpg 768w, https:\/\/portalfadesp.org.br\/wp-content\/uploads\/2025\/07\/ARY0305-1536x1025.jpg 1536w, https:\/\/portalfadesp.org.br\/wp-content\/uploads\/2025\/07\/ARY0305-2048x1366.jpg 2048w\" sizes=\"(max-width: 1024px) 100vw, 1024px\" \/><\/figure>\n\n\n\n<figure class=\"wp-block-image size-large\"><img loading=\"lazy\" decoding=\"async\" width=\"1024\" height=\"683\" data-id=\"51375\" src=\"https:\/\/portalfadesp.org.br\/wp-content\/uploads\/2025\/07\/ARY0302-1024x683.jpg\" alt=\"\" class=\"wp-image-51375\" srcset=\"https:\/\/portalfadesp.org.br\/wp-content\/uploads\/2025\/07\/ARY0302-1024x683.jpg 1024w, https:\/\/portalfadesp.org.br\/wp-content\/uploads\/2025\/07\/ARY0302-300x200.jpg 300w, https:\/\/portalfadesp.org.br\/wp-content\/uploads\/2025\/07\/ARY0302-768x512.jpg 768w, https:\/\/portalfadesp.org.br\/wp-content\/uploads\/2025\/07\/ARY0302-1536x1024.jpg 1536w, https:\/\/portalfadesp.org.br\/wp-content\/uploads\/2025\/07\/ARY0302-2048x1366.jpg 2048w\" sizes=\"(max-width: 1024px) 100vw, 1024px\" \/><\/figure>\n\n\n\n<figure class=\"wp-block-image size-large\"><img loading=\"lazy\" decoding=\"async\" width=\"1024\" height=\"683\" data-id=\"51369\" src=\"https:\/\/portalfadesp.org.br\/wp-content\/uploads\/2025\/07\/ARY0287-1024x683.jpg\" alt=\"\" class=\"wp-image-51369\" srcset=\"https:\/\/portalfadesp.org.br\/wp-content\/uploads\/2025\/07\/ARY0287-1024x683.jpg 1024w, https:\/\/portalfadesp.org.br\/wp-content\/uploads\/2025\/07\/ARY0287-300x200.jpg 300w, https:\/\/portalfadesp.org.br\/wp-content\/uploads\/2025\/07\/ARY0287-768x512.jpg 768w, https:\/\/portalfadesp.org.br\/wp-content\/uploads\/2025\/07\/ARY0287-1536x1024.jpg 1536w, https:\/\/portalfadesp.org.br\/wp-content\/uploads\/2025\/07\/ARY0287-2048x1366.jpg 2048w\" sizes=\"(max-width: 1024px) 100vw, 1024px\" \/><\/figure>\n\n\n\n<figure class=\"wp-block-image size-large\"><img loading=\"lazy\" decoding=\"async\" width=\"683\" height=\"1024\" data-id=\"51367\" src=\"https:\/\/portalfadesp.org.br\/wp-content\/uploads\/2025\/07\/ARY0258-683x1024.jpg\" alt=\"\" class=\"wp-image-51367\" srcset=\"https:\/\/portalfadesp.org.br\/wp-content\/uploads\/2025\/07\/ARY0258-683x1024.jpg 683w, https:\/\/portalfadesp.org.br\/wp-content\/uploads\/2025\/07\/ARY0258-200x300.jpg 200w, https:\/\/portalfadesp.org.br\/wp-content\/uploads\/2025\/07\/ARY0258-768x1151.jpg 768w, https:\/\/portalfadesp.org.br\/wp-content\/uploads\/2025\/07\/ARY0258-1025x1536.jpg 1025w, https:\/\/portalfadesp.org.br\/wp-content\/uploads\/2025\/07\/ARY0258-1366x2048.jpg 1366w, https:\/\/portalfadesp.org.br\/wp-content\/uploads\/2025\/07\/ARY0258-scaled.jpg 1708w\" sizes=\"(max-width: 683px) 100vw, 683px\" \/><\/figure>\n<\/figure>\n","protected":false},"excerpt":{"rendered":"<p>A jornalista, pesquisadora e ativista Fl\u00e1via Ribeiro, realizou&nbsp; na Universidade Federal do Par\u00e1, nesta quinta-feira (10 de julho), a palestra \u201cRacismo Clim\u00e1tico e Colonialidade\u201d, evento que integra a programa\u00e7\u00e3o do Programa Motir\u00f5, idealizado e desenvolvido pela Funda\u00e7\u00e3o de Amparo e Desenvolvimento da Pesquisa (FADESP), em prepara\u00e7\u00e3o para a COP-30. Diante de um audit\u00f3rio lotado, na [&hellip;]<\/p>\n","protected":false},"author":12,"featured_media":51401,"comment_status":"closed","ping_status":"closed","sticky":false,"template":"","format":"standard","meta":{"_monsterinsights_skip_tracking":false,"_monsterinsights_sitenote_active":false,"_monsterinsights_sitenote_note":"","_monsterinsights_sitenote_category":0,"footnotes":""},"categories":[1],"tags":[],"class_list":["post-51357","post","type-post","status-publish","format-standard","has-post-thumbnail","hentry","category-geral","entry","has-media"],"yoast_head":"<!-- This site is optimized with the Yoast SEO plugin v25.1 - https:\/\/yoast.com\/wordpress\/plugins\/seo\/ -->\n<title>Programa MOTIR\u00d5 realiza Palestra \u201cRacismo Clim\u00e1tico e Colonialidade\u201d na UFPA - FADESP<\/title>\n<meta name=\"robots\" content=\"index, follow, max-snippet:-1, max-image-preview:large, max-video-preview:-1\" \/>\n<link rel=\"canonical\" href=\"https:\/\/portalfadesp.org.br\/?p=51357\" \/>\n<meta property=\"og:locale\" content=\"pt_BR\" \/>\n<meta property=\"og:type\" content=\"article\" \/>\n<meta property=\"og:title\" content=\"Programa MOTIR\u00d5 realiza Palestra \u201cRacismo Clim\u00e1tico e Colonialidade\u201d na UFPA - FADESP\" \/>\n<meta property=\"og:description\" content=\"A jornalista, pesquisadora e ativista Fl\u00e1via Ribeiro, realizou&nbsp; na Universidade Federal do Par\u00e1, nesta quinta-feira (10 de julho), a palestra \u201cRacismo Clim\u00e1tico e Colonialidade\u201d, evento que integra a programa\u00e7\u00e3o do Programa Motir\u00f5, idealizado e desenvolvido pela Funda\u00e7\u00e3o de Amparo e Desenvolvimento da Pesquisa (FADESP), em prepara\u00e7\u00e3o para a COP-30. Diante de um audit\u00f3rio lotado, na [&hellip;]\" \/>\n<meta property=\"og:url\" content=\"https:\/\/portalfadesp.org.br\/?p=51357\" \/>\n<meta property=\"og:site_name\" content=\"FADESP\" \/>\n<meta property=\"article:publisher\" content=\"https:\/\/www.facebook.com\/Fadesp-138351949524662\/\" \/>\n<meta property=\"article:published_time\" content=\"2025-07-15T14:28:57+00:00\" \/>\n<meta property=\"article:modified_time\" content=\"2025-07-21T18:29:11+00:00\" \/>\n<meta property=\"og:image\" content=\"https:\/\/portalfadesp.org.br\/wp-content\/uploads\/2025\/07\/noticias-motiro.jpg\" \/>\n\t<meta property=\"og:image:width\" content=\"604\" \/>\n\t<meta property=\"og:image:height\" content=\"958\" \/>\n\t<meta property=\"og:image:type\" content=\"image\/jpeg\" \/>\n<meta name=\"author\" content=\"Brena Marques\" \/>\n<meta name=\"twitter:card\" content=\"summary_large_image\" \/>\n<meta name=\"twitter:creator\" content=\"@Fadesp\" \/>\n<meta name=\"twitter:site\" content=\"@Fadesp\" \/>\n<meta name=\"twitter:label1\" content=\"Escrito por\" \/>\n\t<meta name=\"twitter:data1\" content=\"Brena Marques\" \/>\n\t<meta name=\"twitter:label2\" content=\"Est. tempo de leitura\" \/>\n\t<meta name=\"twitter:data2\" content=\"9 minutos\" \/>\n<script type=\"application\/ld+json\" class=\"yoast-schema-graph\">{\"@context\":\"https:\/\/schema.org\",\"@graph\":[{\"@type\":\"Article\",\"@id\":\"https:\/\/portalfadesp.org.br\/?p=51357#article\",\"isPartOf\":{\"@id\":\"https:\/\/portalfadesp.org.br\/?p=51357\"},\"author\":{\"name\":\"Brena Marques\",\"@id\":\"https:\/\/portalfadesp.org.br\/#\/schema\/person\/31709c4c8ec92d6bbdd2c1da60cf8d66\"},\"headline\":\"Programa MOTIR\u00d5 realiza Palestra \u201cRacismo Clim\u00e1tico e Colonialidade\u201d na UFPA\",\"datePublished\":\"2025-07-15T14:28:57+00:00\",\"dateModified\":\"2025-07-21T18:29:11+00:00\",\"mainEntityOfPage\":{\"@id\":\"https:\/\/portalfadesp.org.br\/?p=51357\"},\"wordCount\":895,\"publisher\":{\"@id\":\"https:\/\/portalfadesp.org.br\/#organization\"},\"image\":{\"@id\":\"https:\/\/portalfadesp.org.br\/?p=51357#primaryimage\"},\"thumbnailUrl\":\"https:\/\/portalfadesp.org.br\/wp-content\/uploads\/2025\/07\/noticias-motiro.jpg\",\"articleSection\":[\"Geral\"],\"inLanguage\":\"pt-BR\"},{\"@type\":\"WebPage\",\"@id\":\"https:\/\/portalfadesp.org.br\/?p=51357\",\"url\":\"https:\/\/portalfadesp.org.br\/?p=51357\",\"name\":\"Programa MOTIR\u00d5 realiza Palestra \u201cRacismo Clim\u00e1tico e Colonialidade\u201d na UFPA - FADESP\",\"isPartOf\":{\"@id\":\"https:\/\/portalfadesp.org.br\/#website\"},\"primaryImageOfPage\":{\"@id\":\"https:\/\/portalfadesp.org.br\/?p=51357#primaryimage\"},\"image\":{\"@id\":\"https:\/\/portalfadesp.org.br\/?p=51357#primaryimage\"},\"thumbnailUrl\":\"https:\/\/portalfadesp.org.br\/wp-content\/uploads\/2025\/07\/noticias-motiro.jpg\",\"datePublished\":\"2025-07-15T14:28:57+00:00\",\"dateModified\":\"2025-07-21T18:29:11+00:00\",\"breadcrumb\":{\"@id\":\"https:\/\/portalfadesp.org.br\/?p=51357#breadcrumb\"},\"inLanguage\":\"pt-BR\",\"potentialAction\":[{\"@type\":\"ReadAction\",\"target\":[\"https:\/\/portalfadesp.org.br\/?p=51357\"]}]},{\"@type\":\"ImageObject\",\"inLanguage\":\"pt-BR\",\"@id\":\"https:\/\/portalfadesp.org.br\/?p=51357#primaryimage\",\"url\":\"https:\/\/portalfadesp.org.br\/wp-content\/uploads\/2025\/07\/noticias-motiro.jpg\",\"contentUrl\":\"https:\/\/portalfadesp.org.br\/wp-content\/uploads\/2025\/07\/noticias-motiro.jpg\",\"width\":604,\"height\":958},{\"@type\":\"BreadcrumbList\",\"@id\":\"https:\/\/portalfadesp.org.br\/?p=51357#breadcrumb\",\"itemListElement\":[{\"@type\":\"ListItem\",\"position\":1,\"name\":\"In\u00edcio\",\"item\":\"https:\/\/portalfadesp.org.br\/\"},{\"@type\":\"ListItem\",\"position\":2,\"name\":\"Programa MOTIR\u00d5 realiza Palestra \u201cRacismo Clim\u00e1tico e Colonialidade\u201d na UFPA\"}]},{\"@type\":\"WebSite\",\"@id\":\"https:\/\/portalfadesp.org.br\/#website\",\"url\":\"https:\/\/portalfadesp.org.br\/\",\"name\":\"FADESP\",\"description\":\"Funda\u00e7\u00e3o de Amparo e Desenvolvimento da Pesquisa\",\"publisher\":{\"@id\":\"https:\/\/portalfadesp.org.br\/#organization\"},\"potentialAction\":[{\"@type\":\"SearchAction\",\"target\":{\"@type\":\"EntryPoint\",\"urlTemplate\":\"https:\/\/portalfadesp.org.br\/?s={search_term_string}\"},\"query-input\":{\"@type\":\"PropertyValueSpecification\",\"valueRequired\":true,\"valueName\":\"search_term_string\"}}],\"inLanguage\":\"pt-BR\"},{\"@type\":\"Organization\",\"@id\":\"https:\/\/portalfadesp.org.br\/#organization\",\"name\":\"FADESP\",\"url\":\"https:\/\/portalfadesp.org.br\/\",\"logo\":{\"@type\":\"ImageObject\",\"inLanguage\":\"pt-BR\",\"@id\":\"https:\/\/portalfadesp.org.br\/#\/schema\/logo\/image\/\",\"url\":\"https:\/\/portalfadesp.org.br\/wp-content\/uploads\/2024\/01\/NOVOLOGOFADESPlaranjaH.png\",\"contentUrl\":\"https:\/\/portalfadesp.org.br\/wp-content\/uploads\/2024\/01\/NOVOLOGOFADESPlaranjaH.png\",\"width\":2742,\"height\":839,\"caption\":\"FADESP\"},\"image\":{\"@id\":\"https:\/\/portalfadesp.org.br\/#\/schema\/logo\/image\/\"},\"sameAs\":[\"https:\/\/www.facebook.com\/Fadesp-138351949524662\/\",\"https:\/\/x.com\/Fadesp\",\"https:\/\/www.instagram.com\/fadesp_ufpa\/\",\"https:\/\/www.youtube.com\/@fundacaodeamparoedesenvolv1903\",\"https:\/\/www.threads.net\/@fadesp_ufpa\"]},{\"@type\":\"Person\",\"@id\":\"https:\/\/portalfadesp.org.br\/#\/schema\/person\/31709c4c8ec92d6bbdd2c1da60cf8d66\",\"name\":\"Brena Marques\",\"image\":{\"@type\":\"ImageObject\",\"inLanguage\":\"pt-BR\",\"@id\":\"https:\/\/portalfadesp.org.br\/#\/schema\/person\/image\/\",\"url\":\"https:\/\/secure.gravatar.com\/avatar\/d8709cd0de324fbec018b6878350216726d26c3436f44ebee8f3db75e29728f3?s=96&d=mm&r=g\",\"contentUrl\":\"https:\/\/secure.gravatar.com\/avatar\/d8709cd0de324fbec018b6878350216726d26c3436f44ebee8f3db75e29728f3?s=96&d=mm&r=g\",\"caption\":\"Brena Marques\"},\"url\":\"https:\/\/portalfadesp.org.br\/?author=12\"}]}<\/script>\n<!-- \/ Yoast SEO plugin. -->","yoast_head_json":{"title":"Programa MOTIR\u00d5 realiza Palestra \u201cRacismo Clim\u00e1tico e Colonialidade\u201d na UFPA - FADESP","robots":{"index":"index","follow":"follow","max-snippet":"max-snippet:-1","max-image-preview":"max-image-preview:large","max-video-preview":"max-video-preview:-1"},"canonical":"https:\/\/portalfadesp.org.br\/?p=51357","og_locale":"pt_BR","og_type":"article","og_title":"Programa MOTIR\u00d5 realiza Palestra \u201cRacismo Clim\u00e1tico e Colonialidade\u201d na UFPA - FADESP","og_description":"A jornalista, pesquisadora e ativista Fl\u00e1via Ribeiro, realizou&nbsp; na Universidade Federal do Par\u00e1, nesta quinta-feira (10 de julho), a palestra \u201cRacismo Clim\u00e1tico e Colonialidade\u201d, evento que integra a programa\u00e7\u00e3o do Programa Motir\u00f5, idealizado e desenvolvido pela Funda\u00e7\u00e3o de Amparo e Desenvolvimento da Pesquisa (FADESP), em prepara\u00e7\u00e3o para a COP-30. Diante de um audit\u00f3rio lotado, na [&hellip;]","og_url":"https:\/\/portalfadesp.org.br\/?p=51357","og_site_name":"FADESP","article_publisher":"https:\/\/www.facebook.com\/Fadesp-138351949524662\/","article_published_time":"2025-07-15T14:28:57+00:00","article_modified_time":"2025-07-21T18:29:11+00:00","og_image":[{"width":604,"height":958,"url":"https:\/\/portalfadesp.org.br\/wp-content\/uploads\/2025\/07\/noticias-motiro.jpg","type":"image\/jpeg"}],"author":"Brena Marques","twitter_card":"summary_large_image","twitter_creator":"@Fadesp","twitter_site":"@Fadesp","twitter_misc":{"Escrito por":"Brena Marques","Est. tempo de leitura":"9 minutos"},"schema":{"@context":"https:\/\/schema.org","@graph":[{"@type":"Article","@id":"https:\/\/portalfadesp.org.br\/?p=51357#article","isPartOf":{"@id":"https:\/\/portalfadesp.org.br\/?p=51357"},"author":{"name":"Brena Marques","@id":"https:\/\/portalfadesp.org.br\/#\/schema\/person\/31709c4c8ec92d6bbdd2c1da60cf8d66"},"headline":"Programa MOTIR\u00d5 realiza Palestra \u201cRacismo Clim\u00e1tico e Colonialidade\u201d na UFPA","datePublished":"2025-07-15T14:28:57+00:00","dateModified":"2025-07-21T18:29:11+00:00","mainEntityOfPage":{"@id":"https:\/\/portalfadesp.org.br\/?p=51357"},"wordCount":895,"publisher":{"@id":"https:\/\/portalfadesp.org.br\/#organization"},"image":{"@id":"https:\/\/portalfadesp.org.br\/?p=51357#primaryimage"},"thumbnailUrl":"https:\/\/portalfadesp.org.br\/wp-content\/uploads\/2025\/07\/noticias-motiro.jpg","articleSection":["Geral"],"inLanguage":"pt-BR"},{"@type":"WebPage","@id":"https:\/\/portalfadesp.org.br\/?p=51357","url":"https:\/\/portalfadesp.org.br\/?p=51357","name":"Programa MOTIR\u00d5 realiza Palestra \u201cRacismo Clim\u00e1tico e Colonialidade\u201d na UFPA - FADESP","isPartOf":{"@id":"https:\/\/portalfadesp.org.br\/#website"},"primaryImageOfPage":{"@id":"https:\/\/portalfadesp.org.br\/?p=51357#primaryimage"},"image":{"@id":"https:\/\/portalfadesp.org.br\/?p=51357#primaryimage"},"thumbnailUrl":"https:\/\/portalfadesp.org.br\/wp-content\/uploads\/2025\/07\/noticias-motiro.jpg","datePublished":"2025-07-15T14:28:57+00:00","dateModified":"2025-07-21T18:29:11+00:00","breadcrumb":{"@id":"https:\/\/portalfadesp.org.br\/?p=51357#breadcrumb"},"inLanguage":"pt-BR","potentialAction":[{"@type":"ReadAction","target":["https:\/\/portalfadesp.org.br\/?p=51357"]}]},{"@type":"ImageObject","inLanguage":"pt-BR","@id":"https:\/\/portalfadesp.org.br\/?p=51357#primaryimage","url":"https:\/\/portalfadesp.org.br\/wp-content\/uploads\/2025\/07\/noticias-motiro.jpg","contentUrl":"https:\/\/portalfadesp.org.br\/wp-content\/uploads\/2025\/07\/noticias-motiro.jpg","width":604,"height":958},{"@type":"BreadcrumbList","@id":"https:\/\/portalfadesp.org.br\/?p=51357#breadcrumb","itemListElement":[{"@type":"ListItem","position":1,"name":"In\u00edcio","item":"https:\/\/portalfadesp.org.br\/"},{"@type":"ListItem","position":2,"name":"Programa MOTIR\u00d5 realiza Palestra \u201cRacismo Clim\u00e1tico e Colonialidade\u201d na UFPA"}]},{"@type":"WebSite","@id":"https:\/\/portalfadesp.org.br\/#website","url":"https:\/\/portalfadesp.org.br\/","name":"FADESP","description":"Funda\u00e7\u00e3o de Amparo e Desenvolvimento da Pesquisa","publisher":{"@id":"https:\/\/portalfadesp.org.br\/#organization"},"potentialAction":[{"@type":"SearchAction","target":{"@type":"EntryPoint","urlTemplate":"https:\/\/portalfadesp.org.br\/?s={search_term_string}"},"query-input":{"@type":"PropertyValueSpecification","valueRequired":true,"valueName":"search_term_string"}}],"inLanguage":"pt-BR"},{"@type":"Organization","@id":"https:\/\/portalfadesp.org.br\/#organization","name":"FADESP","url":"https:\/\/portalfadesp.org.br\/","logo":{"@type":"ImageObject","inLanguage":"pt-BR","@id":"https:\/\/portalfadesp.org.br\/#\/schema\/logo\/image\/","url":"https:\/\/portalfadesp.org.br\/wp-content\/uploads\/2024\/01\/NOVOLOGOFADESPlaranjaH.png","contentUrl":"https:\/\/portalfadesp.org.br\/wp-content\/uploads\/2024\/01\/NOVOLOGOFADESPlaranjaH.png","width":2742,"height":839,"caption":"FADESP"},"image":{"@id":"https:\/\/portalfadesp.org.br\/#\/schema\/logo\/image\/"},"sameAs":["https:\/\/www.facebook.com\/Fadesp-138351949524662\/","https:\/\/x.com\/Fadesp","https:\/\/www.instagram.com\/fadesp_ufpa\/","https:\/\/www.youtube.com\/@fundacaodeamparoedesenvolv1903","https:\/\/www.threads.net\/@fadesp_ufpa"]},{"@type":"Person","@id":"https:\/\/portalfadesp.org.br\/#\/schema\/person\/31709c4c8ec92d6bbdd2c1da60cf8d66","name":"Brena Marques","image":{"@type":"ImageObject","inLanguage":"pt-BR","@id":"https:\/\/portalfadesp.org.br\/#\/schema\/person\/image\/","url":"https:\/\/secure.gravatar.com\/avatar\/d8709cd0de324fbec018b6878350216726d26c3436f44ebee8f3db75e29728f3?s=96&d=mm&r=g","contentUrl":"https:\/\/secure.gravatar.com\/avatar\/d8709cd0de324fbec018b6878350216726d26c3436f44ebee8f3db75e29728f3?s=96&d=mm&r=g","caption":"Brena Marques"},"url":"https:\/\/portalfadesp.org.br\/?author=12"}]}},"_links":{"self":[{"href":"https:\/\/portalfadesp.org.br\/index.php?rest_route=\/wp\/v2\/posts\/51357","targetHints":{"allow":["GET"]}}],"collection":[{"href":"https:\/\/portalfadesp.org.br\/index.php?rest_route=\/wp\/v2\/posts"}],"about":[{"href":"https:\/\/portalfadesp.org.br\/index.php?rest_route=\/wp\/v2\/types\/post"}],"author":[{"embeddable":true,"href":"https:\/\/portalfadesp.org.br\/index.php?rest_route=\/wp\/v2\/users\/12"}],"replies":[{"embeddable":true,"href":"https:\/\/portalfadesp.org.br\/index.php?rest_route=%2Fwp%2Fv2%2Fcomments&post=51357"}],"version-history":[{"count":3,"href":"https:\/\/portalfadesp.org.br\/index.php?rest_route=\/wp\/v2\/posts\/51357\/revisions"}],"predecessor-version":[{"id":51523,"href":"https:\/\/portalfadesp.org.br\/index.php?rest_route=\/wp\/v2\/posts\/51357\/revisions\/51523"}],"wp:featuredmedia":[{"embeddable":true,"href":"https:\/\/portalfadesp.org.br\/index.php?rest_route=\/wp\/v2\/media\/51401"}],"wp:attachment":[{"href":"https:\/\/portalfadesp.org.br\/index.php?rest_route=%2Fwp%2Fv2%2Fmedia&parent=51357"}],"wp:term":[{"taxonomy":"category","embeddable":true,"href":"https:\/\/portalfadesp.org.br\/index.php?rest_route=%2Fwp%2Fv2%2Fcategories&post=51357"},{"taxonomy":"post_tag","embeddable":true,"href":"https:\/\/portalfadesp.org.br\/index.php?rest_route=%2Fwp%2Fv2%2Ftags&post=51357"}],"curies":[{"name":"wp","href":"https:\/\/api.w.org\/{rel}","templated":true}]}}