{"id":51259,"date":"2025-07-04T11:53:21","date_gmt":"2025-07-04T14:53:21","guid":{"rendered":"https:\/\/portalfadesp.org.br\/?p=51259"},"modified":"2025-12-05T08:52:25","modified_gmt":"2025-12-05T11:52:25","slug":"em-restauro-o-conjunto-mercedarios-de-belem-reafirma-seu-valor-como-patrimonio-historico-simbolico-e-cultural-da-amazonia","status":"publish","type":"post","link":"https:\/\/portalfadesp.org.br\/?p=51259","title":{"rendered":"EM RESTAURO, O CONJUNTO MERCED\u00c1RIOS DE BEL\u00c9M REAFIRMA SEU VALOR COMO PATRIM\u00d4NIO HIST\u00d3RICO, SIMB\u00d3LICO E CULTURAL DA AMAZ\u00d4NIA"},"content":{"rendered":"\n<figure class=\"wp-block-image size-full is-style-default\"><img fetchpriority=\"high\" decoding=\"async\" width=\"2500\" height=\"1630\" src=\"https:\/\/portalfadesp.org.br\/wp-content\/uploads\/2025\/07\/Mercedarios_aerea_tratada.jpg\" alt=\"\" class=\"wp-image-51270\" srcset=\"https:\/\/portalfadesp.org.br\/wp-content\/uploads\/2025\/07\/Mercedarios_aerea_tratada.jpg 2500w, https:\/\/portalfadesp.org.br\/wp-content\/uploads\/2025\/07\/Mercedarios_aerea_tratada-300x196.jpg 300w, https:\/\/portalfadesp.org.br\/wp-content\/uploads\/2025\/07\/Mercedarios_aerea_tratada-1024x668.jpg 1024w, https:\/\/portalfadesp.org.br\/wp-content\/uploads\/2025\/07\/Mercedarios_aerea_tratada-768x501.jpg 768w, https:\/\/portalfadesp.org.br\/wp-content\/uploads\/2025\/07\/Mercedarios_aerea_tratada-1536x1001.jpg 1536w, https:\/\/portalfadesp.org.br\/wp-content\/uploads\/2025\/07\/Mercedarios_aerea_tratada-2048x1335.jpg 2048w\" sizes=\"(max-width: 2500px) 100vw, 2500px\" \/><\/figure>\n\n\n\n<p>Bel\u00e9m (PA), julho de 2025 \u2014 Em andamento desde dezembro de 2024, a obra de restaura\u00e7\u00e3o e reabilita\u00e7\u00e3o do Conjunto dos Merced\u00e1rios \u2014 composto pela Igreja e pelo antigo Convento de Nossa Senhora das Merc\u00eas \u2014 representa um dos mais significativos investimentos na preserva\u00e7\u00e3o do patrim\u00f4nio hist\u00f3rico e simb\u00f3lico da Amaz\u00f4nia. Localizado no centro hist\u00f3rico de Bel\u00e9m, o conjunto \u00e9 palco de mais de tr\u00eas s\u00e9culos de hist\u00f3ria religiosa, institucional e pol\u00edtica, marcando profundamente a paisagem urbana e a mem\u00f3ria da cidade.<\/p>\n\n\n\n<div style=\"height:20px\" aria-hidden=\"true\" class=\"wp-block-spacer\"><\/div>\n\n\n\n<p><br>A interven\u00e7\u00e3o \u00e9 realizada com recursos da Lei Federal de Incentivo \u00e0 Cultura, com apoio financeiro do<strong><a href=\"https:\/\/www.bndes.gov.br\/wps\/portal\/site\/home\"> BNDES<\/a><\/strong> e patroc\u00ednio do Instituto Cultural Vale. O projeto, or\u00e7ado em R$ 33.500.012,19, tem execu\u00e7\u00e3o coordenada pela Funda\u00e7\u00e3o de Amparo e Desenvolvimento da Pesquisa (FADESP) e participa\u00e7\u00e3o de institui\u00e7\u00f5es como a Universidade Federal do Par\u00e1 (por meio do Laborat\u00f3rio de Conserva\u00e7\u00e3o, Restaura\u00e7\u00e3o e Reabilita\u00e7\u00e3o \u2013 LACORE), o Instituto do Patrim\u00f4nio Hist\u00f3rico e Art\u00edstico Nacional (Iphan), a Arquidiocese de Bel\u00e9m e a empresa GM Engenharia. A conclus\u00e3o est\u00e1 prevista para junho de 2027.<\/p>\n\n\n\n<div style=\"height:20px\" aria-hidden=\"true\" class=\"wp-block-spacer\"><\/div>\n\n\n\n<p><br>Erguido a partir de 1640, o conjunto foi a primeira funda\u00e7\u00e3o da Ordem de Nossa Senhora das Merc\u00eas no Brasil, trazida da cidade de Quito a pedido do capit\u00e3o Pedro Teixeira. A igreja, dedicada \u00e0 padroeira dos cativos, \u00e9 s\u00edmbolo de f\u00e9, liberdade e resist\u00eancia espiritual. J\u00e1 o convento passou a assumir diferentes fun\u00e7\u00f5es ao longo dos s\u00e9culos: alf\u00e2ndega, arsenal, reparti\u00e7\u00f5es p\u00fablicas e, mais tarde, sede institucional da UFPA. O local foi ainda um dos principais palcos da Cabanagem, sendo alvo de intensos combates e cen\u00e1rio da morte do l\u00edder cabano Ant\u00f4nio Vinagre.<\/p>\n\n\n\n<div style=\"height:19px\" aria-hidden=\"true\" class=\"wp-block-spacer\"><\/div>\n\n\n\n<p><br>O projeto de restauro reconhece o conjunto como um \u201cterrit\u00f3rio m\u00faltiplo\u201d \u2014 sagrado, de batalha e institucional \u2014 onde os valores hist\u00f3ricos, simb\u00f3licos e arquitet\u00f4nicos se entrela\u00e7am. As a\u00e7\u00f5es envolvem desde a conserva\u00e7\u00e3o de elementos remanescentes (como cantaria, forros e talhas) at\u00e9 a requalifica\u00e7\u00e3o dos jardins, da fachada e dos interiores, com inser\u00e7\u00e3o de novos usos e garantia de acessibilidade.<\/p>\n\n\n\n<div style=\"height:20px\" aria-hidden=\"true\" class=\"wp-block-spacer\"><\/div>\n\n\n\n<p><br>Os conceitos norteadores da interven\u00e7\u00e3o incluem o respeito \u00e0s estruturas preexistentes, o resgate de elementos perdidos, a adequa\u00e7\u00e3o de interven\u00e7\u00f5es indevidas e a valoriza\u00e7\u00e3o do conjunto como bem cultural vivo. A restaura\u00e7\u00e3o do Conjunto dos Merced\u00e1rios n\u00e3o \u00e9 apenas uma a\u00e7\u00e3o t\u00e9cnica: trata-se de um gesto de reconhecimento da profunda import\u00e2ncia deste espa\u00e7o para a hist\u00f3ria do Par\u00e1 e do Brasil. Ao final das obras, os espa\u00e7os restaurados estar\u00e3o abertos \u00e0 visita\u00e7\u00e3o p\u00fablica e a novos usos culturais e educativos, reafirmando o valor da preserva\u00e7\u00e3o como pol\u00edtica de mem\u00f3ria, cidadania e futuro.<\/p>\n\n\n\n<figure class=\"wp-block-image size-large\"><a href=\"https:\/\/www.bndes.gov.br\/wps\/portal\/site\/home\"><img decoding=\"async\" width=\"728\" height=\"90\" src=\"https:\/\/portalfadesp.org.br\/wp-content\/uploads\/2025\/07\/instituicao_728x90.gif\" alt=\"\" class=\"wp-image-51260\"\/><\/a><\/figure>\n\n\n\n<p><\/p>\n","protected":false},"excerpt":{"rendered":"<p>Bel\u00e9m (PA), julho de 2025 \u2014 Em andamento desde dezembro de 2024, a obra de restaura\u00e7\u00e3o e reabilita\u00e7\u00e3o do Conjunto dos Merced\u00e1rios \u2014 composto pela Igreja e pelo antigo Convento de Nossa Senhora das Merc\u00eas \u2014 representa um dos mais significativos investimentos na preserva\u00e7\u00e3o do patrim\u00f4nio hist\u00f3rico e simb\u00f3lico da Amaz\u00f4nia. Localizado no centro hist\u00f3rico [&hellip;]<\/p>\n","protected":false},"author":12,"featured_media":51270,"comment_status":"closed","ping_status":"closed","sticky":false,"template":"","format":"standard","meta":{"_monsterinsights_skip_tracking":false,"_monsterinsights_sitenote_active":false,"_monsterinsights_sitenote_note":"","_monsterinsights_sitenote_category":0,"footnotes":""},"categories":[1],"tags":[],"class_list":["post-51259","post","type-post","status-publish","format-standard","has-post-thumbnail","hentry","category-geral","entry","has-media"],"yoast_head":"<!-- This site is optimized with the Yoast SEO plugin v25.1 - https:\/\/yoast.com\/wordpress\/plugins\/seo\/ -->\n<title>EM RESTAURO, O CONJUNTO MERCED\u00c1RIOS DE BEL\u00c9M REAFIRMA SEU VALOR COMO PATRIM\u00d4NIO HIST\u00d3RICO, SIMB\u00d3LICO E CULTURAL DA AMAZ\u00d4NIA - FADESP<\/title>\n<meta name=\"robots\" content=\"index, follow, max-snippet:-1, max-image-preview:large, max-video-preview:-1\" \/>\n<link rel=\"canonical\" href=\"https:\/\/portalfadesp.org.br\/?p=51259\" \/>\n<meta property=\"og:locale\" content=\"pt_BR\" \/>\n<meta property=\"og:type\" content=\"article\" \/>\n<meta property=\"og:title\" content=\"EM RESTAURO, O CONJUNTO MERCED\u00c1RIOS DE BEL\u00c9M REAFIRMA SEU VALOR COMO PATRIM\u00d4NIO HIST\u00d3RICO, SIMB\u00d3LICO E CULTURAL DA AMAZ\u00d4NIA - FADESP\" \/>\n<meta property=\"og:description\" content=\"Bel\u00e9m (PA), julho de 2025 \u2014 Em andamento desde dezembro de 2024, a obra de restaura\u00e7\u00e3o e reabilita\u00e7\u00e3o do Conjunto dos Merced\u00e1rios \u2014 composto pela Igreja e pelo antigo Convento de Nossa Senhora das Merc\u00eas \u2014 representa um dos mais significativos investimentos na preserva\u00e7\u00e3o do patrim\u00f4nio hist\u00f3rico e simb\u00f3lico da Amaz\u00f4nia. Localizado no centro hist\u00f3rico [&hellip;]\" \/>\n<meta property=\"og:url\" content=\"https:\/\/portalfadesp.org.br\/?p=51259\" \/>\n<meta property=\"og:site_name\" content=\"FADESP\" \/>\n<meta property=\"article:publisher\" content=\"https:\/\/www.facebook.com\/Fadesp-138351949524662\/\" \/>\n<meta property=\"article:published_time\" content=\"2025-07-04T14:53:21+00:00\" \/>\n<meta property=\"article:modified_time\" content=\"2025-12-05T11:52:25+00:00\" \/>\n<meta property=\"og:image\" content=\"https:\/\/portalfadesp.org.br\/wp-content\/uploads\/2025\/07\/Mercedarios_aerea_tratada-1024x668.jpg\" \/>\n\t<meta property=\"og:image:width\" content=\"1024\" \/>\n\t<meta property=\"og:image:height\" content=\"668\" \/>\n\t<meta property=\"og:image:type\" content=\"image\/jpeg\" \/>\n<meta name=\"author\" content=\"Brena Marques\" \/>\n<meta name=\"twitter:card\" content=\"summary_large_image\" \/>\n<meta name=\"twitter:creator\" content=\"@Fadesp\" \/>\n<meta name=\"twitter:site\" content=\"@Fadesp\" \/>\n<meta name=\"twitter:label1\" content=\"Escrito por\" \/>\n\t<meta name=\"twitter:data1\" content=\"Brena Marques\" \/>\n\t<meta name=\"twitter:label2\" content=\"Est. tempo de leitura\" \/>\n\t<meta name=\"twitter:data2\" content=\"3 minutos\" \/>\n<script type=\"application\/ld+json\" class=\"yoast-schema-graph\">{\"@context\":\"https:\/\/schema.org\",\"@graph\":[{\"@type\":\"Article\",\"@id\":\"https:\/\/portalfadesp.org.br\/?p=51259#article\",\"isPartOf\":{\"@id\":\"https:\/\/portalfadesp.org.br\/?p=51259\"},\"author\":{\"name\":\"Brena Marques\",\"@id\":\"https:\/\/portalfadesp.org.br\/#\/schema\/person\/31709c4c8ec92d6bbdd2c1da60cf8d66\"},\"headline\":\"EM RESTAURO, O CONJUNTO MERCED\u00c1RIOS DE BEL\u00c9M REAFIRMA SEU VALOR COMO PATRIM\u00d4NIO HIST\u00d3RICO, SIMB\u00d3LICO E CULTURAL DA AMAZ\u00d4NIA\",\"datePublished\":\"2025-07-04T14:53:21+00:00\",\"dateModified\":\"2025-12-05T11:52:25+00:00\",\"mainEntityOfPage\":{\"@id\":\"https:\/\/portalfadesp.org.br\/?p=51259\"},\"wordCount\":497,\"publisher\":{\"@id\":\"https:\/\/portalfadesp.org.br\/#organization\"},\"image\":{\"@id\":\"https:\/\/portalfadesp.org.br\/?p=51259#primaryimage\"},\"thumbnailUrl\":\"https:\/\/portalfadesp.org.br\/wp-content\/uploads\/2025\/07\/Mercedarios_aerea_tratada.jpg\",\"articleSection\":[\"Geral\"],\"inLanguage\":\"pt-BR\"},{\"@type\":\"WebPage\",\"@id\":\"https:\/\/portalfadesp.org.br\/?p=51259\",\"url\":\"https:\/\/portalfadesp.org.br\/?p=51259\",\"name\":\"EM RESTAURO, O CONJUNTO MERCED\u00c1RIOS DE BEL\u00c9M REAFIRMA SEU VALOR COMO PATRIM\u00d4NIO HIST\u00d3RICO, SIMB\u00d3LICO E CULTURAL DA AMAZ\u00d4NIA - FADESP\",\"isPartOf\":{\"@id\":\"https:\/\/portalfadesp.org.br\/#website\"},\"primaryImageOfPage\":{\"@id\":\"https:\/\/portalfadesp.org.br\/?p=51259#primaryimage\"},\"image\":{\"@id\":\"https:\/\/portalfadesp.org.br\/?p=51259#primaryimage\"},\"thumbnailUrl\":\"https:\/\/portalfadesp.org.br\/wp-content\/uploads\/2025\/07\/Mercedarios_aerea_tratada.jpg\",\"datePublished\":\"2025-07-04T14:53:21+00:00\",\"dateModified\":\"2025-12-05T11:52:25+00:00\",\"breadcrumb\":{\"@id\":\"https:\/\/portalfadesp.org.br\/?p=51259#breadcrumb\"},\"inLanguage\":\"pt-BR\",\"potentialAction\":[{\"@type\":\"ReadAction\",\"target\":[\"https:\/\/portalfadesp.org.br\/?p=51259\"]}]},{\"@type\":\"ImageObject\",\"inLanguage\":\"pt-BR\",\"@id\":\"https:\/\/portalfadesp.org.br\/?p=51259#primaryimage\",\"url\":\"https:\/\/portalfadesp.org.br\/wp-content\/uploads\/2025\/07\/Mercedarios_aerea_tratada.jpg\",\"contentUrl\":\"https:\/\/portalfadesp.org.br\/wp-content\/uploads\/2025\/07\/Mercedarios_aerea_tratada.jpg\",\"width\":2500,\"height\":1630},{\"@type\":\"BreadcrumbList\",\"@id\":\"https:\/\/portalfadesp.org.br\/?p=51259#breadcrumb\",\"itemListElement\":[{\"@type\":\"ListItem\",\"position\":1,\"name\":\"In\u00edcio\",\"item\":\"https:\/\/portalfadesp.org.br\/\"},{\"@type\":\"ListItem\",\"position\":2,\"name\":\"EM RESTAURO, O CONJUNTO MERCED\u00c1RIOS DE BEL\u00c9M REAFIRMA SEU VALOR COMO PATRIM\u00d4NIO HIST\u00d3RICO, SIMB\u00d3LICO E CULTURAL DA AMAZ\u00d4NIA\"}]},{\"@type\":\"WebSite\",\"@id\":\"https:\/\/portalfadesp.org.br\/#website\",\"url\":\"https:\/\/portalfadesp.org.br\/\",\"name\":\"FADESP\",\"description\":\"Funda\u00e7\u00e3o de Amparo e Desenvolvimento da Pesquisa\",\"publisher\":{\"@id\":\"https:\/\/portalfadesp.org.br\/#organization\"},\"potentialAction\":[{\"@type\":\"SearchAction\",\"target\":{\"@type\":\"EntryPoint\",\"urlTemplate\":\"https:\/\/portalfadesp.org.br\/?s={search_term_string}\"},\"query-input\":{\"@type\":\"PropertyValueSpecification\",\"valueRequired\":true,\"valueName\":\"search_term_string\"}}],\"inLanguage\":\"pt-BR\"},{\"@type\":\"Organization\",\"@id\":\"https:\/\/portalfadesp.org.br\/#organization\",\"name\":\"FADESP\",\"url\":\"https:\/\/portalfadesp.org.br\/\",\"logo\":{\"@type\":\"ImageObject\",\"inLanguage\":\"pt-BR\",\"@id\":\"https:\/\/portalfadesp.org.br\/#\/schema\/logo\/image\/\",\"url\":\"https:\/\/portalfadesp.org.br\/wp-content\/uploads\/2024\/01\/NOVOLOGOFADESPlaranjaH.png\",\"contentUrl\":\"https:\/\/portalfadesp.org.br\/wp-content\/uploads\/2024\/01\/NOVOLOGOFADESPlaranjaH.png\",\"width\":2742,\"height\":839,\"caption\":\"FADESP\"},\"image\":{\"@id\":\"https:\/\/portalfadesp.org.br\/#\/schema\/logo\/image\/\"},\"sameAs\":[\"https:\/\/www.facebook.com\/Fadesp-138351949524662\/\",\"https:\/\/x.com\/Fadesp\",\"https:\/\/www.instagram.com\/fadesp_ufpa\/\",\"https:\/\/www.youtube.com\/@fundacaodeamparoedesenvolv1903\",\"https:\/\/www.threads.net\/@fadesp_ufpa\"]},{\"@type\":\"Person\",\"@id\":\"https:\/\/portalfadesp.org.br\/#\/schema\/person\/31709c4c8ec92d6bbdd2c1da60cf8d66\",\"name\":\"Brena Marques\",\"image\":{\"@type\":\"ImageObject\",\"inLanguage\":\"pt-BR\",\"@id\":\"https:\/\/portalfadesp.org.br\/#\/schema\/person\/image\/\",\"url\":\"https:\/\/secure.gravatar.com\/avatar\/d8709cd0de324fbec018b6878350216726d26c3436f44ebee8f3db75e29728f3?s=96&d=mm&r=g\",\"contentUrl\":\"https:\/\/secure.gravatar.com\/avatar\/d8709cd0de324fbec018b6878350216726d26c3436f44ebee8f3db75e29728f3?s=96&d=mm&r=g\",\"caption\":\"Brena Marques\"},\"url\":\"https:\/\/portalfadesp.org.br\/?author=12\"}]}<\/script>\n<!-- \/ Yoast SEO plugin. -->","yoast_head_json":{"title":"EM RESTAURO, O CONJUNTO MERCED\u00c1RIOS DE BEL\u00c9M REAFIRMA SEU VALOR COMO PATRIM\u00d4NIO HIST\u00d3RICO, SIMB\u00d3LICO E CULTURAL DA AMAZ\u00d4NIA - FADESP","robots":{"index":"index","follow":"follow","max-snippet":"max-snippet:-1","max-image-preview":"max-image-preview:large","max-video-preview":"max-video-preview:-1"},"canonical":"https:\/\/portalfadesp.org.br\/?p=51259","og_locale":"pt_BR","og_type":"article","og_title":"EM RESTAURO, O CONJUNTO MERCED\u00c1RIOS DE BEL\u00c9M REAFIRMA SEU VALOR COMO PATRIM\u00d4NIO HIST\u00d3RICO, SIMB\u00d3LICO E CULTURAL DA AMAZ\u00d4NIA - FADESP","og_description":"Bel\u00e9m (PA), julho de 2025 \u2014 Em andamento desde dezembro de 2024, a obra de restaura\u00e7\u00e3o e reabilita\u00e7\u00e3o do Conjunto dos Merced\u00e1rios \u2014 composto pela Igreja e pelo antigo Convento de Nossa Senhora das Merc\u00eas \u2014 representa um dos mais significativos investimentos na preserva\u00e7\u00e3o do patrim\u00f4nio hist\u00f3rico e simb\u00f3lico da Amaz\u00f4nia. Localizado no centro hist\u00f3rico [&hellip;]","og_url":"https:\/\/portalfadesp.org.br\/?p=51259","og_site_name":"FADESP","article_publisher":"https:\/\/www.facebook.com\/Fadesp-138351949524662\/","article_published_time":"2025-07-04T14:53:21+00:00","article_modified_time":"2025-12-05T11:52:25+00:00","og_image":[{"width":1024,"height":668,"url":"https:\/\/portalfadesp.org.br\/wp-content\/uploads\/2025\/07\/Mercedarios_aerea_tratada-1024x668.jpg","type":"image\/jpeg"}],"author":"Brena Marques","twitter_card":"summary_large_image","twitter_creator":"@Fadesp","twitter_site":"@Fadesp","twitter_misc":{"Escrito por":"Brena Marques","Est. tempo de leitura":"3 minutos"},"schema":{"@context":"https:\/\/schema.org","@graph":[{"@type":"Article","@id":"https:\/\/portalfadesp.org.br\/?p=51259#article","isPartOf":{"@id":"https:\/\/portalfadesp.org.br\/?p=51259"},"author":{"name":"Brena Marques","@id":"https:\/\/portalfadesp.org.br\/#\/schema\/person\/31709c4c8ec92d6bbdd2c1da60cf8d66"},"headline":"EM RESTAURO, O CONJUNTO MERCED\u00c1RIOS DE BEL\u00c9M REAFIRMA SEU VALOR COMO PATRIM\u00d4NIO HIST\u00d3RICO, SIMB\u00d3LICO E CULTURAL DA AMAZ\u00d4NIA","datePublished":"2025-07-04T14:53:21+00:00","dateModified":"2025-12-05T11:52:25+00:00","mainEntityOfPage":{"@id":"https:\/\/portalfadesp.org.br\/?p=51259"},"wordCount":497,"publisher":{"@id":"https:\/\/portalfadesp.org.br\/#organization"},"image":{"@id":"https:\/\/portalfadesp.org.br\/?p=51259#primaryimage"},"thumbnailUrl":"https:\/\/portalfadesp.org.br\/wp-content\/uploads\/2025\/07\/Mercedarios_aerea_tratada.jpg","articleSection":["Geral"],"inLanguage":"pt-BR"},{"@type":"WebPage","@id":"https:\/\/portalfadesp.org.br\/?p=51259","url":"https:\/\/portalfadesp.org.br\/?p=51259","name":"EM RESTAURO, O CONJUNTO MERCED\u00c1RIOS DE BEL\u00c9M REAFIRMA SEU VALOR COMO PATRIM\u00d4NIO HIST\u00d3RICO, SIMB\u00d3LICO E CULTURAL DA AMAZ\u00d4NIA - FADESP","isPartOf":{"@id":"https:\/\/portalfadesp.org.br\/#website"},"primaryImageOfPage":{"@id":"https:\/\/portalfadesp.org.br\/?p=51259#primaryimage"},"image":{"@id":"https:\/\/portalfadesp.org.br\/?p=51259#primaryimage"},"thumbnailUrl":"https:\/\/portalfadesp.org.br\/wp-content\/uploads\/2025\/07\/Mercedarios_aerea_tratada.jpg","datePublished":"2025-07-04T14:53:21+00:00","dateModified":"2025-12-05T11:52:25+00:00","breadcrumb":{"@id":"https:\/\/portalfadesp.org.br\/?p=51259#breadcrumb"},"inLanguage":"pt-BR","potentialAction":[{"@type":"ReadAction","target":["https:\/\/portalfadesp.org.br\/?p=51259"]}]},{"@type":"ImageObject","inLanguage":"pt-BR","@id":"https:\/\/portalfadesp.org.br\/?p=51259#primaryimage","url":"https:\/\/portalfadesp.org.br\/wp-content\/uploads\/2025\/07\/Mercedarios_aerea_tratada.jpg","contentUrl":"https:\/\/portalfadesp.org.br\/wp-content\/uploads\/2025\/07\/Mercedarios_aerea_tratada.jpg","width":2500,"height":1630},{"@type":"BreadcrumbList","@id":"https:\/\/portalfadesp.org.br\/?p=51259#breadcrumb","itemListElement":[{"@type":"ListItem","position":1,"name":"In\u00edcio","item":"https:\/\/portalfadesp.org.br\/"},{"@type":"ListItem","position":2,"name":"EM RESTAURO, O CONJUNTO MERCED\u00c1RIOS DE BEL\u00c9M REAFIRMA SEU VALOR COMO PATRIM\u00d4NIO HIST\u00d3RICO, SIMB\u00d3LICO E CULTURAL DA AMAZ\u00d4NIA"}]},{"@type":"WebSite","@id":"https:\/\/portalfadesp.org.br\/#website","url":"https:\/\/portalfadesp.org.br\/","name":"FADESP","description":"Funda\u00e7\u00e3o de Amparo e Desenvolvimento da Pesquisa","publisher":{"@id":"https:\/\/portalfadesp.org.br\/#organization"},"potentialAction":[{"@type":"SearchAction","target":{"@type":"EntryPoint","urlTemplate":"https:\/\/portalfadesp.org.br\/?s={search_term_string}"},"query-input":{"@type":"PropertyValueSpecification","valueRequired":true,"valueName":"search_term_string"}}],"inLanguage":"pt-BR"},{"@type":"Organization","@id":"https:\/\/portalfadesp.org.br\/#organization","name":"FADESP","url":"https:\/\/portalfadesp.org.br\/","logo":{"@type":"ImageObject","inLanguage":"pt-BR","@id":"https:\/\/portalfadesp.org.br\/#\/schema\/logo\/image\/","url":"https:\/\/portalfadesp.org.br\/wp-content\/uploads\/2024\/01\/NOVOLOGOFADESPlaranjaH.png","contentUrl":"https:\/\/portalfadesp.org.br\/wp-content\/uploads\/2024\/01\/NOVOLOGOFADESPlaranjaH.png","width":2742,"height":839,"caption":"FADESP"},"image":{"@id":"https:\/\/portalfadesp.org.br\/#\/schema\/logo\/image\/"},"sameAs":["https:\/\/www.facebook.com\/Fadesp-138351949524662\/","https:\/\/x.com\/Fadesp","https:\/\/www.instagram.com\/fadesp_ufpa\/","https:\/\/www.youtube.com\/@fundacaodeamparoedesenvolv1903","https:\/\/www.threads.net\/@fadesp_ufpa"]},{"@type":"Person","@id":"https:\/\/portalfadesp.org.br\/#\/schema\/person\/31709c4c8ec92d6bbdd2c1da60cf8d66","name":"Brena Marques","image":{"@type":"ImageObject","inLanguage":"pt-BR","@id":"https:\/\/portalfadesp.org.br\/#\/schema\/person\/image\/","url":"https:\/\/secure.gravatar.com\/avatar\/d8709cd0de324fbec018b6878350216726d26c3436f44ebee8f3db75e29728f3?s=96&d=mm&r=g","contentUrl":"https:\/\/secure.gravatar.com\/avatar\/d8709cd0de324fbec018b6878350216726d26c3436f44ebee8f3db75e29728f3?s=96&d=mm&r=g","caption":"Brena Marques"},"url":"https:\/\/portalfadesp.org.br\/?author=12"}]}},"_links":{"self":[{"href":"https:\/\/portalfadesp.org.br\/index.php?rest_route=\/wp\/v2\/posts\/51259","targetHints":{"allow":["GET"]}}],"collection":[{"href":"https:\/\/portalfadesp.org.br\/index.php?rest_route=\/wp\/v2\/posts"}],"about":[{"href":"https:\/\/portalfadesp.org.br\/index.php?rest_route=\/wp\/v2\/types\/post"}],"author":[{"embeddable":true,"href":"https:\/\/portalfadesp.org.br\/index.php?rest_route=\/wp\/v2\/users\/12"}],"replies":[{"embeddable":true,"href":"https:\/\/portalfadesp.org.br\/index.php?rest_route=%2Fwp%2Fv2%2Fcomments&post=51259"}],"version-history":[{"count":9,"href":"https:\/\/portalfadesp.org.br\/index.php?rest_route=\/wp\/v2\/posts\/51259\/revisions"}],"predecessor-version":[{"id":51271,"href":"https:\/\/portalfadesp.org.br\/index.php?rest_route=\/wp\/v2\/posts\/51259\/revisions\/51271"}],"wp:featuredmedia":[{"embeddable":true,"href":"https:\/\/portalfadesp.org.br\/index.php?rest_route=\/wp\/v2\/media\/51270"}],"wp:attachment":[{"href":"https:\/\/portalfadesp.org.br\/index.php?rest_route=%2Fwp%2Fv2%2Fmedia&parent=51259"}],"wp:term":[{"taxonomy":"category","embeddable":true,"href":"https:\/\/portalfadesp.org.br\/index.php?rest_route=%2Fwp%2Fv2%2Fcategories&post=51259"},{"taxonomy":"post_tag","embeddable":true,"href":"https:\/\/portalfadesp.org.br\/index.php?rest_route=%2Fwp%2Fv2%2Ftags&post=51259"}],"curies":[{"name":"wp","href":"https:\/\/api.w.org\/{rel}","templated":true}]}}