{"id":51020,"date":"2025-06-05T09:43:46","date_gmt":"2025-06-05T12:43:46","guid":{"rendered":"https:\/\/portalfadesp.org.br\/?p=51020"},"modified":"2025-06-24T09:44:53","modified_gmt":"2025-06-24T12:44:53","slug":"especializacao-em-enfermagem-neonatal-ics-ufpa-2024-14","status":"publish","type":"post","link":"https:\/\/portalfadesp.org.br\/?p=51020","title":{"rendered":"ESPECIALIZA\u00c7\u00c3O EM GEST\u00c3O AMBIENTAL URBANA (UFPA\/2025)"},"content":{"rendered":"\n<p class=\"has-medium-font-size\"><a href=\"https:\/\/portalfadesp.org.br\/?page_id=49835\"><strong>Clique aqui e saiba mais<\/strong><\/a><\/p>\n\n\n\n<p><\/p>\n","protected":false},"excerpt":{"rendered":"<p>Clique aqui e saiba mais<\/p>\n","protected":false},"author":24,"featured_media":50858,"comment_status":"closed","ping_status":"closed","sticky":false,"template":"","format":"standard","meta":{"_monsterinsights_skip_tracking":false,"_monsterinsights_sitenote_active":false,"_monsterinsights_sitenote_note":"","_monsterinsights_sitenote_category":0,"footnotes":""},"categories":[242,240],"tags":[],"class_list":["post-51020","post","type-post","status-publish","format-standard","has-post-thumbnail","hentry","category-destaque-pos-graduacao","category-no-home","entry","has-media"],"yoast_head":"<!-- This site is optimized with the Yoast SEO plugin v25.1 - https:\/\/yoast.com\/wordpress\/plugins\/seo\/ -->\n<title>ESPECIALIZA\u00c7\u00c3O EM GEST\u00c3O AMBIENTAL URBANA (UFPA\/2025) - FADESP<\/title>\n<meta name=\"robots\" content=\"index, follow, max-snippet:-1, max-image-preview:large, max-video-preview:-1\" \/>\n<link rel=\"canonical\" href=\"https:\/\/portalfadesp.org.br\/?p=51020\" \/>\n<meta property=\"og:locale\" content=\"pt_BR\" \/>\n<meta property=\"og:type\" content=\"article\" \/>\n<meta property=\"og:title\" content=\"ESPECIALIZA\u00c7\u00c3O EM GEST\u00c3O AMBIENTAL URBANA (UFPA\/2025) - FADESP\" \/>\n<meta property=\"og:description\" content=\"Clique aqui e saiba mais\" \/>\n<meta property=\"og:url\" content=\"https:\/\/portalfadesp.org.br\/?p=51020\" \/>\n<meta property=\"og:site_name\" content=\"FADESP\" \/>\n<meta property=\"article:publisher\" content=\"https:\/\/www.facebook.com\/Fadesp-138351949524662\/\" \/>\n<meta property=\"article:published_time\" content=\"2025-06-05T12:43:46+00:00\" \/>\n<meta property=\"article:modified_time\" content=\"2025-06-24T12:44:53+00:00\" \/>\n<meta property=\"og:image\" content=\"https:\/\/portalfadesp.org.br\/wp-content\/uploads\/2025\/06\/gestao-ambiental.png\" \/>\n\t<meta property=\"og:image:width\" content=\"400\" \/>\n\t<meta property=\"og:image:height\" content=\"385\" \/>\n\t<meta property=\"og:image:type\" content=\"image\/png\" \/>\n<meta name=\"author\" content=\"Geral Geral\" \/>\n<meta name=\"twitter:card\" content=\"summary_large_image\" \/>\n<meta name=\"twitter:creator\" content=\"@Fadesp\" \/>\n<meta name=\"twitter:site\" content=\"@Fadesp\" \/>\n<meta name=\"twitter:label1\" content=\"Escrito por\" \/>\n\t<meta name=\"twitter:data1\" content=\"Geral Geral\" \/>\n\t<meta name=\"twitter:label2\" content=\"Est. tempo de leitura\" \/>\n\t<meta name=\"twitter:data2\" content=\"1 minuto\" \/>\n<script type=\"application\/ld+json\" class=\"yoast-schema-graph\">{\"@context\":\"https:\/\/schema.org\",\"@graph\":[{\"@type\":\"Article\",\"@id\":\"https:\/\/portalfadesp.org.br\/?p=51020#article\",\"isPartOf\":{\"@id\":\"https:\/\/portalfadesp.org.br\/?p=51020\"},\"author\":{\"name\":\"Geral Geral\",\"@id\":\"https:\/\/portalfadesp.org.br\/#\/schema\/person\/2a8d3e071183084610234657b4b8353d\"},\"headline\":\"ESPECIALIZA\u00c7\u00c3O EM GEST\u00c3O AMBIENTAL URBANA (UFPA\/2025)\",\"datePublished\":\"2025-06-05T12:43:46+00:00\",\"dateModified\":\"2025-06-24T12:44:53+00:00\",\"mainEntityOfPage\":{\"@id\":\"https:\/\/portalfadesp.org.br\/?p=51020\"},\"wordCount\":13,\"publisher\":{\"@id\":\"https:\/\/portalfadesp.org.br\/#organization\"},\"image\":{\"@id\":\"https:\/\/portalfadesp.org.br\/?p=51020#primaryimage\"},\"thumbnailUrl\":\"https:\/\/portalfadesp.org.br\/wp-content\/uploads\/2025\/06\/gestao-ambiental.png\",\"articleSection\":[\"Destaque P\u00f3s-Gradua\u00e7\u00e3o\",\"No Home\"],\"inLanguage\":\"pt-BR\"},{\"@type\":\"WebPage\",\"@id\":\"https:\/\/portalfadesp.org.br\/?p=51020\",\"url\":\"https:\/\/portalfadesp.org.br\/?p=51020\",\"name\":\"ESPECIALIZA\u00c7\u00c3O EM GEST\u00c3O AMBIENTAL URBANA (UFPA\/2025) - FADESP\",\"isPartOf\":{\"@id\":\"https:\/\/portalfadesp.org.br\/#website\"},\"primaryImageOfPage\":{\"@id\":\"https:\/\/portalfadesp.org.br\/?p=51020#primaryimage\"},\"image\":{\"@id\":\"https:\/\/portalfadesp.org.br\/?p=51020#primaryimage\"},\"thumbnailUrl\":\"https:\/\/portalfadesp.org.br\/wp-content\/uploads\/2025\/06\/gestao-ambiental.png\",\"datePublished\":\"2025-06-05T12:43:46+00:00\",\"dateModified\":\"2025-06-24T12:44:53+00:00\",\"breadcrumb\":{\"@id\":\"https:\/\/portalfadesp.org.br\/?p=51020#breadcrumb\"},\"inLanguage\":\"pt-BR\",\"potentialAction\":[{\"@type\":\"ReadAction\",\"target\":[\"https:\/\/portalfadesp.org.br\/?p=51020\"]}]},{\"@type\":\"ImageObject\",\"inLanguage\":\"pt-BR\",\"@id\":\"https:\/\/portalfadesp.org.br\/?p=51020#primaryimage\",\"url\":\"https:\/\/portalfadesp.org.br\/wp-content\/uploads\/2025\/06\/gestao-ambiental.png\",\"contentUrl\":\"https:\/\/portalfadesp.org.br\/wp-content\/uploads\/2025\/06\/gestao-ambiental.png\",\"width\":400,\"height\":385},{\"@type\":\"BreadcrumbList\",\"@id\":\"https:\/\/portalfadesp.org.br\/?p=51020#breadcrumb\",\"itemListElement\":[{\"@type\":\"ListItem\",\"position\":1,\"name\":\"In\u00edcio\",\"item\":\"https:\/\/portalfadesp.org.br\/\"},{\"@type\":\"ListItem\",\"position\":2,\"name\":\"ESPECIALIZA\u00c7\u00c3O EM GEST\u00c3O AMBIENTAL URBANA (UFPA\/2025)\"}]},{\"@type\":\"WebSite\",\"@id\":\"https:\/\/portalfadesp.org.br\/#website\",\"url\":\"https:\/\/portalfadesp.org.br\/\",\"name\":\"FADESP\",\"description\":\"Funda\u00e7\u00e3o de Amparo e Desenvolvimento da Pesquisa\",\"publisher\":{\"@id\":\"https:\/\/portalfadesp.org.br\/#organization\"},\"potentialAction\":[{\"@type\":\"SearchAction\",\"target\":{\"@type\":\"EntryPoint\",\"urlTemplate\":\"https:\/\/portalfadesp.org.br\/?s={search_term_string}\"},\"query-input\":{\"@type\":\"PropertyValueSpecification\",\"valueRequired\":true,\"valueName\":\"search_term_string\"}}],\"inLanguage\":\"pt-BR\"},{\"@type\":\"Organization\",\"@id\":\"https:\/\/portalfadesp.org.br\/#organization\",\"name\":\"FADESP\",\"url\":\"https:\/\/portalfadesp.org.br\/\",\"logo\":{\"@type\":\"ImageObject\",\"inLanguage\":\"pt-BR\",\"@id\":\"https:\/\/portalfadesp.org.br\/#\/schema\/logo\/image\/\",\"url\":\"https:\/\/portalfadesp.org.br\/wp-content\/uploads\/2024\/01\/NOVOLOGOFADESPlaranjaH.png\",\"contentUrl\":\"https:\/\/portalfadesp.org.br\/wp-content\/uploads\/2024\/01\/NOVOLOGOFADESPlaranjaH.png\",\"width\":2742,\"height\":839,\"caption\":\"FADESP\"},\"image\":{\"@id\":\"https:\/\/portalfadesp.org.br\/#\/schema\/logo\/image\/\"},\"sameAs\":[\"https:\/\/www.facebook.com\/Fadesp-138351949524662\/\",\"https:\/\/x.com\/Fadesp\",\"https:\/\/www.instagram.com\/fadesp_ufpa\/\",\"https:\/\/www.youtube.com\/@fundacaodeamparoedesenvolv1903\",\"https:\/\/www.threads.net\/@fadesp_ufpa\"]},{\"@type\":\"Person\",\"@id\":\"https:\/\/portalfadesp.org.br\/#\/schema\/person\/2a8d3e071183084610234657b4b8353d\",\"name\":\"Geral Geral\",\"image\":{\"@type\":\"ImageObject\",\"inLanguage\":\"pt-BR\",\"@id\":\"https:\/\/portalfadesp.org.br\/#\/schema\/person\/image\/\",\"url\":\"https:\/\/secure.gravatar.com\/avatar\/a8e52e3d09e5cc990c88cad4d2e8058e5ef72533fa8c12ef409405b5605d7350?s=96&d=mm&r=g\",\"contentUrl\":\"https:\/\/secure.gravatar.com\/avatar\/a8e52e3d09e5cc990c88cad4d2e8058e5ef72533fa8c12ef409405b5605d7350?s=96&d=mm&r=g\",\"caption\":\"Geral Geral\"},\"url\":\"https:\/\/portalfadesp.org.br\/?author=24\"}]}<\/script>\n<!-- \/ Yoast SEO plugin. -->","yoast_head_json":{"title":"ESPECIALIZA\u00c7\u00c3O EM GEST\u00c3O AMBIENTAL URBANA (UFPA\/2025) - FADESP","robots":{"index":"index","follow":"follow","max-snippet":"max-snippet:-1","max-image-preview":"max-image-preview:large","max-video-preview":"max-video-preview:-1"},"canonical":"https:\/\/portalfadesp.org.br\/?p=51020","og_locale":"pt_BR","og_type":"article","og_title":"ESPECIALIZA\u00c7\u00c3O EM GEST\u00c3O AMBIENTAL URBANA (UFPA\/2025) - FADESP","og_description":"Clique aqui e saiba mais","og_url":"https:\/\/portalfadesp.org.br\/?p=51020","og_site_name":"FADESP","article_publisher":"https:\/\/www.facebook.com\/Fadesp-138351949524662\/","article_published_time":"2025-06-05T12:43:46+00:00","article_modified_time":"2025-06-24T12:44:53+00:00","og_image":[{"width":400,"height":385,"url":"https:\/\/portalfadesp.org.br\/wp-content\/uploads\/2025\/06\/gestao-ambiental.png","type":"image\/png"}],"author":"Geral Geral","twitter_card":"summary_large_image","twitter_creator":"@Fadesp","twitter_site":"@Fadesp","twitter_misc":{"Escrito por":"Geral Geral","Est. tempo de leitura":"1 minuto"},"schema":{"@context":"https:\/\/schema.org","@graph":[{"@type":"Article","@id":"https:\/\/portalfadesp.org.br\/?p=51020#article","isPartOf":{"@id":"https:\/\/portalfadesp.org.br\/?p=51020"},"author":{"name":"Geral Geral","@id":"https:\/\/portalfadesp.org.br\/#\/schema\/person\/2a8d3e071183084610234657b4b8353d"},"headline":"ESPECIALIZA\u00c7\u00c3O EM GEST\u00c3O AMBIENTAL URBANA (UFPA\/2025)","datePublished":"2025-06-05T12:43:46+00:00","dateModified":"2025-06-24T12:44:53+00:00","mainEntityOfPage":{"@id":"https:\/\/portalfadesp.org.br\/?p=51020"},"wordCount":13,"publisher":{"@id":"https:\/\/portalfadesp.org.br\/#organization"},"image":{"@id":"https:\/\/portalfadesp.org.br\/?p=51020#primaryimage"},"thumbnailUrl":"https:\/\/portalfadesp.org.br\/wp-content\/uploads\/2025\/06\/gestao-ambiental.png","articleSection":["Destaque P\u00f3s-Gradua\u00e7\u00e3o","No Home"],"inLanguage":"pt-BR"},{"@type":"WebPage","@id":"https:\/\/portalfadesp.org.br\/?p=51020","url":"https:\/\/portalfadesp.org.br\/?p=51020","name":"ESPECIALIZA\u00c7\u00c3O EM GEST\u00c3O AMBIENTAL URBANA (UFPA\/2025) - FADESP","isPartOf":{"@id":"https:\/\/portalfadesp.org.br\/#website"},"primaryImageOfPage":{"@id":"https:\/\/portalfadesp.org.br\/?p=51020#primaryimage"},"image":{"@id":"https:\/\/portalfadesp.org.br\/?p=51020#primaryimage"},"thumbnailUrl":"https:\/\/portalfadesp.org.br\/wp-content\/uploads\/2025\/06\/gestao-ambiental.png","datePublished":"2025-06-05T12:43:46+00:00","dateModified":"2025-06-24T12:44:53+00:00","breadcrumb":{"@id":"https:\/\/portalfadesp.org.br\/?p=51020#breadcrumb"},"inLanguage":"pt-BR","potentialAction":[{"@type":"ReadAction","target":["https:\/\/portalfadesp.org.br\/?p=51020"]}]},{"@type":"ImageObject","inLanguage":"pt-BR","@id":"https:\/\/portalfadesp.org.br\/?p=51020#primaryimage","url":"https:\/\/portalfadesp.org.br\/wp-content\/uploads\/2025\/06\/gestao-ambiental.png","contentUrl":"https:\/\/portalfadesp.org.br\/wp-content\/uploads\/2025\/06\/gestao-ambiental.png","width":400,"height":385},{"@type":"BreadcrumbList","@id":"https:\/\/portalfadesp.org.br\/?p=51020#breadcrumb","itemListElement":[{"@type":"ListItem","position":1,"name":"In\u00edcio","item":"https:\/\/portalfadesp.org.br\/"},{"@type":"ListItem","position":2,"name":"ESPECIALIZA\u00c7\u00c3O EM GEST\u00c3O AMBIENTAL URBANA (UFPA\/2025)"}]},{"@type":"WebSite","@id":"https:\/\/portalfadesp.org.br\/#website","url":"https:\/\/portalfadesp.org.br\/","name":"FADESP","description":"Funda\u00e7\u00e3o de Amparo e Desenvolvimento da Pesquisa","publisher":{"@id":"https:\/\/portalfadesp.org.br\/#organization"},"potentialAction":[{"@type":"SearchAction","target":{"@type":"EntryPoint","urlTemplate":"https:\/\/portalfadesp.org.br\/?s={search_term_string}"},"query-input":{"@type":"PropertyValueSpecification","valueRequired":true,"valueName":"search_term_string"}}],"inLanguage":"pt-BR"},{"@type":"Organization","@id":"https:\/\/portalfadesp.org.br\/#organization","name":"FADESP","url":"https:\/\/portalfadesp.org.br\/","logo":{"@type":"ImageObject","inLanguage":"pt-BR","@id":"https:\/\/portalfadesp.org.br\/#\/schema\/logo\/image\/","url":"https:\/\/portalfadesp.org.br\/wp-content\/uploads\/2024\/01\/NOVOLOGOFADESPlaranjaH.png","contentUrl":"https:\/\/portalfadesp.org.br\/wp-content\/uploads\/2024\/01\/NOVOLOGOFADESPlaranjaH.png","width":2742,"height":839,"caption":"FADESP"},"image":{"@id":"https:\/\/portalfadesp.org.br\/#\/schema\/logo\/image\/"},"sameAs":["https:\/\/www.facebook.com\/Fadesp-138351949524662\/","https:\/\/x.com\/Fadesp","https:\/\/www.instagram.com\/fadesp_ufpa\/","https:\/\/www.youtube.com\/@fundacaodeamparoedesenvolv1903","https:\/\/www.threads.net\/@fadesp_ufpa"]},{"@type":"Person","@id":"https:\/\/portalfadesp.org.br\/#\/schema\/person\/2a8d3e071183084610234657b4b8353d","name":"Geral Geral","image":{"@type":"ImageObject","inLanguage":"pt-BR","@id":"https:\/\/portalfadesp.org.br\/#\/schema\/person\/image\/","url":"https:\/\/secure.gravatar.com\/avatar\/a8e52e3d09e5cc990c88cad4d2e8058e5ef72533fa8c12ef409405b5605d7350?s=96&d=mm&r=g","contentUrl":"https:\/\/secure.gravatar.com\/avatar\/a8e52e3d09e5cc990c88cad4d2e8058e5ef72533fa8c12ef409405b5605d7350?s=96&d=mm&r=g","caption":"Geral Geral"},"url":"https:\/\/portalfadesp.org.br\/?author=24"}]}},"_links":{"self":[{"href":"https:\/\/portalfadesp.org.br\/index.php?rest_route=\/wp\/v2\/posts\/51020","targetHints":{"allow":["GET"]}}],"collection":[{"href":"https:\/\/portalfadesp.org.br\/index.php?rest_route=\/wp\/v2\/posts"}],"about":[{"href":"https:\/\/portalfadesp.org.br\/index.php?rest_route=\/wp\/v2\/types\/post"}],"author":[{"embeddable":true,"href":"https:\/\/portalfadesp.org.br\/index.php?rest_route=\/wp\/v2\/users\/24"}],"replies":[{"embeddable":true,"href":"https:\/\/portalfadesp.org.br\/index.php?rest_route=%2Fwp%2Fv2%2Fcomments&post=51020"}],"version-history":[{"count":1,"href":"https:\/\/portalfadesp.org.br\/index.php?rest_route=\/wp\/v2\/posts\/51020\/revisions"}],"predecessor-version":[{"id":51021,"href":"https:\/\/portalfadesp.org.br\/index.php?rest_route=\/wp\/v2\/posts\/51020\/revisions\/51021"}],"wp:featuredmedia":[{"embeddable":true,"href":"https:\/\/portalfadesp.org.br\/index.php?rest_route=\/wp\/v2\/media\/50858"}],"wp:attachment":[{"href":"https:\/\/portalfadesp.org.br\/index.php?rest_route=%2Fwp%2Fv2%2Fmedia&parent=51020"}],"wp:term":[{"taxonomy":"category","embeddable":true,"href":"https:\/\/portalfadesp.org.br\/index.php?rest_route=%2Fwp%2Fv2%2Fcategories&post=51020"},{"taxonomy":"post_tag","embeddable":true,"href":"https:\/\/portalfadesp.org.br\/index.php?rest_route=%2Fwp%2Fv2%2Ftags&post=51020"}],"curies":[{"name":"wp","href":"https:\/\/api.w.org\/{rel}","templated":true}]}}