{"id":5067,"date":"2019-11-22T10:11:43","date_gmt":"2019-11-22T13:11:43","guid":{"rendered":"https:\/\/162.215.13.167?p=5067"},"modified":"2022-12-20T17:30:57","modified_gmt":"2022-12-20T20:30:57","slug":"ufpa-inscreve-para-o-processo-seletivo-de-residencia-multiprofissional-em-clinica-integrada-vagas-para-odontologia-servico-social-biomedicina-e-enfermagem","status":"publish","type":"post","link":"https:\/\/portalfadesp.org.br\/?p=5067","title":{"rendered":"UFPA inscreve para o Processo Seletivo de Resid\u00eancia Multiprofissional em Cl\u00ednica Integrada. Vagas para Odontologia, Servi\u00e7o Social, Biomedicina e Enfermagem."},"content":{"rendered":"\n<p>A\nUniversidade Federal do Par\u00e1 (UFPA) est\u00e1 com inscri\u00e7\u00f5es abertas para o Processo\nSeletivo de Resid\u00eancia Multiprofissional em Cl\u00ednica Integrada. S\u00e3o ofertadas\ndez vagas para a turma de 2020\/2022. Os interessados devem procurar a sala de\nadministra\u00e7\u00e3o do Brasil Sorridente, localizada no Hospital Universit\u00e1rio Jo\u00e3o\nde Barros Barreto.<\/p>\n\n\n\n<p>Das dez\nvagas ofertadas, quatro s\u00e3o para Odontologia, duas para Servi\u00e7o Social, duas\npara Biomedicina e duas para Enfermagem. Podem se candidatar profissionais\ndessas categorias ou graduandos que ir\u00e3o completar a gradua\u00e7\u00e3o at\u00e9 28 de\njaneiro de 2020.<\/p>\n\n\n\n<p>O programa\nde Resid\u00eancia tem carga hor\u00e1ria de 60 horas semanais e dura\u00e7\u00e3o de dois anos,\ncom in\u00edcio das aulas em mar\u00e7o de 2020. Os selecionados receber\u00e3o bolsa de R$\n3,3 mil e desenvolver\u00e3o atividades em regime de dedica\u00e7\u00e3o exclusiva.<\/p>\n\n\n\n<p>A inscri\u00e7\u00e3o\nser\u00e1 realizada at\u00e9 10 de dezembro deste ano, das 8h \u00e0s 12h e das 14h \u00e0s 17h, na\nsala de administra\u00e7\u00e3o do Brasil Sorridente (anexo II da Unidade de Sa\u00fade Bucal,\nlocalizada no HUJBB. O candidato dever\u00e1 preencher o formul\u00e1rio e entreg\u00e1-lo\njunto com o comprovante de pagamento da taxa de R$ 270,00 , mais a documenta\u00e7\u00e3o\nestabelecida no edital.<\/p>\n\n\n\n<p>O pagamento\nda taxa deve ser feito atrav\u00e9s de dep\u00f3sito banc\u00e1rio para a FADESP (Banco do\nBrasil \u2013 001, Ag\u00eancia 1674-8, conta corrente 99472-3). N\u00e3o ser\u00e1 aceita\ntransfer\u00eancia realizada por meio de telefone celular, computador ou tablete,\nnem agendamento de dep\u00f3sito.<\/p>\n\n\n\n<p>A lista de inscri\u00e7\u00f5es homologadas dever\u00e1 ser divulgada no dia 13 de dezembro e a prova objetiva ser\u00e1 realizada no dia 15 de janeiro de 2020. Os candidatos tamb\u00e9m ser\u00e3o submetidos \u00e0 avalia\u00e7\u00e3o do curr\u00edculo Lattes, com resultado final da sele\u00e7\u00e3o previsto para o dia 28 de janeiro.<\/p>\n\n\n\n<p>O <strong><a href=\"http:\/\/concursos.fadesp.org.br\/Edital_clinicaintegrada_2020.pdf\">edital<\/a><\/strong> e demais informa\u00e7\u00f5es est\u00e3o na <strong><a href=\"https:\/\/portalfadesp.org.br\/?page_id=4835\" target=\"_blank\" rel=\"noreferrer noopener\">p\u00e1gina do Processo Seletivo<\/a><\/strong>. Para tirar d\u00favidas, deves-se ligar para (91)  98802-6513 ou enviar email para residenciaclininufpa@gmail.com.<\/p>\n","protected":false},"excerpt":{"rendered":"<p>A Universidade Federal do Par\u00e1 (UFPA) est\u00e1 com inscri\u00e7\u00f5es abertas para o Processo Seletivo de Resid\u00eancia Multiprofissional em Cl\u00ednica Integrada. S\u00e3o ofertadas dez vagas para a turma de 2020\/2022. Os interessados devem procurar a sala de administra\u00e7\u00e3o do Brasil Sorridente, localizada no Hospital Universit\u00e1rio Jo\u00e3o de Barros Barreto. Das dez vagas ofertadas, quatro s\u00e3o para [&hellip;]<\/p>\n","protected":false},"author":11,"featured_media":3613,"comment_status":"open","ping_status":"open","sticky":false,"template":"","format":"standard","meta":{"_monsterinsights_skip_tracking":false,"_monsterinsights_sitenote_active":false,"_monsterinsights_sitenote_note":"","_monsterinsights_sitenote_category":0,"footnotes":""},"categories":[83],"tags":[109,110,107,106,108,33],"class_list":["post-5067","post","type-post","status-publish","format-standard","has-post-thumbnail","hentry","category-ufpa","tag-biomedicina","tag-enfermagem","tag-odontologia","tag-residencia","tag-servico-social","tag-ufpa","entry","has-media"],"yoast_head":"<!-- This site is optimized with the Yoast SEO plugin v25.1 - https:\/\/yoast.com\/wordpress\/plugins\/seo\/ -->\n<title>UFPA inscreve para o Processo Seletivo de Resid\u00eancia Multiprofissional em Cl\u00ednica Integrada. Vagas para Odontologia, Servi\u00e7o Social, Biomedicina e Enfermagem. - FADESP<\/title>\n<meta name=\"robots\" content=\"index, follow, max-snippet:-1, max-image-preview:large, max-video-preview:-1\" \/>\n<link rel=\"canonical\" href=\"https:\/\/portalfadesp.org.br\/?p=5067\" \/>\n<meta property=\"og:locale\" content=\"pt_BR\" \/>\n<meta property=\"og:type\" content=\"article\" \/>\n<meta property=\"og:title\" content=\"UFPA inscreve para o Processo Seletivo de Resid\u00eancia Multiprofissional em Cl\u00ednica Integrada. Vagas para Odontologia, Servi\u00e7o Social, Biomedicina e Enfermagem. - FADESP\" \/>\n<meta property=\"og:description\" content=\"A Universidade Federal do Par\u00e1 (UFPA) est\u00e1 com inscri\u00e7\u00f5es abertas para o Processo Seletivo de Resid\u00eancia Multiprofissional em Cl\u00ednica Integrada. S\u00e3o ofertadas dez vagas para a turma de 2020\/2022. Os interessados devem procurar a sala de administra\u00e7\u00e3o do Brasil Sorridente, localizada no Hospital Universit\u00e1rio Jo\u00e3o de Barros Barreto. Das dez vagas ofertadas, quatro s\u00e3o para [&hellip;]\" \/>\n<meta property=\"og:url\" content=\"https:\/\/portalfadesp.org.br\/?p=5067\" \/>\n<meta property=\"og:site_name\" content=\"FADESP\" \/>\n<meta property=\"article:publisher\" content=\"https:\/\/www.facebook.com\/Fadesp-138351949524662\/\" \/>\n<meta property=\"article:published_time\" content=\"2019-11-22T13:11:43+00:00\" \/>\n<meta property=\"article:modified_time\" content=\"2022-12-20T20:30:57+00:00\" \/>\n<meta property=\"og:image\" content=\"https:\/\/portalfadesp.org.br\/wp-content\/uploads\/2019\/08\/2018-ICS-UFPA.jpg\" \/>\n\t<meta property=\"og:image:width\" content=\"276\" \/>\n\t<meta property=\"og:image:height\" content=\"183\" \/>\n\t<meta property=\"og:image:type\" content=\"image\/jpeg\" \/>\n<meta name=\"author\" content=\"Lorena Filgueiras\" \/>\n<meta name=\"twitter:card\" content=\"summary_large_image\" \/>\n<meta name=\"twitter:creator\" content=\"@Fadesp\" \/>\n<meta name=\"twitter:site\" content=\"@Fadesp\" \/>\n<meta name=\"twitter:label1\" content=\"Escrito por\" \/>\n\t<meta name=\"twitter:data1\" content=\"Lorena Filgueiras\" \/>\n\t<meta name=\"twitter:label2\" content=\"Est. tempo de leitura\" \/>\n\t<meta name=\"twitter:data2\" content=\"2 minutos\" \/>\n<script type=\"application\/ld+json\" class=\"yoast-schema-graph\">{\"@context\":\"https:\/\/schema.org\",\"@graph\":[{\"@type\":\"Article\",\"@id\":\"https:\/\/portalfadesp.org.br\/?p=5067#article\",\"isPartOf\":{\"@id\":\"https:\/\/portalfadesp.org.br\/?p=5067\"},\"author\":{\"name\":\"Lorena Filgueiras\",\"@id\":\"https:\/\/portalfadesp.org.br\/#\/schema\/person\/c1fa9db0c87dc412d1568e0e5e27be9c\"},\"headline\":\"UFPA inscreve para o Processo Seletivo de Resid\u00eancia Multiprofissional em Cl\u00ednica Integrada. Vagas para Odontologia, Servi\u00e7o Social, Biomedicina e Enfermagem.\",\"datePublished\":\"2019-11-22T13:11:43+00:00\",\"dateModified\":\"2022-12-20T20:30:57+00:00\",\"mainEntityOfPage\":{\"@id\":\"https:\/\/portalfadesp.org.br\/?p=5067\"},\"wordCount\":351,\"commentCount\":0,\"publisher\":{\"@id\":\"https:\/\/portalfadesp.org.br\/#organization\"},\"image\":{\"@id\":\"https:\/\/portalfadesp.org.br\/?p=5067#primaryimage\"},\"thumbnailUrl\":\"https:\/\/portalfadesp.org.br\/wp-content\/uploads\/2019\/08\/2018-ICS-UFPA.jpg\",\"keywords\":[\"biomedicina\",\"enfermagem\",\"odontologia\",\"resid\u00eancia\",\"servi\u00e7o social\",\"UFPA\"],\"articleSection\":[\"UFPA\"],\"inLanguage\":\"pt-BR\"},{\"@type\":\"WebPage\",\"@id\":\"https:\/\/portalfadesp.org.br\/?p=5067\",\"url\":\"https:\/\/portalfadesp.org.br\/?p=5067\",\"name\":\"UFPA inscreve para o Processo Seletivo de Resid\u00eancia Multiprofissional em Cl\u00ednica Integrada. Vagas para Odontologia, Servi\u00e7o Social, Biomedicina e Enfermagem. - FADESP\",\"isPartOf\":{\"@id\":\"https:\/\/portalfadesp.org.br\/#website\"},\"primaryImageOfPage\":{\"@id\":\"https:\/\/portalfadesp.org.br\/?p=5067#primaryimage\"},\"image\":{\"@id\":\"https:\/\/portalfadesp.org.br\/?p=5067#primaryimage\"},\"thumbnailUrl\":\"https:\/\/portalfadesp.org.br\/wp-content\/uploads\/2019\/08\/2018-ICS-UFPA.jpg\",\"datePublished\":\"2019-11-22T13:11:43+00:00\",\"dateModified\":\"2022-12-20T20:30:57+00:00\",\"breadcrumb\":{\"@id\":\"https:\/\/portalfadesp.org.br\/?p=5067#breadcrumb\"},\"inLanguage\":\"pt-BR\",\"potentialAction\":[{\"@type\":\"ReadAction\",\"target\":[\"https:\/\/portalfadesp.org.br\/?p=5067\"]}]},{\"@type\":\"ImageObject\",\"inLanguage\":\"pt-BR\",\"@id\":\"https:\/\/portalfadesp.org.br\/?p=5067#primaryimage\",\"url\":\"https:\/\/portalfadesp.org.br\/wp-content\/uploads\/2019\/08\/2018-ICS-UFPA.jpg\",\"contentUrl\":\"https:\/\/portalfadesp.org.br\/wp-content\/uploads\/2019\/08\/2018-ICS-UFPA.jpg\",\"width\":276,\"height\":183},{\"@type\":\"BreadcrumbList\",\"@id\":\"https:\/\/portalfadesp.org.br\/?p=5067#breadcrumb\",\"itemListElement\":[{\"@type\":\"ListItem\",\"position\":1,\"name\":\"In\u00edcio\",\"item\":\"https:\/\/portalfadesp.org.br\/\"},{\"@type\":\"ListItem\",\"position\":2,\"name\":\"UFPA inscreve para o Processo Seletivo de Resid\u00eancia Multiprofissional em Cl\u00ednica Integrada. Vagas para Odontologia, Servi\u00e7o Social, Biomedicina e Enfermagem.\"}]},{\"@type\":\"WebSite\",\"@id\":\"https:\/\/portalfadesp.org.br\/#website\",\"url\":\"https:\/\/portalfadesp.org.br\/\",\"name\":\"FADESP\",\"description\":\"Funda\u00e7\u00e3o de Amparo e Desenvolvimento da Pesquisa\",\"publisher\":{\"@id\":\"https:\/\/portalfadesp.org.br\/#organization\"},\"potentialAction\":[{\"@type\":\"SearchAction\",\"target\":{\"@type\":\"EntryPoint\",\"urlTemplate\":\"https:\/\/portalfadesp.org.br\/?s={search_term_string}\"},\"query-input\":{\"@type\":\"PropertyValueSpecification\",\"valueRequired\":true,\"valueName\":\"search_term_string\"}}],\"inLanguage\":\"pt-BR\"},{\"@type\":\"Organization\",\"@id\":\"https:\/\/portalfadesp.org.br\/#organization\",\"name\":\"FADESP\",\"url\":\"https:\/\/portalfadesp.org.br\/\",\"logo\":{\"@type\":\"ImageObject\",\"inLanguage\":\"pt-BR\",\"@id\":\"https:\/\/portalfadesp.org.br\/#\/schema\/logo\/image\/\",\"url\":\"https:\/\/portalfadesp.org.br\/wp-content\/uploads\/2024\/01\/NOVOLOGOFADESPlaranjaH.png\",\"contentUrl\":\"https:\/\/portalfadesp.org.br\/wp-content\/uploads\/2024\/01\/NOVOLOGOFADESPlaranjaH.png\",\"width\":2742,\"height\":839,\"caption\":\"FADESP\"},\"image\":{\"@id\":\"https:\/\/portalfadesp.org.br\/#\/schema\/logo\/image\/\"},\"sameAs\":[\"https:\/\/www.facebook.com\/Fadesp-138351949524662\/\",\"https:\/\/x.com\/Fadesp\",\"https:\/\/www.instagram.com\/fadesp_ufpa\/\",\"https:\/\/www.youtube.com\/@fundacaodeamparoedesenvolv1903\",\"https:\/\/www.threads.net\/@fadesp_ufpa\"]},{\"@type\":\"Person\",\"@id\":\"https:\/\/portalfadesp.org.br\/#\/schema\/person\/c1fa9db0c87dc412d1568e0e5e27be9c\",\"name\":\"Lorena Filgueiras\",\"image\":{\"@type\":\"ImageObject\",\"inLanguage\":\"pt-BR\",\"@id\":\"https:\/\/portalfadesp.org.br\/#\/schema\/person\/image\/\",\"url\":\"https:\/\/secure.gravatar.com\/avatar\/37390a2dfe1325c2917fc5f6df471abe8ab753cf23b2d14690f57bd61ab4b7cf?s=96&d=mm&r=g\",\"contentUrl\":\"https:\/\/secure.gravatar.com\/avatar\/37390a2dfe1325c2917fc5f6df471abe8ab753cf23b2d14690f57bd61ab4b7cf?s=96&d=mm&r=g\",\"caption\":\"Lorena Filgueiras\"},\"url\":\"https:\/\/portalfadesp.org.br\/?author=11\"}]}<\/script>\n<!-- \/ Yoast SEO plugin. -->","yoast_head_json":{"title":"UFPA inscreve para o Processo Seletivo de Resid\u00eancia Multiprofissional em Cl\u00ednica Integrada. Vagas para Odontologia, Servi\u00e7o Social, Biomedicina e Enfermagem. - FADESP","robots":{"index":"index","follow":"follow","max-snippet":"max-snippet:-1","max-image-preview":"max-image-preview:large","max-video-preview":"max-video-preview:-1"},"canonical":"https:\/\/portalfadesp.org.br\/?p=5067","og_locale":"pt_BR","og_type":"article","og_title":"UFPA inscreve para o Processo Seletivo de Resid\u00eancia Multiprofissional em Cl\u00ednica Integrada. Vagas para Odontologia, Servi\u00e7o Social, Biomedicina e Enfermagem. - FADESP","og_description":"A Universidade Federal do Par\u00e1 (UFPA) est\u00e1 com inscri\u00e7\u00f5es abertas para o Processo Seletivo de Resid\u00eancia Multiprofissional em Cl\u00ednica Integrada. S\u00e3o ofertadas dez vagas para a turma de 2020\/2022. Os interessados devem procurar a sala de administra\u00e7\u00e3o do Brasil Sorridente, localizada no Hospital Universit\u00e1rio Jo\u00e3o de Barros Barreto. Das dez vagas ofertadas, quatro s\u00e3o para [&hellip;]","og_url":"https:\/\/portalfadesp.org.br\/?p=5067","og_site_name":"FADESP","article_publisher":"https:\/\/www.facebook.com\/Fadesp-138351949524662\/","article_published_time":"2019-11-22T13:11:43+00:00","article_modified_time":"2022-12-20T20:30:57+00:00","og_image":[{"width":276,"height":183,"url":"https:\/\/portalfadesp.org.br\/wp-content\/uploads\/2019\/08\/2018-ICS-UFPA.jpg","type":"image\/jpeg"}],"author":"Lorena Filgueiras","twitter_card":"summary_large_image","twitter_creator":"@Fadesp","twitter_site":"@Fadesp","twitter_misc":{"Escrito por":"Lorena Filgueiras","Est. tempo de leitura":"2 minutos"},"schema":{"@context":"https:\/\/schema.org","@graph":[{"@type":"Article","@id":"https:\/\/portalfadesp.org.br\/?p=5067#article","isPartOf":{"@id":"https:\/\/portalfadesp.org.br\/?p=5067"},"author":{"name":"Lorena Filgueiras","@id":"https:\/\/portalfadesp.org.br\/#\/schema\/person\/c1fa9db0c87dc412d1568e0e5e27be9c"},"headline":"UFPA inscreve para o Processo Seletivo de Resid\u00eancia Multiprofissional em Cl\u00ednica Integrada. Vagas para Odontologia, Servi\u00e7o Social, Biomedicina e Enfermagem.","datePublished":"2019-11-22T13:11:43+00:00","dateModified":"2022-12-20T20:30:57+00:00","mainEntityOfPage":{"@id":"https:\/\/portalfadesp.org.br\/?p=5067"},"wordCount":351,"commentCount":0,"publisher":{"@id":"https:\/\/portalfadesp.org.br\/#organization"},"image":{"@id":"https:\/\/portalfadesp.org.br\/?p=5067#primaryimage"},"thumbnailUrl":"https:\/\/portalfadesp.org.br\/wp-content\/uploads\/2019\/08\/2018-ICS-UFPA.jpg","keywords":["biomedicina","enfermagem","odontologia","resid\u00eancia","servi\u00e7o social","UFPA"],"articleSection":["UFPA"],"inLanguage":"pt-BR"},{"@type":"WebPage","@id":"https:\/\/portalfadesp.org.br\/?p=5067","url":"https:\/\/portalfadesp.org.br\/?p=5067","name":"UFPA inscreve para o Processo Seletivo de Resid\u00eancia Multiprofissional em Cl\u00ednica Integrada. Vagas para Odontologia, Servi\u00e7o Social, Biomedicina e Enfermagem. - FADESP","isPartOf":{"@id":"https:\/\/portalfadesp.org.br\/#website"},"primaryImageOfPage":{"@id":"https:\/\/portalfadesp.org.br\/?p=5067#primaryimage"},"image":{"@id":"https:\/\/portalfadesp.org.br\/?p=5067#primaryimage"},"thumbnailUrl":"https:\/\/portalfadesp.org.br\/wp-content\/uploads\/2019\/08\/2018-ICS-UFPA.jpg","datePublished":"2019-11-22T13:11:43+00:00","dateModified":"2022-12-20T20:30:57+00:00","breadcrumb":{"@id":"https:\/\/portalfadesp.org.br\/?p=5067#breadcrumb"},"inLanguage":"pt-BR","potentialAction":[{"@type":"ReadAction","target":["https:\/\/portalfadesp.org.br\/?p=5067"]}]},{"@type":"ImageObject","inLanguage":"pt-BR","@id":"https:\/\/portalfadesp.org.br\/?p=5067#primaryimage","url":"https:\/\/portalfadesp.org.br\/wp-content\/uploads\/2019\/08\/2018-ICS-UFPA.jpg","contentUrl":"https:\/\/portalfadesp.org.br\/wp-content\/uploads\/2019\/08\/2018-ICS-UFPA.jpg","width":276,"height":183},{"@type":"BreadcrumbList","@id":"https:\/\/portalfadesp.org.br\/?p=5067#breadcrumb","itemListElement":[{"@type":"ListItem","position":1,"name":"In\u00edcio","item":"https:\/\/portalfadesp.org.br\/"},{"@type":"ListItem","position":2,"name":"UFPA inscreve para o Processo Seletivo de Resid\u00eancia Multiprofissional em Cl\u00ednica Integrada. Vagas para Odontologia, Servi\u00e7o Social, Biomedicina e Enfermagem."}]},{"@type":"WebSite","@id":"https:\/\/portalfadesp.org.br\/#website","url":"https:\/\/portalfadesp.org.br\/","name":"FADESP","description":"Funda\u00e7\u00e3o de Amparo e Desenvolvimento da Pesquisa","publisher":{"@id":"https:\/\/portalfadesp.org.br\/#organization"},"potentialAction":[{"@type":"SearchAction","target":{"@type":"EntryPoint","urlTemplate":"https:\/\/portalfadesp.org.br\/?s={search_term_string}"},"query-input":{"@type":"PropertyValueSpecification","valueRequired":true,"valueName":"search_term_string"}}],"inLanguage":"pt-BR"},{"@type":"Organization","@id":"https:\/\/portalfadesp.org.br\/#organization","name":"FADESP","url":"https:\/\/portalfadesp.org.br\/","logo":{"@type":"ImageObject","inLanguage":"pt-BR","@id":"https:\/\/portalfadesp.org.br\/#\/schema\/logo\/image\/","url":"https:\/\/portalfadesp.org.br\/wp-content\/uploads\/2024\/01\/NOVOLOGOFADESPlaranjaH.png","contentUrl":"https:\/\/portalfadesp.org.br\/wp-content\/uploads\/2024\/01\/NOVOLOGOFADESPlaranjaH.png","width":2742,"height":839,"caption":"FADESP"},"image":{"@id":"https:\/\/portalfadesp.org.br\/#\/schema\/logo\/image\/"},"sameAs":["https:\/\/www.facebook.com\/Fadesp-138351949524662\/","https:\/\/x.com\/Fadesp","https:\/\/www.instagram.com\/fadesp_ufpa\/","https:\/\/www.youtube.com\/@fundacaodeamparoedesenvolv1903","https:\/\/www.threads.net\/@fadesp_ufpa"]},{"@type":"Person","@id":"https:\/\/portalfadesp.org.br\/#\/schema\/person\/c1fa9db0c87dc412d1568e0e5e27be9c","name":"Lorena Filgueiras","image":{"@type":"ImageObject","inLanguage":"pt-BR","@id":"https:\/\/portalfadesp.org.br\/#\/schema\/person\/image\/","url":"https:\/\/secure.gravatar.com\/avatar\/37390a2dfe1325c2917fc5f6df471abe8ab753cf23b2d14690f57bd61ab4b7cf?s=96&d=mm&r=g","contentUrl":"https:\/\/secure.gravatar.com\/avatar\/37390a2dfe1325c2917fc5f6df471abe8ab753cf23b2d14690f57bd61ab4b7cf?s=96&d=mm&r=g","caption":"Lorena Filgueiras"},"url":"https:\/\/portalfadesp.org.br\/?author=11"}]}},"_links":{"self":[{"href":"https:\/\/portalfadesp.org.br\/index.php?rest_route=\/wp\/v2\/posts\/5067","targetHints":{"allow":["GET"]}}],"collection":[{"href":"https:\/\/portalfadesp.org.br\/index.php?rest_route=\/wp\/v2\/posts"}],"about":[{"href":"https:\/\/portalfadesp.org.br\/index.php?rest_route=\/wp\/v2\/types\/post"}],"author":[{"embeddable":true,"href":"https:\/\/portalfadesp.org.br\/index.php?rest_route=\/wp\/v2\/users\/11"}],"replies":[{"embeddable":true,"href":"https:\/\/portalfadesp.org.br\/index.php?rest_route=%2Fwp%2Fv2%2Fcomments&post=5067"}],"version-history":[{"count":2,"href":"https:\/\/portalfadesp.org.br\/index.php?rest_route=\/wp\/v2\/posts\/5067\/revisions"}],"predecessor-version":[{"id":37751,"href":"https:\/\/portalfadesp.org.br\/index.php?rest_route=\/wp\/v2\/posts\/5067\/revisions\/37751"}],"wp:featuredmedia":[{"embeddable":true,"href":"https:\/\/portalfadesp.org.br\/index.php?rest_route=\/wp\/v2\/media\/3613"}],"wp:attachment":[{"href":"https:\/\/portalfadesp.org.br\/index.php?rest_route=%2Fwp%2Fv2%2Fmedia&parent=5067"}],"wp:term":[{"taxonomy":"category","embeddable":true,"href":"https:\/\/portalfadesp.org.br\/index.php?rest_route=%2Fwp%2Fv2%2Fcategories&post=5067"},{"taxonomy":"post_tag","embeddable":true,"href":"https:\/\/portalfadesp.org.br\/index.php?rest_route=%2Fwp%2Fv2%2Ftags&post=5067"}],"curies":[{"name":"wp","href":"https:\/\/api.w.org\/{rel}","templated":true}]}}