{"id":5060,"date":"2019-11-21T14:34:55","date_gmt":"2019-11-21T17:34:55","guid":{"rendered":"https:\/\/162.215.13.167?p=5060"},"modified":"2022-12-20T17:30:54","modified_gmt":"2022-12-20T20:30:54","slug":"fadesp-seleciona-profissional-da-area-de-infraestrutura-de-redes-para-projeto-em-ti-ate-28-de-novembro","status":"publish","type":"post","link":"https:\/\/portalfadesp.org.br\/?p=5060","title":{"rendered":"FADESP seleciona profissional da \u00e1rea de &#8220;Infraestrutura de Redes&#8221; para projeto em TI, at\u00e9 28 de novembro."},"content":{"rendered":"\n<p>A Funda\u00e7\u00e3o de Amparo e Desenvolvimento da Pesquisa (FADESP) est\u00e1 selecionando profissional da \u00e1rea de &#8220;Infraestrutura de Redes &#8221; para atuar em projeto de Tecnologia da Informa\u00e7\u00e3o. Os interessados devem enviar o curr\u00edculo para o email  <strong>selecaoti@fadesp.org.br<\/strong>, com o t\u00edtulo &#8220;ANALISTA SUPORTE DE REDES&#8221;, at\u00e9 o dia 28 deste m\u00eas de novembro. <\/p>\n\n\n\n<p>A sele\u00e7\u00e3o ter\u00e1 duas etapas. A primeira ser\u00e1 a de an\u00e1lise dos curr\u00edculos e a segunda ser\u00e1 a entrevista realizada com os candidatos que forem selecionados atrav\u00e9s da an\u00e1lise curricular. Os selecionados receber\u00e3o e-mail de notifica\u00e7\u00e3o, informando a hora e o local da entrevista.<\/p>\n\n\n\n<p>Para se candidatar, s\u00e3o necess\u00e1rios os pr\u00e9-requisitos abaixo. Para obter mais informa\u00e7\u00f5es, o candidato deve enviar email para <strong>selecaoti@fadesp.org.br<\/strong>.<\/p>\n\n\n\n<ul class=\"wp-block-list\">\n<li>Curso Superior completo na \u00e1rea de tecnologia;<\/li>\n\n\n\n<li>Experi\u00eancia m\u00ednima de 03 anos na \u00e1rea de suporte de redes com \u00eanfase em Interconex\u00e3o, Firewall, Vmware, Windows, Linux e demais servi\u00e7os LAN e WAN.<\/li>\n<\/ul>\n\n\n\n<p><strong>Conhecimentos\nEspec\u00edficos:<\/strong><strong> <\/strong><\/p>\n\n\n\n<ul class=\"wp-block-list\">\n<li>Ingl\u00eas T\u00e9cnico Intermedi\u00e1rio;<\/li>\n\n\n\n<li>Conhecimento avan\u00e7ado de Inform\u00e1tica;<\/li>\n\n\n\n<li>Conhecimentos Intermedi\u00e1rios e avan\u00e7ados no processo de\nadministra\u00e7\u00e3o das seguintes plataformas e servi\u00e7os;<\/li>\n\n\n\n<li>Sistema Operacionais Windows Server;<\/li>\n\n\n\n<li>Active Directory; <\/li>\n\n\n\n<li>Certificate Services; <\/li>\n\n\n\n<li>Cluster e NLB; <\/li>\n\n\n\n<li>Terminal Server; <\/li>\n\n\n\n<li>DFS;\n<\/li>\n\n\n\n<li>Ambientes em Cluster; <\/li>\n\n\n\n<li>Ambientes de Alta disponibilidade; <\/li>\n\n\n\n<li>Hyper-V;<\/li>\n\n\n\n<li>Redes de Computadores e Seguran\u00e7a;<\/li>\n\n\n\n<li>Debugging e Troubleshooting; <\/li>\n\n\n\n<li>Sistemas Operacionais GNU\/Linux; <\/li>\n\n\n\n<li>Conceitos em rede de computadores (TCP\/IP, Switch,\nRoteador, Firewall, VPN);\n<\/li>\n\n\n\n<li>Configura\u00e7\u00e3o de placas e rotas de rede; <\/li>\n\n\n\n<li>Servidor SSH, Servidor Web,Servidor de proxy Servidor de DNS, Servidor FTP,Servidor Samba \/ NFS; Servidor de LDAP ( OpenLDAP );<\/li>\n\n\n\n<li>Virtualiza\u00e7\u00e3o (VMware ); <\/li>\n\n\n\n<li>No\u00e7\u00f5es de arquiteturas de Hardware de computadores ( SCSI,\nRAID, HBA );\n<\/li>\n\n\n\n<li>Servidor de e-mail ( Postfix, Qmail, Sendmail ou Zimbra); <\/li>\n\n\n\n<li>Compila\u00e7\u00e3o de Kernel; <\/li>\n\n\n\n<li>Instala\u00e7\u00e3o de pacotes ( .rpm ,.deb e .tgz ); <\/li>\n\n\n\n<li>Shell Script; <\/li>\n\n\n\n<li>Comandos de administra\u00e7\u00e3o do sistema operacional; <\/li>\n\n\n\n<li>Particionamento de disco e Filesystems (ext2, ext3,\nriserfs, xfs, ntfs );\n<\/li>\n\n\n\n<li>Conhecimentos dos padr\u00f5es FHS e LSB; <\/li>\n\n\n\n<li>Gerenciamento de Permiss\u00f5es de arquivo;<\/li>\n\n\n\n<li>Agendamento de tarefas ( cron, at );<\/li>\n\n\n\n<li>Filtro de pacotes (Iptables \/ PF ); <\/li>\n\n\n\n<li>Plataforma JAVA ( Tomcat); <\/li>\n\n\n\n<li>Configura\u00e7\u00e3o e utiliza\u00e7\u00e3o de discos em Storage;<\/li>\n\n\n\n<li>Desej\u00e1vel conhecimento em sistemas operacionais Red Hat ou\nCentOs;\n<\/li>\n\n\n\n<li>Experi\u00eancia em atendimento \u00e0 clientes. <\/li>\n<\/ul>\n\n\n\n<p><strong>Certifica\u00e7\u00f5es Desej\u00e1veis<\/strong>:<\/p>\n\n\n\n<ul class=\"wp-block-list\">\n<li>System Administrator nas plataformas LPI, MCP;<\/li>\n\n\n\n<li>ITIL, COBIT, PMBOK.<\/li>\n<\/ul>\n","protected":false},"excerpt":{"rendered":"<p>A Funda\u00e7\u00e3o de Amparo e Desenvolvimento da Pesquisa (FADESP) est\u00e1 selecionando profissional da \u00e1rea de &#8220;Infraestrutura de Redes &#8221; para atuar em projeto de Tecnologia da Informa\u00e7\u00e3o. Os interessados devem enviar o curr\u00edculo para o email selecaoti@fadesp.org.br, com o t\u00edtulo &#8220;ANALISTA SUPORTE DE REDES&#8221;, at\u00e9 o dia 28 deste m\u00eas de novembro. A sele\u00e7\u00e3o ter\u00e1 [&hellip;]<\/p>\n","protected":false},"author":11,"featured_media":3221,"comment_status":"open","ping_status":"open","sticky":false,"template":"","format":"standard","meta":{"_monsterinsights_skip_tracking":false,"_monsterinsights_sitenote_active":false,"_monsterinsights_sitenote_note":"","_monsterinsights_sitenote_category":0,"footnotes":""},"categories":[1],"tags":[23,105,98],"class_list":["post-5060","post","type-post","status-publish","format-standard","has-post-thumbnail","hentry","category-geral","tag-oportunidade","tag-selecao","tag-tecnologia-da-informacao","entry","has-media"],"yoast_head":"<!-- This site is optimized with the Yoast SEO plugin v25.1 - https:\/\/yoast.com\/wordpress\/plugins\/seo\/ -->\n<title>FADESP seleciona profissional da \u00e1rea de &quot;Infraestrutura de Redes&quot; para projeto em TI, at\u00e9 28 de novembro. - FADESP<\/title>\n<meta name=\"robots\" content=\"index, follow, max-snippet:-1, max-image-preview:large, max-video-preview:-1\" \/>\n<link rel=\"canonical\" href=\"https:\/\/portalfadesp.org.br\/?p=5060\" \/>\n<meta property=\"og:locale\" content=\"pt_BR\" \/>\n<meta property=\"og:type\" content=\"article\" \/>\n<meta property=\"og:title\" content=\"FADESP seleciona profissional da \u00e1rea de &quot;Infraestrutura de Redes&quot; para projeto em TI, at\u00e9 28 de novembro. - FADESP\" \/>\n<meta property=\"og:description\" content=\"A Funda\u00e7\u00e3o de Amparo e Desenvolvimento da Pesquisa (FADESP) est\u00e1 selecionando profissional da \u00e1rea de &#8220;Infraestrutura de Redes &#8221; para atuar em projeto de Tecnologia da Informa\u00e7\u00e3o. Os interessados devem enviar o curr\u00edculo para o email selecaoti@fadesp.org.br, com o t\u00edtulo &#8220;ANALISTA SUPORTE DE REDES&#8221;, at\u00e9 o dia 28 deste m\u00eas de novembro. A sele\u00e7\u00e3o ter\u00e1 [&hellip;]\" \/>\n<meta property=\"og:url\" content=\"https:\/\/portalfadesp.org.br\/?p=5060\" \/>\n<meta property=\"og:site_name\" content=\"FADESP\" \/>\n<meta property=\"article:publisher\" content=\"https:\/\/www.facebook.com\/Fadesp-138351949524662\/\" \/>\n<meta property=\"article:published_time\" content=\"2019-11-21T17:34:55+00:00\" \/>\n<meta property=\"article:modified_time\" content=\"2022-12-20T20:30:54+00:00\" \/>\n<meta property=\"og:image\" content=\"https:\/\/portalfadesp.org.br\/wp-content\/uploads\/2019\/08\/sele\u00e7\u00e3o-pra-projeto-de-TI-1.jpg\" \/>\n\t<meta property=\"og:image:width\" content=\"250\" \/>\n\t<meta property=\"og:image:height\" content=\"181\" \/>\n\t<meta property=\"og:image:type\" content=\"image\/jpeg\" \/>\n<meta name=\"author\" content=\"Lorena Filgueiras\" \/>\n<meta name=\"twitter:card\" content=\"summary_large_image\" \/>\n<meta name=\"twitter:creator\" content=\"@Fadesp\" \/>\n<meta name=\"twitter:site\" content=\"@Fadesp\" \/>\n<meta name=\"twitter:label1\" content=\"Escrito por\" \/>\n\t<meta name=\"twitter:data1\" content=\"Lorena Filgueiras\" \/>\n\t<meta name=\"twitter:label2\" content=\"Est. tempo de leitura\" \/>\n\t<meta name=\"twitter:data2\" content=\"2 minutos\" \/>\n<script type=\"application\/ld+json\" class=\"yoast-schema-graph\">{\"@context\":\"https:\/\/schema.org\",\"@graph\":[{\"@type\":\"Article\",\"@id\":\"https:\/\/portalfadesp.org.br\/?p=5060#article\",\"isPartOf\":{\"@id\":\"https:\/\/portalfadesp.org.br\/?p=5060\"},\"author\":{\"name\":\"Lorena Filgueiras\",\"@id\":\"https:\/\/portalfadesp.org.br\/#\/schema\/person\/c1fa9db0c87dc412d1568e0e5e27be9c\"},\"headline\":\"FADESP seleciona profissional da \u00e1rea de &#8220;Infraestrutura de Redes&#8221; para projeto em TI, at\u00e9 28 de novembro.\",\"datePublished\":\"2019-11-21T17:34:55+00:00\",\"dateModified\":\"2022-12-20T20:30:54+00:00\",\"mainEntityOfPage\":{\"@id\":\"https:\/\/portalfadesp.org.br\/?p=5060\"},\"wordCount\":407,\"commentCount\":0,\"publisher\":{\"@id\":\"https:\/\/portalfadesp.org.br\/#organization\"},\"image\":{\"@id\":\"https:\/\/portalfadesp.org.br\/?p=5060#primaryimage\"},\"thumbnailUrl\":\"https:\/\/portalfadesp.org.br\/wp-content\/uploads\/2019\/08\/sele\u00e7\u00e3o-pra-projeto-de-TI-1.jpg\",\"keywords\":[\"oportunidade\",\"sele\u00e7\u00e3o\",\"tecnologia da informa\u00e7\u00e3o\"],\"articleSection\":[\"Geral\"],\"inLanguage\":\"pt-BR\"},{\"@type\":\"WebPage\",\"@id\":\"https:\/\/portalfadesp.org.br\/?p=5060\",\"url\":\"https:\/\/portalfadesp.org.br\/?p=5060\",\"name\":\"FADESP seleciona profissional da \u00e1rea de \\\"Infraestrutura de Redes\\\" para projeto em TI, at\u00e9 28 de novembro. - FADESP\",\"isPartOf\":{\"@id\":\"https:\/\/portalfadesp.org.br\/#website\"},\"primaryImageOfPage\":{\"@id\":\"https:\/\/portalfadesp.org.br\/?p=5060#primaryimage\"},\"image\":{\"@id\":\"https:\/\/portalfadesp.org.br\/?p=5060#primaryimage\"},\"thumbnailUrl\":\"https:\/\/portalfadesp.org.br\/wp-content\/uploads\/2019\/08\/sele\u00e7\u00e3o-pra-projeto-de-TI-1.jpg\",\"datePublished\":\"2019-11-21T17:34:55+00:00\",\"dateModified\":\"2022-12-20T20:30:54+00:00\",\"breadcrumb\":{\"@id\":\"https:\/\/portalfadesp.org.br\/?p=5060#breadcrumb\"},\"inLanguage\":\"pt-BR\",\"potentialAction\":[{\"@type\":\"ReadAction\",\"target\":[\"https:\/\/portalfadesp.org.br\/?p=5060\"]}]},{\"@type\":\"ImageObject\",\"inLanguage\":\"pt-BR\",\"@id\":\"https:\/\/portalfadesp.org.br\/?p=5060#primaryimage\",\"url\":\"https:\/\/portalfadesp.org.br\/wp-content\/uploads\/2019\/08\/sele\u00e7\u00e3o-pra-projeto-de-TI-1.jpg\",\"contentUrl\":\"https:\/\/portalfadesp.org.br\/wp-content\/uploads\/2019\/08\/sele\u00e7\u00e3o-pra-projeto-de-TI-1.jpg\",\"width\":250,\"height\":181},{\"@type\":\"BreadcrumbList\",\"@id\":\"https:\/\/portalfadesp.org.br\/?p=5060#breadcrumb\",\"itemListElement\":[{\"@type\":\"ListItem\",\"position\":1,\"name\":\"In\u00edcio\",\"item\":\"https:\/\/portalfadesp.org.br\/\"},{\"@type\":\"ListItem\",\"position\":2,\"name\":\"FADESP seleciona profissional da \u00e1rea de &#8220;Infraestrutura de Redes&#8221; para projeto em TI, at\u00e9 28 de novembro.\"}]},{\"@type\":\"WebSite\",\"@id\":\"https:\/\/portalfadesp.org.br\/#website\",\"url\":\"https:\/\/portalfadesp.org.br\/\",\"name\":\"FADESP\",\"description\":\"Funda\u00e7\u00e3o de Amparo e Desenvolvimento da Pesquisa\",\"publisher\":{\"@id\":\"https:\/\/portalfadesp.org.br\/#organization\"},\"potentialAction\":[{\"@type\":\"SearchAction\",\"target\":{\"@type\":\"EntryPoint\",\"urlTemplate\":\"https:\/\/portalfadesp.org.br\/?s={search_term_string}\"},\"query-input\":{\"@type\":\"PropertyValueSpecification\",\"valueRequired\":true,\"valueName\":\"search_term_string\"}}],\"inLanguage\":\"pt-BR\"},{\"@type\":\"Organization\",\"@id\":\"https:\/\/portalfadesp.org.br\/#organization\",\"name\":\"FADESP\",\"url\":\"https:\/\/portalfadesp.org.br\/\",\"logo\":{\"@type\":\"ImageObject\",\"inLanguage\":\"pt-BR\",\"@id\":\"https:\/\/portalfadesp.org.br\/#\/schema\/logo\/image\/\",\"url\":\"https:\/\/portalfadesp.org.br\/wp-content\/uploads\/2024\/01\/NOVOLOGOFADESPlaranjaH.png\",\"contentUrl\":\"https:\/\/portalfadesp.org.br\/wp-content\/uploads\/2024\/01\/NOVOLOGOFADESPlaranjaH.png\",\"width\":2742,\"height\":839,\"caption\":\"FADESP\"},\"image\":{\"@id\":\"https:\/\/portalfadesp.org.br\/#\/schema\/logo\/image\/\"},\"sameAs\":[\"https:\/\/www.facebook.com\/Fadesp-138351949524662\/\",\"https:\/\/x.com\/Fadesp\",\"https:\/\/www.instagram.com\/fadesp_ufpa\/\",\"https:\/\/www.youtube.com\/@fundacaodeamparoedesenvolv1903\",\"https:\/\/www.threads.net\/@fadesp_ufpa\"]},{\"@type\":\"Person\",\"@id\":\"https:\/\/portalfadesp.org.br\/#\/schema\/person\/c1fa9db0c87dc412d1568e0e5e27be9c\",\"name\":\"Lorena Filgueiras\",\"image\":{\"@type\":\"ImageObject\",\"inLanguage\":\"pt-BR\",\"@id\":\"https:\/\/portalfadesp.org.br\/#\/schema\/person\/image\/\",\"url\":\"https:\/\/secure.gravatar.com\/avatar\/37390a2dfe1325c2917fc5f6df471abe8ab753cf23b2d14690f57bd61ab4b7cf?s=96&d=mm&r=g\",\"contentUrl\":\"https:\/\/secure.gravatar.com\/avatar\/37390a2dfe1325c2917fc5f6df471abe8ab753cf23b2d14690f57bd61ab4b7cf?s=96&d=mm&r=g\",\"caption\":\"Lorena Filgueiras\"},\"url\":\"https:\/\/portalfadesp.org.br\/?author=11\"}]}<\/script>\n<!-- \/ Yoast SEO plugin. -->","yoast_head_json":{"title":"FADESP seleciona profissional da \u00e1rea de \"Infraestrutura de Redes\" para projeto em TI, at\u00e9 28 de novembro. - FADESP","robots":{"index":"index","follow":"follow","max-snippet":"max-snippet:-1","max-image-preview":"max-image-preview:large","max-video-preview":"max-video-preview:-1"},"canonical":"https:\/\/portalfadesp.org.br\/?p=5060","og_locale":"pt_BR","og_type":"article","og_title":"FADESP seleciona profissional da \u00e1rea de \"Infraestrutura de Redes\" para projeto em TI, at\u00e9 28 de novembro. - FADESP","og_description":"A Funda\u00e7\u00e3o de Amparo e Desenvolvimento da Pesquisa (FADESP) est\u00e1 selecionando profissional da \u00e1rea de &#8220;Infraestrutura de Redes &#8221; para atuar em projeto de Tecnologia da Informa\u00e7\u00e3o. Os interessados devem enviar o curr\u00edculo para o email selecaoti@fadesp.org.br, com o t\u00edtulo &#8220;ANALISTA SUPORTE DE REDES&#8221;, at\u00e9 o dia 28 deste m\u00eas de novembro. A sele\u00e7\u00e3o ter\u00e1 [&hellip;]","og_url":"https:\/\/portalfadesp.org.br\/?p=5060","og_site_name":"FADESP","article_publisher":"https:\/\/www.facebook.com\/Fadesp-138351949524662\/","article_published_time":"2019-11-21T17:34:55+00:00","article_modified_time":"2022-12-20T20:30:54+00:00","og_image":[{"width":250,"height":181,"url":"https:\/\/portalfadesp.org.br\/wp-content\/uploads\/2019\/08\/sele\u00e7\u00e3o-pra-projeto-de-TI-1.jpg","type":"image\/jpeg"}],"author":"Lorena Filgueiras","twitter_card":"summary_large_image","twitter_creator":"@Fadesp","twitter_site":"@Fadesp","twitter_misc":{"Escrito por":"Lorena Filgueiras","Est. tempo de leitura":"2 minutos"},"schema":{"@context":"https:\/\/schema.org","@graph":[{"@type":"Article","@id":"https:\/\/portalfadesp.org.br\/?p=5060#article","isPartOf":{"@id":"https:\/\/portalfadesp.org.br\/?p=5060"},"author":{"name":"Lorena Filgueiras","@id":"https:\/\/portalfadesp.org.br\/#\/schema\/person\/c1fa9db0c87dc412d1568e0e5e27be9c"},"headline":"FADESP seleciona profissional da \u00e1rea de &#8220;Infraestrutura de Redes&#8221; para projeto em TI, at\u00e9 28 de novembro.","datePublished":"2019-11-21T17:34:55+00:00","dateModified":"2022-12-20T20:30:54+00:00","mainEntityOfPage":{"@id":"https:\/\/portalfadesp.org.br\/?p=5060"},"wordCount":407,"commentCount":0,"publisher":{"@id":"https:\/\/portalfadesp.org.br\/#organization"},"image":{"@id":"https:\/\/portalfadesp.org.br\/?p=5060#primaryimage"},"thumbnailUrl":"https:\/\/portalfadesp.org.br\/wp-content\/uploads\/2019\/08\/sele\u00e7\u00e3o-pra-projeto-de-TI-1.jpg","keywords":["oportunidade","sele\u00e7\u00e3o","tecnologia da informa\u00e7\u00e3o"],"articleSection":["Geral"],"inLanguage":"pt-BR"},{"@type":"WebPage","@id":"https:\/\/portalfadesp.org.br\/?p=5060","url":"https:\/\/portalfadesp.org.br\/?p=5060","name":"FADESP seleciona profissional da \u00e1rea de \"Infraestrutura de Redes\" para projeto em TI, at\u00e9 28 de novembro. - FADESP","isPartOf":{"@id":"https:\/\/portalfadesp.org.br\/#website"},"primaryImageOfPage":{"@id":"https:\/\/portalfadesp.org.br\/?p=5060#primaryimage"},"image":{"@id":"https:\/\/portalfadesp.org.br\/?p=5060#primaryimage"},"thumbnailUrl":"https:\/\/portalfadesp.org.br\/wp-content\/uploads\/2019\/08\/sele\u00e7\u00e3o-pra-projeto-de-TI-1.jpg","datePublished":"2019-11-21T17:34:55+00:00","dateModified":"2022-12-20T20:30:54+00:00","breadcrumb":{"@id":"https:\/\/portalfadesp.org.br\/?p=5060#breadcrumb"},"inLanguage":"pt-BR","potentialAction":[{"@type":"ReadAction","target":["https:\/\/portalfadesp.org.br\/?p=5060"]}]},{"@type":"ImageObject","inLanguage":"pt-BR","@id":"https:\/\/portalfadesp.org.br\/?p=5060#primaryimage","url":"https:\/\/portalfadesp.org.br\/wp-content\/uploads\/2019\/08\/sele\u00e7\u00e3o-pra-projeto-de-TI-1.jpg","contentUrl":"https:\/\/portalfadesp.org.br\/wp-content\/uploads\/2019\/08\/sele\u00e7\u00e3o-pra-projeto-de-TI-1.jpg","width":250,"height":181},{"@type":"BreadcrumbList","@id":"https:\/\/portalfadesp.org.br\/?p=5060#breadcrumb","itemListElement":[{"@type":"ListItem","position":1,"name":"In\u00edcio","item":"https:\/\/portalfadesp.org.br\/"},{"@type":"ListItem","position":2,"name":"FADESP seleciona profissional da \u00e1rea de &#8220;Infraestrutura de Redes&#8221; para projeto em TI, at\u00e9 28 de novembro."}]},{"@type":"WebSite","@id":"https:\/\/portalfadesp.org.br\/#website","url":"https:\/\/portalfadesp.org.br\/","name":"FADESP","description":"Funda\u00e7\u00e3o de Amparo e Desenvolvimento da Pesquisa","publisher":{"@id":"https:\/\/portalfadesp.org.br\/#organization"},"potentialAction":[{"@type":"SearchAction","target":{"@type":"EntryPoint","urlTemplate":"https:\/\/portalfadesp.org.br\/?s={search_term_string}"},"query-input":{"@type":"PropertyValueSpecification","valueRequired":true,"valueName":"search_term_string"}}],"inLanguage":"pt-BR"},{"@type":"Organization","@id":"https:\/\/portalfadesp.org.br\/#organization","name":"FADESP","url":"https:\/\/portalfadesp.org.br\/","logo":{"@type":"ImageObject","inLanguage":"pt-BR","@id":"https:\/\/portalfadesp.org.br\/#\/schema\/logo\/image\/","url":"https:\/\/portalfadesp.org.br\/wp-content\/uploads\/2024\/01\/NOVOLOGOFADESPlaranjaH.png","contentUrl":"https:\/\/portalfadesp.org.br\/wp-content\/uploads\/2024\/01\/NOVOLOGOFADESPlaranjaH.png","width":2742,"height":839,"caption":"FADESP"},"image":{"@id":"https:\/\/portalfadesp.org.br\/#\/schema\/logo\/image\/"},"sameAs":["https:\/\/www.facebook.com\/Fadesp-138351949524662\/","https:\/\/x.com\/Fadesp","https:\/\/www.instagram.com\/fadesp_ufpa\/","https:\/\/www.youtube.com\/@fundacaodeamparoedesenvolv1903","https:\/\/www.threads.net\/@fadesp_ufpa"]},{"@type":"Person","@id":"https:\/\/portalfadesp.org.br\/#\/schema\/person\/c1fa9db0c87dc412d1568e0e5e27be9c","name":"Lorena Filgueiras","image":{"@type":"ImageObject","inLanguage":"pt-BR","@id":"https:\/\/portalfadesp.org.br\/#\/schema\/person\/image\/","url":"https:\/\/secure.gravatar.com\/avatar\/37390a2dfe1325c2917fc5f6df471abe8ab753cf23b2d14690f57bd61ab4b7cf?s=96&d=mm&r=g","contentUrl":"https:\/\/secure.gravatar.com\/avatar\/37390a2dfe1325c2917fc5f6df471abe8ab753cf23b2d14690f57bd61ab4b7cf?s=96&d=mm&r=g","caption":"Lorena Filgueiras"},"url":"https:\/\/portalfadesp.org.br\/?author=11"}]}},"_links":{"self":[{"href":"https:\/\/portalfadesp.org.br\/index.php?rest_route=\/wp\/v2\/posts\/5060","targetHints":{"allow":["GET"]}}],"collection":[{"href":"https:\/\/portalfadesp.org.br\/index.php?rest_route=\/wp\/v2\/posts"}],"about":[{"href":"https:\/\/portalfadesp.org.br\/index.php?rest_route=\/wp\/v2\/types\/post"}],"author":[{"embeddable":true,"href":"https:\/\/portalfadesp.org.br\/index.php?rest_route=\/wp\/v2\/users\/11"}],"replies":[{"embeddable":true,"href":"https:\/\/portalfadesp.org.br\/index.php?rest_route=%2Fwp%2Fv2%2Fcomments&post=5060"}],"version-history":[{"count":3,"href":"https:\/\/portalfadesp.org.br\/index.php?rest_route=\/wp\/v2\/posts\/5060\/revisions"}],"predecessor-version":[{"id":37750,"href":"https:\/\/portalfadesp.org.br\/index.php?rest_route=\/wp\/v2\/posts\/5060\/revisions\/37750"}],"wp:featuredmedia":[{"embeddable":true,"href":"https:\/\/portalfadesp.org.br\/index.php?rest_route=\/wp\/v2\/media\/3221"}],"wp:attachment":[{"href":"https:\/\/portalfadesp.org.br\/index.php?rest_route=%2Fwp%2Fv2%2Fmedia&parent=5060"}],"wp:term":[{"taxonomy":"category","embeddable":true,"href":"https:\/\/portalfadesp.org.br\/index.php?rest_route=%2Fwp%2Fv2%2Fcategories&post=5060"},{"taxonomy":"post_tag","embeddable":true,"href":"https:\/\/portalfadesp.org.br\/index.php?rest_route=%2Fwp%2Fv2%2Ftags&post=5060"}],"curies":[{"name":"wp","href":"https:\/\/api.w.org\/{rel}","templated":true}]}}