{"id":50143,"date":"2025-06-11T15:18:18","date_gmt":"2025-06-11T18:18:18","guid":{"rendered":"https:\/\/portalfadesp.org.br\/?p=50143"},"modified":"2025-06-11T15:36:21","modified_gmt":"2025-06-11T18:36:21","slug":"ideias-sustentaveis-edital-financiara-projetos","status":"publish","type":"post","link":"https:\/\/portalfadesp.org.br\/?p=50143","title":{"rendered":"Ideias sustent\u00e1veis: edital financiar\u00e1 projetos"},"content":{"rendered":"\n<p><strong><em>Com informa\u00e7\u00f5es ASCOM UFPA<\/em><\/strong><\/p>\n\n\n\n<div style=\"height:30px\" aria-hidden=\"true\" class=\"wp-block-spacer\"><\/div>\n\n\n\n<p>Nesta quarta-feira, 11 de junho, a Universidade Federal do Par\u00e1 (UFPA) lan\u00e7ou o primeiro edital do Distrito de Inova\u00e7\u00e3o e Bioeconomia de Bel\u00e9m (DIBB), uma iniciativa que busca transformar a capital paraense em refer\u00eancia mundial em solu\u00e7\u00f5es baseadas na sociobiodiversidade amaz\u00f4nica e em tecnologias para cidades sustent\u00e1veis. A Funda\u00e7\u00e3o de Amparo e Desenvolvimento da Pesquisa (FADESP) \u00e9 a respons\u00e1vel pela coordena\u00e7\u00e3o do edital.<\/p>\n\n\n\n<div style=\"height:30px\" aria-hidden=\"true\" class=\"wp-block-spacer\"><\/div>\n\n\n\n<p>Com apoio da Prefeitura de Bel\u00e9m, da Itaipu Binacional e da Funda\u00e7\u00e3o Parque Tecnol\u00f3gico Itaipu, <strong>o edital DIBB 01\/2025<\/strong> ir\u00e1 selecionar at\u00e9 dez propostas com apoio financeiro que pode chegar a R$ 150 mil por projeto. O foco est\u00e1 em dois grandes eixos: <strong>Bioeconomia<\/strong> e <strong>Solu\u00e7\u00f5es Urbanas<\/strong>, somando R$ 500 mil em recursos dispon\u00edveis.<\/p>\n\n\n\n<p>O programa tem dura\u00e7\u00e3o de tr\u00eas meses e inclui atividades h\u00edbridas (presenciais e online), oficinas, mentorias, consultorias t\u00e9cnicas e eventos de conex\u00e3o com o ecossistema de inova\u00e7\u00e3o.<\/p>\n\n\n\n<div style=\"height:30px\" aria-hidden=\"true\" class=\"wp-block-spacer\"><\/div>\n\n\n\n<p><strong><mark style=\"background-color:rgba(0, 0, 0, 0)\" class=\"has-inline-color has-luminous-vivid-orange-color\">Modalidades de apoio<\/mark><\/strong><\/p>\n\n\n\n<p>O edital contempla duas categoras:<\/p>\n\n\n\n<div style=\"height:15px\" aria-hidden=\"true\" class=\"wp-block-spacer\"><\/div>\n\n\n\n<p><strong>Pr\u00e9-incuba\u00e7\u00e3o<\/strong>, voltada a ideias em fase inicial, com aporte de at\u00e9 R$ 50 mil;<\/p>\n\n\n\n<p><strong>Acelera\u00e7\u00e3o<\/strong>, destinada a neg\u00f3cios em opera\u00e7\u00e3o, com aporte de at\u00e9 R$ 150 mil.<\/p>\n\n\n\n<div style=\"height:30px\" aria-hidden=\"true\" class=\"wp-block-spacer\"><\/div>\n\n\n\n<p>As propostas devem estar alinhadas aos temas de valoriza\u00e7\u00e3o da sociobiodiversidade amaz\u00f4nica e desenvolvimento urbano sustent\u00e1vel, abrangendo \u00e1reas como bioativos, alimentos amaz\u00f4nicos, cosm\u00e9ticos, biotecnologia, log\u00edstica verde, agricultura urbana, energia renov\u00e1vel, mobilidade, saneamento, moda sustent\u00e1vel, res\u00edduos s\u00f3lidos, entre outras.<\/p>\n\n\n\n<div style=\"height:20px\" aria-hidden=\"true\" class=\"wp-block-spacer\"><\/div>\n\n\n\n<p><br><strong><mark style=\"background-color:rgba(0, 0, 0, 0)\" class=\"has-inline-color has-luminous-vivid-orange-color\">Quem pode participar?<br><\/mark><\/strong>Poder\u00e3o se inscrever pessoas f\u00edsicas, empreendedores, profissionais e empresas que atuem ou desejem desenvolver seus neg\u00f3cios na Regi\u00e3o Metropolitana de Bel\u00e9m, que inclui os munic\u00edpios de Bel\u00e9m, Ananindeua, Marituba, Benevides, Santa B\u00e1rbara do Par\u00e1, Santa Izabel do Par\u00e1, Castanhal e Barcarena.<\/p>\n\n\n\n<div style=\"height:0px\" aria-hidden=\"true\" class=\"wp-block-spacer\"><\/div>\n\n\n\n<p><br>S\u00e3o eleg\u00edveis:<br>-Pessoas f\u00edsicas com ideias em est\u00e1gio inicial (devem formalizar empresa em caso de aprova\u00e7\u00e3o);<br>-Micro e pequenas empresas (com faturamento anual de at\u00e9 R$ 1,2 milh\u00e3o);<br>-Microempreendedores Individuais (MEIs);<br>-Servidores p\u00fablicos com autoriza\u00e7\u00e3o da institui\u00e7\u00e3o de origem.<\/p>\n\n\n\n<div style=\"height:30px\" aria-hidden=\"true\" class=\"wp-block-spacer\"><\/div>\n\n\n\n<p><br>As inscri\u00e7\u00f5es seguem at\u00e9 11 de julho de 2025, \u00e0s 23h59 (hor\u00e1rio de Bras\u00edlia), por meio do site<mark style=\"background-color:rgba(0, 0, 0, 0)\" class=\"has-inline-color has-vivid-cyan-blue-color\"> <a href=\"http:\/\/www.dibbelem.com.br\">www.dibbelem.com.br<\/a><\/mark><br>Com a coordena\u00e7\u00e3o da FADESP, o edital refor\u00e7a o compromisso conjunto das institui\u00e7\u00f5es envolvidas com a inova\u00e7\u00e3o, o empreendedorismo e a valoriza\u00e7\u00e3o da Amaz\u00f4nia como territ\u00f3rio estrat\u00e9gico para solu\u00e7\u00f5es sustent\u00e1veis.<\/p>\n\n\n\n<p><\/p>\n","protected":false},"excerpt":{"rendered":"<p>Com informa\u00e7\u00f5es ASCOM UFPA Nesta quarta-feira, 11 de junho, a Universidade Federal do Par\u00e1 (UFPA) lan\u00e7ou o primeiro edital do Distrito de Inova\u00e7\u00e3o e Bioeconomia de Bel\u00e9m (DIBB), uma iniciativa que busca transformar a capital paraense em refer\u00eancia mundial em solu\u00e7\u00f5es baseadas na sociobiodiversidade amaz\u00f4nica e em tecnologias para cidades sustent\u00e1veis. A Funda\u00e7\u00e3o de Amparo [&hellip;]<\/p>\n","protected":false},"author":12,"featured_media":50180,"comment_status":"closed","ping_status":"closed","sticky":false,"template":"","format":"standard","meta":{"_monsterinsights_skip_tracking":false,"_monsterinsights_sitenote_active":false,"_monsterinsights_sitenote_note":"","_monsterinsights_sitenote_category":0,"footnotes":""},"categories":[1],"tags":[],"class_list":["post-50143","post","type-post","status-publish","format-standard","has-post-thumbnail","hentry","category-geral","entry","has-media"],"yoast_head":"<!-- This site is optimized with the Yoast SEO plugin v25.1 - https:\/\/yoast.com\/wordpress\/plugins\/seo\/ -->\n<title>Ideias sustent\u00e1veis: edital financiar\u00e1 projetos - FADESP<\/title>\n<meta name=\"robots\" content=\"index, follow, max-snippet:-1, max-image-preview:large, max-video-preview:-1\" \/>\n<link rel=\"canonical\" href=\"https:\/\/portalfadesp.org.br\/?p=50143\" \/>\n<meta property=\"og:locale\" content=\"pt_BR\" \/>\n<meta property=\"og:type\" content=\"article\" \/>\n<meta property=\"og:title\" content=\"Ideias sustent\u00e1veis: edital financiar\u00e1 projetos - FADESP\" \/>\n<meta property=\"og:description\" content=\"Com informa\u00e7\u00f5es ASCOM UFPA Nesta quarta-feira, 11 de junho, a Universidade Federal do Par\u00e1 (UFPA) lan\u00e7ou o primeiro edital do Distrito de Inova\u00e7\u00e3o e Bioeconomia de Bel\u00e9m (DIBB), uma iniciativa que busca transformar a capital paraense em refer\u00eancia mundial em solu\u00e7\u00f5es baseadas na sociobiodiversidade amaz\u00f4nica e em tecnologias para cidades sustent\u00e1veis. A Funda\u00e7\u00e3o de Amparo [&hellip;]\" \/>\n<meta property=\"og:url\" content=\"https:\/\/portalfadesp.org.br\/?p=50143\" \/>\n<meta property=\"og:site_name\" content=\"FADESP\" \/>\n<meta property=\"article:publisher\" content=\"https:\/\/www.facebook.com\/Fadesp-138351949524662\/\" \/>\n<meta property=\"article:published_time\" content=\"2025-06-11T18:18:18+00:00\" \/>\n<meta property=\"article:modified_time\" content=\"2025-06-11T18:36:21+00:00\" \/>\n<meta property=\"og:image\" content=\"https:\/\/portalfadesp.org.br\/wp-content\/uploads\/2025\/06\/noticias-evento-1.jpg\" \/>\n\t<meta property=\"og:image:width\" content=\"290\" \/>\n\t<meta property=\"og:image:height\" content=\"460\" \/>\n\t<meta property=\"og:image:type\" content=\"image\/jpeg\" \/>\n<meta name=\"author\" content=\"Brena Marques\" \/>\n<meta name=\"twitter:card\" content=\"summary_large_image\" \/>\n<meta name=\"twitter:creator\" content=\"@Fadesp\" \/>\n<meta name=\"twitter:site\" content=\"@Fadesp\" \/>\n<meta name=\"twitter:label1\" content=\"Escrito por\" \/>\n\t<meta name=\"twitter:data1\" content=\"Brena Marques\" \/>\n\t<meta name=\"twitter:label2\" content=\"Est. tempo de leitura\" \/>\n\t<meta name=\"twitter:data2\" content=\"3 minutos\" \/>\n<script type=\"application\/ld+json\" class=\"yoast-schema-graph\">{\"@context\":\"https:\/\/schema.org\",\"@graph\":[{\"@type\":\"Article\",\"@id\":\"https:\/\/portalfadesp.org.br\/?p=50143#article\",\"isPartOf\":{\"@id\":\"https:\/\/portalfadesp.org.br\/?p=50143\"},\"author\":{\"name\":\"Brena Marques\",\"@id\":\"https:\/\/portalfadesp.org.br\/#\/schema\/person\/31709c4c8ec92d6bbdd2c1da60cf8d66\"},\"headline\":\"Ideias sustent\u00e1veis: edital financiar\u00e1 projetos\",\"datePublished\":\"2025-06-11T18:18:18+00:00\",\"dateModified\":\"2025-06-11T18:36:21+00:00\",\"mainEntityOfPage\":{\"@id\":\"https:\/\/portalfadesp.org.br\/?p=50143\"},\"wordCount\":419,\"publisher\":{\"@id\":\"https:\/\/portalfadesp.org.br\/#organization\"},\"image\":{\"@id\":\"https:\/\/portalfadesp.org.br\/?p=50143#primaryimage\"},\"thumbnailUrl\":\"https:\/\/portalfadesp.org.br\/wp-content\/uploads\/2025\/06\/noticias-evento-1.jpg\",\"articleSection\":[\"Geral\"],\"inLanguage\":\"pt-BR\"},{\"@type\":\"WebPage\",\"@id\":\"https:\/\/portalfadesp.org.br\/?p=50143\",\"url\":\"https:\/\/portalfadesp.org.br\/?p=50143\",\"name\":\"Ideias sustent\u00e1veis: edital financiar\u00e1 projetos - FADESP\",\"isPartOf\":{\"@id\":\"https:\/\/portalfadesp.org.br\/#website\"},\"primaryImageOfPage\":{\"@id\":\"https:\/\/portalfadesp.org.br\/?p=50143#primaryimage\"},\"image\":{\"@id\":\"https:\/\/portalfadesp.org.br\/?p=50143#primaryimage\"},\"thumbnailUrl\":\"https:\/\/portalfadesp.org.br\/wp-content\/uploads\/2025\/06\/noticias-evento-1.jpg\",\"datePublished\":\"2025-06-11T18:18:18+00:00\",\"dateModified\":\"2025-06-11T18:36:21+00:00\",\"breadcrumb\":{\"@id\":\"https:\/\/portalfadesp.org.br\/?p=50143#breadcrumb\"},\"inLanguage\":\"pt-BR\",\"potentialAction\":[{\"@type\":\"ReadAction\",\"target\":[\"https:\/\/portalfadesp.org.br\/?p=50143\"]}]},{\"@type\":\"ImageObject\",\"inLanguage\":\"pt-BR\",\"@id\":\"https:\/\/portalfadesp.org.br\/?p=50143#primaryimage\",\"url\":\"https:\/\/portalfadesp.org.br\/wp-content\/uploads\/2025\/06\/noticias-evento-1.jpg\",\"contentUrl\":\"https:\/\/portalfadesp.org.br\/wp-content\/uploads\/2025\/06\/noticias-evento-1.jpg\",\"width\":290,\"height\":460},{\"@type\":\"BreadcrumbList\",\"@id\":\"https:\/\/portalfadesp.org.br\/?p=50143#breadcrumb\",\"itemListElement\":[{\"@type\":\"ListItem\",\"position\":1,\"name\":\"In\u00edcio\",\"item\":\"https:\/\/portalfadesp.org.br\/\"},{\"@type\":\"ListItem\",\"position\":2,\"name\":\"Ideias sustent\u00e1veis: edital financiar\u00e1 projetos\"}]},{\"@type\":\"WebSite\",\"@id\":\"https:\/\/portalfadesp.org.br\/#website\",\"url\":\"https:\/\/portalfadesp.org.br\/\",\"name\":\"FADESP\",\"description\":\"Funda\u00e7\u00e3o de Amparo e Desenvolvimento da Pesquisa\",\"publisher\":{\"@id\":\"https:\/\/portalfadesp.org.br\/#organization\"},\"potentialAction\":[{\"@type\":\"SearchAction\",\"target\":{\"@type\":\"EntryPoint\",\"urlTemplate\":\"https:\/\/portalfadesp.org.br\/?s={search_term_string}\"},\"query-input\":{\"@type\":\"PropertyValueSpecification\",\"valueRequired\":true,\"valueName\":\"search_term_string\"}}],\"inLanguage\":\"pt-BR\"},{\"@type\":\"Organization\",\"@id\":\"https:\/\/portalfadesp.org.br\/#organization\",\"name\":\"FADESP\",\"url\":\"https:\/\/portalfadesp.org.br\/\",\"logo\":{\"@type\":\"ImageObject\",\"inLanguage\":\"pt-BR\",\"@id\":\"https:\/\/portalfadesp.org.br\/#\/schema\/logo\/image\/\",\"url\":\"https:\/\/portalfadesp.org.br\/wp-content\/uploads\/2024\/01\/NOVOLOGOFADESPlaranjaH.png\",\"contentUrl\":\"https:\/\/portalfadesp.org.br\/wp-content\/uploads\/2024\/01\/NOVOLOGOFADESPlaranjaH.png\",\"width\":2742,\"height\":839,\"caption\":\"FADESP\"},\"image\":{\"@id\":\"https:\/\/portalfadesp.org.br\/#\/schema\/logo\/image\/\"},\"sameAs\":[\"https:\/\/www.facebook.com\/Fadesp-138351949524662\/\",\"https:\/\/x.com\/Fadesp\",\"https:\/\/www.instagram.com\/fadesp_ufpa\/\",\"https:\/\/www.youtube.com\/@fundacaodeamparoedesenvolv1903\",\"https:\/\/www.threads.net\/@fadesp_ufpa\"]},{\"@type\":\"Person\",\"@id\":\"https:\/\/portalfadesp.org.br\/#\/schema\/person\/31709c4c8ec92d6bbdd2c1da60cf8d66\",\"name\":\"Brena Marques\",\"image\":{\"@type\":\"ImageObject\",\"inLanguage\":\"pt-BR\",\"@id\":\"https:\/\/portalfadesp.org.br\/#\/schema\/person\/image\/\",\"url\":\"https:\/\/secure.gravatar.com\/avatar\/d8709cd0de324fbec018b6878350216726d26c3436f44ebee8f3db75e29728f3?s=96&d=mm&r=g\",\"contentUrl\":\"https:\/\/secure.gravatar.com\/avatar\/d8709cd0de324fbec018b6878350216726d26c3436f44ebee8f3db75e29728f3?s=96&d=mm&r=g\",\"caption\":\"Brena Marques\"},\"url\":\"https:\/\/portalfadesp.org.br\/?author=12\"}]}<\/script>\n<!-- \/ Yoast SEO plugin. -->","yoast_head_json":{"title":"Ideias sustent\u00e1veis: edital financiar\u00e1 projetos - FADESP","robots":{"index":"index","follow":"follow","max-snippet":"max-snippet:-1","max-image-preview":"max-image-preview:large","max-video-preview":"max-video-preview:-1"},"canonical":"https:\/\/portalfadesp.org.br\/?p=50143","og_locale":"pt_BR","og_type":"article","og_title":"Ideias sustent\u00e1veis: edital financiar\u00e1 projetos - FADESP","og_description":"Com informa\u00e7\u00f5es ASCOM UFPA Nesta quarta-feira, 11 de junho, a Universidade Federal do Par\u00e1 (UFPA) lan\u00e7ou o primeiro edital do Distrito de Inova\u00e7\u00e3o e Bioeconomia de Bel\u00e9m (DIBB), uma iniciativa que busca transformar a capital paraense em refer\u00eancia mundial em solu\u00e7\u00f5es baseadas na sociobiodiversidade amaz\u00f4nica e em tecnologias para cidades sustent\u00e1veis. A Funda\u00e7\u00e3o de Amparo [&hellip;]","og_url":"https:\/\/portalfadesp.org.br\/?p=50143","og_site_name":"FADESP","article_publisher":"https:\/\/www.facebook.com\/Fadesp-138351949524662\/","article_published_time":"2025-06-11T18:18:18+00:00","article_modified_time":"2025-06-11T18:36:21+00:00","og_image":[{"width":290,"height":460,"url":"https:\/\/portalfadesp.org.br\/wp-content\/uploads\/2025\/06\/noticias-evento-1.jpg","type":"image\/jpeg"}],"author":"Brena Marques","twitter_card":"summary_large_image","twitter_creator":"@Fadesp","twitter_site":"@Fadesp","twitter_misc":{"Escrito por":"Brena Marques","Est. tempo de leitura":"3 minutos"},"schema":{"@context":"https:\/\/schema.org","@graph":[{"@type":"Article","@id":"https:\/\/portalfadesp.org.br\/?p=50143#article","isPartOf":{"@id":"https:\/\/portalfadesp.org.br\/?p=50143"},"author":{"name":"Brena Marques","@id":"https:\/\/portalfadesp.org.br\/#\/schema\/person\/31709c4c8ec92d6bbdd2c1da60cf8d66"},"headline":"Ideias sustent\u00e1veis: edital financiar\u00e1 projetos","datePublished":"2025-06-11T18:18:18+00:00","dateModified":"2025-06-11T18:36:21+00:00","mainEntityOfPage":{"@id":"https:\/\/portalfadesp.org.br\/?p=50143"},"wordCount":419,"publisher":{"@id":"https:\/\/portalfadesp.org.br\/#organization"},"image":{"@id":"https:\/\/portalfadesp.org.br\/?p=50143#primaryimage"},"thumbnailUrl":"https:\/\/portalfadesp.org.br\/wp-content\/uploads\/2025\/06\/noticias-evento-1.jpg","articleSection":["Geral"],"inLanguage":"pt-BR"},{"@type":"WebPage","@id":"https:\/\/portalfadesp.org.br\/?p=50143","url":"https:\/\/portalfadesp.org.br\/?p=50143","name":"Ideias sustent\u00e1veis: edital financiar\u00e1 projetos - FADESP","isPartOf":{"@id":"https:\/\/portalfadesp.org.br\/#website"},"primaryImageOfPage":{"@id":"https:\/\/portalfadesp.org.br\/?p=50143#primaryimage"},"image":{"@id":"https:\/\/portalfadesp.org.br\/?p=50143#primaryimage"},"thumbnailUrl":"https:\/\/portalfadesp.org.br\/wp-content\/uploads\/2025\/06\/noticias-evento-1.jpg","datePublished":"2025-06-11T18:18:18+00:00","dateModified":"2025-06-11T18:36:21+00:00","breadcrumb":{"@id":"https:\/\/portalfadesp.org.br\/?p=50143#breadcrumb"},"inLanguage":"pt-BR","potentialAction":[{"@type":"ReadAction","target":["https:\/\/portalfadesp.org.br\/?p=50143"]}]},{"@type":"ImageObject","inLanguage":"pt-BR","@id":"https:\/\/portalfadesp.org.br\/?p=50143#primaryimage","url":"https:\/\/portalfadesp.org.br\/wp-content\/uploads\/2025\/06\/noticias-evento-1.jpg","contentUrl":"https:\/\/portalfadesp.org.br\/wp-content\/uploads\/2025\/06\/noticias-evento-1.jpg","width":290,"height":460},{"@type":"BreadcrumbList","@id":"https:\/\/portalfadesp.org.br\/?p=50143#breadcrumb","itemListElement":[{"@type":"ListItem","position":1,"name":"In\u00edcio","item":"https:\/\/portalfadesp.org.br\/"},{"@type":"ListItem","position":2,"name":"Ideias sustent\u00e1veis: edital financiar\u00e1 projetos"}]},{"@type":"WebSite","@id":"https:\/\/portalfadesp.org.br\/#website","url":"https:\/\/portalfadesp.org.br\/","name":"FADESP","description":"Funda\u00e7\u00e3o de Amparo e Desenvolvimento da Pesquisa","publisher":{"@id":"https:\/\/portalfadesp.org.br\/#organization"},"potentialAction":[{"@type":"SearchAction","target":{"@type":"EntryPoint","urlTemplate":"https:\/\/portalfadesp.org.br\/?s={search_term_string}"},"query-input":{"@type":"PropertyValueSpecification","valueRequired":true,"valueName":"search_term_string"}}],"inLanguage":"pt-BR"},{"@type":"Organization","@id":"https:\/\/portalfadesp.org.br\/#organization","name":"FADESP","url":"https:\/\/portalfadesp.org.br\/","logo":{"@type":"ImageObject","inLanguage":"pt-BR","@id":"https:\/\/portalfadesp.org.br\/#\/schema\/logo\/image\/","url":"https:\/\/portalfadesp.org.br\/wp-content\/uploads\/2024\/01\/NOVOLOGOFADESPlaranjaH.png","contentUrl":"https:\/\/portalfadesp.org.br\/wp-content\/uploads\/2024\/01\/NOVOLOGOFADESPlaranjaH.png","width":2742,"height":839,"caption":"FADESP"},"image":{"@id":"https:\/\/portalfadesp.org.br\/#\/schema\/logo\/image\/"},"sameAs":["https:\/\/www.facebook.com\/Fadesp-138351949524662\/","https:\/\/x.com\/Fadesp","https:\/\/www.instagram.com\/fadesp_ufpa\/","https:\/\/www.youtube.com\/@fundacaodeamparoedesenvolv1903","https:\/\/www.threads.net\/@fadesp_ufpa"]},{"@type":"Person","@id":"https:\/\/portalfadesp.org.br\/#\/schema\/person\/31709c4c8ec92d6bbdd2c1da60cf8d66","name":"Brena Marques","image":{"@type":"ImageObject","inLanguage":"pt-BR","@id":"https:\/\/portalfadesp.org.br\/#\/schema\/person\/image\/","url":"https:\/\/secure.gravatar.com\/avatar\/d8709cd0de324fbec018b6878350216726d26c3436f44ebee8f3db75e29728f3?s=96&d=mm&r=g","contentUrl":"https:\/\/secure.gravatar.com\/avatar\/d8709cd0de324fbec018b6878350216726d26c3436f44ebee8f3db75e29728f3?s=96&d=mm&r=g","caption":"Brena Marques"},"url":"https:\/\/portalfadesp.org.br\/?author=12"}]}},"_links":{"self":[{"href":"https:\/\/portalfadesp.org.br\/index.php?rest_route=\/wp\/v2\/posts\/50143","targetHints":{"allow":["GET"]}}],"collection":[{"href":"https:\/\/portalfadesp.org.br\/index.php?rest_route=\/wp\/v2\/posts"}],"about":[{"href":"https:\/\/portalfadesp.org.br\/index.php?rest_route=\/wp\/v2\/types\/post"}],"author":[{"embeddable":true,"href":"https:\/\/portalfadesp.org.br\/index.php?rest_route=\/wp\/v2\/users\/12"}],"replies":[{"embeddable":true,"href":"https:\/\/portalfadesp.org.br\/index.php?rest_route=%2Fwp%2Fv2%2Fcomments&post=50143"}],"version-history":[{"count":6,"href":"https:\/\/portalfadesp.org.br\/index.php?rest_route=\/wp\/v2\/posts\/50143\/revisions"}],"predecessor-version":[{"id":50162,"href":"https:\/\/portalfadesp.org.br\/index.php?rest_route=\/wp\/v2\/posts\/50143\/revisions\/50162"}],"wp:featuredmedia":[{"embeddable":true,"href":"https:\/\/portalfadesp.org.br\/index.php?rest_route=\/wp\/v2\/media\/50180"}],"wp:attachment":[{"href":"https:\/\/portalfadesp.org.br\/index.php?rest_route=%2Fwp%2Fv2%2Fmedia&parent=50143"}],"wp:term":[{"taxonomy":"category","embeddable":true,"href":"https:\/\/portalfadesp.org.br\/index.php?rest_route=%2Fwp%2Fv2%2Fcategories&post=50143"},{"taxonomy":"post_tag","embeddable":true,"href":"https:\/\/portalfadesp.org.br\/index.php?rest_route=%2Fwp%2Fv2%2Ftags&post=50143"}],"curies":[{"name":"wp","href":"https:\/\/api.w.org\/{rel}","templated":true}]}}