{"id":49943,"date":"2025-06-06T14:42:33","date_gmt":"2025-06-06T17:42:33","guid":{"rendered":"https:\/\/portalfadesp.org.br\/?p=49943"},"modified":"2025-06-06T14:42:38","modified_gmt":"2025-06-06T17:42:38","slug":"motiro-promove-debate-sobre-justica-climatica-e-alerta-para-os-riscos-do-ponto-de-nao-retorno","status":"publish","type":"post","link":"https:\/\/portalfadesp.org.br\/?p=49943","title":{"rendered":"Motir\u00f5 promove debate sobre justi\u00e7a clim\u00e1tica e alerta para os riscos do ponto de n\u00e3o-retorno"},"content":{"rendered":"\n<p>A Funda\u00e7\u00e3o de Amparo e Desenvolvimento da Pesquisa (FADESP) realizou, na \u00faltima quinta-feira (5), o segundo encontro do programa Motir\u00f5, com o tema \u201cJusti\u00e7a Clim\u00e1tica e o ponto de n\u00e3o-retorno\u201d. O evento foi conduzido pela ec\u00f3loga Ima Vieira, pesquisadora do Museu Paraense Em\u00edlio Goeldi e assessora da presid\u00eancia da FINEP, no audit\u00f3rio do CAPACIT, na Universidade Federal do Par\u00e1 (UFPA).<\/p>\n\n\n\n<div style=\"height:30px\" aria-hidden=\"true\" class=\"wp-block-spacer\"><\/div>\n\n\n\n<p>A palestra abordou como a crise ambiental afeta de maneira desigual diferentes popula\u00e7\u00f5es, especialmente na Amaz\u00f4nia, e prop\u00f4s uma reflex\u00e3o sobre os limites planet\u00e1rios. O conceito de \u201cponto de n\u00e3o-retorno\u201d, &#8211; momentos a partir dos quais os danos ambientais podem se tornar irrevers\u00edveis, foi apresentado como um alerta para ampliar a compreens\u00e3o dos impactos ambientais em curso e suas consequ\u00eancias sociais.<\/p>\n\n\n\n<figure class=\"wp-block-image size-large\"><img fetchpriority=\"high\" decoding=\"async\" width=\"1024\" height=\"683\" src=\"https:\/\/portalfadesp.org.br\/wp-content\/uploads\/2025\/06\/WhatsApp-Image-2025-06-06-at-14.07.24-1024x683.jpeg\" alt=\"\" class=\"wp-image-49965\" srcset=\"https:\/\/portalfadesp.org.br\/wp-content\/uploads\/2025\/06\/WhatsApp-Image-2025-06-06-at-14.07.24-1024x683.jpeg 1024w, https:\/\/portalfadesp.org.br\/wp-content\/uploads\/2025\/06\/WhatsApp-Image-2025-06-06-at-14.07.24-300x200.jpeg 300w, https:\/\/portalfadesp.org.br\/wp-content\/uploads\/2025\/06\/WhatsApp-Image-2025-06-06-at-14.07.24-768x512.jpeg 768w, https:\/\/portalfadesp.org.br\/wp-content\/uploads\/2025\/06\/WhatsApp-Image-2025-06-06-at-14.07.24-1536x1024.jpeg 1536w, https:\/\/portalfadesp.org.br\/wp-content\/uploads\/2025\/06\/WhatsApp-Image-2025-06-06-at-14.07.24.jpeg 1600w\" sizes=\"(max-width: 1024px) 100vw, 1024px\" \/><figcaption class=\"wp-element-caption\"> Palestra com a ec\u00f3loga Ima Vieira, pesquisadora do Museu Paraense Em\u00edlio Goeldi e assessora da presid\u00eancia da FINEP.<\/figcaption><\/figure>\n\n\n\n<div style=\"height:30px\" aria-hidden=\"true\" class=\"wp-block-spacer\"><\/div>\n\n\n\n<p><br>Durante o debate, a ec\u00f3loga Ima Vieira apresentou dados que evidenciam a desigualdade no consumo de recursos naturais no mundo. Cerca de 80% dos recursos naturais s\u00e3o consumidos por menos de 20% da popula\u00e7\u00e3o global. Esses 20% mais ricos utilizam 45% de toda a carne e peixe dispon\u00edveis no mercado, enquanto os 20% mais pobres consomem apenas 5%. No caso do papel, a diferen\u00e7a \u00e9 ainda maior: 84% do consumo fica concentrado nos mais ricos, contra apenas 1,1% dos mais pobres. Esses n\u00fameros refor\u00e7am a urg\u00eancia de pol\u00edticas e a\u00e7\u00f5es que promovam a equidade na distribui\u00e7\u00e3o dos recursos.<\/p>\n\n\n\n<div style=\"height:30px\" aria-hidden=\"true\" class=\"wp-block-spacer\"><\/div>\n\n\n\n<p><\/p>\n\n\n\n<blockquote class=\"wp-block-quote is-layout-flow wp-block-quote-is-layout-flow\">\n<div class=\"wp-block-group is-nowrap is-layout-flex wp-container-core-group-is-layout-ad2f72ca wp-block-group-is-layout-flex\">\n<figure class=\"wp-block-image size-large wp-duotone-unset-1\"><img decoding=\"async\" width=\"683\" height=\"1024\" src=\"https:\/\/portalfadesp.org.br\/wp-content\/uploads\/2025\/06\/ARY3154-683x1024.jpg\" alt=\"\" class=\"wp-image-49946\" srcset=\"https:\/\/portalfadesp.org.br\/wp-content\/uploads\/2025\/06\/ARY3154-683x1024.jpg 683w, https:\/\/portalfadesp.org.br\/wp-content\/uploads\/2025\/06\/ARY3154-200x300.jpg 200w, https:\/\/portalfadesp.org.br\/wp-content\/uploads\/2025\/06\/ARY3154-768x1151.jpg 768w, https:\/\/portalfadesp.org.br\/wp-content\/uploads\/2025\/06\/ARY3154-1025x1536.jpg 1025w, https:\/\/portalfadesp.org.br\/wp-content\/uploads\/2025\/06\/ARY3154-1366x2048.jpg 1366w, https:\/\/portalfadesp.org.br\/wp-content\/uploads\/2025\/06\/ARY3154-scaled.jpg 1708w\" sizes=\"(max-width: 683px) 100vw, 683px\" \/><figcaption class=\"wp-element-caption\">Ec\u00f3loga, Ima Vieira.<\/figcaption><\/figure>\n\n\n\n<p>\u201cA justi\u00e7a clim\u00e1tica faz um v\u00ednculo entre desenvolvimento e direitos humanos. Trata-se do direito de viver bem, com seguran\u00e7a alimentar, ambiental, em todos os sentidos. Como os efeitos da crise clim\u00e1tica s\u00e3o diferentes entre territ\u00f3rios, \u00e9 fundamental que a popula\u00e7\u00e3o tenha acesso \u00e0 informa\u00e7\u00e3o cient\u00edfica, principalmente aquela produzida na Amaz\u00f4nia e sobre a Amaz\u00f4nia\u201d, explicou a ec\u00f3loga Ima Vieira. \u201cFoi um debate muito rico, necess\u00e1rio e esclarecedor\u201d, completou.<\/p>\n<\/div>\n<\/blockquote>\n\n\n\n<div style=\"height:30px\" aria-hidden=\"true\" class=\"wp-block-spacer\"><\/div>\n\n\n\n<p><br>O Motir\u00f5 \u00e9 uma iniciativa da FADESP que promove uma s\u00e9rie de encontros, de maio a outubro, com o objetivo de preparar a comunidade acad\u00eamica e cient\u00edfica para a COP30, que acontecer\u00e1 em novembro, em Bel\u00e9m. A programa\u00e7\u00e3o busca fomentar a educa\u00e7\u00e3o e o letramento ecol\u00f3gico, promovendo debates que articulem ci\u00eancia, territ\u00f3rio e justi\u00e7a socioambiental.<\/p>\n\n\n\n<blockquote class=\"wp-block-quote is-layout-flow wp-block-quote-is-layout-flow\">\n<div class=\"wp-block-group is-nowrap is-layout-flex wp-container-core-group-is-layout-ad2f72ca wp-block-group-is-layout-flex\">\n<figure class=\"wp-block-image size-large\"><img decoding=\"async\" width=\"683\" height=\"1024\" src=\"https:\/\/portalfadesp.org.br\/wp-content\/uploads\/2025\/06\/WhatsApp-Image-2025-06-06-at-14.24.01-2-683x1024.jpeg\" alt=\"\" class=\"wp-image-49975\" srcset=\"https:\/\/portalfadesp.org.br\/wp-content\/uploads\/2025\/06\/WhatsApp-Image-2025-06-06-at-14.24.01-2-683x1024.jpeg 683w, https:\/\/portalfadesp.org.br\/wp-content\/uploads\/2025\/06\/WhatsApp-Image-2025-06-06-at-14.24.01-2-200x300.jpeg 200w, https:\/\/portalfadesp.org.br\/wp-content\/uploads\/2025\/06\/WhatsApp-Image-2025-06-06-at-14.24.01-2-768x1152.jpeg 768w, https:\/\/portalfadesp.org.br\/wp-content\/uploads\/2025\/06\/WhatsApp-Image-2025-06-06-at-14.24.01-2-1024x1536.jpeg 1024w, https:\/\/portalfadesp.org.br\/wp-content\/uploads\/2025\/06\/WhatsApp-Image-2025-06-06-at-14.24.01-2.jpeg 1067w\" sizes=\"(max-width: 683px) 100vw, 683px\" \/><figcaption class=\"wp-element-caption\">Analista de projetos, Eline Silva.<\/figcaption><\/figure>\n\n\n\n<p>A analista de projetos da FADESP, Eline Silva, ressaltou sua preocupa\u00e7\u00e3o com os dados apresentados. \u201cSe ultrapassarmos esse limite de n\u00e3o-retorno, os impactos ser\u00e3o muito mais graves e irrevers\u00edveis, especialmente para comunidades vulner\u00e1veis, ecossistemas e economias mais fr\u00e1geis. H\u00e1 estudos consistentes nos alertando, mas precisamos de a\u00e7\u00f5es mais r\u00e1pidas. N\u00e3o podemos permanecer apenas na teoria. A COP30, representa uma oportunidade hist\u00f3rica. Al\u00e9m de refor\u00e7ar o papel do Brasil e Amaz\u00f4nia no cen\u00e1rio clim\u00e1tico global\u201d, disse<\/p>\n<\/div>\n<\/blockquote>\n\n\n\n<div class=\"wp-block-group is-nowrap is-layout-flex wp-container-core-group-is-layout-ad2f72ca wp-block-group-is-layout-flex\">\n<blockquote class=\"wp-block-quote is-layout-flow wp-block-quote-is-layout-flow\"><\/blockquote>\n<\/div>\n\n\n\n<div style=\"height:56px\" aria-hidden=\"true\" class=\"wp-block-spacer\"><\/div>\n\n\n\n<blockquote class=\"wp-block-quote is-layout-flow wp-block-quote-is-layout-flow\">\n<div class=\"wp-block-group is-nowrap is-layout-flex wp-container-core-group-is-layout-ad2f72ca wp-block-group-is-layout-flex\">\n<figure class=\"wp-block-image size-large\"><img loading=\"lazy\" decoding=\"async\" width=\"683\" height=\"1024\" src=\"https:\/\/portalfadesp.org.br\/wp-content\/uploads\/2025\/06\/ARY3395-683x1024.jpg\" alt=\"\" class=\"wp-image-49964\" srcset=\"https:\/\/portalfadesp.org.br\/wp-content\/uploads\/2025\/06\/ARY3395-683x1024.jpg 683w, https:\/\/portalfadesp.org.br\/wp-content\/uploads\/2025\/06\/ARY3395-200x300.jpg 200w, https:\/\/portalfadesp.org.br\/wp-content\/uploads\/2025\/06\/ARY3395-768x1151.jpg 768w, https:\/\/portalfadesp.org.br\/wp-content\/uploads\/2025\/06\/ARY3395-1025x1536.jpg 1025w, https:\/\/portalfadesp.org.br\/wp-content\/uploads\/2025\/06\/ARY3395-1366x2048.jpg 1366w, https:\/\/portalfadesp.org.br\/wp-content\/uploads\/2025\/06\/ARY3395-scaled.jpg 1708w\" sizes=\"(max-width: 683px) 100vw, 683px\" \/><figcaption class=\"wp-element-caption\">P\u00f3s-doutorando, Madson Freitas.<\/figcaption><\/figure>\n\n\n\n<p>J\u00e1 o pesquisador e p\u00f3s-doutorando do Museu Goeldi e orientando de Ima, Madson Freitas, refor\u00e7ou a import\u00e2ncia do debate: \u201cJusti\u00e7a clim\u00e1tica \u00e9 um tema importante no cen\u00e1rio atual das emerg\u00eancias clim\u00e1ticas, das mudan\u00e7as que estamos observando, mas principalmente do ponto de vista da distribui\u00e7\u00e3o equitativa dos recursos ou da pr\u00f3pria justi\u00e7a que se fala entre os impactos ambientais e as melhorias socioecon\u00f4micas das popula\u00e7\u00f5es das grandes cidades, ribeirinhas, tradicionais, quilombolas e ind\u00edgenas.\u201d<\/p>\n<\/div>\n\n\n\n<p><br><\/p>\n<\/blockquote>\n\n\n\n<p>Motir\u00f5 \u00e9 uma palavra de origem tupi-guarani que significa \u201creuni\u00e3o de pessoas colhendo ou construindo algo juntas, umas ajudando as outras\u201d \u2014 conceito que sintetiza a proposta do programa.<\/p>\n\n\n\n<div style=\"height:10px\" aria-hidden=\"true\" class=\"wp-block-spacer\"><\/div>\n\n\n\n<p>Acompanhe as redes sociais e o portal da FADESP para os pr\u00f3ximos encontros. O Motir\u00f5 segue at\u00e9 outubro com mais di\u00e1logos urgentes e necess\u00e1rios sobre o futuro da Amaz\u00f4nia e do planeta.<\/p>\n\n\n\n<div style=\"height:30px\" aria-hidden=\"true\" class=\"wp-block-spacer\"><\/div>\n\n\n\n<p><strong>Texto<\/strong>: Brena Marques &#8211; ASCOM\/FADESP<br><strong>Fotos:<\/strong> Aryanne Almeida<\/p>\n\n\n\n<div class=\"wp-block-group\"><div class=\"wp-block-group__inner-container is-layout-constrained wp-block-group-is-layout-constrained\">\n<div class=\"wp-block-columns is-layout-flex wp-container-core-columns-is-layout-9d6595d7 wp-block-columns-is-layout-flex\">\n<div class=\"wp-block-column is-layout-flow wp-block-column-is-layout-flow\" style=\"flex-basis:100%\">\n<div class=\"wp-block-group is-vertical is-layout-flex wp-container-core-group-is-layout-8cf370e7 wp-block-group-is-layout-flex\">\n<figure class=\"wp-block-gallery has-nested-images columns-default is-cropped wp-block-gallery-2 is-layout-flex wp-block-gallery-is-layout-flex\">\n<figure class=\"wp-block-image size-large\"><img loading=\"lazy\" decoding=\"async\" width=\"1024\" height=\"683\" data-id=\"49970\" src=\"https:\/\/portalfadesp.org.br\/wp-content\/uploads\/2025\/06\/ARY3389-1024x683.jpg\" alt=\"\" class=\"wp-image-49970\" srcset=\"https:\/\/portalfadesp.org.br\/wp-content\/uploads\/2025\/06\/ARY3389-1024x683.jpg 1024w, https:\/\/portalfadesp.org.br\/wp-content\/uploads\/2025\/06\/ARY3389-300x200.jpg 300w, https:\/\/portalfadesp.org.br\/wp-content\/uploads\/2025\/06\/ARY3389-768x512.jpg 768w, https:\/\/portalfadesp.org.br\/wp-content\/uploads\/2025\/06\/ARY3389-1536x1025.jpg 1536w, https:\/\/portalfadesp.org.br\/wp-content\/uploads\/2025\/06\/ARY3389-2048x1366.jpg 2048w\" sizes=\"(max-width: 1024px) 100vw, 1024px\" \/><\/figure>\n\n\n\n<figure class=\"wp-block-image size-large\"><img loading=\"lazy\" decoding=\"async\" width=\"1024\" height=\"683\" data-id=\"49979\" src=\"https:\/\/portalfadesp.org.br\/wp-content\/uploads\/2025\/06\/ARY3391-1024x683.jpg\" alt=\"\" class=\"wp-image-49979\" srcset=\"https:\/\/portalfadesp.org.br\/wp-content\/uploads\/2025\/06\/ARY3391-1024x683.jpg 1024w, https:\/\/portalfadesp.org.br\/wp-content\/uploads\/2025\/06\/ARY3391-300x200.jpg 300w, https:\/\/portalfadesp.org.br\/wp-content\/uploads\/2025\/06\/ARY3391-768x512.jpg 768w, https:\/\/portalfadesp.org.br\/wp-content\/uploads\/2025\/06\/ARY3391-1536x1025.jpg 1536w, https:\/\/portalfadesp.org.br\/wp-content\/uploads\/2025\/06\/ARY3391-2048x1366.jpg 2048w\" sizes=\"(max-width: 1024px) 100vw, 1024px\" \/><\/figure>\n\n\n\n<figure class=\"wp-block-image size-large\"><img loading=\"lazy\" decoding=\"async\" width=\"1024\" height=\"683\" data-id=\"49978\" src=\"https:\/\/portalfadesp.org.br\/wp-content\/uploads\/2025\/06\/ARY3379-1024x683.jpg\" alt=\"\" class=\"wp-image-49978\" srcset=\"https:\/\/portalfadesp.org.br\/wp-content\/uploads\/2025\/06\/ARY3379-1024x683.jpg 1024w, https:\/\/portalfadesp.org.br\/wp-content\/uploads\/2025\/06\/ARY3379-300x200.jpg 300w, https:\/\/portalfadesp.org.br\/wp-content\/uploads\/2025\/06\/ARY3379-768x512.jpg 768w, https:\/\/portalfadesp.org.br\/wp-content\/uploads\/2025\/06\/ARY3379-1536x1025.jpg 1536w, https:\/\/portalfadesp.org.br\/wp-content\/uploads\/2025\/06\/ARY3379-2048x1366.jpg 2048w\" sizes=\"(max-width: 1024px) 100vw, 1024px\" \/><\/figure>\n\n\n\n<figure class=\"wp-block-image size-large\"><img loading=\"lazy\" decoding=\"async\" width=\"1024\" height=\"683\" data-id=\"49977\" src=\"https:\/\/portalfadesp.org.br\/wp-content\/uploads\/2025\/06\/ARY3374-1024x683.jpg\" alt=\"\" class=\"wp-image-49977\" srcset=\"https:\/\/portalfadesp.org.br\/wp-content\/uploads\/2025\/06\/ARY3374-1024x683.jpg 1024w, https:\/\/portalfadesp.org.br\/wp-content\/uploads\/2025\/06\/ARY3374-300x200.jpg 300w, https:\/\/portalfadesp.org.br\/wp-content\/uploads\/2025\/06\/ARY3374-768x512.jpg 768w, https:\/\/portalfadesp.org.br\/wp-content\/uploads\/2025\/06\/ARY3374-1536x1024.jpg 1536w, https:\/\/portalfadesp.org.br\/wp-content\/uploads\/2025\/06\/ARY3374-2048x1366.jpg 2048w\" sizes=\"(max-width: 1024px) 100vw, 1024px\" \/><\/figure>\n\n\n\n<figure class=\"wp-block-image size-large\"><img loading=\"lazy\" decoding=\"async\" width=\"1024\" height=\"683\" data-id=\"49983\" src=\"https:\/\/portalfadesp.org.br\/wp-content\/uploads\/2025\/06\/ARY3346-1024x683.jpg\" alt=\"\" class=\"wp-image-49983\" srcset=\"https:\/\/portalfadesp.org.br\/wp-content\/uploads\/2025\/06\/ARY3346-1024x683.jpg 1024w, https:\/\/portalfadesp.org.br\/wp-content\/uploads\/2025\/06\/ARY3346-300x200.jpg 300w, https:\/\/portalfadesp.org.br\/wp-content\/uploads\/2025\/06\/ARY3346-768x512.jpg 768w, https:\/\/portalfadesp.org.br\/wp-content\/uploads\/2025\/06\/ARY3346-1536x1024.jpg 1536w, https:\/\/portalfadesp.org.br\/wp-content\/uploads\/2025\/06\/ARY3346-2048x1366.jpg 2048w\" sizes=\"(max-width: 1024px) 100vw, 1024px\" \/><\/figure>\n\n\n\n<figure class=\"wp-block-image size-large\"><img loading=\"lazy\" decoding=\"async\" width=\"1024\" height=\"683\" data-id=\"49982\" src=\"https:\/\/portalfadesp.org.br\/wp-content\/uploads\/2025\/06\/ARY3246-1024x683.jpg\" alt=\"\" class=\"wp-image-49982\" srcset=\"https:\/\/portalfadesp.org.br\/wp-content\/uploads\/2025\/06\/ARY3246-1024x683.jpg 1024w, https:\/\/portalfadesp.org.br\/wp-content\/uploads\/2025\/06\/ARY3246-300x200.jpg 300w, https:\/\/portalfadesp.org.br\/wp-content\/uploads\/2025\/06\/ARY3246-768x512.jpg 768w, https:\/\/portalfadesp.org.br\/wp-content\/uploads\/2025\/06\/ARY3246-1536x1025.jpg 1536w, https:\/\/portalfadesp.org.br\/wp-content\/uploads\/2025\/06\/ARY3246-2048x1366.jpg 2048w\" sizes=\"(max-width: 1024px) 100vw, 1024px\" \/><\/figure>\n\n\n\n<figure class=\"wp-block-image size-large\"><img loading=\"lazy\" decoding=\"async\" width=\"1024\" height=\"683\" data-id=\"49981\" src=\"https:\/\/portalfadesp.org.br\/wp-content\/uploads\/2025\/06\/ARY3219-1024x683.jpg\" alt=\"\" class=\"wp-image-49981\" srcset=\"https:\/\/portalfadesp.org.br\/wp-content\/uploads\/2025\/06\/ARY3219-1024x683.jpg 1024w, https:\/\/portalfadesp.org.br\/wp-content\/uploads\/2025\/06\/ARY3219-300x200.jpg 300w, https:\/\/portalfadesp.org.br\/wp-content\/uploads\/2025\/06\/ARY3219-768x512.jpg 768w, https:\/\/portalfadesp.org.br\/wp-content\/uploads\/2025\/06\/ARY3219-1536x1024.jpg 1536w, https:\/\/portalfadesp.org.br\/wp-content\/uploads\/2025\/06\/ARY3219-2048x1366.jpg 2048w\" sizes=\"(max-width: 1024px) 100vw, 1024px\" \/><\/figure>\n\n\n\n\n\n<figure class=\"wp-block-image size-large\"><img loading=\"lazy\" decoding=\"async\" width=\"1024\" height=\"683\" data-id=\"49980\" src=\"https:\/\/portalfadesp.org.br\/wp-content\/uploads\/2025\/06\/ARY3160-1024x683.jpg\" alt=\"\" class=\"wp-image-49980\" srcset=\"https:\/\/portalfadesp.org.br\/wp-content\/uploads\/2025\/06\/ARY3160-1024x683.jpg 1024w, https:\/\/portalfadesp.org.br\/wp-content\/uploads\/2025\/06\/ARY3160-300x200.jpg 300w, https:\/\/portalfadesp.org.br\/wp-content\/uploads\/2025\/06\/ARY3160-768x512.jpg 768w, https:\/\/portalfadesp.org.br\/wp-content\/uploads\/2025\/06\/ARY3160-1536x1025.jpg 1536w, https:\/\/portalfadesp.org.br\/wp-content\/uploads\/2025\/06\/ARY3160-2048x1366.jpg 2048w\" sizes=\"(max-width: 1024px) 100vw, 1024px\" \/><\/figure>\n\n\n\n<figure class=\"wp-block-image size-large\"><img loading=\"lazy\" decoding=\"async\" width=\"683\" height=\"1024\" data-id=\"49971\" src=\"https:\/\/portalfadesp.org.br\/wp-content\/uploads\/2025\/06\/ARY3154-1-683x1024.jpg\" alt=\"\" class=\"wp-image-49971\" srcset=\"https:\/\/portalfadesp.org.br\/wp-content\/uploads\/2025\/06\/ARY3154-1-683x1024.jpg 683w, https:\/\/portalfadesp.org.br\/wp-content\/uploads\/2025\/06\/ARY3154-1-200x300.jpg 200w, https:\/\/portalfadesp.org.br\/wp-content\/uploads\/2025\/06\/ARY3154-1-768x1151.jpg 768w, https:\/\/portalfadesp.org.br\/wp-content\/uploads\/2025\/06\/ARY3154-1-1025x1536.jpg 1025w, https:\/\/portalfadesp.org.br\/wp-content\/uploads\/2025\/06\/ARY3154-1-1366x2048.jpg 1366w, https:\/\/portalfadesp.org.br\/wp-content\/uploads\/2025\/06\/ARY3154-1-scaled.jpg 1708w\" sizes=\"(max-width: 683px) 100vw, 683px\" \/><\/figure>\n\n\n\n<figure class=\"wp-block-image size-large\"><img loading=\"lazy\" decoding=\"async\" width=\"1024\" height=\"683\" data-id=\"49966\" src=\"https:\/\/portalfadesp.org.br\/wp-content\/uploads\/2025\/06\/ARY3230-1024x683.jpg\" alt=\"\" class=\"wp-image-49966\" srcset=\"https:\/\/portalfadesp.org.br\/wp-content\/uploads\/2025\/06\/ARY3230-1024x683.jpg 1024w, https:\/\/portalfadesp.org.br\/wp-content\/uploads\/2025\/06\/ARY3230-300x200.jpg 300w, https:\/\/portalfadesp.org.br\/wp-content\/uploads\/2025\/06\/ARY3230-768x512.jpg 768w, https:\/\/portalfadesp.org.br\/wp-content\/uploads\/2025\/06\/ARY3230-1536x1025.jpg 1536w, https:\/\/portalfadesp.org.br\/wp-content\/uploads\/2025\/06\/ARY3230-2048x1366.jpg 2048w\" sizes=\"(max-width: 1024px) 100vw, 1024px\" \/><\/figure>\n\n\n\n\n\n\n<\/figure>\n<\/div>\n<\/div>\n<\/div>\n<\/div><\/div>\n","protected":false},"excerpt":{"rendered":"<p>A Funda\u00e7\u00e3o de Amparo e Desenvolvimento da Pesquisa (FADESP) realizou, na \u00faltima quinta-feira (5), o segundo encontro do programa Motir\u00f5, com o tema \u201cJusti\u00e7a Clim\u00e1tica e o ponto de n\u00e3o-retorno\u201d. O evento foi conduzido pela ec\u00f3loga Ima Vieira, pesquisadora do Museu Paraense Em\u00edlio Goeldi e assessora da presid\u00eancia da FINEP, no audit\u00f3rio do CAPACIT, na [&hellip;]<\/p>\n","protected":false},"author":12,"featured_media":49986,"comment_status":"closed","ping_status":"closed","sticky":false,"template":"","format":"standard","meta":{"_monsterinsights_skip_tracking":false,"_monsterinsights_sitenote_active":false,"_monsterinsights_sitenote_note":"","_monsterinsights_sitenote_category":0,"footnotes":""},"categories":[1],"tags":[],"class_list":["post-49943","post","type-post","status-publish","format-standard","has-post-thumbnail","hentry","category-geral","entry","has-media"],"yoast_head":"<!-- This site is optimized with the Yoast SEO plugin v25.1 - https:\/\/yoast.com\/wordpress\/plugins\/seo\/ -->\n<title>Motir\u00f5 promove debate sobre justi\u00e7a clim\u00e1tica e alerta para os riscos do ponto de n\u00e3o-retorno - FADESP<\/title>\n<meta name=\"robots\" content=\"index, follow, max-snippet:-1, max-image-preview:large, max-video-preview:-1\" \/>\n<link rel=\"canonical\" href=\"https:\/\/portalfadesp.org.br\/?p=49943\" \/>\n<meta property=\"og:locale\" content=\"pt_BR\" \/>\n<meta property=\"og:type\" content=\"article\" \/>\n<meta property=\"og:title\" content=\"Motir\u00f5 promove debate sobre justi\u00e7a clim\u00e1tica e alerta para os riscos do ponto de n\u00e3o-retorno - FADESP\" \/>\n<meta property=\"og:description\" content=\"A Funda\u00e7\u00e3o de Amparo e Desenvolvimento da Pesquisa (FADESP) realizou, na \u00faltima quinta-feira (5), o segundo encontro do programa Motir\u00f5, com o tema \u201cJusti\u00e7a Clim\u00e1tica e o ponto de n\u00e3o-retorno\u201d. O evento foi conduzido pela ec\u00f3loga Ima Vieira, pesquisadora do Museu Paraense Em\u00edlio Goeldi e assessora da presid\u00eancia da FINEP, no audit\u00f3rio do CAPACIT, na [&hellip;]\" \/>\n<meta property=\"og:url\" content=\"https:\/\/portalfadesp.org.br\/?p=49943\" \/>\n<meta property=\"og:site_name\" content=\"FADESP\" \/>\n<meta property=\"article:publisher\" content=\"https:\/\/www.facebook.com\/Fadesp-138351949524662\/\" \/>\n<meta property=\"article:published_time\" content=\"2025-06-06T17:42:33+00:00\" \/>\n<meta property=\"article:modified_time\" content=\"2025-06-06T17:42:38+00:00\" \/>\n<meta property=\"og:image\" content=\"https:\/\/portalfadesp.org.br\/wp-content\/uploads\/2025\/06\/Motiro_Ima_290x460-1.jpg\" \/>\n\t<meta property=\"og:image:width\" content=\"290\" \/>\n\t<meta property=\"og:image:height\" content=\"460\" \/>\n\t<meta property=\"og:image:type\" content=\"image\/jpeg\" \/>\n<meta name=\"author\" content=\"Brena Marques\" \/>\n<meta name=\"twitter:card\" content=\"summary_large_image\" \/>\n<meta name=\"twitter:creator\" content=\"@Fadesp\" \/>\n<meta name=\"twitter:site\" content=\"@Fadesp\" \/>\n<meta name=\"twitter:label1\" content=\"Escrito por\" \/>\n\t<meta name=\"twitter:data1\" content=\"Brena Marques\" \/>\n\t<meta name=\"twitter:label2\" content=\"Est. tempo de leitura\" \/>\n\t<meta name=\"twitter:data2\" content=\"6 minutos\" \/>\n<script type=\"application\/ld+json\" class=\"yoast-schema-graph\">{\"@context\":\"https:\/\/schema.org\",\"@graph\":[{\"@type\":\"Article\",\"@id\":\"https:\/\/portalfadesp.org.br\/?p=49943#article\",\"isPartOf\":{\"@id\":\"https:\/\/portalfadesp.org.br\/?p=49943\"},\"author\":{\"name\":\"Brena Marques\",\"@id\":\"https:\/\/portalfadesp.org.br\/#\/schema\/person\/31709c4c8ec92d6bbdd2c1da60cf8d66\"},\"headline\":\"Motir\u00f5 promove debate sobre justi\u00e7a clim\u00e1tica e alerta para os riscos do ponto de n\u00e3o-retorno\",\"datePublished\":\"2025-06-06T17:42:33+00:00\",\"dateModified\":\"2025-06-06T17:42:38+00:00\",\"mainEntityOfPage\":{\"@id\":\"https:\/\/portalfadesp.org.br\/?p=49943\"},\"wordCount\":682,\"publisher\":{\"@id\":\"https:\/\/portalfadesp.org.br\/#organization\"},\"image\":{\"@id\":\"https:\/\/portalfadesp.org.br\/?p=49943#primaryimage\"},\"thumbnailUrl\":\"https:\/\/portalfadesp.org.br\/wp-content\/uploads\/2025\/06\/Motiro_Ima_290x460-1.jpg\",\"articleSection\":[\"Geral\"],\"inLanguage\":\"pt-BR\"},{\"@type\":\"WebPage\",\"@id\":\"https:\/\/portalfadesp.org.br\/?p=49943\",\"url\":\"https:\/\/portalfadesp.org.br\/?p=49943\",\"name\":\"Motir\u00f5 promove debate sobre justi\u00e7a clim\u00e1tica e alerta para os riscos do ponto de n\u00e3o-retorno - FADESP\",\"isPartOf\":{\"@id\":\"https:\/\/portalfadesp.org.br\/#website\"},\"primaryImageOfPage\":{\"@id\":\"https:\/\/portalfadesp.org.br\/?p=49943#primaryimage\"},\"image\":{\"@id\":\"https:\/\/portalfadesp.org.br\/?p=49943#primaryimage\"},\"thumbnailUrl\":\"https:\/\/portalfadesp.org.br\/wp-content\/uploads\/2025\/06\/Motiro_Ima_290x460-1.jpg\",\"datePublished\":\"2025-06-06T17:42:33+00:00\",\"dateModified\":\"2025-06-06T17:42:38+00:00\",\"breadcrumb\":{\"@id\":\"https:\/\/portalfadesp.org.br\/?p=49943#breadcrumb\"},\"inLanguage\":\"pt-BR\",\"potentialAction\":[{\"@type\":\"ReadAction\",\"target\":[\"https:\/\/portalfadesp.org.br\/?p=49943\"]}]},{\"@type\":\"ImageObject\",\"inLanguage\":\"pt-BR\",\"@id\":\"https:\/\/portalfadesp.org.br\/?p=49943#primaryimage\",\"url\":\"https:\/\/portalfadesp.org.br\/wp-content\/uploads\/2025\/06\/Motiro_Ima_290x460-1.jpg\",\"contentUrl\":\"https:\/\/portalfadesp.org.br\/wp-content\/uploads\/2025\/06\/Motiro_Ima_290x460-1.jpg\",\"width\":290,\"height\":460},{\"@type\":\"BreadcrumbList\",\"@id\":\"https:\/\/portalfadesp.org.br\/?p=49943#breadcrumb\",\"itemListElement\":[{\"@type\":\"ListItem\",\"position\":1,\"name\":\"In\u00edcio\",\"item\":\"https:\/\/portalfadesp.org.br\/\"},{\"@type\":\"ListItem\",\"position\":2,\"name\":\"Motir\u00f5 promove debate sobre justi\u00e7a clim\u00e1tica e alerta para os riscos do ponto de n\u00e3o-retorno\"}]},{\"@type\":\"WebSite\",\"@id\":\"https:\/\/portalfadesp.org.br\/#website\",\"url\":\"https:\/\/portalfadesp.org.br\/\",\"name\":\"FADESP\",\"description\":\"Funda\u00e7\u00e3o de Amparo e Desenvolvimento da Pesquisa\",\"publisher\":{\"@id\":\"https:\/\/portalfadesp.org.br\/#organization\"},\"potentialAction\":[{\"@type\":\"SearchAction\",\"target\":{\"@type\":\"EntryPoint\",\"urlTemplate\":\"https:\/\/portalfadesp.org.br\/?s={search_term_string}\"},\"query-input\":{\"@type\":\"PropertyValueSpecification\",\"valueRequired\":true,\"valueName\":\"search_term_string\"}}],\"inLanguage\":\"pt-BR\"},{\"@type\":\"Organization\",\"@id\":\"https:\/\/portalfadesp.org.br\/#organization\",\"name\":\"FADESP\",\"url\":\"https:\/\/portalfadesp.org.br\/\",\"logo\":{\"@type\":\"ImageObject\",\"inLanguage\":\"pt-BR\",\"@id\":\"https:\/\/portalfadesp.org.br\/#\/schema\/logo\/image\/\",\"url\":\"https:\/\/portalfadesp.org.br\/wp-content\/uploads\/2024\/01\/NOVOLOGOFADESPlaranjaH.png\",\"contentUrl\":\"https:\/\/portalfadesp.org.br\/wp-content\/uploads\/2024\/01\/NOVOLOGOFADESPlaranjaH.png\",\"width\":2742,\"height\":839,\"caption\":\"FADESP\"},\"image\":{\"@id\":\"https:\/\/portalfadesp.org.br\/#\/schema\/logo\/image\/\"},\"sameAs\":[\"https:\/\/www.facebook.com\/Fadesp-138351949524662\/\",\"https:\/\/x.com\/Fadesp\",\"https:\/\/www.instagram.com\/fadesp_ufpa\/\",\"https:\/\/www.youtube.com\/@fundacaodeamparoedesenvolv1903\",\"https:\/\/www.threads.net\/@fadesp_ufpa\"]},{\"@type\":\"Person\",\"@id\":\"https:\/\/portalfadesp.org.br\/#\/schema\/person\/31709c4c8ec92d6bbdd2c1da60cf8d66\",\"name\":\"Brena Marques\",\"image\":{\"@type\":\"ImageObject\",\"inLanguage\":\"pt-BR\",\"@id\":\"https:\/\/portalfadesp.org.br\/#\/schema\/person\/image\/\",\"url\":\"https:\/\/secure.gravatar.com\/avatar\/d8709cd0de324fbec018b6878350216726d26c3436f44ebee8f3db75e29728f3?s=96&d=mm&r=g\",\"contentUrl\":\"https:\/\/secure.gravatar.com\/avatar\/d8709cd0de324fbec018b6878350216726d26c3436f44ebee8f3db75e29728f3?s=96&d=mm&r=g\",\"caption\":\"Brena Marques\"},\"url\":\"https:\/\/portalfadesp.org.br\/?author=12\"}]}<\/script>\n<!-- \/ Yoast SEO plugin. -->","yoast_head_json":{"title":"Motir\u00f5 promove debate sobre justi\u00e7a clim\u00e1tica e alerta para os riscos do ponto de n\u00e3o-retorno - FADESP","robots":{"index":"index","follow":"follow","max-snippet":"max-snippet:-1","max-image-preview":"max-image-preview:large","max-video-preview":"max-video-preview:-1"},"canonical":"https:\/\/portalfadesp.org.br\/?p=49943","og_locale":"pt_BR","og_type":"article","og_title":"Motir\u00f5 promove debate sobre justi\u00e7a clim\u00e1tica e alerta para os riscos do ponto de n\u00e3o-retorno - FADESP","og_description":"A Funda\u00e7\u00e3o de Amparo e Desenvolvimento da Pesquisa (FADESP) realizou, na \u00faltima quinta-feira (5), o segundo encontro do programa Motir\u00f5, com o tema \u201cJusti\u00e7a Clim\u00e1tica e o ponto de n\u00e3o-retorno\u201d. O evento foi conduzido pela ec\u00f3loga Ima Vieira, pesquisadora do Museu Paraense Em\u00edlio Goeldi e assessora da presid\u00eancia da FINEP, no audit\u00f3rio do CAPACIT, na [&hellip;]","og_url":"https:\/\/portalfadesp.org.br\/?p=49943","og_site_name":"FADESP","article_publisher":"https:\/\/www.facebook.com\/Fadesp-138351949524662\/","article_published_time":"2025-06-06T17:42:33+00:00","article_modified_time":"2025-06-06T17:42:38+00:00","og_image":[{"width":290,"height":460,"url":"https:\/\/portalfadesp.org.br\/wp-content\/uploads\/2025\/06\/Motiro_Ima_290x460-1.jpg","type":"image\/jpeg"}],"author":"Brena Marques","twitter_card":"summary_large_image","twitter_creator":"@Fadesp","twitter_site":"@Fadesp","twitter_misc":{"Escrito por":"Brena Marques","Est. tempo de leitura":"6 minutos"},"schema":{"@context":"https:\/\/schema.org","@graph":[{"@type":"Article","@id":"https:\/\/portalfadesp.org.br\/?p=49943#article","isPartOf":{"@id":"https:\/\/portalfadesp.org.br\/?p=49943"},"author":{"name":"Brena Marques","@id":"https:\/\/portalfadesp.org.br\/#\/schema\/person\/31709c4c8ec92d6bbdd2c1da60cf8d66"},"headline":"Motir\u00f5 promove debate sobre justi\u00e7a clim\u00e1tica e alerta para os riscos do ponto de n\u00e3o-retorno","datePublished":"2025-06-06T17:42:33+00:00","dateModified":"2025-06-06T17:42:38+00:00","mainEntityOfPage":{"@id":"https:\/\/portalfadesp.org.br\/?p=49943"},"wordCount":682,"publisher":{"@id":"https:\/\/portalfadesp.org.br\/#organization"},"image":{"@id":"https:\/\/portalfadesp.org.br\/?p=49943#primaryimage"},"thumbnailUrl":"https:\/\/portalfadesp.org.br\/wp-content\/uploads\/2025\/06\/Motiro_Ima_290x460-1.jpg","articleSection":["Geral"],"inLanguage":"pt-BR"},{"@type":"WebPage","@id":"https:\/\/portalfadesp.org.br\/?p=49943","url":"https:\/\/portalfadesp.org.br\/?p=49943","name":"Motir\u00f5 promove debate sobre justi\u00e7a clim\u00e1tica e alerta para os riscos do ponto de n\u00e3o-retorno - FADESP","isPartOf":{"@id":"https:\/\/portalfadesp.org.br\/#website"},"primaryImageOfPage":{"@id":"https:\/\/portalfadesp.org.br\/?p=49943#primaryimage"},"image":{"@id":"https:\/\/portalfadesp.org.br\/?p=49943#primaryimage"},"thumbnailUrl":"https:\/\/portalfadesp.org.br\/wp-content\/uploads\/2025\/06\/Motiro_Ima_290x460-1.jpg","datePublished":"2025-06-06T17:42:33+00:00","dateModified":"2025-06-06T17:42:38+00:00","breadcrumb":{"@id":"https:\/\/portalfadesp.org.br\/?p=49943#breadcrumb"},"inLanguage":"pt-BR","potentialAction":[{"@type":"ReadAction","target":["https:\/\/portalfadesp.org.br\/?p=49943"]}]},{"@type":"ImageObject","inLanguage":"pt-BR","@id":"https:\/\/portalfadesp.org.br\/?p=49943#primaryimage","url":"https:\/\/portalfadesp.org.br\/wp-content\/uploads\/2025\/06\/Motiro_Ima_290x460-1.jpg","contentUrl":"https:\/\/portalfadesp.org.br\/wp-content\/uploads\/2025\/06\/Motiro_Ima_290x460-1.jpg","width":290,"height":460},{"@type":"BreadcrumbList","@id":"https:\/\/portalfadesp.org.br\/?p=49943#breadcrumb","itemListElement":[{"@type":"ListItem","position":1,"name":"In\u00edcio","item":"https:\/\/portalfadesp.org.br\/"},{"@type":"ListItem","position":2,"name":"Motir\u00f5 promove debate sobre justi\u00e7a clim\u00e1tica e alerta para os riscos do ponto de n\u00e3o-retorno"}]},{"@type":"WebSite","@id":"https:\/\/portalfadesp.org.br\/#website","url":"https:\/\/portalfadesp.org.br\/","name":"FADESP","description":"Funda\u00e7\u00e3o de Amparo e Desenvolvimento da Pesquisa","publisher":{"@id":"https:\/\/portalfadesp.org.br\/#organization"},"potentialAction":[{"@type":"SearchAction","target":{"@type":"EntryPoint","urlTemplate":"https:\/\/portalfadesp.org.br\/?s={search_term_string}"},"query-input":{"@type":"PropertyValueSpecification","valueRequired":true,"valueName":"search_term_string"}}],"inLanguage":"pt-BR"},{"@type":"Organization","@id":"https:\/\/portalfadesp.org.br\/#organization","name":"FADESP","url":"https:\/\/portalfadesp.org.br\/","logo":{"@type":"ImageObject","inLanguage":"pt-BR","@id":"https:\/\/portalfadesp.org.br\/#\/schema\/logo\/image\/","url":"https:\/\/portalfadesp.org.br\/wp-content\/uploads\/2024\/01\/NOVOLOGOFADESPlaranjaH.png","contentUrl":"https:\/\/portalfadesp.org.br\/wp-content\/uploads\/2024\/01\/NOVOLOGOFADESPlaranjaH.png","width":2742,"height":839,"caption":"FADESP"},"image":{"@id":"https:\/\/portalfadesp.org.br\/#\/schema\/logo\/image\/"},"sameAs":["https:\/\/www.facebook.com\/Fadesp-138351949524662\/","https:\/\/x.com\/Fadesp","https:\/\/www.instagram.com\/fadesp_ufpa\/","https:\/\/www.youtube.com\/@fundacaodeamparoedesenvolv1903","https:\/\/www.threads.net\/@fadesp_ufpa"]},{"@type":"Person","@id":"https:\/\/portalfadesp.org.br\/#\/schema\/person\/31709c4c8ec92d6bbdd2c1da60cf8d66","name":"Brena Marques","image":{"@type":"ImageObject","inLanguage":"pt-BR","@id":"https:\/\/portalfadesp.org.br\/#\/schema\/person\/image\/","url":"https:\/\/secure.gravatar.com\/avatar\/d8709cd0de324fbec018b6878350216726d26c3436f44ebee8f3db75e29728f3?s=96&d=mm&r=g","contentUrl":"https:\/\/secure.gravatar.com\/avatar\/d8709cd0de324fbec018b6878350216726d26c3436f44ebee8f3db75e29728f3?s=96&d=mm&r=g","caption":"Brena Marques"},"url":"https:\/\/portalfadesp.org.br\/?author=12"}]}},"_links":{"self":[{"href":"https:\/\/portalfadesp.org.br\/index.php?rest_route=\/wp\/v2\/posts\/49943","targetHints":{"allow":["GET"]}}],"collection":[{"href":"https:\/\/portalfadesp.org.br\/index.php?rest_route=\/wp\/v2\/posts"}],"about":[{"href":"https:\/\/portalfadesp.org.br\/index.php?rest_route=\/wp\/v2\/types\/post"}],"author":[{"embeddable":true,"href":"https:\/\/portalfadesp.org.br\/index.php?rest_route=\/wp\/v2\/users\/12"}],"replies":[{"embeddable":true,"href":"https:\/\/portalfadesp.org.br\/index.php?rest_route=%2Fwp%2Fv2%2Fcomments&post=49943"}],"version-history":[{"count":25,"href":"https:\/\/portalfadesp.org.br\/index.php?rest_route=\/wp\/v2\/posts\/49943\/revisions"}],"predecessor-version":[{"id":49985,"href":"https:\/\/portalfadesp.org.br\/index.php?rest_route=\/wp\/v2\/posts\/49943\/revisions\/49985"}],"wp:featuredmedia":[{"embeddable":true,"href":"https:\/\/portalfadesp.org.br\/index.php?rest_route=\/wp\/v2\/media\/49986"}],"wp:attachment":[{"href":"https:\/\/portalfadesp.org.br\/index.php?rest_route=%2Fwp%2Fv2%2Fmedia&parent=49943"}],"wp:term":[{"taxonomy":"category","embeddable":true,"href":"https:\/\/portalfadesp.org.br\/index.php?rest_route=%2Fwp%2Fv2%2Fcategories&post=49943"},{"taxonomy":"post_tag","embeddable":true,"href":"https:\/\/portalfadesp.org.br\/index.php?rest_route=%2Fwp%2Fv2%2Ftags&post=49943"}],"curies":[{"name":"wp","href":"https:\/\/api.w.org\/{rel}","templated":true}]}}