{"id":4990,"date":"2019-11-19T14:28:51","date_gmt":"2019-11-19T17:28:51","guid":{"rendered":"https:\/\/162.215.13.167?p=4990"},"modified":"2022-12-20T17:40:26","modified_gmt":"2022-12-20T20:40:26","slug":"prefeitura-de-pacaja-pa-realiza-processo-seletivo-simplificado-para-118-vagas-de-niveis-fundamental-completo-ou-nao-medio-medio-tecnico-e-superior-inscricoes-abertas","status":"publish","type":"post","link":"https:\/\/portalfadesp.org.br\/?p=4990","title":{"rendered":"Prefeitura de Pacaj\u00e1 (PA) realiza Processo Seletivo Simplificado para 118 vagas de n\u00edveis Fundamental completo ou n\u00e3o, M\u00e9dio, M\u00e9dio T\u00e9cnico e Superior. Inscri\u00e7\u00f5es abertas."},"content":{"rendered":"\n<p>A prefeitura de Pacaj\u00e1 (PA) realizar\u00e1 Processo Seletivo Simplificado (PSS) para a contrata\u00e7\u00e3o tempor\u00e1ria de 118 profissionais. As vagas s\u00e3o para 23 cargos distribu\u00eddos entre os n\u00edveis escolares Fundamental (completo ou n\u00e3o), M\u00e9dio, M\u00e9dio T\u00e9cnico e Superior. As inscri\u00e7\u00f5es s\u00e3o online e est\u00e3o sendo realizadas atrav\u00e9s do <strong><a href=\"https:\/\/portalfadesp.org.br\/?page_id=4951\" target=\"_blank\" rel=\"noreferrer noopener\">portal da FADESP, www.portalfadesp.org.br.<\/a><\/strong><\/p>\n\n\n\n<p>Conforme o<strong><a href=\"http:\/\/concursos.fadesp.org.br\/EDITAL%20N%C2%B0%20001_2019_PMP%20-%20PSS.pdf\" target=\"_blank\" rel=\"noreferrer noopener\" aria-label=\" edita (abre numa nova aba)\"> edita<\/a><\/strong>l, o PSS ter\u00e1 validade de um ano. Os candidatos selecionados tamb\u00e9m poder\u00e3o ser contratados por um ano, havendo 5% de reserva das vagas para Pessoas com Defici\u00eancia e possibilidade de renova\u00e7\u00e3o dos contratos. &nbsp;<\/p>\n\n\n\n<p>A sele\u00e7\u00e3o\nser\u00e1 realizada em duas etapas. A primeira ser\u00e1 o cumprimento das exig\u00eancias\npara a inscri\u00e7\u00e3o. O candidato deve preencher corretamente o formul\u00e1rio online,\nanexar todos os documentos solicitados e pagar a taxa de R$ 30,00. Caso n\u00e3o\ncumpra um desses itens dentro do prazo, ser\u00e1 eliminado.<\/p>\n\n\n\n<p>A segunda\netapa ser\u00e1 a an\u00e1lise da documenta\u00e7\u00e3o anexada. S\u00e3o pedidos documentos pessoais,\nde forma\u00e7\u00e3o (escolaridade m\u00ednima, curso espec\u00edfico, experi\u00eancia e registro em\n\u00f3rg\u00e3o de classe) e de experi\u00eancia na atividade profissional no cargo requerido.\n<\/p>\n\n\n\n<p>Na hora de\nanexar a documenta\u00e7\u00e3o, o candidato deve observar que para cada grupo de\ndocumentos deve ser gerado e anexado um s\u00f3 arquivo em PDF. Por exemplo, todos os\ndocumentos pessoais devem estar em um s\u00f3 documento no formato PDF.<\/p>\n\n\n\n<p>A an\u00e1lise\ncurricular ser\u00e1 realizada entre os dias 17 e 23 de dezembro deste ano. Conforme\no edital, ser\u00e3o atribu\u00eddos at\u00e9 2 pontos para documentos pessoais adequados, at\u00e9\ntr\u00eas para a forma\u00e7\u00e3o escolar m\u00ednima e at\u00e9 cinco para experi\u00eancia na atividade\nprofissional do cargo. <\/p>\n\n\n\n<p>A divulga\u00e7\u00e3o do resultado preliminar est\u00e1 prevista para o dia 23 de dezembro e a homologa\u00e7\u00e3o do resultado final para 10 de janeiro de 2020. Como organizadora do PSS, a FADESP orienta os candidatos a lerem o <strong><a rel=\"noreferrer noopener\" aria-label=\"edital  (abre numa nova aba)\" href=\"http:\/\/concursos.fadesp.org.br\/EDITAL%20N%C2%B0%20001_2019_PMP%20-%20PSS.pdf\" target=\"_blank\">edital <\/a><\/strong>atentamente e acessarem a <strong><a href=\"https:\/\/portalfadesp.org.br\/?page_id=4951\" target=\"_blank\" rel=\"noreferrer noopener\">p\u00e1gina oficial do concurso<\/a><\/strong> no portal para se manterem informados.<\/p>\n\n\n\n<p><strong>Destaques<br>Inscri\u00e7\u00f5es<\/strong> &#8211; site da FADESP (<a href=\"\/\">www.portalfadesp.org.br<\/a>)<br><strong>Per\u00edodo de inscri\u00e7\u00f5es<\/strong> &#8211; at\u00e9 05\/12\/19.<br><strong>Postagem online dos documentos<\/strong>:\u00a010 a 16\/12\/19 <br><strong>Taxa de inscri\u00e7\u00e3o<\/strong> &#8211; R$ 30,00.<br><strong>Vagas \u2013\u00a0\u00a0<\/strong>118<br><strong>Cargos \u2013<\/strong>Auxiliar de Servi\u00e7os Gerais, Assistente Administrativo, Vigia, Servente, Motorista de Ve\u00edculos Leves, Motorista de Ve\u00edculos Pesados, Agente de Vigil\u00e2ncia Epidemiol\u00f3gica, T\u00e9cnico em Enfermagem, T\u00e9cnico em Radiologia, Enfermeiro, Odont\u00f3logo, Biom\u00e9dico, Pedreiro, Servente de Pedreiro, Eletricista, Operador de Maquinas Pesadas, Pintor, Auxiliar de Mec\u00e2nico, T\u00e9cnico em Gest\u00e3o Ambiental, Jardineiro, Coveiro, T\u00e9cnico em Agropecu\u00e1ria e Gari.<br><strong>Divulga\u00e7\u00e3o do resultado preliminar:<\/strong>\u00a023\/12\/19<br><strong>Homologa\u00e7\u00e3o dos Resultado Final: <\/strong>10\/01\/20<\/p>\n","protected":false},"excerpt":{"rendered":"<p>A prefeitura de Pacaj\u00e1 (PA) realizar\u00e1 Processo Seletivo Simplificado (PSS) para a contrata\u00e7\u00e3o tempor\u00e1ria de 118 profissionais. As vagas s\u00e3o para 23 cargos distribu\u00eddos entre os n\u00edveis escolares Fundamental (completo ou n\u00e3o), M\u00e9dio, M\u00e9dio T\u00e9cnico e Superior. As inscri\u00e7\u00f5es s\u00e3o online e est\u00e3o sendo realizadas atrav\u00e9s do portal da FADESP, www.portalfadesp.org.br. Conforme o edital, o [&hellip;]<\/p>\n","protected":false},"author":11,"featured_media":4991,"comment_status":"open","ping_status":"open","sticky":false,"template":"","format":"standard","meta":{"_monsterinsights_skip_tracking":false,"_monsterinsights_sitenote_active":false,"_monsterinsights_sitenote_note":"","_monsterinsights_sitenote_category":0,"footnotes":""},"categories":[7],"tags":[62,23],"class_list":["post-4990","post","type-post","status-publish","format-standard","has-post-thumbnail","hentry","category-concurso","tag-concurso-publico","tag-oportunidade","entry","has-media"],"yoast_head":"<!-- This site is optimized with the Yoast SEO plugin v25.1 - https:\/\/yoast.com\/wordpress\/plugins\/seo\/ -->\n<title>Prefeitura de Pacaj\u00e1 (PA) realiza Processo Seletivo Simplificado para 118 vagas de n\u00edveis Fundamental completo ou n\u00e3o, M\u00e9dio, M\u00e9dio T\u00e9cnico e Superior. Inscri\u00e7\u00f5es abertas. - FADESP<\/title>\n<meta name=\"robots\" content=\"index, follow, max-snippet:-1, max-image-preview:large, max-video-preview:-1\" \/>\n<link rel=\"canonical\" href=\"https:\/\/portalfadesp.org.br\/?p=4990\" \/>\n<meta property=\"og:locale\" content=\"pt_BR\" \/>\n<meta property=\"og:type\" content=\"article\" \/>\n<meta property=\"og:title\" content=\"Prefeitura de Pacaj\u00e1 (PA) realiza Processo Seletivo Simplificado para 118 vagas de n\u00edveis Fundamental completo ou n\u00e3o, M\u00e9dio, M\u00e9dio T\u00e9cnico e Superior. Inscri\u00e7\u00f5es abertas. - FADESP\" \/>\n<meta property=\"og:description\" content=\"A prefeitura de Pacaj\u00e1 (PA) realizar\u00e1 Processo Seletivo Simplificado (PSS) para a contrata\u00e7\u00e3o tempor\u00e1ria de 118 profissionais. As vagas s\u00e3o para 23 cargos distribu\u00eddos entre os n\u00edveis escolares Fundamental (completo ou n\u00e3o), M\u00e9dio, M\u00e9dio T\u00e9cnico e Superior. As inscri\u00e7\u00f5es s\u00e3o online e est\u00e3o sendo realizadas atrav\u00e9s do portal da FADESP, www.portalfadesp.org.br. Conforme o edital, o [&hellip;]\" \/>\n<meta property=\"og:url\" content=\"https:\/\/portalfadesp.org.br\/?p=4990\" \/>\n<meta property=\"og:site_name\" content=\"FADESP\" \/>\n<meta property=\"article:publisher\" content=\"https:\/\/www.facebook.com\/Fadesp-138351949524662\/\" \/>\n<meta property=\"article:published_time\" content=\"2019-11-19T17:28:51+00:00\" \/>\n<meta property=\"article:modified_time\" content=\"2022-12-20T20:40:26+00:00\" \/>\n<meta property=\"og:image\" content=\"https:\/\/portalfadesp.org.br\/wp-content\/uploads\/2019\/11\/pacaj\u00e1.jpg\" \/>\n\t<meta property=\"og:image:width\" content=\"720\" \/>\n\t<meta property=\"og:image:height\" content=\"540\" \/>\n\t<meta property=\"og:image:type\" content=\"image\/jpeg\" \/>\n<meta name=\"author\" content=\"Lorena Filgueiras\" \/>\n<meta name=\"twitter:card\" content=\"summary_large_image\" \/>\n<meta name=\"twitter:creator\" content=\"@Fadesp\" \/>\n<meta name=\"twitter:site\" content=\"@Fadesp\" \/>\n<meta name=\"twitter:label1\" content=\"Escrito por\" \/>\n\t<meta name=\"twitter:data1\" content=\"Lorena Filgueiras\" \/>\n\t<meta name=\"twitter:label2\" content=\"Est. tempo de leitura\" \/>\n\t<meta name=\"twitter:data2\" content=\"2 minutos\" \/>\n<script type=\"application\/ld+json\" class=\"yoast-schema-graph\">{\"@context\":\"https:\/\/schema.org\",\"@graph\":[{\"@type\":\"Article\",\"@id\":\"https:\/\/portalfadesp.org.br\/?p=4990#article\",\"isPartOf\":{\"@id\":\"https:\/\/portalfadesp.org.br\/?p=4990\"},\"author\":{\"name\":\"Lorena Filgueiras\",\"@id\":\"https:\/\/portalfadesp.org.br\/#\/schema\/person\/c1fa9db0c87dc412d1568e0e5e27be9c\"},\"headline\":\"Prefeitura de Pacaj\u00e1 (PA) realiza Processo Seletivo Simplificado para 118 vagas de n\u00edveis Fundamental completo ou n\u00e3o, M\u00e9dio, M\u00e9dio T\u00e9cnico e Superior. Inscri\u00e7\u00f5es abertas.\",\"datePublished\":\"2019-11-19T17:28:51+00:00\",\"dateModified\":\"2022-12-20T20:40:26+00:00\",\"mainEntityOfPage\":{\"@id\":\"https:\/\/portalfadesp.org.br\/?p=4990\"},\"wordCount\":480,\"commentCount\":0,\"publisher\":{\"@id\":\"https:\/\/portalfadesp.org.br\/#organization\"},\"image\":{\"@id\":\"https:\/\/portalfadesp.org.br\/?p=4990#primaryimage\"},\"thumbnailUrl\":\"https:\/\/portalfadesp.org.br\/wp-content\/uploads\/2019\/11\/pacaj\u00e1.jpg\",\"keywords\":[\"concurso p\u00fablico\",\"oportunidade\"],\"articleSection\":[\"Concurso\"],\"inLanguage\":\"pt-BR\"},{\"@type\":\"WebPage\",\"@id\":\"https:\/\/portalfadesp.org.br\/?p=4990\",\"url\":\"https:\/\/portalfadesp.org.br\/?p=4990\",\"name\":\"Prefeitura de Pacaj\u00e1 (PA) realiza Processo Seletivo Simplificado para 118 vagas de n\u00edveis Fundamental completo ou n\u00e3o, M\u00e9dio, M\u00e9dio T\u00e9cnico e Superior. Inscri\u00e7\u00f5es abertas. - FADESP\",\"isPartOf\":{\"@id\":\"https:\/\/portalfadesp.org.br\/#website\"},\"primaryImageOfPage\":{\"@id\":\"https:\/\/portalfadesp.org.br\/?p=4990#primaryimage\"},\"image\":{\"@id\":\"https:\/\/portalfadesp.org.br\/?p=4990#primaryimage\"},\"thumbnailUrl\":\"https:\/\/portalfadesp.org.br\/wp-content\/uploads\/2019\/11\/pacaj\u00e1.jpg\",\"datePublished\":\"2019-11-19T17:28:51+00:00\",\"dateModified\":\"2022-12-20T20:40:26+00:00\",\"breadcrumb\":{\"@id\":\"https:\/\/portalfadesp.org.br\/?p=4990#breadcrumb\"},\"inLanguage\":\"pt-BR\",\"potentialAction\":[{\"@type\":\"ReadAction\",\"target\":[\"https:\/\/portalfadesp.org.br\/?p=4990\"]}]},{\"@type\":\"ImageObject\",\"inLanguage\":\"pt-BR\",\"@id\":\"https:\/\/portalfadesp.org.br\/?p=4990#primaryimage\",\"url\":\"https:\/\/portalfadesp.org.br\/wp-content\/uploads\/2019\/11\/pacaj\u00e1.jpg\",\"contentUrl\":\"https:\/\/portalfadesp.org.br\/wp-content\/uploads\/2019\/11\/pacaj\u00e1.jpg\",\"width\":720,\"height\":540},{\"@type\":\"BreadcrumbList\",\"@id\":\"https:\/\/portalfadesp.org.br\/?p=4990#breadcrumb\",\"itemListElement\":[{\"@type\":\"ListItem\",\"position\":1,\"name\":\"In\u00edcio\",\"item\":\"https:\/\/portalfadesp.org.br\/\"},{\"@type\":\"ListItem\",\"position\":2,\"name\":\"Prefeitura de Pacaj\u00e1 (PA) realiza Processo Seletivo Simplificado para 118 vagas de n\u00edveis Fundamental completo ou n\u00e3o, M\u00e9dio, M\u00e9dio T\u00e9cnico e Superior. Inscri\u00e7\u00f5es abertas.\"}]},{\"@type\":\"WebSite\",\"@id\":\"https:\/\/portalfadesp.org.br\/#website\",\"url\":\"https:\/\/portalfadesp.org.br\/\",\"name\":\"FADESP\",\"description\":\"Funda\u00e7\u00e3o de Amparo e Desenvolvimento da Pesquisa\",\"publisher\":{\"@id\":\"https:\/\/portalfadesp.org.br\/#organization\"},\"potentialAction\":[{\"@type\":\"SearchAction\",\"target\":{\"@type\":\"EntryPoint\",\"urlTemplate\":\"https:\/\/portalfadesp.org.br\/?s={search_term_string}\"},\"query-input\":{\"@type\":\"PropertyValueSpecification\",\"valueRequired\":true,\"valueName\":\"search_term_string\"}}],\"inLanguage\":\"pt-BR\"},{\"@type\":\"Organization\",\"@id\":\"https:\/\/portalfadesp.org.br\/#organization\",\"name\":\"FADESP\",\"url\":\"https:\/\/portalfadesp.org.br\/\",\"logo\":{\"@type\":\"ImageObject\",\"inLanguage\":\"pt-BR\",\"@id\":\"https:\/\/portalfadesp.org.br\/#\/schema\/logo\/image\/\",\"url\":\"https:\/\/portalfadesp.org.br\/wp-content\/uploads\/2024\/01\/NOVOLOGOFADESPlaranjaH.png\",\"contentUrl\":\"https:\/\/portalfadesp.org.br\/wp-content\/uploads\/2024\/01\/NOVOLOGOFADESPlaranjaH.png\",\"width\":2742,\"height\":839,\"caption\":\"FADESP\"},\"image\":{\"@id\":\"https:\/\/portalfadesp.org.br\/#\/schema\/logo\/image\/\"},\"sameAs\":[\"https:\/\/www.facebook.com\/Fadesp-138351949524662\/\",\"https:\/\/x.com\/Fadesp\",\"https:\/\/www.instagram.com\/fadesp_ufpa\/\",\"https:\/\/www.youtube.com\/@fundacaodeamparoedesenvolv1903\",\"https:\/\/www.threads.net\/@fadesp_ufpa\"]},{\"@type\":\"Person\",\"@id\":\"https:\/\/portalfadesp.org.br\/#\/schema\/person\/c1fa9db0c87dc412d1568e0e5e27be9c\",\"name\":\"Lorena Filgueiras\",\"image\":{\"@type\":\"ImageObject\",\"inLanguage\":\"pt-BR\",\"@id\":\"https:\/\/portalfadesp.org.br\/#\/schema\/person\/image\/\",\"url\":\"https:\/\/secure.gravatar.com\/avatar\/37390a2dfe1325c2917fc5f6df471abe8ab753cf23b2d14690f57bd61ab4b7cf?s=96&d=mm&r=g\",\"contentUrl\":\"https:\/\/secure.gravatar.com\/avatar\/37390a2dfe1325c2917fc5f6df471abe8ab753cf23b2d14690f57bd61ab4b7cf?s=96&d=mm&r=g\",\"caption\":\"Lorena Filgueiras\"},\"url\":\"https:\/\/portalfadesp.org.br\/?author=11\"}]}<\/script>\n<!-- \/ Yoast SEO plugin. -->","yoast_head_json":{"title":"Prefeitura de Pacaj\u00e1 (PA) realiza Processo Seletivo Simplificado para 118 vagas de n\u00edveis Fundamental completo ou n\u00e3o, M\u00e9dio, M\u00e9dio T\u00e9cnico e Superior. Inscri\u00e7\u00f5es abertas. - FADESP","robots":{"index":"index","follow":"follow","max-snippet":"max-snippet:-1","max-image-preview":"max-image-preview:large","max-video-preview":"max-video-preview:-1"},"canonical":"https:\/\/portalfadesp.org.br\/?p=4990","og_locale":"pt_BR","og_type":"article","og_title":"Prefeitura de Pacaj\u00e1 (PA) realiza Processo Seletivo Simplificado para 118 vagas de n\u00edveis Fundamental completo ou n\u00e3o, M\u00e9dio, M\u00e9dio T\u00e9cnico e Superior. Inscri\u00e7\u00f5es abertas. - FADESP","og_description":"A prefeitura de Pacaj\u00e1 (PA) realizar\u00e1 Processo Seletivo Simplificado (PSS) para a contrata\u00e7\u00e3o tempor\u00e1ria de 118 profissionais. As vagas s\u00e3o para 23 cargos distribu\u00eddos entre os n\u00edveis escolares Fundamental (completo ou n\u00e3o), M\u00e9dio, M\u00e9dio T\u00e9cnico e Superior. As inscri\u00e7\u00f5es s\u00e3o online e est\u00e3o sendo realizadas atrav\u00e9s do portal da FADESP, www.portalfadesp.org.br. Conforme o edital, o [&hellip;]","og_url":"https:\/\/portalfadesp.org.br\/?p=4990","og_site_name":"FADESP","article_publisher":"https:\/\/www.facebook.com\/Fadesp-138351949524662\/","article_published_time":"2019-11-19T17:28:51+00:00","article_modified_time":"2022-12-20T20:40:26+00:00","og_image":[{"width":720,"height":540,"url":"https:\/\/portalfadesp.org.br\/wp-content\/uploads\/2019\/11\/pacaj\u00e1.jpg","type":"image\/jpeg"}],"author":"Lorena Filgueiras","twitter_card":"summary_large_image","twitter_creator":"@Fadesp","twitter_site":"@Fadesp","twitter_misc":{"Escrito por":"Lorena Filgueiras","Est. tempo de leitura":"2 minutos"},"schema":{"@context":"https:\/\/schema.org","@graph":[{"@type":"Article","@id":"https:\/\/portalfadesp.org.br\/?p=4990#article","isPartOf":{"@id":"https:\/\/portalfadesp.org.br\/?p=4990"},"author":{"name":"Lorena Filgueiras","@id":"https:\/\/portalfadesp.org.br\/#\/schema\/person\/c1fa9db0c87dc412d1568e0e5e27be9c"},"headline":"Prefeitura de Pacaj\u00e1 (PA) realiza Processo Seletivo Simplificado para 118 vagas de n\u00edveis Fundamental completo ou n\u00e3o, M\u00e9dio, M\u00e9dio T\u00e9cnico e Superior. Inscri\u00e7\u00f5es abertas.","datePublished":"2019-11-19T17:28:51+00:00","dateModified":"2022-12-20T20:40:26+00:00","mainEntityOfPage":{"@id":"https:\/\/portalfadesp.org.br\/?p=4990"},"wordCount":480,"commentCount":0,"publisher":{"@id":"https:\/\/portalfadesp.org.br\/#organization"},"image":{"@id":"https:\/\/portalfadesp.org.br\/?p=4990#primaryimage"},"thumbnailUrl":"https:\/\/portalfadesp.org.br\/wp-content\/uploads\/2019\/11\/pacaj\u00e1.jpg","keywords":["concurso p\u00fablico","oportunidade"],"articleSection":["Concurso"],"inLanguage":"pt-BR"},{"@type":"WebPage","@id":"https:\/\/portalfadesp.org.br\/?p=4990","url":"https:\/\/portalfadesp.org.br\/?p=4990","name":"Prefeitura de Pacaj\u00e1 (PA) realiza Processo Seletivo Simplificado para 118 vagas de n\u00edveis Fundamental completo ou n\u00e3o, M\u00e9dio, M\u00e9dio T\u00e9cnico e Superior. Inscri\u00e7\u00f5es abertas. - FADESP","isPartOf":{"@id":"https:\/\/portalfadesp.org.br\/#website"},"primaryImageOfPage":{"@id":"https:\/\/portalfadesp.org.br\/?p=4990#primaryimage"},"image":{"@id":"https:\/\/portalfadesp.org.br\/?p=4990#primaryimage"},"thumbnailUrl":"https:\/\/portalfadesp.org.br\/wp-content\/uploads\/2019\/11\/pacaj\u00e1.jpg","datePublished":"2019-11-19T17:28:51+00:00","dateModified":"2022-12-20T20:40:26+00:00","breadcrumb":{"@id":"https:\/\/portalfadesp.org.br\/?p=4990#breadcrumb"},"inLanguage":"pt-BR","potentialAction":[{"@type":"ReadAction","target":["https:\/\/portalfadesp.org.br\/?p=4990"]}]},{"@type":"ImageObject","inLanguage":"pt-BR","@id":"https:\/\/portalfadesp.org.br\/?p=4990#primaryimage","url":"https:\/\/portalfadesp.org.br\/wp-content\/uploads\/2019\/11\/pacaj\u00e1.jpg","contentUrl":"https:\/\/portalfadesp.org.br\/wp-content\/uploads\/2019\/11\/pacaj\u00e1.jpg","width":720,"height":540},{"@type":"BreadcrumbList","@id":"https:\/\/portalfadesp.org.br\/?p=4990#breadcrumb","itemListElement":[{"@type":"ListItem","position":1,"name":"In\u00edcio","item":"https:\/\/portalfadesp.org.br\/"},{"@type":"ListItem","position":2,"name":"Prefeitura de Pacaj\u00e1 (PA) realiza Processo Seletivo Simplificado para 118 vagas de n\u00edveis Fundamental completo ou n\u00e3o, M\u00e9dio, M\u00e9dio T\u00e9cnico e Superior. Inscri\u00e7\u00f5es abertas."}]},{"@type":"WebSite","@id":"https:\/\/portalfadesp.org.br\/#website","url":"https:\/\/portalfadesp.org.br\/","name":"FADESP","description":"Funda\u00e7\u00e3o de Amparo e Desenvolvimento da Pesquisa","publisher":{"@id":"https:\/\/portalfadesp.org.br\/#organization"},"potentialAction":[{"@type":"SearchAction","target":{"@type":"EntryPoint","urlTemplate":"https:\/\/portalfadesp.org.br\/?s={search_term_string}"},"query-input":{"@type":"PropertyValueSpecification","valueRequired":true,"valueName":"search_term_string"}}],"inLanguage":"pt-BR"},{"@type":"Organization","@id":"https:\/\/portalfadesp.org.br\/#organization","name":"FADESP","url":"https:\/\/portalfadesp.org.br\/","logo":{"@type":"ImageObject","inLanguage":"pt-BR","@id":"https:\/\/portalfadesp.org.br\/#\/schema\/logo\/image\/","url":"https:\/\/portalfadesp.org.br\/wp-content\/uploads\/2024\/01\/NOVOLOGOFADESPlaranjaH.png","contentUrl":"https:\/\/portalfadesp.org.br\/wp-content\/uploads\/2024\/01\/NOVOLOGOFADESPlaranjaH.png","width":2742,"height":839,"caption":"FADESP"},"image":{"@id":"https:\/\/portalfadesp.org.br\/#\/schema\/logo\/image\/"},"sameAs":["https:\/\/www.facebook.com\/Fadesp-138351949524662\/","https:\/\/x.com\/Fadesp","https:\/\/www.instagram.com\/fadesp_ufpa\/","https:\/\/www.youtube.com\/@fundacaodeamparoedesenvolv1903","https:\/\/www.threads.net\/@fadesp_ufpa"]},{"@type":"Person","@id":"https:\/\/portalfadesp.org.br\/#\/schema\/person\/c1fa9db0c87dc412d1568e0e5e27be9c","name":"Lorena Filgueiras","image":{"@type":"ImageObject","inLanguage":"pt-BR","@id":"https:\/\/portalfadesp.org.br\/#\/schema\/person\/image\/","url":"https:\/\/secure.gravatar.com\/avatar\/37390a2dfe1325c2917fc5f6df471abe8ab753cf23b2d14690f57bd61ab4b7cf?s=96&d=mm&r=g","contentUrl":"https:\/\/secure.gravatar.com\/avatar\/37390a2dfe1325c2917fc5f6df471abe8ab753cf23b2d14690f57bd61ab4b7cf?s=96&d=mm&r=g","caption":"Lorena Filgueiras"},"url":"https:\/\/portalfadesp.org.br\/?author=11"}]}},"_links":{"self":[{"href":"https:\/\/portalfadesp.org.br\/index.php?rest_route=\/wp\/v2\/posts\/4990","targetHints":{"allow":["GET"]}}],"collection":[{"href":"https:\/\/portalfadesp.org.br\/index.php?rest_route=\/wp\/v2\/posts"}],"about":[{"href":"https:\/\/portalfadesp.org.br\/index.php?rest_route=\/wp\/v2\/types\/post"}],"author":[{"embeddable":true,"href":"https:\/\/portalfadesp.org.br\/index.php?rest_route=\/wp\/v2\/users\/11"}],"replies":[{"embeddable":true,"href":"https:\/\/portalfadesp.org.br\/index.php?rest_route=%2Fwp%2Fv2%2Fcomments&post=4990"}],"version-history":[{"count":6,"href":"https:\/\/portalfadesp.org.br\/index.php?rest_route=\/wp\/v2\/posts\/4990\/revisions"}],"predecessor-version":[{"id":37800,"href":"https:\/\/portalfadesp.org.br\/index.php?rest_route=\/wp\/v2\/posts\/4990\/revisions\/37800"}],"wp:featuredmedia":[{"embeddable":true,"href":"https:\/\/portalfadesp.org.br\/index.php?rest_route=\/wp\/v2\/media\/4991"}],"wp:attachment":[{"href":"https:\/\/portalfadesp.org.br\/index.php?rest_route=%2Fwp%2Fv2%2Fmedia&parent=4990"}],"wp:term":[{"taxonomy":"category","embeddable":true,"href":"https:\/\/portalfadesp.org.br\/index.php?rest_route=%2Fwp%2Fv2%2Fcategories&post=4990"},{"taxonomy":"post_tag","embeddable":true,"href":"https:\/\/portalfadesp.org.br\/index.php?rest_route=%2Fwp%2Fv2%2Ftags&post=4990"}],"curies":[{"name":"wp","href":"https:\/\/api.w.org\/{rel}","templated":true}]}}