{"id":49359,"date":"2025-05-29T15:45:02","date_gmt":"2025-05-29T18:45:02","guid":{"rendered":"https:\/\/portalfadesp.org.br\/?p=49359"},"modified":"2025-06-02T14:20:47","modified_gmt":"2025-06-02T17:20:47","slug":"fadesp-no-ii-seminario-dialogos-para-a-cop30","status":"publish","type":"post","link":"https:\/\/portalfadesp.org.br\/?p=49359","title":{"rendered":"FADESP no II Semin\u00e1rio Di\u00e1logos para a COP30"},"content":{"rendered":"\n<p><\/p>\n\n\n\n<p><strong><mark style=\"background-color:rgba(0, 0, 0, 0)\" class=\"has-inline-color has-luminous-vivid-orange-color\">Inova\u00e7\u00e3o na Educa\u00e7\u00e3o Ambiental como legado da COP 30<\/mark><\/strong><\/p>\n\n\n\n<p><em>Atenta \u00e0 relev\u00e2ncia e efetividade do projeto &#8220;Gest\u00e3o de Res\u00edduos S\u00f3lidos, Educa\u00e7\u00e3o Ambiental e Inova\u00e7\u00e3o em Bioeconomia para Bel\u00e9m rumo \u00e0 COP30\u201d, FADESP apoia semin\u00e1rio tem\u00e1tico no Hangar, em Bel\u00e9m.<\/em><\/p>\n\n\n\n<div style=\"height:30px\" aria-hidden=\"true\" class=\"wp-block-spacer\"><\/div>\n\n\n\n<p>\u201cO grande avan\u00e7o dessa iniciativa vai muito al\u00e9m da implanta\u00e7\u00e3o das tecnologias existentes e dos processos e produtos implementados. O legado mais relevante est\u00e1 na inova\u00e7\u00e3o na educa\u00e7\u00e3o ambiental, porque traz a educa\u00e7\u00e3o ambiental para a pr\u00e1tica, envolvendo a comunidade, a academia, os entes p\u00fablicos\u201d. A declara\u00e7\u00e3o, proferida pelo diretor adjunto da FADESP, Alceb\u00edades Negr\u00e3o Macedo, deu o tom da miss\u00e3o Institucional da Funda\u00e7\u00e3o, durante a abertura do II Semin\u00e1rio de Educa\u00e7\u00e3o Ambiental \u2013 Di\u00e1logos para a COP 30, realizado no Hangar Centro de Conven\u00e7\u00f5es da Amaz\u00f4nia, em Bel\u00e9m, nos dias 28 e 29 de maio.<\/p>\n\n\n\n<figure class=\"wp-block-image size-large\"><img fetchpriority=\"high\" decoding=\"async\" width=\"1024\" height=\"683\" src=\"https:\/\/portalfadesp.org.br\/wp-content\/uploads\/2025\/05\/C015017-1024x683.jpg\" alt=\"\" class=\"wp-image-49360\" srcset=\"https:\/\/portalfadesp.org.br\/wp-content\/uploads\/2025\/05\/C015017-1024x683.jpg 1024w, https:\/\/portalfadesp.org.br\/wp-content\/uploads\/2025\/05\/C015017-300x200.jpg 300w, https:\/\/portalfadesp.org.br\/wp-content\/uploads\/2025\/05\/C015017-768x512.jpg 768w, https:\/\/portalfadesp.org.br\/wp-content\/uploads\/2025\/05\/C015017-1536x1024.jpg 1536w, https:\/\/portalfadesp.org.br\/wp-content\/uploads\/2025\/05\/C015017-2048x1365.jpg 2048w\" sizes=\"(max-width: 1024px) 100vw, 1024px\" \/><figcaption class=\"wp-element-caption\">Diretor adjunto da FADESP, Alceb\u00edades Negr\u00e3o Macedo \/ Fotos: Paulo Castro<\/figcaption><\/figure>\n\n\n\n<div style=\"height:30px\" aria-hidden=\"true\" class=\"wp-block-spacer\"><\/div>\n\n\n\n<p>Para Negr\u00e3o, a educa\u00e7\u00e3o ambiental \u00e9 a contribui\u00e7\u00e3o maior para o desenvolvimento sustent\u00e1vel e ambiental da Amaz\u00f4nia, do Brasil e do mundo neste momento. \u201cA tem\u00e1tica do semin\u00e1rio \u00e9 extremamente pertinente ao momento hist\u00f3rico que vivemos, especialmente com a chegada da COP 30\u201d, ressaltou.<\/p>\n\n\n\n<div style=\"height:30px\" aria-hidden=\"true\" class=\"wp-block-spacer\"><\/div>\n\n\n\n<p>O diretor adjunto tamb\u00e9m enfatizou que o debate sobre o tratamento adequado dos res\u00edduos s\u00f3lidos \u00e9 \u201cmultidisciplinar\u201d e exige coordena\u00e7\u00e3o entre os setores p\u00fablico, privado e sociedade civil. \u201cIniciativas inovadoras como esta s\u00f3 avan\u00e7am com articula\u00e7\u00f5es fortes e coordenadas. \u00c9 um grande desafio do mundo contempor\u00e2neo. E \u00e9 fundamental que esse debate se eternize como uma a\u00e7\u00e3o constante\u201d, afirmou.<\/p>\n\n\n\n<div style=\"height:30px\" aria-hidden=\"true\" class=\"wp-block-spacer\"><\/div>\n\n\n\n<p>Promovido pela Itaipu Binacional, em parceria com a UFPA, Prefeitura de Bel\u00e9m, Governo do Par\u00e1, Minist\u00e9rio do Meio Ambiente e Mudan\u00e7a do Clima, Itaipu Parquetec e FADESP, o semin\u00e1rio reuniu entes p\u00fablicos, sociedade organizada e catadores para discutir solu\u00e7\u00f5es sustent\u00e1veis para a gest\u00e3o de res\u00edduos s\u00f3lidos, em prepara\u00e7\u00e3o \u00e0 COP 30.<\/p>\n\n\n\n<div style=\"height:30px\" aria-hidden=\"true\" class=\"wp-block-spacer\"><\/div>\n\n\n\n<p>O semin\u00e1rio tamb\u00e9m marcou o lan\u00e7amento oficial do programa <strong>Coleta Mais Bel\u00e9m<\/strong>, voltado \u00e0 amplia\u00e7\u00e3o da coleta seletiva e ao fortalecimento das cooperativas de catadores. A iniciativa integra o conv\u00eanio \u201cGest\u00e3o de Res\u00edduos S\u00f3lidos, Educa\u00e7\u00e3o Ambiental e Inova\u00e7\u00e3o em Bioeconomia para Bel\u00e9m rumo \u00e0 COP 30\u201d, liderado pela FADESP e representado na abertura do evento pelos professores e pesquisadores M\u00e1rcia Bittencourt e Raul Ventura.<\/p>\n\n\n\n<figure class=\"wp-block-image size-large\"><img decoding=\"async\" width=\"1024\" height=\"683\" src=\"https:\/\/portalfadesp.org.br\/wp-content\/uploads\/2025\/05\/C014982-1024x683.jpg\" alt=\"\" class=\"wp-image-49361\" srcset=\"https:\/\/portalfadesp.org.br\/wp-content\/uploads\/2025\/05\/C014982-1024x683.jpg 1024w, https:\/\/portalfadesp.org.br\/wp-content\/uploads\/2025\/05\/C014982-300x200.jpg 300w, https:\/\/portalfadesp.org.br\/wp-content\/uploads\/2025\/05\/C014982-768x512.jpg 768w, https:\/\/portalfadesp.org.br\/wp-content\/uploads\/2025\/05\/C014982-1536x1024.jpg 1536w, https:\/\/portalfadesp.org.br\/wp-content\/uploads\/2025\/05\/C014982-2048x1365.jpg 2048w\" sizes=\"(max-width: 1024px) 100vw, 1024px\" \/><figcaption class=\"wp-element-caption\">Mesa de Abertura com Itaipu Binacional, Itaipu Parquetec, Prefeitura de Bel\u00e9m, Cooperatira de Reciclagem Concaves e FADESP \/ Fotos: Paulo Castro<\/figcaption><\/figure>\n\n\n\n<div style=\"height:30px\" aria-hidden=\"true\" class=\"wp-block-spacer\"><\/div>\n\n\n\n<p>A cerim\u00f4nia de abertura do Semin\u00e1rio contou ainda com a participa\u00e7\u00e3o da pr\u00f3-reitora de Ensino e Gradua\u00e7\u00e3o da Universidade Federal do Par\u00e1 (UFPA), Maria Lucilena Gonzaga da Costa; Luiz Suzuki, gestor de contratos da Itaipu Binacional; e da representante de cooperativas de catadores, D\u00e9bora Ba\u00eda, da Cooperativa de Reciclagem Concaves.<\/p>\n\n\n\n<div style=\"height:30px\" aria-hidden=\"true\" class=\"wp-block-spacer\"><\/div>\n\n\n\n<p><strong><mark style=\"background-color:rgba(0, 0, 0, 0)\" class=\"has-inline-color has-luminous-vivid-orange-color\">Uma Bel\u00e9m mais limpa e sustent\u00e1vel<\/mark><\/strong><\/p>\n\n\n\n<p>Uma das atuais preocupa\u00e7\u00f5es de Bel\u00e9m \u00e9 o p\u00f3s-COP 30. Programada para novembro de 2025, a Confer\u00eancia tem suscitado altas expectativas e induzido o debate sobre novas consci\u00eancias e pr\u00e1ticas que o evento deve legar \u00e0 capital paraense. Afinada \u00e0 essa reflex\u00e3o, a FADESP lidera o projeto &#8220;Gest\u00e3o de Res\u00edduos S\u00f3lidos, Educa\u00e7\u00e3o Ambiental e Inova\u00e7\u00e3o em Bioeconomia para Bel\u00e9m rumo \u00e0 COP30&#8221;, tamb\u00e9m abordado pelo diretor adjunto da Funda\u00e7\u00e3o.<\/p>\n\n\n\n<div style=\"height:30px\" aria-hidden=\"true\" class=\"wp-block-spacer\"><\/div>\n\n\n\n<p>A iniciativa abrange desde a instala\u00e7\u00e3o de biodigestores em escolas municipais at\u00e9 a cria\u00e7\u00e3o do Centro de Inova\u00e7\u00e3o e Bioeconomia de Bel\u00e9m (CIBB). A proposta inclui ainda a realiza\u00e7\u00e3o de oficinas tem\u00e1ticas em escolas e comunidades, que buscam sensibilizar a popula\u00e7\u00e3o sobre a import\u00e2ncia da sustentabilidade e do consumo consciente.<\/p>\n\n\n\n<figure class=\"wp-block-image size-large\"><img decoding=\"async\" width=\"1024\" height=\"683\" src=\"https:\/\/portalfadesp.org.br\/wp-content\/uploads\/2025\/05\/C015056-1024x683.jpg\" alt=\"\" class=\"wp-image-49363\" srcset=\"https:\/\/portalfadesp.org.br\/wp-content\/uploads\/2025\/05\/C015056-1024x683.jpg 1024w, https:\/\/portalfadesp.org.br\/wp-content\/uploads\/2025\/05\/C015056-300x200.jpg 300w, https:\/\/portalfadesp.org.br\/wp-content\/uploads\/2025\/05\/C015056-768x512.jpg 768w, https:\/\/portalfadesp.org.br\/wp-content\/uploads\/2025\/05\/C015056-1536x1024.jpg 1536w, https:\/\/portalfadesp.org.br\/wp-content\/uploads\/2025\/05\/C015056-2048x1365.jpg 2048w\" sizes=\"(max-width: 1024px) 100vw, 1024px\" \/><figcaption class=\"wp-element-caption\">Fotos: Paulo Castro<\/figcaption><\/figure>\n\n\n\n<div style=\"height:30px\" aria-hidden=\"true\" class=\"wp-block-spacer\"><\/div>\n\n\n\n<p>Tamb\u00e9m est\u00e1 em andamento pelo projeto a instala\u00e7\u00e3o de biodigestores em 32 escolas municipais, incluindo unidades nos distritos belenenses de Mosqueiro, Icoaraci e Outeiro. Essa tecnologia reaproveita res\u00edduos org\u00e2nicos para produzir biog\u00e1s e fertilizantes naturais.<\/p>\n\n\n\n<div style=\"height:30px\" aria-hidden=\"true\" class=\"wp-block-spacer\"><\/div>\n\n\n\n<p>Outra a\u00e7\u00e3o do projeto s\u00e3o as Unidades de Valoriza\u00e7\u00e3o de Recicl\u00e1veis (UVRs), que funcionam como centros para a coleta e triagem de materiais recicl\u00e1veis, operados por cooperativas de catadores. As unidades ter\u00e3o apoio t\u00e9cnico, equipamentos modernos e o chamado &#8220;Recicl\u00f4metro&#8221;, para medir a quantidade de material reciclado e a renda gerada para os catadores.<\/p>\n\n\n\n<div style=\"height:30px\" aria-hidden=\"true\" class=\"wp-block-spacer\"><\/div>\n\n\n\n<p>Tamb\u00e9m \u00e9 parte da iniciativa a cria\u00e7\u00e3o do Centro de Inova\u00e7\u00e3o e Bioeconomia de Bel\u00e9m (CIBB), que deve ser instalado no Casar\u00e3o Higson, na Pra\u00e7a das Merc\u00eas, para ser um polo de desenvolvimento de tecnologias sustent\u00e1veis e de fomento \u00e0 economia criativa.<\/p>\n\n\n\n<div style=\"height:30px\" aria-hidden=\"true\" class=\"wp-block-spacer\"><\/div>\n\n\n\n<p>Com or\u00e7amento de R$ 40 milh\u00f5es financiados pela Itaipu Binacional, o projeto conta ainda com a colabora\u00e7\u00e3o da Prefeitura de Bel\u00e9m, da UFPA, e da Funda\u00e7\u00e3o Itaipu Parquetec, sendo composto por seis eixos, dos quais dois s\u00e3o de responsabilidade da FADESP.<\/p>\n\n\n\n<div style=\"height:30px\" aria-hidden=\"true\" class=\"wp-block-spacer\"><\/div>\n\n\n\n<p>Para saber mais sobre o projeto <strong>\u201cGest\u00e3o de Res\u00edduos S\u00f3lidos, Educa\u00e7\u00e3o Ambiental e Inova\u00e7\u00e3o em Bioeconomia para Bel\u00e9m rumo \u00e0 COP30\u201d<\/strong>, confira a mat\u00e9ria completa na Revista FADESP.<br><a href=\"https:\/\/www.flipsnack.com\/9967FEAA9F7\/rf-15-digital\/full-view.html\"><strong>Clique aqui<\/strong> para acessar.<\/a><\/p>\n","protected":false},"excerpt":{"rendered":"<p>Inova\u00e7\u00e3o na Educa\u00e7\u00e3o Ambiental como legado da COP 30 Atenta \u00e0 relev\u00e2ncia e efetividade do projeto &#8220;Gest\u00e3o de Res\u00edduos S\u00f3lidos, Educa\u00e7\u00e3o Ambiental e Inova\u00e7\u00e3o em Bioeconomia para Bel\u00e9m rumo \u00e0 COP30\u201d, FADESP apoia semin\u00e1rio tem\u00e1tico no Hangar, em Bel\u00e9m. \u201cO grande avan\u00e7o dessa iniciativa vai muito al\u00e9m da implanta\u00e7\u00e3o das tecnologias existentes e dos processos [&hellip;]<\/p>\n","protected":false},"author":12,"featured_media":49659,"comment_status":"closed","ping_status":"closed","sticky":false,"template":"","format":"standard","meta":{"_monsterinsights_skip_tracking":false,"_monsterinsights_sitenote_active":false,"_monsterinsights_sitenote_note":"","_monsterinsights_sitenote_category":0,"footnotes":""},"categories":[60,1],"tags":[],"class_list":["post-49359","post","type-post","status-publish","format-standard","has-post-thumbnail","hentry","category-destaque","category-geral","entry","has-media"],"yoast_head":"<!-- This site is optimized with the Yoast SEO plugin v25.1 - https:\/\/yoast.com\/wordpress\/plugins\/seo\/ -->\n<title>FADESP no II Semin\u00e1rio Di\u00e1logos para a COP30 - FADESP<\/title>\n<meta name=\"robots\" content=\"index, follow, max-snippet:-1, max-image-preview:large, max-video-preview:-1\" \/>\n<link rel=\"canonical\" href=\"https:\/\/portalfadesp.org.br\/?p=49359\" \/>\n<meta property=\"og:locale\" content=\"pt_BR\" \/>\n<meta property=\"og:type\" content=\"article\" \/>\n<meta property=\"og:title\" content=\"FADESP no II Semin\u00e1rio Di\u00e1logos para a COP30 - FADESP\" \/>\n<meta property=\"og:description\" content=\"Inova\u00e7\u00e3o na Educa\u00e7\u00e3o Ambiental como legado da COP 30 Atenta \u00e0 relev\u00e2ncia e efetividade do projeto &#8220;Gest\u00e3o de Res\u00edduos S\u00f3lidos, Educa\u00e7\u00e3o Ambiental e Inova\u00e7\u00e3o em Bioeconomia para Bel\u00e9m rumo \u00e0 COP30\u201d, FADESP apoia semin\u00e1rio tem\u00e1tico no Hangar, em Bel\u00e9m. \u201cO grande avan\u00e7o dessa iniciativa vai muito al\u00e9m da implanta\u00e7\u00e3o das tecnologias existentes e dos processos [&hellip;]\" \/>\n<meta property=\"og:url\" content=\"https:\/\/portalfadesp.org.br\/?p=49359\" \/>\n<meta property=\"og:site_name\" content=\"FADESP\" \/>\n<meta property=\"article:publisher\" content=\"https:\/\/www.facebook.com\/Fadesp-138351949524662\/\" \/>\n<meta property=\"article:published_time\" content=\"2025-05-29T18:45:02+00:00\" \/>\n<meta property=\"article:modified_time\" content=\"2025-06-02T17:20:47+00:00\" \/>\n<meta property=\"og:image\" content=\"https:\/\/portalfadesp.org.br\/wp-content\/uploads\/2025\/05\/WhatsApp-Image-2025-06-02-at-14.14.08.jpeg\" \/>\n\t<meta property=\"og:image:width\" content=\"290\" \/>\n\t<meta property=\"og:image:height\" content=\"460\" \/>\n\t<meta property=\"og:image:type\" content=\"image\/jpeg\" \/>\n<meta name=\"author\" content=\"Brena Marques\" \/>\n<meta name=\"twitter:card\" content=\"summary_large_image\" \/>\n<meta name=\"twitter:creator\" content=\"@Fadesp\" \/>\n<meta name=\"twitter:site\" content=\"@Fadesp\" \/>\n<meta name=\"twitter:label1\" content=\"Escrito por\" \/>\n\t<meta name=\"twitter:data1\" content=\"Brena Marques\" \/>\n\t<meta name=\"twitter:label2\" content=\"Est. tempo de leitura\" \/>\n\t<meta name=\"twitter:data2\" content=\"6 minutos\" \/>\n<script type=\"application\/ld+json\" class=\"yoast-schema-graph\">{\"@context\":\"https:\/\/schema.org\",\"@graph\":[{\"@type\":\"Article\",\"@id\":\"https:\/\/portalfadesp.org.br\/?p=49359#article\",\"isPartOf\":{\"@id\":\"https:\/\/portalfadesp.org.br\/?p=49359\"},\"author\":{\"name\":\"Brena Marques\",\"@id\":\"https:\/\/portalfadesp.org.br\/#\/schema\/person\/31709c4c8ec92d6bbdd2c1da60cf8d66\"},\"headline\":\"FADESP no II Semin\u00e1rio Di\u00e1logos para a COP30\",\"datePublished\":\"2025-05-29T18:45:02+00:00\",\"dateModified\":\"2025-06-02T17:20:47+00:00\",\"mainEntityOfPage\":{\"@id\":\"https:\/\/portalfadesp.org.br\/?p=49359\"},\"wordCount\":887,\"publisher\":{\"@id\":\"https:\/\/portalfadesp.org.br\/#organization\"},\"image\":{\"@id\":\"https:\/\/portalfadesp.org.br\/?p=49359#primaryimage\"},\"thumbnailUrl\":\"https:\/\/portalfadesp.org.br\/wp-content\/uploads\/2025\/05\/WhatsApp-Image-2025-06-02-at-14.14.08.jpeg\",\"articleSection\":[\"Destaque\",\"Geral\"],\"inLanguage\":\"pt-BR\"},{\"@type\":\"WebPage\",\"@id\":\"https:\/\/portalfadesp.org.br\/?p=49359\",\"url\":\"https:\/\/portalfadesp.org.br\/?p=49359\",\"name\":\"FADESP no II Semin\u00e1rio Di\u00e1logos para a COP30 - FADESP\",\"isPartOf\":{\"@id\":\"https:\/\/portalfadesp.org.br\/#website\"},\"primaryImageOfPage\":{\"@id\":\"https:\/\/portalfadesp.org.br\/?p=49359#primaryimage\"},\"image\":{\"@id\":\"https:\/\/portalfadesp.org.br\/?p=49359#primaryimage\"},\"thumbnailUrl\":\"https:\/\/portalfadesp.org.br\/wp-content\/uploads\/2025\/05\/WhatsApp-Image-2025-06-02-at-14.14.08.jpeg\",\"datePublished\":\"2025-05-29T18:45:02+00:00\",\"dateModified\":\"2025-06-02T17:20:47+00:00\",\"breadcrumb\":{\"@id\":\"https:\/\/portalfadesp.org.br\/?p=49359#breadcrumb\"},\"inLanguage\":\"pt-BR\",\"potentialAction\":[{\"@type\":\"ReadAction\",\"target\":[\"https:\/\/portalfadesp.org.br\/?p=49359\"]}]},{\"@type\":\"ImageObject\",\"inLanguage\":\"pt-BR\",\"@id\":\"https:\/\/portalfadesp.org.br\/?p=49359#primaryimage\",\"url\":\"https:\/\/portalfadesp.org.br\/wp-content\/uploads\/2025\/05\/WhatsApp-Image-2025-06-02-at-14.14.08.jpeg\",\"contentUrl\":\"https:\/\/portalfadesp.org.br\/wp-content\/uploads\/2025\/05\/WhatsApp-Image-2025-06-02-at-14.14.08.jpeg\",\"width\":290,\"height\":460},{\"@type\":\"BreadcrumbList\",\"@id\":\"https:\/\/portalfadesp.org.br\/?p=49359#breadcrumb\",\"itemListElement\":[{\"@type\":\"ListItem\",\"position\":1,\"name\":\"In\u00edcio\",\"item\":\"https:\/\/portalfadesp.org.br\/\"},{\"@type\":\"ListItem\",\"position\":2,\"name\":\"FADESP no II Semin\u00e1rio Di\u00e1logos para a COP30\"}]},{\"@type\":\"WebSite\",\"@id\":\"https:\/\/portalfadesp.org.br\/#website\",\"url\":\"https:\/\/portalfadesp.org.br\/\",\"name\":\"FADESP\",\"description\":\"Funda\u00e7\u00e3o de Amparo e Desenvolvimento da Pesquisa\",\"publisher\":{\"@id\":\"https:\/\/portalfadesp.org.br\/#organization\"},\"potentialAction\":[{\"@type\":\"SearchAction\",\"target\":{\"@type\":\"EntryPoint\",\"urlTemplate\":\"https:\/\/portalfadesp.org.br\/?s={search_term_string}\"},\"query-input\":{\"@type\":\"PropertyValueSpecification\",\"valueRequired\":true,\"valueName\":\"search_term_string\"}}],\"inLanguage\":\"pt-BR\"},{\"@type\":\"Organization\",\"@id\":\"https:\/\/portalfadesp.org.br\/#organization\",\"name\":\"FADESP\",\"url\":\"https:\/\/portalfadesp.org.br\/\",\"logo\":{\"@type\":\"ImageObject\",\"inLanguage\":\"pt-BR\",\"@id\":\"https:\/\/portalfadesp.org.br\/#\/schema\/logo\/image\/\",\"url\":\"https:\/\/portalfadesp.org.br\/wp-content\/uploads\/2024\/01\/NOVOLOGOFADESPlaranjaH.png\",\"contentUrl\":\"https:\/\/portalfadesp.org.br\/wp-content\/uploads\/2024\/01\/NOVOLOGOFADESPlaranjaH.png\",\"width\":2742,\"height\":839,\"caption\":\"FADESP\"},\"image\":{\"@id\":\"https:\/\/portalfadesp.org.br\/#\/schema\/logo\/image\/\"},\"sameAs\":[\"https:\/\/www.facebook.com\/Fadesp-138351949524662\/\",\"https:\/\/x.com\/Fadesp\",\"https:\/\/www.instagram.com\/fadesp_ufpa\/\",\"https:\/\/www.youtube.com\/@fundacaodeamparoedesenvolv1903\",\"https:\/\/www.threads.net\/@fadesp_ufpa\"]},{\"@type\":\"Person\",\"@id\":\"https:\/\/portalfadesp.org.br\/#\/schema\/person\/31709c4c8ec92d6bbdd2c1da60cf8d66\",\"name\":\"Brena Marques\",\"image\":{\"@type\":\"ImageObject\",\"inLanguage\":\"pt-BR\",\"@id\":\"https:\/\/portalfadesp.org.br\/#\/schema\/person\/image\/\",\"url\":\"https:\/\/secure.gravatar.com\/avatar\/d8709cd0de324fbec018b6878350216726d26c3436f44ebee8f3db75e29728f3?s=96&d=mm&r=g\",\"contentUrl\":\"https:\/\/secure.gravatar.com\/avatar\/d8709cd0de324fbec018b6878350216726d26c3436f44ebee8f3db75e29728f3?s=96&d=mm&r=g\",\"caption\":\"Brena Marques\"},\"url\":\"https:\/\/portalfadesp.org.br\/?author=12\"}]}<\/script>\n<!-- \/ Yoast SEO plugin. -->","yoast_head_json":{"title":"FADESP no II Semin\u00e1rio Di\u00e1logos para a COP30 - FADESP","robots":{"index":"index","follow":"follow","max-snippet":"max-snippet:-1","max-image-preview":"max-image-preview:large","max-video-preview":"max-video-preview:-1"},"canonical":"https:\/\/portalfadesp.org.br\/?p=49359","og_locale":"pt_BR","og_type":"article","og_title":"FADESP no II Semin\u00e1rio Di\u00e1logos para a COP30 - FADESP","og_description":"Inova\u00e7\u00e3o na Educa\u00e7\u00e3o Ambiental como legado da COP 30 Atenta \u00e0 relev\u00e2ncia e efetividade do projeto &#8220;Gest\u00e3o de Res\u00edduos S\u00f3lidos, Educa\u00e7\u00e3o Ambiental e Inova\u00e7\u00e3o em Bioeconomia para Bel\u00e9m rumo \u00e0 COP30\u201d, FADESP apoia semin\u00e1rio tem\u00e1tico no Hangar, em Bel\u00e9m. \u201cO grande avan\u00e7o dessa iniciativa vai muito al\u00e9m da implanta\u00e7\u00e3o das tecnologias existentes e dos processos [&hellip;]","og_url":"https:\/\/portalfadesp.org.br\/?p=49359","og_site_name":"FADESP","article_publisher":"https:\/\/www.facebook.com\/Fadesp-138351949524662\/","article_published_time":"2025-05-29T18:45:02+00:00","article_modified_time":"2025-06-02T17:20:47+00:00","og_image":[{"width":290,"height":460,"url":"https:\/\/portalfadesp.org.br\/wp-content\/uploads\/2025\/05\/WhatsApp-Image-2025-06-02-at-14.14.08.jpeg","type":"image\/jpeg"}],"author":"Brena Marques","twitter_card":"summary_large_image","twitter_creator":"@Fadesp","twitter_site":"@Fadesp","twitter_misc":{"Escrito por":"Brena Marques","Est. tempo de leitura":"6 minutos"},"schema":{"@context":"https:\/\/schema.org","@graph":[{"@type":"Article","@id":"https:\/\/portalfadesp.org.br\/?p=49359#article","isPartOf":{"@id":"https:\/\/portalfadesp.org.br\/?p=49359"},"author":{"name":"Brena Marques","@id":"https:\/\/portalfadesp.org.br\/#\/schema\/person\/31709c4c8ec92d6bbdd2c1da60cf8d66"},"headline":"FADESP no II Semin\u00e1rio Di\u00e1logos para a COP30","datePublished":"2025-05-29T18:45:02+00:00","dateModified":"2025-06-02T17:20:47+00:00","mainEntityOfPage":{"@id":"https:\/\/portalfadesp.org.br\/?p=49359"},"wordCount":887,"publisher":{"@id":"https:\/\/portalfadesp.org.br\/#organization"},"image":{"@id":"https:\/\/portalfadesp.org.br\/?p=49359#primaryimage"},"thumbnailUrl":"https:\/\/portalfadesp.org.br\/wp-content\/uploads\/2025\/05\/WhatsApp-Image-2025-06-02-at-14.14.08.jpeg","articleSection":["Destaque","Geral"],"inLanguage":"pt-BR"},{"@type":"WebPage","@id":"https:\/\/portalfadesp.org.br\/?p=49359","url":"https:\/\/portalfadesp.org.br\/?p=49359","name":"FADESP no II Semin\u00e1rio Di\u00e1logos para a COP30 - FADESP","isPartOf":{"@id":"https:\/\/portalfadesp.org.br\/#website"},"primaryImageOfPage":{"@id":"https:\/\/portalfadesp.org.br\/?p=49359#primaryimage"},"image":{"@id":"https:\/\/portalfadesp.org.br\/?p=49359#primaryimage"},"thumbnailUrl":"https:\/\/portalfadesp.org.br\/wp-content\/uploads\/2025\/05\/WhatsApp-Image-2025-06-02-at-14.14.08.jpeg","datePublished":"2025-05-29T18:45:02+00:00","dateModified":"2025-06-02T17:20:47+00:00","breadcrumb":{"@id":"https:\/\/portalfadesp.org.br\/?p=49359#breadcrumb"},"inLanguage":"pt-BR","potentialAction":[{"@type":"ReadAction","target":["https:\/\/portalfadesp.org.br\/?p=49359"]}]},{"@type":"ImageObject","inLanguage":"pt-BR","@id":"https:\/\/portalfadesp.org.br\/?p=49359#primaryimage","url":"https:\/\/portalfadesp.org.br\/wp-content\/uploads\/2025\/05\/WhatsApp-Image-2025-06-02-at-14.14.08.jpeg","contentUrl":"https:\/\/portalfadesp.org.br\/wp-content\/uploads\/2025\/05\/WhatsApp-Image-2025-06-02-at-14.14.08.jpeg","width":290,"height":460},{"@type":"BreadcrumbList","@id":"https:\/\/portalfadesp.org.br\/?p=49359#breadcrumb","itemListElement":[{"@type":"ListItem","position":1,"name":"In\u00edcio","item":"https:\/\/portalfadesp.org.br\/"},{"@type":"ListItem","position":2,"name":"FADESP no II Semin\u00e1rio Di\u00e1logos para a COP30"}]},{"@type":"WebSite","@id":"https:\/\/portalfadesp.org.br\/#website","url":"https:\/\/portalfadesp.org.br\/","name":"FADESP","description":"Funda\u00e7\u00e3o de Amparo e Desenvolvimento da Pesquisa","publisher":{"@id":"https:\/\/portalfadesp.org.br\/#organization"},"potentialAction":[{"@type":"SearchAction","target":{"@type":"EntryPoint","urlTemplate":"https:\/\/portalfadesp.org.br\/?s={search_term_string}"},"query-input":{"@type":"PropertyValueSpecification","valueRequired":true,"valueName":"search_term_string"}}],"inLanguage":"pt-BR"},{"@type":"Organization","@id":"https:\/\/portalfadesp.org.br\/#organization","name":"FADESP","url":"https:\/\/portalfadesp.org.br\/","logo":{"@type":"ImageObject","inLanguage":"pt-BR","@id":"https:\/\/portalfadesp.org.br\/#\/schema\/logo\/image\/","url":"https:\/\/portalfadesp.org.br\/wp-content\/uploads\/2024\/01\/NOVOLOGOFADESPlaranjaH.png","contentUrl":"https:\/\/portalfadesp.org.br\/wp-content\/uploads\/2024\/01\/NOVOLOGOFADESPlaranjaH.png","width":2742,"height":839,"caption":"FADESP"},"image":{"@id":"https:\/\/portalfadesp.org.br\/#\/schema\/logo\/image\/"},"sameAs":["https:\/\/www.facebook.com\/Fadesp-138351949524662\/","https:\/\/x.com\/Fadesp","https:\/\/www.instagram.com\/fadesp_ufpa\/","https:\/\/www.youtube.com\/@fundacaodeamparoedesenvolv1903","https:\/\/www.threads.net\/@fadesp_ufpa"]},{"@type":"Person","@id":"https:\/\/portalfadesp.org.br\/#\/schema\/person\/31709c4c8ec92d6bbdd2c1da60cf8d66","name":"Brena Marques","image":{"@type":"ImageObject","inLanguage":"pt-BR","@id":"https:\/\/portalfadesp.org.br\/#\/schema\/person\/image\/","url":"https:\/\/secure.gravatar.com\/avatar\/d8709cd0de324fbec018b6878350216726d26c3436f44ebee8f3db75e29728f3?s=96&d=mm&r=g","contentUrl":"https:\/\/secure.gravatar.com\/avatar\/d8709cd0de324fbec018b6878350216726d26c3436f44ebee8f3db75e29728f3?s=96&d=mm&r=g","caption":"Brena Marques"},"url":"https:\/\/portalfadesp.org.br\/?author=12"}]}},"_links":{"self":[{"href":"https:\/\/portalfadesp.org.br\/index.php?rest_route=\/wp\/v2\/posts\/49359","targetHints":{"allow":["GET"]}}],"collection":[{"href":"https:\/\/portalfadesp.org.br\/index.php?rest_route=\/wp\/v2\/posts"}],"about":[{"href":"https:\/\/portalfadesp.org.br\/index.php?rest_route=\/wp\/v2\/types\/post"}],"author":[{"embeddable":true,"href":"https:\/\/portalfadesp.org.br\/index.php?rest_route=\/wp\/v2\/users\/12"}],"replies":[{"embeddable":true,"href":"https:\/\/portalfadesp.org.br\/index.php?rest_route=%2Fwp%2Fv2%2Fcomments&post=49359"}],"version-history":[{"count":5,"href":"https:\/\/portalfadesp.org.br\/index.php?rest_route=\/wp\/v2\/posts\/49359\/revisions"}],"predecessor-version":[{"id":49371,"href":"https:\/\/portalfadesp.org.br\/index.php?rest_route=\/wp\/v2\/posts\/49359\/revisions\/49371"}],"wp:featuredmedia":[{"embeddable":true,"href":"https:\/\/portalfadesp.org.br\/index.php?rest_route=\/wp\/v2\/media\/49659"}],"wp:attachment":[{"href":"https:\/\/portalfadesp.org.br\/index.php?rest_route=%2Fwp%2Fv2%2Fmedia&parent=49359"}],"wp:term":[{"taxonomy":"category","embeddable":true,"href":"https:\/\/portalfadesp.org.br\/index.php?rest_route=%2Fwp%2Fv2%2Fcategories&post=49359"},{"taxonomy":"post_tag","embeddable":true,"href":"https:\/\/portalfadesp.org.br\/index.php?rest_route=%2Fwp%2Fv2%2Ftags&post=49359"}],"curies":[{"name":"wp","href":"https:\/\/api.w.org\/{rel}","templated":true}]}}