{"id":49302,"date":"2025-05-23T16:45:23","date_gmt":"2025-05-23T19:45:23","guid":{"rendered":"https:\/\/portalfadesp.org.br\/?p=49302"},"modified":"2025-06-02T14:26:00","modified_gmt":"2025-06-02T17:26:00","slug":"fadesp-concursos-celebra-20-anos-de-excelencia-na-conducao-de-certames-na-amazonia","status":"publish","type":"post","link":"https:\/\/portalfadesp.org.br\/?p=49302","title":{"rendered":"FADESP CONCURSOS celebra 20 anos de excel\u00eancia na condu\u00e7\u00e3o de certames na Amaz\u00f4nia"},"content":{"rendered":"\n<p>Desde a primeira experi\u00eancia, em 2005, como banca organizadora de concursos p\u00fablicos e processos seletivos, a Funda\u00e7\u00e3o de Amparo e Desenvolvimento da Pesquisa (FADESP) orgulha-se de um trabalho marcado pela confian\u00e7a institucional, transpar\u00eancia e uma equipe t\u00e9cnica comprometida com a excel\u00eancia. S\u00e3o vinte anos, realizando 200 certames, garantindo retid\u00e3o e transpar\u00eancia em processos que envolveram cerca de 1 milh\u00e3o de inscritos.<\/p>\n\n\n\n<div style=\"height:40px\" aria-hidden=\"true\" class=\"wp-block-spacer\"><\/div>\n\n\n\n<p>Segundo o coordenador de Concursos e Sele\u00e7\u00f5es da FADESP, Luciano Nicolau da Costa J\u00fanior, um dos motivos para o sucesso da Funda\u00e7\u00e3o no segmento de concursos \u00e9 a condu\u00e7\u00e3o dos processos com rigor e estrutura pr\u00f3pria. \u201cTodas as etapas dos concursos s\u00e3o conduzidas internamente, desde a elabora\u00e7\u00e3o das provas at\u00e9 a impress\u00e3o e aplica\u00e7\u00e3o dos exames, com ambientes acessados por sistema biom\u00e9trico (impress\u00e3o digital) e monitorados por c\u00e2meras de seguran\u00e7a\u201d, comenta.<\/p>\n\n\n\n<figure class=\"wp-block-image size-large\"><img fetchpriority=\"high\" decoding=\"async\" width=\"1024\" height=\"683\" src=\"https:\/\/portalfadesp.org.br\/wp-content\/uploads\/2025\/05\/WhatsApp-Image-2025-05-23-at-16.50.48-1024x683.jpeg\" alt=\"\" class=\"wp-image-49311\" srcset=\"https:\/\/portalfadesp.org.br\/wp-content\/uploads\/2025\/05\/WhatsApp-Image-2025-05-23-at-16.50.48-1024x683.jpeg 1024w, https:\/\/portalfadesp.org.br\/wp-content\/uploads\/2025\/05\/WhatsApp-Image-2025-05-23-at-16.50.48-300x200.jpeg 300w, https:\/\/portalfadesp.org.br\/wp-content\/uploads\/2025\/05\/WhatsApp-Image-2025-05-23-at-16.50.48-768x512.jpeg 768w, https:\/\/portalfadesp.org.br\/wp-content\/uploads\/2025\/05\/WhatsApp-Image-2025-05-23-at-16.50.48-1536x1024.jpeg 1536w, https:\/\/portalfadesp.org.br\/wp-content\/uploads\/2025\/05\/WhatsApp-Image-2025-05-23-at-16.50.48.jpeg 1600w\" sizes=\"(max-width: 1024px) 100vw, 1024px\" \/><figcaption class=\"wp-element-caption\">Candidatos durante a aplica\u00e7\u00e3o da prova \/ Fotos: Brena Marques<\/figcaption><\/figure>\n\n\n\n<div style=\"height:40px\" aria-hidden=\"true\" class=\"wp-block-spacer\"><\/div>\n\n\n\n<p>A grandiosidade do trabalho realizado pela FADESP \u00e9 comprovada pelo atendimento realizado em sele\u00e7\u00f5es (p\u00fablicas e privadas) de relev\u00e2ncia e com um grande volume de inscritos. Com experi\u00eancias no territ\u00f3rio paraense e no Amap\u00e1, na cidade de Santana, a Funda\u00e7\u00e3o, por exemplo, esteve \u00e0 frente de concursos como o da Pol\u00edcia Militar do Estado do Par\u00e1, do Departamento de Tr\u00e2nsito do Estado do Par\u00e1 (Detran-PA) e da Secretaria de Educa\u00e7\u00e3o do Estado do Par\u00e1 (Seduc), que totalizam juntos mais de 220 mil candidatos inscritos.<\/p>\n\n\n\n<div style=\"height:40px\" aria-hidden=\"true\" class=\"wp-block-spacer\"><\/div>\n\n\n\n<p>A institui\u00e7\u00e3o tamb\u00e9m foi respons\u00e1vel pelas sele\u00e7\u00f5es na Secretaria da Fazenda do Estado do Par\u00e1 (Sefa), no Banco do Estado do Par\u00e1 (Banpar\u00e1), na Assembleia Legislativa do Estado do Par\u00e1 (Alepa) e na Defensoria P\u00fablica do Estado do Par\u00e1. Atendendo \u00e0s demandas de munic\u00edpios paraenses, a FADESP tamb\u00e9m coordenou concursos nas prefeituras municipais de Marab\u00e1, com mais de 80 mil candidatos inscritos; de Castanhal, com mais de 50 mil candidatos inscritos; de Capanema, com mais de 25 mil candidatos inscritos.<\/p>\n\n\n\n<div style=\"height:40px\" aria-hidden=\"true\" class=\"wp-block-spacer\"><\/div>\n\n\n\n<p>A liga\u00e7\u00e3o direta com a Universidade Federal do Par\u00e1, a universidade da Amaz\u00f4nia, tamb\u00e9m garante \u00e0 Funda\u00e7\u00e3o credibilidade t\u00e9cnico-acad\u00eamica, algo raro entre institui\u00e7\u00f5es do mesmo perfil. Baseada em Bel\u00e9m, no Campus do Guam\u00e1, a entidade se pauta em um conhecimento amplo da log\u00edstica no estado, evidente vantagem log\u00edstica para a execu\u00e7\u00e3o dos certames na regi\u00e3o.<\/p>\n\n\n\n<div style=\"height:40px\" aria-hidden=\"true\" class=\"wp-block-spacer\"><\/div>\n\n\n\n<p><strong>Trajet\u00f3ria profissional<\/strong><\/p>\n\n\n\n<p>A hist\u00f3ria profissional de Luciano Nicolau da Costa J\u00fanior se funde com a trajet\u00f3ria da FADESP como banca organizadora, um orgulho para ele: \u201cIniciei minha vida profissional na FADESP em 2008, assumindo a coordena\u00e7\u00e3o no ano de 2024. S\u00e3o mais de 17 anos de experi\u00eancia em organiza\u00e7\u00e3o de concursos p\u00fablicos e processos seletivos, realizando neste per\u00edodo, junto com a equipe, a\u00e7\u00f5es que seguem rigorosamente o que se estabelece no Art. 37 da Constitui\u00e7\u00e3o Federal brasileira, quanto aos princ\u00edpios da legalidade, impessoalidade, moralidade, publicidade e efici\u00eancia\u201d.<\/p>\n\n\n\n<figure class=\"wp-block-image size-large\"><img decoding=\"async\" width=\"1024\" height=\"682\" src=\"https:\/\/portalfadesp.org.br\/wp-content\/uploads\/2025\/05\/WhatsApp-Image-2025-05-23-at-16.40.27-1-1024x682.jpeg\" alt=\"\" class=\"wp-image-49305\" srcset=\"https:\/\/portalfadesp.org.br\/wp-content\/uploads\/2025\/05\/WhatsApp-Image-2025-05-23-at-16.40.27-1-1024x682.jpeg 1024w, https:\/\/portalfadesp.org.br\/wp-content\/uploads\/2025\/05\/WhatsApp-Image-2025-05-23-at-16.40.27-1-300x200.jpeg 300w, https:\/\/portalfadesp.org.br\/wp-content\/uploads\/2025\/05\/WhatsApp-Image-2025-05-23-at-16.40.27-1-768x512.jpeg 768w, https:\/\/portalfadesp.org.br\/wp-content\/uploads\/2025\/05\/WhatsApp-Image-2025-05-23-at-16.40.27-1-1536x1023.jpeg 1536w, https:\/\/portalfadesp.org.br\/wp-content\/uploads\/2025\/05\/WhatsApp-Image-2025-05-23-at-16.40.27-1.jpeg 1600w\" sizes=\"(max-width: 1024px) 100vw, 1024px\" \/><figcaption class=\"wp-element-caption\">Coordenador de Concursos e Sele\u00e7\u00f5es da FADESP, Luciano Nicolau da Costa J\u00fanior \/ Fotos: Brena Marques<\/figcaption><\/figure>\n\n\n\n<div style=\"height:40px\" aria-hidden=\"true\" class=\"wp-block-spacer\"><\/div>\n\n\n\n<p>O coordenador comenta ainda que o respeito conquistado pela FADESP ao longo de duas d\u00e9cadas tamb\u00e9m se fundamenta na transpar\u00eancia, expressa no controle rigoroso nas etapas dos processos seletivos. A elabora\u00e7\u00e3o, aplica\u00e7\u00e3o e corre\u00e7\u00e3o das provas obedecem a um fluxo dentro de uma estrutura pr\u00f3pria, com uso de sistemas biom\u00e9tricos, monitoramento por c\u00e2meras e protocolos de seguran\u00e7a constantemente atualizados. Outra diferen\u00e7a que coloca a Funda\u00e7\u00e3o em larga vantagem para organizar e realizar os certames est\u00e1 na qualidade da equipe de profissionais da Funda\u00e7\u00e3o, que inclui especialistas e professores doutores da UFPA.<\/p>\n\n\n\n<div style=\"height:40px\" aria-hidden=\"true\" class=\"wp-block-spacer\"><\/div>\n\n\n\n<p>A FADESP est\u00e1 habilitada a realizar diversos concursos p\u00fablicos e processos seletivos, devido ao amplo conhecimento de elabora\u00e7\u00e3o e realiza\u00e7\u00e3o em provas objetivas e discursivas, bem como outros g\u00eaneros de avalia\u00e7\u00f5es necess\u00e1rias, como: provas pr\u00e1ticas, testes de aptid\u00e3o f\u00edsica, exames m\u00e9dicos e psicol\u00f3gicos, avalia\u00e7\u00e3o de t\u00edtulos e documental. Todos os certames s\u00e3o realizados respeitando as pol\u00edticas de inclus\u00e3o, inclusive com banca de heteroidentifica\u00e7\u00e3o para candidatos declarados negros e com banca biopsicossocial para pessoas com defici\u00eancia (PcD).<\/p>\n\n\n\n<div style=\"height:40px\" aria-hidden=\"true\" class=\"wp-block-spacer\"><\/div>\n\n\n\n<p>\u201cA meta, para os pr\u00f3ximos anos, \u00e9 consolidar sua presen\u00e7a como refer\u00eancia no Norte do Brasil, expandindo sua atua\u00e7\u00e3o sem abrir m\u00e3o da responsabilidade com a qualidade t\u00e9cnica e a transpar\u00eancia\u201d, comenta Luciano. \u201cA FADESP \u00e9 hoje sin\u00f4nimo de integridade, compet\u00eancia e respeito ao candidato. E segue, com solidez, escrevendo sua hist\u00f3ria de 20 anos com os olhos voltados para o futuro\u201d, disse o coordenador.<\/p>\n\n\n\n<figure class=\"wp-block-image size-large\"><img decoding=\"async\" width=\"1024\" height=\"662\" src=\"https:\/\/portalfadesp.org.br\/wp-content\/uploads\/2025\/05\/WhatsApp-Image-2025-05-23-at-16.40.27-2-1024x662.jpeg\" alt=\"\" class=\"wp-image-49307\" srcset=\"https:\/\/portalfadesp.org.br\/wp-content\/uploads\/2025\/05\/WhatsApp-Image-2025-05-23-at-16.40.27-2-1024x662.jpeg 1024w, https:\/\/portalfadesp.org.br\/wp-content\/uploads\/2025\/05\/WhatsApp-Image-2025-05-23-at-16.40.27-2-300x194.jpeg 300w, https:\/\/portalfadesp.org.br\/wp-content\/uploads\/2025\/05\/WhatsApp-Image-2025-05-23-at-16.40.27-2-768x497.jpeg 768w, https:\/\/portalfadesp.org.br\/wp-content\/uploads\/2025\/05\/WhatsApp-Image-2025-05-23-at-16.40.27-2-1536x994.jpeg 1536w, https:\/\/portalfadesp.org.br\/wp-content\/uploads\/2025\/05\/WhatsApp-Image-2025-05-23-at-16.40.27-2.jpeg 1600w\" sizes=\"(max-width: 1024px) 100vw, 1024px\" \/><figcaption class=\"wp-element-caption\">Equipe do setor de Concursos e Sele\u00e7\u00f5es da FADESP \/ Fotos: Brena Marques<\/figcaption><\/figure>\n","protected":false},"excerpt":{"rendered":"<p>Desde a primeira experi\u00eancia, em 2005, como banca organizadora de concursos p\u00fablicos e processos seletivos, a Funda\u00e7\u00e3o de Amparo e Desenvolvimento da Pesquisa (FADESP) orgulha-se de um trabalho marcado pela confian\u00e7a institucional, transpar\u00eancia e uma equipe t\u00e9cnica comprometida com a excel\u00eancia. S\u00e3o vinte anos, realizando 200 certames, garantindo retid\u00e3o e transpar\u00eancia em processos que envolveram [&hellip;]<\/p>\n","protected":false},"author":12,"featured_media":49662,"comment_status":"closed","ping_status":"closed","sticky":false,"template":"","format":"standard","meta":{"_monsterinsights_skip_tracking":false,"_monsterinsights_sitenote_active":false,"_monsterinsights_sitenote_note":"","_monsterinsights_sitenote_category":0,"footnotes":""},"categories":[60,61,1],"tags":[],"class_list":["post-49302","post","type-post","status-publish","format-standard","has-post-thumbnail","hentry","category-destaque","category-destaque-concurso","category-geral","entry","has-media"],"yoast_head":"<!-- This site is optimized with the Yoast SEO plugin v25.1 - https:\/\/yoast.com\/wordpress\/plugins\/seo\/ -->\n<title>FADESP CONCURSOS celebra 20 anos de excel\u00eancia na condu\u00e7\u00e3o de certames na Amaz\u00f4nia - FADESP<\/title>\n<meta name=\"robots\" content=\"index, follow, max-snippet:-1, max-image-preview:large, max-video-preview:-1\" \/>\n<link rel=\"canonical\" href=\"https:\/\/portalfadesp.org.br\/?p=49302\" \/>\n<meta property=\"og:locale\" content=\"pt_BR\" \/>\n<meta property=\"og:type\" content=\"article\" \/>\n<meta property=\"og:title\" content=\"FADESP CONCURSOS celebra 20 anos de excel\u00eancia na condu\u00e7\u00e3o de certames na Amaz\u00f4nia - FADESP\" \/>\n<meta property=\"og:description\" content=\"Desde a primeira experi\u00eancia, em 2005, como banca organizadora de concursos p\u00fablicos e processos seletivos, a Funda\u00e7\u00e3o de Amparo e Desenvolvimento da Pesquisa (FADESP) orgulha-se de um trabalho marcado pela confian\u00e7a institucional, transpar\u00eancia e uma equipe t\u00e9cnica comprometida com a excel\u00eancia. S\u00e3o vinte anos, realizando 200 certames, garantindo retid\u00e3o e transpar\u00eancia em processos que envolveram [&hellip;]\" \/>\n<meta property=\"og:url\" content=\"https:\/\/portalfadesp.org.br\/?p=49302\" \/>\n<meta property=\"og:site_name\" content=\"FADESP\" \/>\n<meta property=\"article:publisher\" content=\"https:\/\/www.facebook.com\/Fadesp-138351949524662\/\" \/>\n<meta property=\"article:published_time\" content=\"2025-05-23T19:45:23+00:00\" \/>\n<meta property=\"article:modified_time\" content=\"2025-06-02T17:26:00+00:00\" \/>\n<meta property=\"og:image\" content=\"https:\/\/portalfadesp.org.br\/wp-content\/uploads\/2025\/05\/WhatsApp-Image-2025-06-02-at-14.14.23.jpeg\" \/>\n\t<meta property=\"og:image:width\" content=\"290\" \/>\n\t<meta property=\"og:image:height\" content=\"460\" \/>\n\t<meta property=\"og:image:type\" content=\"image\/jpeg\" \/>\n<meta name=\"author\" content=\"Brena Marques\" \/>\n<meta name=\"twitter:card\" content=\"summary_large_image\" \/>\n<meta name=\"twitter:creator\" content=\"@Fadesp\" \/>\n<meta name=\"twitter:site\" content=\"@Fadesp\" \/>\n<meta name=\"twitter:label1\" content=\"Escrito por\" \/>\n\t<meta name=\"twitter:data1\" content=\"Brena Marques\" \/>\n\t<meta name=\"twitter:label2\" content=\"Est. tempo de leitura\" \/>\n\t<meta name=\"twitter:data2\" content=\"5 minutos\" \/>\n<script type=\"application\/ld+json\" class=\"yoast-schema-graph\">{\"@context\":\"https:\/\/schema.org\",\"@graph\":[{\"@type\":\"Article\",\"@id\":\"https:\/\/portalfadesp.org.br\/?p=49302#article\",\"isPartOf\":{\"@id\":\"https:\/\/portalfadesp.org.br\/?p=49302\"},\"author\":{\"name\":\"Brena Marques\",\"@id\":\"https:\/\/portalfadesp.org.br\/#\/schema\/person\/31709c4c8ec92d6bbdd2c1da60cf8d66\"},\"headline\":\"FADESP CONCURSOS celebra 20 anos de excel\u00eancia na condu\u00e7\u00e3o de certames na Amaz\u00f4nia\",\"datePublished\":\"2025-05-23T19:45:23+00:00\",\"dateModified\":\"2025-06-02T17:26:00+00:00\",\"mainEntityOfPage\":{\"@id\":\"https:\/\/portalfadesp.org.br\/?p=49302\"},\"wordCount\":814,\"publisher\":{\"@id\":\"https:\/\/portalfadesp.org.br\/#organization\"},\"image\":{\"@id\":\"https:\/\/portalfadesp.org.br\/?p=49302#primaryimage\"},\"thumbnailUrl\":\"https:\/\/portalfadesp.org.br\/wp-content\/uploads\/2025\/05\/WhatsApp-Image-2025-06-02-at-14.14.23.jpeg\",\"articleSection\":[\"Destaque\",\"Destaque Concurso\",\"Geral\"],\"inLanguage\":\"pt-BR\"},{\"@type\":\"WebPage\",\"@id\":\"https:\/\/portalfadesp.org.br\/?p=49302\",\"url\":\"https:\/\/portalfadesp.org.br\/?p=49302\",\"name\":\"FADESP CONCURSOS celebra 20 anos de excel\u00eancia na condu\u00e7\u00e3o de certames na Amaz\u00f4nia - FADESP\",\"isPartOf\":{\"@id\":\"https:\/\/portalfadesp.org.br\/#website\"},\"primaryImageOfPage\":{\"@id\":\"https:\/\/portalfadesp.org.br\/?p=49302#primaryimage\"},\"image\":{\"@id\":\"https:\/\/portalfadesp.org.br\/?p=49302#primaryimage\"},\"thumbnailUrl\":\"https:\/\/portalfadesp.org.br\/wp-content\/uploads\/2025\/05\/WhatsApp-Image-2025-06-02-at-14.14.23.jpeg\",\"datePublished\":\"2025-05-23T19:45:23+00:00\",\"dateModified\":\"2025-06-02T17:26:00+00:00\",\"breadcrumb\":{\"@id\":\"https:\/\/portalfadesp.org.br\/?p=49302#breadcrumb\"},\"inLanguage\":\"pt-BR\",\"potentialAction\":[{\"@type\":\"ReadAction\",\"target\":[\"https:\/\/portalfadesp.org.br\/?p=49302\"]}]},{\"@type\":\"ImageObject\",\"inLanguage\":\"pt-BR\",\"@id\":\"https:\/\/portalfadesp.org.br\/?p=49302#primaryimage\",\"url\":\"https:\/\/portalfadesp.org.br\/wp-content\/uploads\/2025\/05\/WhatsApp-Image-2025-06-02-at-14.14.23.jpeg\",\"contentUrl\":\"https:\/\/portalfadesp.org.br\/wp-content\/uploads\/2025\/05\/WhatsApp-Image-2025-06-02-at-14.14.23.jpeg\",\"width\":290,\"height\":460},{\"@type\":\"BreadcrumbList\",\"@id\":\"https:\/\/portalfadesp.org.br\/?p=49302#breadcrumb\",\"itemListElement\":[{\"@type\":\"ListItem\",\"position\":1,\"name\":\"In\u00edcio\",\"item\":\"https:\/\/portalfadesp.org.br\/\"},{\"@type\":\"ListItem\",\"position\":2,\"name\":\"FADESP CONCURSOS celebra 20 anos de excel\u00eancia na condu\u00e7\u00e3o de certames na Amaz\u00f4nia\"}]},{\"@type\":\"WebSite\",\"@id\":\"https:\/\/portalfadesp.org.br\/#website\",\"url\":\"https:\/\/portalfadesp.org.br\/\",\"name\":\"FADESP\",\"description\":\"Funda\u00e7\u00e3o de Amparo e Desenvolvimento da Pesquisa\",\"publisher\":{\"@id\":\"https:\/\/portalfadesp.org.br\/#organization\"},\"potentialAction\":[{\"@type\":\"SearchAction\",\"target\":{\"@type\":\"EntryPoint\",\"urlTemplate\":\"https:\/\/portalfadesp.org.br\/?s={search_term_string}\"},\"query-input\":{\"@type\":\"PropertyValueSpecification\",\"valueRequired\":true,\"valueName\":\"search_term_string\"}}],\"inLanguage\":\"pt-BR\"},{\"@type\":\"Organization\",\"@id\":\"https:\/\/portalfadesp.org.br\/#organization\",\"name\":\"FADESP\",\"url\":\"https:\/\/portalfadesp.org.br\/\",\"logo\":{\"@type\":\"ImageObject\",\"inLanguage\":\"pt-BR\",\"@id\":\"https:\/\/portalfadesp.org.br\/#\/schema\/logo\/image\/\",\"url\":\"https:\/\/portalfadesp.org.br\/wp-content\/uploads\/2024\/01\/NOVOLOGOFADESPlaranjaH.png\",\"contentUrl\":\"https:\/\/portalfadesp.org.br\/wp-content\/uploads\/2024\/01\/NOVOLOGOFADESPlaranjaH.png\",\"width\":2742,\"height\":839,\"caption\":\"FADESP\"},\"image\":{\"@id\":\"https:\/\/portalfadesp.org.br\/#\/schema\/logo\/image\/\"},\"sameAs\":[\"https:\/\/www.facebook.com\/Fadesp-138351949524662\/\",\"https:\/\/x.com\/Fadesp\",\"https:\/\/www.instagram.com\/fadesp_ufpa\/\",\"https:\/\/www.youtube.com\/@fundacaodeamparoedesenvolv1903\",\"https:\/\/www.threads.net\/@fadesp_ufpa\"]},{\"@type\":\"Person\",\"@id\":\"https:\/\/portalfadesp.org.br\/#\/schema\/person\/31709c4c8ec92d6bbdd2c1da60cf8d66\",\"name\":\"Brena Marques\",\"image\":{\"@type\":\"ImageObject\",\"inLanguage\":\"pt-BR\",\"@id\":\"https:\/\/portalfadesp.org.br\/#\/schema\/person\/image\/\",\"url\":\"https:\/\/secure.gravatar.com\/avatar\/d8709cd0de324fbec018b6878350216726d26c3436f44ebee8f3db75e29728f3?s=96&d=mm&r=g\",\"contentUrl\":\"https:\/\/secure.gravatar.com\/avatar\/d8709cd0de324fbec018b6878350216726d26c3436f44ebee8f3db75e29728f3?s=96&d=mm&r=g\",\"caption\":\"Brena Marques\"},\"url\":\"https:\/\/portalfadesp.org.br\/?author=12\"}]}<\/script>\n<!-- \/ Yoast SEO plugin. -->","yoast_head_json":{"title":"FADESP CONCURSOS celebra 20 anos de excel\u00eancia na condu\u00e7\u00e3o de certames na Amaz\u00f4nia - FADESP","robots":{"index":"index","follow":"follow","max-snippet":"max-snippet:-1","max-image-preview":"max-image-preview:large","max-video-preview":"max-video-preview:-1"},"canonical":"https:\/\/portalfadesp.org.br\/?p=49302","og_locale":"pt_BR","og_type":"article","og_title":"FADESP CONCURSOS celebra 20 anos de excel\u00eancia na condu\u00e7\u00e3o de certames na Amaz\u00f4nia - FADESP","og_description":"Desde a primeira experi\u00eancia, em 2005, como banca organizadora de concursos p\u00fablicos e processos seletivos, a Funda\u00e7\u00e3o de Amparo e Desenvolvimento da Pesquisa (FADESP) orgulha-se de um trabalho marcado pela confian\u00e7a institucional, transpar\u00eancia e uma equipe t\u00e9cnica comprometida com a excel\u00eancia. S\u00e3o vinte anos, realizando 200 certames, garantindo retid\u00e3o e transpar\u00eancia em processos que envolveram [&hellip;]","og_url":"https:\/\/portalfadesp.org.br\/?p=49302","og_site_name":"FADESP","article_publisher":"https:\/\/www.facebook.com\/Fadesp-138351949524662\/","article_published_time":"2025-05-23T19:45:23+00:00","article_modified_time":"2025-06-02T17:26:00+00:00","og_image":[{"width":290,"height":460,"url":"https:\/\/portalfadesp.org.br\/wp-content\/uploads\/2025\/05\/WhatsApp-Image-2025-06-02-at-14.14.23.jpeg","type":"image\/jpeg"}],"author":"Brena Marques","twitter_card":"summary_large_image","twitter_creator":"@Fadesp","twitter_site":"@Fadesp","twitter_misc":{"Escrito por":"Brena Marques","Est. tempo de leitura":"5 minutos"},"schema":{"@context":"https:\/\/schema.org","@graph":[{"@type":"Article","@id":"https:\/\/portalfadesp.org.br\/?p=49302#article","isPartOf":{"@id":"https:\/\/portalfadesp.org.br\/?p=49302"},"author":{"name":"Brena Marques","@id":"https:\/\/portalfadesp.org.br\/#\/schema\/person\/31709c4c8ec92d6bbdd2c1da60cf8d66"},"headline":"FADESP CONCURSOS celebra 20 anos de excel\u00eancia na condu\u00e7\u00e3o de certames na Amaz\u00f4nia","datePublished":"2025-05-23T19:45:23+00:00","dateModified":"2025-06-02T17:26:00+00:00","mainEntityOfPage":{"@id":"https:\/\/portalfadesp.org.br\/?p=49302"},"wordCount":814,"publisher":{"@id":"https:\/\/portalfadesp.org.br\/#organization"},"image":{"@id":"https:\/\/portalfadesp.org.br\/?p=49302#primaryimage"},"thumbnailUrl":"https:\/\/portalfadesp.org.br\/wp-content\/uploads\/2025\/05\/WhatsApp-Image-2025-06-02-at-14.14.23.jpeg","articleSection":["Destaque","Destaque Concurso","Geral"],"inLanguage":"pt-BR"},{"@type":"WebPage","@id":"https:\/\/portalfadesp.org.br\/?p=49302","url":"https:\/\/portalfadesp.org.br\/?p=49302","name":"FADESP CONCURSOS celebra 20 anos de excel\u00eancia na condu\u00e7\u00e3o de certames na Amaz\u00f4nia - FADESP","isPartOf":{"@id":"https:\/\/portalfadesp.org.br\/#website"},"primaryImageOfPage":{"@id":"https:\/\/portalfadesp.org.br\/?p=49302#primaryimage"},"image":{"@id":"https:\/\/portalfadesp.org.br\/?p=49302#primaryimage"},"thumbnailUrl":"https:\/\/portalfadesp.org.br\/wp-content\/uploads\/2025\/05\/WhatsApp-Image-2025-06-02-at-14.14.23.jpeg","datePublished":"2025-05-23T19:45:23+00:00","dateModified":"2025-06-02T17:26:00+00:00","breadcrumb":{"@id":"https:\/\/portalfadesp.org.br\/?p=49302#breadcrumb"},"inLanguage":"pt-BR","potentialAction":[{"@type":"ReadAction","target":["https:\/\/portalfadesp.org.br\/?p=49302"]}]},{"@type":"ImageObject","inLanguage":"pt-BR","@id":"https:\/\/portalfadesp.org.br\/?p=49302#primaryimage","url":"https:\/\/portalfadesp.org.br\/wp-content\/uploads\/2025\/05\/WhatsApp-Image-2025-06-02-at-14.14.23.jpeg","contentUrl":"https:\/\/portalfadesp.org.br\/wp-content\/uploads\/2025\/05\/WhatsApp-Image-2025-06-02-at-14.14.23.jpeg","width":290,"height":460},{"@type":"BreadcrumbList","@id":"https:\/\/portalfadesp.org.br\/?p=49302#breadcrumb","itemListElement":[{"@type":"ListItem","position":1,"name":"In\u00edcio","item":"https:\/\/portalfadesp.org.br\/"},{"@type":"ListItem","position":2,"name":"FADESP CONCURSOS celebra 20 anos de excel\u00eancia na condu\u00e7\u00e3o de certames na Amaz\u00f4nia"}]},{"@type":"WebSite","@id":"https:\/\/portalfadesp.org.br\/#website","url":"https:\/\/portalfadesp.org.br\/","name":"FADESP","description":"Funda\u00e7\u00e3o de Amparo e Desenvolvimento da Pesquisa","publisher":{"@id":"https:\/\/portalfadesp.org.br\/#organization"},"potentialAction":[{"@type":"SearchAction","target":{"@type":"EntryPoint","urlTemplate":"https:\/\/portalfadesp.org.br\/?s={search_term_string}"},"query-input":{"@type":"PropertyValueSpecification","valueRequired":true,"valueName":"search_term_string"}}],"inLanguage":"pt-BR"},{"@type":"Organization","@id":"https:\/\/portalfadesp.org.br\/#organization","name":"FADESP","url":"https:\/\/portalfadesp.org.br\/","logo":{"@type":"ImageObject","inLanguage":"pt-BR","@id":"https:\/\/portalfadesp.org.br\/#\/schema\/logo\/image\/","url":"https:\/\/portalfadesp.org.br\/wp-content\/uploads\/2024\/01\/NOVOLOGOFADESPlaranjaH.png","contentUrl":"https:\/\/portalfadesp.org.br\/wp-content\/uploads\/2024\/01\/NOVOLOGOFADESPlaranjaH.png","width":2742,"height":839,"caption":"FADESP"},"image":{"@id":"https:\/\/portalfadesp.org.br\/#\/schema\/logo\/image\/"},"sameAs":["https:\/\/www.facebook.com\/Fadesp-138351949524662\/","https:\/\/x.com\/Fadesp","https:\/\/www.instagram.com\/fadesp_ufpa\/","https:\/\/www.youtube.com\/@fundacaodeamparoedesenvolv1903","https:\/\/www.threads.net\/@fadesp_ufpa"]},{"@type":"Person","@id":"https:\/\/portalfadesp.org.br\/#\/schema\/person\/31709c4c8ec92d6bbdd2c1da60cf8d66","name":"Brena Marques","image":{"@type":"ImageObject","inLanguage":"pt-BR","@id":"https:\/\/portalfadesp.org.br\/#\/schema\/person\/image\/","url":"https:\/\/secure.gravatar.com\/avatar\/d8709cd0de324fbec018b6878350216726d26c3436f44ebee8f3db75e29728f3?s=96&d=mm&r=g","contentUrl":"https:\/\/secure.gravatar.com\/avatar\/d8709cd0de324fbec018b6878350216726d26c3436f44ebee8f3db75e29728f3?s=96&d=mm&r=g","caption":"Brena Marques"},"url":"https:\/\/portalfadesp.org.br\/?author=12"}]}},"_links":{"self":[{"href":"https:\/\/portalfadesp.org.br\/index.php?rest_route=\/wp\/v2\/posts\/49302","targetHints":{"allow":["GET"]}}],"collection":[{"href":"https:\/\/portalfadesp.org.br\/index.php?rest_route=\/wp\/v2\/posts"}],"about":[{"href":"https:\/\/portalfadesp.org.br\/index.php?rest_route=\/wp\/v2\/types\/post"}],"author":[{"embeddable":true,"href":"https:\/\/portalfadesp.org.br\/index.php?rest_route=\/wp\/v2\/users\/12"}],"replies":[{"embeddable":true,"href":"https:\/\/portalfadesp.org.br\/index.php?rest_route=%2Fwp%2Fv2%2Fcomments&post=49302"}],"version-history":[{"count":2,"href":"https:\/\/portalfadesp.org.br\/index.php?rest_route=\/wp\/v2\/posts\/49302\/revisions"}],"predecessor-version":[{"id":49313,"href":"https:\/\/portalfadesp.org.br\/index.php?rest_route=\/wp\/v2\/posts\/49302\/revisions\/49313"}],"wp:featuredmedia":[{"embeddable":true,"href":"https:\/\/portalfadesp.org.br\/index.php?rest_route=\/wp\/v2\/media\/49662"}],"wp:attachment":[{"href":"https:\/\/portalfadesp.org.br\/index.php?rest_route=%2Fwp%2Fv2%2Fmedia&parent=49302"}],"wp:term":[{"taxonomy":"category","embeddable":true,"href":"https:\/\/portalfadesp.org.br\/index.php?rest_route=%2Fwp%2Fv2%2Fcategories&post=49302"},{"taxonomy":"post_tag","embeddable":true,"href":"https:\/\/portalfadesp.org.br\/index.php?rest_route=%2Fwp%2Fv2%2Ftags&post=49302"}],"curies":[{"name":"wp","href":"https:\/\/api.w.org\/{rel}","templated":true}]}}