{"id":49298,"date":"2025-05-22T16:24:30","date_gmt":"2025-05-22T19:24:30","guid":{"rendered":"https:\/\/portalfadesp.org.br\/?p=49298"},"modified":"2025-06-02T14:22:34","modified_gmt":"2025-06-02T17:22:34","slug":"motiro-fadesp-promove-novo-encontro-com-foco-em-justica-climatica-e-limites-da-crise-ambiental","status":"publish","type":"post","link":"https:\/\/portalfadesp.org.br\/?p=49298","title":{"rendered":"Motir\u00f5 FADESP promove novo encontro com foco em justi\u00e7a clim\u00e1tica e limites da crise ambiental"},"content":{"rendered":"\n<p>A Funda\u00e7\u00e3o de Amparo e Desenvolvimento da Pesquisa (FADESP) realiza no dia <strong>5 de junho<\/strong>, das <strong>9h \u00e0s 12h<\/strong>, o segundo encontro do <strong>Motir\u00f5 FADESP<\/strong>, programa de letramento socioambiental voltado \u00e0 comunidade de Ci\u00eancia, Tecnologia e Inova\u00e7\u00e3o (CT&amp;I).<\/p>\n\n\n\n<div style=\"height:43px\" aria-hidden=\"true\" class=\"wp-block-spacer\"><\/div>\n\n\n\n<p>O evento ser\u00e1 realizado no <strong>Audit\u00f3rio do CAPACIT<\/strong>, na Universidade Federal do Par\u00e1 (UFPA), e ter\u00e1 como tema central <strong>a justi\u00e7a clim\u00e1tica e o ponto de n\u00e3o retorno<\/strong>. A discuss\u00e3o ser\u00e1 conduzida por <strong>Ima Vieira<\/strong>, cientista, ec\u00f3loga, pesquisadora titular do Museu Paraense Em\u00edlio Goeldi (MPEG) e assessora da presid\u00eancia da FINEP.<\/p>\n\n\n\n<div style=\"height:30px\" aria-hidden=\"true\" class=\"wp-block-spacer\"><\/div>\n\n\n\n<p>A proposta \u00e9 discutir como a crise ambiental afeta popula\u00e7\u00f5es de formas desiguais, especialmente na Amaz\u00f4nia, e refletir sobre os limites cr\u00edticos do planeta. O conceito de \u201cponto de n\u00e3o retorno\u201d ser\u00e1 abordado como alerta e ferramenta para ampliar a compreens\u00e3o dos impactos ambientais em curso e suas consequ\u00eancias sociais.<\/p>\n\n\n\n<div style=\"height:30px\" aria-hidden=\"true\" class=\"wp-block-spacer\"><\/div>\n\n\n\n<p>O programa Motir\u00f5 \u00e9 uma iniciativa da FADESP que prop\u00f5e uma s\u00e9rie de encontros, de maio a outubro, preparando a comunidade acad\u00eamica e cient\u00edfica para participar ativamente da <strong>COP 30<\/strong>, que ser\u00e1 sediada em Bel\u00e9m. A proposta \u00e9 construir coletivamente caminhos para entender e enfrentar os desafios que envolvem a regi\u00e3o amaz\u00f4nica.<\/p>\n\n\n\n<div style=\"height:18px\" aria-hidden=\"true\" class=\"wp-block-spacer\"><\/div>\n\n\n\n<p><strong>Data:<\/strong> 5 de junho de 2025<br><strong>Hor\u00e1rio:<\/strong> 9h \u00e0s 12h<br><strong>Local:<\/strong> Audit\u00f3rio do CAPACIT (UFPA)<br><strong>Palestrante:<\/strong> Ima Vieira (MPEG\/FINEP)<\/p>\n\n\n\n<p><strong>Aberto ao p\u00fablico.<\/strong><\/p>\n\n\n\n<p><strong>Temas:<\/strong><\/p>\n\n\n\n<p>&#8211; Justi\u00e7a clim\u00e1tica: O que \u00e9? Por que o desequil\u00edbrio ambiental afeta as pessoas\/camadas sociais de diferentes formas?&nbsp;<\/p>\n\n\n\n<p>&#8211; O ponto de n\u00e3o-retorno: entendendo conceitos.<\/p>\n\n\n\n<figure class=\"wp-block-image size-large\"><img fetchpriority=\"high\" decoding=\"async\" width=\"819\" height=\"1024\" src=\"https:\/\/portalfadesp.org.br\/wp-content\/uploads\/2025\/05\/WhatsApp-Image-2025-05-22-at-16.12.05-3-819x1024.jpeg\" alt=\"\" class=\"wp-image-49299\" srcset=\"https:\/\/portalfadesp.org.br\/wp-content\/uploads\/2025\/05\/WhatsApp-Image-2025-05-22-at-16.12.05-3-819x1024.jpeg 819w, https:\/\/portalfadesp.org.br\/wp-content\/uploads\/2025\/05\/WhatsApp-Image-2025-05-22-at-16.12.05-3-240x300.jpeg 240w, https:\/\/portalfadesp.org.br\/wp-content\/uploads\/2025\/05\/WhatsApp-Image-2025-05-22-at-16.12.05-3-768x960.jpeg 768w, https:\/\/portalfadesp.org.br\/wp-content\/uploads\/2025\/05\/WhatsApp-Image-2025-05-22-at-16.12.05-3.jpeg 1080w\" sizes=\"(max-width: 819px) 100vw, 819px\" \/><\/figure>\n","protected":false},"excerpt":{"rendered":"<p>A Funda\u00e7\u00e3o de Amparo e Desenvolvimento da Pesquisa (FADESP) realiza no dia 5 de junho, das 9h \u00e0s 12h, o segundo encontro do Motir\u00f5 FADESP, programa de letramento socioambiental voltado \u00e0 comunidade de Ci\u00eancia, Tecnologia e Inova\u00e7\u00e3o (CT&amp;I). O evento ser\u00e1 realizado no Audit\u00f3rio do CAPACIT, na Universidade Federal do Par\u00e1 (UFPA), e ter\u00e1 como [&hellip;]<\/p>\n","protected":false},"author":12,"featured_media":49660,"comment_status":"closed","ping_status":"closed","sticky":false,"template":"","format":"standard","meta":{"_monsterinsights_skip_tracking":false,"_monsterinsights_sitenote_active":false,"_monsterinsights_sitenote_note":"","_monsterinsights_sitenote_category":0,"footnotes":""},"categories":[60],"tags":[],"class_list":["post-49298","post","type-post","status-publish","format-standard","has-post-thumbnail","hentry","category-destaque","entry","has-media"],"yoast_head":"<!-- This site is optimized with the Yoast SEO plugin v25.1 - https:\/\/yoast.com\/wordpress\/plugins\/seo\/ -->\n<title>Motir\u00f5 FADESP promove novo encontro com foco em justi\u00e7a clim\u00e1tica e limites da crise ambiental - FADESP<\/title>\n<meta name=\"robots\" content=\"index, follow, max-snippet:-1, max-image-preview:large, max-video-preview:-1\" \/>\n<link rel=\"canonical\" href=\"https:\/\/portalfadesp.org.br\/?p=49298\" \/>\n<meta property=\"og:locale\" content=\"pt_BR\" \/>\n<meta property=\"og:type\" content=\"article\" \/>\n<meta property=\"og:title\" content=\"Motir\u00f5 FADESP promove novo encontro com foco em justi\u00e7a clim\u00e1tica e limites da crise ambiental - FADESP\" \/>\n<meta property=\"og:description\" content=\"A Funda\u00e7\u00e3o de Amparo e Desenvolvimento da Pesquisa (FADESP) realiza no dia 5 de junho, das 9h \u00e0s 12h, o segundo encontro do Motir\u00f5 FADESP, programa de letramento socioambiental voltado \u00e0 comunidade de Ci\u00eancia, Tecnologia e Inova\u00e7\u00e3o (CT&amp;I). O evento ser\u00e1 realizado no Audit\u00f3rio do CAPACIT, na Universidade Federal do Par\u00e1 (UFPA), e ter\u00e1 como [&hellip;]\" \/>\n<meta property=\"og:url\" content=\"https:\/\/portalfadesp.org.br\/?p=49298\" \/>\n<meta property=\"og:site_name\" content=\"FADESP\" \/>\n<meta property=\"article:publisher\" content=\"https:\/\/www.facebook.com\/Fadesp-138351949524662\/\" \/>\n<meta property=\"article:published_time\" content=\"2025-05-22T19:24:30+00:00\" \/>\n<meta property=\"article:modified_time\" content=\"2025-06-02T17:22:34+00:00\" \/>\n<meta property=\"og:image\" content=\"https:\/\/portalfadesp.org.br\/wp-content\/uploads\/2025\/05\/WhatsApp-Image-2025-06-02-at-14.14.15.jpeg\" \/>\n\t<meta property=\"og:image:width\" content=\"290\" \/>\n\t<meta property=\"og:image:height\" content=\"460\" \/>\n\t<meta property=\"og:image:type\" content=\"image\/jpeg\" \/>\n<meta name=\"author\" content=\"Brena Marques\" \/>\n<meta name=\"twitter:card\" content=\"summary_large_image\" \/>\n<meta name=\"twitter:creator\" content=\"@Fadesp\" \/>\n<meta name=\"twitter:site\" content=\"@Fadesp\" \/>\n<meta name=\"twitter:label1\" content=\"Escrito por\" \/>\n\t<meta name=\"twitter:data1\" content=\"Brena Marques\" \/>\n\t<meta name=\"twitter:label2\" content=\"Est. tempo de leitura\" \/>\n\t<meta name=\"twitter:data2\" content=\"2 minutos\" \/>\n<script type=\"application\/ld+json\" class=\"yoast-schema-graph\">{\"@context\":\"https:\/\/schema.org\",\"@graph\":[{\"@type\":\"Article\",\"@id\":\"https:\/\/portalfadesp.org.br\/?p=49298#article\",\"isPartOf\":{\"@id\":\"https:\/\/portalfadesp.org.br\/?p=49298\"},\"author\":{\"name\":\"Brena Marques\",\"@id\":\"https:\/\/portalfadesp.org.br\/#\/schema\/person\/31709c4c8ec92d6bbdd2c1da60cf8d66\"},\"headline\":\"Motir\u00f5 FADESP promove novo encontro com foco em justi\u00e7a clim\u00e1tica e limites da crise ambiental\",\"datePublished\":\"2025-05-22T19:24:30+00:00\",\"dateModified\":\"2025-06-02T17:22:34+00:00\",\"mainEntityOfPage\":{\"@id\":\"https:\/\/portalfadesp.org.br\/?p=49298\"},\"wordCount\":283,\"publisher\":{\"@id\":\"https:\/\/portalfadesp.org.br\/#organization\"},\"image\":{\"@id\":\"https:\/\/portalfadesp.org.br\/?p=49298#primaryimage\"},\"thumbnailUrl\":\"https:\/\/portalfadesp.org.br\/wp-content\/uploads\/2025\/05\/WhatsApp-Image-2025-06-02-at-14.14.15.jpeg\",\"articleSection\":[\"Destaque\"],\"inLanguage\":\"pt-BR\"},{\"@type\":\"WebPage\",\"@id\":\"https:\/\/portalfadesp.org.br\/?p=49298\",\"url\":\"https:\/\/portalfadesp.org.br\/?p=49298\",\"name\":\"Motir\u00f5 FADESP promove novo encontro com foco em justi\u00e7a clim\u00e1tica e limites da crise ambiental - FADESP\",\"isPartOf\":{\"@id\":\"https:\/\/portalfadesp.org.br\/#website\"},\"primaryImageOfPage\":{\"@id\":\"https:\/\/portalfadesp.org.br\/?p=49298#primaryimage\"},\"image\":{\"@id\":\"https:\/\/portalfadesp.org.br\/?p=49298#primaryimage\"},\"thumbnailUrl\":\"https:\/\/portalfadesp.org.br\/wp-content\/uploads\/2025\/05\/WhatsApp-Image-2025-06-02-at-14.14.15.jpeg\",\"datePublished\":\"2025-05-22T19:24:30+00:00\",\"dateModified\":\"2025-06-02T17:22:34+00:00\",\"breadcrumb\":{\"@id\":\"https:\/\/portalfadesp.org.br\/?p=49298#breadcrumb\"},\"inLanguage\":\"pt-BR\",\"potentialAction\":[{\"@type\":\"ReadAction\",\"target\":[\"https:\/\/portalfadesp.org.br\/?p=49298\"]}]},{\"@type\":\"ImageObject\",\"inLanguage\":\"pt-BR\",\"@id\":\"https:\/\/portalfadesp.org.br\/?p=49298#primaryimage\",\"url\":\"https:\/\/portalfadesp.org.br\/wp-content\/uploads\/2025\/05\/WhatsApp-Image-2025-06-02-at-14.14.15.jpeg\",\"contentUrl\":\"https:\/\/portalfadesp.org.br\/wp-content\/uploads\/2025\/05\/WhatsApp-Image-2025-06-02-at-14.14.15.jpeg\",\"width\":290,\"height\":460},{\"@type\":\"BreadcrumbList\",\"@id\":\"https:\/\/portalfadesp.org.br\/?p=49298#breadcrumb\",\"itemListElement\":[{\"@type\":\"ListItem\",\"position\":1,\"name\":\"In\u00edcio\",\"item\":\"https:\/\/portalfadesp.org.br\/\"},{\"@type\":\"ListItem\",\"position\":2,\"name\":\"Motir\u00f5 FADESP promove novo encontro com foco em justi\u00e7a clim\u00e1tica e limites da crise ambiental\"}]},{\"@type\":\"WebSite\",\"@id\":\"https:\/\/portalfadesp.org.br\/#website\",\"url\":\"https:\/\/portalfadesp.org.br\/\",\"name\":\"FADESP\",\"description\":\"Funda\u00e7\u00e3o de Amparo e Desenvolvimento da Pesquisa\",\"publisher\":{\"@id\":\"https:\/\/portalfadesp.org.br\/#organization\"},\"potentialAction\":[{\"@type\":\"SearchAction\",\"target\":{\"@type\":\"EntryPoint\",\"urlTemplate\":\"https:\/\/portalfadesp.org.br\/?s={search_term_string}\"},\"query-input\":{\"@type\":\"PropertyValueSpecification\",\"valueRequired\":true,\"valueName\":\"search_term_string\"}}],\"inLanguage\":\"pt-BR\"},{\"@type\":\"Organization\",\"@id\":\"https:\/\/portalfadesp.org.br\/#organization\",\"name\":\"FADESP\",\"url\":\"https:\/\/portalfadesp.org.br\/\",\"logo\":{\"@type\":\"ImageObject\",\"inLanguage\":\"pt-BR\",\"@id\":\"https:\/\/portalfadesp.org.br\/#\/schema\/logo\/image\/\",\"url\":\"https:\/\/portalfadesp.org.br\/wp-content\/uploads\/2024\/01\/NOVOLOGOFADESPlaranjaH.png\",\"contentUrl\":\"https:\/\/portalfadesp.org.br\/wp-content\/uploads\/2024\/01\/NOVOLOGOFADESPlaranjaH.png\",\"width\":2742,\"height\":839,\"caption\":\"FADESP\"},\"image\":{\"@id\":\"https:\/\/portalfadesp.org.br\/#\/schema\/logo\/image\/\"},\"sameAs\":[\"https:\/\/www.facebook.com\/Fadesp-138351949524662\/\",\"https:\/\/x.com\/Fadesp\",\"https:\/\/www.instagram.com\/fadesp_ufpa\/\",\"https:\/\/www.youtube.com\/@fundacaodeamparoedesenvolv1903\",\"https:\/\/www.threads.net\/@fadesp_ufpa\"]},{\"@type\":\"Person\",\"@id\":\"https:\/\/portalfadesp.org.br\/#\/schema\/person\/31709c4c8ec92d6bbdd2c1da60cf8d66\",\"name\":\"Brena Marques\",\"image\":{\"@type\":\"ImageObject\",\"inLanguage\":\"pt-BR\",\"@id\":\"https:\/\/portalfadesp.org.br\/#\/schema\/person\/image\/\",\"url\":\"https:\/\/secure.gravatar.com\/avatar\/d8709cd0de324fbec018b6878350216726d26c3436f44ebee8f3db75e29728f3?s=96&d=mm&r=g\",\"contentUrl\":\"https:\/\/secure.gravatar.com\/avatar\/d8709cd0de324fbec018b6878350216726d26c3436f44ebee8f3db75e29728f3?s=96&d=mm&r=g\",\"caption\":\"Brena Marques\"},\"url\":\"https:\/\/portalfadesp.org.br\/?author=12\"}]}<\/script>\n<!-- \/ Yoast SEO plugin. -->","yoast_head_json":{"title":"Motir\u00f5 FADESP promove novo encontro com foco em justi\u00e7a clim\u00e1tica e limites da crise ambiental - FADESP","robots":{"index":"index","follow":"follow","max-snippet":"max-snippet:-1","max-image-preview":"max-image-preview:large","max-video-preview":"max-video-preview:-1"},"canonical":"https:\/\/portalfadesp.org.br\/?p=49298","og_locale":"pt_BR","og_type":"article","og_title":"Motir\u00f5 FADESP promove novo encontro com foco em justi\u00e7a clim\u00e1tica e limites da crise ambiental - FADESP","og_description":"A Funda\u00e7\u00e3o de Amparo e Desenvolvimento da Pesquisa (FADESP) realiza no dia 5 de junho, das 9h \u00e0s 12h, o segundo encontro do Motir\u00f5 FADESP, programa de letramento socioambiental voltado \u00e0 comunidade de Ci\u00eancia, Tecnologia e Inova\u00e7\u00e3o (CT&amp;I). O evento ser\u00e1 realizado no Audit\u00f3rio do CAPACIT, na Universidade Federal do Par\u00e1 (UFPA), e ter\u00e1 como [&hellip;]","og_url":"https:\/\/portalfadesp.org.br\/?p=49298","og_site_name":"FADESP","article_publisher":"https:\/\/www.facebook.com\/Fadesp-138351949524662\/","article_published_time":"2025-05-22T19:24:30+00:00","article_modified_time":"2025-06-02T17:22:34+00:00","og_image":[{"width":290,"height":460,"url":"https:\/\/portalfadesp.org.br\/wp-content\/uploads\/2025\/05\/WhatsApp-Image-2025-06-02-at-14.14.15.jpeg","type":"image\/jpeg"}],"author":"Brena Marques","twitter_card":"summary_large_image","twitter_creator":"@Fadesp","twitter_site":"@Fadesp","twitter_misc":{"Escrito por":"Brena Marques","Est. tempo de leitura":"2 minutos"},"schema":{"@context":"https:\/\/schema.org","@graph":[{"@type":"Article","@id":"https:\/\/portalfadesp.org.br\/?p=49298#article","isPartOf":{"@id":"https:\/\/portalfadesp.org.br\/?p=49298"},"author":{"name":"Brena Marques","@id":"https:\/\/portalfadesp.org.br\/#\/schema\/person\/31709c4c8ec92d6bbdd2c1da60cf8d66"},"headline":"Motir\u00f5 FADESP promove novo encontro com foco em justi\u00e7a clim\u00e1tica e limites da crise ambiental","datePublished":"2025-05-22T19:24:30+00:00","dateModified":"2025-06-02T17:22:34+00:00","mainEntityOfPage":{"@id":"https:\/\/portalfadesp.org.br\/?p=49298"},"wordCount":283,"publisher":{"@id":"https:\/\/portalfadesp.org.br\/#organization"},"image":{"@id":"https:\/\/portalfadesp.org.br\/?p=49298#primaryimage"},"thumbnailUrl":"https:\/\/portalfadesp.org.br\/wp-content\/uploads\/2025\/05\/WhatsApp-Image-2025-06-02-at-14.14.15.jpeg","articleSection":["Destaque"],"inLanguage":"pt-BR"},{"@type":"WebPage","@id":"https:\/\/portalfadesp.org.br\/?p=49298","url":"https:\/\/portalfadesp.org.br\/?p=49298","name":"Motir\u00f5 FADESP promove novo encontro com foco em justi\u00e7a clim\u00e1tica e limites da crise ambiental - FADESP","isPartOf":{"@id":"https:\/\/portalfadesp.org.br\/#website"},"primaryImageOfPage":{"@id":"https:\/\/portalfadesp.org.br\/?p=49298#primaryimage"},"image":{"@id":"https:\/\/portalfadesp.org.br\/?p=49298#primaryimage"},"thumbnailUrl":"https:\/\/portalfadesp.org.br\/wp-content\/uploads\/2025\/05\/WhatsApp-Image-2025-06-02-at-14.14.15.jpeg","datePublished":"2025-05-22T19:24:30+00:00","dateModified":"2025-06-02T17:22:34+00:00","breadcrumb":{"@id":"https:\/\/portalfadesp.org.br\/?p=49298#breadcrumb"},"inLanguage":"pt-BR","potentialAction":[{"@type":"ReadAction","target":["https:\/\/portalfadesp.org.br\/?p=49298"]}]},{"@type":"ImageObject","inLanguage":"pt-BR","@id":"https:\/\/portalfadesp.org.br\/?p=49298#primaryimage","url":"https:\/\/portalfadesp.org.br\/wp-content\/uploads\/2025\/05\/WhatsApp-Image-2025-06-02-at-14.14.15.jpeg","contentUrl":"https:\/\/portalfadesp.org.br\/wp-content\/uploads\/2025\/05\/WhatsApp-Image-2025-06-02-at-14.14.15.jpeg","width":290,"height":460},{"@type":"BreadcrumbList","@id":"https:\/\/portalfadesp.org.br\/?p=49298#breadcrumb","itemListElement":[{"@type":"ListItem","position":1,"name":"In\u00edcio","item":"https:\/\/portalfadesp.org.br\/"},{"@type":"ListItem","position":2,"name":"Motir\u00f5 FADESP promove novo encontro com foco em justi\u00e7a clim\u00e1tica e limites da crise ambiental"}]},{"@type":"WebSite","@id":"https:\/\/portalfadesp.org.br\/#website","url":"https:\/\/portalfadesp.org.br\/","name":"FADESP","description":"Funda\u00e7\u00e3o de Amparo e Desenvolvimento da Pesquisa","publisher":{"@id":"https:\/\/portalfadesp.org.br\/#organization"},"potentialAction":[{"@type":"SearchAction","target":{"@type":"EntryPoint","urlTemplate":"https:\/\/portalfadesp.org.br\/?s={search_term_string}"},"query-input":{"@type":"PropertyValueSpecification","valueRequired":true,"valueName":"search_term_string"}}],"inLanguage":"pt-BR"},{"@type":"Organization","@id":"https:\/\/portalfadesp.org.br\/#organization","name":"FADESP","url":"https:\/\/portalfadesp.org.br\/","logo":{"@type":"ImageObject","inLanguage":"pt-BR","@id":"https:\/\/portalfadesp.org.br\/#\/schema\/logo\/image\/","url":"https:\/\/portalfadesp.org.br\/wp-content\/uploads\/2024\/01\/NOVOLOGOFADESPlaranjaH.png","contentUrl":"https:\/\/portalfadesp.org.br\/wp-content\/uploads\/2024\/01\/NOVOLOGOFADESPlaranjaH.png","width":2742,"height":839,"caption":"FADESP"},"image":{"@id":"https:\/\/portalfadesp.org.br\/#\/schema\/logo\/image\/"},"sameAs":["https:\/\/www.facebook.com\/Fadesp-138351949524662\/","https:\/\/x.com\/Fadesp","https:\/\/www.instagram.com\/fadesp_ufpa\/","https:\/\/www.youtube.com\/@fundacaodeamparoedesenvolv1903","https:\/\/www.threads.net\/@fadesp_ufpa"]},{"@type":"Person","@id":"https:\/\/portalfadesp.org.br\/#\/schema\/person\/31709c4c8ec92d6bbdd2c1da60cf8d66","name":"Brena Marques","image":{"@type":"ImageObject","inLanguage":"pt-BR","@id":"https:\/\/portalfadesp.org.br\/#\/schema\/person\/image\/","url":"https:\/\/secure.gravatar.com\/avatar\/d8709cd0de324fbec018b6878350216726d26c3436f44ebee8f3db75e29728f3?s=96&d=mm&r=g","contentUrl":"https:\/\/secure.gravatar.com\/avatar\/d8709cd0de324fbec018b6878350216726d26c3436f44ebee8f3db75e29728f3?s=96&d=mm&r=g","caption":"Brena Marques"},"url":"https:\/\/portalfadesp.org.br\/?author=12"}]}},"_links":{"self":[{"href":"https:\/\/portalfadesp.org.br\/index.php?rest_route=\/wp\/v2\/posts\/49298","targetHints":{"allow":["GET"]}}],"collection":[{"href":"https:\/\/portalfadesp.org.br\/index.php?rest_route=\/wp\/v2\/posts"}],"about":[{"href":"https:\/\/portalfadesp.org.br\/index.php?rest_route=\/wp\/v2\/types\/post"}],"author":[{"embeddable":true,"href":"https:\/\/portalfadesp.org.br\/index.php?rest_route=\/wp\/v2\/users\/12"}],"replies":[{"embeddable":true,"href":"https:\/\/portalfadesp.org.br\/index.php?rest_route=%2Fwp%2Fv2%2Fcomments&post=49298"}],"version-history":[{"count":2,"href":"https:\/\/portalfadesp.org.br\/index.php?rest_route=\/wp\/v2\/posts\/49298\/revisions"}],"predecessor-version":[{"id":49661,"href":"https:\/\/portalfadesp.org.br\/index.php?rest_route=\/wp\/v2\/posts\/49298\/revisions\/49661"}],"wp:featuredmedia":[{"embeddable":true,"href":"https:\/\/portalfadesp.org.br\/index.php?rest_route=\/wp\/v2\/media\/49660"}],"wp:attachment":[{"href":"https:\/\/portalfadesp.org.br\/index.php?rest_route=%2Fwp%2Fv2%2Fmedia&parent=49298"}],"wp:term":[{"taxonomy":"category","embeddable":true,"href":"https:\/\/portalfadesp.org.br\/index.php?rest_route=%2Fwp%2Fv2%2Fcategories&post=49298"},{"taxonomy":"post_tag","embeddable":true,"href":"https:\/\/portalfadesp.org.br\/index.php?rest_route=%2Fwp%2Fv2%2Ftags&post=49298"}],"curies":[{"name":"wp","href":"https:\/\/api.w.org\/{rel}","templated":true}]}}