{"id":49184,"date":"2025-05-15T08:37:25","date_gmt":"2025-05-15T11:37:25","guid":{"rendered":"https:\/\/portalfadesp.org.br\/?p=49184"},"modified":"2025-05-15T08:37:52","modified_gmt":"2025-05-15T11:37:52","slug":"inscricoes-prorrogadas-da-especializacao-multiprofissional-em-epidemiologia-e-servicos-de-saude","status":"publish","type":"post","link":"https:\/\/portalfadesp.org.br\/?p=49184","title":{"rendered":"INSCRI\u00c7\u00d5ES PRORROGADAS DA ESPECIALIZA\u00c7\u00c3O MULTIPROFISSIONAL EM EPIDEMIOLOGIA E SERVI\u00c7OS DE SA\u00daDE"},"content":{"rendered":"\n<p><a href=\"https:\/\/portalfadesp.org.br\/?page_id=48825\">Aprimore sua atua\u00e7\u00e3o em sa\u00fade p\u00fablica com \u00eanfase em epidemiologia aplicada. Voltado a profissionais e egressos das Ci\u00eancias da Sa\u00fade e \u00e1reas afins, o curso oferece forma\u00e7\u00e3o estrat\u00e9gica para os desafios da Vigil\u00e2ncia em Sa\u00fade. Inscri\u00e7\u00f5es abertas at\u00e9 23\/05\/2025.<br><strong>Para conferir, clique aqui.<\/strong><\/a><\/p>\n","protected":false},"excerpt":{"rendered":"<p>Aprimore sua atua\u00e7\u00e3o em sa\u00fade p\u00fablica com \u00eanfase em epidemiologia aplicada. Voltado a profissionais e egressos das Ci\u00eancias da Sa\u00fade e \u00e1reas afins, o curso oferece forma\u00e7\u00e3o estrat\u00e9gica para os desafios da Vigil\u00e2ncia em Sa\u00fade. Inscri\u00e7\u00f5es abertas at\u00e9 23\/05\/2025.Para conferir, clique aqui.<\/p>\n","protected":false},"author":12,"featured_media":49188,"comment_status":"closed","ping_status":"closed","sticky":false,"template":"","format":"standard","meta":{"_monsterinsights_skip_tracking":false,"_monsterinsights_sitenote_active":false,"_monsterinsights_sitenote_note":"","_monsterinsights_sitenote_category":0,"footnotes":""},"categories":[60,1],"tags":[],"class_list":["post-49184","post","type-post","status-publish","format-standard","has-post-thumbnail","hentry","category-destaque","category-geral","entry","has-media"],"yoast_head":"<!-- This site is optimized with the Yoast SEO plugin v25.1 - https:\/\/yoast.com\/wordpress\/plugins\/seo\/ -->\n<title>INSCRI\u00c7\u00d5ES PRORROGADAS DA ESPECIALIZA\u00c7\u00c3O MULTIPROFISSIONAL EM EPIDEMIOLOGIA E SERVI\u00c7OS DE SA\u00daDE - FADESP<\/title>\n<meta name=\"robots\" content=\"index, follow, max-snippet:-1, max-image-preview:large, max-video-preview:-1\" \/>\n<link rel=\"canonical\" href=\"https:\/\/portalfadesp.org.br\/?p=49184\" \/>\n<meta property=\"og:locale\" content=\"pt_BR\" \/>\n<meta property=\"og:type\" content=\"article\" \/>\n<meta property=\"og:title\" content=\"INSCRI\u00c7\u00d5ES PRORROGADAS DA ESPECIALIZA\u00c7\u00c3O MULTIPROFISSIONAL EM EPIDEMIOLOGIA E SERVI\u00c7OS DE SA\u00daDE - FADESP\" \/>\n<meta property=\"og:description\" content=\"Aprimore sua atua\u00e7\u00e3o em sa\u00fade p\u00fablica com \u00eanfase em epidemiologia aplicada. Voltado a profissionais e egressos das Ci\u00eancias da Sa\u00fade e \u00e1reas afins, o curso oferece forma\u00e7\u00e3o estrat\u00e9gica para os desafios da Vigil\u00e2ncia em Sa\u00fade. Inscri\u00e7\u00f5es abertas at\u00e9 23\/05\/2025.Para conferir, clique aqui.\" \/>\n<meta property=\"og:url\" content=\"https:\/\/portalfadesp.org.br\/?p=49184\" \/>\n<meta property=\"og:site_name\" content=\"FADESP\" \/>\n<meta property=\"article:publisher\" content=\"https:\/\/www.facebook.com\/Fadesp-138351949524662\/\" \/>\n<meta property=\"article:published_time\" content=\"2025-05-15T11:37:25+00:00\" \/>\n<meta property=\"article:modified_time\" content=\"2025-05-15T11:37:52+00:00\" \/>\n<meta property=\"og:image\" content=\"https:\/\/portalfadesp.org.br\/wp-content\/uploads\/2025\/05\/WhatsApp-Image-2025-05-14-at-13.18.50-1.jpeg\" \/>\n\t<meta property=\"og:image:width\" content=\"1600\" \/>\n\t<meta property=\"og:image:height\" content=\"475\" \/>\n\t<meta property=\"og:image:type\" content=\"image\/jpeg\" \/>\n<meta name=\"author\" content=\"Brena Marques\" \/>\n<meta name=\"twitter:card\" content=\"summary_large_image\" \/>\n<meta name=\"twitter:creator\" content=\"@Fadesp\" \/>\n<meta name=\"twitter:site\" content=\"@Fadesp\" \/>\n<meta name=\"twitter:label1\" content=\"Escrito por\" \/>\n\t<meta name=\"twitter:data1\" content=\"Brena Marques\" \/>\n\t<meta name=\"twitter:label2\" content=\"Est. tempo de leitura\" \/>\n\t<meta name=\"twitter:data2\" content=\"1 minuto\" \/>\n<script type=\"application\/ld+json\" class=\"yoast-schema-graph\">{\"@context\":\"https:\/\/schema.org\",\"@graph\":[{\"@type\":\"Article\",\"@id\":\"https:\/\/portalfadesp.org.br\/?p=49184#article\",\"isPartOf\":{\"@id\":\"https:\/\/portalfadesp.org.br\/?p=49184\"},\"author\":{\"name\":\"Brena Marques\",\"@id\":\"https:\/\/portalfadesp.org.br\/#\/schema\/person\/31709c4c8ec92d6bbdd2c1da60cf8d66\"},\"headline\":\"INSCRI\u00c7\u00d5ES PRORROGADAS DA ESPECIALIZA\u00c7\u00c3O MULTIPROFISSIONAL EM EPIDEMIOLOGIA E SERVI\u00c7OS DE SA\u00daDE\",\"datePublished\":\"2025-05-15T11:37:25+00:00\",\"dateModified\":\"2025-05-15T11:37:52+00:00\",\"mainEntityOfPage\":{\"@id\":\"https:\/\/portalfadesp.org.br\/?p=49184\"},\"wordCount\":67,\"publisher\":{\"@id\":\"https:\/\/portalfadesp.org.br\/#organization\"},\"image\":{\"@id\":\"https:\/\/portalfadesp.org.br\/?p=49184#primaryimage\"},\"thumbnailUrl\":\"https:\/\/portalfadesp.org.br\/wp-content\/uploads\/2025\/05\/WhatsApp-Image-2025-05-14-at-13.18.50-1.jpeg\",\"articleSection\":[\"Destaque\",\"Geral\"],\"inLanguage\":\"pt-BR\"},{\"@type\":\"WebPage\",\"@id\":\"https:\/\/portalfadesp.org.br\/?p=49184\",\"url\":\"https:\/\/portalfadesp.org.br\/?p=49184\",\"name\":\"INSCRI\u00c7\u00d5ES PRORROGADAS DA ESPECIALIZA\u00c7\u00c3O MULTIPROFISSIONAL EM EPIDEMIOLOGIA E SERVI\u00c7OS DE SA\u00daDE - FADESP\",\"isPartOf\":{\"@id\":\"https:\/\/portalfadesp.org.br\/#website\"},\"primaryImageOfPage\":{\"@id\":\"https:\/\/portalfadesp.org.br\/?p=49184#primaryimage\"},\"image\":{\"@id\":\"https:\/\/portalfadesp.org.br\/?p=49184#primaryimage\"},\"thumbnailUrl\":\"https:\/\/portalfadesp.org.br\/wp-content\/uploads\/2025\/05\/WhatsApp-Image-2025-05-14-at-13.18.50-1.jpeg\",\"datePublished\":\"2025-05-15T11:37:25+00:00\",\"dateModified\":\"2025-05-15T11:37:52+00:00\",\"breadcrumb\":{\"@id\":\"https:\/\/portalfadesp.org.br\/?p=49184#breadcrumb\"},\"inLanguage\":\"pt-BR\",\"potentialAction\":[{\"@type\":\"ReadAction\",\"target\":[\"https:\/\/portalfadesp.org.br\/?p=49184\"]}]},{\"@type\":\"ImageObject\",\"inLanguage\":\"pt-BR\",\"@id\":\"https:\/\/portalfadesp.org.br\/?p=49184#primaryimage\",\"url\":\"https:\/\/portalfadesp.org.br\/wp-content\/uploads\/2025\/05\/WhatsApp-Image-2025-05-14-at-13.18.50-1.jpeg\",\"contentUrl\":\"https:\/\/portalfadesp.org.br\/wp-content\/uploads\/2025\/05\/WhatsApp-Image-2025-05-14-at-13.18.50-1.jpeg\",\"width\":1600,\"height\":475},{\"@type\":\"BreadcrumbList\",\"@id\":\"https:\/\/portalfadesp.org.br\/?p=49184#breadcrumb\",\"itemListElement\":[{\"@type\":\"ListItem\",\"position\":1,\"name\":\"In\u00edcio\",\"item\":\"https:\/\/portalfadesp.org.br\/\"},{\"@type\":\"ListItem\",\"position\":2,\"name\":\"INSCRI\u00c7\u00d5ES PRORROGADAS DA ESPECIALIZA\u00c7\u00c3O MULTIPROFISSIONAL EM EPIDEMIOLOGIA E SERVI\u00c7OS DE SA\u00daDE\"}]},{\"@type\":\"WebSite\",\"@id\":\"https:\/\/portalfadesp.org.br\/#website\",\"url\":\"https:\/\/portalfadesp.org.br\/\",\"name\":\"FADESP\",\"description\":\"Funda\u00e7\u00e3o de Amparo e Desenvolvimento da Pesquisa\",\"publisher\":{\"@id\":\"https:\/\/portalfadesp.org.br\/#organization\"},\"potentialAction\":[{\"@type\":\"SearchAction\",\"target\":{\"@type\":\"EntryPoint\",\"urlTemplate\":\"https:\/\/portalfadesp.org.br\/?s={search_term_string}\"},\"query-input\":{\"@type\":\"PropertyValueSpecification\",\"valueRequired\":true,\"valueName\":\"search_term_string\"}}],\"inLanguage\":\"pt-BR\"},{\"@type\":\"Organization\",\"@id\":\"https:\/\/portalfadesp.org.br\/#organization\",\"name\":\"FADESP\",\"url\":\"https:\/\/portalfadesp.org.br\/\",\"logo\":{\"@type\":\"ImageObject\",\"inLanguage\":\"pt-BR\",\"@id\":\"https:\/\/portalfadesp.org.br\/#\/schema\/logo\/image\/\",\"url\":\"https:\/\/portalfadesp.org.br\/wp-content\/uploads\/2024\/01\/NOVOLOGOFADESPlaranjaH.png\",\"contentUrl\":\"https:\/\/portalfadesp.org.br\/wp-content\/uploads\/2024\/01\/NOVOLOGOFADESPlaranjaH.png\",\"width\":2742,\"height\":839,\"caption\":\"FADESP\"},\"image\":{\"@id\":\"https:\/\/portalfadesp.org.br\/#\/schema\/logo\/image\/\"},\"sameAs\":[\"https:\/\/www.facebook.com\/Fadesp-138351949524662\/\",\"https:\/\/x.com\/Fadesp\",\"https:\/\/www.instagram.com\/fadesp_ufpa\/\",\"https:\/\/www.youtube.com\/@fundacaodeamparoedesenvolv1903\",\"https:\/\/www.threads.net\/@fadesp_ufpa\"]},{\"@type\":\"Person\",\"@id\":\"https:\/\/portalfadesp.org.br\/#\/schema\/person\/31709c4c8ec92d6bbdd2c1da60cf8d66\",\"name\":\"Brena Marques\",\"image\":{\"@type\":\"ImageObject\",\"inLanguage\":\"pt-BR\",\"@id\":\"https:\/\/portalfadesp.org.br\/#\/schema\/person\/image\/\",\"url\":\"https:\/\/secure.gravatar.com\/avatar\/d8709cd0de324fbec018b6878350216726d26c3436f44ebee8f3db75e29728f3?s=96&d=mm&r=g\",\"contentUrl\":\"https:\/\/secure.gravatar.com\/avatar\/d8709cd0de324fbec018b6878350216726d26c3436f44ebee8f3db75e29728f3?s=96&d=mm&r=g\",\"caption\":\"Brena Marques\"},\"url\":\"https:\/\/portalfadesp.org.br\/?author=12\"}]}<\/script>\n<!-- \/ Yoast SEO plugin. -->","yoast_head_json":{"title":"INSCRI\u00c7\u00d5ES PRORROGADAS DA ESPECIALIZA\u00c7\u00c3O MULTIPROFISSIONAL EM EPIDEMIOLOGIA E SERVI\u00c7OS DE SA\u00daDE - FADESP","robots":{"index":"index","follow":"follow","max-snippet":"max-snippet:-1","max-image-preview":"max-image-preview:large","max-video-preview":"max-video-preview:-1"},"canonical":"https:\/\/portalfadesp.org.br\/?p=49184","og_locale":"pt_BR","og_type":"article","og_title":"INSCRI\u00c7\u00d5ES PRORROGADAS DA ESPECIALIZA\u00c7\u00c3O MULTIPROFISSIONAL EM EPIDEMIOLOGIA E SERVI\u00c7OS DE SA\u00daDE - FADESP","og_description":"Aprimore sua atua\u00e7\u00e3o em sa\u00fade p\u00fablica com \u00eanfase em epidemiologia aplicada. Voltado a profissionais e egressos das Ci\u00eancias da Sa\u00fade e \u00e1reas afins, o curso oferece forma\u00e7\u00e3o estrat\u00e9gica para os desafios da Vigil\u00e2ncia em Sa\u00fade. Inscri\u00e7\u00f5es abertas at\u00e9 23\/05\/2025.Para conferir, clique aqui.","og_url":"https:\/\/portalfadesp.org.br\/?p=49184","og_site_name":"FADESP","article_publisher":"https:\/\/www.facebook.com\/Fadesp-138351949524662\/","article_published_time":"2025-05-15T11:37:25+00:00","article_modified_time":"2025-05-15T11:37:52+00:00","og_image":[{"width":1600,"height":475,"url":"https:\/\/portalfadesp.org.br\/wp-content\/uploads\/2025\/05\/WhatsApp-Image-2025-05-14-at-13.18.50-1.jpeg","type":"image\/jpeg"}],"author":"Brena Marques","twitter_card":"summary_large_image","twitter_creator":"@Fadesp","twitter_site":"@Fadesp","twitter_misc":{"Escrito por":"Brena Marques","Est. tempo de leitura":"1 minuto"},"schema":{"@context":"https:\/\/schema.org","@graph":[{"@type":"Article","@id":"https:\/\/portalfadesp.org.br\/?p=49184#article","isPartOf":{"@id":"https:\/\/portalfadesp.org.br\/?p=49184"},"author":{"name":"Brena Marques","@id":"https:\/\/portalfadesp.org.br\/#\/schema\/person\/31709c4c8ec92d6bbdd2c1da60cf8d66"},"headline":"INSCRI\u00c7\u00d5ES PRORROGADAS DA ESPECIALIZA\u00c7\u00c3O MULTIPROFISSIONAL EM EPIDEMIOLOGIA E SERVI\u00c7OS DE SA\u00daDE","datePublished":"2025-05-15T11:37:25+00:00","dateModified":"2025-05-15T11:37:52+00:00","mainEntityOfPage":{"@id":"https:\/\/portalfadesp.org.br\/?p=49184"},"wordCount":67,"publisher":{"@id":"https:\/\/portalfadesp.org.br\/#organization"},"image":{"@id":"https:\/\/portalfadesp.org.br\/?p=49184#primaryimage"},"thumbnailUrl":"https:\/\/portalfadesp.org.br\/wp-content\/uploads\/2025\/05\/WhatsApp-Image-2025-05-14-at-13.18.50-1.jpeg","articleSection":["Destaque","Geral"],"inLanguage":"pt-BR"},{"@type":"WebPage","@id":"https:\/\/portalfadesp.org.br\/?p=49184","url":"https:\/\/portalfadesp.org.br\/?p=49184","name":"INSCRI\u00c7\u00d5ES PRORROGADAS DA ESPECIALIZA\u00c7\u00c3O MULTIPROFISSIONAL EM EPIDEMIOLOGIA E SERVI\u00c7OS DE SA\u00daDE - FADESP","isPartOf":{"@id":"https:\/\/portalfadesp.org.br\/#website"},"primaryImageOfPage":{"@id":"https:\/\/portalfadesp.org.br\/?p=49184#primaryimage"},"image":{"@id":"https:\/\/portalfadesp.org.br\/?p=49184#primaryimage"},"thumbnailUrl":"https:\/\/portalfadesp.org.br\/wp-content\/uploads\/2025\/05\/WhatsApp-Image-2025-05-14-at-13.18.50-1.jpeg","datePublished":"2025-05-15T11:37:25+00:00","dateModified":"2025-05-15T11:37:52+00:00","breadcrumb":{"@id":"https:\/\/portalfadesp.org.br\/?p=49184#breadcrumb"},"inLanguage":"pt-BR","potentialAction":[{"@type":"ReadAction","target":["https:\/\/portalfadesp.org.br\/?p=49184"]}]},{"@type":"ImageObject","inLanguage":"pt-BR","@id":"https:\/\/portalfadesp.org.br\/?p=49184#primaryimage","url":"https:\/\/portalfadesp.org.br\/wp-content\/uploads\/2025\/05\/WhatsApp-Image-2025-05-14-at-13.18.50-1.jpeg","contentUrl":"https:\/\/portalfadesp.org.br\/wp-content\/uploads\/2025\/05\/WhatsApp-Image-2025-05-14-at-13.18.50-1.jpeg","width":1600,"height":475},{"@type":"BreadcrumbList","@id":"https:\/\/portalfadesp.org.br\/?p=49184#breadcrumb","itemListElement":[{"@type":"ListItem","position":1,"name":"In\u00edcio","item":"https:\/\/portalfadesp.org.br\/"},{"@type":"ListItem","position":2,"name":"INSCRI\u00c7\u00d5ES PRORROGADAS DA ESPECIALIZA\u00c7\u00c3O MULTIPROFISSIONAL EM EPIDEMIOLOGIA E SERVI\u00c7OS DE SA\u00daDE"}]},{"@type":"WebSite","@id":"https:\/\/portalfadesp.org.br\/#website","url":"https:\/\/portalfadesp.org.br\/","name":"FADESP","description":"Funda\u00e7\u00e3o de Amparo e Desenvolvimento da Pesquisa","publisher":{"@id":"https:\/\/portalfadesp.org.br\/#organization"},"potentialAction":[{"@type":"SearchAction","target":{"@type":"EntryPoint","urlTemplate":"https:\/\/portalfadesp.org.br\/?s={search_term_string}"},"query-input":{"@type":"PropertyValueSpecification","valueRequired":true,"valueName":"search_term_string"}}],"inLanguage":"pt-BR"},{"@type":"Organization","@id":"https:\/\/portalfadesp.org.br\/#organization","name":"FADESP","url":"https:\/\/portalfadesp.org.br\/","logo":{"@type":"ImageObject","inLanguage":"pt-BR","@id":"https:\/\/portalfadesp.org.br\/#\/schema\/logo\/image\/","url":"https:\/\/portalfadesp.org.br\/wp-content\/uploads\/2024\/01\/NOVOLOGOFADESPlaranjaH.png","contentUrl":"https:\/\/portalfadesp.org.br\/wp-content\/uploads\/2024\/01\/NOVOLOGOFADESPlaranjaH.png","width":2742,"height":839,"caption":"FADESP"},"image":{"@id":"https:\/\/portalfadesp.org.br\/#\/schema\/logo\/image\/"},"sameAs":["https:\/\/www.facebook.com\/Fadesp-138351949524662\/","https:\/\/x.com\/Fadesp","https:\/\/www.instagram.com\/fadesp_ufpa\/","https:\/\/www.youtube.com\/@fundacaodeamparoedesenvolv1903","https:\/\/www.threads.net\/@fadesp_ufpa"]},{"@type":"Person","@id":"https:\/\/portalfadesp.org.br\/#\/schema\/person\/31709c4c8ec92d6bbdd2c1da60cf8d66","name":"Brena Marques","image":{"@type":"ImageObject","inLanguage":"pt-BR","@id":"https:\/\/portalfadesp.org.br\/#\/schema\/person\/image\/","url":"https:\/\/secure.gravatar.com\/avatar\/d8709cd0de324fbec018b6878350216726d26c3436f44ebee8f3db75e29728f3?s=96&d=mm&r=g","contentUrl":"https:\/\/secure.gravatar.com\/avatar\/d8709cd0de324fbec018b6878350216726d26c3436f44ebee8f3db75e29728f3?s=96&d=mm&r=g","caption":"Brena Marques"},"url":"https:\/\/portalfadesp.org.br\/?author=12"}]}},"_links":{"self":[{"href":"https:\/\/portalfadesp.org.br\/index.php?rest_route=\/wp\/v2\/posts\/49184","targetHints":{"allow":["GET"]}}],"collection":[{"href":"https:\/\/portalfadesp.org.br\/index.php?rest_route=\/wp\/v2\/posts"}],"about":[{"href":"https:\/\/portalfadesp.org.br\/index.php?rest_route=\/wp\/v2\/types\/post"}],"author":[{"embeddable":true,"href":"https:\/\/portalfadesp.org.br\/index.php?rest_route=\/wp\/v2\/users\/12"}],"replies":[{"embeddable":true,"href":"https:\/\/portalfadesp.org.br\/index.php?rest_route=%2Fwp%2Fv2%2Fcomments&post=49184"}],"version-history":[{"count":1,"href":"https:\/\/portalfadesp.org.br\/index.php?rest_route=\/wp\/v2\/posts\/49184\/revisions"}],"predecessor-version":[{"id":49187,"href":"https:\/\/portalfadesp.org.br\/index.php?rest_route=\/wp\/v2\/posts\/49184\/revisions\/49187"}],"wp:featuredmedia":[{"embeddable":true,"href":"https:\/\/portalfadesp.org.br\/index.php?rest_route=\/wp\/v2\/media\/49188"}],"wp:attachment":[{"href":"https:\/\/portalfadesp.org.br\/index.php?rest_route=%2Fwp%2Fv2%2Fmedia&parent=49184"}],"wp:term":[{"taxonomy":"category","embeddable":true,"href":"https:\/\/portalfadesp.org.br\/index.php?rest_route=%2Fwp%2Fv2%2Fcategories&post=49184"},{"taxonomy":"post_tag","embeddable":true,"href":"https:\/\/portalfadesp.org.br\/index.php?rest_route=%2Fwp%2Fv2%2Ftags&post=49184"}],"curies":[{"name":"wp","href":"https:\/\/api.w.org\/{rel}","templated":true}]}}