{"id":49088,"date":"2025-05-07T10:14:39","date_gmt":"2025-05-07T13:14:39","guid":{"rendered":"https:\/\/portalfadesp.org.br\/?p=49088"},"modified":"2025-06-02T14:31:47","modified_gmt":"2025-06-02T17:31:47","slug":"fadesp-realiza-programacao-de-letramento-e-educacao-ecologica-para-a-comunidade-cti-na-cop-30","status":"publish","type":"post","link":"https:\/\/portalfadesp.org.br\/?p=49088","title":{"rendered":"FADESP realiza programa\u00e7\u00e3o de letramento e educa\u00e7\u00e3o ecol\u00f3gica para a comunidade CT&amp;I na COP 30"},"content":{"rendered":"\n<p>Em prepara\u00e7\u00e3o para a 30\u00aa Confer\u00eancia das Na\u00e7\u00f5es Unidas sobre Mudan\u00e7a do Clima (Confer\u00eancia das Partes-COP30), que ocorre em novembro deste ano na capital paraense, a FADESP (Funda\u00e7\u00e3o de Amparo e Desenvolvimento da Pesquisa) realiza uma programa\u00e7\u00e3o voltada ao letramento e educa\u00e7\u00e3o ecol\u00f3gica para a comunidade de Ci\u00eancia Tecnologia e Inova\u00e7\u00e3o na COP 30: o programa Motir\u00f5, cuja abertura aconteceu nesta ter\u00e7a-feira, 6 de maio de 2025, no audit\u00f3rio do Instituto de Ci\u00eancias Biol\u00f3gicas (ICB-UFPA), em Bel\u00e9m. As atividades ter\u00e3o a dura\u00e7\u00e3o de 5 meses (at\u00e9 o fim de outubro), com palestras de tem\u00e1ticas variadas.<\/p>\n\n\n\n<div style=\"height:44px\" aria-hidden=\"true\" class=\"wp-block-spacer\"><\/div>\n\n\n\n<p>\u201cNosso objetivo \u00e9 proporcionar aos colaboradores, parceiros, entidades apoiadas, servidores p\u00fablicos, al\u00e9m de outros convidados, um mergulho nas realidades amaz\u00f4nicas, permitindo que aprofundemos conhecimentos e que possamos, com propriedade, falar sobre a regi\u00e3o, afinal, somos muito mais que um bioma\u201d, afirma o diretor executivo da FADESP, Roberto Ferraz Barreto. Segundo ele, a institui\u00e7\u00e3o deseja contribuir para debates e discuss\u00f5es ampliadas, com responsabilidade e respeito \u00e0 diversidade sociocultural da regi\u00e3o. \u201cQueremos ir al\u00e9m dos clich\u00eas, uma vez que \u00e9 imposs\u00edvel falar sobre uma Amaz\u00f4nia e um \u00fanico povo. S\u00e3o muitos os contrastes, diferen\u00e7as, realidades. E s\u00e3o muitas as motiva\u00e7\u00f5es que nos unem, sobretudo no que diz respeito a buscar alternativas de manter o planeta vivo e saud\u00e1vel\u201d, pontua.<\/p>\n\n\n\n<figure class=\"wp-block-gallery has-nested-images columns-default is-cropped wp-block-gallery-1 is-layout-flex wp-block-gallery-is-layout-flex\">\n<figure class=\"wp-block-image size-large\"><img fetchpriority=\"high\" decoding=\"async\" width=\"1024\" height=\"683\" data-id=\"49089\" src=\"https:\/\/portalfadesp.org.br\/wp-content\/uploads\/2025\/05\/C014010-1024x683.jpg\" alt=\"\" class=\"wp-image-49089\" srcset=\"https:\/\/portalfadesp.org.br\/wp-content\/uploads\/2025\/05\/C014010-1024x683.jpg 1024w, https:\/\/portalfadesp.org.br\/wp-content\/uploads\/2025\/05\/C014010-300x200.jpg 300w, https:\/\/portalfadesp.org.br\/wp-content\/uploads\/2025\/05\/C014010-768x512.jpg 768w, https:\/\/portalfadesp.org.br\/wp-content\/uploads\/2025\/05\/C014010-1536x1024.jpg 1536w, https:\/\/portalfadesp.org.br\/wp-content\/uploads\/2025\/05\/C014010-2048x1365.jpg 2048w\" sizes=\"(max-width: 1024px) 100vw, 1024px\" \/><figcaption class=\"wp-element-caption\">Diretor executivo da FADESP, Roberto Ferraz Barreto.<\/figcaption><\/figure>\n<\/figure>\n\n\n\n<div style=\"height:34px\" aria-hidden=\"true\" class=\"wp-block-spacer\"><\/div>\n\n\n\n<p>Motir\u00f5 \u00e9 uma palavra de origem tupi-guarani e significa \u201creuni\u00e3o de pessoas colhendo ou construindo algo juntos, uns ajudando aos outros\u201d, caracter\u00edsticas que sintetizam o programa de educa\u00e7\u00e3o\/letramento ecol\u00f3gico, que seguir\u00e1 at\u00e9 outubro deste ano. \u201cInvestir em ci\u00eancia, tecnologia e inova\u00e7\u00e3o na Amaz\u00f4nia \u00e9 fundamental para o desenvolvimento do ensino e da pesquisa, principalmente quando constatamos que a UFPA assim como as universidades federais do norte do Brasil recebem o menor \u00edndice or\u00e7ament\u00e1rio de assist\u00eancia estudantil per capita do pa\u00eds\u201d ressaltou o reitor da UFPA, Prof. Dr. Gilmar Pereira da Silva, presente no lan\u00e7amento. Ele destacou ainda o momento hist\u00f3rico marcado pela realiza\u00e7\u00e3o da Confer\u00eancia Mundial do Clima na regi\u00e3o. \u201cTemos o Movimento Ci\u00eancia e Vozes da Amaz\u00f4nia na COP30, formado pela UFPA, FADESP, nossos 11 reitores da Amaz\u00f4nia e mais 70 do Brasil. Temos dialogado bastante e esses esfor\u00e7os conjuntos t\u00eam resultado em uma s\u00e9rie de eventos tem\u00e1ticos ao longo do ano, e para os quais convido toda a nossa comunidade a participar\u201d, enfatizou ele. De acordo com o reitor, a UFPA tem se colocado \u00e0 disposi\u00e7\u00e3o da ci\u00eancia brasileira e esse movimento criado em 2025 se destina a mobilizar cientistas e pesquisadores amaz\u00f4nidas para al\u00e9m da COP. \u201cReconhecemos a import\u00e2ncia da fase pr\u00e9-COP e a pr\u00f3pria realiza\u00e7\u00e3o do evento em novembro, mas o mais relevante ser\u00e1 o legado, aquilo que vai ficar ap\u00f3s a Confer\u00eancia\u201d, sublinha.<\/p>\n\n\n\n<figure class=\"wp-block-image size-large\"><img decoding=\"async\" width=\"1024\" height=\"683\" src=\"https:\/\/portalfadesp.org.br\/wp-content\/uploads\/2025\/05\/C014024-1024x683.jpg\" alt=\"\" class=\"wp-image-49090\" srcset=\"https:\/\/portalfadesp.org.br\/wp-content\/uploads\/2025\/05\/C014024-1024x683.jpg 1024w, https:\/\/portalfadesp.org.br\/wp-content\/uploads\/2025\/05\/C014024-300x200.jpg 300w, https:\/\/portalfadesp.org.br\/wp-content\/uploads\/2025\/05\/C014024-768x512.jpg 768w, https:\/\/portalfadesp.org.br\/wp-content\/uploads\/2025\/05\/C014024-1536x1024.jpg 1536w, https:\/\/portalfadesp.org.br\/wp-content\/uploads\/2025\/05\/C014024-2048x1365.jpg 2048w\" sizes=\"(max-width: 1024px) 100vw, 1024px\" \/><figcaption class=\"wp-element-caption\"> Reitor da UFPA, Prof. Dr. Gilmar Pereira da Silva.<\/figcaption><\/figure>\n\n\n\n<div style=\"height:44px\" aria-hidden=\"true\" class=\"wp-block-spacer\"><\/div>\n\n\n\n<p>A procuradora federal, chefe da Procuradoria Federal da UFPA, Fernanda Monte Santo, ressaltou que a iniciativa \u00e9 essencial ao debate e implementa\u00e7\u00e3o da lei. \u201cEste encontro \u00e9 muito mais que uma agenda t\u00e9cnica, \u00e9 uma oportunidade concreta para refletirmos sobre os avan\u00e7os, os entraves e principalmente as possibilidades abertas pelo Marco Legal da Ci\u00eancia Tecnologia e Inova\u00e7\u00e3o, uma legisla\u00e7\u00e3o que veio pra transformar, mas que exige ainda muito di\u00e1logo e entendimento para tornar-se uma realidade plena dentro das universidades e institutos de pesquisa\u201d, pontuou a procuradora. Tamb\u00e9m compuseram a mesa de abertura, a reitora da UFRA (Universidade Federal Rural da Amaz\u00f4nia), Herdjania Veras de Lima e o procurador federal e consultor federal em educa\u00e7\u00e3o, Gesiel Pena.&nbsp;<\/p>\n\n\n\n<figure class=\"wp-block-image size-large\"><img decoding=\"async\" width=\"1024\" height=\"683\" src=\"https:\/\/portalfadesp.org.br\/wp-content\/uploads\/2025\/05\/C013956-1024x683.jpg\" alt=\"\" class=\"wp-image-49091\" srcset=\"https:\/\/portalfadesp.org.br\/wp-content\/uploads\/2025\/05\/C013956-1024x683.jpg 1024w, https:\/\/portalfadesp.org.br\/wp-content\/uploads\/2025\/05\/C013956-300x200.jpg 300w, https:\/\/portalfadesp.org.br\/wp-content\/uploads\/2025\/05\/C013956-768x512.jpg 768w, https:\/\/portalfadesp.org.br\/wp-content\/uploads\/2025\/05\/C013956-1536x1024.jpg 1536w, https:\/\/portalfadesp.org.br\/wp-content\/uploads\/2025\/05\/C013956-2048x1365.jpg 2048w\" sizes=\"(max-width: 1024px) 100vw, 1024px\" \/><figcaption class=\"wp-element-caption\">Procuradora federal, chefe da Procuradoria Federal da UFPA, Fernanda Monte Santo.<\/figcaption><\/figure>\n\n\n\n<div style=\"height:45px\" aria-hidden=\"true\" class=\"wp-block-spacer\"><\/div>\n\n\n\n<p>A&nbsp; primeira palestra do Motir\u00f5 teve como tema \u201cMarco Legal de Ci\u00eancia, Tecnologia e Inova\u00e7\u00e3o: apresenta\u00e7\u00e3o, pol\u00edticas de inova\u00e7\u00e3o e fomento \u00e0s atividades de PD&amp;I na Amaz\u00f4nia\u201d, da Equipe de Ci\u00eancia, Tecnologia e Inova\u00e7\u00e3o da Procuradoria Geral Federal (PGF\/AGU). \u201cO Marco Legal \u00e9 um conjunto de normas que destacam as medidas referentes \u00e0 realiza\u00e7\u00e3o das pesquisas na \u00e1rea de ci\u00eancia e tecnologia, possibilitando a coopera\u00e7\u00e3o entre Institui\u00e7\u00f5es de ensino, de pesquisa e empresas, visando \u00e0 cria\u00e7\u00e3o e transfer\u00eancia de tecnologia. Prev\u00ea tamb\u00e9m a cria\u00e7\u00e3o de mecanismos de fomento para o financiamento de projetos, programas e pol\u00edticas de pesquisa\u201d, explica Ludmila Dias, coordenadora da Equipe. Ela ressaltou que a UFPA passou a integrar a Equipe (ECT&amp;I) da Procuradoria Geral Federal (Advocacia Geral da Uni\u00e3o), assim como o IFPA (Instituto Federal de Educa\u00e7\u00e3o, Ci\u00eancia e Tecnologia do Par\u00e1), UFOPA (Universidade Federal do Oeste do Par\u00e1), UFRA, e com expectativa de ades\u00e3o da UNIFESSPA (Universidade Federal do Sul e Sudeste do Par\u00e1). Durante a apresenta\u00e7\u00e3o, a procuradora fez o lan\u00e7amento oficial da primeira edi\u00e7\u00e3o da Pol\u00edtica de Inova\u00e7\u00e3o <a href=\"https:\/\/agenciagov.ebc.com.br\/noticias\/202505\/agu-lanca-manual-para-auxiliar-instituicoes-cientificas-tecnologicas-e-de-inovacao-icts#:~:text=O%20documento%2C%20nomeado%20ECT&amp;I%20Normas%2C%20foi%20idealizado,Tecnol%C3%B3gicas%20e%20de%20Inova%C3%A7%C3%A3o%20(ICTs)%20p%C3%BAblicas%20federais.&amp;text=O%20objetivo%20%C3%A9%20que%20cada%20uma%20busque,a%20defini%C3%A7%C3%A3o%20de%20diretrizes%20normativas%20mais%20concretas.\">\u201cECT&amp;I Normas<\/a>\u201d.<\/p>\n\n\n\n<figure class=\"wp-block-image size-large\"><img loading=\"lazy\" decoding=\"async\" width=\"1024\" height=\"683\" src=\"https:\/\/portalfadesp.org.br\/wp-content\/uploads\/2025\/05\/C014122-1024x683.jpg\" alt=\"\" class=\"wp-image-49092\" srcset=\"https:\/\/portalfadesp.org.br\/wp-content\/uploads\/2025\/05\/C014122-1024x683.jpg 1024w, https:\/\/portalfadesp.org.br\/wp-content\/uploads\/2025\/05\/C014122-300x200.jpg 300w, https:\/\/portalfadesp.org.br\/wp-content\/uploads\/2025\/05\/C014122-768x512.jpg 768w, https:\/\/portalfadesp.org.br\/wp-content\/uploads\/2025\/05\/C014122-1536x1024.jpg 1536w, https:\/\/portalfadesp.org.br\/wp-content\/uploads\/2025\/05\/C014122-2048x1365.jpg 2048w\" sizes=\"(max-width: 1024px) 100vw, 1024px\" \/><figcaption class=\"wp-element-caption\">Coordenadora da Equipe de Ci\u00eancia, Tecnologia e Inova\u00e7\u00e3o da Procuradoria Geral Federal (PGF\/AGU),  Ludmila Dias.<\/figcaption><\/figure>\n\n\n\n<div style=\"height:44px\" aria-hidden=\"true\" class=\"wp-block-spacer\"><\/div>\n\n\n\n<p>A mesa de abertura do Motir\u00f5 contou ainda com a presen\u00e7a de todos os procuradores federais da Equipe de Ci\u00eancia, Tecnologia e Inova\u00e7\u00e3o (ECT&amp;I) da Procuradoria Geral Federal (Advocacia Geral da Uni\u00e3o), que estiveram em Bel\u00e9m especialmente para o evento. O treinamento ocorre com transmiss\u00e3o ao vivo pela internet. No dia 7 de maio, a programa\u00e7\u00e3o segue em formato de reuni\u00e3o tem\u00e1tica no audit\u00f3rio do t\u00e9rreo da Reitoria da UFPA.<\/p>\n\n\n\n<figure class=\"wp-block-image size-large\"><img loading=\"lazy\" decoding=\"async\" width=\"1024\" height=\"683\" src=\"https:\/\/portalfadesp.org.br\/wp-content\/uploads\/2025\/05\/Lote3-42-1024x683.jpg\" alt=\"\" class=\"wp-image-49093\" srcset=\"https:\/\/portalfadesp.org.br\/wp-content\/uploads\/2025\/05\/Lote3-42-1024x683.jpg 1024w, https:\/\/portalfadesp.org.br\/wp-content\/uploads\/2025\/05\/Lote3-42-300x200.jpg 300w, https:\/\/portalfadesp.org.br\/wp-content\/uploads\/2025\/05\/Lote3-42-768x512.jpg 768w, https:\/\/portalfadesp.org.br\/wp-content\/uploads\/2025\/05\/Lote3-42-1536x1024.jpg 1536w, https:\/\/portalfadesp.org.br\/wp-content\/uploads\/2025\/05\/Lote3-42-2048x1365.jpg 2048w\" sizes=\"(max-width: 1024px) 100vw, 1024px\" \/><\/figure>\n\n\n\n<div style=\"height:45px\" aria-hidden=\"true\" class=\"wp-block-spacer\"><\/div>\n\n\n\n<p>Confira aqui a <a href=\"https:\/\/motiro.portalfadesp.org.br\/\">programa\u00e7\u00e3o completa do Motir\u00f5-FADESP.<\/a><\/p>\n\n\n\n<p>Texto: Ana Teresa Brasil &#8211; Assessoria de Comunica\u00e7\u00e3o do <a href=\"https:\/\/amazonianacop.ufpa.br\/\">Movimento Ci\u00eancia e Vozes&nbsp; da Amaz\u00f4nia na COP30<\/a><\/p>\n","protected":false},"excerpt":{"rendered":"<p>Em prepara\u00e7\u00e3o para a 30\u00aa Confer\u00eancia das Na\u00e7\u00f5es Unidas sobre Mudan\u00e7a do Clima (Confer\u00eancia das Partes-COP30), que ocorre em novembro deste ano na capital paraense, a FADESP (Funda\u00e7\u00e3o de Amparo e Desenvolvimento da Pesquisa) realiza uma programa\u00e7\u00e3o voltada ao letramento e educa\u00e7\u00e3o ecol\u00f3gica para a comunidade de Ci\u00eancia Tecnologia e Inova\u00e7\u00e3o na COP 30: o [&hellip;]<\/p>\n","protected":false},"author":12,"featured_media":49663,"comment_status":"closed","ping_status":"closed","sticky":false,"template":"","format":"standard","meta":{"_monsterinsights_skip_tracking":false,"_monsterinsights_sitenote_active":false,"_monsterinsights_sitenote_note":"","_monsterinsights_sitenote_category":0,"footnotes":""},"categories":[60,61,1],"tags":[],"class_list":["post-49088","post","type-post","status-publish","format-standard","has-post-thumbnail","hentry","category-destaque","category-destaque-concurso","category-geral","entry","has-media"],"yoast_head":"<!-- This site is optimized with the Yoast SEO plugin v25.1 - https:\/\/yoast.com\/wordpress\/plugins\/seo\/ -->\n<title>FADESP realiza programa\u00e7\u00e3o de letramento e educa\u00e7\u00e3o ecol\u00f3gica para a comunidade CT&amp;I na COP 30 - FADESP<\/title>\n<meta name=\"robots\" content=\"index, follow, max-snippet:-1, max-image-preview:large, max-video-preview:-1\" \/>\n<link rel=\"canonical\" href=\"https:\/\/portalfadesp.org.br\/?p=49088\" \/>\n<meta property=\"og:locale\" content=\"pt_BR\" \/>\n<meta property=\"og:type\" content=\"article\" \/>\n<meta property=\"og:title\" content=\"FADESP realiza programa\u00e7\u00e3o de letramento e educa\u00e7\u00e3o ecol\u00f3gica para a comunidade CT&amp;I na COP 30 - FADESP\" \/>\n<meta property=\"og:description\" content=\"Em prepara\u00e7\u00e3o para a 30\u00aa Confer\u00eancia das Na\u00e7\u00f5es Unidas sobre Mudan\u00e7a do Clima (Confer\u00eancia das Partes-COP30), que ocorre em novembro deste ano na capital paraense, a FADESP (Funda\u00e7\u00e3o de Amparo e Desenvolvimento da Pesquisa) realiza uma programa\u00e7\u00e3o voltada ao letramento e educa\u00e7\u00e3o ecol\u00f3gica para a comunidade de Ci\u00eancia Tecnologia e Inova\u00e7\u00e3o na COP 30: o [&hellip;]\" \/>\n<meta property=\"og:url\" content=\"https:\/\/portalfadesp.org.br\/?p=49088\" \/>\n<meta property=\"og:site_name\" content=\"FADESP\" \/>\n<meta property=\"article:publisher\" content=\"https:\/\/www.facebook.com\/Fadesp-138351949524662\/\" \/>\n<meta property=\"article:published_time\" content=\"2025-05-07T13:14:39+00:00\" \/>\n<meta property=\"article:modified_time\" content=\"2025-06-02T17:31:47+00:00\" \/>\n<meta property=\"og:image\" content=\"https:\/\/portalfadesp.org.br\/wp-content\/uploads\/2025\/05\/WhatsApp-Image-2025-06-02-at-14.14.31.jpeg\" \/>\n\t<meta property=\"og:image:width\" content=\"290\" \/>\n\t<meta property=\"og:image:height\" content=\"460\" \/>\n\t<meta property=\"og:image:type\" content=\"image\/jpeg\" \/>\n<meta name=\"author\" content=\"Brena Marques\" \/>\n<meta name=\"twitter:card\" content=\"summary_large_image\" \/>\n<meta name=\"twitter:creator\" content=\"@Fadesp\" \/>\n<meta name=\"twitter:site\" content=\"@Fadesp\" \/>\n<meta name=\"twitter:label1\" content=\"Escrito por\" \/>\n\t<meta name=\"twitter:data1\" content=\"Brena Marques\" \/>\n\t<meta name=\"twitter:label2\" content=\"Est. tempo de leitura\" \/>\n\t<meta name=\"twitter:data2\" content=\"6 minutos\" \/>\n<script type=\"application\/ld+json\" class=\"yoast-schema-graph\">{\"@context\":\"https:\/\/schema.org\",\"@graph\":[{\"@type\":\"Article\",\"@id\":\"https:\/\/portalfadesp.org.br\/?p=49088#article\",\"isPartOf\":{\"@id\":\"https:\/\/portalfadesp.org.br\/?p=49088\"},\"author\":{\"name\":\"Brena Marques\",\"@id\":\"https:\/\/portalfadesp.org.br\/#\/schema\/person\/31709c4c8ec92d6bbdd2c1da60cf8d66\"},\"headline\":\"FADESP realiza programa\u00e7\u00e3o de letramento e educa\u00e7\u00e3o ecol\u00f3gica para a comunidade CT&amp;I na COP 30\",\"datePublished\":\"2025-05-07T13:14:39+00:00\",\"dateModified\":\"2025-06-02T17:31:47+00:00\",\"mainEntityOfPage\":{\"@id\":\"https:\/\/portalfadesp.org.br\/?p=49088\"},\"wordCount\":1003,\"publisher\":{\"@id\":\"https:\/\/portalfadesp.org.br\/#organization\"},\"image\":{\"@id\":\"https:\/\/portalfadesp.org.br\/?p=49088#primaryimage\"},\"thumbnailUrl\":\"https:\/\/portalfadesp.org.br\/wp-content\/uploads\/2025\/05\/WhatsApp-Image-2025-06-02-at-14.14.31.jpeg\",\"articleSection\":[\"Destaque\",\"Destaque Concurso\",\"Geral\"],\"inLanguage\":\"pt-BR\"},{\"@type\":\"WebPage\",\"@id\":\"https:\/\/portalfadesp.org.br\/?p=49088\",\"url\":\"https:\/\/portalfadesp.org.br\/?p=49088\",\"name\":\"FADESP realiza programa\u00e7\u00e3o de letramento e educa\u00e7\u00e3o ecol\u00f3gica para a comunidade CT&amp;I na COP 30 - FADESP\",\"isPartOf\":{\"@id\":\"https:\/\/portalfadesp.org.br\/#website\"},\"primaryImageOfPage\":{\"@id\":\"https:\/\/portalfadesp.org.br\/?p=49088#primaryimage\"},\"image\":{\"@id\":\"https:\/\/portalfadesp.org.br\/?p=49088#primaryimage\"},\"thumbnailUrl\":\"https:\/\/portalfadesp.org.br\/wp-content\/uploads\/2025\/05\/WhatsApp-Image-2025-06-02-at-14.14.31.jpeg\",\"datePublished\":\"2025-05-07T13:14:39+00:00\",\"dateModified\":\"2025-06-02T17:31:47+00:00\",\"breadcrumb\":{\"@id\":\"https:\/\/portalfadesp.org.br\/?p=49088#breadcrumb\"},\"inLanguage\":\"pt-BR\",\"potentialAction\":[{\"@type\":\"ReadAction\",\"target\":[\"https:\/\/portalfadesp.org.br\/?p=49088\"]}]},{\"@type\":\"ImageObject\",\"inLanguage\":\"pt-BR\",\"@id\":\"https:\/\/portalfadesp.org.br\/?p=49088#primaryimage\",\"url\":\"https:\/\/portalfadesp.org.br\/wp-content\/uploads\/2025\/05\/WhatsApp-Image-2025-06-02-at-14.14.31.jpeg\",\"contentUrl\":\"https:\/\/portalfadesp.org.br\/wp-content\/uploads\/2025\/05\/WhatsApp-Image-2025-06-02-at-14.14.31.jpeg\",\"width\":290,\"height\":460},{\"@type\":\"BreadcrumbList\",\"@id\":\"https:\/\/portalfadesp.org.br\/?p=49088#breadcrumb\",\"itemListElement\":[{\"@type\":\"ListItem\",\"position\":1,\"name\":\"In\u00edcio\",\"item\":\"https:\/\/portalfadesp.org.br\/\"},{\"@type\":\"ListItem\",\"position\":2,\"name\":\"FADESP realiza programa\u00e7\u00e3o de letramento e educa\u00e7\u00e3o ecol\u00f3gica para a comunidade CT&amp;I na COP 30\"}]},{\"@type\":\"WebSite\",\"@id\":\"https:\/\/portalfadesp.org.br\/#website\",\"url\":\"https:\/\/portalfadesp.org.br\/\",\"name\":\"FADESP\",\"description\":\"Funda\u00e7\u00e3o de Amparo e Desenvolvimento da Pesquisa\",\"publisher\":{\"@id\":\"https:\/\/portalfadesp.org.br\/#organization\"},\"potentialAction\":[{\"@type\":\"SearchAction\",\"target\":{\"@type\":\"EntryPoint\",\"urlTemplate\":\"https:\/\/portalfadesp.org.br\/?s={search_term_string}\"},\"query-input\":{\"@type\":\"PropertyValueSpecification\",\"valueRequired\":true,\"valueName\":\"search_term_string\"}}],\"inLanguage\":\"pt-BR\"},{\"@type\":\"Organization\",\"@id\":\"https:\/\/portalfadesp.org.br\/#organization\",\"name\":\"FADESP\",\"url\":\"https:\/\/portalfadesp.org.br\/\",\"logo\":{\"@type\":\"ImageObject\",\"inLanguage\":\"pt-BR\",\"@id\":\"https:\/\/portalfadesp.org.br\/#\/schema\/logo\/image\/\",\"url\":\"https:\/\/portalfadesp.org.br\/wp-content\/uploads\/2024\/01\/NOVOLOGOFADESPlaranjaH.png\",\"contentUrl\":\"https:\/\/portalfadesp.org.br\/wp-content\/uploads\/2024\/01\/NOVOLOGOFADESPlaranjaH.png\",\"width\":2742,\"height\":839,\"caption\":\"FADESP\"},\"image\":{\"@id\":\"https:\/\/portalfadesp.org.br\/#\/schema\/logo\/image\/\"},\"sameAs\":[\"https:\/\/www.facebook.com\/Fadesp-138351949524662\/\",\"https:\/\/x.com\/Fadesp\",\"https:\/\/www.instagram.com\/fadesp_ufpa\/\",\"https:\/\/www.youtube.com\/@fundacaodeamparoedesenvolv1903\",\"https:\/\/www.threads.net\/@fadesp_ufpa\"]},{\"@type\":\"Person\",\"@id\":\"https:\/\/portalfadesp.org.br\/#\/schema\/person\/31709c4c8ec92d6bbdd2c1da60cf8d66\",\"name\":\"Brena Marques\",\"image\":{\"@type\":\"ImageObject\",\"inLanguage\":\"pt-BR\",\"@id\":\"https:\/\/portalfadesp.org.br\/#\/schema\/person\/image\/\",\"url\":\"https:\/\/secure.gravatar.com\/avatar\/d8709cd0de324fbec018b6878350216726d26c3436f44ebee8f3db75e29728f3?s=96&d=mm&r=g\",\"contentUrl\":\"https:\/\/secure.gravatar.com\/avatar\/d8709cd0de324fbec018b6878350216726d26c3436f44ebee8f3db75e29728f3?s=96&d=mm&r=g\",\"caption\":\"Brena Marques\"},\"url\":\"https:\/\/portalfadesp.org.br\/?author=12\"}]}<\/script>\n<!-- \/ Yoast SEO plugin. -->","yoast_head_json":{"title":"FADESP realiza programa\u00e7\u00e3o de letramento e educa\u00e7\u00e3o ecol\u00f3gica para a comunidade CT&amp;I na COP 30 - FADESP","robots":{"index":"index","follow":"follow","max-snippet":"max-snippet:-1","max-image-preview":"max-image-preview:large","max-video-preview":"max-video-preview:-1"},"canonical":"https:\/\/portalfadesp.org.br\/?p=49088","og_locale":"pt_BR","og_type":"article","og_title":"FADESP realiza programa\u00e7\u00e3o de letramento e educa\u00e7\u00e3o ecol\u00f3gica para a comunidade CT&amp;I na COP 30 - FADESP","og_description":"Em prepara\u00e7\u00e3o para a 30\u00aa Confer\u00eancia das Na\u00e7\u00f5es Unidas sobre Mudan\u00e7a do Clima (Confer\u00eancia das Partes-COP30), que ocorre em novembro deste ano na capital paraense, a FADESP (Funda\u00e7\u00e3o de Amparo e Desenvolvimento da Pesquisa) realiza uma programa\u00e7\u00e3o voltada ao letramento e educa\u00e7\u00e3o ecol\u00f3gica para a comunidade de Ci\u00eancia Tecnologia e Inova\u00e7\u00e3o na COP 30: o [&hellip;]","og_url":"https:\/\/portalfadesp.org.br\/?p=49088","og_site_name":"FADESP","article_publisher":"https:\/\/www.facebook.com\/Fadesp-138351949524662\/","article_published_time":"2025-05-07T13:14:39+00:00","article_modified_time":"2025-06-02T17:31:47+00:00","og_image":[{"width":290,"height":460,"url":"https:\/\/portalfadesp.org.br\/wp-content\/uploads\/2025\/05\/WhatsApp-Image-2025-06-02-at-14.14.31.jpeg","type":"image\/jpeg"}],"author":"Brena Marques","twitter_card":"summary_large_image","twitter_creator":"@Fadesp","twitter_site":"@Fadesp","twitter_misc":{"Escrito por":"Brena Marques","Est. tempo de leitura":"6 minutos"},"schema":{"@context":"https:\/\/schema.org","@graph":[{"@type":"Article","@id":"https:\/\/portalfadesp.org.br\/?p=49088#article","isPartOf":{"@id":"https:\/\/portalfadesp.org.br\/?p=49088"},"author":{"name":"Brena Marques","@id":"https:\/\/portalfadesp.org.br\/#\/schema\/person\/31709c4c8ec92d6bbdd2c1da60cf8d66"},"headline":"FADESP realiza programa\u00e7\u00e3o de letramento e educa\u00e7\u00e3o ecol\u00f3gica para a comunidade CT&amp;I na COP 30","datePublished":"2025-05-07T13:14:39+00:00","dateModified":"2025-06-02T17:31:47+00:00","mainEntityOfPage":{"@id":"https:\/\/portalfadesp.org.br\/?p=49088"},"wordCount":1003,"publisher":{"@id":"https:\/\/portalfadesp.org.br\/#organization"},"image":{"@id":"https:\/\/portalfadesp.org.br\/?p=49088#primaryimage"},"thumbnailUrl":"https:\/\/portalfadesp.org.br\/wp-content\/uploads\/2025\/05\/WhatsApp-Image-2025-06-02-at-14.14.31.jpeg","articleSection":["Destaque","Destaque Concurso","Geral"],"inLanguage":"pt-BR"},{"@type":"WebPage","@id":"https:\/\/portalfadesp.org.br\/?p=49088","url":"https:\/\/portalfadesp.org.br\/?p=49088","name":"FADESP realiza programa\u00e7\u00e3o de letramento e educa\u00e7\u00e3o ecol\u00f3gica para a comunidade CT&amp;I na COP 30 - FADESP","isPartOf":{"@id":"https:\/\/portalfadesp.org.br\/#website"},"primaryImageOfPage":{"@id":"https:\/\/portalfadesp.org.br\/?p=49088#primaryimage"},"image":{"@id":"https:\/\/portalfadesp.org.br\/?p=49088#primaryimage"},"thumbnailUrl":"https:\/\/portalfadesp.org.br\/wp-content\/uploads\/2025\/05\/WhatsApp-Image-2025-06-02-at-14.14.31.jpeg","datePublished":"2025-05-07T13:14:39+00:00","dateModified":"2025-06-02T17:31:47+00:00","breadcrumb":{"@id":"https:\/\/portalfadesp.org.br\/?p=49088#breadcrumb"},"inLanguage":"pt-BR","potentialAction":[{"@type":"ReadAction","target":["https:\/\/portalfadesp.org.br\/?p=49088"]}]},{"@type":"ImageObject","inLanguage":"pt-BR","@id":"https:\/\/portalfadesp.org.br\/?p=49088#primaryimage","url":"https:\/\/portalfadesp.org.br\/wp-content\/uploads\/2025\/05\/WhatsApp-Image-2025-06-02-at-14.14.31.jpeg","contentUrl":"https:\/\/portalfadesp.org.br\/wp-content\/uploads\/2025\/05\/WhatsApp-Image-2025-06-02-at-14.14.31.jpeg","width":290,"height":460},{"@type":"BreadcrumbList","@id":"https:\/\/portalfadesp.org.br\/?p=49088#breadcrumb","itemListElement":[{"@type":"ListItem","position":1,"name":"In\u00edcio","item":"https:\/\/portalfadesp.org.br\/"},{"@type":"ListItem","position":2,"name":"FADESP realiza programa\u00e7\u00e3o de letramento e educa\u00e7\u00e3o ecol\u00f3gica para a comunidade CT&amp;I na COP 30"}]},{"@type":"WebSite","@id":"https:\/\/portalfadesp.org.br\/#website","url":"https:\/\/portalfadesp.org.br\/","name":"FADESP","description":"Funda\u00e7\u00e3o de Amparo e Desenvolvimento da Pesquisa","publisher":{"@id":"https:\/\/portalfadesp.org.br\/#organization"},"potentialAction":[{"@type":"SearchAction","target":{"@type":"EntryPoint","urlTemplate":"https:\/\/portalfadesp.org.br\/?s={search_term_string}"},"query-input":{"@type":"PropertyValueSpecification","valueRequired":true,"valueName":"search_term_string"}}],"inLanguage":"pt-BR"},{"@type":"Organization","@id":"https:\/\/portalfadesp.org.br\/#organization","name":"FADESP","url":"https:\/\/portalfadesp.org.br\/","logo":{"@type":"ImageObject","inLanguage":"pt-BR","@id":"https:\/\/portalfadesp.org.br\/#\/schema\/logo\/image\/","url":"https:\/\/portalfadesp.org.br\/wp-content\/uploads\/2024\/01\/NOVOLOGOFADESPlaranjaH.png","contentUrl":"https:\/\/portalfadesp.org.br\/wp-content\/uploads\/2024\/01\/NOVOLOGOFADESPlaranjaH.png","width":2742,"height":839,"caption":"FADESP"},"image":{"@id":"https:\/\/portalfadesp.org.br\/#\/schema\/logo\/image\/"},"sameAs":["https:\/\/www.facebook.com\/Fadesp-138351949524662\/","https:\/\/x.com\/Fadesp","https:\/\/www.instagram.com\/fadesp_ufpa\/","https:\/\/www.youtube.com\/@fundacaodeamparoedesenvolv1903","https:\/\/www.threads.net\/@fadesp_ufpa"]},{"@type":"Person","@id":"https:\/\/portalfadesp.org.br\/#\/schema\/person\/31709c4c8ec92d6bbdd2c1da60cf8d66","name":"Brena Marques","image":{"@type":"ImageObject","inLanguage":"pt-BR","@id":"https:\/\/portalfadesp.org.br\/#\/schema\/person\/image\/","url":"https:\/\/secure.gravatar.com\/avatar\/d8709cd0de324fbec018b6878350216726d26c3436f44ebee8f3db75e29728f3?s=96&d=mm&r=g","contentUrl":"https:\/\/secure.gravatar.com\/avatar\/d8709cd0de324fbec018b6878350216726d26c3436f44ebee8f3db75e29728f3?s=96&d=mm&r=g","caption":"Brena Marques"},"url":"https:\/\/portalfadesp.org.br\/?author=12"}]}},"_links":{"self":[{"href":"https:\/\/portalfadesp.org.br\/index.php?rest_route=\/wp\/v2\/posts\/49088","targetHints":{"allow":["GET"]}}],"collection":[{"href":"https:\/\/portalfadesp.org.br\/index.php?rest_route=\/wp\/v2\/posts"}],"about":[{"href":"https:\/\/portalfadesp.org.br\/index.php?rest_route=\/wp\/v2\/types\/post"}],"author":[{"embeddable":true,"href":"https:\/\/portalfadesp.org.br\/index.php?rest_route=\/wp\/v2\/users\/12"}],"replies":[{"embeddable":true,"href":"https:\/\/portalfadesp.org.br\/index.php?rest_route=%2Fwp%2Fv2%2Fcomments&post=49088"}],"version-history":[{"count":1,"href":"https:\/\/portalfadesp.org.br\/index.php?rest_route=\/wp\/v2\/posts\/49088\/revisions"}],"predecessor-version":[{"id":49094,"href":"https:\/\/portalfadesp.org.br\/index.php?rest_route=\/wp\/v2\/posts\/49088\/revisions\/49094"}],"wp:featuredmedia":[{"embeddable":true,"href":"https:\/\/portalfadesp.org.br\/index.php?rest_route=\/wp\/v2\/media\/49663"}],"wp:attachment":[{"href":"https:\/\/portalfadesp.org.br\/index.php?rest_route=%2Fwp%2Fv2%2Fmedia&parent=49088"}],"wp:term":[{"taxonomy":"category","embeddable":true,"href":"https:\/\/portalfadesp.org.br\/index.php?rest_route=%2Fwp%2Fv2%2Fcategories&post=49088"},{"taxonomy":"post_tag","embeddable":true,"href":"https:\/\/portalfadesp.org.br\/index.php?rest_route=%2Fwp%2Fv2%2Ftags&post=49088"}],"curies":[{"name":"wp","href":"https:\/\/api.w.org\/{rel}","templated":true}]}}