{"id":48989,"date":"2025-04-23T10:42:16","date_gmt":"2025-04-23T13:42:16","guid":{"rendered":"https:\/\/portalfadesp.org.br\/?p=48989"},"modified":"2025-04-23T10:42:24","modified_gmt":"2025-04-23T13:42:24","slug":"resultado-preliminar-das-provas-objetivas-do-concurso-publico-da-universidade-federal-do-sul-e-sudeste-do-para-tae-unifesspa-edital-n-001-2025","status":"publish","type":"post","link":"https:\/\/portalfadesp.org.br\/?p=48989","title":{"rendered":"RESULTADO PRELIMINAR DAS PROVAS OBJETIVAS DO CONCURSO P\u00daBLICO DA UNIVERSIDADE FEDERAL DO SUL E SUDESTE DO PAR\u00c1 &#8211; TAE\/UNIFESSPA (EDITAL N\u00b0 001\/2025)"},"content":{"rendered":"\n<p>J\u00e1 conferiu seu resultado?<br>Se for entrar com recurso, aten\u00e7\u00e3o: o prazo para entrar com recurso finda \u00e0s 17h do dia 25\/04.<br>Mais informa\u00e7\u00f5es,<strong><a href=\"https:\/\/portalfadesp.org.br\/?page_id=47988\"> clique aqui.<\/a><\/strong><\/p>\n\n\n\n<p><\/p>\n","protected":false},"excerpt":{"rendered":"<p>J\u00e1 conferiu seu resultado?Se for entrar com recurso, aten\u00e7\u00e3o: o prazo para entrar com recurso finda \u00e0s 17h do dia 25\/04.Mais informa\u00e7\u00f5es, clique aqui.<\/p>\n","protected":false},"author":12,"featured_media":48990,"comment_status":"closed","ping_status":"closed","sticky":false,"template":"","format":"standard","meta":{"_monsterinsights_skip_tracking":false,"_monsterinsights_sitenote_active":false,"_monsterinsights_sitenote_note":"","_monsterinsights_sitenote_category":0,"footnotes":""},"categories":[60,61],"tags":[],"class_list":["post-48989","post","type-post","status-publish","format-standard","has-post-thumbnail","hentry","category-destaque","category-destaque-concurso","entry","has-media"],"yoast_head":"<!-- This site is optimized with the Yoast SEO plugin v25.1 - https:\/\/yoast.com\/wordpress\/plugins\/seo\/ -->\n<title>RESULTADO PRELIMINAR DAS PROVAS OBJETIVAS DO CONCURSO P\u00daBLICO DA UNIVERSIDADE FEDERAL DO SUL E SUDESTE DO PAR\u00c1 - TAE\/UNIFESSPA (EDITAL N\u00b0 001\/2025) - FADESP<\/title>\n<meta name=\"robots\" content=\"index, follow, max-snippet:-1, max-image-preview:large, max-video-preview:-1\" \/>\n<link rel=\"canonical\" href=\"https:\/\/portalfadesp.org.br\/?p=48989\" \/>\n<meta property=\"og:locale\" content=\"pt_BR\" \/>\n<meta property=\"og:type\" content=\"article\" \/>\n<meta property=\"og:title\" content=\"RESULTADO PRELIMINAR DAS PROVAS OBJETIVAS DO CONCURSO P\u00daBLICO DA UNIVERSIDADE FEDERAL DO SUL E SUDESTE DO PAR\u00c1 - TAE\/UNIFESSPA (EDITAL N\u00b0 001\/2025) - FADESP\" \/>\n<meta property=\"og:description\" content=\"J\u00e1 conferiu seu resultado?Se for entrar com recurso, aten\u00e7\u00e3o: o prazo para entrar com recurso finda \u00e0s 17h do dia 25\/04.Mais informa\u00e7\u00f5es, clique aqui.\" \/>\n<meta property=\"og:url\" content=\"https:\/\/portalfadesp.org.br\/?p=48989\" \/>\n<meta property=\"og:site_name\" content=\"FADESP\" \/>\n<meta property=\"article:publisher\" content=\"https:\/\/www.facebook.com\/Fadesp-138351949524662\/\" \/>\n<meta property=\"article:published_time\" content=\"2025-04-23T13:42:16+00:00\" \/>\n<meta property=\"article:modified_time\" content=\"2025-04-23T13:42:24+00:00\" \/>\n<meta property=\"og:image\" content=\"https:\/\/portalfadesp.org.br\/wp-content\/uploads\/2025\/04\/WhatsApp-Image-2025-04-22-at-10.12.00.jpeg\" \/>\n\t<meta property=\"og:image:width\" content=\"1600\" \/>\n\t<meta property=\"og:image:height\" content=\"475\" \/>\n\t<meta property=\"og:image:type\" content=\"image\/jpeg\" \/>\n<meta name=\"author\" content=\"Brena Marques\" \/>\n<meta name=\"twitter:card\" content=\"summary_large_image\" \/>\n<meta name=\"twitter:creator\" content=\"@Fadesp\" \/>\n<meta name=\"twitter:site\" content=\"@Fadesp\" \/>\n<meta name=\"twitter:label1\" content=\"Escrito por\" \/>\n\t<meta name=\"twitter:data1\" content=\"Brena Marques\" \/>\n\t<meta name=\"twitter:label2\" content=\"Est. tempo de leitura\" \/>\n\t<meta name=\"twitter:data2\" content=\"1 minuto\" \/>\n<script type=\"application\/ld+json\" class=\"yoast-schema-graph\">{\"@context\":\"https:\/\/schema.org\",\"@graph\":[{\"@type\":\"Article\",\"@id\":\"https:\/\/portalfadesp.org.br\/?p=48989#article\",\"isPartOf\":{\"@id\":\"https:\/\/portalfadesp.org.br\/?p=48989\"},\"author\":{\"name\":\"Brena Marques\",\"@id\":\"https:\/\/portalfadesp.org.br\/#\/schema\/person\/31709c4c8ec92d6bbdd2c1da60cf8d66\"},\"headline\":\"RESULTADO PRELIMINAR DAS PROVAS OBJETIVAS DO CONCURSO P\u00daBLICO DA UNIVERSIDADE FEDERAL DO SUL E SUDESTE DO PAR\u00c1 &#8211; TAE\/UNIFESSPA (EDITAL N\u00b0 001\/2025)\",\"datePublished\":\"2025-04-23T13:42:16+00:00\",\"dateModified\":\"2025-04-23T13:42:24+00:00\",\"mainEntityOfPage\":{\"@id\":\"https:\/\/portalfadesp.org.br\/?p=48989\"},\"wordCount\":50,\"publisher\":{\"@id\":\"https:\/\/portalfadesp.org.br\/#organization\"},\"image\":{\"@id\":\"https:\/\/portalfadesp.org.br\/?p=48989#primaryimage\"},\"thumbnailUrl\":\"https:\/\/portalfadesp.org.br\/wp-content\/uploads\/2025\/04\/WhatsApp-Image-2025-04-22-at-10.12.00.jpeg\",\"articleSection\":[\"Destaque\",\"Destaque Concurso\"],\"inLanguage\":\"pt-BR\"},{\"@type\":\"WebPage\",\"@id\":\"https:\/\/portalfadesp.org.br\/?p=48989\",\"url\":\"https:\/\/portalfadesp.org.br\/?p=48989\",\"name\":\"RESULTADO PRELIMINAR DAS PROVAS OBJETIVAS DO CONCURSO P\u00daBLICO DA UNIVERSIDADE FEDERAL DO SUL E SUDESTE DO PAR\u00c1 - TAE\/UNIFESSPA (EDITAL N\u00b0 001\/2025) - FADESP\",\"isPartOf\":{\"@id\":\"https:\/\/portalfadesp.org.br\/#website\"},\"primaryImageOfPage\":{\"@id\":\"https:\/\/portalfadesp.org.br\/?p=48989#primaryimage\"},\"image\":{\"@id\":\"https:\/\/portalfadesp.org.br\/?p=48989#primaryimage\"},\"thumbnailUrl\":\"https:\/\/portalfadesp.org.br\/wp-content\/uploads\/2025\/04\/WhatsApp-Image-2025-04-22-at-10.12.00.jpeg\",\"datePublished\":\"2025-04-23T13:42:16+00:00\",\"dateModified\":\"2025-04-23T13:42:24+00:00\",\"breadcrumb\":{\"@id\":\"https:\/\/portalfadesp.org.br\/?p=48989#breadcrumb\"},\"inLanguage\":\"pt-BR\",\"potentialAction\":[{\"@type\":\"ReadAction\",\"target\":[\"https:\/\/portalfadesp.org.br\/?p=48989\"]}]},{\"@type\":\"ImageObject\",\"inLanguage\":\"pt-BR\",\"@id\":\"https:\/\/portalfadesp.org.br\/?p=48989#primaryimage\",\"url\":\"https:\/\/portalfadesp.org.br\/wp-content\/uploads\/2025\/04\/WhatsApp-Image-2025-04-22-at-10.12.00.jpeg\",\"contentUrl\":\"https:\/\/portalfadesp.org.br\/wp-content\/uploads\/2025\/04\/WhatsApp-Image-2025-04-22-at-10.12.00.jpeg\",\"width\":1600,\"height\":475},{\"@type\":\"BreadcrumbList\",\"@id\":\"https:\/\/portalfadesp.org.br\/?p=48989#breadcrumb\",\"itemListElement\":[{\"@type\":\"ListItem\",\"position\":1,\"name\":\"In\u00edcio\",\"item\":\"https:\/\/portalfadesp.org.br\/\"},{\"@type\":\"ListItem\",\"position\":2,\"name\":\"RESULTADO PRELIMINAR DAS PROVAS OBJETIVAS DO CONCURSO P\u00daBLICO DA UNIVERSIDADE FEDERAL DO SUL E SUDESTE DO PAR\u00c1 &#8211; TAE\/UNIFESSPA (EDITAL N\u00b0 001\/2025)\"}]},{\"@type\":\"WebSite\",\"@id\":\"https:\/\/portalfadesp.org.br\/#website\",\"url\":\"https:\/\/portalfadesp.org.br\/\",\"name\":\"FADESP\",\"description\":\"Funda\u00e7\u00e3o de Amparo e Desenvolvimento da Pesquisa\",\"publisher\":{\"@id\":\"https:\/\/portalfadesp.org.br\/#organization\"},\"potentialAction\":[{\"@type\":\"SearchAction\",\"target\":{\"@type\":\"EntryPoint\",\"urlTemplate\":\"https:\/\/portalfadesp.org.br\/?s={search_term_string}\"},\"query-input\":{\"@type\":\"PropertyValueSpecification\",\"valueRequired\":true,\"valueName\":\"search_term_string\"}}],\"inLanguage\":\"pt-BR\"},{\"@type\":\"Organization\",\"@id\":\"https:\/\/portalfadesp.org.br\/#organization\",\"name\":\"FADESP\",\"url\":\"https:\/\/portalfadesp.org.br\/\",\"logo\":{\"@type\":\"ImageObject\",\"inLanguage\":\"pt-BR\",\"@id\":\"https:\/\/portalfadesp.org.br\/#\/schema\/logo\/image\/\",\"url\":\"https:\/\/portalfadesp.org.br\/wp-content\/uploads\/2024\/01\/NOVOLOGOFADESPlaranjaH.png\",\"contentUrl\":\"https:\/\/portalfadesp.org.br\/wp-content\/uploads\/2024\/01\/NOVOLOGOFADESPlaranjaH.png\",\"width\":2742,\"height\":839,\"caption\":\"FADESP\"},\"image\":{\"@id\":\"https:\/\/portalfadesp.org.br\/#\/schema\/logo\/image\/\"},\"sameAs\":[\"https:\/\/www.facebook.com\/Fadesp-138351949524662\/\",\"https:\/\/x.com\/Fadesp\",\"https:\/\/www.instagram.com\/fadesp_ufpa\/\",\"https:\/\/www.youtube.com\/@fundacaodeamparoedesenvolv1903\",\"https:\/\/www.threads.net\/@fadesp_ufpa\"]},{\"@type\":\"Person\",\"@id\":\"https:\/\/portalfadesp.org.br\/#\/schema\/person\/31709c4c8ec92d6bbdd2c1da60cf8d66\",\"name\":\"Brena Marques\",\"image\":{\"@type\":\"ImageObject\",\"inLanguage\":\"pt-BR\",\"@id\":\"https:\/\/portalfadesp.org.br\/#\/schema\/person\/image\/\",\"url\":\"https:\/\/secure.gravatar.com\/avatar\/d8709cd0de324fbec018b6878350216726d26c3436f44ebee8f3db75e29728f3?s=96&d=mm&r=g\",\"contentUrl\":\"https:\/\/secure.gravatar.com\/avatar\/d8709cd0de324fbec018b6878350216726d26c3436f44ebee8f3db75e29728f3?s=96&d=mm&r=g\",\"caption\":\"Brena Marques\"},\"url\":\"https:\/\/portalfadesp.org.br\/?author=12\"}]}<\/script>\n<!-- \/ Yoast SEO plugin. -->","yoast_head_json":{"title":"RESULTADO PRELIMINAR DAS PROVAS OBJETIVAS DO CONCURSO P\u00daBLICO DA UNIVERSIDADE FEDERAL DO SUL E SUDESTE DO PAR\u00c1 - TAE\/UNIFESSPA (EDITAL N\u00b0 001\/2025) - FADESP","robots":{"index":"index","follow":"follow","max-snippet":"max-snippet:-1","max-image-preview":"max-image-preview:large","max-video-preview":"max-video-preview:-1"},"canonical":"https:\/\/portalfadesp.org.br\/?p=48989","og_locale":"pt_BR","og_type":"article","og_title":"RESULTADO PRELIMINAR DAS PROVAS OBJETIVAS DO CONCURSO P\u00daBLICO DA UNIVERSIDADE FEDERAL DO SUL E SUDESTE DO PAR\u00c1 - TAE\/UNIFESSPA (EDITAL N\u00b0 001\/2025) - FADESP","og_description":"J\u00e1 conferiu seu resultado?Se for entrar com recurso, aten\u00e7\u00e3o: o prazo para entrar com recurso finda \u00e0s 17h do dia 25\/04.Mais informa\u00e7\u00f5es, clique aqui.","og_url":"https:\/\/portalfadesp.org.br\/?p=48989","og_site_name":"FADESP","article_publisher":"https:\/\/www.facebook.com\/Fadesp-138351949524662\/","article_published_time":"2025-04-23T13:42:16+00:00","article_modified_time":"2025-04-23T13:42:24+00:00","og_image":[{"width":1600,"height":475,"url":"https:\/\/portalfadesp.org.br\/wp-content\/uploads\/2025\/04\/WhatsApp-Image-2025-04-22-at-10.12.00.jpeg","type":"image\/jpeg"}],"author":"Brena Marques","twitter_card":"summary_large_image","twitter_creator":"@Fadesp","twitter_site":"@Fadesp","twitter_misc":{"Escrito por":"Brena Marques","Est. tempo de leitura":"1 minuto"},"schema":{"@context":"https:\/\/schema.org","@graph":[{"@type":"Article","@id":"https:\/\/portalfadesp.org.br\/?p=48989#article","isPartOf":{"@id":"https:\/\/portalfadesp.org.br\/?p=48989"},"author":{"name":"Brena Marques","@id":"https:\/\/portalfadesp.org.br\/#\/schema\/person\/31709c4c8ec92d6bbdd2c1da60cf8d66"},"headline":"RESULTADO PRELIMINAR DAS PROVAS OBJETIVAS DO CONCURSO P\u00daBLICO DA UNIVERSIDADE FEDERAL DO SUL E SUDESTE DO PAR\u00c1 &#8211; TAE\/UNIFESSPA (EDITAL N\u00b0 001\/2025)","datePublished":"2025-04-23T13:42:16+00:00","dateModified":"2025-04-23T13:42:24+00:00","mainEntityOfPage":{"@id":"https:\/\/portalfadesp.org.br\/?p=48989"},"wordCount":50,"publisher":{"@id":"https:\/\/portalfadesp.org.br\/#organization"},"image":{"@id":"https:\/\/portalfadesp.org.br\/?p=48989#primaryimage"},"thumbnailUrl":"https:\/\/portalfadesp.org.br\/wp-content\/uploads\/2025\/04\/WhatsApp-Image-2025-04-22-at-10.12.00.jpeg","articleSection":["Destaque","Destaque Concurso"],"inLanguage":"pt-BR"},{"@type":"WebPage","@id":"https:\/\/portalfadesp.org.br\/?p=48989","url":"https:\/\/portalfadesp.org.br\/?p=48989","name":"RESULTADO PRELIMINAR DAS PROVAS OBJETIVAS DO CONCURSO P\u00daBLICO DA UNIVERSIDADE FEDERAL DO SUL E SUDESTE DO PAR\u00c1 - TAE\/UNIFESSPA (EDITAL N\u00b0 001\/2025) - FADESP","isPartOf":{"@id":"https:\/\/portalfadesp.org.br\/#website"},"primaryImageOfPage":{"@id":"https:\/\/portalfadesp.org.br\/?p=48989#primaryimage"},"image":{"@id":"https:\/\/portalfadesp.org.br\/?p=48989#primaryimage"},"thumbnailUrl":"https:\/\/portalfadesp.org.br\/wp-content\/uploads\/2025\/04\/WhatsApp-Image-2025-04-22-at-10.12.00.jpeg","datePublished":"2025-04-23T13:42:16+00:00","dateModified":"2025-04-23T13:42:24+00:00","breadcrumb":{"@id":"https:\/\/portalfadesp.org.br\/?p=48989#breadcrumb"},"inLanguage":"pt-BR","potentialAction":[{"@type":"ReadAction","target":["https:\/\/portalfadesp.org.br\/?p=48989"]}]},{"@type":"ImageObject","inLanguage":"pt-BR","@id":"https:\/\/portalfadesp.org.br\/?p=48989#primaryimage","url":"https:\/\/portalfadesp.org.br\/wp-content\/uploads\/2025\/04\/WhatsApp-Image-2025-04-22-at-10.12.00.jpeg","contentUrl":"https:\/\/portalfadesp.org.br\/wp-content\/uploads\/2025\/04\/WhatsApp-Image-2025-04-22-at-10.12.00.jpeg","width":1600,"height":475},{"@type":"BreadcrumbList","@id":"https:\/\/portalfadesp.org.br\/?p=48989#breadcrumb","itemListElement":[{"@type":"ListItem","position":1,"name":"In\u00edcio","item":"https:\/\/portalfadesp.org.br\/"},{"@type":"ListItem","position":2,"name":"RESULTADO PRELIMINAR DAS PROVAS OBJETIVAS DO CONCURSO P\u00daBLICO DA UNIVERSIDADE FEDERAL DO SUL E SUDESTE DO PAR\u00c1 &#8211; TAE\/UNIFESSPA (EDITAL N\u00b0 001\/2025)"}]},{"@type":"WebSite","@id":"https:\/\/portalfadesp.org.br\/#website","url":"https:\/\/portalfadesp.org.br\/","name":"FADESP","description":"Funda\u00e7\u00e3o de Amparo e Desenvolvimento da Pesquisa","publisher":{"@id":"https:\/\/portalfadesp.org.br\/#organization"},"potentialAction":[{"@type":"SearchAction","target":{"@type":"EntryPoint","urlTemplate":"https:\/\/portalfadesp.org.br\/?s={search_term_string}"},"query-input":{"@type":"PropertyValueSpecification","valueRequired":true,"valueName":"search_term_string"}}],"inLanguage":"pt-BR"},{"@type":"Organization","@id":"https:\/\/portalfadesp.org.br\/#organization","name":"FADESP","url":"https:\/\/portalfadesp.org.br\/","logo":{"@type":"ImageObject","inLanguage":"pt-BR","@id":"https:\/\/portalfadesp.org.br\/#\/schema\/logo\/image\/","url":"https:\/\/portalfadesp.org.br\/wp-content\/uploads\/2024\/01\/NOVOLOGOFADESPlaranjaH.png","contentUrl":"https:\/\/portalfadesp.org.br\/wp-content\/uploads\/2024\/01\/NOVOLOGOFADESPlaranjaH.png","width":2742,"height":839,"caption":"FADESP"},"image":{"@id":"https:\/\/portalfadesp.org.br\/#\/schema\/logo\/image\/"},"sameAs":["https:\/\/www.facebook.com\/Fadesp-138351949524662\/","https:\/\/x.com\/Fadesp","https:\/\/www.instagram.com\/fadesp_ufpa\/","https:\/\/www.youtube.com\/@fundacaodeamparoedesenvolv1903","https:\/\/www.threads.net\/@fadesp_ufpa"]},{"@type":"Person","@id":"https:\/\/portalfadesp.org.br\/#\/schema\/person\/31709c4c8ec92d6bbdd2c1da60cf8d66","name":"Brena Marques","image":{"@type":"ImageObject","inLanguage":"pt-BR","@id":"https:\/\/portalfadesp.org.br\/#\/schema\/person\/image\/","url":"https:\/\/secure.gravatar.com\/avatar\/d8709cd0de324fbec018b6878350216726d26c3436f44ebee8f3db75e29728f3?s=96&d=mm&r=g","contentUrl":"https:\/\/secure.gravatar.com\/avatar\/d8709cd0de324fbec018b6878350216726d26c3436f44ebee8f3db75e29728f3?s=96&d=mm&r=g","caption":"Brena Marques"},"url":"https:\/\/portalfadesp.org.br\/?author=12"}]}},"_links":{"self":[{"href":"https:\/\/portalfadesp.org.br\/index.php?rest_route=\/wp\/v2\/posts\/48989","targetHints":{"allow":["GET"]}}],"collection":[{"href":"https:\/\/portalfadesp.org.br\/index.php?rest_route=\/wp\/v2\/posts"}],"about":[{"href":"https:\/\/portalfadesp.org.br\/index.php?rest_route=\/wp\/v2\/types\/post"}],"author":[{"embeddable":true,"href":"https:\/\/portalfadesp.org.br\/index.php?rest_route=\/wp\/v2\/users\/12"}],"replies":[{"embeddable":true,"href":"https:\/\/portalfadesp.org.br\/index.php?rest_route=%2Fwp%2Fv2%2Fcomments&post=48989"}],"version-history":[{"count":2,"href":"https:\/\/portalfadesp.org.br\/index.php?rest_route=\/wp\/v2\/posts\/48989\/revisions"}],"predecessor-version":[{"id":48992,"href":"https:\/\/portalfadesp.org.br\/index.php?rest_route=\/wp\/v2\/posts\/48989\/revisions\/48992"}],"wp:featuredmedia":[{"embeddable":true,"href":"https:\/\/portalfadesp.org.br\/index.php?rest_route=\/wp\/v2\/media\/48990"}],"wp:attachment":[{"href":"https:\/\/portalfadesp.org.br\/index.php?rest_route=%2Fwp%2Fv2%2Fmedia&parent=48989"}],"wp:term":[{"taxonomy":"category","embeddable":true,"href":"https:\/\/portalfadesp.org.br\/index.php?rest_route=%2Fwp%2Fv2%2Fcategories&post=48989"},{"taxonomy":"post_tag","embeddable":true,"href":"https:\/\/portalfadesp.org.br\/index.php?rest_route=%2Fwp%2Fv2%2Ftags&post=48989"}],"curies":[{"name":"wp","href":"https:\/\/api.w.org\/{rel}","templated":true}]}}