{"id":48931,"date":"2025-04-10T16:46:19","date_gmt":"2025-04-10T19:46:19","guid":{"rendered":"https:\/\/portalfadesp.org.br\/?p=48931"},"modified":"2025-04-10T16:46:24","modified_gmt":"2025-04-10T19:46:24","slug":"suspensao-temporaria-do-concurso-da-guarda-municipal-de-maraba-nota-oficial-fadesp","status":"publish","type":"post","link":"https:\/\/portalfadesp.org.br\/?p=48931","title":{"rendered":"Suspens\u00e3o Tempor\u00e1ria do Concurso da Guarda Municipal de Marab\u00e1 NOTA OFICIAL \u2013 FADESP"},"content":{"rendered":"\n<p class=\"has-text-align-center\"><strong>Suspens\u00e3o Tempor\u00e1ria do Concurso da Guarda Municipal de Marab\u00e1<br>NOTA OFICIAL \u2013 FADESP<\/strong><\/p>\n\n\n\n<p>A Funda\u00e7\u00e3o de Amparo e Desenvolvimento da Pesquisa \u2013 FADESP, na qualidade de institui\u00e7\u00e3o respons\u00e1vel pela organiza\u00e7\u00e3o do concurso p\u00fablico destinado ao provimento de vagas na Guarda Municipal de Marab\u00e1 (Edital n\u00ba 01\/2024), informa a suspens\u00e3o tempor\u00e1ria do andamento do certame, em estrito cumprimento \u00e0 decis\u00e3o judicial proferida pelo Tribunal de Justi\u00e7a do Estado do Par\u00e1, nos autos do Agravo de Instrumento n\u00ba 0803594-51.2025.8.14.0000.<\/p>\n\n\n\n<div style=\"height:30px\" aria-hidden=\"true\" class=\"wp-block-spacer\"><\/div>\n\n\n\n<p>Na mencionada decis\u00e3o, o Desembargador Relator determinou, em sede de tutela antecipada recursal, a suspens\u00e3o do concurso at\u00e9 o julgamento final do recurso interposto pelo Munic\u00edpio de Marab\u00e1, diante da necessidade de reavalia\u00e7\u00e3o dos crit\u00e9rios m\u00e9dicos de exclus\u00e3o de pessoas com defici\u00eancia previstos no edital, com vistas \u00e0 plena observ\u00e2ncia dos princ\u00edpios constitucionais da isonomia, acessibilidade e n\u00e3o discrimina\u00e7\u00e3o.<\/p>\n\n\n\n<div style=\"height:29px\" aria-hidden=\"true\" class=\"wp-block-spacer\"><\/div>\n\n\n\n<p>Ressalte-se, contudo, que a FADESP deu cumprimento parcial \u00e0 decis\u00e3o judicial de primeiro grau, antes da suspens\u00e3o superveniente determinada pelo Tribunal, promovendo as devidas altera\u00e7\u00f5es no edital e disponibilizando, na p\u00e1gina oficial do concurso, vers\u00e3o em Libras do conte\u00fado normativo pertinente, a fim de ampliar a acessibilidade e garantir o direito \u00e0 informa\u00e7\u00e3o \u00e0s pessoas com defici\u00eancia auditiva. O v\u00eddeo com o conte\u00fado acess\u00edvel pode ser consultado por meio de link espec\u00edfico j\u00e1 publicado no site do certame.<\/p>\n\n\n\n<div style=\"height:29px\" aria-hidden=\"true\" class=\"wp-block-spacer\"><\/div>\n\n\n\n<p>Com a nova ordem judicial, todas as etapas previstas no cronograma inicial encontram-se suspensas, inclusive o in\u00edcio das inscri\u00e7\u00f5es, que seria deflagrado em 10 de abril de 2025. Nenhuma nova data ser\u00e1 divulgada at\u00e9 que haja decis\u00e3o definitiva no \u00e2mbito judicial e autoriza\u00e7\u00e3o expressa da Prefeitura Municipal de Marab\u00e1.<\/p>\n\n\n\n<div style=\"height:31px\" aria-hidden=\"true\" class=\"wp-block-spacer\"><\/div>\n\n\n\n<p>A FADESP reafirma seu compromisso com a legalidade, a transpar\u00eancia e o respeito aos direitos fundamentais, colocando-se \u00e0 disposi\u00e7\u00e3o das autoridades competentes e da sociedade para assegurar a condu\u00e7\u00e3o de um certame justo, inclusivo e juridicamente seguro.<\/p>\n\n\n\n<div style=\"height:31px\" aria-hidden=\"true\" class=\"wp-block-spacer\"><\/div>\n\n\n\n<p><strong><em>Bel\u00e9m (PA), 10 de abril de 2025.<br>Funda\u00e7\u00e3o de Amparo e Desenvolvimento da Pesquisa \u2013 FADESP<\/em><\/strong><\/p>\n\n\n\n<p class=\"has-text-align-right\"><\/p>\n\n\n\n<p><\/p>\n","protected":false},"excerpt":{"rendered":"<p>Suspens\u00e3o Tempor\u00e1ria do Concurso da Guarda Municipal de Marab\u00e1NOTA OFICIAL \u2013 FADESP A Funda\u00e7\u00e3o de Amparo e Desenvolvimento da Pesquisa \u2013 FADESP, na qualidade de institui\u00e7\u00e3o respons\u00e1vel pela organiza\u00e7\u00e3o do concurso p\u00fablico destinado ao provimento de vagas na Guarda Municipal de Marab\u00e1 (Edital n\u00ba 01\/2024), informa a suspens\u00e3o tempor\u00e1ria do andamento do certame, em estrito [&hellip;]<\/p>\n","protected":false},"author":12,"featured_media":48933,"comment_status":"closed","ping_status":"closed","sticky":false,"template":"","format":"standard","meta":{"_monsterinsights_skip_tracking":false,"_monsterinsights_sitenote_active":false,"_monsterinsights_sitenote_note":"","_monsterinsights_sitenote_category":0,"footnotes":""},"categories":[60,61,1],"tags":[],"class_list":["post-48931","post","type-post","status-publish","format-standard","has-post-thumbnail","hentry","category-destaque","category-destaque-concurso","category-geral","entry","has-media"],"yoast_head":"<!-- This site is optimized with the Yoast SEO plugin v25.1 - https:\/\/yoast.com\/wordpress\/plugins\/seo\/ -->\n<title>Suspens\u00e3o Tempor\u00e1ria do Concurso da Guarda Municipal de Marab\u00e1 NOTA OFICIAL \u2013 FADESP - FADESP<\/title>\n<meta name=\"robots\" content=\"index, follow, max-snippet:-1, max-image-preview:large, max-video-preview:-1\" \/>\n<link rel=\"canonical\" href=\"https:\/\/portalfadesp.org.br\/?p=48931\" \/>\n<meta property=\"og:locale\" content=\"pt_BR\" \/>\n<meta property=\"og:type\" content=\"article\" \/>\n<meta property=\"og:title\" content=\"Suspens\u00e3o Tempor\u00e1ria do Concurso da Guarda Municipal de Marab\u00e1 NOTA OFICIAL \u2013 FADESP - FADESP\" \/>\n<meta property=\"og:description\" content=\"Suspens\u00e3o Tempor\u00e1ria do Concurso da Guarda Municipal de Marab\u00e1NOTA OFICIAL \u2013 FADESP A Funda\u00e7\u00e3o de Amparo e Desenvolvimento da Pesquisa \u2013 FADESP, na qualidade de institui\u00e7\u00e3o respons\u00e1vel pela organiza\u00e7\u00e3o do concurso p\u00fablico destinado ao provimento de vagas na Guarda Municipal de Marab\u00e1 (Edital n\u00ba 01\/2024), informa a suspens\u00e3o tempor\u00e1ria do andamento do certame, em estrito [&hellip;]\" \/>\n<meta property=\"og:url\" content=\"https:\/\/portalfadesp.org.br\/?p=48931\" \/>\n<meta property=\"og:site_name\" content=\"FADESP\" \/>\n<meta property=\"article:publisher\" content=\"https:\/\/www.facebook.com\/Fadesp-138351949524662\/\" \/>\n<meta property=\"article:published_time\" content=\"2025-04-10T19:46:19+00:00\" \/>\n<meta property=\"article:modified_time\" content=\"2025-04-10T19:46:24+00:00\" \/>\n<meta property=\"og:image\" content=\"https:\/\/portalfadesp.org.br\/wp-content\/uploads\/2025\/04\/WhatsApp-Image-2025-04-10-at-16.44.41.jpeg\" \/>\n\t<meta property=\"og:image:width\" content=\"1600\" \/>\n\t<meta property=\"og:image:height\" content=\"475\" \/>\n\t<meta property=\"og:image:type\" content=\"image\/jpeg\" \/>\n<meta name=\"author\" content=\"Brena Marques\" \/>\n<meta name=\"twitter:card\" content=\"summary_large_image\" \/>\n<meta name=\"twitter:creator\" content=\"@Fadesp\" \/>\n<meta name=\"twitter:site\" content=\"@Fadesp\" \/>\n<meta name=\"twitter:label1\" content=\"Escrito por\" \/>\n\t<meta name=\"twitter:data1\" content=\"Brena Marques\" \/>\n\t<meta name=\"twitter:label2\" content=\"Est. tempo de leitura\" \/>\n\t<meta name=\"twitter:data2\" content=\"2 minutos\" \/>\n<script type=\"application\/ld+json\" class=\"yoast-schema-graph\">{\"@context\":\"https:\/\/schema.org\",\"@graph\":[{\"@type\":\"Article\",\"@id\":\"https:\/\/portalfadesp.org.br\/?p=48931#article\",\"isPartOf\":{\"@id\":\"https:\/\/portalfadesp.org.br\/?p=48931\"},\"author\":{\"name\":\"Brena Marques\",\"@id\":\"https:\/\/portalfadesp.org.br\/#\/schema\/person\/31709c4c8ec92d6bbdd2c1da60cf8d66\"},\"headline\":\"Suspens\u00e3o Tempor\u00e1ria do Concurso da Guarda Municipal de Marab\u00e1 NOTA OFICIAL \u2013 FADESP\",\"datePublished\":\"2025-04-10T19:46:19+00:00\",\"dateModified\":\"2025-04-10T19:46:24+00:00\",\"mainEntityOfPage\":{\"@id\":\"https:\/\/portalfadesp.org.br\/?p=48931\"},\"wordCount\":361,\"publisher\":{\"@id\":\"https:\/\/portalfadesp.org.br\/#organization\"},\"image\":{\"@id\":\"https:\/\/portalfadesp.org.br\/?p=48931#primaryimage\"},\"thumbnailUrl\":\"https:\/\/portalfadesp.org.br\/wp-content\/uploads\/2025\/04\/WhatsApp-Image-2025-04-10-at-16.44.41.jpeg\",\"articleSection\":[\"Destaque\",\"Destaque Concurso\",\"Geral\"],\"inLanguage\":\"pt-BR\"},{\"@type\":\"WebPage\",\"@id\":\"https:\/\/portalfadesp.org.br\/?p=48931\",\"url\":\"https:\/\/portalfadesp.org.br\/?p=48931\",\"name\":\"Suspens\u00e3o Tempor\u00e1ria do Concurso da Guarda Municipal de Marab\u00e1 NOTA OFICIAL \u2013 FADESP - FADESP\",\"isPartOf\":{\"@id\":\"https:\/\/portalfadesp.org.br\/#website\"},\"primaryImageOfPage\":{\"@id\":\"https:\/\/portalfadesp.org.br\/?p=48931#primaryimage\"},\"image\":{\"@id\":\"https:\/\/portalfadesp.org.br\/?p=48931#primaryimage\"},\"thumbnailUrl\":\"https:\/\/portalfadesp.org.br\/wp-content\/uploads\/2025\/04\/WhatsApp-Image-2025-04-10-at-16.44.41.jpeg\",\"datePublished\":\"2025-04-10T19:46:19+00:00\",\"dateModified\":\"2025-04-10T19:46:24+00:00\",\"breadcrumb\":{\"@id\":\"https:\/\/portalfadesp.org.br\/?p=48931#breadcrumb\"},\"inLanguage\":\"pt-BR\",\"potentialAction\":[{\"@type\":\"ReadAction\",\"target\":[\"https:\/\/portalfadesp.org.br\/?p=48931\"]}]},{\"@type\":\"ImageObject\",\"inLanguage\":\"pt-BR\",\"@id\":\"https:\/\/portalfadesp.org.br\/?p=48931#primaryimage\",\"url\":\"https:\/\/portalfadesp.org.br\/wp-content\/uploads\/2025\/04\/WhatsApp-Image-2025-04-10-at-16.44.41.jpeg\",\"contentUrl\":\"https:\/\/portalfadesp.org.br\/wp-content\/uploads\/2025\/04\/WhatsApp-Image-2025-04-10-at-16.44.41.jpeg\",\"width\":1600,\"height\":475},{\"@type\":\"BreadcrumbList\",\"@id\":\"https:\/\/portalfadesp.org.br\/?p=48931#breadcrumb\",\"itemListElement\":[{\"@type\":\"ListItem\",\"position\":1,\"name\":\"In\u00edcio\",\"item\":\"https:\/\/portalfadesp.org.br\/\"},{\"@type\":\"ListItem\",\"position\":2,\"name\":\"Suspens\u00e3o Tempor\u00e1ria do Concurso da Guarda Municipal de Marab\u00e1 NOTA OFICIAL \u2013 FADESP\"}]},{\"@type\":\"WebSite\",\"@id\":\"https:\/\/portalfadesp.org.br\/#website\",\"url\":\"https:\/\/portalfadesp.org.br\/\",\"name\":\"FADESP\",\"description\":\"Funda\u00e7\u00e3o de Amparo e Desenvolvimento da Pesquisa\",\"publisher\":{\"@id\":\"https:\/\/portalfadesp.org.br\/#organization\"},\"potentialAction\":[{\"@type\":\"SearchAction\",\"target\":{\"@type\":\"EntryPoint\",\"urlTemplate\":\"https:\/\/portalfadesp.org.br\/?s={search_term_string}\"},\"query-input\":{\"@type\":\"PropertyValueSpecification\",\"valueRequired\":true,\"valueName\":\"search_term_string\"}}],\"inLanguage\":\"pt-BR\"},{\"@type\":\"Organization\",\"@id\":\"https:\/\/portalfadesp.org.br\/#organization\",\"name\":\"FADESP\",\"url\":\"https:\/\/portalfadesp.org.br\/\",\"logo\":{\"@type\":\"ImageObject\",\"inLanguage\":\"pt-BR\",\"@id\":\"https:\/\/portalfadesp.org.br\/#\/schema\/logo\/image\/\",\"url\":\"https:\/\/portalfadesp.org.br\/wp-content\/uploads\/2024\/01\/NOVOLOGOFADESPlaranjaH.png\",\"contentUrl\":\"https:\/\/portalfadesp.org.br\/wp-content\/uploads\/2024\/01\/NOVOLOGOFADESPlaranjaH.png\",\"width\":2742,\"height\":839,\"caption\":\"FADESP\"},\"image\":{\"@id\":\"https:\/\/portalfadesp.org.br\/#\/schema\/logo\/image\/\"},\"sameAs\":[\"https:\/\/www.facebook.com\/Fadesp-138351949524662\/\",\"https:\/\/x.com\/Fadesp\",\"https:\/\/www.instagram.com\/fadesp_ufpa\/\",\"https:\/\/www.youtube.com\/@fundacaodeamparoedesenvolv1903\",\"https:\/\/www.threads.net\/@fadesp_ufpa\"]},{\"@type\":\"Person\",\"@id\":\"https:\/\/portalfadesp.org.br\/#\/schema\/person\/31709c4c8ec92d6bbdd2c1da60cf8d66\",\"name\":\"Brena Marques\",\"image\":{\"@type\":\"ImageObject\",\"inLanguage\":\"pt-BR\",\"@id\":\"https:\/\/portalfadesp.org.br\/#\/schema\/person\/image\/\",\"url\":\"https:\/\/secure.gravatar.com\/avatar\/d8709cd0de324fbec018b6878350216726d26c3436f44ebee8f3db75e29728f3?s=96&d=mm&r=g\",\"contentUrl\":\"https:\/\/secure.gravatar.com\/avatar\/d8709cd0de324fbec018b6878350216726d26c3436f44ebee8f3db75e29728f3?s=96&d=mm&r=g\",\"caption\":\"Brena Marques\"},\"url\":\"https:\/\/portalfadesp.org.br\/?author=12\"}]}<\/script>\n<!-- \/ Yoast SEO plugin. -->","yoast_head_json":{"title":"Suspens\u00e3o Tempor\u00e1ria do Concurso da Guarda Municipal de Marab\u00e1 NOTA OFICIAL \u2013 FADESP - FADESP","robots":{"index":"index","follow":"follow","max-snippet":"max-snippet:-1","max-image-preview":"max-image-preview:large","max-video-preview":"max-video-preview:-1"},"canonical":"https:\/\/portalfadesp.org.br\/?p=48931","og_locale":"pt_BR","og_type":"article","og_title":"Suspens\u00e3o Tempor\u00e1ria do Concurso da Guarda Municipal de Marab\u00e1 NOTA OFICIAL \u2013 FADESP - FADESP","og_description":"Suspens\u00e3o Tempor\u00e1ria do Concurso da Guarda Municipal de Marab\u00e1NOTA OFICIAL \u2013 FADESP A Funda\u00e7\u00e3o de Amparo e Desenvolvimento da Pesquisa \u2013 FADESP, na qualidade de institui\u00e7\u00e3o respons\u00e1vel pela organiza\u00e7\u00e3o do concurso p\u00fablico destinado ao provimento de vagas na Guarda Municipal de Marab\u00e1 (Edital n\u00ba 01\/2024), informa a suspens\u00e3o tempor\u00e1ria do andamento do certame, em estrito [&hellip;]","og_url":"https:\/\/portalfadesp.org.br\/?p=48931","og_site_name":"FADESP","article_publisher":"https:\/\/www.facebook.com\/Fadesp-138351949524662\/","article_published_time":"2025-04-10T19:46:19+00:00","article_modified_time":"2025-04-10T19:46:24+00:00","og_image":[{"width":1600,"height":475,"url":"https:\/\/portalfadesp.org.br\/wp-content\/uploads\/2025\/04\/WhatsApp-Image-2025-04-10-at-16.44.41.jpeg","type":"image\/jpeg"}],"author":"Brena Marques","twitter_card":"summary_large_image","twitter_creator":"@Fadesp","twitter_site":"@Fadesp","twitter_misc":{"Escrito por":"Brena Marques","Est. tempo de leitura":"2 minutos"},"schema":{"@context":"https:\/\/schema.org","@graph":[{"@type":"Article","@id":"https:\/\/portalfadesp.org.br\/?p=48931#article","isPartOf":{"@id":"https:\/\/portalfadesp.org.br\/?p=48931"},"author":{"name":"Brena Marques","@id":"https:\/\/portalfadesp.org.br\/#\/schema\/person\/31709c4c8ec92d6bbdd2c1da60cf8d66"},"headline":"Suspens\u00e3o Tempor\u00e1ria do Concurso da Guarda Municipal de Marab\u00e1 NOTA OFICIAL \u2013 FADESP","datePublished":"2025-04-10T19:46:19+00:00","dateModified":"2025-04-10T19:46:24+00:00","mainEntityOfPage":{"@id":"https:\/\/portalfadesp.org.br\/?p=48931"},"wordCount":361,"publisher":{"@id":"https:\/\/portalfadesp.org.br\/#organization"},"image":{"@id":"https:\/\/portalfadesp.org.br\/?p=48931#primaryimage"},"thumbnailUrl":"https:\/\/portalfadesp.org.br\/wp-content\/uploads\/2025\/04\/WhatsApp-Image-2025-04-10-at-16.44.41.jpeg","articleSection":["Destaque","Destaque Concurso","Geral"],"inLanguage":"pt-BR"},{"@type":"WebPage","@id":"https:\/\/portalfadesp.org.br\/?p=48931","url":"https:\/\/portalfadesp.org.br\/?p=48931","name":"Suspens\u00e3o Tempor\u00e1ria do Concurso da Guarda Municipal de Marab\u00e1 NOTA OFICIAL \u2013 FADESP - FADESP","isPartOf":{"@id":"https:\/\/portalfadesp.org.br\/#website"},"primaryImageOfPage":{"@id":"https:\/\/portalfadesp.org.br\/?p=48931#primaryimage"},"image":{"@id":"https:\/\/portalfadesp.org.br\/?p=48931#primaryimage"},"thumbnailUrl":"https:\/\/portalfadesp.org.br\/wp-content\/uploads\/2025\/04\/WhatsApp-Image-2025-04-10-at-16.44.41.jpeg","datePublished":"2025-04-10T19:46:19+00:00","dateModified":"2025-04-10T19:46:24+00:00","breadcrumb":{"@id":"https:\/\/portalfadesp.org.br\/?p=48931#breadcrumb"},"inLanguage":"pt-BR","potentialAction":[{"@type":"ReadAction","target":["https:\/\/portalfadesp.org.br\/?p=48931"]}]},{"@type":"ImageObject","inLanguage":"pt-BR","@id":"https:\/\/portalfadesp.org.br\/?p=48931#primaryimage","url":"https:\/\/portalfadesp.org.br\/wp-content\/uploads\/2025\/04\/WhatsApp-Image-2025-04-10-at-16.44.41.jpeg","contentUrl":"https:\/\/portalfadesp.org.br\/wp-content\/uploads\/2025\/04\/WhatsApp-Image-2025-04-10-at-16.44.41.jpeg","width":1600,"height":475},{"@type":"BreadcrumbList","@id":"https:\/\/portalfadesp.org.br\/?p=48931#breadcrumb","itemListElement":[{"@type":"ListItem","position":1,"name":"In\u00edcio","item":"https:\/\/portalfadesp.org.br\/"},{"@type":"ListItem","position":2,"name":"Suspens\u00e3o Tempor\u00e1ria do Concurso da Guarda Municipal de Marab\u00e1 NOTA OFICIAL \u2013 FADESP"}]},{"@type":"WebSite","@id":"https:\/\/portalfadesp.org.br\/#website","url":"https:\/\/portalfadesp.org.br\/","name":"FADESP","description":"Funda\u00e7\u00e3o de Amparo e Desenvolvimento da Pesquisa","publisher":{"@id":"https:\/\/portalfadesp.org.br\/#organization"},"potentialAction":[{"@type":"SearchAction","target":{"@type":"EntryPoint","urlTemplate":"https:\/\/portalfadesp.org.br\/?s={search_term_string}"},"query-input":{"@type":"PropertyValueSpecification","valueRequired":true,"valueName":"search_term_string"}}],"inLanguage":"pt-BR"},{"@type":"Organization","@id":"https:\/\/portalfadesp.org.br\/#organization","name":"FADESP","url":"https:\/\/portalfadesp.org.br\/","logo":{"@type":"ImageObject","inLanguage":"pt-BR","@id":"https:\/\/portalfadesp.org.br\/#\/schema\/logo\/image\/","url":"https:\/\/portalfadesp.org.br\/wp-content\/uploads\/2024\/01\/NOVOLOGOFADESPlaranjaH.png","contentUrl":"https:\/\/portalfadesp.org.br\/wp-content\/uploads\/2024\/01\/NOVOLOGOFADESPlaranjaH.png","width":2742,"height":839,"caption":"FADESP"},"image":{"@id":"https:\/\/portalfadesp.org.br\/#\/schema\/logo\/image\/"},"sameAs":["https:\/\/www.facebook.com\/Fadesp-138351949524662\/","https:\/\/x.com\/Fadesp","https:\/\/www.instagram.com\/fadesp_ufpa\/","https:\/\/www.youtube.com\/@fundacaodeamparoedesenvolv1903","https:\/\/www.threads.net\/@fadesp_ufpa"]},{"@type":"Person","@id":"https:\/\/portalfadesp.org.br\/#\/schema\/person\/31709c4c8ec92d6bbdd2c1da60cf8d66","name":"Brena Marques","image":{"@type":"ImageObject","inLanguage":"pt-BR","@id":"https:\/\/portalfadesp.org.br\/#\/schema\/person\/image\/","url":"https:\/\/secure.gravatar.com\/avatar\/d8709cd0de324fbec018b6878350216726d26c3436f44ebee8f3db75e29728f3?s=96&d=mm&r=g","contentUrl":"https:\/\/secure.gravatar.com\/avatar\/d8709cd0de324fbec018b6878350216726d26c3436f44ebee8f3db75e29728f3?s=96&d=mm&r=g","caption":"Brena Marques"},"url":"https:\/\/portalfadesp.org.br\/?author=12"}]}},"_links":{"self":[{"href":"https:\/\/portalfadesp.org.br\/index.php?rest_route=\/wp\/v2\/posts\/48931","targetHints":{"allow":["GET"]}}],"collection":[{"href":"https:\/\/portalfadesp.org.br\/index.php?rest_route=\/wp\/v2\/posts"}],"about":[{"href":"https:\/\/portalfadesp.org.br\/index.php?rest_route=\/wp\/v2\/types\/post"}],"author":[{"embeddable":true,"href":"https:\/\/portalfadesp.org.br\/index.php?rest_route=\/wp\/v2\/users\/12"}],"replies":[{"embeddable":true,"href":"https:\/\/portalfadesp.org.br\/index.php?rest_route=%2Fwp%2Fv2%2Fcomments&post=48931"}],"version-history":[{"count":3,"href":"https:\/\/portalfadesp.org.br\/index.php?rest_route=\/wp\/v2\/posts\/48931\/revisions"}],"predecessor-version":[{"id":48935,"href":"https:\/\/portalfadesp.org.br\/index.php?rest_route=\/wp\/v2\/posts\/48931\/revisions\/48935"}],"wp:featuredmedia":[{"embeddable":true,"href":"https:\/\/portalfadesp.org.br\/index.php?rest_route=\/wp\/v2\/media\/48933"}],"wp:attachment":[{"href":"https:\/\/portalfadesp.org.br\/index.php?rest_route=%2Fwp%2Fv2%2Fmedia&parent=48931"}],"wp:term":[{"taxonomy":"category","embeddable":true,"href":"https:\/\/portalfadesp.org.br\/index.php?rest_route=%2Fwp%2Fv2%2Fcategories&post=48931"},{"taxonomy":"post_tag","embeddable":true,"href":"https:\/\/portalfadesp.org.br\/index.php?rest_route=%2Fwp%2Fv2%2Ftags&post=48931"}],"curies":[{"name":"wp","href":"https:\/\/api.w.org\/{rel}","templated":true}]}}