{"id":4867,"date":"2019-11-06T09:32:28","date_gmt":"2019-11-06T12:32:28","guid":{"rendered":"https:\/\/162.215.13.167?p=4867"},"modified":"2022-12-20T17:40:22","modified_gmt":"2022-12-20T20:40:22","slug":"residencia-multiprofissional-em-atencao-a-clinica-integrada-2","status":"publish","type":"post","link":"https:\/\/portalfadesp.org.br\/?p=4867","title":{"rendered":"RESID\u00caNCIA MULTIPROFISSIONAL EM ATEN\u00c7\u00c3O \u00c0 CL\u00cdNICA INTEGRADA"},"content":{"rendered":"<p>A sele\u00e7\u00e3o para o \u201cPrograma de Resid\u00eancia Multiprofissional em Cl\u00ednica Integrada\u201d atende o programa de P\u00f3s-Gradua\u00e7\u00e3o Lato Sensu com dura\u00e7\u00e3o de 24 meses e pagamento de 10 bolsas pelo Minist\u00e9rio da Educa\u00e7\u00e3o. As vagas est\u00e3o distribu\u00eddas nas \u00e1reas de Biomedicina, Enfermagem, Odontologia e Servi\u00e7o social. A sele\u00e7\u00e3o ocorre por edital p\u00fablico divulgado neste portal.<br \/>\nO curso \u00e9 realizado em Bel\u00e9m e precisa de ter dedica\u00e7\u00e3o exclusiva do residente, durante os 24 meses. Os residentes ter\u00e3o viv\u00eancias em v\u00e1rios cen\u00e1rios de servi\u00e7os de sa\u00fade, na perspectiva da forma\u00e7\u00e3o do especialista em cl\u00ednica integrada.<br \/>\nO programa segue as Instru\u00e7\u00f5es Normativas da Comiss\u00e3o Nacional de Resid\u00eancia Multiprofissional em Sa\u00fade e do CONSEPE\/UFPA, artigo 13, Portaria\/MEC n.\u00ba 1077\/2009, Resolu\u00e7\u00e3o n\u00ba 1, de 21 de julho de 2015 e demais resolu\u00e7\u00f5es correlatas da Comiss\u00e3o Nacional de Resid\u00eancia Multiprofissional em Sa\u00fade e \u00c1rea Profissional de Sa\u00fade (CNRMS).<br \/>\nO Processo Seletivo de Resid\u00eancia Multiprofissional em Cl\u00ednica Integrada \u00e9 destinado a profissionais ou alunos de gradua\u00e7\u00e3o com conclus\u00e3o de gradua\u00e7\u00e3o at\u00e9 o dia 28 de janeiro de 2020. A turma \u00e9 a de 2020\/2022.<\/p>\n<p>Para mais informa\u00e7\u00f5es, consultar a p\u00e1gina de <a href=\"https:\/\/portalfadesp.org.br\/?page_id=4835\">edital do curso<\/a>.<\/p>\n","protected":false},"excerpt":{"rendered":"<p>A sele\u00e7\u00e3o para o \u201cPrograma de Resid\u00eancia Multiprofissional em Cl\u00ednica Integrada\u201d atende o programa de P\u00f3s-Gradua\u00e7\u00e3o Lato Sensu com dura\u00e7\u00e3o de 24 meses e pagamento de 10 bolsas pelo Minist\u00e9rio da Educa\u00e7\u00e3o. As vagas est\u00e3o distribu\u00eddas nas \u00e1reas de Biomedicina, Enfermagem, Odontologia e Servi\u00e7o social. A sele\u00e7\u00e3o ocorre por edital p\u00fablico divulgado neste portal. O [&hellip;]<\/p>\n","protected":false},"author":11,"featured_media":4864,"comment_status":"open","ping_status":"open","sticky":false,"template":"","format":"standard","meta":{"_monsterinsights_skip_tracking":false,"_monsterinsights_sitenote_active":false,"_monsterinsights_sitenote_note":"","_monsterinsights_sitenote_category":0,"footnotes":""},"categories":[1],"tags":[],"class_list":["post-4867","post","type-post","status-publish","format-standard","has-post-thumbnail","hentry","category-geral","entry","has-media"],"yoast_head":"<!-- This site is optimized with the Yoast SEO plugin v25.1 - https:\/\/yoast.com\/wordpress\/plugins\/seo\/ -->\n<title>RESID\u00caNCIA MULTIPROFISSIONAL EM ATEN\u00c7\u00c3O \u00c0 CL\u00cdNICA INTEGRADA - FADESP<\/title>\n<meta name=\"robots\" content=\"index, follow, max-snippet:-1, max-image-preview:large, max-video-preview:-1\" \/>\n<link rel=\"canonical\" href=\"https:\/\/portalfadesp.org.br\/?p=4867\" \/>\n<meta property=\"og:locale\" content=\"pt_BR\" \/>\n<meta property=\"og:type\" content=\"article\" \/>\n<meta property=\"og:title\" content=\"RESID\u00caNCIA MULTIPROFISSIONAL EM ATEN\u00c7\u00c3O \u00c0 CL\u00cdNICA INTEGRADA - FADESP\" \/>\n<meta property=\"og:description\" content=\"A sele\u00e7\u00e3o para o \u201cPrograma de Resid\u00eancia Multiprofissional em Cl\u00ednica Integrada\u201d atende o programa de P\u00f3s-Gradua\u00e7\u00e3o Lato Sensu com dura\u00e7\u00e3o de 24 meses e pagamento de 10 bolsas pelo Minist\u00e9rio da Educa\u00e7\u00e3o. As vagas est\u00e3o distribu\u00eddas nas \u00e1reas de Biomedicina, Enfermagem, Odontologia e Servi\u00e7o social. A sele\u00e7\u00e3o ocorre por edital p\u00fablico divulgado neste portal. O [&hellip;]\" \/>\n<meta property=\"og:url\" content=\"https:\/\/portalfadesp.org.br\/?p=4867\" \/>\n<meta property=\"og:site_name\" content=\"FADESP\" \/>\n<meta property=\"article:publisher\" content=\"https:\/\/www.facebook.com\/Fadesp-138351949524662\/\" \/>\n<meta property=\"article:published_time\" content=\"2019-11-06T12:32:28+00:00\" \/>\n<meta property=\"article:modified_time\" content=\"2022-12-20T20:40:22+00:00\" \/>\n<meta property=\"og:image\" content=\"https:\/\/portalfadesp.org.br\/wp-content\/uploads\/2019\/11\/36ae7ac8-d479-44f7-857a-6509c3f0c8d6.jpg\" \/>\n\t<meta property=\"og:image:width\" content=\"1280\" \/>\n\t<meta property=\"og:image:height\" content=\"1016\" \/>\n\t<meta property=\"og:image:type\" content=\"image\/jpeg\" \/>\n<meta name=\"author\" content=\"Lorena Filgueiras\" \/>\n<meta name=\"twitter:card\" content=\"summary_large_image\" \/>\n<meta name=\"twitter:creator\" content=\"@Fadesp\" \/>\n<meta name=\"twitter:site\" content=\"@Fadesp\" \/>\n<meta name=\"twitter:label1\" content=\"Escrito por\" \/>\n\t<meta name=\"twitter:data1\" content=\"Lorena Filgueiras\" \/>\n\t<meta name=\"twitter:label2\" content=\"Est. tempo de leitura\" \/>\n\t<meta name=\"twitter:data2\" content=\"1 minuto\" \/>\n<script type=\"application\/ld+json\" class=\"yoast-schema-graph\">{\"@context\":\"https:\/\/schema.org\",\"@graph\":[{\"@type\":\"Article\",\"@id\":\"https:\/\/portalfadesp.org.br\/?p=4867#article\",\"isPartOf\":{\"@id\":\"https:\/\/portalfadesp.org.br\/?p=4867\"},\"author\":{\"name\":\"Lorena Filgueiras\",\"@id\":\"https:\/\/portalfadesp.org.br\/#\/schema\/person\/c1fa9db0c87dc412d1568e0e5e27be9c\"},\"headline\":\"RESID\u00caNCIA MULTIPROFISSIONAL EM ATEN\u00c7\u00c3O \u00c0 CL\u00cdNICA INTEGRADA\",\"datePublished\":\"2019-11-06T12:32:28+00:00\",\"dateModified\":\"2022-12-20T20:40:22+00:00\",\"mainEntityOfPage\":{\"@id\":\"https:\/\/portalfadesp.org.br\/?p=4867\"},\"wordCount\":223,\"commentCount\":0,\"publisher\":{\"@id\":\"https:\/\/portalfadesp.org.br\/#organization\"},\"image\":{\"@id\":\"https:\/\/portalfadesp.org.br\/?p=4867#primaryimage\"},\"thumbnailUrl\":\"https:\/\/portalfadesp.org.br\/wp-content\/uploads\/2019\/11\/36ae7ac8-d479-44f7-857a-6509c3f0c8d6.jpg\",\"articleSection\":[\"Geral\"],\"inLanguage\":\"pt-BR\"},{\"@type\":\"WebPage\",\"@id\":\"https:\/\/portalfadesp.org.br\/?p=4867\",\"url\":\"https:\/\/portalfadesp.org.br\/?p=4867\",\"name\":\"RESID\u00caNCIA MULTIPROFISSIONAL EM ATEN\u00c7\u00c3O \u00c0 CL\u00cdNICA INTEGRADA - FADESP\",\"isPartOf\":{\"@id\":\"https:\/\/portalfadesp.org.br\/#website\"},\"primaryImageOfPage\":{\"@id\":\"https:\/\/portalfadesp.org.br\/?p=4867#primaryimage\"},\"image\":{\"@id\":\"https:\/\/portalfadesp.org.br\/?p=4867#primaryimage\"},\"thumbnailUrl\":\"https:\/\/portalfadesp.org.br\/wp-content\/uploads\/2019\/11\/36ae7ac8-d479-44f7-857a-6509c3f0c8d6.jpg\",\"datePublished\":\"2019-11-06T12:32:28+00:00\",\"dateModified\":\"2022-12-20T20:40:22+00:00\",\"breadcrumb\":{\"@id\":\"https:\/\/portalfadesp.org.br\/?p=4867#breadcrumb\"},\"inLanguage\":\"pt-BR\",\"potentialAction\":[{\"@type\":\"ReadAction\",\"target\":[\"https:\/\/portalfadesp.org.br\/?p=4867\"]}]},{\"@type\":\"ImageObject\",\"inLanguage\":\"pt-BR\",\"@id\":\"https:\/\/portalfadesp.org.br\/?p=4867#primaryimage\",\"url\":\"https:\/\/portalfadesp.org.br\/wp-content\/uploads\/2019\/11\/36ae7ac8-d479-44f7-857a-6509c3f0c8d6.jpg\",\"contentUrl\":\"https:\/\/portalfadesp.org.br\/wp-content\/uploads\/2019\/11\/36ae7ac8-d479-44f7-857a-6509c3f0c8d6.jpg\",\"width\":1280,\"height\":1016},{\"@type\":\"BreadcrumbList\",\"@id\":\"https:\/\/portalfadesp.org.br\/?p=4867#breadcrumb\",\"itemListElement\":[{\"@type\":\"ListItem\",\"position\":1,\"name\":\"In\u00edcio\",\"item\":\"https:\/\/portalfadesp.org.br\/\"},{\"@type\":\"ListItem\",\"position\":2,\"name\":\"RESID\u00caNCIA MULTIPROFISSIONAL EM ATEN\u00c7\u00c3O \u00c0 CL\u00cdNICA INTEGRADA\"}]},{\"@type\":\"WebSite\",\"@id\":\"https:\/\/portalfadesp.org.br\/#website\",\"url\":\"https:\/\/portalfadesp.org.br\/\",\"name\":\"FADESP\",\"description\":\"Funda\u00e7\u00e3o de Amparo e Desenvolvimento da Pesquisa\",\"publisher\":{\"@id\":\"https:\/\/portalfadesp.org.br\/#organization\"},\"potentialAction\":[{\"@type\":\"SearchAction\",\"target\":{\"@type\":\"EntryPoint\",\"urlTemplate\":\"https:\/\/portalfadesp.org.br\/?s={search_term_string}\"},\"query-input\":{\"@type\":\"PropertyValueSpecification\",\"valueRequired\":true,\"valueName\":\"search_term_string\"}}],\"inLanguage\":\"pt-BR\"},{\"@type\":\"Organization\",\"@id\":\"https:\/\/portalfadesp.org.br\/#organization\",\"name\":\"FADESP\",\"url\":\"https:\/\/portalfadesp.org.br\/\",\"logo\":{\"@type\":\"ImageObject\",\"inLanguage\":\"pt-BR\",\"@id\":\"https:\/\/portalfadesp.org.br\/#\/schema\/logo\/image\/\",\"url\":\"https:\/\/portalfadesp.org.br\/wp-content\/uploads\/2024\/01\/NOVOLOGOFADESPlaranjaH.png\",\"contentUrl\":\"https:\/\/portalfadesp.org.br\/wp-content\/uploads\/2024\/01\/NOVOLOGOFADESPlaranjaH.png\",\"width\":2742,\"height\":839,\"caption\":\"FADESP\"},\"image\":{\"@id\":\"https:\/\/portalfadesp.org.br\/#\/schema\/logo\/image\/\"},\"sameAs\":[\"https:\/\/www.facebook.com\/Fadesp-138351949524662\/\",\"https:\/\/x.com\/Fadesp\",\"https:\/\/www.instagram.com\/fadesp_ufpa\/\",\"https:\/\/www.youtube.com\/@fundacaodeamparoedesenvolv1903\",\"https:\/\/www.threads.net\/@fadesp_ufpa\"]},{\"@type\":\"Person\",\"@id\":\"https:\/\/portalfadesp.org.br\/#\/schema\/person\/c1fa9db0c87dc412d1568e0e5e27be9c\",\"name\":\"Lorena Filgueiras\",\"image\":{\"@type\":\"ImageObject\",\"inLanguage\":\"pt-BR\",\"@id\":\"https:\/\/portalfadesp.org.br\/#\/schema\/person\/image\/\",\"url\":\"https:\/\/secure.gravatar.com\/avatar\/37390a2dfe1325c2917fc5f6df471abe8ab753cf23b2d14690f57bd61ab4b7cf?s=96&d=mm&r=g\",\"contentUrl\":\"https:\/\/secure.gravatar.com\/avatar\/37390a2dfe1325c2917fc5f6df471abe8ab753cf23b2d14690f57bd61ab4b7cf?s=96&d=mm&r=g\",\"caption\":\"Lorena Filgueiras\"},\"url\":\"https:\/\/portalfadesp.org.br\/?author=11\"}]}<\/script>\n<!-- \/ Yoast SEO plugin. -->","yoast_head_json":{"title":"RESID\u00caNCIA MULTIPROFISSIONAL EM ATEN\u00c7\u00c3O \u00c0 CL\u00cdNICA INTEGRADA - FADESP","robots":{"index":"index","follow":"follow","max-snippet":"max-snippet:-1","max-image-preview":"max-image-preview:large","max-video-preview":"max-video-preview:-1"},"canonical":"https:\/\/portalfadesp.org.br\/?p=4867","og_locale":"pt_BR","og_type":"article","og_title":"RESID\u00caNCIA MULTIPROFISSIONAL EM ATEN\u00c7\u00c3O \u00c0 CL\u00cdNICA INTEGRADA - FADESP","og_description":"A sele\u00e7\u00e3o para o \u201cPrograma de Resid\u00eancia Multiprofissional em Cl\u00ednica Integrada\u201d atende o programa de P\u00f3s-Gradua\u00e7\u00e3o Lato Sensu com dura\u00e7\u00e3o de 24 meses e pagamento de 10 bolsas pelo Minist\u00e9rio da Educa\u00e7\u00e3o. As vagas est\u00e3o distribu\u00eddas nas \u00e1reas de Biomedicina, Enfermagem, Odontologia e Servi\u00e7o social. A sele\u00e7\u00e3o ocorre por edital p\u00fablico divulgado neste portal. O [&hellip;]","og_url":"https:\/\/portalfadesp.org.br\/?p=4867","og_site_name":"FADESP","article_publisher":"https:\/\/www.facebook.com\/Fadesp-138351949524662\/","article_published_time":"2019-11-06T12:32:28+00:00","article_modified_time":"2022-12-20T20:40:22+00:00","og_image":[{"width":1280,"height":1016,"url":"https:\/\/portalfadesp.org.br\/wp-content\/uploads\/2019\/11\/36ae7ac8-d479-44f7-857a-6509c3f0c8d6.jpg","type":"image\/jpeg"}],"author":"Lorena Filgueiras","twitter_card":"summary_large_image","twitter_creator":"@Fadesp","twitter_site":"@Fadesp","twitter_misc":{"Escrito por":"Lorena Filgueiras","Est. tempo de leitura":"1 minuto"},"schema":{"@context":"https:\/\/schema.org","@graph":[{"@type":"Article","@id":"https:\/\/portalfadesp.org.br\/?p=4867#article","isPartOf":{"@id":"https:\/\/portalfadesp.org.br\/?p=4867"},"author":{"name":"Lorena Filgueiras","@id":"https:\/\/portalfadesp.org.br\/#\/schema\/person\/c1fa9db0c87dc412d1568e0e5e27be9c"},"headline":"RESID\u00caNCIA MULTIPROFISSIONAL EM ATEN\u00c7\u00c3O \u00c0 CL\u00cdNICA INTEGRADA","datePublished":"2019-11-06T12:32:28+00:00","dateModified":"2022-12-20T20:40:22+00:00","mainEntityOfPage":{"@id":"https:\/\/portalfadesp.org.br\/?p=4867"},"wordCount":223,"commentCount":0,"publisher":{"@id":"https:\/\/portalfadesp.org.br\/#organization"},"image":{"@id":"https:\/\/portalfadesp.org.br\/?p=4867#primaryimage"},"thumbnailUrl":"https:\/\/portalfadesp.org.br\/wp-content\/uploads\/2019\/11\/36ae7ac8-d479-44f7-857a-6509c3f0c8d6.jpg","articleSection":["Geral"],"inLanguage":"pt-BR"},{"@type":"WebPage","@id":"https:\/\/portalfadesp.org.br\/?p=4867","url":"https:\/\/portalfadesp.org.br\/?p=4867","name":"RESID\u00caNCIA MULTIPROFISSIONAL EM ATEN\u00c7\u00c3O \u00c0 CL\u00cdNICA INTEGRADA - FADESP","isPartOf":{"@id":"https:\/\/portalfadesp.org.br\/#website"},"primaryImageOfPage":{"@id":"https:\/\/portalfadesp.org.br\/?p=4867#primaryimage"},"image":{"@id":"https:\/\/portalfadesp.org.br\/?p=4867#primaryimage"},"thumbnailUrl":"https:\/\/portalfadesp.org.br\/wp-content\/uploads\/2019\/11\/36ae7ac8-d479-44f7-857a-6509c3f0c8d6.jpg","datePublished":"2019-11-06T12:32:28+00:00","dateModified":"2022-12-20T20:40:22+00:00","breadcrumb":{"@id":"https:\/\/portalfadesp.org.br\/?p=4867#breadcrumb"},"inLanguage":"pt-BR","potentialAction":[{"@type":"ReadAction","target":["https:\/\/portalfadesp.org.br\/?p=4867"]}]},{"@type":"ImageObject","inLanguage":"pt-BR","@id":"https:\/\/portalfadesp.org.br\/?p=4867#primaryimage","url":"https:\/\/portalfadesp.org.br\/wp-content\/uploads\/2019\/11\/36ae7ac8-d479-44f7-857a-6509c3f0c8d6.jpg","contentUrl":"https:\/\/portalfadesp.org.br\/wp-content\/uploads\/2019\/11\/36ae7ac8-d479-44f7-857a-6509c3f0c8d6.jpg","width":1280,"height":1016},{"@type":"BreadcrumbList","@id":"https:\/\/portalfadesp.org.br\/?p=4867#breadcrumb","itemListElement":[{"@type":"ListItem","position":1,"name":"In\u00edcio","item":"https:\/\/portalfadesp.org.br\/"},{"@type":"ListItem","position":2,"name":"RESID\u00caNCIA MULTIPROFISSIONAL EM ATEN\u00c7\u00c3O \u00c0 CL\u00cdNICA INTEGRADA"}]},{"@type":"WebSite","@id":"https:\/\/portalfadesp.org.br\/#website","url":"https:\/\/portalfadesp.org.br\/","name":"FADESP","description":"Funda\u00e7\u00e3o de Amparo e Desenvolvimento da Pesquisa","publisher":{"@id":"https:\/\/portalfadesp.org.br\/#organization"},"potentialAction":[{"@type":"SearchAction","target":{"@type":"EntryPoint","urlTemplate":"https:\/\/portalfadesp.org.br\/?s={search_term_string}"},"query-input":{"@type":"PropertyValueSpecification","valueRequired":true,"valueName":"search_term_string"}}],"inLanguage":"pt-BR"},{"@type":"Organization","@id":"https:\/\/portalfadesp.org.br\/#organization","name":"FADESP","url":"https:\/\/portalfadesp.org.br\/","logo":{"@type":"ImageObject","inLanguage":"pt-BR","@id":"https:\/\/portalfadesp.org.br\/#\/schema\/logo\/image\/","url":"https:\/\/portalfadesp.org.br\/wp-content\/uploads\/2024\/01\/NOVOLOGOFADESPlaranjaH.png","contentUrl":"https:\/\/portalfadesp.org.br\/wp-content\/uploads\/2024\/01\/NOVOLOGOFADESPlaranjaH.png","width":2742,"height":839,"caption":"FADESP"},"image":{"@id":"https:\/\/portalfadesp.org.br\/#\/schema\/logo\/image\/"},"sameAs":["https:\/\/www.facebook.com\/Fadesp-138351949524662\/","https:\/\/x.com\/Fadesp","https:\/\/www.instagram.com\/fadesp_ufpa\/","https:\/\/www.youtube.com\/@fundacaodeamparoedesenvolv1903","https:\/\/www.threads.net\/@fadesp_ufpa"]},{"@type":"Person","@id":"https:\/\/portalfadesp.org.br\/#\/schema\/person\/c1fa9db0c87dc412d1568e0e5e27be9c","name":"Lorena Filgueiras","image":{"@type":"ImageObject","inLanguage":"pt-BR","@id":"https:\/\/portalfadesp.org.br\/#\/schema\/person\/image\/","url":"https:\/\/secure.gravatar.com\/avatar\/37390a2dfe1325c2917fc5f6df471abe8ab753cf23b2d14690f57bd61ab4b7cf?s=96&d=mm&r=g","contentUrl":"https:\/\/secure.gravatar.com\/avatar\/37390a2dfe1325c2917fc5f6df471abe8ab753cf23b2d14690f57bd61ab4b7cf?s=96&d=mm&r=g","caption":"Lorena Filgueiras"},"url":"https:\/\/portalfadesp.org.br\/?author=11"}]}},"_links":{"self":[{"href":"https:\/\/portalfadesp.org.br\/index.php?rest_route=\/wp\/v2\/posts\/4867","targetHints":{"allow":["GET"]}}],"collection":[{"href":"https:\/\/portalfadesp.org.br\/index.php?rest_route=\/wp\/v2\/posts"}],"about":[{"href":"https:\/\/portalfadesp.org.br\/index.php?rest_route=\/wp\/v2\/types\/post"}],"author":[{"embeddable":true,"href":"https:\/\/portalfadesp.org.br\/index.php?rest_route=\/wp\/v2\/users\/11"}],"replies":[{"embeddable":true,"href":"https:\/\/portalfadesp.org.br\/index.php?rest_route=%2Fwp%2Fv2%2Fcomments&post=4867"}],"version-history":[{"count":8,"href":"https:\/\/portalfadesp.org.br\/index.php?rest_route=\/wp\/v2\/posts\/4867\/revisions"}],"predecessor-version":[{"id":37799,"href":"https:\/\/portalfadesp.org.br\/index.php?rest_route=\/wp\/v2\/posts\/4867\/revisions\/37799"}],"wp:featuredmedia":[{"embeddable":true,"href":"https:\/\/portalfadesp.org.br\/index.php?rest_route=\/wp\/v2\/media\/4864"}],"wp:attachment":[{"href":"https:\/\/portalfadesp.org.br\/index.php?rest_route=%2Fwp%2Fv2%2Fmedia&parent=4867"}],"wp:term":[{"taxonomy":"category","embeddable":true,"href":"https:\/\/portalfadesp.org.br\/index.php?rest_route=%2Fwp%2Fv2%2Fcategories&post=4867"},{"taxonomy":"post_tag","embeddable":true,"href":"https:\/\/portalfadesp.org.br\/index.php?rest_route=%2Fwp%2Fv2%2Ftags&post=4867"}],"curies":[{"name":"wp","href":"https:\/\/api.w.org\/{rel}","templated":true}]}}