{"id":48580,"date":"2025-03-14T13:00:00","date_gmt":"2025-03-14T16:00:00","guid":{"rendered":"https:\/\/portalfadesp.org.br\/?p=48580"},"modified":"2025-03-14T13:13:12","modified_gmt":"2025-03-14T16:13:12","slug":"fadesp-passa-a-atuar-como-fundacao-de-apoio-da-embrapa","status":"publish","type":"post","link":"https:\/\/portalfadesp.org.br\/?p=48580","title":{"rendered":"FADESP passa a atuar como Funda\u00e7\u00e3o de Apoio da Embrapa"},"content":{"rendered":"\n<p>A Funda\u00e7\u00e3o de Amparo e Desenvolvimento da Pesquisa (FADESP) \u00e9 a nova Funda\u00e7\u00e3o de Apoio da Empresa Brasileira de Pesquisa Agropecu\u00e1ria (Embrapa), ampliando as possibilidades de desenvolvimento cient\u00edfico e tecnol\u00f3gico para a agropecu\u00e1ria brasileira.<\/p>\n\n\n\n<div style=\"height:30px\" aria-hidden=\"true\" class=\"wp-block-spacer\"><\/div>\n\n\n\n<p>Desde sua cria\u00e7\u00e3o em 1973, a Embrapa trabalha na constru\u00e7\u00e3o de uma agropecu\u00e1ria adaptada ao clima tropical, impulsionando a inova\u00e7\u00e3o no setor. Vinculada ao Minist\u00e9rio da Agricultura e Pecu\u00e1ria (Mapa), a empresa desenvolve pesquisas para aumentar a produtividade, garantir a seguran\u00e7a alimentar e promover a sustentabilidade ambiental, em parceria com produtores, institui\u00e7\u00f5es cient\u00edficas e o setor produtivo.<\/p>\n\n\n\n<div style=\"height:30px\" aria-hidden=\"true\" class=\"wp-block-spacer\"><\/div>\n\n\n\n<p>Com essa parceria, a FADESP agora apoia 11 institui\u00e7\u00f5es, fortalecendo sua atua\u00e7\u00e3o na gest\u00e3o e viabiliza\u00e7\u00e3o de projetos estrat\u00e9gicos. Al\u00e9m da Universidade Federal do Par\u00e1 (UFPA), entidade-m\u00e3e da FADESP, mais dez institui\u00e7\u00f5es s\u00e3o tamb\u00e9m apoiadas: Universidade Federal do Sul e Sudeste do Par\u00e1 (UNIFESSPA), Universidade do Oeste do Par\u00e1 (UFOPA), Universidade Federal Rural da Amaz\u00f4nia (UFRA), Museu Paraense Em\u00edlio Goeldi (MPEG), Instituto Evandro Chagas (IEC), Instituto Federal do Par\u00e1 (IFPA), Centro Gestor e Operacional do Sistema de Prote\u00e7\u00e3o da Amaz\u00f4nia (CENSIPAM), Instituto Nacional de Pesquisas da Amaz\u00f4nia (INPA), Instituto Chico Mendes de Conserva\u00e7\u00e3o da Biodiversidade (ICMBio) e Embrapa.<\/p>\n\n\n\n<div style=\"height:30px\" aria-hidden=\"true\" class=\"wp-block-spacer\"><\/div>\n\n\n\n<p>A portaria, que oficializa a rela\u00e7\u00e3o com a EMBRAPA, foi assinada em 10 de mar\u00e7o e publicada no Di\u00e1rio Oficial da Uni\u00e3o em 12 de mar\u00e7o de 2025.<\/p>\n\n\n\n<p>Para acessar o documento,<a href=\"https:\/\/portalfadesp.org.br\/wp-content\/uploads\/2025\/03\/EMBRAPA-Portaria-Conjunta-MEC_MCTI-no-31-AUTORIZACAO-DE-APOIO-A-EMBRAPA.pdf\"> <strong><em>clique aqui<\/em><\/strong>.<\/a><\/p>\n\n\n\n<p><\/p>\n","protected":false},"excerpt":{"rendered":"<p>A Funda\u00e7\u00e3o de Amparo e Desenvolvimento da Pesquisa (FADESP) \u00e9 a nova Funda\u00e7\u00e3o de Apoio da Empresa Brasileira de Pesquisa Agropecu\u00e1ria (Embrapa), ampliando as possibilidades de desenvolvimento cient\u00edfico e tecnol\u00f3gico para a agropecu\u00e1ria brasileira. Desde sua cria\u00e7\u00e3o em 1973, a Embrapa trabalha na constru\u00e7\u00e3o de uma agropecu\u00e1ria adaptada ao clima tropical, impulsionando a inova\u00e7\u00e3o no [&hellip;]<\/p>\n","protected":false},"author":12,"featured_media":48581,"comment_status":"closed","ping_status":"closed","sticky":false,"template":"","format":"standard","meta":{"_monsterinsights_skip_tracking":false,"_monsterinsights_sitenote_active":false,"_monsterinsights_sitenote_note":"","_monsterinsights_sitenote_category":0,"footnotes":""},"categories":[60,1],"tags":[],"class_list":["post-48580","post","type-post","status-publish","format-standard","has-post-thumbnail","hentry","category-destaque","category-geral","entry","has-media"],"yoast_head":"<!-- This site is optimized with the Yoast SEO plugin v25.1 - https:\/\/yoast.com\/wordpress\/plugins\/seo\/ -->\n<title>FADESP passa a atuar como Funda\u00e7\u00e3o de Apoio da Embrapa - FADESP<\/title>\n<meta name=\"robots\" content=\"index, follow, max-snippet:-1, max-image-preview:large, max-video-preview:-1\" \/>\n<link rel=\"canonical\" href=\"https:\/\/portalfadesp.org.br\/?p=48580\" \/>\n<meta property=\"og:locale\" content=\"pt_BR\" \/>\n<meta property=\"og:type\" content=\"article\" \/>\n<meta property=\"og:title\" content=\"FADESP passa a atuar como Funda\u00e7\u00e3o de Apoio da Embrapa - FADESP\" \/>\n<meta property=\"og:description\" content=\"A Funda\u00e7\u00e3o de Amparo e Desenvolvimento da Pesquisa (FADESP) \u00e9 a nova Funda\u00e7\u00e3o de Apoio da Empresa Brasileira de Pesquisa Agropecu\u00e1ria (Embrapa), ampliando as possibilidades de desenvolvimento cient\u00edfico e tecnol\u00f3gico para a agropecu\u00e1ria brasileira. Desde sua cria\u00e7\u00e3o em 1973, a Embrapa trabalha na constru\u00e7\u00e3o de uma agropecu\u00e1ria adaptada ao clima tropical, impulsionando a inova\u00e7\u00e3o no [&hellip;]\" \/>\n<meta property=\"og:url\" content=\"https:\/\/portalfadesp.org.br\/?p=48580\" \/>\n<meta property=\"og:site_name\" content=\"FADESP\" \/>\n<meta property=\"article:publisher\" content=\"https:\/\/www.facebook.com\/Fadesp-138351949524662\/\" \/>\n<meta property=\"article:published_time\" content=\"2025-03-14T16:00:00+00:00\" \/>\n<meta property=\"article:modified_time\" content=\"2025-03-14T16:13:12+00:00\" \/>\n<meta property=\"og:image\" content=\"https:\/\/portalfadesp.org.br\/wp-content\/uploads\/2025\/03\/WhatsApp-Image-2025-03-14-at-11.48.56.jpeg\" \/>\n\t<meta property=\"og:image:width\" content=\"1600\" \/>\n\t<meta property=\"og:image:height\" content=\"475\" \/>\n\t<meta property=\"og:image:type\" content=\"image\/jpeg\" \/>\n<meta name=\"author\" content=\"Brena Marques\" \/>\n<meta name=\"twitter:card\" content=\"summary_large_image\" \/>\n<meta name=\"twitter:creator\" content=\"@Fadesp\" \/>\n<meta name=\"twitter:site\" content=\"@Fadesp\" \/>\n<meta name=\"twitter:label1\" content=\"Escrito por\" \/>\n\t<meta name=\"twitter:data1\" content=\"Brena Marques\" \/>\n\t<meta name=\"twitter:label2\" content=\"Est. tempo de leitura\" \/>\n\t<meta name=\"twitter:data2\" content=\"2 minutos\" \/>\n<script type=\"application\/ld+json\" class=\"yoast-schema-graph\">{\"@context\":\"https:\/\/schema.org\",\"@graph\":[{\"@type\":\"Article\",\"@id\":\"https:\/\/portalfadesp.org.br\/?p=48580#article\",\"isPartOf\":{\"@id\":\"https:\/\/portalfadesp.org.br\/?p=48580\"},\"author\":{\"name\":\"Brena Marques\",\"@id\":\"https:\/\/portalfadesp.org.br\/#\/schema\/person\/31709c4c8ec92d6bbdd2c1da60cf8d66\"},\"headline\":\"FADESP passa a atuar como Funda\u00e7\u00e3o de Apoio da Embrapa\",\"datePublished\":\"2025-03-14T16:00:00+00:00\",\"dateModified\":\"2025-03-14T16:13:12+00:00\",\"mainEntityOfPage\":{\"@id\":\"https:\/\/portalfadesp.org.br\/?p=48580\"},\"wordCount\":264,\"publisher\":{\"@id\":\"https:\/\/portalfadesp.org.br\/#organization\"},\"image\":{\"@id\":\"https:\/\/portalfadesp.org.br\/?p=48580#primaryimage\"},\"thumbnailUrl\":\"https:\/\/portalfadesp.org.br\/wp-content\/uploads\/2025\/03\/WhatsApp-Image-2025-03-14-at-11.48.56.jpeg\",\"articleSection\":[\"Destaque\",\"Geral\"],\"inLanguage\":\"pt-BR\"},{\"@type\":\"WebPage\",\"@id\":\"https:\/\/portalfadesp.org.br\/?p=48580\",\"url\":\"https:\/\/portalfadesp.org.br\/?p=48580\",\"name\":\"FADESP passa a atuar como Funda\u00e7\u00e3o de Apoio da Embrapa - FADESP\",\"isPartOf\":{\"@id\":\"https:\/\/portalfadesp.org.br\/#website\"},\"primaryImageOfPage\":{\"@id\":\"https:\/\/portalfadesp.org.br\/?p=48580#primaryimage\"},\"image\":{\"@id\":\"https:\/\/portalfadesp.org.br\/?p=48580#primaryimage\"},\"thumbnailUrl\":\"https:\/\/portalfadesp.org.br\/wp-content\/uploads\/2025\/03\/WhatsApp-Image-2025-03-14-at-11.48.56.jpeg\",\"datePublished\":\"2025-03-14T16:00:00+00:00\",\"dateModified\":\"2025-03-14T16:13:12+00:00\",\"breadcrumb\":{\"@id\":\"https:\/\/portalfadesp.org.br\/?p=48580#breadcrumb\"},\"inLanguage\":\"pt-BR\",\"potentialAction\":[{\"@type\":\"ReadAction\",\"target\":[\"https:\/\/portalfadesp.org.br\/?p=48580\"]}]},{\"@type\":\"ImageObject\",\"inLanguage\":\"pt-BR\",\"@id\":\"https:\/\/portalfadesp.org.br\/?p=48580#primaryimage\",\"url\":\"https:\/\/portalfadesp.org.br\/wp-content\/uploads\/2025\/03\/WhatsApp-Image-2025-03-14-at-11.48.56.jpeg\",\"contentUrl\":\"https:\/\/portalfadesp.org.br\/wp-content\/uploads\/2025\/03\/WhatsApp-Image-2025-03-14-at-11.48.56.jpeg\",\"width\":1600,\"height\":475},{\"@type\":\"BreadcrumbList\",\"@id\":\"https:\/\/portalfadesp.org.br\/?p=48580#breadcrumb\",\"itemListElement\":[{\"@type\":\"ListItem\",\"position\":1,\"name\":\"In\u00edcio\",\"item\":\"https:\/\/portalfadesp.org.br\/\"},{\"@type\":\"ListItem\",\"position\":2,\"name\":\"FADESP passa a atuar como Funda\u00e7\u00e3o de Apoio da Embrapa\"}]},{\"@type\":\"WebSite\",\"@id\":\"https:\/\/portalfadesp.org.br\/#website\",\"url\":\"https:\/\/portalfadesp.org.br\/\",\"name\":\"FADESP\",\"description\":\"Funda\u00e7\u00e3o de Amparo e Desenvolvimento da Pesquisa\",\"publisher\":{\"@id\":\"https:\/\/portalfadesp.org.br\/#organization\"},\"potentialAction\":[{\"@type\":\"SearchAction\",\"target\":{\"@type\":\"EntryPoint\",\"urlTemplate\":\"https:\/\/portalfadesp.org.br\/?s={search_term_string}\"},\"query-input\":{\"@type\":\"PropertyValueSpecification\",\"valueRequired\":true,\"valueName\":\"search_term_string\"}}],\"inLanguage\":\"pt-BR\"},{\"@type\":\"Organization\",\"@id\":\"https:\/\/portalfadesp.org.br\/#organization\",\"name\":\"FADESP\",\"url\":\"https:\/\/portalfadesp.org.br\/\",\"logo\":{\"@type\":\"ImageObject\",\"inLanguage\":\"pt-BR\",\"@id\":\"https:\/\/portalfadesp.org.br\/#\/schema\/logo\/image\/\",\"url\":\"https:\/\/portalfadesp.org.br\/wp-content\/uploads\/2024\/01\/NOVOLOGOFADESPlaranjaH.png\",\"contentUrl\":\"https:\/\/portalfadesp.org.br\/wp-content\/uploads\/2024\/01\/NOVOLOGOFADESPlaranjaH.png\",\"width\":2742,\"height\":839,\"caption\":\"FADESP\"},\"image\":{\"@id\":\"https:\/\/portalfadesp.org.br\/#\/schema\/logo\/image\/\"},\"sameAs\":[\"https:\/\/www.facebook.com\/Fadesp-138351949524662\/\",\"https:\/\/x.com\/Fadesp\",\"https:\/\/www.instagram.com\/fadesp_ufpa\/\",\"https:\/\/www.youtube.com\/@fundacaodeamparoedesenvolv1903\",\"https:\/\/www.threads.net\/@fadesp_ufpa\"]},{\"@type\":\"Person\",\"@id\":\"https:\/\/portalfadesp.org.br\/#\/schema\/person\/31709c4c8ec92d6bbdd2c1da60cf8d66\",\"name\":\"Brena Marques\",\"image\":{\"@type\":\"ImageObject\",\"inLanguage\":\"pt-BR\",\"@id\":\"https:\/\/portalfadesp.org.br\/#\/schema\/person\/image\/\",\"url\":\"https:\/\/secure.gravatar.com\/avatar\/d8709cd0de324fbec018b6878350216726d26c3436f44ebee8f3db75e29728f3?s=96&d=mm&r=g\",\"contentUrl\":\"https:\/\/secure.gravatar.com\/avatar\/d8709cd0de324fbec018b6878350216726d26c3436f44ebee8f3db75e29728f3?s=96&d=mm&r=g\",\"caption\":\"Brena Marques\"},\"url\":\"https:\/\/portalfadesp.org.br\/?author=12\"}]}<\/script>\n<!-- \/ Yoast SEO plugin. -->","yoast_head_json":{"title":"FADESP passa a atuar como Funda\u00e7\u00e3o de Apoio da Embrapa - FADESP","robots":{"index":"index","follow":"follow","max-snippet":"max-snippet:-1","max-image-preview":"max-image-preview:large","max-video-preview":"max-video-preview:-1"},"canonical":"https:\/\/portalfadesp.org.br\/?p=48580","og_locale":"pt_BR","og_type":"article","og_title":"FADESP passa a atuar como Funda\u00e7\u00e3o de Apoio da Embrapa - FADESP","og_description":"A Funda\u00e7\u00e3o de Amparo e Desenvolvimento da Pesquisa (FADESP) \u00e9 a nova Funda\u00e7\u00e3o de Apoio da Empresa Brasileira de Pesquisa Agropecu\u00e1ria (Embrapa), ampliando as possibilidades de desenvolvimento cient\u00edfico e tecnol\u00f3gico para a agropecu\u00e1ria brasileira. Desde sua cria\u00e7\u00e3o em 1973, a Embrapa trabalha na constru\u00e7\u00e3o de uma agropecu\u00e1ria adaptada ao clima tropical, impulsionando a inova\u00e7\u00e3o no [&hellip;]","og_url":"https:\/\/portalfadesp.org.br\/?p=48580","og_site_name":"FADESP","article_publisher":"https:\/\/www.facebook.com\/Fadesp-138351949524662\/","article_published_time":"2025-03-14T16:00:00+00:00","article_modified_time":"2025-03-14T16:13:12+00:00","og_image":[{"width":1600,"height":475,"url":"https:\/\/portalfadesp.org.br\/wp-content\/uploads\/2025\/03\/WhatsApp-Image-2025-03-14-at-11.48.56.jpeg","type":"image\/jpeg"}],"author":"Brena Marques","twitter_card":"summary_large_image","twitter_creator":"@Fadesp","twitter_site":"@Fadesp","twitter_misc":{"Escrito por":"Brena Marques","Est. tempo de leitura":"2 minutos"},"schema":{"@context":"https:\/\/schema.org","@graph":[{"@type":"Article","@id":"https:\/\/portalfadesp.org.br\/?p=48580#article","isPartOf":{"@id":"https:\/\/portalfadesp.org.br\/?p=48580"},"author":{"name":"Brena Marques","@id":"https:\/\/portalfadesp.org.br\/#\/schema\/person\/31709c4c8ec92d6bbdd2c1da60cf8d66"},"headline":"FADESP passa a atuar como Funda\u00e7\u00e3o de Apoio da Embrapa","datePublished":"2025-03-14T16:00:00+00:00","dateModified":"2025-03-14T16:13:12+00:00","mainEntityOfPage":{"@id":"https:\/\/portalfadesp.org.br\/?p=48580"},"wordCount":264,"publisher":{"@id":"https:\/\/portalfadesp.org.br\/#organization"},"image":{"@id":"https:\/\/portalfadesp.org.br\/?p=48580#primaryimage"},"thumbnailUrl":"https:\/\/portalfadesp.org.br\/wp-content\/uploads\/2025\/03\/WhatsApp-Image-2025-03-14-at-11.48.56.jpeg","articleSection":["Destaque","Geral"],"inLanguage":"pt-BR"},{"@type":"WebPage","@id":"https:\/\/portalfadesp.org.br\/?p=48580","url":"https:\/\/portalfadesp.org.br\/?p=48580","name":"FADESP passa a atuar como Funda\u00e7\u00e3o de Apoio da Embrapa - FADESP","isPartOf":{"@id":"https:\/\/portalfadesp.org.br\/#website"},"primaryImageOfPage":{"@id":"https:\/\/portalfadesp.org.br\/?p=48580#primaryimage"},"image":{"@id":"https:\/\/portalfadesp.org.br\/?p=48580#primaryimage"},"thumbnailUrl":"https:\/\/portalfadesp.org.br\/wp-content\/uploads\/2025\/03\/WhatsApp-Image-2025-03-14-at-11.48.56.jpeg","datePublished":"2025-03-14T16:00:00+00:00","dateModified":"2025-03-14T16:13:12+00:00","breadcrumb":{"@id":"https:\/\/portalfadesp.org.br\/?p=48580#breadcrumb"},"inLanguage":"pt-BR","potentialAction":[{"@type":"ReadAction","target":["https:\/\/portalfadesp.org.br\/?p=48580"]}]},{"@type":"ImageObject","inLanguage":"pt-BR","@id":"https:\/\/portalfadesp.org.br\/?p=48580#primaryimage","url":"https:\/\/portalfadesp.org.br\/wp-content\/uploads\/2025\/03\/WhatsApp-Image-2025-03-14-at-11.48.56.jpeg","contentUrl":"https:\/\/portalfadesp.org.br\/wp-content\/uploads\/2025\/03\/WhatsApp-Image-2025-03-14-at-11.48.56.jpeg","width":1600,"height":475},{"@type":"BreadcrumbList","@id":"https:\/\/portalfadesp.org.br\/?p=48580#breadcrumb","itemListElement":[{"@type":"ListItem","position":1,"name":"In\u00edcio","item":"https:\/\/portalfadesp.org.br\/"},{"@type":"ListItem","position":2,"name":"FADESP passa a atuar como Funda\u00e7\u00e3o de Apoio da Embrapa"}]},{"@type":"WebSite","@id":"https:\/\/portalfadesp.org.br\/#website","url":"https:\/\/portalfadesp.org.br\/","name":"FADESP","description":"Funda\u00e7\u00e3o de Amparo e Desenvolvimento da Pesquisa","publisher":{"@id":"https:\/\/portalfadesp.org.br\/#organization"},"potentialAction":[{"@type":"SearchAction","target":{"@type":"EntryPoint","urlTemplate":"https:\/\/portalfadesp.org.br\/?s={search_term_string}"},"query-input":{"@type":"PropertyValueSpecification","valueRequired":true,"valueName":"search_term_string"}}],"inLanguage":"pt-BR"},{"@type":"Organization","@id":"https:\/\/portalfadesp.org.br\/#organization","name":"FADESP","url":"https:\/\/portalfadesp.org.br\/","logo":{"@type":"ImageObject","inLanguage":"pt-BR","@id":"https:\/\/portalfadesp.org.br\/#\/schema\/logo\/image\/","url":"https:\/\/portalfadesp.org.br\/wp-content\/uploads\/2024\/01\/NOVOLOGOFADESPlaranjaH.png","contentUrl":"https:\/\/portalfadesp.org.br\/wp-content\/uploads\/2024\/01\/NOVOLOGOFADESPlaranjaH.png","width":2742,"height":839,"caption":"FADESP"},"image":{"@id":"https:\/\/portalfadesp.org.br\/#\/schema\/logo\/image\/"},"sameAs":["https:\/\/www.facebook.com\/Fadesp-138351949524662\/","https:\/\/x.com\/Fadesp","https:\/\/www.instagram.com\/fadesp_ufpa\/","https:\/\/www.youtube.com\/@fundacaodeamparoedesenvolv1903","https:\/\/www.threads.net\/@fadesp_ufpa"]},{"@type":"Person","@id":"https:\/\/portalfadesp.org.br\/#\/schema\/person\/31709c4c8ec92d6bbdd2c1da60cf8d66","name":"Brena Marques","image":{"@type":"ImageObject","inLanguage":"pt-BR","@id":"https:\/\/portalfadesp.org.br\/#\/schema\/person\/image\/","url":"https:\/\/secure.gravatar.com\/avatar\/d8709cd0de324fbec018b6878350216726d26c3436f44ebee8f3db75e29728f3?s=96&d=mm&r=g","contentUrl":"https:\/\/secure.gravatar.com\/avatar\/d8709cd0de324fbec018b6878350216726d26c3436f44ebee8f3db75e29728f3?s=96&d=mm&r=g","caption":"Brena Marques"},"url":"https:\/\/portalfadesp.org.br\/?author=12"}]}},"_links":{"self":[{"href":"https:\/\/portalfadesp.org.br\/index.php?rest_route=\/wp\/v2\/posts\/48580","targetHints":{"allow":["GET"]}}],"collection":[{"href":"https:\/\/portalfadesp.org.br\/index.php?rest_route=\/wp\/v2\/posts"}],"about":[{"href":"https:\/\/portalfadesp.org.br\/index.php?rest_route=\/wp\/v2\/types\/post"}],"author":[{"embeddable":true,"href":"https:\/\/portalfadesp.org.br\/index.php?rest_route=\/wp\/v2\/users\/12"}],"replies":[{"embeddable":true,"href":"https:\/\/portalfadesp.org.br\/index.php?rest_route=%2Fwp%2Fv2%2Fcomments&post=48580"}],"version-history":[{"count":1,"href":"https:\/\/portalfadesp.org.br\/index.php?rest_route=\/wp\/v2\/posts\/48580\/revisions"}],"predecessor-version":[{"id":48583,"href":"https:\/\/portalfadesp.org.br\/index.php?rest_route=\/wp\/v2\/posts\/48580\/revisions\/48583"}],"wp:featuredmedia":[{"embeddable":true,"href":"https:\/\/portalfadesp.org.br\/index.php?rest_route=\/wp\/v2\/media\/48581"}],"wp:attachment":[{"href":"https:\/\/portalfadesp.org.br\/index.php?rest_route=%2Fwp%2Fv2%2Fmedia&parent=48580"}],"wp:term":[{"taxonomy":"category","embeddable":true,"href":"https:\/\/portalfadesp.org.br\/index.php?rest_route=%2Fwp%2Fv2%2Fcategories&post=48580"},{"taxonomy":"post_tag","embeddable":true,"href":"https:\/\/portalfadesp.org.br\/index.php?rest_route=%2Fwp%2Fv2%2Ftags&post=48580"}],"curies":[{"name":"wp","href":"https:\/\/api.w.org\/{rel}","templated":true}]}}