{"id":48453,"date":"2025-03-01T10:14:14","date_gmt":"2025-03-01T13:14:14","guid":{"rendered":"https:\/\/portalfadesp.org.br\/?p=48453"},"modified":"2025-03-01T10:15:31","modified_gmt":"2025-03-01T13:15:31","slug":"informe-sobre-suspensao-do-saude-belem-digital","status":"publish","type":"post","link":"https:\/\/portalfadesp.org.br\/?p=48453","title":{"rendered":"Informe sobre suspens\u00e3o do Sa\u00fade Bel\u00e9m Digital"},"content":{"rendered":"\n<p>A Funda\u00e7\u00e3o de Amparo e Desenvolvimento da Pesquisa (FADESP) informa que o servi\u00e7o Sa\u00fade Bel\u00e9m Digital est\u00e1 suspenso a partir de hoje, 1\u00ba de mar\u00e7o de 2025. A medida d\u00e1 cumprimento imediato ao termo assinado pelo titular da Secretaria Municipal de Sa\u00fade (SESMA), que suspende o contrato n\u00ba 257\/2024-SESMA.\u00a0<\/p>\n\n\n\n<p><\/p>\n\n\n\n<p><\/p>\n\n\n\n<p>Lan\u00e7ado oficialmente em agosto de 2024, o projeto sempre operou de forma regular, dentro das diretrizes acordadas. Desde o in\u00edcio, a equipe de governan\u00e7a trabalhou ativamente para adaptar e aprimorar o servi\u00e7o, tornando-o cada vez mais adequado \u00e0 realidade local. Os ajustes realizados garantiram um atendimento eficiente, integrado \u00e0 rede p\u00fablica de sa\u00fade e acess\u00edvel \u00e0 popula\u00e7\u00e3o, evidenciado pelos mais de 77 mil atendimentos realizados.\u00a0<\/p>\n\n\n\n<p><\/p>\n\n\n\n<p><\/p>\n\n\n\n<p>Foi poss\u00edvel n\u00e3o apenas ampliar o acesso a consultas, mas tamb\u00e9m desenvolver protocolos para renova\u00e7\u00e3o de medicamentos e gerar relat\u00f3rios estrat\u00e9gicos para aprimorar a gest\u00e3o da Aten\u00e7\u00e3o Prim\u00e1ria. Tamb\u00e9m fortaleceu a integra\u00e7\u00e3o entre o atendimento virtual e presencial ao atuar dentro das unidades de sa\u00fade. Seu impacto foi al\u00e9m da tecnologia, construindo pontes entre a popula\u00e7\u00e3o e o\u00a0<a href=\"https:\/\/meususdigital.saude.gov.br\/perfil\/sobre-sus\" target=\"_blank\" rel=\"noreferrer noopener\">Sistema \u00danico de Sa\u00fade<\/a>\u00a0(SUS), sempre com o compromisso de oferecer um cuidado acess\u00edvel e humanizado.<\/p>\n\n\n\n<p><\/p>\n\n\n\n<p><\/p>\n\n\n\n<p>Al\u00e9m disso, foram recebidos no escrit\u00f3rio do SBD, localizado no Parque de Ci\u00eancia e Tecnologia Guam\u00e1, estudantes de gradua\u00e7\u00e3o e especialistas do setor, incluindo representantes do Minist\u00e9rio da Sa\u00fade, que elogiaram o andamento do projeto.<\/p>\n\n\n\n<p><\/p>\n\n\n\n<p><\/p>\n\n\n\n<p>Reconhecemos que a suspens\u00e3o do servi\u00e7o impacta a rotina de milhares de usu\u00e1rios. Assim, prezando pela transpar\u00eancia, estamos adotando as medidas cab\u00edveis para esclarecer os motivos da decis\u00e3o e seus desdobramentos.\u00a0<\/p>\n\n\n\n<p><\/p>\n\n\n\n<p>Agradecemos a compreens\u00e3o de todos e refor\u00e7amos nosso compromisso com o acesso \u00e0 sa\u00fade digital. Seguiremos informando sobre quaisquer atualiza\u00e7\u00f5es.<\/p>\n","protected":false},"excerpt":{"rendered":"<p>A Funda\u00e7\u00e3o de Amparo e Desenvolvimento da Pesquisa (FADESP) informa que o servi\u00e7o Sa\u00fade Bel\u00e9m Digital est\u00e1 suspenso a partir de hoje, 1\u00ba de mar\u00e7o de 2025. A medida d\u00e1 cumprimento imediato ao termo assinado pelo titular da Secretaria Municipal de Sa\u00fade (SESMA), que suspende o contrato n\u00ba 257\/2024-SESMA.\u00a0 Lan\u00e7ado oficialmente em agosto de 2024, [&hellip;]<\/p>\n","protected":false},"author":11,"featured_media":48461,"comment_status":"closed","ping_status":"closed","sticky":false,"template":"","format":"standard","meta":{"_monsterinsights_skip_tracking":false,"_monsterinsights_sitenote_active":false,"_monsterinsights_sitenote_note":"","_monsterinsights_sitenote_category":0,"footnotes":""},"categories":[60],"tags":[],"class_list":["post-48453","post","type-post","status-publish","format-standard","has-post-thumbnail","hentry","category-destaque","entry","has-media"],"yoast_head":"<!-- This site is optimized with the Yoast SEO plugin v25.1 - https:\/\/yoast.com\/wordpress\/plugins\/seo\/ -->\n<title>Informe sobre suspens\u00e3o do Sa\u00fade Bel\u00e9m Digital - FADESP<\/title>\n<meta name=\"robots\" content=\"index, follow, max-snippet:-1, max-image-preview:large, max-video-preview:-1\" \/>\n<link rel=\"canonical\" href=\"https:\/\/portalfadesp.org.br\/?p=48453\" \/>\n<meta property=\"og:locale\" content=\"pt_BR\" \/>\n<meta property=\"og:type\" content=\"article\" \/>\n<meta property=\"og:title\" content=\"Informe sobre suspens\u00e3o do Sa\u00fade Bel\u00e9m Digital - FADESP\" \/>\n<meta property=\"og:description\" content=\"A Funda\u00e7\u00e3o de Amparo e Desenvolvimento da Pesquisa (FADESP) informa que o servi\u00e7o Sa\u00fade Bel\u00e9m Digital est\u00e1 suspenso a partir de hoje, 1\u00ba de mar\u00e7o de 2025. A medida d\u00e1 cumprimento imediato ao termo assinado pelo titular da Secretaria Municipal de Sa\u00fade (SESMA), que suspende o contrato n\u00ba 257\/2024-SESMA.\u00a0 Lan\u00e7ado oficialmente em agosto de 2024, [&hellip;]\" \/>\n<meta property=\"og:url\" content=\"https:\/\/portalfadesp.org.br\/?p=48453\" \/>\n<meta property=\"og:site_name\" content=\"FADESP\" \/>\n<meta property=\"article:publisher\" content=\"https:\/\/www.facebook.com\/Fadesp-138351949524662\/\" \/>\n<meta property=\"article:published_time\" content=\"2025-03-01T13:14:14+00:00\" \/>\n<meta property=\"article:modified_time\" content=\"2025-03-01T13:15:31+00:00\" \/>\n<meta property=\"og:image\" content=\"https:\/\/portalfadesp.org.br\/wp-content\/uploads\/2025\/03\/INFORME.jpeg\" \/>\n\t<meta property=\"og:image:width\" content=\"1600\" \/>\n\t<meta property=\"og:image:height\" content=\"478\" \/>\n\t<meta property=\"og:image:type\" content=\"image\/jpeg\" \/>\n<meta name=\"author\" content=\"Lorena Filgueiras\" \/>\n<meta name=\"twitter:card\" content=\"summary_large_image\" \/>\n<meta name=\"twitter:creator\" content=\"@Fadesp\" \/>\n<meta name=\"twitter:site\" content=\"@Fadesp\" \/>\n<meta name=\"twitter:label1\" content=\"Escrito por\" \/>\n\t<meta name=\"twitter:data1\" content=\"Lorena Filgueiras\" \/>\n\t<meta name=\"twitter:label2\" content=\"Est. tempo de leitura\" \/>\n\t<meta name=\"twitter:data2\" content=\"2 minutos\" \/>\n<script type=\"application\/ld+json\" class=\"yoast-schema-graph\">{\"@context\":\"https:\/\/schema.org\",\"@graph\":[{\"@type\":\"Article\",\"@id\":\"https:\/\/portalfadesp.org.br\/?p=48453#article\",\"isPartOf\":{\"@id\":\"https:\/\/portalfadesp.org.br\/?p=48453\"},\"author\":{\"name\":\"Lorena Filgueiras\",\"@id\":\"https:\/\/portalfadesp.org.br\/#\/schema\/person\/c1fa9db0c87dc412d1568e0e5e27be9c\"},\"headline\":\"Informe sobre suspens\u00e3o do Sa\u00fade Bel\u00e9m Digital\",\"datePublished\":\"2025-03-01T13:14:14+00:00\",\"dateModified\":\"2025-03-01T13:15:31+00:00\",\"mainEntityOfPage\":{\"@id\":\"https:\/\/portalfadesp.org.br\/?p=48453\"},\"wordCount\":322,\"publisher\":{\"@id\":\"https:\/\/portalfadesp.org.br\/#organization\"},\"image\":{\"@id\":\"https:\/\/portalfadesp.org.br\/?p=48453#primaryimage\"},\"thumbnailUrl\":\"https:\/\/portalfadesp.org.br\/wp-content\/uploads\/2025\/03\/INFORME.jpeg\",\"articleSection\":[\"Destaque\"],\"inLanguage\":\"pt-BR\"},{\"@type\":\"WebPage\",\"@id\":\"https:\/\/portalfadesp.org.br\/?p=48453\",\"url\":\"https:\/\/portalfadesp.org.br\/?p=48453\",\"name\":\"Informe sobre suspens\u00e3o do Sa\u00fade Bel\u00e9m Digital - FADESP\",\"isPartOf\":{\"@id\":\"https:\/\/portalfadesp.org.br\/#website\"},\"primaryImageOfPage\":{\"@id\":\"https:\/\/portalfadesp.org.br\/?p=48453#primaryimage\"},\"image\":{\"@id\":\"https:\/\/portalfadesp.org.br\/?p=48453#primaryimage\"},\"thumbnailUrl\":\"https:\/\/portalfadesp.org.br\/wp-content\/uploads\/2025\/03\/INFORME.jpeg\",\"datePublished\":\"2025-03-01T13:14:14+00:00\",\"dateModified\":\"2025-03-01T13:15:31+00:00\",\"breadcrumb\":{\"@id\":\"https:\/\/portalfadesp.org.br\/?p=48453#breadcrumb\"},\"inLanguage\":\"pt-BR\",\"potentialAction\":[{\"@type\":\"ReadAction\",\"target\":[\"https:\/\/portalfadesp.org.br\/?p=48453\"]}]},{\"@type\":\"ImageObject\",\"inLanguage\":\"pt-BR\",\"@id\":\"https:\/\/portalfadesp.org.br\/?p=48453#primaryimage\",\"url\":\"https:\/\/portalfadesp.org.br\/wp-content\/uploads\/2025\/03\/INFORME.jpeg\",\"contentUrl\":\"https:\/\/portalfadesp.org.br\/wp-content\/uploads\/2025\/03\/INFORME.jpeg\",\"width\":1600,\"height\":478},{\"@type\":\"BreadcrumbList\",\"@id\":\"https:\/\/portalfadesp.org.br\/?p=48453#breadcrumb\",\"itemListElement\":[{\"@type\":\"ListItem\",\"position\":1,\"name\":\"In\u00edcio\",\"item\":\"https:\/\/portalfadesp.org.br\/\"},{\"@type\":\"ListItem\",\"position\":2,\"name\":\"Informe sobre suspens\u00e3o do Sa\u00fade Bel\u00e9m Digital\"}]},{\"@type\":\"WebSite\",\"@id\":\"https:\/\/portalfadesp.org.br\/#website\",\"url\":\"https:\/\/portalfadesp.org.br\/\",\"name\":\"FADESP\",\"description\":\"Funda\u00e7\u00e3o de Amparo e Desenvolvimento da Pesquisa\",\"publisher\":{\"@id\":\"https:\/\/portalfadesp.org.br\/#organization\"},\"potentialAction\":[{\"@type\":\"SearchAction\",\"target\":{\"@type\":\"EntryPoint\",\"urlTemplate\":\"https:\/\/portalfadesp.org.br\/?s={search_term_string}\"},\"query-input\":{\"@type\":\"PropertyValueSpecification\",\"valueRequired\":true,\"valueName\":\"search_term_string\"}}],\"inLanguage\":\"pt-BR\"},{\"@type\":\"Organization\",\"@id\":\"https:\/\/portalfadesp.org.br\/#organization\",\"name\":\"FADESP\",\"url\":\"https:\/\/portalfadesp.org.br\/\",\"logo\":{\"@type\":\"ImageObject\",\"inLanguage\":\"pt-BR\",\"@id\":\"https:\/\/portalfadesp.org.br\/#\/schema\/logo\/image\/\",\"url\":\"https:\/\/portalfadesp.org.br\/wp-content\/uploads\/2024\/01\/NOVOLOGOFADESPlaranjaH.png\",\"contentUrl\":\"https:\/\/portalfadesp.org.br\/wp-content\/uploads\/2024\/01\/NOVOLOGOFADESPlaranjaH.png\",\"width\":2742,\"height\":839,\"caption\":\"FADESP\"},\"image\":{\"@id\":\"https:\/\/portalfadesp.org.br\/#\/schema\/logo\/image\/\"},\"sameAs\":[\"https:\/\/www.facebook.com\/Fadesp-138351949524662\/\",\"https:\/\/x.com\/Fadesp\",\"https:\/\/www.instagram.com\/fadesp_ufpa\/\",\"https:\/\/www.youtube.com\/@fundacaodeamparoedesenvolv1903\",\"https:\/\/www.threads.net\/@fadesp_ufpa\"]},{\"@type\":\"Person\",\"@id\":\"https:\/\/portalfadesp.org.br\/#\/schema\/person\/c1fa9db0c87dc412d1568e0e5e27be9c\",\"name\":\"Lorena Filgueiras\",\"image\":{\"@type\":\"ImageObject\",\"inLanguage\":\"pt-BR\",\"@id\":\"https:\/\/portalfadesp.org.br\/#\/schema\/person\/image\/\",\"url\":\"https:\/\/secure.gravatar.com\/avatar\/37390a2dfe1325c2917fc5f6df471abe8ab753cf23b2d14690f57bd61ab4b7cf?s=96&d=mm&r=g\",\"contentUrl\":\"https:\/\/secure.gravatar.com\/avatar\/37390a2dfe1325c2917fc5f6df471abe8ab753cf23b2d14690f57bd61ab4b7cf?s=96&d=mm&r=g\",\"caption\":\"Lorena Filgueiras\"},\"url\":\"https:\/\/portalfadesp.org.br\/?author=11\"}]}<\/script>\n<!-- \/ Yoast SEO plugin. -->","yoast_head_json":{"title":"Informe sobre suspens\u00e3o do Sa\u00fade Bel\u00e9m Digital - FADESP","robots":{"index":"index","follow":"follow","max-snippet":"max-snippet:-1","max-image-preview":"max-image-preview:large","max-video-preview":"max-video-preview:-1"},"canonical":"https:\/\/portalfadesp.org.br\/?p=48453","og_locale":"pt_BR","og_type":"article","og_title":"Informe sobre suspens\u00e3o do Sa\u00fade Bel\u00e9m Digital - FADESP","og_description":"A Funda\u00e7\u00e3o de Amparo e Desenvolvimento da Pesquisa (FADESP) informa que o servi\u00e7o Sa\u00fade Bel\u00e9m Digital est\u00e1 suspenso a partir de hoje, 1\u00ba de mar\u00e7o de 2025. A medida d\u00e1 cumprimento imediato ao termo assinado pelo titular da Secretaria Municipal de Sa\u00fade (SESMA), que suspende o contrato n\u00ba 257\/2024-SESMA.\u00a0 Lan\u00e7ado oficialmente em agosto de 2024, [&hellip;]","og_url":"https:\/\/portalfadesp.org.br\/?p=48453","og_site_name":"FADESP","article_publisher":"https:\/\/www.facebook.com\/Fadesp-138351949524662\/","article_published_time":"2025-03-01T13:14:14+00:00","article_modified_time":"2025-03-01T13:15:31+00:00","og_image":[{"width":1600,"height":478,"url":"https:\/\/portalfadesp.org.br\/wp-content\/uploads\/2025\/03\/INFORME.jpeg","type":"image\/jpeg"}],"author":"Lorena Filgueiras","twitter_card":"summary_large_image","twitter_creator":"@Fadesp","twitter_site":"@Fadesp","twitter_misc":{"Escrito por":"Lorena Filgueiras","Est. tempo de leitura":"2 minutos"},"schema":{"@context":"https:\/\/schema.org","@graph":[{"@type":"Article","@id":"https:\/\/portalfadesp.org.br\/?p=48453#article","isPartOf":{"@id":"https:\/\/portalfadesp.org.br\/?p=48453"},"author":{"name":"Lorena Filgueiras","@id":"https:\/\/portalfadesp.org.br\/#\/schema\/person\/c1fa9db0c87dc412d1568e0e5e27be9c"},"headline":"Informe sobre suspens\u00e3o do Sa\u00fade Bel\u00e9m Digital","datePublished":"2025-03-01T13:14:14+00:00","dateModified":"2025-03-01T13:15:31+00:00","mainEntityOfPage":{"@id":"https:\/\/portalfadesp.org.br\/?p=48453"},"wordCount":322,"publisher":{"@id":"https:\/\/portalfadesp.org.br\/#organization"},"image":{"@id":"https:\/\/portalfadesp.org.br\/?p=48453#primaryimage"},"thumbnailUrl":"https:\/\/portalfadesp.org.br\/wp-content\/uploads\/2025\/03\/INFORME.jpeg","articleSection":["Destaque"],"inLanguage":"pt-BR"},{"@type":"WebPage","@id":"https:\/\/portalfadesp.org.br\/?p=48453","url":"https:\/\/portalfadesp.org.br\/?p=48453","name":"Informe sobre suspens\u00e3o do Sa\u00fade Bel\u00e9m Digital - FADESP","isPartOf":{"@id":"https:\/\/portalfadesp.org.br\/#website"},"primaryImageOfPage":{"@id":"https:\/\/portalfadesp.org.br\/?p=48453#primaryimage"},"image":{"@id":"https:\/\/portalfadesp.org.br\/?p=48453#primaryimage"},"thumbnailUrl":"https:\/\/portalfadesp.org.br\/wp-content\/uploads\/2025\/03\/INFORME.jpeg","datePublished":"2025-03-01T13:14:14+00:00","dateModified":"2025-03-01T13:15:31+00:00","breadcrumb":{"@id":"https:\/\/portalfadesp.org.br\/?p=48453#breadcrumb"},"inLanguage":"pt-BR","potentialAction":[{"@type":"ReadAction","target":["https:\/\/portalfadesp.org.br\/?p=48453"]}]},{"@type":"ImageObject","inLanguage":"pt-BR","@id":"https:\/\/portalfadesp.org.br\/?p=48453#primaryimage","url":"https:\/\/portalfadesp.org.br\/wp-content\/uploads\/2025\/03\/INFORME.jpeg","contentUrl":"https:\/\/portalfadesp.org.br\/wp-content\/uploads\/2025\/03\/INFORME.jpeg","width":1600,"height":478},{"@type":"BreadcrumbList","@id":"https:\/\/portalfadesp.org.br\/?p=48453#breadcrumb","itemListElement":[{"@type":"ListItem","position":1,"name":"In\u00edcio","item":"https:\/\/portalfadesp.org.br\/"},{"@type":"ListItem","position":2,"name":"Informe sobre suspens\u00e3o do Sa\u00fade Bel\u00e9m Digital"}]},{"@type":"WebSite","@id":"https:\/\/portalfadesp.org.br\/#website","url":"https:\/\/portalfadesp.org.br\/","name":"FADESP","description":"Funda\u00e7\u00e3o de Amparo e Desenvolvimento da Pesquisa","publisher":{"@id":"https:\/\/portalfadesp.org.br\/#organization"},"potentialAction":[{"@type":"SearchAction","target":{"@type":"EntryPoint","urlTemplate":"https:\/\/portalfadesp.org.br\/?s={search_term_string}"},"query-input":{"@type":"PropertyValueSpecification","valueRequired":true,"valueName":"search_term_string"}}],"inLanguage":"pt-BR"},{"@type":"Organization","@id":"https:\/\/portalfadesp.org.br\/#organization","name":"FADESP","url":"https:\/\/portalfadesp.org.br\/","logo":{"@type":"ImageObject","inLanguage":"pt-BR","@id":"https:\/\/portalfadesp.org.br\/#\/schema\/logo\/image\/","url":"https:\/\/portalfadesp.org.br\/wp-content\/uploads\/2024\/01\/NOVOLOGOFADESPlaranjaH.png","contentUrl":"https:\/\/portalfadesp.org.br\/wp-content\/uploads\/2024\/01\/NOVOLOGOFADESPlaranjaH.png","width":2742,"height":839,"caption":"FADESP"},"image":{"@id":"https:\/\/portalfadesp.org.br\/#\/schema\/logo\/image\/"},"sameAs":["https:\/\/www.facebook.com\/Fadesp-138351949524662\/","https:\/\/x.com\/Fadesp","https:\/\/www.instagram.com\/fadesp_ufpa\/","https:\/\/www.youtube.com\/@fundacaodeamparoedesenvolv1903","https:\/\/www.threads.net\/@fadesp_ufpa"]},{"@type":"Person","@id":"https:\/\/portalfadesp.org.br\/#\/schema\/person\/c1fa9db0c87dc412d1568e0e5e27be9c","name":"Lorena Filgueiras","image":{"@type":"ImageObject","inLanguage":"pt-BR","@id":"https:\/\/portalfadesp.org.br\/#\/schema\/person\/image\/","url":"https:\/\/secure.gravatar.com\/avatar\/37390a2dfe1325c2917fc5f6df471abe8ab753cf23b2d14690f57bd61ab4b7cf?s=96&d=mm&r=g","contentUrl":"https:\/\/secure.gravatar.com\/avatar\/37390a2dfe1325c2917fc5f6df471abe8ab753cf23b2d14690f57bd61ab4b7cf?s=96&d=mm&r=g","caption":"Lorena Filgueiras"},"url":"https:\/\/portalfadesp.org.br\/?author=11"}]}},"_links":{"self":[{"href":"https:\/\/portalfadesp.org.br\/index.php?rest_route=\/wp\/v2\/posts\/48453","targetHints":{"allow":["GET"]}}],"collection":[{"href":"https:\/\/portalfadesp.org.br\/index.php?rest_route=\/wp\/v2\/posts"}],"about":[{"href":"https:\/\/portalfadesp.org.br\/index.php?rest_route=\/wp\/v2\/types\/post"}],"author":[{"embeddable":true,"href":"https:\/\/portalfadesp.org.br\/index.php?rest_route=\/wp\/v2\/users\/11"}],"replies":[{"embeddable":true,"href":"https:\/\/portalfadesp.org.br\/index.php?rest_route=%2Fwp%2Fv2%2Fcomments&post=48453"}],"version-history":[{"count":2,"href":"https:\/\/portalfadesp.org.br\/index.php?rest_route=\/wp\/v2\/posts\/48453\/revisions"}],"predecessor-version":[{"id":48464,"href":"https:\/\/portalfadesp.org.br\/index.php?rest_route=\/wp\/v2\/posts\/48453\/revisions\/48464"}],"wp:featuredmedia":[{"embeddable":true,"href":"https:\/\/portalfadesp.org.br\/index.php?rest_route=\/wp\/v2\/media\/48461"}],"wp:attachment":[{"href":"https:\/\/portalfadesp.org.br\/index.php?rest_route=%2Fwp%2Fv2%2Fmedia&parent=48453"}],"wp:term":[{"taxonomy":"category","embeddable":true,"href":"https:\/\/portalfadesp.org.br\/index.php?rest_route=%2Fwp%2Fv2%2Fcategories&post=48453"},{"taxonomy":"post_tag","embeddable":true,"href":"https:\/\/portalfadesp.org.br\/index.php?rest_route=%2Fwp%2Fv2%2Ftags&post=48453"}],"curies":[{"name":"wp","href":"https:\/\/api.w.org\/{rel}","templated":true}]}}