{"id":48290,"date":"2025-02-14T16:22:34","date_gmt":"2025-02-14T19:22:34","guid":{"rendered":"https:\/\/portalfadesp.org.br\/?p=48290"},"modified":"2025-02-14T16:26:25","modified_gmt":"2025-02-14T19:26:25","slug":"nova-data-de-inicio-das-inscricoes-do-concurso-publico-para-guarda-municipal-de-maraba-prefeitura-municipal-de-maraba","status":"publish","type":"post","link":"https:\/\/portalfadesp.org.br\/?p=48290","title":{"rendered":"Nova data de in\u00edcio das inscri\u00e7\u00f5es do Concurso P\u00fablico para Guarda Municipal de Marab\u00e1 Prefeitura Municipal de Marab\u00e1"},"content":{"rendered":"\n<p>A Funda\u00e7\u00e3o de Amparo e Desenvolvimento da Pesquisa torna p\u00fablica nota da PMB sobre nova data de in\u00edcio das inscri\u00e7\u00f5es para o concurso p\u00fablico da Guarda Municipal de Marab\u00e1<\/p>\n\n\n\n<div style=\"height:24px\" aria-hidden=\"true\" class=\"wp-block-spacer\"><\/div>\n\n\n\n<p><strong>AVISO DE ADIAMENTO<\/strong><\/p>\n\n\n\n<div style=\"height:23px\" aria-hidden=\"true\" class=\"wp-block-spacer\"><\/div>\n\n\n\n<p>O MUNIC\u00cdPIO DE MARAB\u00c1 \u2013 PREFEITURA MUNICIPAL, pessoa jur\u00eddica de direito p\u00fablico, inscrito no CNPJ\/MF sob o n.\u00ba 05.853.163\/0001-30, com sede administrativa na Folha 31, Lote e Quadras Especiais, Nova Marab\u00e1, Estado do Par\u00e1, considerando a necessidade de assegurar o regular andamento do certame, torna p\u00fablico o adiamento do in\u00edcio das inscri\u00e7\u00f5es para o CONCURSO P\u00daBLICO PARA GUARDA MUNICIPAL DE MARAB\u00c1 \u2013 EDITAL N.\u00ba 01\/2024, para o dia 02 de abril de 2025.<br>Antes do per\u00edodo de inscri\u00e7\u00f5es o cronograma completo do Concurso P\u00fablico ser\u00e1 divulgado.<\/p>\n\n\n\n<div style=\"height:22px\" aria-hidden=\"true\" class=\"wp-block-spacer\"><\/div>\n\n\n\n<p>Marab\u00e1, 14 de fevereiro de 2025<\/p>\n\n\n\n<div style=\"height:24px\" aria-hidden=\"true\" class=\"wp-block-spacer\"><\/div>\n\n\n\n<p>Jose Nilton de Medeiros<br>Secret\u00e1rio M. de Administra\u00e7\u00e3o<br>Port. N.\u00ba 003\/2025-GP<\/p>\n","protected":false},"excerpt":{"rendered":"<p>A Funda\u00e7\u00e3o de Amparo e Desenvolvimento da Pesquisa torna p\u00fablica nota da PMB sobre nova data de in\u00edcio das inscri\u00e7\u00f5es para o concurso p\u00fablico da Guarda Municipal de Marab\u00e1 AVISO DE ADIAMENTO O MUNIC\u00cdPIO DE MARAB\u00c1 \u2013 PREFEITURA MUNICIPAL, pessoa jur\u00eddica de direito p\u00fablico, inscrito no CNPJ\/MF sob o n.\u00ba 05.853.163\/0001-30, com sede administrativa na [&hellip;]<\/p>\n","protected":false},"author":12,"featured_media":48295,"comment_status":"closed","ping_status":"closed","sticky":false,"template":"","format":"standard","meta":{"_monsterinsights_skip_tracking":false,"_monsterinsights_sitenote_active":false,"_monsterinsights_sitenote_note":"","_monsterinsights_sitenote_category":0,"footnotes":""},"categories":[60,61],"tags":[],"class_list":["post-48290","post","type-post","status-publish","format-standard","has-post-thumbnail","hentry","category-destaque","category-destaque-concurso","entry","has-media"],"yoast_head":"<!-- This site is optimized with the Yoast SEO plugin v25.1 - https:\/\/yoast.com\/wordpress\/plugins\/seo\/ -->\n<title>Nova data de in\u00edcio das inscri\u00e7\u00f5es do Concurso P\u00fablico para Guarda Municipal de Marab\u00e1 Prefeitura Municipal de Marab\u00e1 - FADESP<\/title>\n<meta name=\"robots\" content=\"index, follow, max-snippet:-1, max-image-preview:large, max-video-preview:-1\" \/>\n<link rel=\"canonical\" href=\"https:\/\/portalfadesp.org.br\/?p=48290\" \/>\n<meta property=\"og:locale\" content=\"pt_BR\" \/>\n<meta property=\"og:type\" content=\"article\" \/>\n<meta property=\"og:title\" content=\"Nova data de in\u00edcio das inscri\u00e7\u00f5es do Concurso P\u00fablico para Guarda Municipal de Marab\u00e1 Prefeitura Municipal de Marab\u00e1 - FADESP\" \/>\n<meta property=\"og:description\" content=\"A Funda\u00e7\u00e3o de Amparo e Desenvolvimento da Pesquisa torna p\u00fablica nota da PMB sobre nova data de in\u00edcio das inscri\u00e7\u00f5es para o concurso p\u00fablico da Guarda Municipal de Marab\u00e1 AVISO DE ADIAMENTO O MUNIC\u00cdPIO DE MARAB\u00c1 \u2013 PREFEITURA MUNICIPAL, pessoa jur\u00eddica de direito p\u00fablico, inscrito no CNPJ\/MF sob o n.\u00ba 05.853.163\/0001-30, com sede administrativa na [&hellip;]\" \/>\n<meta property=\"og:url\" content=\"https:\/\/portalfadesp.org.br\/?p=48290\" \/>\n<meta property=\"og:site_name\" content=\"FADESP\" \/>\n<meta property=\"article:publisher\" content=\"https:\/\/www.facebook.com\/Fadesp-138351949524662\/\" \/>\n<meta property=\"article:published_time\" content=\"2025-02-14T19:22:34+00:00\" \/>\n<meta property=\"article:modified_time\" content=\"2025-02-14T19:26:25+00:00\" \/>\n<meta property=\"og:image\" content=\"https:\/\/portalfadesp.org.br\/wp-content\/uploads\/2025\/02\/WhatsApp-Image-2025-02-14-at-16.10.52.jpeg\" \/>\n\t<meta property=\"og:image:width\" content=\"1506\" \/>\n\t<meta property=\"og:image:height\" content=\"446\" \/>\n\t<meta property=\"og:image:type\" content=\"image\/jpeg\" \/>\n<meta name=\"author\" content=\"Brena Marques\" \/>\n<meta name=\"twitter:card\" content=\"summary_large_image\" \/>\n<meta name=\"twitter:creator\" content=\"@Fadesp\" \/>\n<meta name=\"twitter:site\" content=\"@Fadesp\" \/>\n<meta name=\"twitter:label1\" content=\"Escrito por\" \/>\n\t<meta name=\"twitter:data1\" content=\"Brena Marques\" \/>\n\t<meta name=\"twitter:label2\" content=\"Est. tempo de leitura\" \/>\n\t<meta name=\"twitter:data2\" content=\"1 minuto\" \/>\n<script type=\"application\/ld+json\" class=\"yoast-schema-graph\">{\"@context\":\"https:\/\/schema.org\",\"@graph\":[{\"@type\":\"Article\",\"@id\":\"https:\/\/portalfadesp.org.br\/?p=48290#article\",\"isPartOf\":{\"@id\":\"https:\/\/portalfadesp.org.br\/?p=48290\"},\"author\":{\"name\":\"Brena Marques\",\"@id\":\"https:\/\/portalfadesp.org.br\/#\/schema\/person\/31709c4c8ec92d6bbdd2c1da60cf8d66\"},\"headline\":\"Nova data de in\u00edcio das inscri\u00e7\u00f5es do Concurso P\u00fablico para Guarda Municipal de Marab\u00e1 Prefeitura Municipal de Marab\u00e1\",\"datePublished\":\"2025-02-14T19:22:34+00:00\",\"dateModified\":\"2025-02-14T19:26:25+00:00\",\"mainEntityOfPage\":{\"@id\":\"https:\/\/portalfadesp.org.br\/?p=48290\"},\"wordCount\":164,\"publisher\":{\"@id\":\"https:\/\/portalfadesp.org.br\/#organization\"},\"image\":{\"@id\":\"https:\/\/portalfadesp.org.br\/?p=48290#primaryimage\"},\"thumbnailUrl\":\"https:\/\/portalfadesp.org.br\/wp-content\/uploads\/2025\/02\/WhatsApp-Image-2025-02-14-at-16.10.52.jpeg\",\"articleSection\":[\"Destaque\",\"Destaque Concurso\"],\"inLanguage\":\"pt-BR\"},{\"@type\":\"WebPage\",\"@id\":\"https:\/\/portalfadesp.org.br\/?p=48290\",\"url\":\"https:\/\/portalfadesp.org.br\/?p=48290\",\"name\":\"Nova data de in\u00edcio das inscri\u00e7\u00f5es do Concurso P\u00fablico para Guarda Municipal de Marab\u00e1 Prefeitura Municipal de Marab\u00e1 - FADESP\",\"isPartOf\":{\"@id\":\"https:\/\/portalfadesp.org.br\/#website\"},\"primaryImageOfPage\":{\"@id\":\"https:\/\/portalfadesp.org.br\/?p=48290#primaryimage\"},\"image\":{\"@id\":\"https:\/\/portalfadesp.org.br\/?p=48290#primaryimage\"},\"thumbnailUrl\":\"https:\/\/portalfadesp.org.br\/wp-content\/uploads\/2025\/02\/WhatsApp-Image-2025-02-14-at-16.10.52.jpeg\",\"datePublished\":\"2025-02-14T19:22:34+00:00\",\"dateModified\":\"2025-02-14T19:26:25+00:00\",\"breadcrumb\":{\"@id\":\"https:\/\/portalfadesp.org.br\/?p=48290#breadcrumb\"},\"inLanguage\":\"pt-BR\",\"potentialAction\":[{\"@type\":\"ReadAction\",\"target\":[\"https:\/\/portalfadesp.org.br\/?p=48290\"]}]},{\"@type\":\"ImageObject\",\"inLanguage\":\"pt-BR\",\"@id\":\"https:\/\/portalfadesp.org.br\/?p=48290#primaryimage\",\"url\":\"https:\/\/portalfadesp.org.br\/wp-content\/uploads\/2025\/02\/WhatsApp-Image-2025-02-14-at-16.10.52.jpeg\",\"contentUrl\":\"https:\/\/portalfadesp.org.br\/wp-content\/uploads\/2025\/02\/WhatsApp-Image-2025-02-14-at-16.10.52.jpeg\",\"width\":1506,\"height\":446},{\"@type\":\"BreadcrumbList\",\"@id\":\"https:\/\/portalfadesp.org.br\/?p=48290#breadcrumb\",\"itemListElement\":[{\"@type\":\"ListItem\",\"position\":1,\"name\":\"In\u00edcio\",\"item\":\"https:\/\/portalfadesp.org.br\/\"},{\"@type\":\"ListItem\",\"position\":2,\"name\":\"Nova data de in\u00edcio das inscri\u00e7\u00f5es do Concurso P\u00fablico para Guarda Municipal de Marab\u00e1 Prefeitura Municipal de Marab\u00e1\"}]},{\"@type\":\"WebSite\",\"@id\":\"https:\/\/portalfadesp.org.br\/#website\",\"url\":\"https:\/\/portalfadesp.org.br\/\",\"name\":\"FADESP\",\"description\":\"Funda\u00e7\u00e3o de Amparo e Desenvolvimento da Pesquisa\",\"publisher\":{\"@id\":\"https:\/\/portalfadesp.org.br\/#organization\"},\"potentialAction\":[{\"@type\":\"SearchAction\",\"target\":{\"@type\":\"EntryPoint\",\"urlTemplate\":\"https:\/\/portalfadesp.org.br\/?s={search_term_string}\"},\"query-input\":{\"@type\":\"PropertyValueSpecification\",\"valueRequired\":true,\"valueName\":\"search_term_string\"}}],\"inLanguage\":\"pt-BR\"},{\"@type\":\"Organization\",\"@id\":\"https:\/\/portalfadesp.org.br\/#organization\",\"name\":\"FADESP\",\"url\":\"https:\/\/portalfadesp.org.br\/\",\"logo\":{\"@type\":\"ImageObject\",\"inLanguage\":\"pt-BR\",\"@id\":\"https:\/\/portalfadesp.org.br\/#\/schema\/logo\/image\/\",\"url\":\"https:\/\/portalfadesp.org.br\/wp-content\/uploads\/2024\/01\/NOVOLOGOFADESPlaranjaH.png\",\"contentUrl\":\"https:\/\/portalfadesp.org.br\/wp-content\/uploads\/2024\/01\/NOVOLOGOFADESPlaranjaH.png\",\"width\":2742,\"height\":839,\"caption\":\"FADESP\"},\"image\":{\"@id\":\"https:\/\/portalfadesp.org.br\/#\/schema\/logo\/image\/\"},\"sameAs\":[\"https:\/\/www.facebook.com\/Fadesp-138351949524662\/\",\"https:\/\/x.com\/Fadesp\",\"https:\/\/www.instagram.com\/fadesp_ufpa\/\",\"https:\/\/www.youtube.com\/@fundacaodeamparoedesenvolv1903\",\"https:\/\/www.threads.net\/@fadesp_ufpa\"]},{\"@type\":\"Person\",\"@id\":\"https:\/\/portalfadesp.org.br\/#\/schema\/person\/31709c4c8ec92d6bbdd2c1da60cf8d66\",\"name\":\"Brena Marques\",\"image\":{\"@type\":\"ImageObject\",\"inLanguage\":\"pt-BR\",\"@id\":\"https:\/\/portalfadesp.org.br\/#\/schema\/person\/image\/\",\"url\":\"https:\/\/secure.gravatar.com\/avatar\/d8709cd0de324fbec018b6878350216726d26c3436f44ebee8f3db75e29728f3?s=96&d=mm&r=g\",\"contentUrl\":\"https:\/\/secure.gravatar.com\/avatar\/d8709cd0de324fbec018b6878350216726d26c3436f44ebee8f3db75e29728f3?s=96&d=mm&r=g\",\"caption\":\"Brena Marques\"},\"url\":\"https:\/\/portalfadesp.org.br\/?author=12\"}]}<\/script>\n<!-- \/ Yoast SEO plugin. -->","yoast_head_json":{"title":"Nova data de in\u00edcio das inscri\u00e7\u00f5es do Concurso P\u00fablico para Guarda Municipal de Marab\u00e1 Prefeitura Municipal de Marab\u00e1 - FADESP","robots":{"index":"index","follow":"follow","max-snippet":"max-snippet:-1","max-image-preview":"max-image-preview:large","max-video-preview":"max-video-preview:-1"},"canonical":"https:\/\/portalfadesp.org.br\/?p=48290","og_locale":"pt_BR","og_type":"article","og_title":"Nova data de in\u00edcio das inscri\u00e7\u00f5es do Concurso P\u00fablico para Guarda Municipal de Marab\u00e1 Prefeitura Municipal de Marab\u00e1 - FADESP","og_description":"A Funda\u00e7\u00e3o de Amparo e Desenvolvimento da Pesquisa torna p\u00fablica nota da PMB sobre nova data de in\u00edcio das inscri\u00e7\u00f5es para o concurso p\u00fablico da Guarda Municipal de Marab\u00e1 AVISO DE ADIAMENTO O MUNIC\u00cdPIO DE MARAB\u00c1 \u2013 PREFEITURA MUNICIPAL, pessoa jur\u00eddica de direito p\u00fablico, inscrito no CNPJ\/MF sob o n.\u00ba 05.853.163\/0001-30, com sede administrativa na [&hellip;]","og_url":"https:\/\/portalfadesp.org.br\/?p=48290","og_site_name":"FADESP","article_publisher":"https:\/\/www.facebook.com\/Fadesp-138351949524662\/","article_published_time":"2025-02-14T19:22:34+00:00","article_modified_time":"2025-02-14T19:26:25+00:00","og_image":[{"width":1506,"height":446,"url":"https:\/\/portalfadesp.org.br\/wp-content\/uploads\/2025\/02\/WhatsApp-Image-2025-02-14-at-16.10.52.jpeg","type":"image\/jpeg"}],"author":"Brena Marques","twitter_card":"summary_large_image","twitter_creator":"@Fadesp","twitter_site":"@Fadesp","twitter_misc":{"Escrito por":"Brena Marques","Est. tempo de leitura":"1 minuto"},"schema":{"@context":"https:\/\/schema.org","@graph":[{"@type":"Article","@id":"https:\/\/portalfadesp.org.br\/?p=48290#article","isPartOf":{"@id":"https:\/\/portalfadesp.org.br\/?p=48290"},"author":{"name":"Brena Marques","@id":"https:\/\/portalfadesp.org.br\/#\/schema\/person\/31709c4c8ec92d6bbdd2c1da60cf8d66"},"headline":"Nova data de in\u00edcio das inscri\u00e7\u00f5es do Concurso P\u00fablico para Guarda Municipal de Marab\u00e1 Prefeitura Municipal de Marab\u00e1","datePublished":"2025-02-14T19:22:34+00:00","dateModified":"2025-02-14T19:26:25+00:00","mainEntityOfPage":{"@id":"https:\/\/portalfadesp.org.br\/?p=48290"},"wordCount":164,"publisher":{"@id":"https:\/\/portalfadesp.org.br\/#organization"},"image":{"@id":"https:\/\/portalfadesp.org.br\/?p=48290#primaryimage"},"thumbnailUrl":"https:\/\/portalfadesp.org.br\/wp-content\/uploads\/2025\/02\/WhatsApp-Image-2025-02-14-at-16.10.52.jpeg","articleSection":["Destaque","Destaque Concurso"],"inLanguage":"pt-BR"},{"@type":"WebPage","@id":"https:\/\/portalfadesp.org.br\/?p=48290","url":"https:\/\/portalfadesp.org.br\/?p=48290","name":"Nova data de in\u00edcio das inscri\u00e7\u00f5es do Concurso P\u00fablico para Guarda Municipal de Marab\u00e1 Prefeitura Municipal de Marab\u00e1 - FADESP","isPartOf":{"@id":"https:\/\/portalfadesp.org.br\/#website"},"primaryImageOfPage":{"@id":"https:\/\/portalfadesp.org.br\/?p=48290#primaryimage"},"image":{"@id":"https:\/\/portalfadesp.org.br\/?p=48290#primaryimage"},"thumbnailUrl":"https:\/\/portalfadesp.org.br\/wp-content\/uploads\/2025\/02\/WhatsApp-Image-2025-02-14-at-16.10.52.jpeg","datePublished":"2025-02-14T19:22:34+00:00","dateModified":"2025-02-14T19:26:25+00:00","breadcrumb":{"@id":"https:\/\/portalfadesp.org.br\/?p=48290#breadcrumb"},"inLanguage":"pt-BR","potentialAction":[{"@type":"ReadAction","target":["https:\/\/portalfadesp.org.br\/?p=48290"]}]},{"@type":"ImageObject","inLanguage":"pt-BR","@id":"https:\/\/portalfadesp.org.br\/?p=48290#primaryimage","url":"https:\/\/portalfadesp.org.br\/wp-content\/uploads\/2025\/02\/WhatsApp-Image-2025-02-14-at-16.10.52.jpeg","contentUrl":"https:\/\/portalfadesp.org.br\/wp-content\/uploads\/2025\/02\/WhatsApp-Image-2025-02-14-at-16.10.52.jpeg","width":1506,"height":446},{"@type":"BreadcrumbList","@id":"https:\/\/portalfadesp.org.br\/?p=48290#breadcrumb","itemListElement":[{"@type":"ListItem","position":1,"name":"In\u00edcio","item":"https:\/\/portalfadesp.org.br\/"},{"@type":"ListItem","position":2,"name":"Nova data de in\u00edcio das inscri\u00e7\u00f5es do Concurso P\u00fablico para Guarda Municipal de Marab\u00e1 Prefeitura Municipal de Marab\u00e1"}]},{"@type":"WebSite","@id":"https:\/\/portalfadesp.org.br\/#website","url":"https:\/\/portalfadesp.org.br\/","name":"FADESP","description":"Funda\u00e7\u00e3o de Amparo e Desenvolvimento da Pesquisa","publisher":{"@id":"https:\/\/portalfadesp.org.br\/#organization"},"potentialAction":[{"@type":"SearchAction","target":{"@type":"EntryPoint","urlTemplate":"https:\/\/portalfadesp.org.br\/?s={search_term_string}"},"query-input":{"@type":"PropertyValueSpecification","valueRequired":true,"valueName":"search_term_string"}}],"inLanguage":"pt-BR"},{"@type":"Organization","@id":"https:\/\/portalfadesp.org.br\/#organization","name":"FADESP","url":"https:\/\/portalfadesp.org.br\/","logo":{"@type":"ImageObject","inLanguage":"pt-BR","@id":"https:\/\/portalfadesp.org.br\/#\/schema\/logo\/image\/","url":"https:\/\/portalfadesp.org.br\/wp-content\/uploads\/2024\/01\/NOVOLOGOFADESPlaranjaH.png","contentUrl":"https:\/\/portalfadesp.org.br\/wp-content\/uploads\/2024\/01\/NOVOLOGOFADESPlaranjaH.png","width":2742,"height":839,"caption":"FADESP"},"image":{"@id":"https:\/\/portalfadesp.org.br\/#\/schema\/logo\/image\/"},"sameAs":["https:\/\/www.facebook.com\/Fadesp-138351949524662\/","https:\/\/x.com\/Fadesp","https:\/\/www.instagram.com\/fadesp_ufpa\/","https:\/\/www.youtube.com\/@fundacaodeamparoedesenvolv1903","https:\/\/www.threads.net\/@fadesp_ufpa"]},{"@type":"Person","@id":"https:\/\/portalfadesp.org.br\/#\/schema\/person\/31709c4c8ec92d6bbdd2c1da60cf8d66","name":"Brena Marques","image":{"@type":"ImageObject","inLanguage":"pt-BR","@id":"https:\/\/portalfadesp.org.br\/#\/schema\/person\/image\/","url":"https:\/\/secure.gravatar.com\/avatar\/d8709cd0de324fbec018b6878350216726d26c3436f44ebee8f3db75e29728f3?s=96&d=mm&r=g","contentUrl":"https:\/\/secure.gravatar.com\/avatar\/d8709cd0de324fbec018b6878350216726d26c3436f44ebee8f3db75e29728f3?s=96&d=mm&r=g","caption":"Brena Marques"},"url":"https:\/\/portalfadesp.org.br\/?author=12"}]}},"_links":{"self":[{"href":"https:\/\/portalfadesp.org.br\/index.php?rest_route=\/wp\/v2\/posts\/48290","targetHints":{"allow":["GET"]}}],"collection":[{"href":"https:\/\/portalfadesp.org.br\/index.php?rest_route=\/wp\/v2\/posts"}],"about":[{"href":"https:\/\/portalfadesp.org.br\/index.php?rest_route=\/wp\/v2\/types\/post"}],"author":[{"embeddable":true,"href":"https:\/\/portalfadesp.org.br\/index.php?rest_route=\/wp\/v2\/users\/12"}],"replies":[{"embeddable":true,"href":"https:\/\/portalfadesp.org.br\/index.php?rest_route=%2Fwp%2Fv2%2Fcomments&post=48290"}],"version-history":[{"count":2,"href":"https:\/\/portalfadesp.org.br\/index.php?rest_route=\/wp\/v2\/posts\/48290\/revisions"}],"predecessor-version":[{"id":48299,"href":"https:\/\/portalfadesp.org.br\/index.php?rest_route=\/wp\/v2\/posts\/48290\/revisions\/48299"}],"wp:featuredmedia":[{"embeddable":true,"href":"https:\/\/portalfadesp.org.br\/index.php?rest_route=\/wp\/v2\/media\/48295"}],"wp:attachment":[{"href":"https:\/\/portalfadesp.org.br\/index.php?rest_route=%2Fwp%2Fv2%2Fmedia&parent=48290"}],"wp:term":[{"taxonomy":"category","embeddable":true,"href":"https:\/\/portalfadesp.org.br\/index.php?rest_route=%2Fwp%2Fv2%2Fcategories&post=48290"},{"taxonomy":"post_tag","embeddable":true,"href":"https:\/\/portalfadesp.org.br\/index.php?rest_route=%2Fwp%2Fv2%2Ftags&post=48290"}],"curies":[{"name":"wp","href":"https:\/\/api.w.org\/{rel}","templated":true}]}}