{"id":48146,"date":"2025-01-30T10:47:05","date_gmt":"2025-01-30T13:47:05","guid":{"rendered":"https:\/\/portalfadesp.org.br\/?p=48146"},"modified":"2025-01-30T10:50:43","modified_gmt":"2025-01-30T13:50:43","slug":"revista-fadesp-nova-edicao-ja-esta-circulando","status":"publish","type":"post","link":"https:\/\/portalfadesp.org.br\/?p=48146","title":{"rendered":"Revista FADESP: nova edi\u00e7\u00e3o j\u00e1 est\u00e1 circulando!"},"content":{"rendered":"\t\t<div data-elementor-type=\"wp-post\" data-elementor-id=\"48146\" class=\"elementor elementor-48146\" data-elementor-post-type=\"post\">\n\t\t\t\t\t\t<section class=\"elementor-section elementor-top-section elementor-element elementor-element-301c877e elementor-section-boxed elementor-section-height-default elementor-section-height-default\" data-id=\"301c877e\" data-element_type=\"section\">\n\t\t\t\t\t\t<div class=\"elementor-container elementor-column-gap-default\">\n\t\t\t\t\t<div class=\"elementor-column elementor-col-100 elementor-top-column elementor-element elementor-element-3a4dad70\" data-id=\"3a4dad70\" data-element_type=\"column\">\n\t\t\t<div class=\"elementor-widget-wrap elementor-element-populated\">\n\t\t\t\t\t\t<div class=\"elementor-element elementor-element-65ffc5d2 elementor-widget elementor-widget-text-editor\" data-id=\"65ffc5d2\" data-element_type=\"widget\" data-widget_type=\"text-editor.default\">\n\t\t\t\t<div class=\"elementor-widget-container\">\n\t\t\t\t\t\t\t\t\t\n<p>A edi\u00e7\u00e3o #16 da Revista FADESP traz o Reitor da UFPA Gilmar Pereira da Silva, eleito para o quadri\u00eanio 2024-2028, em sua capa. Em entrevista, o Reitor faz um balan\u00e7o dos 100 primeiros dias \u00e0 frente da maior universidade de toda a Pan-Amaz\u00f4nia, al\u00e9m de rememorar sua trajet\u00f3ria e compartilhar seus planos.<\/p>\n\n<p>E mais: artigo da professora, arquiteta e urbanista Ana Cl\u00e1udia Cardoso sobre os 409 anos de Bel\u00e9m; mat\u00e9ria sobre os lagos Bolonha e \u00c1gua Preta; Agricultura familiar e a expans\u00e3o da UNIFESSPA.<\/p>\n\n<p>Foto\/capa: Aryanne Almeida\/ASCOM FADESP<br \/>Para ler, clique <a href=\"https:\/\/www.flipsnack.com\/9967FEAA9F7\/revista-fadesp-16\/full-view.html\"><strong>aqui<\/strong><\/a>.<\/p>\n\n<p>ENG<br \/>FADESP MAGAZINE \u2013 Our current issue #16 features the Rector of UFPA Gilmar Pereira da Silva, elected for the four-year period 2024-2028, on the cover. Rector speaks about his first 100 days at the helm of the largest university in the entire Pan-Amazon, as well as recalling his trajectory and sharing his plans.<\/p>\n\n<p>And more: article by professor, architect and urban planner Ana Cl\u00e1udia Cardoso about the 409 years of Bel\u00e9m; report about the Bologna and \u00c1gua Preta lakes; Family farming and the expansion of UNIFESSPA.<\/p>\n\n<p>To read, click <a href=\"https:\/\/www.flipsnack.com\/9967FEAA9F7\/revista-fadesp-16\/full-view.html\"><strong>here<\/strong><\/a>.<\/p>\n\n<h1 class=\"wp-block-heading\">fadesp_ufpa #revistafadesp #gilmarpereiraufpa #ufpa #revista #magazine<\/h1>\n\n<p>\u00a0<\/p>\n\n<p><a href=\"https:\/\/www.flipsnack.com\/9967FEAA9F7\/revista-fadesp-16\/full-view.html\">https:\/\/www.flipsnack.com\/9967FEAA9F7\/revista-fadesp-16\/full-view.html<\/a><\/p>\n\t\t\t\t\t\t\t\t<\/div>\n\t\t\t\t<\/div>\n\t\t\t\t\t<\/div>\n\t\t<\/div>\n\t\t\t\t\t<\/div>\n\t\t<\/section>\n\t\t\t\t<\/div>\n\t\t","protected":false},"excerpt":{"rendered":"<p>A edi\u00e7\u00e3o #16 da Revista FADESP traz o Reitor da UFPA Gilmar Pereira da Silva, eleito para o quadri\u00eanio 2024-2028, em sua capa. Em entrevista, o Reitor faz um balan\u00e7o dos 100 primeiros dias \u00e0 frente da maior universidade de toda a Pan-Amaz\u00f4nia, al\u00e9m de rememorar sua trajet\u00f3ria e compartilhar seus planos. E mais: artigo [&hellip;]<\/p>\n","protected":false},"author":11,"featured_media":48147,"comment_status":"closed","ping_status":"closed","sticky":false,"template":"","format":"standard","meta":{"_monsterinsights_skip_tracking":false,"_monsterinsights_sitenote_active":false,"_monsterinsights_sitenote_note":"","_monsterinsights_sitenote_category":0,"footnotes":""},"categories":[60,1,196],"tags":[],"class_list":["post-48146","post","type-post","status-publish","format-standard","has-post-thumbnail","hentry","category-destaque","category-geral","category-revista-fadesp","entry","has-media"],"yoast_head":"<!-- This site is optimized with the Yoast SEO plugin v25.1 - https:\/\/yoast.com\/wordpress\/plugins\/seo\/ -->\n<title>Revista FADESP: nova edi\u00e7\u00e3o j\u00e1 est\u00e1 circulando! - FADESP<\/title>\n<meta name=\"robots\" content=\"index, follow, max-snippet:-1, max-image-preview:large, max-video-preview:-1\" \/>\n<link rel=\"canonical\" href=\"https:\/\/portalfadesp.org.br\/?p=48146\" \/>\n<meta property=\"og:locale\" content=\"pt_BR\" \/>\n<meta property=\"og:type\" content=\"article\" \/>\n<meta property=\"og:title\" content=\"Revista FADESP: nova edi\u00e7\u00e3o j\u00e1 est\u00e1 circulando! - FADESP\" \/>\n<meta property=\"og:description\" content=\"A edi\u00e7\u00e3o #16 da Revista FADESP traz o Reitor da UFPA Gilmar Pereira da Silva, eleito para o quadri\u00eanio 2024-2028, em sua capa. Em entrevista, o Reitor faz um balan\u00e7o dos 100 primeiros dias \u00e0 frente da maior universidade de toda a Pan-Amaz\u00f4nia, al\u00e9m de rememorar sua trajet\u00f3ria e compartilhar seus planos. E mais: artigo [&hellip;]\" \/>\n<meta property=\"og:url\" content=\"https:\/\/portalfadesp.org.br\/?p=48146\" \/>\n<meta property=\"og:site_name\" content=\"FADESP\" \/>\n<meta property=\"article:publisher\" content=\"https:\/\/www.facebook.com\/Fadesp-138351949524662\/\" \/>\n<meta property=\"article:published_time\" content=\"2025-01-30T13:47:05+00:00\" \/>\n<meta property=\"article:modified_time\" content=\"2025-01-30T13:50:43+00:00\" \/>\n<meta property=\"og:image\" content=\"https:\/\/portalfadesp.org.br\/wp-content\/uploads\/2025\/01\/BANNER-REVISTA_PORTAL-.jpeg\" \/>\n\t<meta property=\"og:image:width\" content=\"1600\" \/>\n\t<meta property=\"og:image:height\" content=\"475\" \/>\n\t<meta property=\"og:image:type\" content=\"image\/jpeg\" \/>\n<meta name=\"author\" content=\"Lorena Filgueiras\" \/>\n<meta name=\"twitter:card\" content=\"summary_large_image\" \/>\n<meta name=\"twitter:creator\" content=\"@Fadesp\" \/>\n<meta name=\"twitter:site\" content=\"@Fadesp\" \/>\n<meta name=\"twitter:label1\" content=\"Escrito por\" \/>\n\t<meta name=\"twitter:data1\" content=\"Lorena Filgueiras\" \/>\n\t<meta name=\"twitter:label2\" content=\"Est. tempo de leitura\" \/>\n\t<meta name=\"twitter:data2\" content=\"2 minutos\" \/>\n<script type=\"application\/ld+json\" class=\"yoast-schema-graph\">{\"@context\":\"https:\/\/schema.org\",\"@graph\":[{\"@type\":\"Article\",\"@id\":\"https:\/\/portalfadesp.org.br\/?p=48146#article\",\"isPartOf\":{\"@id\":\"https:\/\/portalfadesp.org.br\/?p=48146\"},\"author\":{\"name\":\"Lorena Filgueiras\",\"@id\":\"https:\/\/portalfadesp.org.br\/#\/schema\/person\/c1fa9db0c87dc412d1568e0e5e27be9c\"},\"headline\":\"Revista FADESP: nova edi\u00e7\u00e3o j\u00e1 est\u00e1 circulando!\",\"datePublished\":\"2025-01-30T13:47:05+00:00\",\"dateModified\":\"2025-01-30T13:50:43+00:00\",\"mainEntityOfPage\":{\"@id\":\"https:\/\/portalfadesp.org.br\/?p=48146\"},\"wordCount\":211,\"publisher\":{\"@id\":\"https:\/\/portalfadesp.org.br\/#organization\"},\"image\":{\"@id\":\"https:\/\/portalfadesp.org.br\/?p=48146#primaryimage\"},\"thumbnailUrl\":\"https:\/\/portalfadesp.org.br\/wp-content\/uploads\/2025\/01\/BANNER-REVISTA_PORTAL-.jpeg\",\"articleSection\":[\"Destaque\",\"Geral\",\"Revista FADESP\"],\"inLanguage\":\"pt-BR\"},{\"@type\":\"WebPage\",\"@id\":\"https:\/\/portalfadesp.org.br\/?p=48146\",\"url\":\"https:\/\/portalfadesp.org.br\/?p=48146\",\"name\":\"Revista FADESP: nova edi\u00e7\u00e3o j\u00e1 est\u00e1 circulando! - FADESP\",\"isPartOf\":{\"@id\":\"https:\/\/portalfadesp.org.br\/#website\"},\"primaryImageOfPage\":{\"@id\":\"https:\/\/portalfadesp.org.br\/?p=48146#primaryimage\"},\"image\":{\"@id\":\"https:\/\/portalfadesp.org.br\/?p=48146#primaryimage\"},\"thumbnailUrl\":\"https:\/\/portalfadesp.org.br\/wp-content\/uploads\/2025\/01\/BANNER-REVISTA_PORTAL-.jpeg\",\"datePublished\":\"2025-01-30T13:47:05+00:00\",\"dateModified\":\"2025-01-30T13:50:43+00:00\",\"breadcrumb\":{\"@id\":\"https:\/\/portalfadesp.org.br\/?p=48146#breadcrumb\"},\"inLanguage\":\"pt-BR\",\"potentialAction\":[{\"@type\":\"ReadAction\",\"target\":[\"https:\/\/portalfadesp.org.br\/?p=48146\"]}]},{\"@type\":\"ImageObject\",\"inLanguage\":\"pt-BR\",\"@id\":\"https:\/\/portalfadesp.org.br\/?p=48146#primaryimage\",\"url\":\"https:\/\/portalfadesp.org.br\/wp-content\/uploads\/2025\/01\/BANNER-REVISTA_PORTAL-.jpeg\",\"contentUrl\":\"https:\/\/portalfadesp.org.br\/wp-content\/uploads\/2025\/01\/BANNER-REVISTA_PORTAL-.jpeg\",\"width\":1600,\"height\":475},{\"@type\":\"BreadcrumbList\",\"@id\":\"https:\/\/portalfadesp.org.br\/?p=48146#breadcrumb\",\"itemListElement\":[{\"@type\":\"ListItem\",\"position\":1,\"name\":\"In\u00edcio\",\"item\":\"https:\/\/portalfadesp.org.br\/\"},{\"@type\":\"ListItem\",\"position\":2,\"name\":\"Revista FADESP: nova edi\u00e7\u00e3o j\u00e1 est\u00e1 circulando!\"}]},{\"@type\":\"WebSite\",\"@id\":\"https:\/\/portalfadesp.org.br\/#website\",\"url\":\"https:\/\/portalfadesp.org.br\/\",\"name\":\"FADESP\",\"description\":\"Funda\u00e7\u00e3o de Amparo e Desenvolvimento da Pesquisa\",\"publisher\":{\"@id\":\"https:\/\/portalfadesp.org.br\/#organization\"},\"potentialAction\":[{\"@type\":\"SearchAction\",\"target\":{\"@type\":\"EntryPoint\",\"urlTemplate\":\"https:\/\/portalfadesp.org.br\/?s={search_term_string}\"},\"query-input\":{\"@type\":\"PropertyValueSpecification\",\"valueRequired\":true,\"valueName\":\"search_term_string\"}}],\"inLanguage\":\"pt-BR\"},{\"@type\":\"Organization\",\"@id\":\"https:\/\/portalfadesp.org.br\/#organization\",\"name\":\"FADESP\",\"url\":\"https:\/\/portalfadesp.org.br\/\",\"logo\":{\"@type\":\"ImageObject\",\"inLanguage\":\"pt-BR\",\"@id\":\"https:\/\/portalfadesp.org.br\/#\/schema\/logo\/image\/\",\"url\":\"https:\/\/portalfadesp.org.br\/wp-content\/uploads\/2024\/01\/NOVOLOGOFADESPlaranjaH.png\",\"contentUrl\":\"https:\/\/portalfadesp.org.br\/wp-content\/uploads\/2024\/01\/NOVOLOGOFADESPlaranjaH.png\",\"width\":2742,\"height\":839,\"caption\":\"FADESP\"},\"image\":{\"@id\":\"https:\/\/portalfadesp.org.br\/#\/schema\/logo\/image\/\"},\"sameAs\":[\"https:\/\/www.facebook.com\/Fadesp-138351949524662\/\",\"https:\/\/x.com\/Fadesp\",\"https:\/\/www.instagram.com\/fadesp_ufpa\/\",\"https:\/\/www.youtube.com\/@fundacaodeamparoedesenvolv1903\",\"https:\/\/www.threads.net\/@fadesp_ufpa\"]},{\"@type\":\"Person\",\"@id\":\"https:\/\/portalfadesp.org.br\/#\/schema\/person\/c1fa9db0c87dc412d1568e0e5e27be9c\",\"name\":\"Lorena Filgueiras\",\"image\":{\"@type\":\"ImageObject\",\"inLanguage\":\"pt-BR\",\"@id\":\"https:\/\/portalfadesp.org.br\/#\/schema\/person\/image\/\",\"url\":\"https:\/\/secure.gravatar.com\/avatar\/37390a2dfe1325c2917fc5f6df471abe8ab753cf23b2d14690f57bd61ab4b7cf?s=96&d=mm&r=g\",\"contentUrl\":\"https:\/\/secure.gravatar.com\/avatar\/37390a2dfe1325c2917fc5f6df471abe8ab753cf23b2d14690f57bd61ab4b7cf?s=96&d=mm&r=g\",\"caption\":\"Lorena Filgueiras\"},\"url\":\"https:\/\/portalfadesp.org.br\/?author=11\"}]}<\/script>\n<!-- \/ Yoast SEO plugin. -->","yoast_head_json":{"title":"Revista FADESP: nova edi\u00e7\u00e3o j\u00e1 est\u00e1 circulando! - FADESP","robots":{"index":"index","follow":"follow","max-snippet":"max-snippet:-1","max-image-preview":"max-image-preview:large","max-video-preview":"max-video-preview:-1"},"canonical":"https:\/\/portalfadesp.org.br\/?p=48146","og_locale":"pt_BR","og_type":"article","og_title":"Revista FADESP: nova edi\u00e7\u00e3o j\u00e1 est\u00e1 circulando! - FADESP","og_description":"A edi\u00e7\u00e3o #16 da Revista FADESP traz o Reitor da UFPA Gilmar Pereira da Silva, eleito para o quadri\u00eanio 2024-2028, em sua capa. Em entrevista, o Reitor faz um balan\u00e7o dos 100 primeiros dias \u00e0 frente da maior universidade de toda a Pan-Amaz\u00f4nia, al\u00e9m de rememorar sua trajet\u00f3ria e compartilhar seus planos. E mais: artigo [&hellip;]","og_url":"https:\/\/portalfadesp.org.br\/?p=48146","og_site_name":"FADESP","article_publisher":"https:\/\/www.facebook.com\/Fadesp-138351949524662\/","article_published_time":"2025-01-30T13:47:05+00:00","article_modified_time":"2025-01-30T13:50:43+00:00","og_image":[{"width":1600,"height":475,"url":"https:\/\/portalfadesp.org.br\/wp-content\/uploads\/2025\/01\/BANNER-REVISTA_PORTAL-.jpeg","type":"image\/jpeg"}],"author":"Lorena Filgueiras","twitter_card":"summary_large_image","twitter_creator":"@Fadesp","twitter_site":"@Fadesp","twitter_misc":{"Escrito por":"Lorena Filgueiras","Est. tempo de leitura":"2 minutos"},"schema":{"@context":"https:\/\/schema.org","@graph":[{"@type":"Article","@id":"https:\/\/portalfadesp.org.br\/?p=48146#article","isPartOf":{"@id":"https:\/\/portalfadesp.org.br\/?p=48146"},"author":{"name":"Lorena Filgueiras","@id":"https:\/\/portalfadesp.org.br\/#\/schema\/person\/c1fa9db0c87dc412d1568e0e5e27be9c"},"headline":"Revista FADESP: nova edi\u00e7\u00e3o j\u00e1 est\u00e1 circulando!","datePublished":"2025-01-30T13:47:05+00:00","dateModified":"2025-01-30T13:50:43+00:00","mainEntityOfPage":{"@id":"https:\/\/portalfadesp.org.br\/?p=48146"},"wordCount":211,"publisher":{"@id":"https:\/\/portalfadesp.org.br\/#organization"},"image":{"@id":"https:\/\/portalfadesp.org.br\/?p=48146#primaryimage"},"thumbnailUrl":"https:\/\/portalfadesp.org.br\/wp-content\/uploads\/2025\/01\/BANNER-REVISTA_PORTAL-.jpeg","articleSection":["Destaque","Geral","Revista FADESP"],"inLanguage":"pt-BR"},{"@type":"WebPage","@id":"https:\/\/portalfadesp.org.br\/?p=48146","url":"https:\/\/portalfadesp.org.br\/?p=48146","name":"Revista FADESP: nova edi\u00e7\u00e3o j\u00e1 est\u00e1 circulando! - FADESP","isPartOf":{"@id":"https:\/\/portalfadesp.org.br\/#website"},"primaryImageOfPage":{"@id":"https:\/\/portalfadesp.org.br\/?p=48146#primaryimage"},"image":{"@id":"https:\/\/portalfadesp.org.br\/?p=48146#primaryimage"},"thumbnailUrl":"https:\/\/portalfadesp.org.br\/wp-content\/uploads\/2025\/01\/BANNER-REVISTA_PORTAL-.jpeg","datePublished":"2025-01-30T13:47:05+00:00","dateModified":"2025-01-30T13:50:43+00:00","breadcrumb":{"@id":"https:\/\/portalfadesp.org.br\/?p=48146#breadcrumb"},"inLanguage":"pt-BR","potentialAction":[{"@type":"ReadAction","target":["https:\/\/portalfadesp.org.br\/?p=48146"]}]},{"@type":"ImageObject","inLanguage":"pt-BR","@id":"https:\/\/portalfadesp.org.br\/?p=48146#primaryimage","url":"https:\/\/portalfadesp.org.br\/wp-content\/uploads\/2025\/01\/BANNER-REVISTA_PORTAL-.jpeg","contentUrl":"https:\/\/portalfadesp.org.br\/wp-content\/uploads\/2025\/01\/BANNER-REVISTA_PORTAL-.jpeg","width":1600,"height":475},{"@type":"BreadcrumbList","@id":"https:\/\/portalfadesp.org.br\/?p=48146#breadcrumb","itemListElement":[{"@type":"ListItem","position":1,"name":"In\u00edcio","item":"https:\/\/portalfadesp.org.br\/"},{"@type":"ListItem","position":2,"name":"Revista FADESP: nova edi\u00e7\u00e3o j\u00e1 est\u00e1 circulando!"}]},{"@type":"WebSite","@id":"https:\/\/portalfadesp.org.br\/#website","url":"https:\/\/portalfadesp.org.br\/","name":"FADESP","description":"Funda\u00e7\u00e3o de Amparo e Desenvolvimento da Pesquisa","publisher":{"@id":"https:\/\/portalfadesp.org.br\/#organization"},"potentialAction":[{"@type":"SearchAction","target":{"@type":"EntryPoint","urlTemplate":"https:\/\/portalfadesp.org.br\/?s={search_term_string}"},"query-input":{"@type":"PropertyValueSpecification","valueRequired":true,"valueName":"search_term_string"}}],"inLanguage":"pt-BR"},{"@type":"Organization","@id":"https:\/\/portalfadesp.org.br\/#organization","name":"FADESP","url":"https:\/\/portalfadesp.org.br\/","logo":{"@type":"ImageObject","inLanguage":"pt-BR","@id":"https:\/\/portalfadesp.org.br\/#\/schema\/logo\/image\/","url":"https:\/\/portalfadesp.org.br\/wp-content\/uploads\/2024\/01\/NOVOLOGOFADESPlaranjaH.png","contentUrl":"https:\/\/portalfadesp.org.br\/wp-content\/uploads\/2024\/01\/NOVOLOGOFADESPlaranjaH.png","width":2742,"height":839,"caption":"FADESP"},"image":{"@id":"https:\/\/portalfadesp.org.br\/#\/schema\/logo\/image\/"},"sameAs":["https:\/\/www.facebook.com\/Fadesp-138351949524662\/","https:\/\/x.com\/Fadesp","https:\/\/www.instagram.com\/fadesp_ufpa\/","https:\/\/www.youtube.com\/@fundacaodeamparoedesenvolv1903","https:\/\/www.threads.net\/@fadesp_ufpa"]},{"@type":"Person","@id":"https:\/\/portalfadesp.org.br\/#\/schema\/person\/c1fa9db0c87dc412d1568e0e5e27be9c","name":"Lorena Filgueiras","image":{"@type":"ImageObject","inLanguage":"pt-BR","@id":"https:\/\/portalfadesp.org.br\/#\/schema\/person\/image\/","url":"https:\/\/secure.gravatar.com\/avatar\/37390a2dfe1325c2917fc5f6df471abe8ab753cf23b2d14690f57bd61ab4b7cf?s=96&d=mm&r=g","contentUrl":"https:\/\/secure.gravatar.com\/avatar\/37390a2dfe1325c2917fc5f6df471abe8ab753cf23b2d14690f57bd61ab4b7cf?s=96&d=mm&r=g","caption":"Lorena Filgueiras"},"url":"https:\/\/portalfadesp.org.br\/?author=11"}]}},"_links":{"self":[{"href":"https:\/\/portalfadesp.org.br\/index.php?rest_route=\/wp\/v2\/posts\/48146","targetHints":{"allow":["GET"]}}],"collection":[{"href":"https:\/\/portalfadesp.org.br\/index.php?rest_route=\/wp\/v2\/posts"}],"about":[{"href":"https:\/\/portalfadesp.org.br\/index.php?rest_route=\/wp\/v2\/types\/post"}],"author":[{"embeddable":true,"href":"https:\/\/portalfadesp.org.br\/index.php?rest_route=\/wp\/v2\/users\/11"}],"replies":[{"embeddable":true,"href":"https:\/\/portalfadesp.org.br\/index.php?rest_route=%2Fwp%2Fv2%2Fcomments&post=48146"}],"version-history":[{"count":3,"href":"https:\/\/portalfadesp.org.br\/index.php?rest_route=\/wp\/v2\/posts\/48146\/revisions"}],"predecessor-version":[{"id":48150,"href":"https:\/\/portalfadesp.org.br\/index.php?rest_route=\/wp\/v2\/posts\/48146\/revisions\/48150"}],"wp:featuredmedia":[{"embeddable":true,"href":"https:\/\/portalfadesp.org.br\/index.php?rest_route=\/wp\/v2\/media\/48147"}],"wp:attachment":[{"href":"https:\/\/portalfadesp.org.br\/index.php?rest_route=%2Fwp%2Fv2%2Fmedia&parent=48146"}],"wp:term":[{"taxonomy":"category","embeddable":true,"href":"https:\/\/portalfadesp.org.br\/index.php?rest_route=%2Fwp%2Fv2%2Fcategories&post=48146"},{"taxonomy":"post_tag","embeddable":true,"href":"https:\/\/portalfadesp.org.br\/index.php?rest_route=%2Fwp%2Fv2%2Ftags&post=48146"}],"curies":[{"name":"wp","href":"https:\/\/api.w.org\/{rel}","templated":true}]}}