{"id":4782,"date":"2019-11-01T16:56:57","date_gmt":"2019-11-01T19:56:57","guid":{"rendered":"https:\/\/162.215.13.167?p=4782"},"modified":"2022-12-20T17:40:16","modified_gmt":"2022-12-20T20:40:16","slug":"itec-ufpa-abre-inscricao-para-especializacao-em-engenharia-de-seguranca-do-trabalho-sao-ofertadas-65-vagas","status":"publish","type":"post","link":"https:\/\/portalfadesp.org.br\/?p=4782","title":{"rendered":"ITEC UFPA abre inscri\u00e7\u00e3o para especializa\u00e7\u00e3o em Engenharia de Seguran\u00e7a do Trabalho. S\u00e3o ofertadas 65 vagas."},"content":{"rendered":"\n<p>O Instituto de Tecnologia da Universidade Federal do Par\u00e1 (ITEC\/UFPA) abriu inscri\u00e7\u00e3o para 65 vagas na Especializa\u00e7\u00e3o em Engenharia de Seguran\u00e7a do Trabalho. Os interessados devem procurar a secretaria do Programa de P\u00f3s-Gradua\u00e7\u00e3o em Engenharia de Recursos Naturais (PRODERNA), no PGITEC, no campus profissional da UFPA, em Bel\u00e9m, das 9h \u00e0s 12h. Todas as regras est\u00e3o no <strong><a href=\"..\/wp-content\/uploads\/2019\/11\/E-D-I-T-A-L-Especializa%C3%A7%C3%A3o-Seguran%C3%A7a-do-Trabalho-2020.pdf\">edital.<\/a><\/strong><\/p>\n\n\n\n<p>O curso \u00e9 destinado a engenheiros mec\u00e2nicos,\nnavais, civis, el\u00e9tricos, qu\u00edmicos, agr\u00f4nomos, florestais, sanitaristas e ambientais,\nal\u00e9m de arquitetos. O objetivo \u00e9 capacitar os profissionais para prevenir a\nocorr\u00eancia de falhas e acidentes de trabalho, bem como desenvolver projetos aplicados\nna \u00e1rea de Higiene e Seguran\u00e7a do Trabalho.<\/p>\n\n\n\n<p>A carga hor\u00e1ria \u00e9 de 560 horas\nte\u00f3ricas e 190 pr\u00e1ticas ministradas ITEC, Campus Universit\u00e1rio do Guam\u00e1, em\nBel\u00e9m, de segunda-feira a sexta-feira, no per\u00edodo noturno (das 18h \u00e0s 22h). A coordena\u00e7\u00e3o\n\u00e9 do professor Newton Sure Soeiro, doutor em Engenharia\nMec\u00e2nica, na \u00e1rea de Vibra\u00e7\u00e3o e Ac\u00fastica. <\/p>\n\n\n\n<p>A inscri\u00e7\u00e3o\nser\u00e1 realizada at\u00e9 dia 27 de novembro. S\u00e3o exigidos Curriculum Lattes, formul\u00e1rio\npreenchido (modelo dispon\u00edvel na Secretaria do Curso); RG e CPF (original e\nc\u00f3pia), diploma ou certificado de conclus\u00e3o do Curso de Gradua\u00e7\u00e3o reconhecido\npelo MEC (original e c\u00f3pia) e\/ou declara\u00e7\u00e3o de conclus\u00e3o do curso de gradua\u00e7\u00e3o,\nhist\u00f3rico escolar do curso de gradua\u00e7\u00e3o (original e c\u00f3pia) e carta de inten\u00e7\u00e3o (um\nbreve hist\u00f3rico da vida acad\u00eamica e profissional, uma argumenta\u00e7\u00e3o e a justificativa\nacerca do interesse no curso).<\/p>\n\n\n\n<p>Como \u00e9 autofinanci\u00e1vel, o curso exige investimento de catorze parcelas de R$ 460,00. Haver\u00e1 reserva de 30% das vagas para demanda social e funcion\u00e1rios da UFPA, conforme regras estabelecidas no <strong><a href=\"..\/wp-content\/uploads\/2019\/11\/E-D-I-T-A-L-Especializa%C3%A7%C3%A3o-Seguran%C3%A7a-do-Trabalho-2020.pdf\" target=\"_blank\" rel=\"noreferrer noopener\">edital<\/a><\/strong>.<\/p>\n\n\n\n<p>A sele\u00e7\u00e3o ser\u00e1\nrealizada no per\u00edodo de 28 a 30 de novembro e ter\u00e1 como crit\u00e9rios de avalia\u00e7\u00e3o\na an\u00e1lise da carta de inten\u00e7\u00e3o, do Curriculum Lattes e do hist\u00f3rico escolar\n(gradua\u00e7\u00e3o). O resultado dever\u00e1 ser divulgado no dia 30 de novembro e as aulas\nter\u00e3o in\u00edcio em janeiro de 2020.\n\nPara obter mais informa\u00e7\u00f5es, o interessado deve\nligar para (91) 98203-1323 ou enviar email para ceestitec@ufpa.br.\n\n\n\n<\/p>\n","protected":false},"excerpt":{"rendered":"<p>O Instituto de Tecnologia da Universidade Federal do Par\u00e1 (ITEC\/UFPA) abriu inscri\u00e7\u00e3o para 65 vagas na Especializa\u00e7\u00e3o em Engenharia de Seguran\u00e7a do Trabalho. Os interessados devem procurar a secretaria do Programa de P\u00f3s-Gradua\u00e7\u00e3o em Engenharia de Recursos Naturais (PRODERNA), no PGITEC, no campus profissional da UFPA, em Bel\u00e9m, das 9h \u00e0s 12h. Todas as regras [&hellip;]<\/p>\n","protected":false},"author":11,"featured_media":4783,"comment_status":"open","ping_status":"open","sticky":false,"template":"","format":"standard","meta":{"_monsterinsights_skip_tracking":false,"_monsterinsights_sitenote_active":false,"_monsterinsights_sitenote_note":"","_monsterinsights_sitenote_category":0,"footnotes":""},"categories":[83],"tags":[],"class_list":["post-4782","post","type-post","status-publish","format-standard","has-post-thumbnail","hentry","category-ufpa","entry","has-media"],"yoast_head":"<!-- This site is optimized with the Yoast SEO plugin v25.1 - https:\/\/yoast.com\/wordpress\/plugins\/seo\/ -->\n<title>ITEC UFPA abre inscri\u00e7\u00e3o para especializa\u00e7\u00e3o em Engenharia de Seguran\u00e7a do Trabalho. S\u00e3o ofertadas 65 vagas. - FADESP<\/title>\n<meta name=\"robots\" content=\"index, follow, max-snippet:-1, max-image-preview:large, max-video-preview:-1\" \/>\n<link rel=\"canonical\" href=\"https:\/\/portalfadesp.org.br\/?p=4782\" \/>\n<meta property=\"og:locale\" content=\"pt_BR\" \/>\n<meta property=\"og:type\" content=\"article\" \/>\n<meta property=\"og:title\" content=\"ITEC UFPA abre inscri\u00e7\u00e3o para especializa\u00e7\u00e3o em Engenharia de Seguran\u00e7a do Trabalho. S\u00e3o ofertadas 65 vagas. - FADESP\" \/>\n<meta property=\"og:description\" content=\"O Instituto de Tecnologia da Universidade Federal do Par\u00e1 (ITEC\/UFPA) abriu inscri\u00e7\u00e3o para 65 vagas na Especializa\u00e7\u00e3o em Engenharia de Seguran\u00e7a do Trabalho. Os interessados devem procurar a secretaria do Programa de P\u00f3s-Gradua\u00e7\u00e3o em Engenharia de Recursos Naturais (PRODERNA), no PGITEC, no campus profissional da UFPA, em Bel\u00e9m, das 9h \u00e0s 12h. Todas as regras [&hellip;]\" \/>\n<meta property=\"og:url\" content=\"https:\/\/portalfadesp.org.br\/?p=4782\" \/>\n<meta property=\"og:site_name\" content=\"FADESP\" \/>\n<meta property=\"article:publisher\" content=\"https:\/\/www.facebook.com\/Fadesp-138351949524662\/\" \/>\n<meta property=\"article:published_time\" content=\"2019-11-01T19:56:57+00:00\" \/>\n<meta property=\"article:modified_time\" content=\"2022-12-20T20:40:16+00:00\" \/>\n<meta property=\"og:image\" content=\"https:\/\/portalfadesp.org.br\/wp-content\/uploads\/2019\/11\/ITEC.jpg\" \/>\n\t<meta property=\"og:image:width\" content=\"280\" \/>\n\t<meta property=\"og:image:height\" content=\"180\" \/>\n\t<meta property=\"og:image:type\" content=\"image\/jpeg\" \/>\n<meta name=\"author\" content=\"Lorena Filgueiras\" \/>\n<meta name=\"twitter:card\" content=\"summary_large_image\" \/>\n<meta name=\"twitter:creator\" content=\"@Fadesp\" \/>\n<meta name=\"twitter:site\" content=\"@Fadesp\" \/>\n<meta name=\"twitter:label1\" content=\"Escrito por\" \/>\n\t<meta name=\"twitter:data1\" content=\"Lorena Filgueiras\" \/>\n\t<meta name=\"twitter:label2\" content=\"Est. tempo de leitura\" \/>\n\t<meta name=\"twitter:data2\" content=\"2 minutos\" \/>\n<script type=\"application\/ld+json\" class=\"yoast-schema-graph\">{\"@context\":\"https:\/\/schema.org\",\"@graph\":[{\"@type\":\"Article\",\"@id\":\"https:\/\/portalfadesp.org.br\/?p=4782#article\",\"isPartOf\":{\"@id\":\"https:\/\/portalfadesp.org.br\/?p=4782\"},\"author\":{\"name\":\"Lorena Filgueiras\",\"@id\":\"https:\/\/portalfadesp.org.br\/#\/schema\/person\/c1fa9db0c87dc412d1568e0e5e27be9c\"},\"headline\":\"ITEC UFPA abre inscri\u00e7\u00e3o para especializa\u00e7\u00e3o em Engenharia de Seguran\u00e7a do Trabalho. S\u00e3o ofertadas 65 vagas.\",\"datePublished\":\"2019-11-01T19:56:57+00:00\",\"dateModified\":\"2022-12-20T20:40:16+00:00\",\"mainEntityOfPage\":{\"@id\":\"https:\/\/portalfadesp.org.br\/?p=4782\"},\"wordCount\":395,\"commentCount\":0,\"publisher\":{\"@id\":\"https:\/\/portalfadesp.org.br\/#organization\"},\"image\":{\"@id\":\"https:\/\/portalfadesp.org.br\/?p=4782#primaryimage\"},\"thumbnailUrl\":\"https:\/\/portalfadesp.org.br\/wp-content\/uploads\/2019\/11\/ITEC.jpg\",\"articleSection\":[\"UFPA\"],\"inLanguage\":\"pt-BR\"},{\"@type\":\"WebPage\",\"@id\":\"https:\/\/portalfadesp.org.br\/?p=4782\",\"url\":\"https:\/\/portalfadesp.org.br\/?p=4782\",\"name\":\"ITEC UFPA abre inscri\u00e7\u00e3o para especializa\u00e7\u00e3o em Engenharia de Seguran\u00e7a do Trabalho. S\u00e3o ofertadas 65 vagas. - FADESP\",\"isPartOf\":{\"@id\":\"https:\/\/portalfadesp.org.br\/#website\"},\"primaryImageOfPage\":{\"@id\":\"https:\/\/portalfadesp.org.br\/?p=4782#primaryimage\"},\"image\":{\"@id\":\"https:\/\/portalfadesp.org.br\/?p=4782#primaryimage\"},\"thumbnailUrl\":\"https:\/\/portalfadesp.org.br\/wp-content\/uploads\/2019\/11\/ITEC.jpg\",\"datePublished\":\"2019-11-01T19:56:57+00:00\",\"dateModified\":\"2022-12-20T20:40:16+00:00\",\"breadcrumb\":{\"@id\":\"https:\/\/portalfadesp.org.br\/?p=4782#breadcrumb\"},\"inLanguage\":\"pt-BR\",\"potentialAction\":[{\"@type\":\"ReadAction\",\"target\":[\"https:\/\/portalfadesp.org.br\/?p=4782\"]}]},{\"@type\":\"ImageObject\",\"inLanguage\":\"pt-BR\",\"@id\":\"https:\/\/portalfadesp.org.br\/?p=4782#primaryimage\",\"url\":\"https:\/\/portalfadesp.org.br\/wp-content\/uploads\/2019\/11\/ITEC.jpg\",\"contentUrl\":\"https:\/\/portalfadesp.org.br\/wp-content\/uploads\/2019\/11\/ITEC.jpg\",\"width\":280,\"height\":180},{\"@type\":\"BreadcrumbList\",\"@id\":\"https:\/\/portalfadesp.org.br\/?p=4782#breadcrumb\",\"itemListElement\":[{\"@type\":\"ListItem\",\"position\":1,\"name\":\"In\u00edcio\",\"item\":\"https:\/\/portalfadesp.org.br\/\"},{\"@type\":\"ListItem\",\"position\":2,\"name\":\"ITEC UFPA abre inscri\u00e7\u00e3o para especializa\u00e7\u00e3o em Engenharia de Seguran\u00e7a do Trabalho. S\u00e3o ofertadas 65 vagas.\"}]},{\"@type\":\"WebSite\",\"@id\":\"https:\/\/portalfadesp.org.br\/#website\",\"url\":\"https:\/\/portalfadesp.org.br\/\",\"name\":\"FADESP\",\"description\":\"Funda\u00e7\u00e3o de Amparo e Desenvolvimento da Pesquisa\",\"publisher\":{\"@id\":\"https:\/\/portalfadesp.org.br\/#organization\"},\"potentialAction\":[{\"@type\":\"SearchAction\",\"target\":{\"@type\":\"EntryPoint\",\"urlTemplate\":\"https:\/\/portalfadesp.org.br\/?s={search_term_string}\"},\"query-input\":{\"@type\":\"PropertyValueSpecification\",\"valueRequired\":true,\"valueName\":\"search_term_string\"}}],\"inLanguage\":\"pt-BR\"},{\"@type\":\"Organization\",\"@id\":\"https:\/\/portalfadesp.org.br\/#organization\",\"name\":\"FADESP\",\"url\":\"https:\/\/portalfadesp.org.br\/\",\"logo\":{\"@type\":\"ImageObject\",\"inLanguage\":\"pt-BR\",\"@id\":\"https:\/\/portalfadesp.org.br\/#\/schema\/logo\/image\/\",\"url\":\"https:\/\/portalfadesp.org.br\/wp-content\/uploads\/2024\/01\/NOVOLOGOFADESPlaranjaH.png\",\"contentUrl\":\"https:\/\/portalfadesp.org.br\/wp-content\/uploads\/2024\/01\/NOVOLOGOFADESPlaranjaH.png\",\"width\":2742,\"height\":839,\"caption\":\"FADESP\"},\"image\":{\"@id\":\"https:\/\/portalfadesp.org.br\/#\/schema\/logo\/image\/\"},\"sameAs\":[\"https:\/\/www.facebook.com\/Fadesp-138351949524662\/\",\"https:\/\/x.com\/Fadesp\",\"https:\/\/www.instagram.com\/fadesp_ufpa\/\",\"https:\/\/www.youtube.com\/@fundacaodeamparoedesenvolv1903\",\"https:\/\/www.threads.net\/@fadesp_ufpa\"]},{\"@type\":\"Person\",\"@id\":\"https:\/\/portalfadesp.org.br\/#\/schema\/person\/c1fa9db0c87dc412d1568e0e5e27be9c\",\"name\":\"Lorena Filgueiras\",\"image\":{\"@type\":\"ImageObject\",\"inLanguage\":\"pt-BR\",\"@id\":\"https:\/\/portalfadesp.org.br\/#\/schema\/person\/image\/\",\"url\":\"https:\/\/secure.gravatar.com\/avatar\/37390a2dfe1325c2917fc5f6df471abe8ab753cf23b2d14690f57bd61ab4b7cf?s=96&d=mm&r=g\",\"contentUrl\":\"https:\/\/secure.gravatar.com\/avatar\/37390a2dfe1325c2917fc5f6df471abe8ab753cf23b2d14690f57bd61ab4b7cf?s=96&d=mm&r=g\",\"caption\":\"Lorena Filgueiras\"},\"url\":\"https:\/\/portalfadesp.org.br\/?author=11\"}]}<\/script>\n<!-- \/ Yoast SEO plugin. -->","yoast_head_json":{"title":"ITEC UFPA abre inscri\u00e7\u00e3o para especializa\u00e7\u00e3o em Engenharia de Seguran\u00e7a do Trabalho. S\u00e3o ofertadas 65 vagas. - FADESP","robots":{"index":"index","follow":"follow","max-snippet":"max-snippet:-1","max-image-preview":"max-image-preview:large","max-video-preview":"max-video-preview:-1"},"canonical":"https:\/\/portalfadesp.org.br\/?p=4782","og_locale":"pt_BR","og_type":"article","og_title":"ITEC UFPA abre inscri\u00e7\u00e3o para especializa\u00e7\u00e3o em Engenharia de Seguran\u00e7a do Trabalho. S\u00e3o ofertadas 65 vagas. - FADESP","og_description":"O Instituto de Tecnologia da Universidade Federal do Par\u00e1 (ITEC\/UFPA) abriu inscri\u00e7\u00e3o para 65 vagas na Especializa\u00e7\u00e3o em Engenharia de Seguran\u00e7a do Trabalho. Os interessados devem procurar a secretaria do Programa de P\u00f3s-Gradua\u00e7\u00e3o em Engenharia de Recursos Naturais (PRODERNA), no PGITEC, no campus profissional da UFPA, em Bel\u00e9m, das 9h \u00e0s 12h. Todas as regras [&hellip;]","og_url":"https:\/\/portalfadesp.org.br\/?p=4782","og_site_name":"FADESP","article_publisher":"https:\/\/www.facebook.com\/Fadesp-138351949524662\/","article_published_time":"2019-11-01T19:56:57+00:00","article_modified_time":"2022-12-20T20:40:16+00:00","og_image":[{"width":280,"height":180,"url":"https:\/\/portalfadesp.org.br\/wp-content\/uploads\/2019\/11\/ITEC.jpg","type":"image\/jpeg"}],"author":"Lorena Filgueiras","twitter_card":"summary_large_image","twitter_creator":"@Fadesp","twitter_site":"@Fadesp","twitter_misc":{"Escrito por":"Lorena Filgueiras","Est. tempo de leitura":"2 minutos"},"schema":{"@context":"https:\/\/schema.org","@graph":[{"@type":"Article","@id":"https:\/\/portalfadesp.org.br\/?p=4782#article","isPartOf":{"@id":"https:\/\/portalfadesp.org.br\/?p=4782"},"author":{"name":"Lorena Filgueiras","@id":"https:\/\/portalfadesp.org.br\/#\/schema\/person\/c1fa9db0c87dc412d1568e0e5e27be9c"},"headline":"ITEC UFPA abre inscri\u00e7\u00e3o para especializa\u00e7\u00e3o em Engenharia de Seguran\u00e7a do Trabalho. S\u00e3o ofertadas 65 vagas.","datePublished":"2019-11-01T19:56:57+00:00","dateModified":"2022-12-20T20:40:16+00:00","mainEntityOfPage":{"@id":"https:\/\/portalfadesp.org.br\/?p=4782"},"wordCount":395,"commentCount":0,"publisher":{"@id":"https:\/\/portalfadesp.org.br\/#organization"},"image":{"@id":"https:\/\/portalfadesp.org.br\/?p=4782#primaryimage"},"thumbnailUrl":"https:\/\/portalfadesp.org.br\/wp-content\/uploads\/2019\/11\/ITEC.jpg","articleSection":["UFPA"],"inLanguage":"pt-BR"},{"@type":"WebPage","@id":"https:\/\/portalfadesp.org.br\/?p=4782","url":"https:\/\/portalfadesp.org.br\/?p=4782","name":"ITEC UFPA abre inscri\u00e7\u00e3o para especializa\u00e7\u00e3o em Engenharia de Seguran\u00e7a do Trabalho. S\u00e3o ofertadas 65 vagas. - FADESP","isPartOf":{"@id":"https:\/\/portalfadesp.org.br\/#website"},"primaryImageOfPage":{"@id":"https:\/\/portalfadesp.org.br\/?p=4782#primaryimage"},"image":{"@id":"https:\/\/portalfadesp.org.br\/?p=4782#primaryimage"},"thumbnailUrl":"https:\/\/portalfadesp.org.br\/wp-content\/uploads\/2019\/11\/ITEC.jpg","datePublished":"2019-11-01T19:56:57+00:00","dateModified":"2022-12-20T20:40:16+00:00","breadcrumb":{"@id":"https:\/\/portalfadesp.org.br\/?p=4782#breadcrumb"},"inLanguage":"pt-BR","potentialAction":[{"@type":"ReadAction","target":["https:\/\/portalfadesp.org.br\/?p=4782"]}]},{"@type":"ImageObject","inLanguage":"pt-BR","@id":"https:\/\/portalfadesp.org.br\/?p=4782#primaryimage","url":"https:\/\/portalfadesp.org.br\/wp-content\/uploads\/2019\/11\/ITEC.jpg","contentUrl":"https:\/\/portalfadesp.org.br\/wp-content\/uploads\/2019\/11\/ITEC.jpg","width":280,"height":180},{"@type":"BreadcrumbList","@id":"https:\/\/portalfadesp.org.br\/?p=4782#breadcrumb","itemListElement":[{"@type":"ListItem","position":1,"name":"In\u00edcio","item":"https:\/\/portalfadesp.org.br\/"},{"@type":"ListItem","position":2,"name":"ITEC UFPA abre inscri\u00e7\u00e3o para especializa\u00e7\u00e3o em Engenharia de Seguran\u00e7a do Trabalho. S\u00e3o ofertadas 65 vagas."}]},{"@type":"WebSite","@id":"https:\/\/portalfadesp.org.br\/#website","url":"https:\/\/portalfadesp.org.br\/","name":"FADESP","description":"Funda\u00e7\u00e3o de Amparo e Desenvolvimento da Pesquisa","publisher":{"@id":"https:\/\/portalfadesp.org.br\/#organization"},"potentialAction":[{"@type":"SearchAction","target":{"@type":"EntryPoint","urlTemplate":"https:\/\/portalfadesp.org.br\/?s={search_term_string}"},"query-input":{"@type":"PropertyValueSpecification","valueRequired":true,"valueName":"search_term_string"}}],"inLanguage":"pt-BR"},{"@type":"Organization","@id":"https:\/\/portalfadesp.org.br\/#organization","name":"FADESP","url":"https:\/\/portalfadesp.org.br\/","logo":{"@type":"ImageObject","inLanguage":"pt-BR","@id":"https:\/\/portalfadesp.org.br\/#\/schema\/logo\/image\/","url":"https:\/\/portalfadesp.org.br\/wp-content\/uploads\/2024\/01\/NOVOLOGOFADESPlaranjaH.png","contentUrl":"https:\/\/portalfadesp.org.br\/wp-content\/uploads\/2024\/01\/NOVOLOGOFADESPlaranjaH.png","width":2742,"height":839,"caption":"FADESP"},"image":{"@id":"https:\/\/portalfadesp.org.br\/#\/schema\/logo\/image\/"},"sameAs":["https:\/\/www.facebook.com\/Fadesp-138351949524662\/","https:\/\/x.com\/Fadesp","https:\/\/www.instagram.com\/fadesp_ufpa\/","https:\/\/www.youtube.com\/@fundacaodeamparoedesenvolv1903","https:\/\/www.threads.net\/@fadesp_ufpa"]},{"@type":"Person","@id":"https:\/\/portalfadesp.org.br\/#\/schema\/person\/c1fa9db0c87dc412d1568e0e5e27be9c","name":"Lorena Filgueiras","image":{"@type":"ImageObject","inLanguage":"pt-BR","@id":"https:\/\/portalfadesp.org.br\/#\/schema\/person\/image\/","url":"https:\/\/secure.gravatar.com\/avatar\/37390a2dfe1325c2917fc5f6df471abe8ab753cf23b2d14690f57bd61ab4b7cf?s=96&d=mm&r=g","contentUrl":"https:\/\/secure.gravatar.com\/avatar\/37390a2dfe1325c2917fc5f6df471abe8ab753cf23b2d14690f57bd61ab4b7cf?s=96&d=mm&r=g","caption":"Lorena Filgueiras"},"url":"https:\/\/portalfadesp.org.br\/?author=11"}]}},"_links":{"self":[{"href":"https:\/\/portalfadesp.org.br\/index.php?rest_route=\/wp\/v2\/posts\/4782","targetHints":{"allow":["GET"]}}],"collection":[{"href":"https:\/\/portalfadesp.org.br\/index.php?rest_route=\/wp\/v2\/posts"}],"about":[{"href":"https:\/\/portalfadesp.org.br\/index.php?rest_route=\/wp\/v2\/types\/post"}],"author":[{"embeddable":true,"href":"https:\/\/portalfadesp.org.br\/index.php?rest_route=\/wp\/v2\/users\/11"}],"replies":[{"embeddable":true,"href":"https:\/\/portalfadesp.org.br\/index.php?rest_route=%2Fwp%2Fv2%2Fcomments&post=4782"}],"version-history":[{"count":5,"href":"https:\/\/portalfadesp.org.br\/index.php?rest_route=\/wp\/v2\/posts\/4782\/revisions"}],"predecessor-version":[{"id":37796,"href":"https:\/\/portalfadesp.org.br\/index.php?rest_route=\/wp\/v2\/posts\/4782\/revisions\/37796"}],"wp:featuredmedia":[{"embeddable":true,"href":"https:\/\/portalfadesp.org.br\/index.php?rest_route=\/wp\/v2\/media\/4783"}],"wp:attachment":[{"href":"https:\/\/portalfadesp.org.br\/index.php?rest_route=%2Fwp%2Fv2%2Fmedia&parent=4782"}],"wp:term":[{"taxonomy":"category","embeddable":true,"href":"https:\/\/portalfadesp.org.br\/index.php?rest_route=%2Fwp%2Fv2%2Fcategories&post=4782"},{"taxonomy":"post_tag","embeddable":true,"href":"https:\/\/portalfadesp.org.br\/index.php?rest_route=%2Fwp%2Fv2%2Ftags&post=4782"}],"curies":[{"name":"wp","href":"https:\/\/api.w.org\/{rel}","templated":true}]}}